{"id":30551,"date":"2024-08-30T14:09:10","date_gmt":"2024-08-30T12:09:10","guid":{"rendered":"https:\/\/www.grandsformats.com\/?p=30551"},"modified":"2024-09-03T16:40:45","modified_gmt":"2024-09-03T14:40:45","slug":"ok-boomer-le-27-septembre-au-jazz-festival-leibnitz-aut","status":"publish","type":"post","link":"https:\/\/www.grandsformats.com\/en\/2024\/08\/ok-boomer-le-27-septembre-au-jazz-festival-leibnitz-aut\/","title":{"rendered":"OK BOOMER le 27 septembre au Jazz Festival Leibnitz (AUT)"},"content":{"rendered":"<p>Depuis bient\u00f4t 30 ans, l\u2019orchestre Tous Dehors, men\u00e9 par Laurent Dehors, propose un renouvellement perp\u00e9tuel de sa musique, repoussant sans cesse les limites de l\u2019inventivit\u00e9. Ce foisonnement musical est servi par une \u00e9quipe de musiciennes et musiciens tr\u00e8s talentueux aux parcours divers, pr\u00eats \u00e0 suivre Laurent Dehors dans les coins les plus audacieux de la cr\u00e9ation. \u00c0 la fois libre et ma\u00eetris\u00e9e, exigeante et jubilatoire, personnelle et nourrie d\u2019influences diverses (jazz, rock, musique savante et traditionnelle), les compositions donnent \u00e0 l\u2019orchestre une couleur sans pareil et r\u00e9solument ancr\u00e9e dans son \u00e9poque. La nouvelle mouture de Tous Dehors a pour vocation de poursuivre ce parcours en devenir, avec une \u00e9quipe r\u00e9unissant des jeunes, des vieux, des filles, des gars.<\/p>\n<p><strong>Distribution:<\/strong><br \/>\nChristian Altehulshorst (Allemagne), trompette\/ Celine Bonacina, saxophones\/ Laurent Dehors, composition, direction, saxophones, clarinettes, harmonica et cornemuse\/ Rose Dehors, flute a bec, trombone et sacqueboute\/ Matthew Bourne, piano\/ Jo\u00ebl Chausse, trompette\/ Eliot Foltz, percussions clavier et \u00e9lectronique\/ Gabriel Gosse, guitare 7 cordes et banjo\/ Fanny Martin, flute, flute basse et piccolo\/ Michel Massot (Belgique), tuba, trombone et euphonium\/ Christelle Raquillet, flutes et Piccolo\/ Franck Vaillant, batterie et batterie \u00e9lectronique\/ Juan Villarroel (Chili), contrebasse et basse \u00e9lectrique<\/p>\n<p><strong>Rendez-vous le 27 septembre 2024 \u00e0 21h30 pour le concert OK BOOMER au\u00a0Jazz Festival Leibnitz en Autriche !<\/strong><\/p>\n<p><span style=\"text-decoration: underline;\"><strong><a href=\"https:\/\/jazzfestivalleibnitz.at\/act\/laurent-dehors-tous-dehors-ok-boomer\/\">&gt; Plus d&#8217;infos<\/a><\/strong><\/span><\/p>\n<p><span style=\"font-size: 10pt;\">\u00a9 Loic Seron<\/span><\/p>\n","protected":false},"excerpt":{"rendered":"<p>Depuis bient\u00f4t 30 ans, l\u2019orchestre Tous Dehors, men\u00e9 par Laurent Dehors, propose un renouvellement perp\u00e9tuel de sa musique, repoussant sans cesse les limites de l\u2019inventivit\u00e9. Ce foisonnement musical est servi par une \u00e9quipe de musiciennes et musiciens tr\u00e8s talentueux aux parcours divers, pr\u00eats \u00e0 suivre Laurent Dehors dans les coins les plus audacieux de la&#8230;<\/p>\n<p><a rel=\"bookmark\" class=\"theme-button-text wvc-button wvc-button-size-xs\" href=\"https:\/\/www.grandsformats.com\/en\/2024\/08\/ok-boomer-le-27-septembre-au-jazz-festival-leibnitz-aut\/\"><small class=\"wvc-button-background-fill\"><\/small><span>Continue reading<\/span><\/a><\/p>\n","protected":false},"author":161,"featured_media":30552,"comment_status":"open","ping_status":"open","sticky":false,"template":"","format":"standard","meta":{"_acf_changed":false,"footnotes":""},"categories":[95,1052],"tags":[],"class_list":["post-30551","post","type-post","status-publish","format-standard","has-post-thumbnail","hentry","category-membres","category-tous-dehors","entry-post-skin-light","entry","clearfix","entry-grid","entry-columns-default","entry-post-module-layout-sidebar-right","thumbnail-color-tone-dark","metro-landscape","entry-post","entry-masonry","entry-post-masonry"],"acf":[],"yoast_head":"<!-- This site is optimized with the Yoast SEO plugin v25.8 - https:\/\/yoast.com\/wordpress\/plugins\/seo\/ -->\n<title>OK BOOMER le 27 septembre au Jazz Festival Leibnitz (AUT) - Site officiel de la f\u00e9d\u00e9ration Grands Formats<\/title>\n<meta name=\"description\" content=\"Depuis bient\u00f4t 30 ans, l\u2019orchestre Tous Dehors, men\u00e9 par Laurent Dehors, propose un renouvellement perp\u00e9tuel de sa musique\" \/>\n<meta name=\"robots\" content=\"index, follow, max-snippet:-1, max-image-preview:large, max-video-preview:-1\" \/>\n<link rel=\"canonical\" href=\"https:\/\/www.grandsformats.com\/2024\/08\/ok-boomer-le-27-septembre-au-jazz-festival-leibnitz-aut\/\" \/>\n<meta property=\"og:locale\" content=\"en_US\" \/>\n<meta property=\"og:type\" content=\"article\" \/>\n<meta property=\"og:title\" content=\"OK BOOMER le 27 septembre au Jazz Festival Leibnitz (AUT) - Site officiel de la f\u00e9d\u00e9ration Grands Formats\" \/>\n<meta property=\"og:description\" content=\"Depuis bient\u00f4t 30 ans, l\u2019orchestre Tous Dehors, men\u00e9 par Laurent Dehors, propose un renouvellement perp\u00e9tuel de sa musique\" \/>\n<meta property=\"og:url\" content=\"https:\/\/www.grandsformats.com\/2024\/08\/ok-boomer-le-27-septembre-au-jazz-festival-leibnitz-aut\/\" \/>\n<meta property=\"og:site_name\" content=\"Site officiel de la f\u00e9d\u00e9ration Grands Formats\" \/>\n<meta property=\"article:publisher\" content=\"https:\/\/www.facebook.com\/grandsformats\/\" \/>\n<meta property=\"article:published_time\" content=\"2024-08-30T12:09:10+00:00\" \/>\n<meta property=\"article:modified_time\" content=\"2024-09-03T14:40:45+00:00\" \/>\n<meta property=\"og:image\" content=\"https:\/\/www.grandsformats.com\/wp-content\/uploads\/2024\/08\/bannerCopyright-Loic-Seron-1024x575.jpg\" \/>\n\t<meta property=\"og:image:width\" content=\"1024\" \/>\n\t<meta property=\"og:image:height\" content=\"575\" \/>\n\t<meta property=\"og:image:type\" content=\"image\/jpeg\" \/>\n<meta name=\"author\" content=\"Laura Hanequand - Grands Formats\" \/>\n<meta name=\"twitter:card\" content=\"summary_large_image\" \/>\n<meta name=\"twitter:creator\" content=\"@GrandsFormatsGF\" \/>\n<meta name=\"twitter:site\" content=\"@GrandsFormatsGF\" \/>\n<meta name=\"twitter:label1\" content=\"Written by\" \/>\n\t<meta name=\"twitter:data1\" content=\"Laura Hanequand - Grands Formats\" \/>\n\t<meta name=\"twitter:label2\" content=\"Est. reading time\" \/>\n\t<meta name=\"twitter:data2\" content=\"2 minutes\" \/>\n<script type=\"application\/ld+json\" class=\"yoast-schema-graph\">{\"@context\":\"https:\/\/schema.org\",\"@graph\":[{\"@type\":\"Article\",\"@id\":\"https:\/\/www.grandsformats.com\/2024\/08\/ok-boomer-le-27-septembre-au-jazz-festival-leibnitz-aut\/#article\",\"isPartOf\":{\"@id\":\"https:\/\/www.grandsformats.com\/2024\/08\/ok-boomer-le-27-septembre-au-jazz-festival-leibnitz-aut\/\"},\"author\":{\"name\":\"Laura Hanequand - Grands Formats\",\"@id\":\"https:\/\/www.grandsformats.com\/#\/schema\/person\/56c2866069b6967b2c7becd25c9b4dbb\"},\"headline\":\"OK BOOMER le 27 septembre au Jazz Festival Leibnitz (AUT)\",\"datePublished\":\"2024-08-30T12:09:10+00:00\",\"dateModified\":\"2024-09-03T14:40:45+00:00\",\"mainEntityOfPage\":{\"@id\":\"https:\/\/www.grandsformats.com\/2024\/08\/ok-boomer-le-27-septembre-au-jazz-festival-leibnitz-aut\/\"},\"wordCount\":234,\"commentCount\":0,\"publisher\":{\"@id\":\"https:\/\/www.grandsformats.com\/#organization\"},\"image\":{\"@id\":\"https:\/\/www.grandsformats.com\/2024\/08\/ok-boomer-le-27-septembre-au-jazz-festival-leibnitz-aut\/#primaryimage\"},\"thumbnailUrl\":\"https:\/\/www.grandsformats.com\/wp-content\/uploads\/2024\/08\/bannerCopyright-Loic-Seron.jpg\",\"articleSection\":[\"Actus des membres\",\"Tous Dehors\"],\"inLanguage\":\"en-US\",\"potentialAction\":[{\"@type\":\"CommentAction\",\"name\":\"Comment\",\"target\":[\"https:\/\/www.grandsformats.com\/2024\/08\/ok-boomer-le-27-septembre-au-jazz-festival-leibnitz-aut\/#respond\"]}]},{\"@type\":\"WebPage\",\"@id\":\"https:\/\/www.grandsformats.com\/2024\/08\/ok-boomer-le-27-septembre-au-jazz-festival-leibnitz-aut\/\",\"url\":\"https:\/\/www.grandsformats.com\/2024\/08\/ok-boomer-le-27-septembre-au-jazz-festival-leibnitz-aut\/\",\"name\":\"OK BOOMER le 27 septembre au Jazz Festival Leibnitz (AUT) - Site officiel de la f\u00e9d\u00e9ration Grands Formats\",\"isPartOf\":{\"@id\":\"https:\/\/www.grandsformats.com\/#website\"},\"primaryImageOfPage\":{\"@id\":\"https:\/\/www.grandsformats.com\/2024\/08\/ok-boomer-le-27-septembre-au-jazz-festival-leibnitz-aut\/#primaryimage\"},\"image\":{\"@id\":\"https:\/\/www.grandsformats.com\/2024\/08\/ok-boomer-le-27-septembre-au-jazz-festival-leibnitz-aut\/#primaryimage\"},\"thumbnailUrl\":\"https:\/\/www.grandsformats.com\/wp-content\/uploads\/2024\/08\/bannerCopyright-Loic-Seron.jpg\",\"datePublished\":\"2024-08-30T12:09:10+00:00\",\"dateModified\":\"2024-09-03T14:40:45+00:00\",\"description\":\"Depuis bient\u00f4t 30 ans, l\u2019orchestre Tous Dehors, men\u00e9 par Laurent Dehors, propose un renouvellement perp\u00e9tuel de sa musique\",\"breadcrumb\":{\"@id\":\"https:\/\/www.grandsformats.com\/2024\/08\/ok-boomer-le-27-septembre-au-jazz-festival-leibnitz-aut\/#breadcrumb\"},\"inLanguage\":\"en-US\",\"potentialAction\":[{\"@type\":\"ReadAction\",\"target\":[\"https:\/\/www.grandsformats.com\/2024\/08\/ok-boomer-le-27-septembre-au-jazz-festival-leibnitz-aut\/\"]}]},{\"@type\":\"ImageObject\",\"inLanguage\":\"en-US\",\"@id\":\"https:\/\/www.grandsformats.com\/2024\/08\/ok-boomer-le-27-septembre-au-jazz-festival-leibnitz-aut\/#primaryimage\",\"url\":\"https:\/\/www.grandsformats.com\/wp-content\/uploads\/2024\/08\/bannerCopyright-Loic-Seron.jpg\",\"contentUrl\":\"https:\/\/www.grandsformats.com\/wp-content\/uploads\/2024\/08\/bannerCopyright-Loic-Seron.jpg\",\"width\":1920,\"height\":1079,\"caption\":\"Tous dehors \u00a9 Loic Seron\"},{\"@type\":\"BreadcrumbList\",\"@id\":\"https:\/\/www.grandsformats.com\/2024\/08\/ok-boomer-le-27-septembre-au-jazz-festival-leibnitz-aut\/#breadcrumb\",\"itemListElement\":[{\"@type\":\"ListItem\",\"position\":1,\"name\":\"Accueil\",\"item\":\"https:\/\/www.grandsformats.com\/en\/\"},{\"@type\":\"ListItem\",\"position\":2,\"name\":\"OK BOOMER le 27 septembre au Jazz Festival Leibnitz (AUT)\"}]},{\"@type\":\"WebSite\",\"@id\":\"https:\/\/www.grandsformats.com\/#website\",\"url\":\"https:\/\/www.grandsformats.com\/\",\"name\":\"Site officiel de la f\u00e9d\u00e9ration Grands Formats\",\"description\":\"F\u00e9d\u00e9ration d&#039;artistes pour la musique en grand !\",\"publisher\":{\"@id\":\"https:\/\/www.grandsformats.com\/#organization\"},\"potentialAction\":[{\"@type\":\"SearchAction\",\"target\":{\"@type\":\"EntryPoint\",\"urlTemplate\":\"https:\/\/www.grandsformats.com\/?s={search_term_string}\"},\"query-input\":{\"@type\":\"PropertyValueSpecification\",\"valueRequired\":true,\"valueName\":\"search_term_string\"}}],\"inLanguage\":\"en-US\"},{\"@type\":\"Organization\",\"@id\":\"https:\/\/www.grandsformats.com\/#organization\",\"name\":\"Grands Formats\",\"url\":\"https:\/\/www.grandsformats.com\/\",\"logo\":{\"@type\":\"ImageObject\",\"inLanguage\":\"en-US\",\"@id\":\"https:\/\/www.grandsformats.com\/#\/schema\/logo\/image\/\",\"url\":\"https:\/\/www.grandsformats.com\/wp-content\/uploads\/2020\/03\/logo-GF-200.png\",\"contentUrl\":\"https:\/\/www.grandsformats.com\/wp-content\/uploads\/2020\/03\/logo-GF-200.png\",\"width\":155,\"height\":200,\"caption\":\"Grands Formats\"},\"image\":{\"@id\":\"https:\/\/www.grandsformats.com\/#\/schema\/logo\/image\/\"},\"sameAs\":[\"https:\/\/www.facebook.com\/grandsformats\/\",\"https:\/\/x.com\/GrandsFormatsGF\",\"https:\/\/www.instagram.com\/grandsformats\/\",\"https:\/\/www.youtube.com\/channel\/UCJ7k9dbqc_DG-nxI3WMPvhw?view_as=subscriberhttps:\/\/www.youtube.com\/channel\/UCJ7k9dbqc_DG-nxI3WMPvhw?view_as=subscriber\"]},{\"@type\":\"Person\",\"@id\":\"https:\/\/www.grandsformats.com\/#\/schema\/person\/56c2866069b6967b2c7becd25c9b4dbb\",\"name\":\"Laura Hanequand - Grands Formats\",\"image\":{\"@type\":\"ImageObject\",\"inLanguage\":\"en-US\",\"@id\":\"https:\/\/www.grandsformats.com\/#\/schema\/person\/image\/\",\"url\":\"https:\/\/secure.gravatar.com\/avatar\/6d52edecb86835c2b7e81a2cdb8965ae325b4045b44f9043177428c622c06643?s=96&d=mm&r=g\",\"contentUrl\":\"https:\/\/secure.gravatar.com\/avatar\/6d52edecb86835c2b7e81a2cdb8965ae325b4045b44f9043177428c622c06643?s=96&d=mm&r=g\",\"caption\":\"Laura Hanequand - Grands Formats\"},\"url\":\"https:\/\/www.grandsformats.com\/en\/author\/lauragrandsformats-com\/\"}]}<\/script>\n<!-- \/ Yoast SEO plugin. -->","yoast_head_json":{"title":"OK BOOMER le 27 septembre au Jazz Festival Leibnitz (AUT) - Site officiel de la f\u00e9d\u00e9ration Grands Formats","description":"Depuis bient\u00f4t 30 ans, l\u2019orchestre Tous Dehors, men\u00e9 par Laurent Dehors, propose un renouvellement perp\u00e9tuel de sa musique","robots":{"index":"index","follow":"follow","max-snippet":"max-snippet:-1","max-image-preview":"max-image-preview:large","max-video-preview":"max-video-preview:-1"},"canonical":"https:\/\/www.grandsformats.com\/2024\/08\/ok-boomer-le-27-septembre-au-jazz-festival-leibnitz-aut\/","og_locale":"en_US","og_type":"article","og_title":"OK BOOMER le 27 septembre au Jazz Festival Leibnitz (AUT) - Site officiel de la f\u00e9d\u00e9ration Grands Formats","og_description":"Depuis bient\u00f4t 30 ans, l\u2019orchestre Tous Dehors, men\u00e9 par Laurent Dehors, propose un renouvellement perp\u00e9tuel de sa musique","og_url":"https:\/\/www.grandsformats.com\/2024\/08\/ok-boomer-le-27-septembre-au-jazz-festival-leibnitz-aut\/","og_site_name":"Site officiel de la f\u00e9d\u00e9ration Grands Formats","article_publisher":"https:\/\/www.facebook.com\/grandsformats\/","article_published_time":"2024-08-30T12:09:10+00:00","article_modified_time":"2024-09-03T14:40:45+00:00","og_image":[{"width":1024,"height":575,"url":"https:\/\/www.grandsformats.com\/wp-content\/uploads\/2024\/08\/bannerCopyright-Loic-Seron-1024x575.jpg","type":"image\/jpeg"}],"author":"Laura Hanequand - Grands Formats","twitter_card":"summary_large_image","twitter_creator":"@GrandsFormatsGF","twitter_site":"@GrandsFormatsGF","twitter_misc":{"Written by":"Laura Hanequand - Grands Formats","Est. reading time":"2 minutes"},"schema":{"@context":"https:\/\/schema.org","@graph":[{"@type":"Article","@id":"https:\/\/www.grandsformats.com\/2024\/08\/ok-boomer-le-27-septembre-au-jazz-festival-leibnitz-aut\/#article","isPartOf":{"@id":"https:\/\/www.grandsformats.com\/2024\/08\/ok-boomer-le-27-septembre-au-jazz-festival-leibnitz-aut\/"},"author":{"name":"Laura Hanequand - Grands Formats","@id":"https:\/\/www.grandsformats.com\/#\/schema\/person\/56c2866069b6967b2c7becd25c9b4dbb"},"headline":"OK BOOMER le 27 septembre au Jazz Festival Leibnitz (AUT)","datePublished":"2024-08-30T12:09:10+00:00","dateModified":"2024-09-03T14:40:45+00:00","mainEntityOfPage":{"@id":"https:\/\/www.grandsformats.com\/2024\/08\/ok-boomer-le-27-septembre-au-jazz-festival-leibnitz-aut\/"},"wordCount":234,"commentCount":0,"publisher":{"@id":"https:\/\/www.grandsformats.com\/#organization"},"image":{"@id":"https:\/\/www.grandsformats.com\/2024\/08\/ok-boomer-le-27-septembre-au-jazz-festival-leibnitz-aut\/#primaryimage"},"thumbnailUrl":"https:\/\/www.grandsformats.com\/wp-content\/uploads\/2024\/08\/bannerCopyright-Loic-Seron.jpg","articleSection":["Actus des membres","Tous Dehors"],"inLanguage":"en-US","potentialAction":[{"@type":"CommentAction","name":"Comment","target":["https:\/\/www.grandsformats.com\/2024\/08\/ok-boomer-le-27-septembre-au-jazz-festival-leibnitz-aut\/#respond"]}]},{"@type":"WebPage","@id":"https:\/\/www.grandsformats.com\/2024\/08\/ok-boomer-le-27-septembre-au-jazz-festival-leibnitz-aut\/","url":"https:\/\/www.grandsformats.com\/2024\/08\/ok-boomer-le-27-septembre-au-jazz-festival-leibnitz-aut\/","name":"OK BOOMER le 27 septembre au Jazz Festival Leibnitz (AUT) - Site officiel de la f\u00e9d\u00e9ration Grands Formats","isPartOf":{"@id":"https:\/\/www.grandsformats.com\/#website"},"primaryImageOfPage":{"@id":"https:\/\/www.grandsformats.com\/2024\/08\/ok-boomer-le-27-septembre-au-jazz-festival-leibnitz-aut\/#primaryimage"},"image":{"@id":"https:\/\/www.grandsformats.com\/2024\/08\/ok-boomer-le-27-septembre-au-jazz-festival-leibnitz-aut\/#primaryimage"},"thumbnailUrl":"https:\/\/www.grandsformats.com\/wp-content\/uploads\/2024\/08\/bannerCopyright-Loic-Seron.jpg","datePublished":"2024-08-30T12:09:10+00:00","dateModified":"2024-09-03T14:40:45+00:00","description":"Depuis bient\u00f4t 30 ans, l\u2019orchestre Tous Dehors, men\u00e9 par Laurent Dehors, propose un renouvellement perp\u00e9tuel de sa musique","breadcrumb":{"@id":"https:\/\/www.grandsformats.com\/2024\/08\/ok-boomer-le-27-septembre-au-jazz-festival-leibnitz-aut\/#breadcrumb"},"inLanguage":"en-US","potentialAction":[{"@type":"ReadAction","target":["https:\/\/www.grandsformats.com\/2024\/08\/ok-boomer-le-27-septembre-au-jazz-festival-leibnitz-aut\/"]}]},{"@type":"ImageObject","inLanguage":"en-US","@id":"https:\/\/www.grandsformats.com\/2024\/08\/ok-boomer-le-27-septembre-au-jazz-festival-leibnitz-aut\/#primaryimage","url":"https:\/\/www.grandsformats.com\/wp-content\/uploads\/2024\/08\/bannerCopyright-Loic-Seron.jpg","contentUrl":"https:\/\/www.grandsformats.com\/wp-content\/uploads\/2024\/08\/bannerCopyright-Loic-Seron.jpg","width":1920,"height":1079,"caption":"Tous dehors \u00a9 Loic Seron"},{"@type":"BreadcrumbList","@id":"https:\/\/www.grandsformats.com\/2024\/08\/ok-boomer-le-27-septembre-au-jazz-festival-leibnitz-aut\/#breadcrumb","itemListElement":[{"@type":"ListItem","position":1,"name":"Accueil","item":"https:\/\/www.grandsformats.com\/en\/"},{"@type":"ListItem","position":2,"name":"OK BOOMER le 27 septembre au Jazz Festival Leibnitz (AUT)"}]},{"@type":"WebSite","@id":"https:\/\/www.grandsformats.com\/#website","url":"https:\/\/www.grandsformats.com\/","name":"Site officiel de la f\u00e9d\u00e9ration Grands Formats","description":"F\u00e9d\u00e9ration d&#039;artistes pour la musique en grand !","publisher":{"@id":"https:\/\/www.grandsformats.com\/#organization"},"potentialAction":[{"@type":"SearchAction","target":{"@type":"EntryPoint","urlTemplate":"https:\/\/www.grandsformats.com\/?s={search_term_string}"},"query-input":{"@type":"PropertyValueSpecification","valueRequired":true,"valueName":"search_term_string"}}],"inLanguage":"en-US"},{"@type":"Organization","@id":"https:\/\/www.grandsformats.com\/#organization","name":"Grands Formats","url":"https:\/\/www.grandsformats.com\/","logo":{"@type":"ImageObject","inLanguage":"en-US","@id":"https:\/\/www.grandsformats.com\/#\/schema\/logo\/image\/","url":"https:\/\/www.grandsformats.com\/wp-content\/uploads\/2020\/03\/logo-GF-200.png","contentUrl":"https:\/\/www.grandsformats.com\/wp-content\/uploads\/2020\/03\/logo-GF-200.png","width":155,"height":200,"caption":"Grands Formats"},"image":{"@id":"https:\/\/www.grandsformats.com\/#\/schema\/logo\/image\/"},"sameAs":["https:\/\/www.facebook.com\/grandsformats\/","https:\/\/x.com\/GrandsFormatsGF","https:\/\/www.instagram.com\/grandsformats\/","https:\/\/www.youtube.com\/channel\/UCJ7k9dbqc_DG-nxI3WMPvhw?view_as=subscriberhttps:\/\/www.youtube.com\/channel\/UCJ7k9dbqc_DG-nxI3WMPvhw?view_as=subscriber"]},{"@type":"Person","@id":"https:\/\/www.grandsformats.com\/#\/schema\/person\/56c2866069b6967b2c7becd25c9b4dbb","name":"Laura Hanequand - Grands Formats","image":{"@type":"ImageObject","inLanguage":"en-US","@id":"https:\/\/www.grandsformats.com\/#\/schema\/person\/image\/","url":"https:\/\/secure.gravatar.com\/avatar\/6d52edecb86835c2b7e81a2cdb8965ae325b4045b44f9043177428c622c06643?s=96&d=mm&r=g","contentUrl":"https:\/\/secure.gravatar.com\/avatar\/6d52edecb86835c2b7e81a2cdb8965ae325b4045b44f9043177428c622c06643?s=96&d=mm&r=g","caption":"Laura Hanequand - Grands Formats"},"url":"https:\/\/www.grandsformats.com\/en\/author\/lauragrandsformats-com\/"}]}},"_links":{"self":[{"href":"https:\/\/www.grandsformats.com\/en\/wp-json\/wp\/v2\/posts\/30551","targetHints":{"allow":["GET"]}}],"collection":[{"href":"https:\/\/www.grandsformats.com\/en\/wp-json\/wp\/v2\/posts"}],"about":[{"href":"https:\/\/www.grandsformats.com\/en\/wp-json\/wp\/v2\/types\/post"}],"author":[{"embeddable":true,"href":"https:\/\/www.grandsformats.com\/en\/wp-json\/wp\/v2\/users\/161"}],"replies":[{"embeddable":true,"href":"https:\/\/www.grandsformats.com\/en\/wp-json\/wp\/v2\/comments?post=30551"}],"version-history":[{"count":2,"href":"https:\/\/www.grandsformats.com\/en\/wp-json\/wp\/v2\/posts\/30551\/revisions"}],"predecessor-version":[{"id":30601,"href":"https:\/\/www.grandsformats.com\/en\/wp-json\/wp\/v2\/posts\/30551\/revisions\/30601"}],"wp:featuredmedia":[{"embeddable":true,"href":"https:\/\/www.grandsformats.com\/en\/wp-json\/wp\/v2\/media\/30552"}],"wp:attachment":[{"href":"https:\/\/www.grandsformats.com\/en\/wp-json\/wp\/v2\/media?parent=30551"}],"wp:term":[{"taxonomy":"category","embeddable":true,"href":"https:\/\/www.grandsformats.com\/en\/wp-json\/wp\/v2\/categories?post=30551"},{"taxonomy":"post_tag","embeddable":true,"href":"https:\/\/www.grandsformats.com\/en\/wp-json\/wp\/v2\/tags?post=30551"}],"curies":[{"name":"wp","href":"https:\/\/api.w.org\/{rel}","templated":true}]}}