{"id":30396,"date":"2024-07-16T10:02:26","date_gmt":"2024-07-16T08:02:26","guid":{"rendered":"https:\/\/www.grandsformats.com\/?p=30396"},"modified":"2024-07-16T10:02:26","modified_gmt":"2024-07-16T08:02:26","slug":"un-debut-d-ete-pluvieux","status":"publish","type":"post","link":"https:\/\/www.grandsformats.com\/en\/2024\/07\/un-debut-d-ete-pluvieux\/","title":{"rendered":"Un d\u00e9but d\u2019\u00e9t\u00e9 pluvieux"},"content":{"rendered":"<p><span style=\"font-size: 14pt;\"><strong>Moiti\u00e9 Nord<\/strong><\/span><\/p>\n<p>Le lundi 10 juin \u00e0 9h30, Grands Formats \u00e9tait invit\u00e9e \u00e0 la Philharmonie de Paris \u00e0 une concertation sur l\u2019improvisation initi\u00e9e par la Ministre de la Culture. Sans surprise, Mme Dati ne s\u2019est pas d\u00e9plac\u00e9e et n\u2019a pas prononc\u00e9 de discours introductif de la journ\u00e9e. En effet, la soir\u00e9e \u00e9lectorale de la veille avait d\u00fb \u00eatre difficile. Finalement, parler d\u2019improvisation \u00e9tait d\u2019actualit\u00e9 ; j\u2019ai piqu\u00e9 la plaisanterie directement \u00e0 l\u2019intervenant principal, Andr\u00e9 Manoukian, charg\u00e9 par Mme la Ministre de mener cette concertation. Une concertation \u00e0 suivre, largement monopolis\u00e9e par l\u2019improvisation g\u00e9n\u00e9rative du CNSMDP mais \u00e0 suivre tout de m\u00eame, si notre ministre reste en poste \u2026<\/p>\n<p>Puis, tout le mois de juin, le monde de la culture, mais pas seulement, est rest\u00e9 suspendu \u00e0 l\u2019attente des \u00e9lections l\u00e9gislatives. Succession de prises de parole dans les concerts, de la Philharmonie \u00e0 certains festivals de jazz, rassemblements sur le parvis de la Villette, contributions de syndicats, de f\u00e9d\u00e9rations, mais aussi des d\u00e9bats sur la n\u00e9cessit\u00e9 de ces prises de parole, sur ce qu\u2019on peut dire, s\u2019il faut donner des consignes de vote.<\/p>\n<p>Certains avaient l\u2019impression de vivre leurs derniers concerts c\u00f4t\u00e9 public, leur dernier cachet d\u2019intermittent c\u00f4t\u00e9 artistes, le tout accompagn\u00e9 d\u2019une campagne m\u00e9diatique d\u00e9l\u00e9t\u00e8re et anxiog\u00e8ne.<\/p>\n<p>En parall\u00e8le, des rendez-vous lunaires avec des institutions paralys\u00e9es, et des \u00ab\u00a0on verra le 7 juillet, et encore\u00a0\u00bb\u2026<\/p>\n<p><span style=\"font-size: 14pt;\"><strong>Solstice d\u2019\u00e9t\u00e9<\/strong><\/span><\/p>\n<p>Le 21 juin, une pr\u00e9sentation du bilan du CNM dans l\u2019arrondissement de Mme Dati nous a permis une rencontre \u00e9clair avec notre ministre, entre deux petits fours, plut\u00f4t d\u00e9magogique et sans aucune allusion \u00e0 l\u2019actualit\u00e9, si ce n\u2019est la d\u00e9couverte de sa part que les \u00ab gauchistes \u00bb de la culture qu\u2019elle d\u00e9couvre depuis sa nomination le 11 janvier 2024, ne sont pas si \u00ab \u00e9nerv\u00e9s \u00bb. Peu de contenu donc, devoir de r\u00e9serve oblige, le tout au milieu d\u2019un \u00e9loge de la diversit\u00e9 artistique proclam\u00e9e par le CNM, que nous souhaiterions voir se concr\u00e9tiser, au del\u00e0 des <span style=\"text-decoration: underline;\"><strong><a href=\"https:\/\/cnm.fr\/wp-content\/uploads\/2024\/06\/CNM_CP_Panorama-Diversite-2023.pdf\">chiffres publi\u00e9s<\/a><\/strong><\/span>, dans la r\u00e9forme de ses programmes d\u2019aide pour 2025. De notre point de vue, nous consid\u00e9rons que les crit\u00e8res des aides concernant les \u00e9quipes artistiques ne sont pas favorables. Les groupes de travail sont en cours, et je rappelle que Grands Formats n\u2019y a pas \u00e9t\u00e9 associ\u00e9, ni les autres f\u00e9d\u00e9rations (FEVIS, Futurs Compos\u00e9s) d\u2019ailleurs. Nous nous adressons donc sagement aux syndicats qui repr\u00e9sentent nos ensembles ou leurs salari\u00e9s (Profedim, SMA, Snam-CGT) et leur faisons confiance.<\/p>\n<p><span style=\"font-size: 14pt;\"><strong>Moiti\u00e9 Sud<\/strong><\/span><\/p>\n<p>Et puis, ce 7 juillet est arriv\u00e9, avec un relatif soulagement, tout au moins id\u00e9ologique. Grands Formats se d\u00e9pla\u00e7ait d\u00e8s le 8 juillet \u00e0 Aix en Provence pour la rencontre Accord Majeur, qui avait chamboul\u00e9 son programme en pr\u00e9vision de ce calendrier.<\/p>\n<p>Ma contribution aura \u00e9t\u00e9 de rappeler que le monde du jazz de cr\u00e9ation partageait avec le monde du classique un certain nombre de contraintes, et aussi de rappeler la place, pr\u00e9pond\u00e9rante, de l\u2019artiste dans cette cha\u00eene, de l\u2019\u0153uvre \u00e0 la diffusion en passant par l\u2019action culturelle.<\/p>\n<p>Un certain nombre de questions ont eu le m\u00e9rite d\u2019\u00eatre pos\u00e9es, notamment celle qui interroge sur la possible bulle hors sol de nos m\u00e9tiers, d\u00e9connect\u00e9s des autres cultures, du public, et surtout du non-public, celui qui ne vient jamais \u00e0 un concert d\u2019une structure ou d\u2019une \u00e9quipe subventionn\u00e9e. Et puis, faut-il travailler avec des \u00e9lus RN, et surtout, les \u00e9lecteurs du RN \u00e9tant in\u00e9vitablement dans les salles de spectacle, comment les prendre en compte ? Il a ainsi \u00e9t\u00e9 question de libert\u00e9 de programmation, d\u2019auto-censure. J\u2019ai surtout retenu cette notion de responsabilit\u00e9 des programmateurs, et surtout celle de la responsabilit\u00e9 de la diversit\u00e9 qu\u2019ont les diffuseurs. \u00c0 eux de l\u2019entretenir et de la favoriser : diversit\u00e9 des \u00e9critures, des niveaux de d\u00e9veloppement et travail sur le territoire.<\/p>\n<p>La rencontre s\u2019est termin\u00e9e avec <span style=\"text-decoration: underline;\"><strong><a href=\"https:\/\/www.accordmajeur.net\/presse-2024\/\">un appel au gouvernement<\/a><\/strong><\/span>, en place ou futur, \u00e0 s\u2019engager sur quelques points, dont le maintien d\u2019un minist\u00e8re de la Culture fort et dot\u00e9 d\u2019un vrai budget pour d\u00e9fendre la cr\u00e9ation musicale. Les prochains jours devraient nous montrer si, oui ou non, ce gouvernement prend en compte le r\u00e9sultat de l\u2019\u00e9lection l\u00e9gislative, et donc, finalement, nous restons toujours suspendus \u00e0 l\u2019actualit\u00e9.<\/p>\n<p>Le soulagement du 7 juillet ne doit pas nous faire oublier les derni\u00e8res ann\u00e9es qui ont \u00e9t\u00e9 toutes plus dures que les pr\u00e9c\u00e9dentes. N\u2019oublions pas les budgets vot\u00e9s fin d\u00e9cembre et les 100 millions de coupe budg\u00e9taire (programme cr\u00e9ation de la DGCA) en f\u00e9vrier, la m\u00eame coupe est d\u2019ailleurs pr\u00e9vue en 2025. N\u2019oublions pas <span style=\"text-decoration: underline;\"><strong><a href=\"https:\/\/www.liberation.fr\/culture\/scenes\/une-etude-prevoit-une-inquietante-chute-dun-quart-des-representations-dans-le-spectacle-vivant-pour-la-saison-2024-2025-20240628_XV6CBQVURRDJ3FGSJCFPJDACJA\/?redirected=1\">les perspectives pessimistes de la diffusion en 24\/25<\/a><\/strong><\/span>.<br \/>\nDonc n\u2019ayons pas trop le sentiment d\u2019avoir gagn\u00e9 quelque chose, si ce n\u2019est d\u2019avoir \u00e9vit\u00e9 le pire, le chemin suivi est bien le m\u00eame pour l\u2019instant.<\/p>\n<p>L\u2019\u00e9quipe de Grands Formats s\u2019est ensuite rendue \u00e0 Avignon afin d\u2019organiser une \u00e9bauche d\u2019un temps fort Grands Formats pendant le festival d\u2019Avignon, en plus de la Rentr\u00e9e Grands Formats, qui aurait vocation \u00e0 \u00eatre poursuivi les prochaines ann\u00e9es. Sous la forme d\u2019une soir\u00e9e \u00ab Collision Collective \u00bb, en partenariat avec l\u2019AJMI, trois concerts ont eu lieu, mettant en lumi\u00e8re trois collectifs adh\u00e9rents, dont Onze Heures Onze, Na\u00ef No Production et le Collectif Pousse-Pousse.<\/p>\n<p>Une exp\u00e9rience positive, un partenariat de qualit\u00e9, et une fr\u00e9quentation honorable nous encouragent \u00e0 tenter de p\u00e9renniser ce rendez-vous. Un moment de rencontre professionnelle devra \u00eatre imagin\u00e9, \u00e0 l\u2019image de celle de la FEVIS, \u00e0 laquelle nous nous sommes rendus le lendemain, \u00e0 la collection Lambert \u00e0 Avignon toujours.<br \/>\nUne table ronde \u00e9tait organis\u00e9e sur un sujet que nous allons traiter en novembre lors de la Rentr\u00e9e Grands Formats : un parall\u00e8le entre le label Art et Essai du monde du cin\u00e9ma, et la possibilit\u00e9 de le transposer au monde de la musique de cr\u00e9ation, en s\u2019inspirant de certains crit\u00e8res, notamment l\u2019innovation et la prise de risque artistique.<\/p>\n<p>Si le CNM \u00e9tait invit\u00e9 \u00e0 contribuer \u00e0 ce label, au meme titre que le fait le CNC pour le cin\u00e9ma, cela impliquerait \u00e0 mon sens de donner aux commissions du CNM un peu d\u2019expertise artistique, ce qui n\u2019existe pas encore aujourd\u2019hui, les crit\u00e8res des commissions \u00e9tant uniquement \u00e9conomiques. C\u2019est \u00e0 mon avis une cl\u00e9 pour assurer sa mission de promotion de la diversit\u00e9 artistique. Selon le pr\u00e9sident du CNM, ces r\u00e9flexions sur l\u2019Art et Essai sont pr\u00e9matur\u00e9es mais int\u00e9ressantes. Elles ont \u00e9t\u00e9 imagin\u00e9es au CNC il y a quasiment 70 ans. Une diff\u00e9rence majeure toutefois, est que dans le cadre d\u2019un label de ce type, il faudrait cr\u00e9er des aides qui s\u2019adressent aux artistes, et pas seulement aux diffuseurs.<\/p>\n<p>Cette table ronde professionnelle a \u00e9t\u00e9 l\u2019occasion d&#8217;approcher la Spedidam et Adami, et d\u2019imaginer de futures rencontres avec nos adh\u00e9rents afin de parler des aides (les suites de l\u2019arr\u00eat Raap de la Cour de Justice Europ\u00e9enne et la baisse de la copie priv\u00e9e), mais aussi des perceptions et des r\u00e9partitions.<\/p>\n<p>Un d\u00e9but d\u2019\u00e9t\u00e9 o\u00f9 finalement, il n\u2019a pas \u00e9t\u00e9 question que de pluie et de beau temps\u2026<\/p>\n<div class=\"entry-content clearfix\">\n<p><strong>Par Alexandre Herer, pr\u00e9sident de Grands Formats, pour Onze Heures Onze.<\/strong><\/p>\n<\/div>\n","protected":false},"excerpt":{"rendered":"<p>Moiti\u00e9 Nord Le lundi 10 juin \u00e0 9h30, Grands Formats \u00e9tait invit\u00e9e \u00e0 la Philharmonie de Paris \u00e0 une concertation sur l\u2019improvisation initi\u00e9e par la Ministre de la Culture. Sans surprise, Mme Dati ne s\u2019est pas d\u00e9plac\u00e9e et n\u2019a pas prononc\u00e9 de discours introductif de la journ\u00e9e. En effet, la soir\u00e9e \u00e9lectorale de la veille&#8230;<\/p>\n<p><a rel=\"bookmark\" class=\"theme-button-text wvc-button wvc-button-size-xs\" href=\"https:\/\/www.grandsformats.com\/en\/2024\/07\/un-debut-d-ete-pluvieux\/\"><small class=\"wvc-button-background-fill\"><\/small><span>Continue reading<\/span><\/a><\/p>\n","protected":false},"author":161,"featured_media":30397,"comment_status":"open","ping_status":"open","sticky":false,"template":"","format":"standard","meta":{"_acf_changed":false,"footnotes":""},"categories":[90,862,224],"tags":[],"class_list":["post-30396","post","type-post","status-publish","format-standard","has-post-thumbnail","hentry","category-grands-formats","category-onze-heures-onze","category-tribunes","entry-post-skin-light","entry","clearfix","entry-grid","entry-columns-default","entry-post-module-layout-sidebar-right","thumbnail-color-tone-dark","metro-landscape","entry-post","entry-masonry","entry-post-masonry"],"acf":[],"yoast_head":"<!-- This site is optimized with the Yoast SEO plugin v25.8 - https:\/\/yoast.com\/wordpress\/plugins\/seo\/ -->\n<title>Un d\u00e9but d\u2019\u00e9t\u00e9 pluvieux - Site officiel de la f\u00e9d\u00e9ration Grands Formats<\/title>\n<meta name=\"description\" content=\"Le lundi 10 juin \u00e0 9h30, Grands Formats \u00e9tait invit\u00e9 \u00e0 la Philharmonie de Paris \u00e0 une concertation sur l\u2019improvisation...\" \/>\n<meta name=\"robots\" content=\"index, follow, max-snippet:-1, max-image-preview:large, max-video-preview:-1\" \/>\n<link rel=\"canonical\" href=\"https:\/\/www.grandsformats.com\/2024\/07\/un-debut-d-ete-pluvieux\/\" \/>\n<meta property=\"og:locale\" content=\"en_US\" \/>\n<meta property=\"og:type\" content=\"article\" \/>\n<meta property=\"og:title\" content=\"Un d\u00e9but d\u2019\u00e9t\u00e9 pluvieux - Site officiel de la f\u00e9d\u00e9ration Grands Formats\" \/>\n<meta property=\"og:description\" content=\"Le lundi 10 juin \u00e0 9h30, Grands Formats \u00e9tait invit\u00e9 \u00e0 la Philharmonie de Paris \u00e0 une concertation sur l\u2019improvisation...\" \/>\n<meta property=\"og:url\" content=\"https:\/\/www.grandsformats.com\/2024\/07\/un-debut-d-ete-pluvieux\/\" \/>\n<meta property=\"og:site_name\" content=\"Site officiel de la f\u00e9d\u00e9ration Grands Formats\" \/>\n<meta property=\"article:publisher\" content=\"https:\/\/www.facebook.com\/grandsformats\/\" \/>\n<meta property=\"article:published_time\" content=\"2024-07-16T08:02:26+00:00\" \/>\n<meta property=\"og:image\" content=\"https:\/\/www.grandsformats.com\/wp-content\/uploads\/2024\/07\/169Alex_herer.jpg\" \/>\n\t<meta property=\"og:image:width\" content=\"1920\" \/>\n\t<meta property=\"og:image:height\" content=\"1080\" \/>\n\t<meta property=\"og:image:type\" content=\"image\/jpeg\" \/>\n<meta name=\"author\" content=\"Laura Hanequand - Grands Formats\" \/>\n<meta name=\"twitter:card\" content=\"summary_large_image\" \/>\n<meta name=\"twitter:creator\" content=\"@GrandsFormatsGF\" \/>\n<meta name=\"twitter:site\" content=\"@GrandsFormatsGF\" \/>\n<meta name=\"twitter:label1\" content=\"Written by\" \/>\n\t<meta name=\"twitter:data1\" content=\"Laura Hanequand - Grands Formats\" \/>\n\t<meta name=\"twitter:label2\" content=\"Est. reading time\" \/>\n\t<meta name=\"twitter:data2\" content=\"7 minutes\" \/>\n<script type=\"application\/ld+json\" class=\"yoast-schema-graph\">{\"@context\":\"https:\/\/schema.org\",\"@graph\":[{\"@type\":\"Article\",\"@id\":\"https:\/\/www.grandsformats.com\/2024\/07\/un-debut-d-ete-pluvieux\/#article\",\"isPartOf\":{\"@id\":\"https:\/\/www.grandsformats.com\/2024\/07\/un-debut-d-ete-pluvieux\/\"},\"author\":{\"name\":\"Laura Hanequand - Grands Formats\",\"@id\":\"https:\/\/www.grandsformats.com\/#\/schema\/person\/56c2866069b6967b2c7becd25c9b4dbb\"},\"headline\":\"Un d\u00e9but d\u2019\u00e9t\u00e9 pluvieux\",\"datePublished\":\"2024-07-16T08:02:26+00:00\",\"mainEntityOfPage\":{\"@id\":\"https:\/\/www.grandsformats.com\/2024\/07\/un-debut-d-ete-pluvieux\/\"},\"wordCount\":1287,\"commentCount\":0,\"publisher\":{\"@id\":\"https:\/\/www.grandsformats.com\/#organization\"},\"image\":{\"@id\":\"https:\/\/www.grandsformats.com\/2024\/07\/un-debut-d-ete-pluvieux\/#primaryimage\"},\"thumbnailUrl\":\"https:\/\/www.grandsformats.com\/wp-content\/uploads\/2024\/07\/169Alex_herer.jpg\",\"articleSection\":[\"Actus de la f\u00e9d\u00e9\",\"Onze Heures Onze\",\"Tribunes\"],\"inLanguage\":\"en-US\",\"potentialAction\":[{\"@type\":\"CommentAction\",\"name\":\"Comment\",\"target\":[\"https:\/\/www.grandsformats.com\/2024\/07\/un-debut-d-ete-pluvieux\/#respond\"]}]},{\"@type\":\"WebPage\",\"@id\":\"https:\/\/www.grandsformats.com\/2024\/07\/un-debut-d-ete-pluvieux\/\",\"url\":\"https:\/\/www.grandsformats.com\/2024\/07\/un-debut-d-ete-pluvieux\/\",\"name\":\"Un d\u00e9but d\u2019\u00e9t\u00e9 pluvieux - Site officiel de la f\u00e9d\u00e9ration Grands Formats\",\"isPartOf\":{\"@id\":\"https:\/\/www.grandsformats.com\/#website\"},\"primaryImageOfPage\":{\"@id\":\"https:\/\/www.grandsformats.com\/2024\/07\/un-debut-d-ete-pluvieux\/#primaryimage\"},\"image\":{\"@id\":\"https:\/\/www.grandsformats.com\/2024\/07\/un-debut-d-ete-pluvieux\/#primaryimage\"},\"thumbnailUrl\":\"https:\/\/www.grandsformats.com\/wp-content\/uploads\/2024\/07\/169Alex_herer.jpg\",\"datePublished\":\"2024-07-16T08:02:26+00:00\",\"description\":\"Le lundi 10 juin \u00e0 9h30, Grands Formats \u00e9tait invit\u00e9 \u00e0 la Philharmonie de Paris \u00e0 une concertation sur l\u2019improvisation...\",\"breadcrumb\":{\"@id\":\"https:\/\/www.grandsformats.com\/2024\/07\/un-debut-d-ete-pluvieux\/#breadcrumb\"},\"inLanguage\":\"en-US\",\"potentialAction\":[{\"@type\":\"ReadAction\",\"target\":[\"https:\/\/www.grandsformats.com\/2024\/07\/un-debut-d-ete-pluvieux\/\"]}]},{\"@type\":\"ImageObject\",\"inLanguage\":\"en-US\",\"@id\":\"https:\/\/www.grandsformats.com\/2024\/07\/un-debut-d-ete-pluvieux\/#primaryimage\",\"url\":\"https:\/\/www.grandsformats.com\/wp-content\/uploads\/2024\/07\/169Alex_herer.jpg\",\"contentUrl\":\"https:\/\/www.grandsformats.com\/wp-content\/uploads\/2024\/07\/169Alex_herer.jpg\",\"width\":1920,\"height\":1080,\"caption\":\"alexandre herer\"},{\"@type\":\"BreadcrumbList\",\"@id\":\"https:\/\/www.grandsformats.com\/2024\/07\/un-debut-d-ete-pluvieux\/#breadcrumb\",\"itemListElement\":[{\"@type\":\"ListItem\",\"position\":1,\"name\":\"Accueil\",\"item\":\"https:\/\/www.grandsformats.com\/en\/\"},{\"@type\":\"ListItem\",\"position\":2,\"name\":\"Un d\u00e9but d\u2019\u00e9t\u00e9 pluvieux\"}]},{\"@type\":\"WebSite\",\"@id\":\"https:\/\/www.grandsformats.com\/#website\",\"url\":\"https:\/\/www.grandsformats.com\/\",\"name\":\"Site officiel de la f\u00e9d\u00e9ration Grands Formats\",\"description\":\"F\u00e9d\u00e9ration d&#039;artistes pour la musique en grand !\",\"publisher\":{\"@id\":\"https:\/\/www.grandsformats.com\/#organization\"},\"potentialAction\":[{\"@type\":\"SearchAction\",\"target\":{\"@type\":\"EntryPoint\",\"urlTemplate\":\"https:\/\/www.grandsformats.com\/?s={search_term_string}\"},\"query-input\":{\"@type\":\"PropertyValueSpecification\",\"valueRequired\":true,\"valueName\":\"search_term_string\"}}],\"inLanguage\":\"en-US\"},{\"@type\":\"Organization\",\"@id\":\"https:\/\/www.grandsformats.com\/#organization\",\"name\":\"Grands Formats\",\"url\":\"https:\/\/www.grandsformats.com\/\",\"logo\":{\"@type\":\"ImageObject\",\"inLanguage\":\"en-US\",\"@id\":\"https:\/\/www.grandsformats.com\/#\/schema\/logo\/image\/\",\"url\":\"https:\/\/www.grandsformats.com\/wp-content\/uploads\/2020\/03\/logo-GF-200.png\",\"contentUrl\":\"https:\/\/www.grandsformats.com\/wp-content\/uploads\/2020\/03\/logo-GF-200.png\",\"width\":155,\"height\":200,\"caption\":\"Grands Formats\"},\"image\":{\"@id\":\"https:\/\/www.grandsformats.com\/#\/schema\/logo\/image\/\"},\"sameAs\":[\"https:\/\/www.facebook.com\/grandsformats\/\",\"https:\/\/x.com\/GrandsFormatsGF\",\"https:\/\/www.instagram.com\/grandsformats\/\",\"https:\/\/www.youtube.com\/channel\/UCJ7k9dbqc_DG-nxI3WMPvhw?view_as=subscriberhttps:\/\/www.youtube.com\/channel\/UCJ7k9dbqc_DG-nxI3WMPvhw?view_as=subscriber\"]},{\"@type\":\"Person\",\"@id\":\"https:\/\/www.grandsformats.com\/#\/schema\/person\/56c2866069b6967b2c7becd25c9b4dbb\",\"name\":\"Laura Hanequand - Grands Formats\",\"image\":{\"@type\":\"ImageObject\",\"inLanguage\":\"en-US\",\"@id\":\"https:\/\/www.grandsformats.com\/#\/schema\/person\/image\/\",\"url\":\"https:\/\/secure.gravatar.com\/avatar\/6d52edecb86835c2b7e81a2cdb8965ae325b4045b44f9043177428c622c06643?s=96&d=mm&r=g\",\"contentUrl\":\"https:\/\/secure.gravatar.com\/avatar\/6d52edecb86835c2b7e81a2cdb8965ae325b4045b44f9043177428c622c06643?s=96&d=mm&r=g\",\"caption\":\"Laura Hanequand - Grands Formats\"},\"url\":\"https:\/\/www.grandsformats.com\/en\/author\/lauragrandsformats-com\/\"}]}<\/script>\n<!-- \/ Yoast SEO plugin. -->","yoast_head_json":{"title":"Un d\u00e9but d\u2019\u00e9t\u00e9 pluvieux - Site officiel de la f\u00e9d\u00e9ration Grands Formats","description":"Le lundi 10 juin \u00e0 9h30, Grands Formats \u00e9tait invit\u00e9 \u00e0 la Philharmonie de Paris \u00e0 une concertation sur l\u2019improvisation...","robots":{"index":"index","follow":"follow","max-snippet":"max-snippet:-1","max-image-preview":"max-image-preview:large","max-video-preview":"max-video-preview:-1"},"canonical":"https:\/\/www.grandsformats.com\/2024\/07\/un-debut-d-ete-pluvieux\/","og_locale":"en_US","og_type":"article","og_title":"Un d\u00e9but d\u2019\u00e9t\u00e9 pluvieux - Site officiel de la f\u00e9d\u00e9ration Grands Formats","og_description":"Le lundi 10 juin \u00e0 9h30, Grands Formats \u00e9tait invit\u00e9 \u00e0 la Philharmonie de Paris \u00e0 une concertation sur l\u2019improvisation...","og_url":"https:\/\/www.grandsformats.com\/2024\/07\/un-debut-d-ete-pluvieux\/","og_site_name":"Site officiel de la f\u00e9d\u00e9ration Grands Formats","article_publisher":"https:\/\/www.facebook.com\/grandsformats\/","article_published_time":"2024-07-16T08:02:26+00:00","og_image":[{"width":1920,"height":1080,"url":"https:\/\/www.grandsformats.com\/wp-content\/uploads\/2024\/07\/169Alex_herer.jpg","type":"image\/jpeg"}],"author":"Laura Hanequand - Grands Formats","twitter_card":"summary_large_image","twitter_creator":"@GrandsFormatsGF","twitter_site":"@GrandsFormatsGF","twitter_misc":{"Written by":"Laura Hanequand - Grands Formats","Est. reading time":"7 minutes"},"schema":{"@context":"https:\/\/schema.org","@graph":[{"@type":"Article","@id":"https:\/\/www.grandsformats.com\/2024\/07\/un-debut-d-ete-pluvieux\/#article","isPartOf":{"@id":"https:\/\/www.grandsformats.com\/2024\/07\/un-debut-d-ete-pluvieux\/"},"author":{"name":"Laura Hanequand - Grands Formats","@id":"https:\/\/www.grandsformats.com\/#\/schema\/person\/56c2866069b6967b2c7becd25c9b4dbb"},"headline":"Un d\u00e9but d\u2019\u00e9t\u00e9 pluvieux","datePublished":"2024-07-16T08:02:26+00:00","mainEntityOfPage":{"@id":"https:\/\/www.grandsformats.com\/2024\/07\/un-debut-d-ete-pluvieux\/"},"wordCount":1287,"commentCount":0,"publisher":{"@id":"https:\/\/www.grandsformats.com\/#organization"},"image":{"@id":"https:\/\/www.grandsformats.com\/2024\/07\/un-debut-d-ete-pluvieux\/#primaryimage"},"thumbnailUrl":"https:\/\/www.grandsformats.com\/wp-content\/uploads\/2024\/07\/169Alex_herer.jpg","articleSection":["Actus de la f\u00e9d\u00e9","Onze Heures Onze","Tribunes"],"inLanguage":"en-US","potentialAction":[{"@type":"CommentAction","name":"Comment","target":["https:\/\/www.grandsformats.com\/2024\/07\/un-debut-d-ete-pluvieux\/#respond"]}]},{"@type":"WebPage","@id":"https:\/\/www.grandsformats.com\/2024\/07\/un-debut-d-ete-pluvieux\/","url":"https:\/\/www.grandsformats.com\/2024\/07\/un-debut-d-ete-pluvieux\/","name":"Un d\u00e9but d\u2019\u00e9t\u00e9 pluvieux - Site officiel de la f\u00e9d\u00e9ration Grands Formats","isPartOf":{"@id":"https:\/\/www.grandsformats.com\/#website"},"primaryImageOfPage":{"@id":"https:\/\/www.grandsformats.com\/2024\/07\/un-debut-d-ete-pluvieux\/#primaryimage"},"image":{"@id":"https:\/\/www.grandsformats.com\/2024\/07\/un-debut-d-ete-pluvieux\/#primaryimage"},"thumbnailUrl":"https:\/\/www.grandsformats.com\/wp-content\/uploads\/2024\/07\/169Alex_herer.jpg","datePublished":"2024-07-16T08:02:26+00:00","description":"Le lundi 10 juin \u00e0 9h30, Grands Formats \u00e9tait invit\u00e9 \u00e0 la Philharmonie de Paris \u00e0 une concertation sur l\u2019improvisation...","breadcrumb":{"@id":"https:\/\/www.grandsformats.com\/2024\/07\/un-debut-d-ete-pluvieux\/#breadcrumb"},"inLanguage":"en-US","potentialAction":[{"@type":"ReadAction","target":["https:\/\/www.grandsformats.com\/2024\/07\/un-debut-d-ete-pluvieux\/"]}]},{"@type":"ImageObject","inLanguage":"en-US","@id":"https:\/\/www.grandsformats.com\/2024\/07\/un-debut-d-ete-pluvieux\/#primaryimage","url":"https:\/\/www.grandsformats.com\/wp-content\/uploads\/2024\/07\/169Alex_herer.jpg","contentUrl":"https:\/\/www.grandsformats.com\/wp-content\/uploads\/2024\/07\/169Alex_herer.jpg","width":1920,"height":1080,"caption":"alexandre herer"},{"@type":"BreadcrumbList","@id":"https:\/\/www.grandsformats.com\/2024\/07\/un-debut-d-ete-pluvieux\/#breadcrumb","itemListElement":[{"@type":"ListItem","position":1,"name":"Accueil","item":"https:\/\/www.grandsformats.com\/en\/"},{"@type":"ListItem","position":2,"name":"Un d\u00e9but d\u2019\u00e9t\u00e9 pluvieux"}]},{"@type":"WebSite","@id":"https:\/\/www.grandsformats.com\/#website","url":"https:\/\/www.grandsformats.com\/","name":"Site officiel de la f\u00e9d\u00e9ration Grands Formats","description":"F\u00e9d\u00e9ration d&#039;artistes pour la musique en grand !","publisher":{"@id":"https:\/\/www.grandsformats.com\/#organization"},"potentialAction":[{"@type":"SearchAction","target":{"@type":"EntryPoint","urlTemplate":"https:\/\/www.grandsformats.com\/?s={search_term_string}"},"query-input":{"@type":"PropertyValueSpecification","valueRequired":true,"valueName":"search_term_string"}}],"inLanguage":"en-US"},{"@type":"Organization","@id":"https:\/\/www.grandsformats.com\/#organization","name":"Grands Formats","url":"https:\/\/www.grandsformats.com\/","logo":{"@type":"ImageObject","inLanguage":"en-US","@id":"https:\/\/www.grandsformats.com\/#\/schema\/logo\/image\/","url":"https:\/\/www.grandsformats.com\/wp-content\/uploads\/2020\/03\/logo-GF-200.png","contentUrl":"https:\/\/www.grandsformats.com\/wp-content\/uploads\/2020\/03\/logo-GF-200.png","width":155,"height":200,"caption":"Grands Formats"},"image":{"@id":"https:\/\/www.grandsformats.com\/#\/schema\/logo\/image\/"},"sameAs":["https:\/\/www.facebook.com\/grandsformats\/","https:\/\/x.com\/GrandsFormatsGF","https:\/\/www.instagram.com\/grandsformats\/","https:\/\/www.youtube.com\/channel\/UCJ7k9dbqc_DG-nxI3WMPvhw?view_as=subscriberhttps:\/\/www.youtube.com\/channel\/UCJ7k9dbqc_DG-nxI3WMPvhw?view_as=subscriber"]},{"@type":"Person","@id":"https:\/\/www.grandsformats.com\/#\/schema\/person\/56c2866069b6967b2c7becd25c9b4dbb","name":"Laura Hanequand - Grands Formats","image":{"@type":"ImageObject","inLanguage":"en-US","@id":"https:\/\/www.grandsformats.com\/#\/schema\/person\/image\/","url":"https:\/\/secure.gravatar.com\/avatar\/6d52edecb86835c2b7e81a2cdb8965ae325b4045b44f9043177428c622c06643?s=96&d=mm&r=g","contentUrl":"https:\/\/secure.gravatar.com\/avatar\/6d52edecb86835c2b7e81a2cdb8965ae325b4045b44f9043177428c622c06643?s=96&d=mm&r=g","caption":"Laura Hanequand - Grands Formats"},"url":"https:\/\/www.grandsformats.com\/en\/author\/lauragrandsformats-com\/"}]}},"_links":{"self":[{"href":"https:\/\/www.grandsformats.com\/en\/wp-json\/wp\/v2\/posts\/30396","targetHints":{"allow":["GET"]}}],"collection":[{"href":"https:\/\/www.grandsformats.com\/en\/wp-json\/wp\/v2\/posts"}],"about":[{"href":"https:\/\/www.grandsformats.com\/en\/wp-json\/wp\/v2\/types\/post"}],"author":[{"embeddable":true,"href":"https:\/\/www.grandsformats.com\/en\/wp-json\/wp\/v2\/users\/161"}],"replies":[{"embeddable":true,"href":"https:\/\/www.grandsformats.com\/en\/wp-json\/wp\/v2\/comments?post=30396"}],"version-history":[{"count":4,"href":"https:\/\/www.grandsformats.com\/en\/wp-json\/wp\/v2\/posts\/30396\/revisions"}],"predecessor-version":[{"id":30406,"href":"https:\/\/www.grandsformats.com\/en\/wp-json\/wp\/v2\/posts\/30396\/revisions\/30406"}],"wp:featuredmedia":[{"embeddable":true,"href":"https:\/\/www.grandsformats.com\/en\/wp-json\/wp\/v2\/media\/30397"}],"wp:attachment":[{"href":"https:\/\/www.grandsformats.com\/en\/wp-json\/wp\/v2\/media?parent=30396"}],"wp:term":[{"taxonomy":"category","embeddable":true,"href":"https:\/\/www.grandsformats.com\/en\/wp-json\/wp\/v2\/categories?post=30396"},{"taxonomy":"post_tag","embeddable":true,"href":"https:\/\/www.grandsformats.com\/en\/wp-json\/wp\/v2\/tags?post=30396"}],"curies":[{"name":"wp","href":"https:\/\/api.w.org\/{rel}","templated":true}]}}