{"id":30191,"date":"2024-06-27T17:21:30","date_gmt":"2024-06-27T15:21:30","guid":{"rendered":"https:\/\/www.grandsformats.com\/?p=30191"},"modified":"2024-12-18T11:53:50","modified_gmt":"2024-12-18T10:53:50","slug":"grands-formats-presente-le-podcast-big-band-theory","status":"publish","type":"post","link":"https:\/\/www.grandsformats.com\/en\/2024\/06\/grands-formats-presente-le-podcast-big-band-theory\/","title":{"rendered":"Grands Formats pr\u00e9sente : le podcast \u00ab Big Band Theory \u00bb !"},"content":{"rendered":"<div class=\"wpb-content-wrapper\"><p>[vc_row][vc_column][vc_column_text]<strong>Grands Formats d\u00e9voile \u00ab Big Band Theory \u00bb, une nouvelle s\u00e9rie audio consacr\u00e9e \u00e0 la grande formation de jazz et de musiques improvis\u00e9es r\u00e9alis\u00e9e en partenariat avec La Lettre du Musicien et To\u00ef To\u00ef Production !<\/strong><\/p>\n<p>Depuis plus de 20 ans, Grands Formats s\u2019engage \u00e0 d\u00e9fendre et \u00e0 mettre en lumi\u00e8re le fabuleux travail des \u00e9quipes artistiques ind\u00e9pendantes de jazz et de musiques improvis\u00e9es, repr\u00e9sentant \u00e0 ce jour pas moins de 122 grands ensembles et collectifs en France et en Europe.<br \/>\nIls et elles sont plus de 1300 artistes, uni\u00b7e\u00b7s par le d\u00e9sir de faire rayonner leurs musiques, mais aussi par une lutte permanente pour p\u00e9renniser leur projet.<\/p>\n<p><strong>\u00c0 travers ce podcast, nous allons plonger dans l\u2019univers du jazz en grande formation \u00e0 l\u2019\u00e9coute de celles et ceux qui donnent vie \u00e0 cette musique hors-norme et s\u2019attachent \u00e0 en perp\u00e9tuer la tradition.<\/strong><\/p>\n<hr \/>\n<h4><\/h4>\n<h4 style=\"text-align: center;\"><strong>D\u00c9COUVREZ L&#8217;\u00c9PISODE 1 : DIRIGER UN GRAND ENSEMBLE<\/strong><\/h4>\n<p class=\"text-build-content\" style=\"text-align: left;\">Pour inaugurer cette s\u00e9rie, nous avons choisi de parler de la direction artistique, une entreprise qui, en grand ensemble, rel\u00e8verait presque du super-pouvoir !<br \/>\nSouvent multi-casquette, le ou la directeur\u00b7rice artistique occupe un r\u00f4le fondamental, \u00e0 la fois garant\u00b7e de la coh\u00e9sion entre les musicien\u00b7ne\u00b7s et responsable de la vie de l&#8217;orchestre au sens large.<br \/>\nMais, qu\u2019est-ce que \u00e7a change concr\u00e8tement de diriger, composer et arranger pour un grand ensemble ?<br \/>\n\u00c0 quoi faut-il s\u2019attendre lorsque l\u2019on souhaite, \u00e0 son tour, se lancer dans cette aventure ?<\/p>\n<p>[\/vc_column_text][vc_column_text]<\/p>\n<h4 style=\"text-align: center;\"><strong>POUR EN PARLER&#8230;<\/strong><\/h4>\n<p>[\/vc_column_text][vc_row_inner][vc_column_inner width=&#8221;1\/2&#8243;][vc_single_image image=&#8221;30196&#8243; img_size=&#8221;600&#215;600&#8243; full_width=&#8221;1&#8243; opacity=&#8221;100&#8243; animated_svg=&#8221;1&#8243;][vc_column_text]Ellinoa fonde et dirige entre autres le <a class=\"link-build-content\" href=\"https:\/\/www.grandsformats.com\/artist\/wanderlust-orchestra\/\" target=\"_blank\" rel=\"noopener\"><strong><u>Wanderlust Orchestra<\/u><\/strong><\/a>, un ensemble extra-large de 15 musicien\u00b7ne\u00b7s. Elle a \u00e9galement compos\u00e9 pour l\u2019Orchestre National de Jazz, et m\u00e8ne plusieurs autres projets en plus petites formes.[\/vc_column_text][\/vc_column_inner][vc_column_inner width=&#8221;1\/2&#8243;][vc_single_image image=&#8221;30194&#8243; img_size=&#8221;600&#215;600&#8243; full_width=&#8221;1&#8243; opacity=&#8221;100&#8243;][vc_column_text]Le\u00efla Olivesi est pianiste, compositrice et dirige le <a class=\"link-build-content\" href=\"https:\/\/www.grandsformats.com\/artist\/leila-olivesi-octet\/\" target=\"_blank\" rel=\"noopener\"><strong><u>Le\u00efla Olivesi Octet<\/u><\/strong><\/a> avec lequel elle a sorti deux albums.<br \/>\nElle est aussi vice-pr\u00e9sidente de la Maison du Duke \u00e0 Paris et donne r\u00e9guli\u00e8rement des conf\u00e9rences sur le jazz et sur l\u2019\u0153uvre de Duke Ellington.[\/vc_column_text][\/vc_column_inner][\/vc_row_inner][\/vc_column][\/vc_row][vc_row][vc_column][vc_raw_html]JTNDaWZyYW1lJTIwc3JjJTNEJTIyaHR0cHMlM0ElMkYlMkZlbWJlZC5hY2FzdC5jb20lMkY2NjdjMWU1ZTBkMDcwOGMwOTZjZTE1N2MlM0ZhY2NlbnRDb2xvciUzRGZmZmZmZiUyNmJnQ29sb3IlM0QwMDAwMDAlMjZzZWNvbmRhcnlDb2xvciUzREYwRjJGNSUyMiUyMGZyYW1lQm9yZGVyJTNEJTIyMCUyMiUyMHdpZHRoJTNEJTIyMTAwJTI1JTIyJTIwaGVpZ2h0JTNEJTIyMTEwcHglMjIlM0UlM0MlMkZpZnJhbWUlM0U=[\/vc_raw_html][vc_column_text]<\/p>\n<p style=\"text-align: center;\">Le podcast est \u00e9galement disponible sur <a href=\"https:\/\/open.spotify.com\/show\/2CO39VJoPQXLuIVOPqSyTd\">Spotify<\/a>, <a href=\"https:\/\/www.youtube.com\/watch?v=2PbO9loTjg4\">Youtube<\/a>, <a href=\"https:\/\/www.deezer.com\/fr\/show\/1001043922\">Deezer<\/a> et <a href=\"https:\/\/podcasts.apple.com\/us\/podcast\/big-band-theory\/id1754360866\">Apple Podcast<\/a>.<\/p>\n<p>[\/vc_column_text][vc_button title=&#8221;Tous les \u00e9pisodes de Big Band Theory&#8221; color=&#8221;custom&#8221; font_weight=&#8221;400&#8243; link=&#8221;url:https%3A%2F%2Fwww.grandsformats.com%2Fpodcast%2F|title:Big%20Band%20Theory%20Podcast|target:_blank&#8221; custom_color=&#8221;#ff4601&#8243;][\/vc_column][\/vc_row]<\/p>\n<\/div>","protected":false},"excerpt":{"rendered":"<p>[vc_row][vc_column][vc_column_text]Grands Formats d\u00e9voile \u00ab Big Band Theory \u00bb, une nouvelle s\u00e9rie audio consacr\u00e9e \u00e0 la grande formation de jazz et de musiques improvis\u00e9es r\u00e9alis\u00e9e en partenariat avec La Lettre du Musicien et To\u00ef To\u00ef Production ! Depuis plus de 20 ans, Grands Formats s\u2019engage \u00e0 d\u00e9fendre et \u00e0 mettre en lumi\u00e8re le fabuleux travail des&#8230;<\/p>\n<p><a rel=\"bookmark\" class=\"theme-button-text wvc-button wvc-button-size-xs\" href=\"https:\/\/www.grandsformats.com\/en\/2024\/06\/grands-formats-presente-le-podcast-big-band-theory\/\"><small class=\"wvc-button-background-fill\"><\/small><span>Continue reading<\/span><\/a><\/p>\n","protected":false},"author":161,"featured_media":30211,"comment_status":"open","ping_status":"open","sticky":false,"template":"","format":"standard","meta":{"_acf_changed":false,"footnotes":""},"categories":[90,95,855,1318,94,663],"tags":[],"class_list":["post-30191","post","type-post","status-publish","format-standard","has-post-thumbnail","hentry","category-grands-formats","category-membres","category-leila-olivesi-octet","category-podcast","category-ressources","category-wanderlust-orchestra","entry-post-skin-light","entry","clearfix","entry-grid","entry-columns-default","entry-post-module-layout-sidebar-right","thumbnail-color-tone-dark","metro-landscape","is-youtube","entry-post","entry-masonry","entry-post-masonry"],"acf":[],"yoast_head":"<!-- This site is optimized with the Yoast SEO plugin v25.8 - https:\/\/yoast.com\/wordpress\/plugins\/seo\/ -->\n<title>Grands Formats pr\u00e9sente : le podcast \u00ab Big Band Theory \u00bb ! - Site officiel de la f\u00e9d\u00e9ration Grands Formats<\/title>\n<meta name=\"description\" content=\"Grands Formats d\u00e9voile \u00ab Big Band Theory \u00bb, un nouveau podcast consacr\u00e9 \u00e0 la grande formation de jazz et de musiques improvis\u00e9es !\" \/>\n<meta name=\"robots\" content=\"index, follow, max-snippet:-1, max-image-preview:large, max-video-preview:-1\" \/>\n<link rel=\"canonical\" href=\"https:\/\/www.grandsformats.com\/2024\/06\/grands-formats-presente-le-podcast-big-band-theory\/\" \/>\n<meta property=\"og:locale\" content=\"en_US\" \/>\n<meta property=\"og:type\" content=\"article\" \/>\n<meta property=\"og:title\" content=\"Grands Formats pr\u00e9sente : le podcast \u00ab Big Band Theory \u00bb ! - Site officiel de la f\u00e9d\u00e9ration Grands Formats\" \/>\n<meta property=\"og:description\" content=\"Grands Formats d\u00e9voile \u00ab Big Band Theory \u00bb, un nouveau podcast consacr\u00e9 \u00e0 la grande formation de jazz et de musiques improvis\u00e9es !\" \/>\n<meta property=\"og:url\" content=\"https:\/\/www.grandsformats.com\/2024\/06\/grands-formats-presente-le-podcast-big-band-theory\/\" \/>\n<meta property=\"og:site_name\" content=\"Site officiel de la f\u00e9d\u00e9ration Grands Formats\" \/>\n<meta property=\"article:publisher\" content=\"https:\/\/www.facebook.com\/grandsformats\/\" \/>\n<meta property=\"article:published_time\" content=\"2024-06-27T15:21:30+00:00\" \/>\n<meta property=\"article:modified_time\" content=\"2024-12-18T10:53:50+00:00\" \/>\n<meta property=\"og:image\" content=\"https:\/\/www.grandsformats.com\/wp-content\/uploads\/2024\/06\/banner_podcast-1.jpg\" \/>\n\t<meta property=\"og:image:width\" content=\"1920\" \/>\n\t<meta property=\"og:image:height\" content=\"1080\" \/>\n\t<meta property=\"og:image:type\" content=\"image\/jpeg\" \/>\n<meta name=\"author\" content=\"Laura Hanequand - Grands Formats\" \/>\n<meta name=\"twitter:card\" content=\"summary_large_image\" \/>\n<meta name=\"twitter:creator\" content=\"@GrandsFormatsGF\" \/>\n<meta name=\"twitter:site\" content=\"@GrandsFormatsGF\" \/>\n<meta name=\"twitter:label1\" content=\"Written by\" \/>\n\t<meta name=\"twitter:data1\" content=\"Laura Hanequand - Grands Formats\" \/>\n\t<meta name=\"twitter:label2\" content=\"Est. reading time\" \/>\n\t<meta name=\"twitter:data2\" content=\"3 minutes\" \/>\n<script type=\"application\/ld+json\" class=\"yoast-schema-graph\">{\"@context\":\"https:\/\/schema.org\",\"@graph\":[{\"@type\":\"Article\",\"@id\":\"https:\/\/www.grandsformats.com\/2024\/06\/grands-formats-presente-le-podcast-big-band-theory\/#article\",\"isPartOf\":{\"@id\":\"https:\/\/www.grandsformats.com\/2024\/06\/grands-formats-presente-le-podcast-big-band-theory\/\"},\"author\":{\"name\":\"Laura Hanequand - Grands Formats\",\"@id\":\"https:\/\/www.grandsformats.com\/#\/schema\/person\/56c2866069b6967b2c7becd25c9b4dbb\"},\"headline\":\"Grands Formats pr\u00e9sente : le podcast \u00ab Big Band Theory \u00bb !\",\"datePublished\":\"2024-06-27T15:21:30+00:00\",\"dateModified\":\"2024-12-18T10:53:50+00:00\",\"mainEntityOfPage\":{\"@id\":\"https:\/\/www.grandsformats.com\/2024\/06\/grands-formats-presente-le-podcast-big-band-theory\/\"},\"wordCount\":515,\"commentCount\":1,\"publisher\":{\"@id\":\"https:\/\/www.grandsformats.com\/#organization\"},\"image\":{\"@id\":\"https:\/\/www.grandsformats.com\/2024\/06\/grands-formats-presente-le-podcast-big-band-theory\/#primaryimage\"},\"thumbnailUrl\":\"https:\/\/www.grandsformats.com\/wp-content\/uploads\/2024\/06\/banner_podcast-1.jpg\",\"articleSection\":[\"Actus de la f\u00e9d\u00e9\",\"Actus des membres\",\"Le\u00efla Olivesi Octet\",\"Podcast\",\"Ressources\",\"Wanderlust Orchestra\"],\"inLanguage\":\"en-US\",\"potentialAction\":[{\"@type\":\"CommentAction\",\"name\":\"Comment\",\"target\":[\"https:\/\/www.grandsformats.com\/2024\/06\/grands-formats-presente-le-podcast-big-band-theory\/#respond\"]}]},{\"@type\":\"WebPage\",\"@id\":\"https:\/\/www.grandsformats.com\/2024\/06\/grands-formats-presente-le-podcast-big-band-theory\/\",\"url\":\"https:\/\/www.grandsformats.com\/2024\/06\/grands-formats-presente-le-podcast-big-band-theory\/\",\"name\":\"Grands Formats pr\u00e9sente : le podcast \u00ab Big Band Theory \u00bb ! - Site officiel de la f\u00e9d\u00e9ration Grands Formats\",\"isPartOf\":{\"@id\":\"https:\/\/www.grandsformats.com\/#website\"},\"primaryImageOfPage\":{\"@id\":\"https:\/\/www.grandsformats.com\/2024\/06\/grands-formats-presente-le-podcast-big-band-theory\/#primaryimage\"},\"image\":{\"@id\":\"https:\/\/www.grandsformats.com\/2024\/06\/grands-formats-presente-le-podcast-big-band-theory\/#primaryimage\"},\"thumbnailUrl\":\"https:\/\/www.grandsformats.com\/wp-content\/uploads\/2024\/06\/banner_podcast-1.jpg\",\"datePublished\":\"2024-06-27T15:21:30+00:00\",\"dateModified\":\"2024-12-18T10:53:50+00:00\",\"description\":\"Grands Formats d\u00e9voile \u00ab Big Band Theory \u00bb, un nouveau podcast consacr\u00e9 \u00e0 la grande formation de jazz et de musiques improvis\u00e9es !\",\"breadcrumb\":{\"@id\":\"https:\/\/www.grandsformats.com\/2024\/06\/grands-formats-presente-le-podcast-big-band-theory\/#breadcrumb\"},\"inLanguage\":\"en-US\",\"potentialAction\":[{\"@type\":\"ReadAction\",\"target\":[\"https:\/\/www.grandsformats.com\/2024\/06\/grands-formats-presente-le-podcast-big-band-theory\/\"]}]},{\"@type\":\"ImageObject\",\"inLanguage\":\"en-US\",\"@id\":\"https:\/\/www.grandsformats.com\/2024\/06\/grands-formats-presente-le-podcast-big-band-theory\/#primaryimage\",\"url\":\"https:\/\/www.grandsformats.com\/wp-content\/uploads\/2024\/06\/banner_podcast-1.jpg\",\"contentUrl\":\"https:\/\/www.grandsformats.com\/wp-content\/uploads\/2024\/06\/banner_podcast-1.jpg\",\"width\":1920,\"height\":1080,\"caption\":\"podcast big band theory\"},{\"@type\":\"BreadcrumbList\",\"@id\":\"https:\/\/www.grandsformats.com\/2024\/06\/grands-formats-presente-le-podcast-big-band-theory\/#breadcrumb\",\"itemListElement\":[{\"@type\":\"ListItem\",\"position\":1,\"name\":\"Accueil\",\"item\":\"https:\/\/www.grandsformats.com\/en\/\"},{\"@type\":\"ListItem\",\"position\":2,\"name\":\"Grands Formats pr\u00e9sente : le podcast \u00ab Big Band Theory \u00bb !\"}]},{\"@type\":\"WebSite\",\"@id\":\"https:\/\/www.grandsformats.com\/#website\",\"url\":\"https:\/\/www.grandsformats.com\/\",\"name\":\"Site officiel de la f\u00e9d\u00e9ration Grands Formats\",\"description\":\"F\u00e9d\u00e9ration d&#039;artistes pour la musique en grand !\",\"publisher\":{\"@id\":\"https:\/\/www.grandsformats.com\/#organization\"},\"potentialAction\":[{\"@type\":\"SearchAction\",\"target\":{\"@type\":\"EntryPoint\",\"urlTemplate\":\"https:\/\/www.grandsformats.com\/?s={search_term_string}\"},\"query-input\":{\"@type\":\"PropertyValueSpecification\",\"valueRequired\":true,\"valueName\":\"search_term_string\"}}],\"inLanguage\":\"en-US\"},{\"@type\":\"Organization\",\"@id\":\"https:\/\/www.grandsformats.com\/#organization\",\"name\":\"Grands Formats\",\"url\":\"https:\/\/www.grandsformats.com\/\",\"logo\":{\"@type\":\"ImageObject\",\"inLanguage\":\"en-US\",\"@id\":\"https:\/\/www.grandsformats.com\/#\/schema\/logo\/image\/\",\"url\":\"https:\/\/www.grandsformats.com\/wp-content\/uploads\/2020\/03\/logo-GF-200.png\",\"contentUrl\":\"https:\/\/www.grandsformats.com\/wp-content\/uploads\/2020\/03\/logo-GF-200.png\",\"width\":155,\"height\":200,\"caption\":\"Grands Formats\"},\"image\":{\"@id\":\"https:\/\/www.grandsformats.com\/#\/schema\/logo\/image\/\"},\"sameAs\":[\"https:\/\/www.facebook.com\/grandsformats\/\",\"https:\/\/x.com\/GrandsFormatsGF\",\"https:\/\/www.instagram.com\/grandsformats\/\",\"https:\/\/www.youtube.com\/channel\/UCJ7k9dbqc_DG-nxI3WMPvhw?view_as=subscriberhttps:\/\/www.youtube.com\/channel\/UCJ7k9dbqc_DG-nxI3WMPvhw?view_as=subscriber\"]},{\"@type\":\"Person\",\"@id\":\"https:\/\/www.grandsformats.com\/#\/schema\/person\/56c2866069b6967b2c7becd25c9b4dbb\",\"name\":\"Laura Hanequand - Grands Formats\",\"image\":{\"@type\":\"ImageObject\",\"inLanguage\":\"en-US\",\"@id\":\"https:\/\/www.grandsformats.com\/#\/schema\/person\/image\/\",\"url\":\"https:\/\/secure.gravatar.com\/avatar\/6d52edecb86835c2b7e81a2cdb8965ae325b4045b44f9043177428c622c06643?s=96&d=mm&r=g\",\"contentUrl\":\"https:\/\/secure.gravatar.com\/avatar\/6d52edecb86835c2b7e81a2cdb8965ae325b4045b44f9043177428c622c06643?s=96&d=mm&r=g\",\"caption\":\"Laura Hanequand - Grands Formats\"},\"url\":\"https:\/\/www.grandsformats.com\/en\/author\/lauragrandsformats-com\/\"}]}<\/script>\n<!-- \/ Yoast SEO plugin. -->","yoast_head_json":{"title":"Grands Formats pr\u00e9sente : le podcast \u00ab Big Band Theory \u00bb ! - Site officiel de la f\u00e9d\u00e9ration Grands Formats","description":"Grands Formats d\u00e9voile \u00ab Big Band Theory \u00bb, un nouveau podcast consacr\u00e9 \u00e0 la grande formation de jazz et de musiques improvis\u00e9es !","robots":{"index":"index","follow":"follow","max-snippet":"max-snippet:-1","max-image-preview":"max-image-preview:large","max-video-preview":"max-video-preview:-1"},"canonical":"https:\/\/www.grandsformats.com\/2024\/06\/grands-formats-presente-le-podcast-big-band-theory\/","og_locale":"en_US","og_type":"article","og_title":"Grands Formats pr\u00e9sente : le podcast \u00ab Big Band Theory \u00bb ! - Site officiel de la f\u00e9d\u00e9ration Grands Formats","og_description":"Grands Formats d\u00e9voile \u00ab Big Band Theory \u00bb, un nouveau podcast consacr\u00e9 \u00e0 la grande formation de jazz et de musiques improvis\u00e9es !","og_url":"https:\/\/www.grandsformats.com\/2024\/06\/grands-formats-presente-le-podcast-big-band-theory\/","og_site_name":"Site officiel de la f\u00e9d\u00e9ration Grands Formats","article_publisher":"https:\/\/www.facebook.com\/grandsformats\/","article_published_time":"2024-06-27T15:21:30+00:00","article_modified_time":"2024-12-18T10:53:50+00:00","og_image":[{"width":1920,"height":1080,"url":"https:\/\/www.grandsformats.com\/wp-content\/uploads\/2024\/06\/banner_podcast-1.jpg","type":"image\/jpeg"}],"author":"Laura Hanequand - Grands Formats","twitter_card":"summary_large_image","twitter_creator":"@GrandsFormatsGF","twitter_site":"@GrandsFormatsGF","twitter_misc":{"Written by":"Laura Hanequand - Grands Formats","Est. reading time":"3 minutes"},"schema":{"@context":"https:\/\/schema.org","@graph":[{"@type":"Article","@id":"https:\/\/www.grandsformats.com\/2024\/06\/grands-formats-presente-le-podcast-big-band-theory\/#article","isPartOf":{"@id":"https:\/\/www.grandsformats.com\/2024\/06\/grands-formats-presente-le-podcast-big-band-theory\/"},"author":{"name":"Laura Hanequand - Grands Formats","@id":"https:\/\/www.grandsformats.com\/#\/schema\/person\/56c2866069b6967b2c7becd25c9b4dbb"},"headline":"Grands Formats pr\u00e9sente : le podcast \u00ab Big Band Theory \u00bb !","datePublished":"2024-06-27T15:21:30+00:00","dateModified":"2024-12-18T10:53:50+00:00","mainEntityOfPage":{"@id":"https:\/\/www.grandsformats.com\/2024\/06\/grands-formats-presente-le-podcast-big-band-theory\/"},"wordCount":515,"commentCount":1,"publisher":{"@id":"https:\/\/www.grandsformats.com\/#organization"},"image":{"@id":"https:\/\/www.grandsformats.com\/2024\/06\/grands-formats-presente-le-podcast-big-band-theory\/#primaryimage"},"thumbnailUrl":"https:\/\/www.grandsformats.com\/wp-content\/uploads\/2024\/06\/banner_podcast-1.jpg","articleSection":["Actus de la f\u00e9d\u00e9","Actus des membres","Le\u00efla Olivesi Octet","Podcast","Ressources","Wanderlust Orchestra"],"inLanguage":"en-US","potentialAction":[{"@type":"CommentAction","name":"Comment","target":["https:\/\/www.grandsformats.com\/2024\/06\/grands-formats-presente-le-podcast-big-band-theory\/#respond"]}]},{"@type":"WebPage","@id":"https:\/\/www.grandsformats.com\/2024\/06\/grands-formats-presente-le-podcast-big-band-theory\/","url":"https:\/\/www.grandsformats.com\/2024\/06\/grands-formats-presente-le-podcast-big-band-theory\/","name":"Grands Formats pr\u00e9sente : le podcast \u00ab Big Band Theory \u00bb ! - Site officiel de la f\u00e9d\u00e9ration Grands Formats","isPartOf":{"@id":"https:\/\/www.grandsformats.com\/#website"},"primaryImageOfPage":{"@id":"https:\/\/www.grandsformats.com\/2024\/06\/grands-formats-presente-le-podcast-big-band-theory\/#primaryimage"},"image":{"@id":"https:\/\/www.grandsformats.com\/2024\/06\/grands-formats-presente-le-podcast-big-band-theory\/#primaryimage"},"thumbnailUrl":"https:\/\/www.grandsformats.com\/wp-content\/uploads\/2024\/06\/banner_podcast-1.jpg","datePublished":"2024-06-27T15:21:30+00:00","dateModified":"2024-12-18T10:53:50+00:00","description":"Grands Formats d\u00e9voile \u00ab Big Band Theory \u00bb, un nouveau podcast consacr\u00e9 \u00e0 la grande formation de jazz et de musiques improvis\u00e9es !","breadcrumb":{"@id":"https:\/\/www.grandsformats.com\/2024\/06\/grands-formats-presente-le-podcast-big-band-theory\/#breadcrumb"},"inLanguage":"en-US","potentialAction":[{"@type":"ReadAction","target":["https:\/\/www.grandsformats.com\/2024\/06\/grands-formats-presente-le-podcast-big-band-theory\/"]}]},{"@type":"ImageObject","inLanguage":"en-US","@id":"https:\/\/www.grandsformats.com\/2024\/06\/grands-formats-presente-le-podcast-big-band-theory\/#primaryimage","url":"https:\/\/www.grandsformats.com\/wp-content\/uploads\/2024\/06\/banner_podcast-1.jpg","contentUrl":"https:\/\/www.grandsformats.com\/wp-content\/uploads\/2024\/06\/banner_podcast-1.jpg","width":1920,"height":1080,"caption":"podcast big band theory"},{"@type":"BreadcrumbList","@id":"https:\/\/www.grandsformats.com\/2024\/06\/grands-formats-presente-le-podcast-big-band-theory\/#breadcrumb","itemListElement":[{"@type":"ListItem","position":1,"name":"Accueil","item":"https:\/\/www.grandsformats.com\/en\/"},{"@type":"ListItem","position":2,"name":"Grands Formats pr\u00e9sente : le podcast \u00ab Big Band Theory \u00bb !"}]},{"@type":"WebSite","@id":"https:\/\/www.grandsformats.com\/#website","url":"https:\/\/www.grandsformats.com\/","name":"Site officiel de la f\u00e9d\u00e9ration Grands Formats","description":"F\u00e9d\u00e9ration d&#039;artistes pour la musique en grand !","publisher":{"@id":"https:\/\/www.grandsformats.com\/#organization"},"potentialAction":[{"@type":"SearchAction","target":{"@type":"EntryPoint","urlTemplate":"https:\/\/www.grandsformats.com\/?s={search_term_string}"},"query-input":{"@type":"PropertyValueSpecification","valueRequired":true,"valueName":"search_term_string"}}],"inLanguage":"en-US"},{"@type":"Organization","@id":"https:\/\/www.grandsformats.com\/#organization","name":"Grands Formats","url":"https:\/\/www.grandsformats.com\/","logo":{"@type":"ImageObject","inLanguage":"en-US","@id":"https:\/\/www.grandsformats.com\/#\/schema\/logo\/image\/","url":"https:\/\/www.grandsformats.com\/wp-content\/uploads\/2020\/03\/logo-GF-200.png","contentUrl":"https:\/\/www.grandsformats.com\/wp-content\/uploads\/2020\/03\/logo-GF-200.png","width":155,"height":200,"caption":"Grands Formats"},"image":{"@id":"https:\/\/www.grandsformats.com\/#\/schema\/logo\/image\/"},"sameAs":["https:\/\/www.facebook.com\/grandsformats\/","https:\/\/x.com\/GrandsFormatsGF","https:\/\/www.instagram.com\/grandsformats\/","https:\/\/www.youtube.com\/channel\/UCJ7k9dbqc_DG-nxI3WMPvhw?view_as=subscriberhttps:\/\/www.youtube.com\/channel\/UCJ7k9dbqc_DG-nxI3WMPvhw?view_as=subscriber"]},{"@type":"Person","@id":"https:\/\/www.grandsformats.com\/#\/schema\/person\/56c2866069b6967b2c7becd25c9b4dbb","name":"Laura Hanequand - Grands Formats","image":{"@type":"ImageObject","inLanguage":"en-US","@id":"https:\/\/www.grandsformats.com\/#\/schema\/person\/image\/","url":"https:\/\/secure.gravatar.com\/avatar\/6d52edecb86835c2b7e81a2cdb8965ae325b4045b44f9043177428c622c06643?s=96&d=mm&r=g","contentUrl":"https:\/\/secure.gravatar.com\/avatar\/6d52edecb86835c2b7e81a2cdb8965ae325b4045b44f9043177428c622c06643?s=96&d=mm&r=g","caption":"Laura Hanequand - Grands Formats"},"url":"https:\/\/www.grandsformats.com\/en\/author\/lauragrandsformats-com\/"}]}},"_links":{"self":[{"href":"https:\/\/www.grandsformats.com\/en\/wp-json\/wp\/v2\/posts\/30191","targetHints":{"allow":["GET"]}}],"collection":[{"href":"https:\/\/www.grandsformats.com\/en\/wp-json\/wp\/v2\/posts"}],"about":[{"href":"https:\/\/www.grandsformats.com\/en\/wp-json\/wp\/v2\/types\/post"}],"author":[{"embeddable":true,"href":"https:\/\/www.grandsformats.com\/en\/wp-json\/wp\/v2\/users\/161"}],"replies":[{"embeddable":true,"href":"https:\/\/www.grandsformats.com\/en\/wp-json\/wp\/v2\/comments?post=30191"}],"version-history":[{"count":13,"href":"https:\/\/www.grandsformats.com\/en\/wp-json\/wp\/v2\/posts\/30191\/revisions"}],"predecessor-version":[{"id":30210,"href":"https:\/\/www.grandsformats.com\/en\/wp-json\/wp\/v2\/posts\/30191\/revisions\/30210"}],"wp:featuredmedia":[{"embeddable":true,"href":"https:\/\/www.grandsformats.com\/en\/wp-json\/wp\/v2\/media\/30211"}],"wp:attachment":[{"href":"https:\/\/www.grandsformats.com\/en\/wp-json\/wp\/v2\/media?parent=30191"}],"wp:term":[{"taxonomy":"category","embeddable":true,"href":"https:\/\/www.grandsformats.com\/en\/wp-json\/wp\/v2\/categories?post=30191"},{"taxonomy":"post_tag","embeddable":true,"href":"https:\/\/www.grandsformats.com\/en\/wp-json\/wp\/v2\/tags?post=30191"}],"curies":[{"name":"wp","href":"https:\/\/api.w.org\/{rel}","templated":true}]}}