{"id":30130,"date":"2024-06-25T14:11:37","date_gmt":"2024-06-25T12:11:37","guid":{"rendered":"https:\/\/www.grandsformats.com\/?p=30130"},"modified":"2024-06-25T14:11:37","modified_gmt":"2024-06-25T12:11:37","slug":"accord-majeur-changement-de-programme-musique-et-societe-apres-le-7-juillet","status":"publish","type":"post","link":"https:\/\/www.grandsformats.com\/en\/2024\/06\/accord-majeur-changement-de-programme-musique-et-societe-apres-le-7-juillet\/","title":{"rendered":"ACCORD MAJEUR : Changement de programme : \u00ab Musique et soci\u00e9t\u00e9 apr\u00e8s le 7 juillet \u00bb"},"content":{"rendered":"<p>Ch\u00e8res toutes, chers tous,<\/p>\n<p>Le contexte politique troubl\u00e9 dans lequel nous sommes plong\u00e9s depuis le 9 juin dernier et la grande incertitude des r\u00e9sultats du scrutin des \u00e9lections l\u00e9gislatives du 7 juillet nous obligent, en responsabilit\u00e9, \u00e0 changer le programme des Rencontres nationales Accord majeur qui auront lieu moins de 48h apr\u00e8s le r\u00e9sultat de ces \u00e9lections.<\/p>\n<p>Plus que jamais, et quel que soit ce qui sortira des urnes, nous avons toutes et tous besoin de nous retrouver et d\u2019\u00e9changer, ensemble, autour des sujets qui sont l\u2019essence m\u00eame de nos activit\u00e9s.<\/p>\n<p>L\u2019art et la culture, le spectacle vivant, la musique, font partie des grands enjeux \u00e0 partager avec le plus grand nombre pour partager un avenir commun. Comment continuer \u00e0 d\u00e9fendre les valeurs essentielles de nos missions de service public de la musique\u00a0?<\/p>\n<p>Nous vous attendons nombreux et vous remercions de votre compr\u00e9hension.<\/p>\n<hr \/>\n<p style=\"text-align: center;\">Pr\u00e9-programme<\/p>\n<div class=\"et_pb_module et_pb_text et_pb_text_1  et_pb_text_align_left et_pb_bg_layout_light\">\n<div class=\"et_pb_text_inner\">\n<h3 style=\"text-align: center;\"><strong>\u00ab\u00a0Musique et soci\u00e9t\u00e9 apr\u00e8s le 7 juillet \u00bb<\/strong><\/h3>\n<\/div>\n<\/div>\n<div class=\"et_pb_text_inner\">\n<div class=\"et_pb_module et_pb_text et_pb_text_3  et_pb_text_align_left et_pb_bg_layout_light\">\n<div class=\"et_pb_text_inner\">\n<p><strong><u>ACCUEIL CAF\u00c9 \u2013 9H<\/u><\/strong><\/p>\n<p><strong><u>OUVERTURE \u2013 10h &gt; 10h40<\/u><\/strong><strong>\u00a0<\/strong><\/p>\n<ul>\n<li><strong>Pierre Audi,\u00a0<\/strong>directeur, Festival d\u2019Aix-en-Provence.<\/li>\n<li><strong>Parole d\u2019Accord majeur<\/strong><\/li>\n<li><strong>Guillaume Rogations,\u00a0<\/strong>Directeur g\u00e9n\u00e9ral, Audiens.<\/li>\n<li><strong>V\u00e9ronique Gomez,\u00a0<\/strong>Responsable du secteur de la culture, Cr\u00e9dit Coop\u00e9ratif.<\/li>\n<li><strong>Jean-Philippe Thiellay,\u00a0<\/strong>Pr\u00e9sident Directeur G\u00e9n\u00e9ral, Centre national de la musique.<\/li>\n<li><strong>Christopher Miles,\u00a0<\/strong>Directeur g\u00e9n\u00e9ral de la cr\u00e9ation artistique.<\/li>\n<\/ul>\n<\/div>\n<\/div>\n<div class=\"et_pb_module et_pb_text et_pb_text_4  et_pb_text_align_left et_pb_bg_layout_light\">\n<div class=\"et_pb_text_inner\">\n<p style=\"text-align: center;\"><span style=\"font-size: 14pt;\"><strong>Libert\u00e9 d\u2019expression, de cr\u00e9ation, de programmation, o\u00f9 en est-on ?<\/strong><\/span><\/p>\n<p style=\"text-align: left;\"><strong><u>INTRODUCTION 10h40 &gt; 11h<\/u><\/strong><\/p>\n<\/div>\n<\/div>\n<div class=\"et_pb_module et_pb_text et_pb_text_5  et_pb_text_align_left et_pb_bg_layout_light\">\n<div class=\"et_pb_text_inner\">\n<p><strong>Agn\u00e8s Tricoire,<\/strong>\u00a0Avocate, Pr\u00e9sidente de l\u2019Observatoire de la libert\u00e9 de cr\u00e9ation et membre du Comit\u00e9 national de la Ligue des Droits de l\u2019Homme.<\/p>\n<p><strong><u>TABLE RONDE 11h &gt; 12h20\u00a0<\/u><\/strong><u>(dont 40 minutes d\u2019\u00e9change avec la salle)<\/u><\/p>\n<p><strong>4 \u00e9lus, \u00e9lues, directeurs, directrices, repr\u00e9sentants, repr\u00e9sentantes des organisations membres d\u2019Accord majeur<\/strong>.<\/p>\n<p><strong>1 repr\u00e9sentant, repr\u00e9sentante de syndicat de salari\u00e9s<\/strong>.<\/p>\n<p>Mod\u00e9ration par\u00a0<strong>Marie H\u00e9din\u00a0<\/strong>: Directrice g\u00e9n\u00e9rale, La Lettre du Musicien.<\/p>\n<\/div>\n<\/div>\n<div class=\"et_pb_module et_pb_text et_pb_text_6  et_pb_text_align_left et_pb_bg_layout_light\">\n<div class=\"et_pb_text_inner\">\n<p>&nbsp;<\/p>\n<p style=\"text-align: center;\"><strong>12h20 &gt; 14h30 Cocktail d\u00e9jeunatoire \u00e0 La Manufacture<\/strong><\/p>\n<\/div>\n<\/div>\n<div class=\"et_pb_module et_pb_text et_pb_text_7  et_pb_text_align_left et_pb_bg_layout_light\">\n<div class=\"et_pb_text_inner\">\n<p>&nbsp;<\/p>\n<p style=\"text-align: center;\"><span style=\"font-size: 14pt;\"><strong>Identit\u00e9, domination et partage ?<\/strong><\/span><\/p>\n<p>\u00ab\u00a0Contrairement \u00e0 ce que disait Malraux, la neutralit\u00e9 op\u00e9ratoire de la culture, cela n\u2019existe pas\u00a0! Dans la culture se jouent la distinction sociale, l\u2019identit\u00e9, la domination mais aussi le partage.\u00a0\u00bb<\/p>\n<p>Fabrice Raffin<\/p>\n<\/div>\n<\/div>\n<div class=\"et_pb_module et_pb_text et_pb_text_8  et_pb_text_align_left et_pb_bg_layout_light\">\n<div class=\"et_pb_text_inner\">\n<p><strong><u>INTRODUCTION 14h30 &gt; 14h50<\/u><\/strong><\/p>\n<p><strong>Fabrice Raffin<\/strong>, Ma\u00eetre de conf\u00e9rences, Universit\u00e9 de Picardie Jules Verne, Socio-anthropologue, Chercheur au laboratoire Habiter le Monde.<\/p>\n<p><strong><u>TABLE RONDE 14h50 &gt; 16H10\u00a0<\/u><\/strong><u>(dont 40 minutes d\u2019\u00e9change avec la salle)<br \/>\n<\/u><\/p>\n<p><strong>4 \u00e9lus, \u00e9lues, directeurs, directrices, repr\u00e9sentants, repr\u00e9sentantes des organisations membres d\u2019Accord majeur<\/strong>.<\/p>\n<p><strong>1 repr\u00e9sentant, repr\u00e9sentante de syndicat de salari\u00e9s<\/strong>.<\/p>\n<p><strong><u>16h10 : FIN<\/u><\/strong><\/p>\n<\/div>\n<p><span style=\"text-decoration: underline;\"><strong><a href=\"https:\/\/www.accordmajeur.net\/programme-2024\/\">&gt; Plus d&#8217;infos<\/a><\/strong><\/span><\/p>\n<\/div>\n<\/div>\n","protected":false},"excerpt":{"rendered":"<p>Ch\u00e8res toutes, chers tous, Le contexte politique troubl\u00e9 dans lequel nous sommes plong\u00e9s depuis le 9 juin dernier et la grande incertitude des r\u00e9sultats du scrutin des \u00e9lections l\u00e9gislatives du 7 juillet nous obligent, en responsabilit\u00e9, \u00e0 changer le programme des Rencontres nationales Accord majeur qui auront lieu moins de 48h apr\u00e8s le r\u00e9sultat de&#8230;<\/p>\n<p><a rel=\"bookmark\" class=\"theme-button-text wvc-button wvc-button-size-xs\" href=\"https:\/\/www.grandsformats.com\/en\/2024\/06\/accord-majeur-changement-de-programme-musique-et-societe-apres-le-7-juillet\/\"><small class=\"wvc-button-background-fill\"><\/small><span>Continue reading<\/span><\/a><\/p>\n","protected":false},"author":161,"featured_media":30132,"comment_status":"open","ping_status":"open","sticky":false,"template":"","format":"standard","meta":{"_acf_changed":false,"footnotes":""},"categories":[90,194],"tags":[],"class_list":["post-30130","post","type-post","status-publish","format-standard","has-post-thumbnail","hentry","category-grands-formats","category-evenements","entry-post-skin-light","entry","clearfix","entry-grid","entry-columns-default","entry-post-module-layout-sidebar-right","thumbnail-color-tone-light","metro-landscape","entry-post","entry-masonry","entry-post-masonry"],"acf":[],"yoast_head":"<!-- This site is optimized with the Yoast SEO plugin v25.8 - https:\/\/yoast.com\/wordpress\/plugins\/seo\/ -->\n<title>ACCORD MAJEUR : Changement de programme : \u00ab Musique et soci\u00e9t\u00e9 apr\u00e8s le 7 juillet \u00bb - Site officiel de la f\u00e9d\u00e9ration Grands Formats<\/title>\n<meta name=\"description\" content=\"Le contexte politique troubl\u00e9 nous obligent, en responsabilit\u00e9, \u00e0 changer le programme des Rencontres nationales Accord majeur...\" \/>\n<meta name=\"robots\" content=\"index, follow, max-snippet:-1, max-image-preview:large, max-video-preview:-1\" \/>\n<link rel=\"canonical\" href=\"https:\/\/www.grandsformats.com\/2024\/06\/accord-majeur-changement-de-programme-musique-et-societe-apres-le-7-juillet\/\" \/>\n<meta property=\"og:locale\" content=\"en_US\" \/>\n<meta property=\"og:type\" content=\"article\" \/>\n<meta property=\"og:title\" content=\"ACCORD MAJEUR : Changement de programme : \u00ab Musique et soci\u00e9t\u00e9 apr\u00e8s le 7 juillet \u00bb - Site officiel de la f\u00e9d\u00e9ration Grands Formats\" \/>\n<meta property=\"og:description\" content=\"Le contexte politique troubl\u00e9 nous obligent, en responsabilit\u00e9, \u00e0 changer le programme des Rencontres nationales Accord majeur...\" \/>\n<meta property=\"og:url\" content=\"https:\/\/www.grandsformats.com\/2024\/06\/accord-majeur-changement-de-programme-musique-et-societe-apres-le-7-juillet\/\" \/>\n<meta property=\"og:site_name\" content=\"Site officiel de la f\u00e9d\u00e9ration Grands Formats\" \/>\n<meta property=\"article:publisher\" content=\"https:\/\/www.facebook.com\/grandsformats\/\" \/>\n<meta property=\"article:published_time\" content=\"2024-06-25T12:11:37+00:00\" \/>\n<meta property=\"og:image\" content=\"https:\/\/www.grandsformats.com\/wp-content\/uploads\/2024\/06\/NEWbanniereACCORDMAJEUR.jpg\" \/>\n\t<meta property=\"og:image:width\" content=\"1920\" \/>\n\t<meta property=\"og:image:height\" content=\"1080\" \/>\n\t<meta property=\"og:image:type\" content=\"image\/jpeg\" \/>\n<meta name=\"author\" content=\"Laura Hanequand - Grands Formats\" \/>\n<meta name=\"twitter:card\" content=\"summary_large_image\" \/>\n<meta name=\"twitter:creator\" content=\"@GrandsFormatsGF\" \/>\n<meta name=\"twitter:site\" content=\"@GrandsFormatsGF\" \/>\n<meta name=\"twitter:label1\" content=\"Written by\" \/>\n\t<meta name=\"twitter:data1\" content=\"Laura Hanequand - Grands Formats\" \/>\n\t<meta name=\"twitter:label2\" content=\"Est. reading time\" \/>\n\t<meta name=\"twitter:data2\" content=\"3 minutes\" \/>\n<script type=\"application\/ld+json\" class=\"yoast-schema-graph\">{\"@context\":\"https:\/\/schema.org\",\"@graph\":[{\"@type\":\"Article\",\"@id\":\"https:\/\/www.grandsformats.com\/2024\/06\/accord-majeur-changement-de-programme-musique-et-societe-apres-le-7-juillet\/#article\",\"isPartOf\":{\"@id\":\"https:\/\/www.grandsformats.com\/2024\/06\/accord-majeur-changement-de-programme-musique-et-societe-apres-le-7-juillet\/\"},\"author\":{\"name\":\"Laura Hanequand - Grands Formats\",\"@id\":\"https:\/\/www.grandsformats.com\/#\/schema\/person\/56c2866069b6967b2c7becd25c9b4dbb\"},\"headline\":\"ACCORD MAJEUR : Changement de programme : \u00ab Musique et soci\u00e9t\u00e9 apr\u00e8s le 7 juillet \u00bb\",\"datePublished\":\"2024-06-25T12:11:37+00:00\",\"mainEntityOfPage\":{\"@id\":\"https:\/\/www.grandsformats.com\/2024\/06\/accord-majeur-changement-de-programme-musique-et-societe-apres-le-7-juillet\/\"},\"wordCount\":439,\"commentCount\":0,\"publisher\":{\"@id\":\"https:\/\/www.grandsformats.com\/#organization\"},\"image\":{\"@id\":\"https:\/\/www.grandsformats.com\/2024\/06\/accord-majeur-changement-de-programme-musique-et-societe-apres-le-7-juillet\/#primaryimage\"},\"thumbnailUrl\":\"https:\/\/www.grandsformats.com\/wp-content\/uploads\/2024\/06\/NEWbanniereACCORDMAJEUR.jpg\",\"articleSection\":[\"Actus de la f\u00e9d\u00e9\",\"Ev\u00e8nements\"],\"inLanguage\":\"en-US\",\"potentialAction\":[{\"@type\":\"CommentAction\",\"name\":\"Comment\",\"target\":[\"https:\/\/www.grandsformats.com\/2024\/06\/accord-majeur-changement-de-programme-musique-et-societe-apres-le-7-juillet\/#respond\"]}]},{\"@type\":\"WebPage\",\"@id\":\"https:\/\/www.grandsformats.com\/2024\/06\/accord-majeur-changement-de-programme-musique-et-societe-apres-le-7-juillet\/\",\"url\":\"https:\/\/www.grandsformats.com\/2024\/06\/accord-majeur-changement-de-programme-musique-et-societe-apres-le-7-juillet\/\",\"name\":\"ACCORD MAJEUR : Changement de programme : \u00ab Musique et soci\u00e9t\u00e9 apr\u00e8s le 7 juillet \u00bb - Site officiel de la f\u00e9d\u00e9ration Grands Formats\",\"isPartOf\":{\"@id\":\"https:\/\/www.grandsformats.com\/#website\"},\"primaryImageOfPage\":{\"@id\":\"https:\/\/www.grandsformats.com\/2024\/06\/accord-majeur-changement-de-programme-musique-et-societe-apres-le-7-juillet\/#primaryimage\"},\"image\":{\"@id\":\"https:\/\/www.grandsformats.com\/2024\/06\/accord-majeur-changement-de-programme-musique-et-societe-apres-le-7-juillet\/#primaryimage\"},\"thumbnailUrl\":\"https:\/\/www.grandsformats.com\/wp-content\/uploads\/2024\/06\/NEWbanniereACCORDMAJEUR.jpg\",\"datePublished\":\"2024-06-25T12:11:37+00:00\",\"description\":\"Le contexte politique troubl\u00e9 nous obligent, en responsabilit\u00e9, \u00e0 changer le programme des Rencontres nationales Accord majeur...\",\"breadcrumb\":{\"@id\":\"https:\/\/www.grandsformats.com\/2024\/06\/accord-majeur-changement-de-programme-musique-et-societe-apres-le-7-juillet\/#breadcrumb\"},\"inLanguage\":\"en-US\",\"potentialAction\":[{\"@type\":\"ReadAction\",\"target\":[\"https:\/\/www.grandsformats.com\/2024\/06\/accord-majeur-changement-de-programme-musique-et-societe-apres-le-7-juillet\/\"]}]},{\"@type\":\"ImageObject\",\"inLanguage\":\"en-US\",\"@id\":\"https:\/\/www.grandsformats.com\/2024\/06\/accord-majeur-changement-de-programme-musique-et-societe-apres-le-7-juillet\/#primaryimage\",\"url\":\"https:\/\/www.grandsformats.com\/wp-content\/uploads\/2024\/06\/NEWbanniereACCORDMAJEUR.jpg\",\"contentUrl\":\"https:\/\/www.grandsformats.com\/wp-content\/uploads\/2024\/06\/NEWbanniereACCORDMAJEUR.jpg\",\"width\":1920,\"height\":1080,\"caption\":\"accord majeur\"},{\"@type\":\"BreadcrumbList\",\"@id\":\"https:\/\/www.grandsformats.com\/2024\/06\/accord-majeur-changement-de-programme-musique-et-societe-apres-le-7-juillet\/#breadcrumb\",\"itemListElement\":[{\"@type\":\"ListItem\",\"position\":1,\"name\":\"Accueil\",\"item\":\"https:\/\/www.grandsformats.com\/en\/\"},{\"@type\":\"ListItem\",\"position\":2,\"name\":\"ACCORD MAJEUR : Changement de programme : \u00ab Musique et soci\u00e9t\u00e9 apr\u00e8s le 7 juillet \u00bb\"}]},{\"@type\":\"WebSite\",\"@id\":\"https:\/\/www.grandsformats.com\/#website\",\"url\":\"https:\/\/www.grandsformats.com\/\",\"name\":\"Site officiel de la f\u00e9d\u00e9ration Grands Formats\",\"description\":\"F\u00e9d\u00e9ration d&#039;artistes pour la musique en grand !\",\"publisher\":{\"@id\":\"https:\/\/www.grandsformats.com\/#organization\"},\"potentialAction\":[{\"@type\":\"SearchAction\",\"target\":{\"@type\":\"EntryPoint\",\"urlTemplate\":\"https:\/\/www.grandsformats.com\/?s={search_term_string}\"},\"query-input\":{\"@type\":\"PropertyValueSpecification\",\"valueRequired\":true,\"valueName\":\"search_term_string\"}}],\"inLanguage\":\"en-US\"},{\"@type\":\"Organization\",\"@id\":\"https:\/\/www.grandsformats.com\/#organization\",\"name\":\"Grands Formats\",\"url\":\"https:\/\/www.grandsformats.com\/\",\"logo\":{\"@type\":\"ImageObject\",\"inLanguage\":\"en-US\",\"@id\":\"https:\/\/www.grandsformats.com\/#\/schema\/logo\/image\/\",\"url\":\"https:\/\/www.grandsformats.com\/wp-content\/uploads\/2020\/03\/logo-GF-200.png\",\"contentUrl\":\"https:\/\/www.grandsformats.com\/wp-content\/uploads\/2020\/03\/logo-GF-200.png\",\"width\":155,\"height\":200,\"caption\":\"Grands Formats\"},\"image\":{\"@id\":\"https:\/\/www.grandsformats.com\/#\/schema\/logo\/image\/\"},\"sameAs\":[\"https:\/\/www.facebook.com\/grandsformats\/\",\"https:\/\/x.com\/GrandsFormatsGF\",\"https:\/\/www.instagram.com\/grandsformats\/\",\"https:\/\/www.youtube.com\/channel\/UCJ7k9dbqc_DG-nxI3WMPvhw?view_as=subscriberhttps:\/\/www.youtube.com\/channel\/UCJ7k9dbqc_DG-nxI3WMPvhw?view_as=subscriber\"]},{\"@type\":\"Person\",\"@id\":\"https:\/\/www.grandsformats.com\/#\/schema\/person\/56c2866069b6967b2c7becd25c9b4dbb\",\"name\":\"Laura Hanequand - Grands Formats\",\"image\":{\"@type\":\"ImageObject\",\"inLanguage\":\"en-US\",\"@id\":\"https:\/\/www.grandsformats.com\/#\/schema\/person\/image\/\",\"url\":\"https:\/\/secure.gravatar.com\/avatar\/6d52edecb86835c2b7e81a2cdb8965ae325b4045b44f9043177428c622c06643?s=96&d=mm&r=g\",\"contentUrl\":\"https:\/\/secure.gravatar.com\/avatar\/6d52edecb86835c2b7e81a2cdb8965ae325b4045b44f9043177428c622c06643?s=96&d=mm&r=g\",\"caption\":\"Laura Hanequand - Grands Formats\"},\"url\":\"https:\/\/www.grandsformats.com\/en\/author\/lauragrandsformats-com\/\"}]}<\/script>\n<!-- \/ Yoast SEO plugin. -->","yoast_head_json":{"title":"ACCORD MAJEUR : Changement de programme : \u00ab Musique et soci\u00e9t\u00e9 apr\u00e8s le 7 juillet \u00bb - Site officiel de la f\u00e9d\u00e9ration Grands Formats","description":"Le contexte politique troubl\u00e9 nous obligent, en responsabilit\u00e9, \u00e0 changer le programme des Rencontres nationales Accord majeur...","robots":{"index":"index","follow":"follow","max-snippet":"max-snippet:-1","max-image-preview":"max-image-preview:large","max-video-preview":"max-video-preview:-1"},"canonical":"https:\/\/www.grandsformats.com\/2024\/06\/accord-majeur-changement-de-programme-musique-et-societe-apres-le-7-juillet\/","og_locale":"en_US","og_type":"article","og_title":"ACCORD MAJEUR : Changement de programme : \u00ab Musique et soci\u00e9t\u00e9 apr\u00e8s le 7 juillet \u00bb - Site officiel de la f\u00e9d\u00e9ration Grands Formats","og_description":"Le contexte politique troubl\u00e9 nous obligent, en responsabilit\u00e9, \u00e0 changer le programme des Rencontres nationales Accord majeur...","og_url":"https:\/\/www.grandsformats.com\/2024\/06\/accord-majeur-changement-de-programme-musique-et-societe-apres-le-7-juillet\/","og_site_name":"Site officiel de la f\u00e9d\u00e9ration Grands Formats","article_publisher":"https:\/\/www.facebook.com\/grandsformats\/","article_published_time":"2024-06-25T12:11:37+00:00","og_image":[{"width":1920,"height":1080,"url":"https:\/\/www.grandsformats.com\/wp-content\/uploads\/2024\/06\/NEWbanniereACCORDMAJEUR.jpg","type":"image\/jpeg"}],"author":"Laura Hanequand - Grands Formats","twitter_card":"summary_large_image","twitter_creator":"@GrandsFormatsGF","twitter_site":"@GrandsFormatsGF","twitter_misc":{"Written by":"Laura Hanequand - Grands Formats","Est. reading time":"3 minutes"},"schema":{"@context":"https:\/\/schema.org","@graph":[{"@type":"Article","@id":"https:\/\/www.grandsformats.com\/2024\/06\/accord-majeur-changement-de-programme-musique-et-societe-apres-le-7-juillet\/#article","isPartOf":{"@id":"https:\/\/www.grandsformats.com\/2024\/06\/accord-majeur-changement-de-programme-musique-et-societe-apres-le-7-juillet\/"},"author":{"name":"Laura Hanequand - Grands Formats","@id":"https:\/\/www.grandsformats.com\/#\/schema\/person\/56c2866069b6967b2c7becd25c9b4dbb"},"headline":"ACCORD MAJEUR : Changement de programme : \u00ab Musique et soci\u00e9t\u00e9 apr\u00e8s le 7 juillet \u00bb","datePublished":"2024-06-25T12:11:37+00:00","mainEntityOfPage":{"@id":"https:\/\/www.grandsformats.com\/2024\/06\/accord-majeur-changement-de-programme-musique-et-societe-apres-le-7-juillet\/"},"wordCount":439,"commentCount":0,"publisher":{"@id":"https:\/\/www.grandsformats.com\/#organization"},"image":{"@id":"https:\/\/www.grandsformats.com\/2024\/06\/accord-majeur-changement-de-programme-musique-et-societe-apres-le-7-juillet\/#primaryimage"},"thumbnailUrl":"https:\/\/www.grandsformats.com\/wp-content\/uploads\/2024\/06\/NEWbanniereACCORDMAJEUR.jpg","articleSection":["Actus de la f\u00e9d\u00e9","Ev\u00e8nements"],"inLanguage":"en-US","potentialAction":[{"@type":"CommentAction","name":"Comment","target":["https:\/\/www.grandsformats.com\/2024\/06\/accord-majeur-changement-de-programme-musique-et-societe-apres-le-7-juillet\/#respond"]}]},{"@type":"WebPage","@id":"https:\/\/www.grandsformats.com\/2024\/06\/accord-majeur-changement-de-programme-musique-et-societe-apres-le-7-juillet\/","url":"https:\/\/www.grandsformats.com\/2024\/06\/accord-majeur-changement-de-programme-musique-et-societe-apres-le-7-juillet\/","name":"ACCORD MAJEUR : Changement de programme : \u00ab Musique et soci\u00e9t\u00e9 apr\u00e8s le 7 juillet \u00bb - Site officiel de la f\u00e9d\u00e9ration Grands Formats","isPartOf":{"@id":"https:\/\/www.grandsformats.com\/#website"},"primaryImageOfPage":{"@id":"https:\/\/www.grandsformats.com\/2024\/06\/accord-majeur-changement-de-programme-musique-et-societe-apres-le-7-juillet\/#primaryimage"},"image":{"@id":"https:\/\/www.grandsformats.com\/2024\/06\/accord-majeur-changement-de-programme-musique-et-societe-apres-le-7-juillet\/#primaryimage"},"thumbnailUrl":"https:\/\/www.grandsformats.com\/wp-content\/uploads\/2024\/06\/NEWbanniereACCORDMAJEUR.jpg","datePublished":"2024-06-25T12:11:37+00:00","description":"Le contexte politique troubl\u00e9 nous obligent, en responsabilit\u00e9, \u00e0 changer le programme des Rencontres nationales Accord majeur...","breadcrumb":{"@id":"https:\/\/www.grandsformats.com\/2024\/06\/accord-majeur-changement-de-programme-musique-et-societe-apres-le-7-juillet\/#breadcrumb"},"inLanguage":"en-US","potentialAction":[{"@type":"ReadAction","target":["https:\/\/www.grandsformats.com\/2024\/06\/accord-majeur-changement-de-programme-musique-et-societe-apres-le-7-juillet\/"]}]},{"@type":"ImageObject","inLanguage":"en-US","@id":"https:\/\/www.grandsformats.com\/2024\/06\/accord-majeur-changement-de-programme-musique-et-societe-apres-le-7-juillet\/#primaryimage","url":"https:\/\/www.grandsformats.com\/wp-content\/uploads\/2024\/06\/NEWbanniereACCORDMAJEUR.jpg","contentUrl":"https:\/\/www.grandsformats.com\/wp-content\/uploads\/2024\/06\/NEWbanniereACCORDMAJEUR.jpg","width":1920,"height":1080,"caption":"accord majeur"},{"@type":"BreadcrumbList","@id":"https:\/\/www.grandsformats.com\/2024\/06\/accord-majeur-changement-de-programme-musique-et-societe-apres-le-7-juillet\/#breadcrumb","itemListElement":[{"@type":"ListItem","position":1,"name":"Accueil","item":"https:\/\/www.grandsformats.com\/en\/"},{"@type":"ListItem","position":2,"name":"ACCORD MAJEUR : Changement de programme : \u00ab Musique et soci\u00e9t\u00e9 apr\u00e8s le 7 juillet \u00bb"}]},{"@type":"WebSite","@id":"https:\/\/www.grandsformats.com\/#website","url":"https:\/\/www.grandsformats.com\/","name":"Site officiel de la f\u00e9d\u00e9ration Grands Formats","description":"F\u00e9d\u00e9ration d&#039;artistes pour la musique en grand !","publisher":{"@id":"https:\/\/www.grandsformats.com\/#organization"},"potentialAction":[{"@type":"SearchAction","target":{"@type":"EntryPoint","urlTemplate":"https:\/\/www.grandsformats.com\/?s={search_term_string}"},"query-input":{"@type":"PropertyValueSpecification","valueRequired":true,"valueName":"search_term_string"}}],"inLanguage":"en-US"},{"@type":"Organization","@id":"https:\/\/www.grandsformats.com\/#organization","name":"Grands Formats","url":"https:\/\/www.grandsformats.com\/","logo":{"@type":"ImageObject","inLanguage":"en-US","@id":"https:\/\/www.grandsformats.com\/#\/schema\/logo\/image\/","url":"https:\/\/www.grandsformats.com\/wp-content\/uploads\/2020\/03\/logo-GF-200.png","contentUrl":"https:\/\/www.grandsformats.com\/wp-content\/uploads\/2020\/03\/logo-GF-200.png","width":155,"height":200,"caption":"Grands Formats"},"image":{"@id":"https:\/\/www.grandsformats.com\/#\/schema\/logo\/image\/"},"sameAs":["https:\/\/www.facebook.com\/grandsformats\/","https:\/\/x.com\/GrandsFormatsGF","https:\/\/www.instagram.com\/grandsformats\/","https:\/\/www.youtube.com\/channel\/UCJ7k9dbqc_DG-nxI3WMPvhw?view_as=subscriberhttps:\/\/www.youtube.com\/channel\/UCJ7k9dbqc_DG-nxI3WMPvhw?view_as=subscriber"]},{"@type":"Person","@id":"https:\/\/www.grandsformats.com\/#\/schema\/person\/56c2866069b6967b2c7becd25c9b4dbb","name":"Laura Hanequand - Grands Formats","image":{"@type":"ImageObject","inLanguage":"en-US","@id":"https:\/\/www.grandsformats.com\/#\/schema\/person\/image\/","url":"https:\/\/secure.gravatar.com\/avatar\/6d52edecb86835c2b7e81a2cdb8965ae325b4045b44f9043177428c622c06643?s=96&d=mm&r=g","contentUrl":"https:\/\/secure.gravatar.com\/avatar\/6d52edecb86835c2b7e81a2cdb8965ae325b4045b44f9043177428c622c06643?s=96&d=mm&r=g","caption":"Laura Hanequand - Grands Formats"},"url":"https:\/\/www.grandsformats.com\/en\/author\/lauragrandsformats-com\/"}]}},"_links":{"self":[{"href":"https:\/\/www.grandsformats.com\/en\/wp-json\/wp\/v2\/posts\/30130","targetHints":{"allow":["GET"]}}],"collection":[{"href":"https:\/\/www.grandsformats.com\/en\/wp-json\/wp\/v2\/posts"}],"about":[{"href":"https:\/\/www.grandsformats.com\/en\/wp-json\/wp\/v2\/types\/post"}],"author":[{"embeddable":true,"href":"https:\/\/www.grandsformats.com\/en\/wp-json\/wp\/v2\/users\/161"}],"replies":[{"embeddable":true,"href":"https:\/\/www.grandsformats.com\/en\/wp-json\/wp\/v2\/comments?post=30130"}],"version-history":[{"count":5,"href":"https:\/\/www.grandsformats.com\/en\/wp-json\/wp\/v2\/posts\/30130\/revisions"}],"predecessor-version":[{"id":30137,"href":"https:\/\/www.grandsformats.com\/en\/wp-json\/wp\/v2\/posts\/30130\/revisions\/30137"}],"wp:featuredmedia":[{"embeddable":true,"href":"https:\/\/www.grandsformats.com\/en\/wp-json\/wp\/v2\/media\/30132"}],"wp:attachment":[{"href":"https:\/\/www.grandsformats.com\/en\/wp-json\/wp\/v2\/media?parent=30130"}],"wp:term":[{"taxonomy":"category","embeddable":true,"href":"https:\/\/www.grandsformats.com\/en\/wp-json\/wp\/v2\/categories?post=30130"},{"taxonomy":"post_tag","embeddable":true,"href":"https:\/\/www.grandsformats.com\/en\/wp-json\/wp\/v2\/tags?post=30130"}],"curies":[{"name":"wp","href":"https:\/\/api.w.org\/{rel}","templated":true}]}}