{"id":30033,"date":"2024-06-17T12:10:48","date_gmt":"2024-06-17T10:10:48","guid":{"rendered":"https:\/\/www.grandsformats.com\/?p=30033"},"modified":"2024-06-17T12:10:48","modified_gmt":"2024-06-17T10:10:48","slug":"communique-legislatives-2024-les-organisations-de-la-culture-sexpriment-dune-meme-voix","status":"publish","type":"post","link":"https:\/\/www.grandsformats.com\/en\/2024\/06\/communique-legislatives-2024-les-organisations-de-la-culture-sexpriment-dune-meme-voix\/","title":{"rendered":"COMMUNIQU\u00c9 \u2013 L\u00e9gislatives 2024 : Les organisations de la culture s\u2019expriment d\u2019une m\u00eame voix"},"content":{"rendered":"<p style=\"text-align: right;\"><em>Le 14 juin 2024<\/em><\/p>\n<p>\u00c0 l\u2019issue des \u00e9lections europ\u00e9ennes qui se sont tenues le 9 juin et suite \u00e0 la d\u00e9cision du pr\u00e9sident de la R\u00e9publique de dissoudre l\u2019Assembl\u00e9e Nationale et de convoquer des \u00e9lections l\u00e9gislatives sous trois semaines, l\u2019ensemble des organisations du spectacle vivant et de la culture signataires souhaitent s\u2019exprimer d\u2019une m\u00eame voix.<\/p>\n<p>Le risque d\u2019une arriv\u00e9e de l\u2019extr\u00eame droite au pouvoir est aujourd\u2019hui une r\u00e9alit\u00e9 concr\u00e8te.<\/p>\n<p>Nos organisations appellent toutes les forces politiques oppos\u00e9es au message de haine et de rejet qu\u2019incarne l\u2019extr\u00eame droite \u00e0 tout mettre en \u0153uvre dans les jours qui viennent pour faire obstacle au Rassemblement National et \u00e0 ses alli\u00e9s.<\/p>\n<p>Le monde des arts et de la culture est en prise directe avec la soci\u00e9t\u00e9 et ses \u00e9volutions. Il existe par la rencontre de l\u2019autre, la d\u00e9couverte de ses diff\u00e9rences, l\u2019expression de l\u2019intime, dans le respect des identit\u00e9s et de la diversit\u00e9.<\/p>\n<p>Il participe \u00e0 la construction collective d\u2019un avenir durable, vivable, d\u00e9sirable, plus juste. Autant de notions incompatibles avec les id\u00e9es de l\u2019extr\u00eame droite.<\/p>\n<p>Pour toutes ces raisons, nous appelons nos concitoyennes et concitoyens \u00e0 se mobiliser lors des prochaines \u00e9lections des 30 juin et 7 juillet pour faire barrage dans les urnes \u00e0 l\u2019extr\u00eame droite et \u00e0 anticiper d\u00e8s \u00e0 pr\u00e9sent leurs possibles procurations.<\/p>\n<p data-tabpoints=\"[{&quot;leader&quot;:&quot;0&quot;,&quot;id&quot;:&quot;0&quot;,&quot;align&quot;:&quot;0&quot;,&quot;point&quot;:&quot;0.09375in&quot;}]\" data-textformat=\"{&quot;ff&quot;:&quot;Archivo&quot;,&quot;fv&quot;:&quot;normal&quot;,&quot;td&quot;:&quot;none&quot;,&quot;cs&quot;:&quot;0pt&quot;,&quot;fw&quot;:&quot;bold&quot;,&quot;fgc&quot;:&quot;rgb(0,0,0)&quot;,&quot;size&quot;:&quot;10.00&quot;,&quot;va&quot;:&quot;baseline&quot;,&quot;type&quot;:&quot;text&quot;,&quot;fs&quot;:&quot;italic&quot;,&quot;bgc&quot;:&quot;rgb(255, 255, 255)&quot;}\" data-margin-bottom=\"0pt\" data-tab-info=\"[{&quot;leader&quot;:&quot;0&quot;,&quot;id&quot;:&quot;0&quot;,&quot;align&quot;:&quot;0&quot;,&quot;point&quot;:&quot;0.09375in&quot;}]\" data-line-height=\"1.2\" data-doc-id=\"2063805000002007196\" data-doc-type=\"writer\">\n<p class=\"zw-paragraph\" data-tabpoints=\"[{&quot;leader&quot;:&quot;0&quot;,&quot;id&quot;:&quot;0&quot;,&quot;align&quot;:&quot;0&quot;,&quot;point&quot;:&quot;0.09375in&quot;}]\" data-textformat=\"{&quot;ff&quot;:&quot;Archivo&quot;,&quot;fv&quot;:&quot;normal&quot;,&quot;td&quot;:&quot;none&quot;,&quot;cs&quot;:&quot;0pt&quot;,&quot;fw&quot;:&quot;bold&quot;,&quot;fgc&quot;:&quot;rgb(0,0,0)&quot;,&quot;size&quot;:&quot;10.00&quot;,&quot;va&quot;:&quot;baseline&quot;,&quot;type&quot;:&quot;text&quot;,&quot;fs&quot;:&quot;italic&quot;,&quot;bgc&quot;:&quot;rgb(255, 255, 255)&quot;}\" data-margin-bottom=\"0pt\" data-tab-info=\"[{&quot;leader&quot;:&quot;0&quot;,&quot;id&quot;:&quot;0&quot;,&quot;align&quot;:&quot;0&quot;,&quot;point&quot;:&quot;0.09375in&quot;}]\" data-line-height=\"1.2\" data-doc-id=\"2063805000002007196\" data-doc-type=\"writer\"><strong>Signataires :<\/strong><\/p>\n<p class=\"zw-paragraph heading0\" data-tabpoints=\"[{&quot;leader&quot;:&quot;0&quot;,&quot;id&quot;:&quot;0&quot;,&quot;align&quot;:&quot;0&quot;,&quot;point&quot;:&quot;0.09375in&quot;}]\" data-header=\"0\" data-textformat=\"{&quot;fgc&quot;:&quot;rgb(0, 0, 0)&quot;,&quot;size&quot;:&quot;10.00&quot;,&quot;type&quot;:&quot;text&quot;}\" data-margin-bottom=\"0pt\" data-hd-info=\"0\" data-tab-info=\"[{&quot;leader&quot;:&quot;0&quot;,&quot;id&quot;:&quot;0&quot;,&quot;align&quot;:&quot;0&quot;,&quot;point&quot;:&quot;0.09375in&quot;}]\" data-line-height=\"1.2\"><strong>ACTES PRO<\/strong>\u00a0\u2013 Association de compagnies professionnelles de spectacle vivant des Hauts-de-France<br \/>\n<strong>AJC<\/strong>\u00a0\u2013 Le r\u00e9seau de la diffusion du jazz en France et en Europe<br \/>\n<strong>ARVIVA<\/strong>\u00a0\u2013 Arts vivants, Arts durables<br \/>\n<strong>Collectif Jeune Public<\/strong>\u00a0des Hauts de France<br \/>\n<strong>Combo 95<\/strong>\u00a0\u2013 R\u00e9seau des Musiques Actuelles du Val d\u2019Oise<br \/>\n<strong>CRAC Hauts-de-France<br \/>\nDe Concert !\u00a0<\/strong>\u2013 F\u00e9d\u00e9ration internationale de Festivals<br \/>\n<strong>De la Suite dans les Images<\/strong><br \/>\n<strong>devenir\u00b7art<\/strong>\u00a0\u00b7 r\u00e9seau des arts visuels en Centre-Val de Loire<br \/>\n<strong>FAMDT<\/strong>\u00a0\u2013 F\u00e9d\u00e9ration des acteurs et actrices des musiques et danses traditionnelles<br \/>\n<strong>FEDELIMA<\/strong>\u00a0\u2013 F\u00e9d\u00e9ration des lieux de musiques actuelles<br \/>\n<strong>FELIN<\/strong>\u00a0\u2013 F\u00e9d\u00e9ration Nationale des Labels Ind\u00e9pendants<br \/>\n<strong>Fneijma<\/strong>\u00a0\u2013 F\u00e9d\u00e9ration Nationale des \u00c9coles d\u2019influence Jazz et Musiques Actuelles<br \/>\n<strong>Fraap<\/strong>\u00a0\u2013 F\u00e9d\u00e9ration des r\u00e9seaux et associations d\u2019artistes plasticiennes et plasticiens<br \/>\n<strong>FRACAMA<\/strong>\u00a0\u2013 F\u00e9d\u00e9ration et P\u00f4le Musiques Actuelles R\u00e9gion Centre-Val de Loire<br \/>\n<strong>F\u00e9d\u00e9chanson<\/strong>\u00a0\u2013 F\u00e9d\u00e9ration des actrices et acteurs de la chanson francophone<br \/>\n<strong>F\u00e9d\u00e9m\u00e9tal<\/strong>\u00a0\u2013 F\u00e9d\u00e9ration des Musiques M\u00e9talliques<br \/>\n<strong>F\u00e9d\u00e9rap<\/strong>\u00a0\u2022 groupement professionnel du rap<br \/>\n<strong>f\u00e9ma<\/strong>\u00a0\u2013 musiques actuelles en Bourgogne-Franche-Comt\u00e9<br \/>\n<strong>F\u00e9rarock<\/strong>\u00a0\u2013 F\u00e9d\u00e9ration de radios associatives de d\u00e9couvertes musicales<br \/>\n<strong>Grabuge<\/strong>\u00a0\u2013 R\u00e9seau des musiques actuelles du Grand Est<br \/>\n<strong>Grand Bureau<\/strong>\u00a0\u2013 R\u00e9seau des musiques actuelles en Auvergne-Rh\u00f4ne-Alpes<br \/>\n<strong>Grands Formats<\/strong>\u00a0\u2013 F\u00e9d\u00e9ration de grands ensembles et de collectifs d\u2019artistes<br \/>\n<strong>Haute Fid\u00e9lit\u00e9<\/strong>\u00a0\u2013 P\u00f4le des musiques actuelles en Hauts-de-France<br \/>\n<strong>Hauts-de-France en Sc\u00e8ne<\/strong><br \/>\n<strong>La Frasque<\/strong><br \/>\n<strong>Le P\u00f4le<\/strong>\u00a0de coop\u00e9ration de la Fili\u00e8re musicale en Pays de la Loire<br \/>\n<strong>Les Allum\u00e9s du Jazz<\/strong><br \/>\n<strong>MAAD 93<\/strong>\u00a0\u2013 R\u00e9seau\u00a0des musiques actuelles en\u00a0Seine-Saint-Denis<br \/>\n<strong>Octopus<\/strong>\u00a0\u2013 F\u00e9d\u00e9ration des Musiques Actuelles en Occitanie<br \/>\n<strong>PAM<\/strong>\u00a0\u2013 P\u00f4le de coop\u00e9ration des Acteurs de la fili\u00e8re Musicale En R\u00e9gion Sud &amp; Corse<br \/>\n<strong>Pioche! Magazine<\/strong><br \/>\n<strong>RIF<\/strong>\u00a0\u2013 R\u00e9seau des musiques actuelles en \u00cele-de-France<br \/>\n<strong>RIM<\/strong>\u00a0\u2013 R\u00e9seau des Ind\u00e9pendants de la Musique<br \/>\n<strong>Seize Mille<\/strong>\u00a0\u2013 R\u00e9seau art contemporain Bourgogne-Franche-Comt\u00e9<br \/>\n<strong>SMA \u2013<\/strong>\u00a0Syndicat des Musiques Actuelles<br \/>\n<strong>Supermab<\/strong>\u00a0\u2013 coop\u00e9ration pour les musiques actuelles en Bretagne<br \/>\n<strong>Technopol<\/strong>\u00a0\u2013 L\u2019association des musiques \u00e9lectroniques<br \/>\n<strong>Tempo<\/strong>\u00a0\u2013 R\u00e9seau des musiques actuelles de la m\u00e9tropole grenobloise<br \/>\n<strong>Zone Franche<\/strong>\u00a0\u2013 R\u00e9seau des Musiques du Monde<\/p>\n","protected":false},"excerpt":{"rendered":"<p>Le 14 juin 2024 \u00c0 l\u2019issue des \u00e9lections europ\u00e9ennes qui se sont tenues le 9 juin et suite \u00e0 la d\u00e9cision du pr\u00e9sident de la R\u00e9publique de dissoudre l\u2019Assembl\u00e9e Nationale et de convoquer des \u00e9lections l\u00e9gislatives sous trois semaines, l\u2019ensemble des organisations du spectacle vivant et de la culture signataires souhaitent s\u2019exprimer d\u2019une m\u00eame voix&#8230;.<\/p>\n<p><a rel=\"bookmark\" class=\"theme-button-text wvc-button wvc-button-size-xs\" href=\"https:\/\/www.grandsformats.com\/en\/2024\/06\/communique-legislatives-2024-les-organisations-de-la-culture-sexpriment-dune-meme-voix\/\"><small class=\"wvc-button-background-fill\"><\/small><span>Continue reading<\/span><\/a><\/p>\n","protected":false},"author":161,"featured_media":30034,"comment_status":"open","ping_status":"open","sticky":false,"template":"","format":"standard","meta":{"_acf_changed":false,"footnotes":""},"categories":[90,273],"tags":[],"class_list":["post-30033","post","type-post","status-publish","format-standard","has-post-thumbnail","hentry","category-grands-formats","category-communiques-lactu-de-la-fede","entry-post-skin-light","entry","clearfix","entry-grid","entry-columns-default","entry-post-module-layout-sidebar-right","thumbnail-color-tone-dark","metro-landscape","entry-post","entry-masonry","entry-post-masonry"],"acf":[],"yoast_head":"<!-- This site is optimized with the Yoast SEO plugin v25.8 - https:\/\/yoast.com\/wordpress\/plugins\/seo\/ -->\n<title>COMMUNIQU\u00c9 \u2013 L\u00e9gislatives 2024 : Les organisations de la culture s\u2019expriment d\u2019une m\u00eame voix - Site officiel de la f\u00e9d\u00e9ration Grands Formats<\/title>\n<meta name=\"description\" content=\"\u00c0 l\u2019issue des \u00e9lections europ\u00e9ennes qui se sont tenues le 9 juin et suite \u00e0 la d\u00e9cision du pr\u00e9sident de la R\u00e9publique de dissoudre...\" \/>\n<meta name=\"robots\" content=\"index, follow, max-snippet:-1, max-image-preview:large, max-video-preview:-1\" \/>\n<link rel=\"canonical\" href=\"https:\/\/www.grandsformats.com\/2024\/06\/communique-legislatives-2024-les-organisations-de-la-culture-sexpriment-dune-meme-voix\/\" \/>\n<meta property=\"og:locale\" content=\"en_US\" \/>\n<meta property=\"og:type\" content=\"article\" \/>\n<meta property=\"og:title\" content=\"COMMUNIQU\u00c9 \u2013 L\u00e9gislatives 2024 : Les organisations de la culture s\u2019expriment d\u2019une m\u00eame voix - Site officiel de la f\u00e9d\u00e9ration Grands Formats\" \/>\n<meta property=\"og:description\" content=\"\u00c0 l\u2019issue des \u00e9lections europ\u00e9ennes qui se sont tenues le 9 juin et suite \u00e0 la d\u00e9cision du pr\u00e9sident de la R\u00e9publique de dissoudre...\" \/>\n<meta property=\"og:url\" content=\"https:\/\/www.grandsformats.com\/2024\/06\/communique-legislatives-2024-les-organisations-de-la-culture-sexpriment-dune-meme-voix\/\" \/>\n<meta property=\"og:site_name\" content=\"Site officiel de la f\u00e9d\u00e9ration Grands Formats\" \/>\n<meta property=\"article:publisher\" content=\"https:\/\/www.facebook.com\/grandsformats\/\" \/>\n<meta property=\"article:published_time\" content=\"2024-06-17T10:10:48+00:00\" \/>\n<meta property=\"og:image\" content=\"https:\/\/www.grandsformats.com\/wp-content\/uploads\/2024\/06\/9_Bandeau-Logos-signataires.png\" \/>\n\t<meta property=\"og:image:width\" content=\"1280\" \/>\n\t<meta property=\"og:image:height\" content=\"720\" \/>\n\t<meta property=\"og:image:type\" content=\"image\/png\" \/>\n<meta name=\"author\" content=\"Laura Hanequand - Grands Formats\" \/>\n<meta name=\"twitter:card\" content=\"summary_large_image\" \/>\n<meta name=\"twitter:creator\" content=\"@GrandsFormatsGF\" \/>\n<meta name=\"twitter:site\" content=\"@GrandsFormatsGF\" \/>\n<meta name=\"twitter:label1\" content=\"Written by\" \/>\n\t<meta name=\"twitter:data1\" content=\"Laura Hanequand - Grands Formats\" \/>\n\t<meta name=\"twitter:label2\" content=\"Est. reading time\" \/>\n\t<meta name=\"twitter:data2\" content=\"3 minutes\" \/>\n<script type=\"application\/ld+json\" class=\"yoast-schema-graph\">{\"@context\":\"https:\/\/schema.org\",\"@graph\":[{\"@type\":\"Article\",\"@id\":\"https:\/\/www.grandsformats.com\/2024\/06\/communique-legislatives-2024-les-organisations-de-la-culture-sexpriment-dune-meme-voix\/#article\",\"isPartOf\":{\"@id\":\"https:\/\/www.grandsformats.com\/2024\/06\/communique-legislatives-2024-les-organisations-de-la-culture-sexpriment-dune-meme-voix\/\"},\"author\":{\"name\":\"Laura Hanequand - Grands Formats\",\"@id\":\"https:\/\/www.grandsformats.com\/#\/schema\/person\/56c2866069b6967b2c7becd25c9b4dbb\"},\"headline\":\"COMMUNIQU\u00c9 \u2013 L\u00e9gislatives 2024 : Les organisations de la culture s\u2019expriment d\u2019une m\u00eame voix\",\"datePublished\":\"2024-06-17T10:10:48+00:00\",\"mainEntityOfPage\":{\"@id\":\"https:\/\/www.grandsformats.com\/2024\/06\/communique-legislatives-2024-les-organisations-de-la-culture-sexpriment-dune-meme-voix\/\"},\"wordCount\":621,\"commentCount\":0,\"publisher\":{\"@id\":\"https:\/\/www.grandsformats.com\/#organization\"},\"image\":{\"@id\":\"https:\/\/www.grandsformats.com\/2024\/06\/communique-legislatives-2024-les-organisations-de-la-culture-sexpriment-dune-meme-voix\/#primaryimage\"},\"thumbnailUrl\":\"https:\/\/www.grandsformats.com\/wp-content\/uploads\/2024\/06\/9_Bandeau-Logos-signataires.png\",\"articleSection\":[\"Actus de la f\u00e9d\u00e9\",\"Contributions\"],\"inLanguage\":\"en-US\",\"potentialAction\":[{\"@type\":\"CommentAction\",\"name\":\"Comment\",\"target\":[\"https:\/\/www.grandsformats.com\/2024\/06\/communique-legislatives-2024-les-organisations-de-la-culture-sexpriment-dune-meme-voix\/#respond\"]}]},{\"@type\":\"WebPage\",\"@id\":\"https:\/\/www.grandsformats.com\/2024\/06\/communique-legislatives-2024-les-organisations-de-la-culture-sexpriment-dune-meme-voix\/\",\"url\":\"https:\/\/www.grandsformats.com\/2024\/06\/communique-legislatives-2024-les-organisations-de-la-culture-sexpriment-dune-meme-voix\/\",\"name\":\"COMMUNIQU\u00c9 \u2013 L\u00e9gislatives 2024 : Les organisations de la culture s\u2019expriment d\u2019une m\u00eame voix - Site officiel de la f\u00e9d\u00e9ration Grands Formats\",\"isPartOf\":{\"@id\":\"https:\/\/www.grandsformats.com\/#website\"},\"primaryImageOfPage\":{\"@id\":\"https:\/\/www.grandsformats.com\/2024\/06\/communique-legislatives-2024-les-organisations-de-la-culture-sexpriment-dune-meme-voix\/#primaryimage\"},\"image\":{\"@id\":\"https:\/\/www.grandsformats.com\/2024\/06\/communique-legislatives-2024-les-organisations-de-la-culture-sexpriment-dune-meme-voix\/#primaryimage\"},\"thumbnailUrl\":\"https:\/\/www.grandsformats.com\/wp-content\/uploads\/2024\/06\/9_Bandeau-Logos-signataires.png\",\"datePublished\":\"2024-06-17T10:10:48+00:00\",\"description\":\"\u00c0 l\u2019issue des \u00e9lections europ\u00e9ennes qui se sont tenues le 9 juin et suite \u00e0 la d\u00e9cision du pr\u00e9sident de la R\u00e9publique de dissoudre...\",\"breadcrumb\":{\"@id\":\"https:\/\/www.grandsformats.com\/2024\/06\/communique-legislatives-2024-les-organisations-de-la-culture-sexpriment-dune-meme-voix\/#breadcrumb\"},\"inLanguage\":\"en-US\",\"potentialAction\":[{\"@type\":\"ReadAction\",\"target\":[\"https:\/\/www.grandsformats.com\/2024\/06\/communique-legislatives-2024-les-organisations-de-la-culture-sexpriment-dune-meme-voix\/\"]}]},{\"@type\":\"ImageObject\",\"inLanguage\":\"en-US\",\"@id\":\"https:\/\/www.grandsformats.com\/2024\/06\/communique-legislatives-2024-les-organisations-de-la-culture-sexpriment-dune-meme-voix\/#primaryimage\",\"url\":\"https:\/\/www.grandsformats.com\/wp-content\/uploads\/2024\/06\/9_Bandeau-Logos-signataires.png\",\"contentUrl\":\"https:\/\/www.grandsformats.com\/wp-content\/uploads\/2024\/06\/9_Bandeau-Logos-signataires.png\",\"width\":1280,\"height\":720,\"caption\":\"communiqu\u00e9 l\u00e9gislatives\"},{\"@type\":\"BreadcrumbList\",\"@id\":\"https:\/\/www.grandsformats.com\/2024\/06\/communique-legislatives-2024-les-organisations-de-la-culture-sexpriment-dune-meme-voix\/#breadcrumb\",\"itemListElement\":[{\"@type\":\"ListItem\",\"position\":1,\"name\":\"Accueil\",\"item\":\"https:\/\/www.grandsformats.com\/en\/\"},{\"@type\":\"ListItem\",\"position\":2,\"name\":\"COMMUNIQU\u00c9 \u2013 L\u00e9gislatives 2024 : Les organisations de la culture s\u2019expriment d\u2019une m\u00eame voix\"}]},{\"@type\":\"WebSite\",\"@id\":\"https:\/\/www.grandsformats.com\/#website\",\"url\":\"https:\/\/www.grandsformats.com\/\",\"name\":\"Site officiel de la f\u00e9d\u00e9ration Grands Formats\",\"description\":\"F\u00e9d\u00e9ration d&#039;artistes pour la musique en grand !\",\"publisher\":{\"@id\":\"https:\/\/www.grandsformats.com\/#organization\"},\"potentialAction\":[{\"@type\":\"SearchAction\",\"target\":{\"@type\":\"EntryPoint\",\"urlTemplate\":\"https:\/\/www.grandsformats.com\/?s={search_term_string}\"},\"query-input\":{\"@type\":\"PropertyValueSpecification\",\"valueRequired\":true,\"valueName\":\"search_term_string\"}}],\"inLanguage\":\"en-US\"},{\"@type\":\"Organization\",\"@id\":\"https:\/\/www.grandsformats.com\/#organization\",\"name\":\"Grands Formats\",\"url\":\"https:\/\/www.grandsformats.com\/\",\"logo\":{\"@type\":\"ImageObject\",\"inLanguage\":\"en-US\",\"@id\":\"https:\/\/www.grandsformats.com\/#\/schema\/logo\/image\/\",\"url\":\"https:\/\/www.grandsformats.com\/wp-content\/uploads\/2020\/03\/logo-GF-200.png\",\"contentUrl\":\"https:\/\/www.grandsformats.com\/wp-content\/uploads\/2020\/03\/logo-GF-200.png\",\"width\":155,\"height\":200,\"caption\":\"Grands Formats\"},\"image\":{\"@id\":\"https:\/\/www.grandsformats.com\/#\/schema\/logo\/image\/\"},\"sameAs\":[\"https:\/\/www.facebook.com\/grandsformats\/\",\"https:\/\/x.com\/GrandsFormatsGF\",\"https:\/\/www.instagram.com\/grandsformats\/\",\"https:\/\/www.youtube.com\/channel\/UCJ7k9dbqc_DG-nxI3WMPvhw?view_as=subscriberhttps:\/\/www.youtube.com\/channel\/UCJ7k9dbqc_DG-nxI3WMPvhw?view_as=subscriber\"]},{\"@type\":\"Person\",\"@id\":\"https:\/\/www.grandsformats.com\/#\/schema\/person\/56c2866069b6967b2c7becd25c9b4dbb\",\"name\":\"Laura Hanequand - Grands Formats\",\"image\":{\"@type\":\"ImageObject\",\"inLanguage\":\"en-US\",\"@id\":\"https:\/\/www.grandsformats.com\/#\/schema\/person\/image\/\",\"url\":\"https:\/\/secure.gravatar.com\/avatar\/6d52edecb86835c2b7e81a2cdb8965ae325b4045b44f9043177428c622c06643?s=96&d=mm&r=g\",\"contentUrl\":\"https:\/\/secure.gravatar.com\/avatar\/6d52edecb86835c2b7e81a2cdb8965ae325b4045b44f9043177428c622c06643?s=96&d=mm&r=g\",\"caption\":\"Laura Hanequand - Grands Formats\"},\"url\":\"https:\/\/www.grandsformats.com\/en\/author\/lauragrandsformats-com\/\"}]}<\/script>\n<!-- \/ Yoast SEO plugin. -->","yoast_head_json":{"title":"COMMUNIQU\u00c9 \u2013 L\u00e9gislatives 2024 : Les organisations de la culture s\u2019expriment d\u2019une m\u00eame voix - Site officiel de la f\u00e9d\u00e9ration Grands Formats","description":"\u00c0 l\u2019issue des \u00e9lections europ\u00e9ennes qui se sont tenues le 9 juin et suite \u00e0 la d\u00e9cision du pr\u00e9sident de la R\u00e9publique de dissoudre...","robots":{"index":"index","follow":"follow","max-snippet":"max-snippet:-1","max-image-preview":"max-image-preview:large","max-video-preview":"max-video-preview:-1"},"canonical":"https:\/\/www.grandsformats.com\/2024\/06\/communique-legislatives-2024-les-organisations-de-la-culture-sexpriment-dune-meme-voix\/","og_locale":"en_US","og_type":"article","og_title":"COMMUNIQU\u00c9 \u2013 L\u00e9gislatives 2024 : Les organisations de la culture s\u2019expriment d\u2019une m\u00eame voix - Site officiel de la f\u00e9d\u00e9ration Grands Formats","og_description":"\u00c0 l\u2019issue des \u00e9lections europ\u00e9ennes qui se sont tenues le 9 juin et suite \u00e0 la d\u00e9cision du pr\u00e9sident de la R\u00e9publique de dissoudre...","og_url":"https:\/\/www.grandsformats.com\/2024\/06\/communique-legislatives-2024-les-organisations-de-la-culture-sexpriment-dune-meme-voix\/","og_site_name":"Site officiel de la f\u00e9d\u00e9ration Grands Formats","article_publisher":"https:\/\/www.facebook.com\/grandsformats\/","article_published_time":"2024-06-17T10:10:48+00:00","og_image":[{"width":1280,"height":720,"url":"https:\/\/www.grandsformats.com\/wp-content\/uploads\/2024\/06\/9_Bandeau-Logos-signataires.png","type":"image\/png"}],"author":"Laura Hanequand - Grands Formats","twitter_card":"summary_large_image","twitter_creator":"@GrandsFormatsGF","twitter_site":"@GrandsFormatsGF","twitter_misc":{"Written by":"Laura Hanequand - Grands Formats","Est. reading time":"3 minutes"},"schema":{"@context":"https:\/\/schema.org","@graph":[{"@type":"Article","@id":"https:\/\/www.grandsformats.com\/2024\/06\/communique-legislatives-2024-les-organisations-de-la-culture-sexpriment-dune-meme-voix\/#article","isPartOf":{"@id":"https:\/\/www.grandsformats.com\/2024\/06\/communique-legislatives-2024-les-organisations-de-la-culture-sexpriment-dune-meme-voix\/"},"author":{"name":"Laura Hanequand - Grands Formats","@id":"https:\/\/www.grandsformats.com\/#\/schema\/person\/56c2866069b6967b2c7becd25c9b4dbb"},"headline":"COMMUNIQU\u00c9 \u2013 L\u00e9gislatives 2024 : Les organisations de la culture s\u2019expriment d\u2019une m\u00eame voix","datePublished":"2024-06-17T10:10:48+00:00","mainEntityOfPage":{"@id":"https:\/\/www.grandsformats.com\/2024\/06\/communique-legislatives-2024-les-organisations-de-la-culture-sexpriment-dune-meme-voix\/"},"wordCount":621,"commentCount":0,"publisher":{"@id":"https:\/\/www.grandsformats.com\/#organization"},"image":{"@id":"https:\/\/www.grandsformats.com\/2024\/06\/communique-legislatives-2024-les-organisations-de-la-culture-sexpriment-dune-meme-voix\/#primaryimage"},"thumbnailUrl":"https:\/\/www.grandsformats.com\/wp-content\/uploads\/2024\/06\/9_Bandeau-Logos-signataires.png","articleSection":["Actus de la f\u00e9d\u00e9","Contributions"],"inLanguage":"en-US","potentialAction":[{"@type":"CommentAction","name":"Comment","target":["https:\/\/www.grandsformats.com\/2024\/06\/communique-legislatives-2024-les-organisations-de-la-culture-sexpriment-dune-meme-voix\/#respond"]}]},{"@type":"WebPage","@id":"https:\/\/www.grandsformats.com\/2024\/06\/communique-legislatives-2024-les-organisations-de-la-culture-sexpriment-dune-meme-voix\/","url":"https:\/\/www.grandsformats.com\/2024\/06\/communique-legislatives-2024-les-organisations-de-la-culture-sexpriment-dune-meme-voix\/","name":"COMMUNIQU\u00c9 \u2013 L\u00e9gislatives 2024 : Les organisations de la culture s\u2019expriment d\u2019une m\u00eame voix - Site officiel de la f\u00e9d\u00e9ration Grands Formats","isPartOf":{"@id":"https:\/\/www.grandsformats.com\/#website"},"primaryImageOfPage":{"@id":"https:\/\/www.grandsformats.com\/2024\/06\/communique-legislatives-2024-les-organisations-de-la-culture-sexpriment-dune-meme-voix\/#primaryimage"},"image":{"@id":"https:\/\/www.grandsformats.com\/2024\/06\/communique-legislatives-2024-les-organisations-de-la-culture-sexpriment-dune-meme-voix\/#primaryimage"},"thumbnailUrl":"https:\/\/www.grandsformats.com\/wp-content\/uploads\/2024\/06\/9_Bandeau-Logos-signataires.png","datePublished":"2024-06-17T10:10:48+00:00","description":"\u00c0 l\u2019issue des \u00e9lections europ\u00e9ennes qui se sont tenues le 9 juin et suite \u00e0 la d\u00e9cision du pr\u00e9sident de la R\u00e9publique de dissoudre...","breadcrumb":{"@id":"https:\/\/www.grandsformats.com\/2024\/06\/communique-legislatives-2024-les-organisations-de-la-culture-sexpriment-dune-meme-voix\/#breadcrumb"},"inLanguage":"en-US","potentialAction":[{"@type":"ReadAction","target":["https:\/\/www.grandsformats.com\/2024\/06\/communique-legislatives-2024-les-organisations-de-la-culture-sexpriment-dune-meme-voix\/"]}]},{"@type":"ImageObject","inLanguage":"en-US","@id":"https:\/\/www.grandsformats.com\/2024\/06\/communique-legislatives-2024-les-organisations-de-la-culture-sexpriment-dune-meme-voix\/#primaryimage","url":"https:\/\/www.grandsformats.com\/wp-content\/uploads\/2024\/06\/9_Bandeau-Logos-signataires.png","contentUrl":"https:\/\/www.grandsformats.com\/wp-content\/uploads\/2024\/06\/9_Bandeau-Logos-signataires.png","width":1280,"height":720,"caption":"communiqu\u00e9 l\u00e9gislatives"},{"@type":"BreadcrumbList","@id":"https:\/\/www.grandsformats.com\/2024\/06\/communique-legislatives-2024-les-organisations-de-la-culture-sexpriment-dune-meme-voix\/#breadcrumb","itemListElement":[{"@type":"ListItem","position":1,"name":"Accueil","item":"https:\/\/www.grandsformats.com\/en\/"},{"@type":"ListItem","position":2,"name":"COMMUNIQU\u00c9 \u2013 L\u00e9gislatives 2024 : Les organisations de la culture s\u2019expriment d\u2019une m\u00eame voix"}]},{"@type":"WebSite","@id":"https:\/\/www.grandsformats.com\/#website","url":"https:\/\/www.grandsformats.com\/","name":"Site officiel de la f\u00e9d\u00e9ration Grands Formats","description":"F\u00e9d\u00e9ration d&#039;artistes pour la musique en grand !","publisher":{"@id":"https:\/\/www.grandsformats.com\/#organization"},"potentialAction":[{"@type":"SearchAction","target":{"@type":"EntryPoint","urlTemplate":"https:\/\/www.grandsformats.com\/?s={search_term_string}"},"query-input":{"@type":"PropertyValueSpecification","valueRequired":true,"valueName":"search_term_string"}}],"inLanguage":"en-US"},{"@type":"Organization","@id":"https:\/\/www.grandsformats.com\/#organization","name":"Grands Formats","url":"https:\/\/www.grandsformats.com\/","logo":{"@type":"ImageObject","inLanguage":"en-US","@id":"https:\/\/www.grandsformats.com\/#\/schema\/logo\/image\/","url":"https:\/\/www.grandsformats.com\/wp-content\/uploads\/2020\/03\/logo-GF-200.png","contentUrl":"https:\/\/www.grandsformats.com\/wp-content\/uploads\/2020\/03\/logo-GF-200.png","width":155,"height":200,"caption":"Grands Formats"},"image":{"@id":"https:\/\/www.grandsformats.com\/#\/schema\/logo\/image\/"},"sameAs":["https:\/\/www.facebook.com\/grandsformats\/","https:\/\/x.com\/GrandsFormatsGF","https:\/\/www.instagram.com\/grandsformats\/","https:\/\/www.youtube.com\/channel\/UCJ7k9dbqc_DG-nxI3WMPvhw?view_as=subscriberhttps:\/\/www.youtube.com\/channel\/UCJ7k9dbqc_DG-nxI3WMPvhw?view_as=subscriber"]},{"@type":"Person","@id":"https:\/\/www.grandsformats.com\/#\/schema\/person\/56c2866069b6967b2c7becd25c9b4dbb","name":"Laura Hanequand - Grands Formats","image":{"@type":"ImageObject","inLanguage":"en-US","@id":"https:\/\/www.grandsformats.com\/#\/schema\/person\/image\/","url":"https:\/\/secure.gravatar.com\/avatar\/6d52edecb86835c2b7e81a2cdb8965ae325b4045b44f9043177428c622c06643?s=96&d=mm&r=g","contentUrl":"https:\/\/secure.gravatar.com\/avatar\/6d52edecb86835c2b7e81a2cdb8965ae325b4045b44f9043177428c622c06643?s=96&d=mm&r=g","caption":"Laura Hanequand - Grands Formats"},"url":"https:\/\/www.grandsformats.com\/en\/author\/lauragrandsformats-com\/"}]}},"_links":{"self":[{"href":"https:\/\/www.grandsformats.com\/en\/wp-json\/wp\/v2\/posts\/30033","targetHints":{"allow":["GET"]}}],"collection":[{"href":"https:\/\/www.grandsformats.com\/en\/wp-json\/wp\/v2\/posts"}],"about":[{"href":"https:\/\/www.grandsformats.com\/en\/wp-json\/wp\/v2\/types\/post"}],"author":[{"embeddable":true,"href":"https:\/\/www.grandsformats.com\/en\/wp-json\/wp\/v2\/users\/161"}],"replies":[{"embeddable":true,"href":"https:\/\/www.grandsformats.com\/en\/wp-json\/wp\/v2\/comments?post=30033"}],"version-history":[{"count":1,"href":"https:\/\/www.grandsformats.com\/en\/wp-json\/wp\/v2\/posts\/30033\/revisions"}],"predecessor-version":[{"id":30036,"href":"https:\/\/www.grandsformats.com\/en\/wp-json\/wp\/v2\/posts\/30033\/revisions\/30036"}],"wp:featuredmedia":[{"embeddable":true,"href":"https:\/\/www.grandsformats.com\/en\/wp-json\/wp\/v2\/media\/30034"}],"wp:attachment":[{"href":"https:\/\/www.grandsformats.com\/en\/wp-json\/wp\/v2\/media?parent=30033"}],"wp:term":[{"taxonomy":"category","embeddable":true,"href":"https:\/\/www.grandsformats.com\/en\/wp-json\/wp\/v2\/categories?post=30033"},{"taxonomy":"post_tag","embeddable":true,"href":"https:\/\/www.grandsformats.com\/en\/wp-json\/wp\/v2\/tags?post=30033"}],"curies":[{"name":"wp","href":"https:\/\/api.w.org\/{rel}","templated":true}]}}