{"id":30004,"date":"2024-06-13T14:34:52","date_gmt":"2024-06-13T12:34:52","guid":{"rendered":"https:\/\/www.grandsformats.com\/?p=30004"},"modified":"2024-06-13T15:30:43","modified_gmt":"2024-06-13T13:30:43","slug":"soiree-collision-collective-a-lajmi-a-avignon-le-10-juillet","status":"publish","type":"post","link":"https:\/\/www.grandsformats.com\/en\/2024\/06\/soiree-collision-collective-a-lajmi-a-avignon-le-10-juillet\/","title":{"rendered":"Soir\u00e9e Collision Collective \u00e0 l&#8217;AJMI \u00e0 Avignon le 10 juillet !"},"content":{"rendered":"<p>Collision Collective c\u00e9l\u00e8brera son premier temps fort <strong>le mercredi 10 juillet \u00e0 partir de 20h30 \u00e0 <a href=\"https:\/\/www.ajmi.fr\/\">l&#8217;AJMI<\/a> \u00e0 Avignon<\/strong> avec les collectifs <strong>Onze Heures Onze<\/strong>, <strong>Nai N\u00f4 Production<\/strong> et <strong>Pousse-Pousse Productions<\/strong> !<br \/>\nChaque collectif a choisi de mettre en lumi\u00e8re un de ses projets musicaux, pour une respiration jazz unique en son genre en plein Festival d\u2019Avignon.<\/p>\n<p>&nbsp;<\/p>\n<p style=\"text-align: center;\"><strong>PROGRAMME<\/strong><\/p>\n<figure id=\"attachment_30005\" aria-describedby=\"caption-attachment-30005\" style=\"width: 1024px\" class=\"wp-caption alignnone\"><img loading=\"lazy\" decoding=\"async\" class=\"wp-image-30005 size-large\" src=\"https:\/\/www.grandsformats.com\/wp-content\/uploads\/2024\/06\/HererMeyer-EDIT-\u00a9-Remi-DenisStephanie-Knibbe-1024x576.png\" alt=\"\" width=\"1024\" height=\"576\" srcset=\"https:\/\/www.grandsformats.com\/wp-content\/uploads\/2024\/06\/HererMeyer-EDIT-\u00a9-Remi-DenisStephanie-Knibbe-1024x576.png 1024w, https:\/\/www.grandsformats.com\/wp-content\/uploads\/2024\/06\/HererMeyer-EDIT-\u00a9-Remi-DenisStephanie-Knibbe-300x169.png 300w, https:\/\/www.grandsformats.com\/wp-content\/uploads\/2024\/06\/HererMeyer-EDIT-\u00a9-Remi-DenisStephanie-Knibbe-768x432.png 768w, https:\/\/www.grandsformats.com\/wp-content\/uploads\/2024\/06\/HererMeyer-EDIT-\u00a9-Remi-DenisStephanie-Knibbe-1536x864.png 1536w, https:\/\/www.grandsformats.com\/wp-content\/uploads\/2024\/06\/HererMeyer-EDIT-\u00a9-Remi-DenisStephanie-Knibbe-2048x1152.png 2048w, https:\/\/www.grandsformats.com\/wp-content\/uploads\/2024\/06\/HererMeyer-EDIT-\u00a9-Remi-DenisStephanie-Knibbe-1013x570.png 1013w, https:\/\/www.grandsformats.com\/wp-content\/uploads\/2024\/06\/HererMeyer-EDIT-\u00a9-Remi-DenisStephanie-Knibbe-500x281.png 500w, https:\/\/www.grandsformats.com\/wp-content\/uploads\/2024\/06\/HererMeyer-EDIT-\u00a9-Remi-DenisStephanie-Knibbe-550x309.png 550w, https:\/\/www.grandsformats.com\/wp-content\/uploads\/2024\/06\/HererMeyer-EDIT-\u00a9-Remi-DenisStephanie-Knibbe-700x394.png 700w, https:\/\/www.grandsformats.com\/wp-content\/uploads\/2024\/06\/HererMeyer-EDIT-\u00a9-Remi-DenisStephanie-Knibbe-400x225.png 400w, https:\/\/www.grandsformats.com\/wp-content\/uploads\/2024\/06\/HererMeyer-EDIT-\u00a9-Remi-DenisStephanie-Knibbe-1920x1080.png 1920w, https:\/\/www.grandsformats.com\/wp-content\/uploads\/2024\/06\/HererMeyer-EDIT-\u00a9-Remi-DenisStephanie-Knibbe-640x360.png 640w, https:\/\/www.grandsformats.com\/wp-content\/uploads\/2024\/06\/HererMeyer-EDIT-\u00a9-Remi-DenisStephanie-Knibbe-2000x1125.png 2000w\" sizes=\"auto, (max-width: 1024px) 100vw, 1024px\" \/><figcaption id=\"caption-attachment-30005\" class=\"wp-caption-text\"><span style=\"color: #808080; font-size: 10pt;\">Alexandre Herer &amp; Juliette Meyer \u00a9 St\u00e9phanie Knibbe<\/span><\/figcaption><\/figure>\n<p style=\"text-align: center;\">20h30 \u2013 21h15<br \/>\n<strong>ALEXANDRE HERER &amp; JULIETTE MEYER<br \/>\n(<a href=\"http:\/\/www.onzeheuresonze.com\/\">Onze Heures Onze<\/a>)<\/strong><\/p>\n<p>D\u2019un c\u00f4t\u00e9 la voix de Juliette Meyer, timbr\u00e9e ou non, d\u2019o\u00f9 s\u2019\u00e9chappe une langue de syllabes et babils ; de l\u2019autre le Fender Rhodes d\u2019Alexandre Herer, harmonique et dissonant, d\u2019o\u00f9 d\u00e9filent des paysages de min\u00e9rale d\u00e9licatesse. L\u2019entente entre les deux est simple, foudroyante. Leur duo climatique \u00e0 l\u2019orchestration sobre nous entra\u00eene dans un road-movie planant sur les traces d\u2019esp\u00e8ces en voie de disparition.<\/p>\n<p class=\"p1\"><em><b>Juliette Meyer<\/b> : voix<span class=\"Apple-converted-space\"><br \/>\n<\/span><b>Alexandre Herer <\/b>: Fender Rhodes<span class=\"Apple-converted-space\">\u00a0<\/span><\/em><\/p>\n<p>&nbsp;<\/p>\n<figure id=\"attachment_30009\" aria-describedby=\"caption-attachment-30009\" style=\"width: 1024px\" class=\"wp-caption aligncenter\"><img loading=\"lazy\" decoding=\"async\" class=\"wp-image-30009 size-large\" src=\"https:\/\/www.grandsformats.com\/wp-content\/uploads\/2024\/06\/Shan_AJMI-by-clin-10-3-1024x576.png\" alt=\"Shan \u00a9 Philippe Clin\" width=\"1024\" height=\"576\" srcset=\"https:\/\/www.grandsformats.com\/wp-content\/uploads\/2024\/06\/Shan_AJMI-by-clin-10-3-1024x576.png 1024w, https:\/\/www.grandsformats.com\/wp-content\/uploads\/2024\/06\/Shan_AJMI-by-clin-10-3-300x169.png 300w, https:\/\/www.grandsformats.com\/wp-content\/uploads\/2024\/06\/Shan_AJMI-by-clin-10-3-768x432.png 768w, https:\/\/www.grandsformats.com\/wp-content\/uploads\/2024\/06\/Shan_AJMI-by-clin-10-3-1536x864.png 1536w, https:\/\/www.grandsformats.com\/wp-content\/uploads\/2024\/06\/Shan_AJMI-by-clin-10-3-1013x570.png 1013w, https:\/\/www.grandsformats.com\/wp-content\/uploads\/2024\/06\/Shan_AJMI-by-clin-10-3-500x281.png 500w, https:\/\/www.grandsformats.com\/wp-content\/uploads\/2024\/06\/Shan_AJMI-by-clin-10-3-550x309.png 550w, https:\/\/www.grandsformats.com\/wp-content\/uploads\/2024\/06\/Shan_AJMI-by-clin-10-3-700x394.png 700w, https:\/\/www.grandsformats.com\/wp-content\/uploads\/2024\/06\/Shan_AJMI-by-clin-10-3-400x225.png 400w, https:\/\/www.grandsformats.com\/wp-content\/uploads\/2024\/06\/Shan_AJMI-by-clin-10-3-640x360.png 640w, https:\/\/www.grandsformats.com\/wp-content\/uploads\/2024\/06\/Shan_AJMI-by-clin-10-3.png 1920w\" sizes=\"auto, (max-width: 1024px) 100vw, 1024px\" \/><figcaption id=\"caption-attachment-30009\" class=\"wp-caption-text\"><span style=\"color: #808080; font-size: 10pt;\">Shan \u00a9 Philippe Clin<\/span><\/figcaption><\/figure>\n<p style=\"text-align: center;\">21h30 \u2013 22h15<br \/>\n<strong>SHAN<br \/>\n(<a href=\"http:\/\/nainoprod.com\/\">Na\u00ef N\u00f4 Production<\/a>)<\/strong><\/p>\n<p>La musique de Shan \u00e9merge de l\u2019union de trois musiciens plong\u00e9s dans une conversation improvis\u00e9e, avec pour toile de fond, la contemplation de la montagne. De ses plus intimes fr\u00e9missements \u00e0 ses tourbillons assourdissants, jusqu\u2019\u00e0 son silence abyssal, ils capturent l\u2019essence m\u00eame des forces \u00e9l\u00e9mentaires qui animent ce paysage majestueux. Leur musique devient alors le reflet vivant, organique, min\u00e9ral de cette rencontre entre les hommes et la nature.<br \/>\n\u00c0 l\u2019occasion de ce concert, Julien Pontvianne (saxophone, clarinette) sera remplac\u00e9 par la saxophoniste tenor Sigrid Aftret, invit\u00e9e dans le cadre de la nouvelle cr\u00e9ation du trio.<\/p>\n<p class=\"p1\"><em><b>Pascal Charrier<\/b> : guitare<\/em><br \/>\n<em><b>Ariel Tessier<\/b> : batterie<\/em><br \/>\n<em><b>Sigrid Aftret <\/b>: saxophone t\u00e9nor<\/em><\/p>\n<p>&nbsp;<\/p>\n<figure id=\"attachment_30007\" aria-describedby=\"caption-attachment-30007\" style=\"width: 1024px\" class=\"wp-caption alignnone\"><img loading=\"lazy\" decoding=\"async\" class=\"wp-image-30007 size-full\" src=\"https:\/\/www.grandsformats.com\/wp-content\/uploads\/2024\/06\/NBTigrecanapestudio2023-cop-ThanhHaBui.jpg\" alt=\"Tigres et canap\u00e9s \u00a9 ThanhHaBui\" width=\"1024\" height=\"683\" srcset=\"https:\/\/www.grandsformats.com\/wp-content\/uploads\/2024\/06\/NBTigrecanapestudio2023-cop-ThanhHaBui.jpg 1024w, https:\/\/www.grandsformats.com\/wp-content\/uploads\/2024\/06\/NBTigrecanapestudio2023-cop-ThanhHaBui-300x200.jpg 300w, https:\/\/www.grandsformats.com\/wp-content\/uploads\/2024\/06\/NBTigrecanapestudio2023-cop-ThanhHaBui-768x512.jpg 768w, https:\/\/www.grandsformats.com\/wp-content\/uploads\/2024\/06\/NBTigrecanapestudio2023-cop-ThanhHaBui-855x570.jpg 855w, https:\/\/www.grandsformats.com\/wp-content\/uploads\/2024\/06\/NBTigrecanapestudio2023-cop-ThanhHaBui-500x333.jpg 500w, https:\/\/www.grandsformats.com\/wp-content\/uploads\/2024\/06\/NBTigrecanapestudio2023-cop-ThanhHaBui-550x367.jpg 550w, https:\/\/www.grandsformats.com\/wp-content\/uploads\/2024\/06\/NBTigrecanapestudio2023-cop-ThanhHaBui-700x467.jpg 700w, https:\/\/www.grandsformats.com\/wp-content\/uploads\/2024\/06\/NBTigrecanapestudio2023-cop-ThanhHaBui-400x267.jpg 400w\" sizes=\"auto, (max-width: 1024px) 100vw, 1024px\" \/><figcaption id=\"caption-attachment-30007\" class=\"wp-caption-text\"><span style=\"color: #808080; font-size: 10pt;\">Tigres et canap\u00e9s \u00a9 ThanhHaBui<\/span><\/figcaption><\/figure>\n<p style=\"text-align: center;\">22h30 \u2013 23h15<br \/>\n<strong>TIGRES ET CANAP\u00c9S<br \/>\n(<a href=\"https:\/\/www.poussepousseprod.com\/\">Pousse-Pousse Productions<\/a>)<\/strong><\/p>\n<p>Compos\u00e9e de cinq musiciens professionnels actifs sur la sc\u00e8ne internationnale dr\u00f4moise, la fanfare Tigres et canap\u00e9s d\u00e9veloppe une musique tout la fois confortable et ensauvag\u00e9e, qui se crie comme s\u2019\u00e9coute. Une proposition sans sommation de jazz moderne tint\u00e9e de rock-m\u00e9tal \u00e0 d\u00e9couvrir dans la rue ou sur sc\u00e8ne. Ces compositions audacieuses, rageusement ficel\u00e9es, ne laissent pas les passants indiff\u00e9rents, frappent les spectateurs par leur singularit\u00e9s. \u00c0 l\u2019initiative du projet : L\u00e9o Jeannet, trompettiste et compositeur, et Gaby Schenke, saxophoniste et compositrice.<\/p>\n<p class=\"p1\"><em><b>Valentin Meylan<\/b> : trompette<\/em><br \/>\n<em><b>L\u00e9o Jeannet<\/b> : trompette, compositions<\/em><br \/>\n<em><b>Gaby Schenke <\/b>: saxophone t\u00e9nor, compositions<\/em><br \/>\n<em><b>Eric Exbrayat <\/b>: soubassophone<\/em><br \/>\n<em><b>Nicolas Serret <\/b>: batterie<\/em><\/p>\n<p>&nbsp;<\/p>\n<p><img loading=\"lazy\" decoding=\"async\" class=\"wp-image-30018 aligncenter\" src=\"https:\/\/www.grandsformats.com\/wp-content\/uploads\/2024\/06\/bandeau-logos-2-1024x215.jpg\" alt=\"\" width=\"604\" height=\"133\" \/><\/p>\n<hr \/>\n<p><strong><span class=\"s1\">Collision Collective est une initiative de diffusion inter-collectifs cr\u00e9\u00e9e en 2023 par une quinzaine de collectifs fran\u00e7ais de jazz<span class=\"Apple-converted-space\">\u00a0 <\/span>et de musiques improvis\u00e9es et par Grands Formats, la f\u00e9d\u00e9ration des grands ensembles et collectifs de jazz et de musiques improvis\u00e9es.<\/span><\/strong><\/p>\n<p class=\"p3\">Tentant d\u2019apporter une r\u00e9ponse \u00e0 la crise de la diffusion qui frappe alors le secteur ind\u00e9pendant du jazz et des musiques improvis\u00e9es, elle prend la suite d\u2019une premi\u00e8re exp\u00e9rience du m\u00eame nom, men\u00e9e par quelques-uns de ces collectifs entre 2015 et 2017.<\/p>\n<p class=\"p3\">Face aux d\u00e9fis croissants pour la diffusion des propositions musicales les plus cr\u00e9atives et les plus ambitieuses, nous avons fait le choix de d\u00e9velopper et de valoriser l\u2019organisation d\u2019\u00e9v\u00e9nements inter-collectifs sur le territoire, en restituant aux artistes la souverainet\u00e9 sur la diffusion de leur travail. Le relancement de l\u2019initiative Collision Collective souhaite \u00e0 la fois apporter une r\u00e9ponse directe<span class=\"Apple-converted-space\">\u00a0 <\/span>aux contraintes subies par les artistes<span class=\"Apple-converted-space\">\u00a0 <\/span>et ouvrir la voie \u00e0 une cr\u00e9ativit\u00e9 lib\u00e9r\u00e9e et \u00e0 une expression artistique authentique, c\u00e9l\u00e9brant par la m\u00eame occasion les valeurs du collectif.<\/p>\n<p class=\"p3\">En multipliant les opportunit\u00e9s pour le public de d\u00e9couvrir toute la richesse des musiques improvis\u00e9es, Collision Collective s\u2019attache \u00e0 offrir des exp\u00e9riences culturelles uniques et \u00e9mancipatrices !<\/p>\n","protected":false},"excerpt":{"rendered":"<p>Collision Collective c\u00e9l\u00e8brera son premier temps fort le mercredi 10 juillet \u00e0 partir de 20h30 \u00e0 l&#8217;AJMI \u00e0 Avignon avec les collectifs Onze Heures Onze, Nai N\u00f4 Production et Pousse-Pousse Productions ! Chaque collectif a choisi de mettre en lumi\u00e8re un de ses projets musicaux, pour une respiration jazz unique en son genre en plein&#8230;<\/p>\n<p><a rel=\"bookmark\" class=\"theme-button-text wvc-button wvc-button-size-xs\" href=\"https:\/\/www.grandsformats.com\/en\/2024\/06\/soiree-collision-collective-a-lajmi-a-avignon-le-10-juillet\/\"><small class=\"wvc-button-background-fill\"><\/small><span>Continue reading<\/span><\/a><\/p>\n","protected":false},"author":161,"featured_media":30013,"comment_status":"open","ping_status":"open","sticky":false,"template":"","format":"standard","meta":{"_acf_changed":false,"footnotes":""},"categories":[90,95,733,862,923],"tags":[],"class_list":["post-30004","post","type-post","status-publish","format-standard","has-post-thumbnail","hentry","category-grands-formats","category-membres","category-kami-octet","category-onze-heures-onze","category-pousse-pousse-production","entry-post-skin-light","entry","clearfix","entry-grid","entry-columns-default","entry-post-module-layout-sidebar-right","thumbnail-color-tone-dark","metro-landscape","entry-post","entry-masonry","entry-post-masonry"],"acf":[],"yoast_head":"<!-- This site is optimized with the Yoast SEO plugin v25.8 - https:\/\/yoast.com\/wordpress\/plugins\/seo\/ -->\n<title>Soir\u00e9e Collision Collective \u00e0 l&#039;AJMI \u00e0 Avignon le 10 juillet ! - Site officiel de la f\u00e9d\u00e9ration Grands Formats<\/title>\n<meta name=\"description\" content=\"Collision Collective c\u00e9l\u00e8brera son premier temps fort le mercredi 10 juillet \u00e0 l&#039;AJMI \u00e0 Avignon avec les collectifs Onze Heures Onze...\" \/>\n<meta name=\"robots\" content=\"index, follow, max-snippet:-1, max-image-preview:large, max-video-preview:-1\" \/>\n<link rel=\"canonical\" href=\"https:\/\/www.grandsformats.com\/2024\/06\/soiree-collision-collective-a-lajmi-a-avignon-le-10-juillet\/\" \/>\n<meta property=\"og:locale\" content=\"en_US\" \/>\n<meta property=\"og:type\" content=\"article\" \/>\n<meta property=\"og:title\" content=\"Soir\u00e9e Collision Collective \u00e0 l&#039;AJMI \u00e0 Avignon le 10 juillet ! - Site officiel de la f\u00e9d\u00e9ration Grands Formats\" \/>\n<meta property=\"og:description\" content=\"Collision Collective c\u00e9l\u00e8brera son premier temps fort le mercredi 10 juillet \u00e0 l&#039;AJMI \u00e0 Avignon avec les collectifs Onze Heures Onze...\" \/>\n<meta property=\"og:url\" content=\"https:\/\/www.grandsformats.com\/2024\/06\/soiree-collision-collective-a-lajmi-a-avignon-le-10-juillet\/\" \/>\n<meta property=\"og:site_name\" content=\"Site officiel de la f\u00e9d\u00e9ration Grands Formats\" \/>\n<meta property=\"article:publisher\" content=\"https:\/\/www.facebook.com\/grandsformats\/\" \/>\n<meta property=\"article:published_time\" content=\"2024-06-13T12:34:52+00:00\" \/>\n<meta property=\"article:modified_time\" content=\"2024-06-13T13:30:43+00:00\" \/>\n<meta property=\"og:image\" content=\"https:\/\/www.grandsformats.com\/wp-content\/uploads\/2024\/06\/Banniere1920x1080.jpg\" \/>\n\t<meta property=\"og:image:width\" content=\"1920\" \/>\n\t<meta property=\"og:image:height\" content=\"1080\" \/>\n\t<meta property=\"og:image:type\" content=\"image\/jpeg\" \/>\n<meta name=\"author\" content=\"Laura Hanequand - Grands Formats\" \/>\n<meta name=\"twitter:card\" content=\"summary_large_image\" \/>\n<meta name=\"twitter:creator\" content=\"@GrandsFormatsGF\" \/>\n<meta name=\"twitter:site\" content=\"@GrandsFormatsGF\" \/>\n<meta name=\"twitter:label1\" content=\"Written by\" \/>\n\t<meta name=\"twitter:data1\" content=\"Laura Hanequand - Grands Formats\" \/>\n\t<meta name=\"twitter:label2\" content=\"Est. reading time\" \/>\n\t<meta name=\"twitter:data2\" content=\"4 minutes\" \/>\n<script type=\"application\/ld+json\" class=\"yoast-schema-graph\">{\"@context\":\"https:\/\/schema.org\",\"@graph\":[{\"@type\":\"Article\",\"@id\":\"https:\/\/www.grandsformats.com\/2024\/06\/soiree-collision-collective-a-lajmi-a-avignon-le-10-juillet\/#article\",\"isPartOf\":{\"@id\":\"https:\/\/www.grandsformats.com\/2024\/06\/soiree-collision-collective-a-lajmi-a-avignon-le-10-juillet\/\"},\"author\":{\"name\":\"Laura Hanequand - Grands Formats\",\"@id\":\"https:\/\/www.grandsformats.com\/#\/schema\/person\/56c2866069b6967b2c7becd25c9b4dbb\"},\"headline\":\"Soir\u00e9e Collision Collective \u00e0 l&#8217;AJMI \u00e0 Avignon le 10 juillet !\",\"datePublished\":\"2024-06-13T12:34:52+00:00\",\"dateModified\":\"2024-06-13T13:30:43+00:00\",\"mainEntityOfPage\":{\"@id\":\"https:\/\/www.grandsformats.com\/2024\/06\/soiree-collision-collective-a-lajmi-a-avignon-le-10-juillet\/\"},\"wordCount\":667,\"commentCount\":0,\"publisher\":{\"@id\":\"https:\/\/www.grandsformats.com\/#organization\"},\"image\":{\"@id\":\"https:\/\/www.grandsformats.com\/2024\/06\/soiree-collision-collective-a-lajmi-a-avignon-le-10-juillet\/#primaryimage\"},\"thumbnailUrl\":\"https:\/\/www.grandsformats.com\/wp-content\/uploads\/2024\/06\/Banniere1920x1080.jpg\",\"articleSection\":[\"Actus de la f\u00e9d\u00e9\",\"Actus des membres\",\"Kami Octet\",\"Onze Heures Onze\",\"Pousse Pousse Production\"],\"inLanguage\":\"en-US\",\"potentialAction\":[{\"@type\":\"CommentAction\",\"name\":\"Comment\",\"target\":[\"https:\/\/www.grandsformats.com\/2024\/06\/soiree-collision-collective-a-lajmi-a-avignon-le-10-juillet\/#respond\"]}]},{\"@type\":\"WebPage\",\"@id\":\"https:\/\/www.grandsformats.com\/2024\/06\/soiree-collision-collective-a-lajmi-a-avignon-le-10-juillet\/\",\"url\":\"https:\/\/www.grandsformats.com\/2024\/06\/soiree-collision-collective-a-lajmi-a-avignon-le-10-juillet\/\",\"name\":\"Soir\u00e9e Collision Collective \u00e0 l'AJMI \u00e0 Avignon le 10 juillet ! - Site officiel de la f\u00e9d\u00e9ration Grands Formats\",\"isPartOf\":{\"@id\":\"https:\/\/www.grandsformats.com\/#website\"},\"primaryImageOfPage\":{\"@id\":\"https:\/\/www.grandsformats.com\/2024\/06\/soiree-collision-collective-a-lajmi-a-avignon-le-10-juillet\/#primaryimage\"},\"image\":{\"@id\":\"https:\/\/www.grandsformats.com\/2024\/06\/soiree-collision-collective-a-lajmi-a-avignon-le-10-juillet\/#primaryimage\"},\"thumbnailUrl\":\"https:\/\/www.grandsformats.com\/wp-content\/uploads\/2024\/06\/Banniere1920x1080.jpg\",\"datePublished\":\"2024-06-13T12:34:52+00:00\",\"dateModified\":\"2024-06-13T13:30:43+00:00\",\"description\":\"Collision Collective c\u00e9l\u00e8brera son premier temps fort le mercredi 10 juillet \u00e0 l'AJMI \u00e0 Avignon avec les collectifs Onze Heures Onze...\",\"breadcrumb\":{\"@id\":\"https:\/\/www.grandsformats.com\/2024\/06\/soiree-collision-collective-a-lajmi-a-avignon-le-10-juillet\/#breadcrumb\"},\"inLanguage\":\"en-US\",\"potentialAction\":[{\"@type\":\"ReadAction\",\"target\":[\"https:\/\/www.grandsformats.com\/2024\/06\/soiree-collision-collective-a-lajmi-a-avignon-le-10-juillet\/\"]}]},{\"@type\":\"ImageObject\",\"inLanguage\":\"en-US\",\"@id\":\"https:\/\/www.grandsformats.com\/2024\/06\/soiree-collision-collective-a-lajmi-a-avignon-le-10-juillet\/#primaryimage\",\"url\":\"https:\/\/www.grandsformats.com\/wp-content\/uploads\/2024\/06\/Banniere1920x1080.jpg\",\"contentUrl\":\"https:\/\/www.grandsformats.com\/wp-content\/uploads\/2024\/06\/Banniere1920x1080.jpg\",\"width\":1920,\"height\":1080,\"caption\":\"collision collective avignon\"},{\"@type\":\"BreadcrumbList\",\"@id\":\"https:\/\/www.grandsformats.com\/2024\/06\/soiree-collision-collective-a-lajmi-a-avignon-le-10-juillet\/#breadcrumb\",\"itemListElement\":[{\"@type\":\"ListItem\",\"position\":1,\"name\":\"Accueil\",\"item\":\"https:\/\/www.grandsformats.com\/en\/\"},{\"@type\":\"ListItem\",\"position\":2,\"name\":\"Soir\u00e9e Collision Collective \u00e0 l&rsquo;AJMI \u00e0 Avignon le 10 juillet !\"}]},{\"@type\":\"WebSite\",\"@id\":\"https:\/\/www.grandsformats.com\/#website\",\"url\":\"https:\/\/www.grandsformats.com\/\",\"name\":\"Site officiel de la f\u00e9d\u00e9ration Grands Formats\",\"description\":\"F\u00e9d\u00e9ration d&#039;artistes pour la musique en grand !\",\"publisher\":{\"@id\":\"https:\/\/www.grandsformats.com\/#organization\"},\"potentialAction\":[{\"@type\":\"SearchAction\",\"target\":{\"@type\":\"EntryPoint\",\"urlTemplate\":\"https:\/\/www.grandsformats.com\/?s={search_term_string}\"},\"query-input\":{\"@type\":\"PropertyValueSpecification\",\"valueRequired\":true,\"valueName\":\"search_term_string\"}}],\"inLanguage\":\"en-US\"},{\"@type\":\"Organization\",\"@id\":\"https:\/\/www.grandsformats.com\/#organization\",\"name\":\"Grands Formats\",\"url\":\"https:\/\/www.grandsformats.com\/\",\"logo\":{\"@type\":\"ImageObject\",\"inLanguage\":\"en-US\",\"@id\":\"https:\/\/www.grandsformats.com\/#\/schema\/logo\/image\/\",\"url\":\"https:\/\/www.grandsformats.com\/wp-content\/uploads\/2020\/03\/logo-GF-200.png\",\"contentUrl\":\"https:\/\/www.grandsformats.com\/wp-content\/uploads\/2020\/03\/logo-GF-200.png\",\"width\":155,\"height\":200,\"caption\":\"Grands Formats\"},\"image\":{\"@id\":\"https:\/\/www.grandsformats.com\/#\/schema\/logo\/image\/\"},\"sameAs\":[\"https:\/\/www.facebook.com\/grandsformats\/\",\"https:\/\/x.com\/GrandsFormatsGF\",\"https:\/\/www.instagram.com\/grandsformats\/\",\"https:\/\/www.youtube.com\/channel\/UCJ7k9dbqc_DG-nxI3WMPvhw?view_as=subscriberhttps:\/\/www.youtube.com\/channel\/UCJ7k9dbqc_DG-nxI3WMPvhw?view_as=subscriber\"]},{\"@type\":\"Person\",\"@id\":\"https:\/\/www.grandsformats.com\/#\/schema\/person\/56c2866069b6967b2c7becd25c9b4dbb\",\"name\":\"Laura Hanequand - Grands Formats\",\"image\":{\"@type\":\"ImageObject\",\"inLanguage\":\"en-US\",\"@id\":\"https:\/\/www.grandsformats.com\/#\/schema\/person\/image\/\",\"url\":\"https:\/\/secure.gravatar.com\/avatar\/6d52edecb86835c2b7e81a2cdb8965ae325b4045b44f9043177428c622c06643?s=96&d=mm&r=g\",\"contentUrl\":\"https:\/\/secure.gravatar.com\/avatar\/6d52edecb86835c2b7e81a2cdb8965ae325b4045b44f9043177428c622c06643?s=96&d=mm&r=g\",\"caption\":\"Laura Hanequand - Grands Formats\"},\"url\":\"https:\/\/www.grandsformats.com\/en\/author\/lauragrandsformats-com\/\"}]}<\/script>\n<!-- \/ Yoast SEO plugin. -->","yoast_head_json":{"title":"Soir\u00e9e Collision Collective \u00e0 l'AJMI \u00e0 Avignon le 10 juillet ! - Site officiel de la f\u00e9d\u00e9ration Grands Formats","description":"Collision Collective c\u00e9l\u00e8brera son premier temps fort le mercredi 10 juillet \u00e0 l'AJMI \u00e0 Avignon avec les collectifs Onze Heures Onze...","robots":{"index":"index","follow":"follow","max-snippet":"max-snippet:-1","max-image-preview":"max-image-preview:large","max-video-preview":"max-video-preview:-1"},"canonical":"https:\/\/www.grandsformats.com\/2024\/06\/soiree-collision-collective-a-lajmi-a-avignon-le-10-juillet\/","og_locale":"en_US","og_type":"article","og_title":"Soir\u00e9e Collision Collective \u00e0 l'AJMI \u00e0 Avignon le 10 juillet ! - Site officiel de la f\u00e9d\u00e9ration Grands Formats","og_description":"Collision Collective c\u00e9l\u00e8brera son premier temps fort le mercredi 10 juillet \u00e0 l'AJMI \u00e0 Avignon avec les collectifs Onze Heures Onze...","og_url":"https:\/\/www.grandsformats.com\/2024\/06\/soiree-collision-collective-a-lajmi-a-avignon-le-10-juillet\/","og_site_name":"Site officiel de la f\u00e9d\u00e9ration Grands Formats","article_publisher":"https:\/\/www.facebook.com\/grandsformats\/","article_published_time":"2024-06-13T12:34:52+00:00","article_modified_time":"2024-06-13T13:30:43+00:00","og_image":[{"width":1920,"height":1080,"url":"https:\/\/www.grandsformats.com\/wp-content\/uploads\/2024\/06\/Banniere1920x1080.jpg","type":"image\/jpeg"}],"author":"Laura Hanequand - Grands Formats","twitter_card":"summary_large_image","twitter_creator":"@GrandsFormatsGF","twitter_site":"@GrandsFormatsGF","twitter_misc":{"Written by":"Laura Hanequand - Grands Formats","Est. reading time":"4 minutes"},"schema":{"@context":"https:\/\/schema.org","@graph":[{"@type":"Article","@id":"https:\/\/www.grandsformats.com\/2024\/06\/soiree-collision-collective-a-lajmi-a-avignon-le-10-juillet\/#article","isPartOf":{"@id":"https:\/\/www.grandsformats.com\/2024\/06\/soiree-collision-collective-a-lajmi-a-avignon-le-10-juillet\/"},"author":{"name":"Laura Hanequand - Grands Formats","@id":"https:\/\/www.grandsformats.com\/#\/schema\/person\/56c2866069b6967b2c7becd25c9b4dbb"},"headline":"Soir\u00e9e Collision Collective \u00e0 l&#8217;AJMI \u00e0 Avignon le 10 juillet !","datePublished":"2024-06-13T12:34:52+00:00","dateModified":"2024-06-13T13:30:43+00:00","mainEntityOfPage":{"@id":"https:\/\/www.grandsformats.com\/2024\/06\/soiree-collision-collective-a-lajmi-a-avignon-le-10-juillet\/"},"wordCount":667,"commentCount":0,"publisher":{"@id":"https:\/\/www.grandsformats.com\/#organization"},"image":{"@id":"https:\/\/www.grandsformats.com\/2024\/06\/soiree-collision-collective-a-lajmi-a-avignon-le-10-juillet\/#primaryimage"},"thumbnailUrl":"https:\/\/www.grandsformats.com\/wp-content\/uploads\/2024\/06\/Banniere1920x1080.jpg","articleSection":["Actus de la f\u00e9d\u00e9","Actus des membres","Kami Octet","Onze Heures Onze","Pousse Pousse Production"],"inLanguage":"en-US","potentialAction":[{"@type":"CommentAction","name":"Comment","target":["https:\/\/www.grandsformats.com\/2024\/06\/soiree-collision-collective-a-lajmi-a-avignon-le-10-juillet\/#respond"]}]},{"@type":"WebPage","@id":"https:\/\/www.grandsformats.com\/2024\/06\/soiree-collision-collective-a-lajmi-a-avignon-le-10-juillet\/","url":"https:\/\/www.grandsformats.com\/2024\/06\/soiree-collision-collective-a-lajmi-a-avignon-le-10-juillet\/","name":"Soir\u00e9e Collision Collective \u00e0 l'AJMI \u00e0 Avignon le 10 juillet ! - Site officiel de la f\u00e9d\u00e9ration Grands Formats","isPartOf":{"@id":"https:\/\/www.grandsformats.com\/#website"},"primaryImageOfPage":{"@id":"https:\/\/www.grandsformats.com\/2024\/06\/soiree-collision-collective-a-lajmi-a-avignon-le-10-juillet\/#primaryimage"},"image":{"@id":"https:\/\/www.grandsformats.com\/2024\/06\/soiree-collision-collective-a-lajmi-a-avignon-le-10-juillet\/#primaryimage"},"thumbnailUrl":"https:\/\/www.grandsformats.com\/wp-content\/uploads\/2024\/06\/Banniere1920x1080.jpg","datePublished":"2024-06-13T12:34:52+00:00","dateModified":"2024-06-13T13:30:43+00:00","description":"Collision Collective c\u00e9l\u00e8brera son premier temps fort le mercredi 10 juillet \u00e0 l'AJMI \u00e0 Avignon avec les collectifs Onze Heures Onze...","breadcrumb":{"@id":"https:\/\/www.grandsformats.com\/2024\/06\/soiree-collision-collective-a-lajmi-a-avignon-le-10-juillet\/#breadcrumb"},"inLanguage":"en-US","potentialAction":[{"@type":"ReadAction","target":["https:\/\/www.grandsformats.com\/2024\/06\/soiree-collision-collective-a-lajmi-a-avignon-le-10-juillet\/"]}]},{"@type":"ImageObject","inLanguage":"en-US","@id":"https:\/\/www.grandsformats.com\/2024\/06\/soiree-collision-collective-a-lajmi-a-avignon-le-10-juillet\/#primaryimage","url":"https:\/\/www.grandsformats.com\/wp-content\/uploads\/2024\/06\/Banniere1920x1080.jpg","contentUrl":"https:\/\/www.grandsformats.com\/wp-content\/uploads\/2024\/06\/Banniere1920x1080.jpg","width":1920,"height":1080,"caption":"collision collective avignon"},{"@type":"BreadcrumbList","@id":"https:\/\/www.grandsformats.com\/2024\/06\/soiree-collision-collective-a-lajmi-a-avignon-le-10-juillet\/#breadcrumb","itemListElement":[{"@type":"ListItem","position":1,"name":"Accueil","item":"https:\/\/www.grandsformats.com\/en\/"},{"@type":"ListItem","position":2,"name":"Soir\u00e9e Collision Collective \u00e0 l&rsquo;AJMI \u00e0 Avignon le 10 juillet !"}]},{"@type":"WebSite","@id":"https:\/\/www.grandsformats.com\/#website","url":"https:\/\/www.grandsformats.com\/","name":"Site officiel de la f\u00e9d\u00e9ration Grands Formats","description":"F\u00e9d\u00e9ration d&#039;artistes pour la musique en grand !","publisher":{"@id":"https:\/\/www.grandsformats.com\/#organization"},"potentialAction":[{"@type":"SearchAction","target":{"@type":"EntryPoint","urlTemplate":"https:\/\/www.grandsformats.com\/?s={search_term_string}"},"query-input":{"@type":"PropertyValueSpecification","valueRequired":true,"valueName":"search_term_string"}}],"inLanguage":"en-US"},{"@type":"Organization","@id":"https:\/\/www.grandsformats.com\/#organization","name":"Grands Formats","url":"https:\/\/www.grandsformats.com\/","logo":{"@type":"ImageObject","inLanguage":"en-US","@id":"https:\/\/www.grandsformats.com\/#\/schema\/logo\/image\/","url":"https:\/\/www.grandsformats.com\/wp-content\/uploads\/2020\/03\/logo-GF-200.png","contentUrl":"https:\/\/www.grandsformats.com\/wp-content\/uploads\/2020\/03\/logo-GF-200.png","width":155,"height":200,"caption":"Grands Formats"},"image":{"@id":"https:\/\/www.grandsformats.com\/#\/schema\/logo\/image\/"},"sameAs":["https:\/\/www.facebook.com\/grandsformats\/","https:\/\/x.com\/GrandsFormatsGF","https:\/\/www.instagram.com\/grandsformats\/","https:\/\/www.youtube.com\/channel\/UCJ7k9dbqc_DG-nxI3WMPvhw?view_as=subscriberhttps:\/\/www.youtube.com\/channel\/UCJ7k9dbqc_DG-nxI3WMPvhw?view_as=subscriber"]},{"@type":"Person","@id":"https:\/\/www.grandsformats.com\/#\/schema\/person\/56c2866069b6967b2c7becd25c9b4dbb","name":"Laura Hanequand - Grands Formats","image":{"@type":"ImageObject","inLanguage":"en-US","@id":"https:\/\/www.grandsformats.com\/#\/schema\/person\/image\/","url":"https:\/\/secure.gravatar.com\/avatar\/6d52edecb86835c2b7e81a2cdb8965ae325b4045b44f9043177428c622c06643?s=96&d=mm&r=g","contentUrl":"https:\/\/secure.gravatar.com\/avatar\/6d52edecb86835c2b7e81a2cdb8965ae325b4045b44f9043177428c622c06643?s=96&d=mm&r=g","caption":"Laura Hanequand - Grands Formats"},"url":"https:\/\/www.grandsformats.com\/en\/author\/lauragrandsformats-com\/"}]}},"_links":{"self":[{"href":"https:\/\/www.grandsformats.com\/en\/wp-json\/wp\/v2\/posts\/30004","targetHints":{"allow":["GET"]}}],"collection":[{"href":"https:\/\/www.grandsformats.com\/en\/wp-json\/wp\/v2\/posts"}],"about":[{"href":"https:\/\/www.grandsformats.com\/en\/wp-json\/wp\/v2\/types\/post"}],"author":[{"embeddable":true,"href":"https:\/\/www.grandsformats.com\/en\/wp-json\/wp\/v2\/users\/161"}],"replies":[{"embeddable":true,"href":"https:\/\/www.grandsformats.com\/en\/wp-json\/wp\/v2\/comments?post=30004"}],"version-history":[{"count":5,"href":"https:\/\/www.grandsformats.com\/en\/wp-json\/wp\/v2\/posts\/30004\/revisions"}],"predecessor-version":[{"id":30023,"href":"https:\/\/www.grandsformats.com\/en\/wp-json\/wp\/v2\/posts\/30004\/revisions\/30023"}],"wp:featuredmedia":[{"embeddable":true,"href":"https:\/\/www.grandsformats.com\/en\/wp-json\/wp\/v2\/media\/30013"}],"wp:attachment":[{"href":"https:\/\/www.grandsformats.com\/en\/wp-json\/wp\/v2\/media?parent=30004"}],"wp:term":[{"taxonomy":"category","embeddable":true,"href":"https:\/\/www.grandsformats.com\/en\/wp-json\/wp\/v2\/categories?post=30004"},{"taxonomy":"post_tag","embeddable":true,"href":"https:\/\/www.grandsformats.com\/en\/wp-json\/wp\/v2\/tags?post=30004"}],"curies":[{"name":"wp","href":"https:\/\/api.w.org\/{rel}","templated":true}]}}