{"id":29830,"date":"2024-06-04T11:45:57","date_gmt":"2024-06-04T09:45:57","guid":{"rendered":"https:\/\/www.grandsformats.com\/?p=29830"},"modified":"2024-06-04T11:45:57","modified_gmt":"2024-06-04T09:45:57","slug":"arfi-il-etait-une-fois-en-bresse-un-concert-participatif-dans-lain","status":"publish","type":"post","link":"https:\/\/www.grandsformats.com\/en\/2024\/06\/arfi-il-etait-une-fois-en-bresse-un-concert-participatif-dans-lain\/","title":{"rendered":"ARFI : \u00ab Il \u00e9tait une fois en Bresse \u00bb \u2013 un concert participatif dans l\u2019Ain"},"content":{"rendered":"<p><strong>Une cr\u00e9ation participative \u00e0 l&#8217;\u00e9chelle d\u2019un territoire sur le th\u00e8me du Western !<\/strong><\/p>\n<p>\u00ab Il \u00e9tait une fois en Bresse \u00bb est une proposition de cr\u00e9ation participative \u00e0 l&#8217;\u00e9chelle d\u2019un territoire, qui prend la forme finale d&#8217;un cin\u00e9-concert pr\u00e9vu le 8 juin \u00e0 la salle multim\u00e9dia de Foissiat (Ain) d\u00e8s 18h. Tous les ingr\u00e9dients (les films, les bruitages, la musique) sont cr\u00e9\u00e9s en lien avec les participants du territoire. Le but est d&#8217;associer \u00e9coliers, coll\u00e9giens, musiciens, ainsi que les habitants d\u2019une mani\u00e8re g\u00e9n\u00e9rale et les services du patrimoine, pour mettre en sons et en images tout l&#8217;imaginaire des participants \u00e0 travers le genre cin\u00e9matographique du Western. La cr\u00e9ation musicale est port\u00e9e par le trio de cuivres de l\u2019ARFI \u00ab Les Incendiaires \u00bb. Ils travaillent avec un orchestre constitu\u00e9 de musiciens volontaires du territoire. Guillaume Grenard et Olivier Bost \u00e9crivent des arrangements de morceaux d&#8217;Ennio Morricone adapt\u00e9s \u00e0 l&#8217;effectif et au niveau de l&#8217;ensemble et apr\u00e8s un travail r\u00e9gulier de r\u00e9p\u00e9tition, o\u00f9 les composantes visuelles sont peu \u00e0 peu int\u00e9gr\u00e9es, l\u2019orchestre et le trio jouent la musique en direct pendant la diffusion des petits films cr\u00e9\u00e9s et r\u00e9alis\u00e9s sp\u00e9cialement pour le projet.<\/p>\n<p>L&#8217;ARFI, en immersion en Conf\u00e9rence Bresse et ses 25 communes, m\u00e8ne actuellement une r\u00e9sidence nomm\u00e9e \u00ab Atlas Imaginaire d\u2019une Bresse L\u00e9gendaire \u00bb. Ainsi, les artistes du collectif d\u00e9ploient plusieurs actions d\u2019\u00e9ducation artistique et culturelle, telles que la r\u00e9alisation d&#8217;un cin\u00e9-concert participatif sur le territoire, des interventions au sein des \u00e9coles et des coll\u00e8ges (chant, po\u00e9sie, vid\u00e9o, bruitage, travail de la voix&#8230;) et des balades artistiques.<\/p>\n<p><a href=\"https:\/\/www.grandbourg.fr\/4032-reservation-cine-concert-il-etait-une-fois-en-bresse.htm\"><span style=\"text-decoration: underline;\"><strong>&gt; R\u00e9servation<\/strong><\/span><\/a><\/p>\n","protected":false},"excerpt":{"rendered":"<p>Une cr\u00e9ation participative \u00e0 l&#8217;\u00e9chelle d\u2019un territoire sur le th\u00e8me du Western ! \u00ab Il \u00e9tait une fois en Bresse \u00bb est une proposition de cr\u00e9ation participative \u00e0 l&#8217;\u00e9chelle d\u2019un territoire, qui prend la forme finale d&#8217;un cin\u00e9-concert pr\u00e9vu le 8 juin \u00e0 la salle multim\u00e9dia de Foissiat (Ain) d\u00e8s 18h. Tous les ingr\u00e9dients (les&#8230;<\/p>\n<p><a rel=\"bookmark\" class=\"theme-button-text wvc-button wvc-button-size-xs\" href=\"https:\/\/www.grandsformats.com\/en\/2024\/06\/arfi-il-etait-une-fois-en-bresse-un-concert-participatif-dans-lain\/\"><small class=\"wvc-button-background-fill\"><\/small><span>Continue reading<\/span><\/a><\/p>\n","protected":false},"author":161,"featured_media":29831,"comment_status":"open","ping_status":"open","sticky":false,"template":"","format":"standard","meta":{"_acf_changed":false,"footnotes":""},"categories":[95,596],"tags":[],"class_list":["post-29830","post","type-post","status-publish","format-standard","has-post-thumbnail","hentry","category-membres","category-arfi","entry-post-skin-light","entry","clearfix","entry-grid","entry-columns-default","entry-post-module-layout-sidebar-right","thumbnail-color-tone-dark","metro-landscape","entry-post","entry-masonry","entry-post-masonry"],"acf":[],"yoast_head":"<!-- This site is optimized with the Yoast SEO plugin v25.8 - https:\/\/yoast.com\/wordpress\/plugins\/seo\/ -->\n<title>ARFI : \u00ab Il \u00e9tait une fois en Bresse \u00bb \u2013 un concert participatif dans l\u2019Ain - Site officiel de la f\u00e9d\u00e9ration Grands Formats<\/title>\n<meta name=\"description\" content=\"Une cr\u00e9ation participative \u00e0 l&#039;\u00e9chelle d\u2019un territoire sur le th\u00e8me du Western ! \u00ab Il \u00e9tait une fois en Bresse \u00bb...\" \/>\n<meta name=\"robots\" content=\"index, follow, max-snippet:-1, max-image-preview:large, max-video-preview:-1\" \/>\n<link rel=\"canonical\" href=\"https:\/\/www.grandsformats.com\/2024\/06\/arfi-il-etait-une-fois-en-bresse-un-concert-participatif-dans-lain\/\" \/>\n<meta property=\"og:locale\" content=\"en_US\" \/>\n<meta property=\"og:type\" content=\"article\" \/>\n<meta property=\"og:title\" content=\"ARFI : \u00ab Il \u00e9tait une fois en Bresse \u00bb \u2013 un concert participatif dans l\u2019Ain - Site officiel de la f\u00e9d\u00e9ration Grands Formats\" \/>\n<meta property=\"og:description\" content=\"Une cr\u00e9ation participative \u00e0 l&#039;\u00e9chelle d\u2019un territoire sur le th\u00e8me du Western ! \u00ab Il \u00e9tait une fois en Bresse \u00bb...\" \/>\n<meta property=\"og:url\" content=\"https:\/\/www.grandsformats.com\/2024\/06\/arfi-il-etait-une-fois-en-bresse-un-concert-participatif-dans-lain\/\" \/>\n<meta property=\"og:site_name\" content=\"Site officiel de la f\u00e9d\u00e9ration Grands Formats\" \/>\n<meta property=\"article:publisher\" content=\"https:\/\/www.facebook.com\/grandsformats\/\" \/>\n<meta property=\"article:published_time\" content=\"2024-06-04T09:45:57+00:00\" \/>\n<meta property=\"og:image\" content=\"https:\/\/www.grandsformats.com\/wp-content\/uploads\/2024\/06\/169IL-ETAIT-UNE-FOIS-EN-BRESSE.jpg\" \/>\n\t<meta property=\"og:image:width\" content=\"1920\" \/>\n\t<meta property=\"og:image:height\" content=\"1080\" \/>\n\t<meta property=\"og:image:type\" content=\"image\/jpeg\" \/>\n<meta name=\"author\" content=\"Laura Hanequand - Grands Formats\" \/>\n<meta name=\"twitter:card\" content=\"summary_large_image\" \/>\n<meta name=\"twitter:creator\" content=\"@GrandsFormatsGF\" \/>\n<meta name=\"twitter:site\" content=\"@GrandsFormatsGF\" \/>\n<meta name=\"twitter:label1\" content=\"Written by\" \/>\n\t<meta name=\"twitter:data1\" content=\"Laura Hanequand - Grands Formats\" \/>\n\t<meta name=\"twitter:label2\" content=\"Est. reading time\" \/>\n\t<meta name=\"twitter:data2\" content=\"2 minutes\" \/>\n<script type=\"application\/ld+json\" class=\"yoast-schema-graph\">{\"@context\":\"https:\/\/schema.org\",\"@graph\":[{\"@type\":\"Article\",\"@id\":\"https:\/\/www.grandsformats.com\/2024\/06\/arfi-il-etait-une-fois-en-bresse-un-concert-participatif-dans-lain\/#article\",\"isPartOf\":{\"@id\":\"https:\/\/www.grandsformats.com\/2024\/06\/arfi-il-etait-une-fois-en-bresse-un-concert-participatif-dans-lain\/\"},\"author\":{\"name\":\"Laura Hanequand - Grands Formats\",\"@id\":\"https:\/\/www.grandsformats.com\/#\/schema\/person\/56c2866069b6967b2c7becd25c9b4dbb\"},\"headline\":\"ARFI : \u00ab Il \u00e9tait une fois en Bresse \u00bb \u2013 un concert participatif dans l\u2019Ain\",\"datePublished\":\"2024-06-04T09:45:57+00:00\",\"mainEntityOfPage\":{\"@id\":\"https:\/\/www.grandsformats.com\/2024\/06\/arfi-il-etait-une-fois-en-bresse-un-concert-participatif-dans-lain\/\"},\"wordCount\":312,\"commentCount\":0,\"publisher\":{\"@id\":\"https:\/\/www.grandsformats.com\/#organization\"},\"image\":{\"@id\":\"https:\/\/www.grandsformats.com\/2024\/06\/arfi-il-etait-une-fois-en-bresse-un-concert-participatif-dans-lain\/#primaryimage\"},\"thumbnailUrl\":\"https:\/\/www.grandsformats.com\/wp-content\/uploads\/2024\/06\/169IL-ETAIT-UNE-FOIS-EN-BRESSE.jpg\",\"articleSection\":[\"Actus des membres\",\"ARFI\"],\"inLanguage\":\"en-US\",\"potentialAction\":[{\"@type\":\"CommentAction\",\"name\":\"Comment\",\"target\":[\"https:\/\/www.grandsformats.com\/2024\/06\/arfi-il-etait-une-fois-en-bresse-un-concert-participatif-dans-lain\/#respond\"]}]},{\"@type\":\"WebPage\",\"@id\":\"https:\/\/www.grandsformats.com\/2024\/06\/arfi-il-etait-une-fois-en-bresse-un-concert-participatif-dans-lain\/\",\"url\":\"https:\/\/www.grandsformats.com\/2024\/06\/arfi-il-etait-une-fois-en-bresse-un-concert-participatif-dans-lain\/\",\"name\":\"ARFI : \u00ab Il \u00e9tait une fois en Bresse \u00bb \u2013 un concert participatif dans l\u2019Ain - Site officiel de la f\u00e9d\u00e9ration Grands Formats\",\"isPartOf\":{\"@id\":\"https:\/\/www.grandsformats.com\/#website\"},\"primaryImageOfPage\":{\"@id\":\"https:\/\/www.grandsformats.com\/2024\/06\/arfi-il-etait-une-fois-en-bresse-un-concert-participatif-dans-lain\/#primaryimage\"},\"image\":{\"@id\":\"https:\/\/www.grandsformats.com\/2024\/06\/arfi-il-etait-une-fois-en-bresse-un-concert-participatif-dans-lain\/#primaryimage\"},\"thumbnailUrl\":\"https:\/\/www.grandsformats.com\/wp-content\/uploads\/2024\/06\/169IL-ETAIT-UNE-FOIS-EN-BRESSE.jpg\",\"datePublished\":\"2024-06-04T09:45:57+00:00\",\"description\":\"Une cr\u00e9ation participative \u00e0 l'\u00e9chelle d\u2019un territoire sur le th\u00e8me du Western ! \u00ab Il \u00e9tait une fois en Bresse \u00bb...\",\"breadcrumb\":{\"@id\":\"https:\/\/www.grandsformats.com\/2024\/06\/arfi-il-etait-une-fois-en-bresse-un-concert-participatif-dans-lain\/#breadcrumb\"},\"inLanguage\":\"en-US\",\"potentialAction\":[{\"@type\":\"ReadAction\",\"target\":[\"https:\/\/www.grandsformats.com\/2024\/06\/arfi-il-etait-une-fois-en-bresse-un-concert-participatif-dans-lain\/\"]}]},{\"@type\":\"ImageObject\",\"inLanguage\":\"en-US\",\"@id\":\"https:\/\/www.grandsformats.com\/2024\/06\/arfi-il-etait-une-fois-en-bresse-un-concert-participatif-dans-lain\/#primaryimage\",\"url\":\"https:\/\/www.grandsformats.com\/wp-content\/uploads\/2024\/06\/169IL-ETAIT-UNE-FOIS-EN-BRESSE.jpg\",\"contentUrl\":\"https:\/\/www.grandsformats.com\/wp-content\/uploads\/2024\/06\/169IL-ETAIT-UNE-FOIS-EN-BRESSE.jpg\",\"width\":1920,\"height\":1080,\"caption\":\"arfi il \u00e9tait une fois en bresse\"},{\"@type\":\"BreadcrumbList\",\"@id\":\"https:\/\/www.grandsformats.com\/2024\/06\/arfi-il-etait-une-fois-en-bresse-un-concert-participatif-dans-lain\/#breadcrumb\",\"itemListElement\":[{\"@type\":\"ListItem\",\"position\":1,\"name\":\"Accueil\",\"item\":\"https:\/\/www.grandsformats.com\/en\/\"},{\"@type\":\"ListItem\",\"position\":2,\"name\":\"ARFI : \u00ab Il \u00e9tait une fois en Bresse \u00bb \u2013 un concert participatif dans l\u2019Ain\"}]},{\"@type\":\"WebSite\",\"@id\":\"https:\/\/www.grandsformats.com\/#website\",\"url\":\"https:\/\/www.grandsformats.com\/\",\"name\":\"Site officiel de la f\u00e9d\u00e9ration Grands Formats\",\"description\":\"F\u00e9d\u00e9ration d&#039;artistes pour la musique en grand !\",\"publisher\":{\"@id\":\"https:\/\/www.grandsformats.com\/#organization\"},\"potentialAction\":[{\"@type\":\"SearchAction\",\"target\":{\"@type\":\"EntryPoint\",\"urlTemplate\":\"https:\/\/www.grandsformats.com\/?s={search_term_string}\"},\"query-input\":{\"@type\":\"PropertyValueSpecification\",\"valueRequired\":true,\"valueName\":\"search_term_string\"}}],\"inLanguage\":\"en-US\"},{\"@type\":\"Organization\",\"@id\":\"https:\/\/www.grandsformats.com\/#organization\",\"name\":\"Grands Formats\",\"url\":\"https:\/\/www.grandsformats.com\/\",\"logo\":{\"@type\":\"ImageObject\",\"inLanguage\":\"en-US\",\"@id\":\"https:\/\/www.grandsformats.com\/#\/schema\/logo\/image\/\",\"url\":\"https:\/\/www.grandsformats.com\/wp-content\/uploads\/2020\/03\/logo-GF-200.png\",\"contentUrl\":\"https:\/\/www.grandsformats.com\/wp-content\/uploads\/2020\/03\/logo-GF-200.png\",\"width\":155,\"height\":200,\"caption\":\"Grands Formats\"},\"image\":{\"@id\":\"https:\/\/www.grandsformats.com\/#\/schema\/logo\/image\/\"},\"sameAs\":[\"https:\/\/www.facebook.com\/grandsformats\/\",\"https:\/\/x.com\/GrandsFormatsGF\",\"https:\/\/www.instagram.com\/grandsformats\/\",\"https:\/\/www.youtube.com\/channel\/UCJ7k9dbqc_DG-nxI3WMPvhw?view_as=subscriberhttps:\/\/www.youtube.com\/channel\/UCJ7k9dbqc_DG-nxI3WMPvhw?view_as=subscriber\"]},{\"@type\":\"Person\",\"@id\":\"https:\/\/www.grandsformats.com\/#\/schema\/person\/56c2866069b6967b2c7becd25c9b4dbb\",\"name\":\"Laura Hanequand - Grands Formats\",\"image\":{\"@type\":\"ImageObject\",\"inLanguage\":\"en-US\",\"@id\":\"https:\/\/www.grandsformats.com\/#\/schema\/person\/image\/\",\"url\":\"https:\/\/secure.gravatar.com\/avatar\/6d52edecb86835c2b7e81a2cdb8965ae325b4045b44f9043177428c622c06643?s=96&d=mm&r=g\",\"contentUrl\":\"https:\/\/secure.gravatar.com\/avatar\/6d52edecb86835c2b7e81a2cdb8965ae325b4045b44f9043177428c622c06643?s=96&d=mm&r=g\",\"caption\":\"Laura Hanequand - Grands Formats\"},\"url\":\"https:\/\/www.grandsformats.com\/en\/author\/lauragrandsformats-com\/\"}]}<\/script>\n<!-- \/ Yoast SEO plugin. -->","yoast_head_json":{"title":"ARFI : \u00ab Il \u00e9tait une fois en Bresse \u00bb \u2013 un concert participatif dans l\u2019Ain - Site officiel de la f\u00e9d\u00e9ration Grands Formats","description":"Une cr\u00e9ation participative \u00e0 l'\u00e9chelle d\u2019un territoire sur le th\u00e8me du Western ! \u00ab Il \u00e9tait une fois en Bresse \u00bb...","robots":{"index":"index","follow":"follow","max-snippet":"max-snippet:-1","max-image-preview":"max-image-preview:large","max-video-preview":"max-video-preview:-1"},"canonical":"https:\/\/www.grandsformats.com\/2024\/06\/arfi-il-etait-une-fois-en-bresse-un-concert-participatif-dans-lain\/","og_locale":"en_US","og_type":"article","og_title":"ARFI : \u00ab Il \u00e9tait une fois en Bresse \u00bb \u2013 un concert participatif dans l\u2019Ain - Site officiel de la f\u00e9d\u00e9ration Grands Formats","og_description":"Une cr\u00e9ation participative \u00e0 l'\u00e9chelle d\u2019un territoire sur le th\u00e8me du Western ! \u00ab Il \u00e9tait une fois en Bresse \u00bb...","og_url":"https:\/\/www.grandsformats.com\/2024\/06\/arfi-il-etait-une-fois-en-bresse-un-concert-participatif-dans-lain\/","og_site_name":"Site officiel de la f\u00e9d\u00e9ration Grands Formats","article_publisher":"https:\/\/www.facebook.com\/grandsformats\/","article_published_time":"2024-06-04T09:45:57+00:00","og_image":[{"width":1920,"height":1080,"url":"https:\/\/www.grandsformats.com\/wp-content\/uploads\/2024\/06\/169IL-ETAIT-UNE-FOIS-EN-BRESSE.jpg","type":"image\/jpeg"}],"author":"Laura Hanequand - Grands Formats","twitter_card":"summary_large_image","twitter_creator":"@GrandsFormatsGF","twitter_site":"@GrandsFormatsGF","twitter_misc":{"Written by":"Laura Hanequand - Grands Formats","Est. reading time":"2 minutes"},"schema":{"@context":"https:\/\/schema.org","@graph":[{"@type":"Article","@id":"https:\/\/www.grandsformats.com\/2024\/06\/arfi-il-etait-une-fois-en-bresse-un-concert-participatif-dans-lain\/#article","isPartOf":{"@id":"https:\/\/www.grandsformats.com\/2024\/06\/arfi-il-etait-une-fois-en-bresse-un-concert-participatif-dans-lain\/"},"author":{"name":"Laura Hanequand - Grands Formats","@id":"https:\/\/www.grandsformats.com\/#\/schema\/person\/56c2866069b6967b2c7becd25c9b4dbb"},"headline":"ARFI : \u00ab Il \u00e9tait une fois en Bresse \u00bb \u2013 un concert participatif dans l\u2019Ain","datePublished":"2024-06-04T09:45:57+00:00","mainEntityOfPage":{"@id":"https:\/\/www.grandsformats.com\/2024\/06\/arfi-il-etait-une-fois-en-bresse-un-concert-participatif-dans-lain\/"},"wordCount":312,"commentCount":0,"publisher":{"@id":"https:\/\/www.grandsformats.com\/#organization"},"image":{"@id":"https:\/\/www.grandsformats.com\/2024\/06\/arfi-il-etait-une-fois-en-bresse-un-concert-participatif-dans-lain\/#primaryimage"},"thumbnailUrl":"https:\/\/www.grandsformats.com\/wp-content\/uploads\/2024\/06\/169IL-ETAIT-UNE-FOIS-EN-BRESSE.jpg","articleSection":["Actus des membres","ARFI"],"inLanguage":"en-US","potentialAction":[{"@type":"CommentAction","name":"Comment","target":["https:\/\/www.grandsformats.com\/2024\/06\/arfi-il-etait-une-fois-en-bresse-un-concert-participatif-dans-lain\/#respond"]}]},{"@type":"WebPage","@id":"https:\/\/www.grandsformats.com\/2024\/06\/arfi-il-etait-une-fois-en-bresse-un-concert-participatif-dans-lain\/","url":"https:\/\/www.grandsformats.com\/2024\/06\/arfi-il-etait-une-fois-en-bresse-un-concert-participatif-dans-lain\/","name":"ARFI : \u00ab Il \u00e9tait une fois en Bresse \u00bb \u2013 un concert participatif dans l\u2019Ain - Site officiel de la f\u00e9d\u00e9ration Grands Formats","isPartOf":{"@id":"https:\/\/www.grandsformats.com\/#website"},"primaryImageOfPage":{"@id":"https:\/\/www.grandsformats.com\/2024\/06\/arfi-il-etait-une-fois-en-bresse-un-concert-participatif-dans-lain\/#primaryimage"},"image":{"@id":"https:\/\/www.grandsformats.com\/2024\/06\/arfi-il-etait-une-fois-en-bresse-un-concert-participatif-dans-lain\/#primaryimage"},"thumbnailUrl":"https:\/\/www.grandsformats.com\/wp-content\/uploads\/2024\/06\/169IL-ETAIT-UNE-FOIS-EN-BRESSE.jpg","datePublished":"2024-06-04T09:45:57+00:00","description":"Une cr\u00e9ation participative \u00e0 l'\u00e9chelle d\u2019un territoire sur le th\u00e8me du Western ! \u00ab Il \u00e9tait une fois en Bresse \u00bb...","breadcrumb":{"@id":"https:\/\/www.grandsformats.com\/2024\/06\/arfi-il-etait-une-fois-en-bresse-un-concert-participatif-dans-lain\/#breadcrumb"},"inLanguage":"en-US","potentialAction":[{"@type":"ReadAction","target":["https:\/\/www.grandsformats.com\/2024\/06\/arfi-il-etait-une-fois-en-bresse-un-concert-participatif-dans-lain\/"]}]},{"@type":"ImageObject","inLanguage":"en-US","@id":"https:\/\/www.grandsformats.com\/2024\/06\/arfi-il-etait-une-fois-en-bresse-un-concert-participatif-dans-lain\/#primaryimage","url":"https:\/\/www.grandsformats.com\/wp-content\/uploads\/2024\/06\/169IL-ETAIT-UNE-FOIS-EN-BRESSE.jpg","contentUrl":"https:\/\/www.grandsformats.com\/wp-content\/uploads\/2024\/06\/169IL-ETAIT-UNE-FOIS-EN-BRESSE.jpg","width":1920,"height":1080,"caption":"arfi il \u00e9tait une fois en bresse"},{"@type":"BreadcrumbList","@id":"https:\/\/www.grandsformats.com\/2024\/06\/arfi-il-etait-une-fois-en-bresse-un-concert-participatif-dans-lain\/#breadcrumb","itemListElement":[{"@type":"ListItem","position":1,"name":"Accueil","item":"https:\/\/www.grandsformats.com\/en\/"},{"@type":"ListItem","position":2,"name":"ARFI : \u00ab Il \u00e9tait une fois en Bresse \u00bb \u2013 un concert participatif dans l\u2019Ain"}]},{"@type":"WebSite","@id":"https:\/\/www.grandsformats.com\/#website","url":"https:\/\/www.grandsformats.com\/","name":"Site officiel de la f\u00e9d\u00e9ration Grands Formats","description":"F\u00e9d\u00e9ration d&#039;artistes pour la musique en grand !","publisher":{"@id":"https:\/\/www.grandsformats.com\/#organization"},"potentialAction":[{"@type":"SearchAction","target":{"@type":"EntryPoint","urlTemplate":"https:\/\/www.grandsformats.com\/?s={search_term_string}"},"query-input":{"@type":"PropertyValueSpecification","valueRequired":true,"valueName":"search_term_string"}}],"inLanguage":"en-US"},{"@type":"Organization","@id":"https:\/\/www.grandsformats.com\/#organization","name":"Grands Formats","url":"https:\/\/www.grandsformats.com\/","logo":{"@type":"ImageObject","inLanguage":"en-US","@id":"https:\/\/www.grandsformats.com\/#\/schema\/logo\/image\/","url":"https:\/\/www.grandsformats.com\/wp-content\/uploads\/2020\/03\/logo-GF-200.png","contentUrl":"https:\/\/www.grandsformats.com\/wp-content\/uploads\/2020\/03\/logo-GF-200.png","width":155,"height":200,"caption":"Grands Formats"},"image":{"@id":"https:\/\/www.grandsformats.com\/#\/schema\/logo\/image\/"},"sameAs":["https:\/\/www.facebook.com\/grandsformats\/","https:\/\/x.com\/GrandsFormatsGF","https:\/\/www.instagram.com\/grandsformats\/","https:\/\/www.youtube.com\/channel\/UCJ7k9dbqc_DG-nxI3WMPvhw?view_as=subscriberhttps:\/\/www.youtube.com\/channel\/UCJ7k9dbqc_DG-nxI3WMPvhw?view_as=subscriber"]},{"@type":"Person","@id":"https:\/\/www.grandsformats.com\/#\/schema\/person\/56c2866069b6967b2c7becd25c9b4dbb","name":"Laura Hanequand - Grands Formats","image":{"@type":"ImageObject","inLanguage":"en-US","@id":"https:\/\/www.grandsformats.com\/#\/schema\/person\/image\/","url":"https:\/\/secure.gravatar.com\/avatar\/6d52edecb86835c2b7e81a2cdb8965ae325b4045b44f9043177428c622c06643?s=96&d=mm&r=g","contentUrl":"https:\/\/secure.gravatar.com\/avatar\/6d52edecb86835c2b7e81a2cdb8965ae325b4045b44f9043177428c622c06643?s=96&d=mm&r=g","caption":"Laura Hanequand - Grands Formats"},"url":"https:\/\/www.grandsformats.com\/en\/author\/lauragrandsformats-com\/"}]}},"_links":{"self":[{"href":"https:\/\/www.grandsformats.com\/en\/wp-json\/wp\/v2\/posts\/29830","targetHints":{"allow":["GET"]}}],"collection":[{"href":"https:\/\/www.grandsformats.com\/en\/wp-json\/wp\/v2\/posts"}],"about":[{"href":"https:\/\/www.grandsformats.com\/en\/wp-json\/wp\/v2\/types\/post"}],"author":[{"embeddable":true,"href":"https:\/\/www.grandsformats.com\/en\/wp-json\/wp\/v2\/users\/161"}],"replies":[{"embeddable":true,"href":"https:\/\/www.grandsformats.com\/en\/wp-json\/wp\/v2\/comments?post=29830"}],"version-history":[{"count":1,"href":"https:\/\/www.grandsformats.com\/en\/wp-json\/wp\/v2\/posts\/29830\/revisions"}],"predecessor-version":[{"id":29833,"href":"https:\/\/www.grandsformats.com\/en\/wp-json\/wp\/v2\/posts\/29830\/revisions\/29833"}],"wp:featuredmedia":[{"embeddable":true,"href":"https:\/\/www.grandsformats.com\/en\/wp-json\/wp\/v2\/media\/29831"}],"wp:attachment":[{"href":"https:\/\/www.grandsformats.com\/en\/wp-json\/wp\/v2\/media?parent=29830"}],"wp:term":[{"taxonomy":"category","embeddable":true,"href":"https:\/\/www.grandsformats.com\/en\/wp-json\/wp\/v2\/categories?post=29830"},{"taxonomy":"post_tag","embeddable":true,"href":"https:\/\/www.grandsformats.com\/en\/wp-json\/wp\/v2\/tags?post=29830"}],"curies":[{"name":"wp","href":"https:\/\/api.w.org\/{rel}","templated":true}]}}