{"id":29813,"date":"2024-06-03T15:39:11","date_gmt":"2024-06-03T13:39:11","guid":{"rendered":"https:\/\/www.grandsformats.com\/?p=29813"},"modified":"2024-06-03T15:39:11","modified_gmt":"2024-06-03T13:39:11","slug":"les-vibrants-defricheurs-tu-danses-tu-festi-bal-ecologix","status":"publish","type":"post","link":"https:\/\/www.grandsformats.com\/en\/2024\/06\/les-vibrants-defricheurs-tu-danses-tu-festi-bal-ecologix\/","title":{"rendered":"Les Vibrants D\u00e9fricheurs : Tu Danses tu? \/ Festi-Bal EcologiX"},"content":{"rendered":"<p><strong>Bal Tu Danses Tu? le 8 juin \u00e0 La Bellevilloise (19-21 rue Boyer, 75020 Paris) dans le cadre du <a href=\"https:\/\/ax.polytechnique.org\/fr\/event\/festi-bal-ecologix\/2024\/05\/22\/2043\">Festi-Bal EcologiX<\/a><\/strong><\/p>\n<p>Emmen\u00e9 par Papanosh et des amis aux talents fous, le Bal Tu Danses Tu? l\u00e8ve tous les publics avec ses grooves ent\u00eatants, ses chansons mexicaines et ses tarentelles enjazz\u00e9es.<br \/>\nInvit\u00e9s du jour du \u00ab band of brothers \u00bb normand : Alejandra Charry chanteuse-oiseau et ses rythmiques colombiennes, Fidel Fourneyron, tromboniste de velours et de feu et Am\u00e9lie Affagard, ma\u00eetresse \u00e0 danser et magicienne aux mille voix.<\/p>\n<p><span style=\"color: #808080;\">Tu Danses Tu? @ les Sons d&#8217;Hiver 2024 \u00a9 Margaux Rodrigues\u00a0<\/span><\/p>\n<p><span style=\"text-decoration: underline;\"><strong><a href=\"https:\/\/www.lesvibrantsdefricheurs.com\/bal-tu-danses-tu\">&gt; Plus d&#8217;infos<\/a><\/strong><\/span><\/p>\n","protected":false},"excerpt":{"rendered":"<p>Bal Tu Danses Tu? le 8 juin \u00e0 La Bellevilloise (19-21 rue Boyer, 75020 Paris) dans le cadre du Festi-Bal EcologiX Emmen\u00e9 par Papanosh et des amis aux talents fous, le Bal Tu Danses Tu? l\u00e8ve tous les publics avec ses grooves ent\u00eatants, ses chansons mexicaines et ses tarentelles enjazz\u00e9es. Invit\u00e9s du jour du \u00ab&#8230;<\/p>\n<p><a rel=\"bookmark\" class=\"theme-button-text wvc-button wvc-button-size-xs\" href=\"https:\/\/www.grandsformats.com\/en\/2024\/06\/les-vibrants-defricheurs-tu-danses-tu-festi-bal-ecologix\/\"><small class=\"wvc-button-background-fill\"><\/small><span>Continue reading<\/span><\/a><\/p>\n","protected":false},"author":161,"featured_media":29814,"comment_status":"open","ping_status":"open","sticky":false,"template":"","format":"standard","meta":{"_acf_changed":false,"footnotes":""},"categories":[95,710],"tags":[],"class_list":["post-29813","post","type-post","status-publish","format-standard","has-post-thumbnail","hentry","category-membres","category-les-vibrants-defricheurs","entry-post-skin-light","entry","clearfix","entry-grid","entry-columns-default","entry-post-module-layout-sidebar-right","thumbnail-color-tone-dark","metro-landscape","entry-post","entry-masonry","entry-post-masonry"],"acf":[],"yoast_head":"<!-- This site is optimized with the Yoast SEO plugin v25.8 - https:\/\/yoast.com\/wordpress\/plugins\/seo\/ -->\n<title>Les Vibrants D\u00e9fricheurs : Tu Danses tu? \/ Festi-Bal EcologiX - Site officiel de la f\u00e9d\u00e9ration Grands Formats<\/title>\n<meta name=\"description\" content=\"Bal Tu Danses Tu? le 8 juin \u00e0 La Bellevilloise (19-21 rue Boyer, 75020 Paris) dans le cadre du Festi-Bal EcologiX. Emmen\u00e9 par Papanosh...\" \/>\n<meta name=\"robots\" content=\"index, follow, max-snippet:-1, max-image-preview:large, max-video-preview:-1\" \/>\n<link rel=\"canonical\" href=\"https:\/\/www.grandsformats.com\/2024\/06\/les-vibrants-defricheurs-tu-danses-tu-festi-bal-ecologix\/\" \/>\n<meta property=\"og:locale\" content=\"en_US\" \/>\n<meta property=\"og:type\" content=\"article\" \/>\n<meta property=\"og:title\" content=\"Les Vibrants D\u00e9fricheurs : Tu Danses tu? \/ Festi-Bal EcologiX - Site officiel de la f\u00e9d\u00e9ration Grands Formats\" \/>\n<meta property=\"og:description\" content=\"Bal Tu Danses Tu? le 8 juin \u00e0 La Bellevilloise (19-21 rue Boyer, 75020 Paris) dans le cadre du Festi-Bal EcologiX. Emmen\u00e9 par Papanosh...\" \/>\n<meta property=\"og:url\" content=\"https:\/\/www.grandsformats.com\/2024\/06\/les-vibrants-defricheurs-tu-danses-tu-festi-bal-ecologix\/\" \/>\n<meta property=\"og:site_name\" content=\"Site officiel de la f\u00e9d\u00e9ration Grands Formats\" \/>\n<meta property=\"article:publisher\" content=\"https:\/\/www.facebook.com\/grandsformats\/\" \/>\n<meta property=\"article:published_time\" content=\"2024-06-03T13:39:11+00:00\" \/>\n<meta property=\"og:image\" content=\"https:\/\/www.grandsformats.com\/wp-content\/uploads\/2024\/06\/1695K5A9878.jpg\" \/>\n\t<meta property=\"og:image:width\" content=\"1920\" \/>\n\t<meta property=\"og:image:height\" content=\"1082\" \/>\n\t<meta property=\"og:image:type\" content=\"image\/jpeg\" \/>\n<meta name=\"author\" content=\"Laura Hanequand - Grands Formats\" \/>\n<meta name=\"twitter:card\" content=\"summary_large_image\" \/>\n<meta name=\"twitter:creator\" content=\"@GrandsFormatsGF\" \/>\n<meta name=\"twitter:site\" content=\"@GrandsFormatsGF\" \/>\n<meta name=\"twitter:label1\" content=\"Written by\" \/>\n\t<meta name=\"twitter:data1\" content=\"Laura Hanequand - Grands Formats\" \/>\n\t<meta name=\"twitter:label2\" content=\"Est. reading time\" \/>\n\t<meta name=\"twitter:data2\" content=\"1 minute\" \/>\n<script type=\"application\/ld+json\" class=\"yoast-schema-graph\">{\"@context\":\"https:\/\/schema.org\",\"@graph\":[{\"@type\":\"Article\",\"@id\":\"https:\/\/www.grandsformats.com\/2024\/06\/les-vibrants-defricheurs-tu-danses-tu-festi-bal-ecologix\/#article\",\"isPartOf\":{\"@id\":\"https:\/\/www.grandsformats.com\/2024\/06\/les-vibrants-defricheurs-tu-danses-tu-festi-bal-ecologix\/\"},\"author\":{\"name\":\"Laura Hanequand - Grands Formats\",\"@id\":\"https:\/\/www.grandsformats.com\/#\/schema\/person\/56c2866069b6967b2c7becd25c9b4dbb\"},\"headline\":\"Les Vibrants D\u00e9fricheurs : Tu Danses tu? \/ Festi-Bal EcologiX\",\"datePublished\":\"2024-06-03T13:39:11+00:00\",\"mainEntityOfPage\":{\"@id\":\"https:\/\/www.grandsformats.com\/2024\/06\/les-vibrants-defricheurs-tu-danses-tu-festi-bal-ecologix\/\"},\"wordCount\":108,\"commentCount\":0,\"publisher\":{\"@id\":\"https:\/\/www.grandsformats.com\/#organization\"},\"image\":{\"@id\":\"https:\/\/www.grandsformats.com\/2024\/06\/les-vibrants-defricheurs-tu-danses-tu-festi-bal-ecologix\/#primaryimage\"},\"thumbnailUrl\":\"https:\/\/www.grandsformats.com\/wp-content\/uploads\/2024\/06\/1695K5A9878.jpg\",\"articleSection\":[\"Actus des membres\",\"Les Vibrants Defricheurs\"],\"inLanguage\":\"en-US\",\"potentialAction\":[{\"@type\":\"CommentAction\",\"name\":\"Comment\",\"target\":[\"https:\/\/www.grandsformats.com\/2024\/06\/les-vibrants-defricheurs-tu-danses-tu-festi-bal-ecologix\/#respond\"]}]},{\"@type\":\"WebPage\",\"@id\":\"https:\/\/www.grandsformats.com\/2024\/06\/les-vibrants-defricheurs-tu-danses-tu-festi-bal-ecologix\/\",\"url\":\"https:\/\/www.grandsformats.com\/2024\/06\/les-vibrants-defricheurs-tu-danses-tu-festi-bal-ecologix\/\",\"name\":\"Les Vibrants D\u00e9fricheurs : Tu Danses tu? \/ Festi-Bal EcologiX - Site officiel de la f\u00e9d\u00e9ration Grands Formats\",\"isPartOf\":{\"@id\":\"https:\/\/www.grandsformats.com\/#website\"},\"primaryImageOfPage\":{\"@id\":\"https:\/\/www.grandsformats.com\/2024\/06\/les-vibrants-defricheurs-tu-danses-tu-festi-bal-ecologix\/#primaryimage\"},\"image\":{\"@id\":\"https:\/\/www.grandsformats.com\/2024\/06\/les-vibrants-defricheurs-tu-danses-tu-festi-bal-ecologix\/#primaryimage\"},\"thumbnailUrl\":\"https:\/\/www.grandsformats.com\/wp-content\/uploads\/2024\/06\/1695K5A9878.jpg\",\"datePublished\":\"2024-06-03T13:39:11+00:00\",\"description\":\"Bal Tu Danses Tu? le 8 juin \u00e0 La Bellevilloise (19-21 rue Boyer, 75020 Paris) dans le cadre du Festi-Bal EcologiX. Emmen\u00e9 par Papanosh...\",\"breadcrumb\":{\"@id\":\"https:\/\/www.grandsformats.com\/2024\/06\/les-vibrants-defricheurs-tu-danses-tu-festi-bal-ecologix\/#breadcrumb\"},\"inLanguage\":\"en-US\",\"potentialAction\":[{\"@type\":\"ReadAction\",\"target\":[\"https:\/\/www.grandsformats.com\/2024\/06\/les-vibrants-defricheurs-tu-danses-tu-festi-bal-ecologix\/\"]}]},{\"@type\":\"ImageObject\",\"inLanguage\":\"en-US\",\"@id\":\"https:\/\/www.grandsformats.com\/2024\/06\/les-vibrants-defricheurs-tu-danses-tu-festi-bal-ecologix\/#primaryimage\",\"url\":\"https:\/\/www.grandsformats.com\/wp-content\/uploads\/2024\/06\/1695K5A9878.jpg\",\"contentUrl\":\"https:\/\/www.grandsformats.com\/wp-content\/uploads\/2024\/06\/1695K5A9878.jpg\",\"width\":1920,\"height\":1082},{\"@type\":\"BreadcrumbList\",\"@id\":\"https:\/\/www.grandsformats.com\/2024\/06\/les-vibrants-defricheurs-tu-danses-tu-festi-bal-ecologix\/#breadcrumb\",\"itemListElement\":[{\"@type\":\"ListItem\",\"position\":1,\"name\":\"Accueil\",\"item\":\"https:\/\/www.grandsformats.com\/en\/\"},{\"@type\":\"ListItem\",\"position\":2,\"name\":\"Les Vibrants D\u00e9fricheurs : Tu Danses tu? \/ Festi-Bal EcologiX\"}]},{\"@type\":\"WebSite\",\"@id\":\"https:\/\/www.grandsformats.com\/#website\",\"url\":\"https:\/\/www.grandsformats.com\/\",\"name\":\"Site officiel de la f\u00e9d\u00e9ration Grands Formats\",\"description\":\"F\u00e9d\u00e9ration d&#039;artistes pour la musique en grand !\",\"publisher\":{\"@id\":\"https:\/\/www.grandsformats.com\/#organization\"},\"potentialAction\":[{\"@type\":\"SearchAction\",\"target\":{\"@type\":\"EntryPoint\",\"urlTemplate\":\"https:\/\/www.grandsformats.com\/?s={search_term_string}\"},\"query-input\":{\"@type\":\"PropertyValueSpecification\",\"valueRequired\":true,\"valueName\":\"search_term_string\"}}],\"inLanguage\":\"en-US\"},{\"@type\":\"Organization\",\"@id\":\"https:\/\/www.grandsformats.com\/#organization\",\"name\":\"Grands Formats\",\"url\":\"https:\/\/www.grandsformats.com\/\",\"logo\":{\"@type\":\"ImageObject\",\"inLanguage\":\"en-US\",\"@id\":\"https:\/\/www.grandsformats.com\/#\/schema\/logo\/image\/\",\"url\":\"https:\/\/www.grandsformats.com\/wp-content\/uploads\/2020\/03\/logo-GF-200.png\",\"contentUrl\":\"https:\/\/www.grandsformats.com\/wp-content\/uploads\/2020\/03\/logo-GF-200.png\",\"width\":155,\"height\":200,\"caption\":\"Grands Formats\"},\"image\":{\"@id\":\"https:\/\/www.grandsformats.com\/#\/schema\/logo\/image\/\"},\"sameAs\":[\"https:\/\/www.facebook.com\/grandsformats\/\",\"https:\/\/x.com\/GrandsFormatsGF\",\"https:\/\/www.instagram.com\/grandsformats\/\",\"https:\/\/www.youtube.com\/channel\/UCJ7k9dbqc_DG-nxI3WMPvhw?view_as=subscriberhttps:\/\/www.youtube.com\/channel\/UCJ7k9dbqc_DG-nxI3WMPvhw?view_as=subscriber\"]},{\"@type\":\"Person\",\"@id\":\"https:\/\/www.grandsformats.com\/#\/schema\/person\/56c2866069b6967b2c7becd25c9b4dbb\",\"name\":\"Laura Hanequand - Grands Formats\",\"image\":{\"@type\":\"ImageObject\",\"inLanguage\":\"en-US\",\"@id\":\"https:\/\/www.grandsformats.com\/#\/schema\/person\/image\/\",\"url\":\"https:\/\/secure.gravatar.com\/avatar\/6d52edecb86835c2b7e81a2cdb8965ae325b4045b44f9043177428c622c06643?s=96&d=mm&r=g\",\"contentUrl\":\"https:\/\/secure.gravatar.com\/avatar\/6d52edecb86835c2b7e81a2cdb8965ae325b4045b44f9043177428c622c06643?s=96&d=mm&r=g\",\"caption\":\"Laura Hanequand - Grands Formats\"},\"url\":\"https:\/\/www.grandsformats.com\/en\/author\/lauragrandsformats-com\/\"}]}<\/script>\n<!-- \/ Yoast SEO plugin. -->","yoast_head_json":{"title":"Les Vibrants D\u00e9fricheurs : Tu Danses tu? \/ Festi-Bal EcologiX - Site officiel de la f\u00e9d\u00e9ration Grands Formats","description":"Bal Tu Danses Tu? le 8 juin \u00e0 La Bellevilloise (19-21 rue Boyer, 75020 Paris) dans le cadre du Festi-Bal EcologiX. Emmen\u00e9 par Papanosh...","robots":{"index":"index","follow":"follow","max-snippet":"max-snippet:-1","max-image-preview":"max-image-preview:large","max-video-preview":"max-video-preview:-1"},"canonical":"https:\/\/www.grandsformats.com\/2024\/06\/les-vibrants-defricheurs-tu-danses-tu-festi-bal-ecologix\/","og_locale":"en_US","og_type":"article","og_title":"Les Vibrants D\u00e9fricheurs : Tu Danses tu? \/ Festi-Bal EcologiX - Site officiel de la f\u00e9d\u00e9ration Grands Formats","og_description":"Bal Tu Danses Tu? le 8 juin \u00e0 La Bellevilloise (19-21 rue Boyer, 75020 Paris) dans le cadre du Festi-Bal EcologiX. Emmen\u00e9 par Papanosh...","og_url":"https:\/\/www.grandsformats.com\/2024\/06\/les-vibrants-defricheurs-tu-danses-tu-festi-bal-ecologix\/","og_site_name":"Site officiel de la f\u00e9d\u00e9ration Grands Formats","article_publisher":"https:\/\/www.facebook.com\/grandsformats\/","article_published_time":"2024-06-03T13:39:11+00:00","og_image":[{"width":1920,"height":1082,"url":"https:\/\/www.grandsformats.com\/wp-content\/uploads\/2024\/06\/1695K5A9878.jpg","type":"image\/jpeg"}],"author":"Laura Hanequand - Grands Formats","twitter_card":"summary_large_image","twitter_creator":"@GrandsFormatsGF","twitter_site":"@GrandsFormatsGF","twitter_misc":{"Written by":"Laura Hanequand - Grands Formats","Est. reading time":"1 minute"},"schema":{"@context":"https:\/\/schema.org","@graph":[{"@type":"Article","@id":"https:\/\/www.grandsformats.com\/2024\/06\/les-vibrants-defricheurs-tu-danses-tu-festi-bal-ecologix\/#article","isPartOf":{"@id":"https:\/\/www.grandsformats.com\/2024\/06\/les-vibrants-defricheurs-tu-danses-tu-festi-bal-ecologix\/"},"author":{"name":"Laura Hanequand - Grands Formats","@id":"https:\/\/www.grandsformats.com\/#\/schema\/person\/56c2866069b6967b2c7becd25c9b4dbb"},"headline":"Les Vibrants D\u00e9fricheurs : Tu Danses tu? \/ Festi-Bal EcologiX","datePublished":"2024-06-03T13:39:11+00:00","mainEntityOfPage":{"@id":"https:\/\/www.grandsformats.com\/2024\/06\/les-vibrants-defricheurs-tu-danses-tu-festi-bal-ecologix\/"},"wordCount":108,"commentCount":0,"publisher":{"@id":"https:\/\/www.grandsformats.com\/#organization"},"image":{"@id":"https:\/\/www.grandsformats.com\/2024\/06\/les-vibrants-defricheurs-tu-danses-tu-festi-bal-ecologix\/#primaryimage"},"thumbnailUrl":"https:\/\/www.grandsformats.com\/wp-content\/uploads\/2024\/06\/1695K5A9878.jpg","articleSection":["Actus des membres","Les Vibrants Defricheurs"],"inLanguage":"en-US","potentialAction":[{"@type":"CommentAction","name":"Comment","target":["https:\/\/www.grandsformats.com\/2024\/06\/les-vibrants-defricheurs-tu-danses-tu-festi-bal-ecologix\/#respond"]}]},{"@type":"WebPage","@id":"https:\/\/www.grandsformats.com\/2024\/06\/les-vibrants-defricheurs-tu-danses-tu-festi-bal-ecologix\/","url":"https:\/\/www.grandsformats.com\/2024\/06\/les-vibrants-defricheurs-tu-danses-tu-festi-bal-ecologix\/","name":"Les Vibrants D\u00e9fricheurs : Tu Danses tu? \/ Festi-Bal EcologiX - Site officiel de la f\u00e9d\u00e9ration Grands Formats","isPartOf":{"@id":"https:\/\/www.grandsformats.com\/#website"},"primaryImageOfPage":{"@id":"https:\/\/www.grandsformats.com\/2024\/06\/les-vibrants-defricheurs-tu-danses-tu-festi-bal-ecologix\/#primaryimage"},"image":{"@id":"https:\/\/www.grandsformats.com\/2024\/06\/les-vibrants-defricheurs-tu-danses-tu-festi-bal-ecologix\/#primaryimage"},"thumbnailUrl":"https:\/\/www.grandsformats.com\/wp-content\/uploads\/2024\/06\/1695K5A9878.jpg","datePublished":"2024-06-03T13:39:11+00:00","description":"Bal Tu Danses Tu? le 8 juin \u00e0 La Bellevilloise (19-21 rue Boyer, 75020 Paris) dans le cadre du Festi-Bal EcologiX. Emmen\u00e9 par Papanosh...","breadcrumb":{"@id":"https:\/\/www.grandsformats.com\/2024\/06\/les-vibrants-defricheurs-tu-danses-tu-festi-bal-ecologix\/#breadcrumb"},"inLanguage":"en-US","potentialAction":[{"@type":"ReadAction","target":["https:\/\/www.grandsformats.com\/2024\/06\/les-vibrants-defricheurs-tu-danses-tu-festi-bal-ecologix\/"]}]},{"@type":"ImageObject","inLanguage":"en-US","@id":"https:\/\/www.grandsformats.com\/2024\/06\/les-vibrants-defricheurs-tu-danses-tu-festi-bal-ecologix\/#primaryimage","url":"https:\/\/www.grandsformats.com\/wp-content\/uploads\/2024\/06\/1695K5A9878.jpg","contentUrl":"https:\/\/www.grandsformats.com\/wp-content\/uploads\/2024\/06\/1695K5A9878.jpg","width":1920,"height":1082},{"@type":"BreadcrumbList","@id":"https:\/\/www.grandsformats.com\/2024\/06\/les-vibrants-defricheurs-tu-danses-tu-festi-bal-ecologix\/#breadcrumb","itemListElement":[{"@type":"ListItem","position":1,"name":"Accueil","item":"https:\/\/www.grandsformats.com\/en\/"},{"@type":"ListItem","position":2,"name":"Les Vibrants D\u00e9fricheurs : Tu Danses tu? \/ Festi-Bal EcologiX"}]},{"@type":"WebSite","@id":"https:\/\/www.grandsformats.com\/#website","url":"https:\/\/www.grandsformats.com\/","name":"Site officiel de la f\u00e9d\u00e9ration Grands Formats","description":"F\u00e9d\u00e9ration d&#039;artistes pour la musique en grand !","publisher":{"@id":"https:\/\/www.grandsformats.com\/#organization"},"potentialAction":[{"@type":"SearchAction","target":{"@type":"EntryPoint","urlTemplate":"https:\/\/www.grandsformats.com\/?s={search_term_string}"},"query-input":{"@type":"PropertyValueSpecification","valueRequired":true,"valueName":"search_term_string"}}],"inLanguage":"en-US"},{"@type":"Organization","@id":"https:\/\/www.grandsformats.com\/#organization","name":"Grands Formats","url":"https:\/\/www.grandsformats.com\/","logo":{"@type":"ImageObject","inLanguage":"en-US","@id":"https:\/\/www.grandsformats.com\/#\/schema\/logo\/image\/","url":"https:\/\/www.grandsformats.com\/wp-content\/uploads\/2020\/03\/logo-GF-200.png","contentUrl":"https:\/\/www.grandsformats.com\/wp-content\/uploads\/2020\/03\/logo-GF-200.png","width":155,"height":200,"caption":"Grands Formats"},"image":{"@id":"https:\/\/www.grandsformats.com\/#\/schema\/logo\/image\/"},"sameAs":["https:\/\/www.facebook.com\/grandsformats\/","https:\/\/x.com\/GrandsFormatsGF","https:\/\/www.instagram.com\/grandsformats\/","https:\/\/www.youtube.com\/channel\/UCJ7k9dbqc_DG-nxI3WMPvhw?view_as=subscriberhttps:\/\/www.youtube.com\/channel\/UCJ7k9dbqc_DG-nxI3WMPvhw?view_as=subscriber"]},{"@type":"Person","@id":"https:\/\/www.grandsformats.com\/#\/schema\/person\/56c2866069b6967b2c7becd25c9b4dbb","name":"Laura Hanequand - Grands Formats","image":{"@type":"ImageObject","inLanguage":"en-US","@id":"https:\/\/www.grandsformats.com\/#\/schema\/person\/image\/","url":"https:\/\/secure.gravatar.com\/avatar\/6d52edecb86835c2b7e81a2cdb8965ae325b4045b44f9043177428c622c06643?s=96&d=mm&r=g","contentUrl":"https:\/\/secure.gravatar.com\/avatar\/6d52edecb86835c2b7e81a2cdb8965ae325b4045b44f9043177428c622c06643?s=96&d=mm&r=g","caption":"Laura Hanequand - Grands Formats"},"url":"https:\/\/www.grandsformats.com\/en\/author\/lauragrandsformats-com\/"}]}},"_links":{"self":[{"href":"https:\/\/www.grandsformats.com\/en\/wp-json\/wp\/v2\/posts\/29813","targetHints":{"allow":["GET"]}}],"collection":[{"href":"https:\/\/www.grandsformats.com\/en\/wp-json\/wp\/v2\/posts"}],"about":[{"href":"https:\/\/www.grandsformats.com\/en\/wp-json\/wp\/v2\/types\/post"}],"author":[{"embeddable":true,"href":"https:\/\/www.grandsformats.com\/en\/wp-json\/wp\/v2\/users\/161"}],"replies":[{"embeddable":true,"href":"https:\/\/www.grandsformats.com\/en\/wp-json\/wp\/v2\/comments?post=29813"}],"version-history":[{"count":1,"href":"https:\/\/www.grandsformats.com\/en\/wp-json\/wp\/v2\/posts\/29813\/revisions"}],"predecessor-version":[{"id":29816,"href":"https:\/\/www.grandsformats.com\/en\/wp-json\/wp\/v2\/posts\/29813\/revisions\/29816"}],"wp:featuredmedia":[{"embeddable":true,"href":"https:\/\/www.grandsformats.com\/en\/wp-json\/wp\/v2\/media\/29814"}],"wp:attachment":[{"href":"https:\/\/www.grandsformats.com\/en\/wp-json\/wp\/v2\/media?parent=29813"}],"wp:term":[{"taxonomy":"category","embeddable":true,"href":"https:\/\/www.grandsformats.com\/en\/wp-json\/wp\/v2\/categories?post=29813"},{"taxonomy":"post_tag","embeddable":true,"href":"https:\/\/www.grandsformats.com\/en\/wp-json\/wp\/v2\/tags?post=29813"}],"curies":[{"name":"wp","href":"https:\/\/api.w.org\/{rel}","templated":true}]}}