{"id":29472,"date":"2024-04-04T16:01:06","date_gmt":"2024-04-04T14:01:06","guid":{"rendered":"https:\/\/www.grandsformats.com\/?p=29472"},"modified":"2024-04-04T16:01:06","modified_gmt":"2024-04-04T14:01:06","slug":"albatros-social-club-au-macorlan-brest","status":"publish","type":"post","link":"https:\/\/www.grandsformats.com\/en\/2024\/04\/albatros-social-club-au-macorlan-brest\/","title":{"rendered":"ALBATROS SOCIAL CLUB au MacOrlan (Brest)"},"content":{"rendered":"<p><strong>Retrouvez l&#8217;Albatros Social Club en concert le samedi 4 mai \u00e0 18h au MacOrlan \u00e0 Brest.<\/strong><\/p>\n<p>L\u2019Albatros Social Club est une grande aventure humaine, musicale, folle et d\u00e9jant\u00e9e. Musiciens amateurs en situation de handicap et musiciens de l\u2019Ensemble Nautilis s\u2019envolent vers un monde libre o\u00f9 l\u2019orchestre est le moyen de r\u00eaver et danser dans sa t\u00eate.<\/p>\n<p>Clarinettes \/\/ Christophe Rocher<br \/>\nVoix \/\/ Claudia Solal<br \/>\nClaviers \/\/ Steven Prigent<br \/>\nGuitare \u00e9lectrique \/\/ Christelle S\u00e9ry<br \/>\nBatterie \/\/ Nicolas Pointard<br \/>\nOrgue sensoriel, instruments divers \/\/ musiciens amateurs<\/p>\n<p><span style=\"text-decoration: underline;\"><strong><a href=\"https:\/\/mac-orlan.brest.fr\/albatros-social-club\">&gt; Billetterie<\/a><br \/>\n<a href=\"https:\/\/www.ensemble-nautilis.org\/creations\/albatros-social-club\/\">&gt; Plus d&#8217;infos<\/a><\/strong><\/span><\/p>\n<p><span style=\"color: #999999;\">Visuel \u00a9 Ensemble Nautilis<\/span><\/p>\n","protected":false},"excerpt":{"rendered":"<p>Retrouvez l&#8217;Albatros Social Club en concert le samedi 4 mai \u00e0 18h au MacOrlan \u00e0 Brest. L\u2019Albatros Social Club est une grande aventure humaine, musicale, folle et d\u00e9jant\u00e9e. Musiciens amateurs en situation de handicap et musiciens de l\u2019Ensemble Nautilis s\u2019envolent vers un monde libre o\u00f9 l\u2019orchestre est le moyen de r\u00eaver et danser dans sa&#8230;<\/p>\n<p><a rel=\"bookmark\" class=\"theme-button-text wvc-button wvc-button-size-xs\" href=\"https:\/\/www.grandsformats.com\/en\/2024\/04\/albatros-social-club-au-macorlan-brest\/\"><small class=\"wvc-button-background-fill\"><\/small><span>Continue reading<\/span><\/a><\/p>\n","protected":false},"author":161,"featured_media":29473,"comment_status":"open","ping_status":"open","sticky":false,"template":"","format":"standard","meta":{"_acf_changed":false,"footnotes":""},"categories":[95,724],"tags":[],"class_list":["post-29472","post","type-post","status-publish","format-standard","has-post-thumbnail","hentry","category-membres","category-ensemble-nautilis","entry-post-skin-light","entry","clearfix","entry-grid","entry-columns-default","entry-post-module-layout-sidebar-right","thumbnail-color-tone-light","metro-landscape","entry-post","entry-masonry","entry-post-masonry"],"acf":[],"yoast_head":"<!-- This site is optimized with the Yoast SEO plugin v25.8 - https:\/\/yoast.com\/wordpress\/plugins\/seo\/ -->\n<title>ALBATROS SOCIAL CLUB au MacOrlan (Brest) - Site officiel de la f\u00e9d\u00e9ration Grands Formats<\/title>\n<meta name=\"description\" content=\"Retrouvez l&#039;Albatros Social Club en concert le samedi 4 mai \u00e0 18h au MacOrlan \u00e0 Brest.L\u2019Albatros Social Club est une grande aventure...\" \/>\n<meta name=\"robots\" content=\"index, follow, max-snippet:-1, max-image-preview:large, max-video-preview:-1\" \/>\n<link rel=\"canonical\" href=\"https:\/\/www.grandsformats.com\/2024\/04\/albatros-social-club-au-macorlan-brest\/\" \/>\n<meta property=\"og:locale\" content=\"en_US\" \/>\n<meta property=\"og:type\" content=\"article\" \/>\n<meta property=\"og:title\" content=\"ALBATROS SOCIAL CLUB au MacOrlan (Brest) - Site officiel de la f\u00e9d\u00e9ration Grands Formats\" \/>\n<meta property=\"og:description\" content=\"Retrouvez l&#039;Albatros Social Club en concert le samedi 4 mai \u00e0 18h au MacOrlan \u00e0 Brest.L\u2019Albatros Social Club est une grande aventure...\" \/>\n<meta property=\"og:url\" content=\"https:\/\/www.grandsformats.com\/2024\/04\/albatros-social-club-au-macorlan-brest\/\" \/>\n<meta property=\"og:site_name\" content=\"Site officiel de la f\u00e9d\u00e9ration Grands Formats\" \/>\n<meta property=\"article:publisher\" content=\"https:\/\/www.facebook.com\/grandsformats\/\" \/>\n<meta property=\"article:published_time\" content=\"2024-04-04T14:01:06+00:00\" \/>\n<meta property=\"og:image\" content=\"https:\/\/www.grandsformats.com\/wp-content\/uploads\/2024\/04\/169ALBATROS_VISUEL_nu.jpg\" \/>\n\t<meta property=\"og:image:width\" content=\"1920\" \/>\n\t<meta property=\"og:image:height\" content=\"1080\" \/>\n\t<meta property=\"og:image:type\" content=\"image\/jpeg\" \/>\n<meta name=\"author\" content=\"Laura Hanequand - Grands Formats\" \/>\n<meta name=\"twitter:card\" content=\"summary_large_image\" \/>\n<meta name=\"twitter:creator\" content=\"@GrandsFormatsGF\" \/>\n<meta name=\"twitter:site\" content=\"@GrandsFormatsGF\" \/>\n<meta name=\"twitter:label1\" content=\"Written by\" \/>\n\t<meta name=\"twitter:data1\" content=\"Laura Hanequand - Grands Formats\" \/>\n\t<meta name=\"twitter:label2\" content=\"Est. reading time\" \/>\n\t<meta name=\"twitter:data2\" content=\"1 minute\" \/>\n<script type=\"application\/ld+json\" class=\"yoast-schema-graph\">{\"@context\":\"https:\/\/schema.org\",\"@graph\":[{\"@type\":\"Article\",\"@id\":\"https:\/\/www.grandsformats.com\/2024\/04\/albatros-social-club-au-macorlan-brest\/#article\",\"isPartOf\":{\"@id\":\"https:\/\/www.grandsformats.com\/2024\/04\/albatros-social-club-au-macorlan-brest\/\"},\"author\":{\"name\":\"Laura Hanequand - Grands Formats\",\"@id\":\"https:\/\/www.grandsformats.com\/#\/schema\/person\/56c2866069b6967b2c7becd25c9b4dbb\"},\"headline\":\"ALBATROS SOCIAL CLUB au MacOrlan (Brest)\",\"datePublished\":\"2024-04-04T14:01:06+00:00\",\"mainEntityOfPage\":{\"@id\":\"https:\/\/www.grandsformats.com\/2024\/04\/albatros-social-club-au-macorlan-brest\/\"},\"wordCount\":100,\"commentCount\":0,\"publisher\":{\"@id\":\"https:\/\/www.grandsformats.com\/#organization\"},\"image\":{\"@id\":\"https:\/\/www.grandsformats.com\/2024\/04\/albatros-social-club-au-macorlan-brest\/#primaryimage\"},\"thumbnailUrl\":\"https:\/\/www.grandsformats.com\/wp-content\/uploads\/2024\/04\/169ALBATROS_VISUEL_nu.jpg\",\"articleSection\":[\"Actus des membres\",\"Ensemble Nautilis\"],\"inLanguage\":\"en-US\",\"potentialAction\":[{\"@type\":\"CommentAction\",\"name\":\"Comment\",\"target\":[\"https:\/\/www.grandsformats.com\/2024\/04\/albatros-social-club-au-macorlan-brest\/#respond\"]}]},{\"@type\":\"WebPage\",\"@id\":\"https:\/\/www.grandsformats.com\/2024\/04\/albatros-social-club-au-macorlan-brest\/\",\"url\":\"https:\/\/www.grandsformats.com\/2024\/04\/albatros-social-club-au-macorlan-brest\/\",\"name\":\"ALBATROS SOCIAL CLUB au MacOrlan (Brest) - Site officiel de la f\u00e9d\u00e9ration Grands Formats\",\"isPartOf\":{\"@id\":\"https:\/\/www.grandsformats.com\/#website\"},\"primaryImageOfPage\":{\"@id\":\"https:\/\/www.grandsformats.com\/2024\/04\/albatros-social-club-au-macorlan-brest\/#primaryimage\"},\"image\":{\"@id\":\"https:\/\/www.grandsformats.com\/2024\/04\/albatros-social-club-au-macorlan-brest\/#primaryimage\"},\"thumbnailUrl\":\"https:\/\/www.grandsformats.com\/wp-content\/uploads\/2024\/04\/169ALBATROS_VISUEL_nu.jpg\",\"datePublished\":\"2024-04-04T14:01:06+00:00\",\"description\":\"Retrouvez l'Albatros Social Club en concert le samedi 4 mai \u00e0 18h au MacOrlan \u00e0 Brest.L\u2019Albatros Social Club est une grande aventure...\",\"breadcrumb\":{\"@id\":\"https:\/\/www.grandsformats.com\/2024\/04\/albatros-social-club-au-macorlan-brest\/#breadcrumb\"},\"inLanguage\":\"en-US\",\"potentialAction\":[{\"@type\":\"ReadAction\",\"target\":[\"https:\/\/www.grandsformats.com\/2024\/04\/albatros-social-club-au-macorlan-brest\/\"]}]},{\"@type\":\"ImageObject\",\"inLanguage\":\"en-US\",\"@id\":\"https:\/\/www.grandsformats.com\/2024\/04\/albatros-social-club-au-macorlan-brest\/#primaryimage\",\"url\":\"https:\/\/www.grandsformats.com\/wp-content\/uploads\/2024\/04\/169ALBATROS_VISUEL_nu.jpg\",\"contentUrl\":\"https:\/\/www.grandsformats.com\/wp-content\/uploads\/2024\/04\/169ALBATROS_VISUEL_nu.jpg\",\"width\":1920,\"height\":1080,\"caption\":\"ALBATROS \u00a9 Ensemble Nautilis\"},{\"@type\":\"BreadcrumbList\",\"@id\":\"https:\/\/www.grandsformats.com\/2024\/04\/albatros-social-club-au-macorlan-brest\/#breadcrumb\",\"itemListElement\":[{\"@type\":\"ListItem\",\"position\":1,\"name\":\"Accueil\",\"item\":\"https:\/\/www.grandsformats.com\/en\/\"},{\"@type\":\"ListItem\",\"position\":2,\"name\":\"ALBATROS SOCIAL CLUB au MacOrlan (Brest)\"}]},{\"@type\":\"WebSite\",\"@id\":\"https:\/\/www.grandsformats.com\/#website\",\"url\":\"https:\/\/www.grandsformats.com\/\",\"name\":\"Site officiel de la f\u00e9d\u00e9ration Grands Formats\",\"description\":\"F\u00e9d\u00e9ration d&#039;artistes pour la musique en grand !\",\"publisher\":{\"@id\":\"https:\/\/www.grandsformats.com\/#organization\"},\"potentialAction\":[{\"@type\":\"SearchAction\",\"target\":{\"@type\":\"EntryPoint\",\"urlTemplate\":\"https:\/\/www.grandsformats.com\/?s={search_term_string}\"},\"query-input\":{\"@type\":\"PropertyValueSpecification\",\"valueRequired\":true,\"valueName\":\"search_term_string\"}}],\"inLanguage\":\"en-US\"},{\"@type\":\"Organization\",\"@id\":\"https:\/\/www.grandsformats.com\/#organization\",\"name\":\"Grands Formats\",\"url\":\"https:\/\/www.grandsformats.com\/\",\"logo\":{\"@type\":\"ImageObject\",\"inLanguage\":\"en-US\",\"@id\":\"https:\/\/www.grandsformats.com\/#\/schema\/logo\/image\/\",\"url\":\"https:\/\/www.grandsformats.com\/wp-content\/uploads\/2020\/03\/logo-GF-200.png\",\"contentUrl\":\"https:\/\/www.grandsformats.com\/wp-content\/uploads\/2020\/03\/logo-GF-200.png\",\"width\":155,\"height\":200,\"caption\":\"Grands Formats\"},\"image\":{\"@id\":\"https:\/\/www.grandsformats.com\/#\/schema\/logo\/image\/\"},\"sameAs\":[\"https:\/\/www.facebook.com\/grandsformats\/\",\"https:\/\/x.com\/GrandsFormatsGF\",\"https:\/\/www.instagram.com\/grandsformats\/\",\"https:\/\/www.youtube.com\/channel\/UCJ7k9dbqc_DG-nxI3WMPvhw?view_as=subscriberhttps:\/\/www.youtube.com\/channel\/UCJ7k9dbqc_DG-nxI3WMPvhw?view_as=subscriber\"]},{\"@type\":\"Person\",\"@id\":\"https:\/\/www.grandsformats.com\/#\/schema\/person\/56c2866069b6967b2c7becd25c9b4dbb\",\"name\":\"Laura Hanequand - Grands Formats\",\"image\":{\"@type\":\"ImageObject\",\"inLanguage\":\"en-US\",\"@id\":\"https:\/\/www.grandsformats.com\/#\/schema\/person\/image\/\",\"url\":\"https:\/\/secure.gravatar.com\/avatar\/6d52edecb86835c2b7e81a2cdb8965ae325b4045b44f9043177428c622c06643?s=96&d=mm&r=g\",\"contentUrl\":\"https:\/\/secure.gravatar.com\/avatar\/6d52edecb86835c2b7e81a2cdb8965ae325b4045b44f9043177428c622c06643?s=96&d=mm&r=g\",\"caption\":\"Laura Hanequand - Grands Formats\"},\"url\":\"https:\/\/www.grandsformats.com\/en\/author\/lauragrandsformats-com\/\"}]}<\/script>\n<!-- \/ Yoast SEO plugin. -->","yoast_head_json":{"title":"ALBATROS SOCIAL CLUB au MacOrlan (Brest) - Site officiel de la f\u00e9d\u00e9ration Grands Formats","description":"Retrouvez l'Albatros Social Club en concert le samedi 4 mai \u00e0 18h au MacOrlan \u00e0 Brest.L\u2019Albatros Social Club est une grande aventure...","robots":{"index":"index","follow":"follow","max-snippet":"max-snippet:-1","max-image-preview":"max-image-preview:large","max-video-preview":"max-video-preview:-1"},"canonical":"https:\/\/www.grandsformats.com\/2024\/04\/albatros-social-club-au-macorlan-brest\/","og_locale":"en_US","og_type":"article","og_title":"ALBATROS SOCIAL CLUB au MacOrlan (Brest) - Site officiel de la f\u00e9d\u00e9ration Grands Formats","og_description":"Retrouvez l'Albatros Social Club en concert le samedi 4 mai \u00e0 18h au MacOrlan \u00e0 Brest.L\u2019Albatros Social Club est une grande aventure...","og_url":"https:\/\/www.grandsformats.com\/2024\/04\/albatros-social-club-au-macorlan-brest\/","og_site_name":"Site officiel de la f\u00e9d\u00e9ration Grands Formats","article_publisher":"https:\/\/www.facebook.com\/grandsformats\/","article_published_time":"2024-04-04T14:01:06+00:00","og_image":[{"width":1920,"height":1080,"url":"https:\/\/www.grandsformats.com\/wp-content\/uploads\/2024\/04\/169ALBATROS_VISUEL_nu.jpg","type":"image\/jpeg"}],"author":"Laura Hanequand - Grands Formats","twitter_card":"summary_large_image","twitter_creator":"@GrandsFormatsGF","twitter_site":"@GrandsFormatsGF","twitter_misc":{"Written by":"Laura Hanequand - Grands Formats","Est. reading time":"1 minute"},"schema":{"@context":"https:\/\/schema.org","@graph":[{"@type":"Article","@id":"https:\/\/www.grandsformats.com\/2024\/04\/albatros-social-club-au-macorlan-brest\/#article","isPartOf":{"@id":"https:\/\/www.grandsformats.com\/2024\/04\/albatros-social-club-au-macorlan-brest\/"},"author":{"name":"Laura Hanequand - Grands Formats","@id":"https:\/\/www.grandsformats.com\/#\/schema\/person\/56c2866069b6967b2c7becd25c9b4dbb"},"headline":"ALBATROS SOCIAL CLUB au MacOrlan (Brest)","datePublished":"2024-04-04T14:01:06+00:00","mainEntityOfPage":{"@id":"https:\/\/www.grandsformats.com\/2024\/04\/albatros-social-club-au-macorlan-brest\/"},"wordCount":100,"commentCount":0,"publisher":{"@id":"https:\/\/www.grandsformats.com\/#organization"},"image":{"@id":"https:\/\/www.grandsformats.com\/2024\/04\/albatros-social-club-au-macorlan-brest\/#primaryimage"},"thumbnailUrl":"https:\/\/www.grandsformats.com\/wp-content\/uploads\/2024\/04\/169ALBATROS_VISUEL_nu.jpg","articleSection":["Actus des membres","Ensemble Nautilis"],"inLanguage":"en-US","potentialAction":[{"@type":"CommentAction","name":"Comment","target":["https:\/\/www.grandsformats.com\/2024\/04\/albatros-social-club-au-macorlan-brest\/#respond"]}]},{"@type":"WebPage","@id":"https:\/\/www.grandsformats.com\/2024\/04\/albatros-social-club-au-macorlan-brest\/","url":"https:\/\/www.grandsformats.com\/2024\/04\/albatros-social-club-au-macorlan-brest\/","name":"ALBATROS SOCIAL CLUB au MacOrlan (Brest) - Site officiel de la f\u00e9d\u00e9ration Grands Formats","isPartOf":{"@id":"https:\/\/www.grandsformats.com\/#website"},"primaryImageOfPage":{"@id":"https:\/\/www.grandsformats.com\/2024\/04\/albatros-social-club-au-macorlan-brest\/#primaryimage"},"image":{"@id":"https:\/\/www.grandsformats.com\/2024\/04\/albatros-social-club-au-macorlan-brest\/#primaryimage"},"thumbnailUrl":"https:\/\/www.grandsformats.com\/wp-content\/uploads\/2024\/04\/169ALBATROS_VISUEL_nu.jpg","datePublished":"2024-04-04T14:01:06+00:00","description":"Retrouvez l'Albatros Social Club en concert le samedi 4 mai \u00e0 18h au MacOrlan \u00e0 Brest.L\u2019Albatros Social Club est une grande aventure...","breadcrumb":{"@id":"https:\/\/www.grandsformats.com\/2024\/04\/albatros-social-club-au-macorlan-brest\/#breadcrumb"},"inLanguage":"en-US","potentialAction":[{"@type":"ReadAction","target":["https:\/\/www.grandsformats.com\/2024\/04\/albatros-social-club-au-macorlan-brest\/"]}]},{"@type":"ImageObject","inLanguage":"en-US","@id":"https:\/\/www.grandsformats.com\/2024\/04\/albatros-social-club-au-macorlan-brest\/#primaryimage","url":"https:\/\/www.grandsformats.com\/wp-content\/uploads\/2024\/04\/169ALBATROS_VISUEL_nu.jpg","contentUrl":"https:\/\/www.grandsformats.com\/wp-content\/uploads\/2024\/04\/169ALBATROS_VISUEL_nu.jpg","width":1920,"height":1080,"caption":"ALBATROS \u00a9 Ensemble Nautilis"},{"@type":"BreadcrumbList","@id":"https:\/\/www.grandsformats.com\/2024\/04\/albatros-social-club-au-macorlan-brest\/#breadcrumb","itemListElement":[{"@type":"ListItem","position":1,"name":"Accueil","item":"https:\/\/www.grandsformats.com\/en\/"},{"@type":"ListItem","position":2,"name":"ALBATROS SOCIAL CLUB au MacOrlan (Brest)"}]},{"@type":"WebSite","@id":"https:\/\/www.grandsformats.com\/#website","url":"https:\/\/www.grandsformats.com\/","name":"Site officiel de la f\u00e9d\u00e9ration Grands Formats","description":"F\u00e9d\u00e9ration d&#039;artistes pour la musique en grand !","publisher":{"@id":"https:\/\/www.grandsformats.com\/#organization"},"potentialAction":[{"@type":"SearchAction","target":{"@type":"EntryPoint","urlTemplate":"https:\/\/www.grandsformats.com\/?s={search_term_string}"},"query-input":{"@type":"PropertyValueSpecification","valueRequired":true,"valueName":"search_term_string"}}],"inLanguage":"en-US"},{"@type":"Organization","@id":"https:\/\/www.grandsformats.com\/#organization","name":"Grands Formats","url":"https:\/\/www.grandsformats.com\/","logo":{"@type":"ImageObject","inLanguage":"en-US","@id":"https:\/\/www.grandsformats.com\/#\/schema\/logo\/image\/","url":"https:\/\/www.grandsformats.com\/wp-content\/uploads\/2020\/03\/logo-GF-200.png","contentUrl":"https:\/\/www.grandsformats.com\/wp-content\/uploads\/2020\/03\/logo-GF-200.png","width":155,"height":200,"caption":"Grands Formats"},"image":{"@id":"https:\/\/www.grandsformats.com\/#\/schema\/logo\/image\/"},"sameAs":["https:\/\/www.facebook.com\/grandsformats\/","https:\/\/x.com\/GrandsFormatsGF","https:\/\/www.instagram.com\/grandsformats\/","https:\/\/www.youtube.com\/channel\/UCJ7k9dbqc_DG-nxI3WMPvhw?view_as=subscriberhttps:\/\/www.youtube.com\/channel\/UCJ7k9dbqc_DG-nxI3WMPvhw?view_as=subscriber"]},{"@type":"Person","@id":"https:\/\/www.grandsformats.com\/#\/schema\/person\/56c2866069b6967b2c7becd25c9b4dbb","name":"Laura Hanequand - Grands Formats","image":{"@type":"ImageObject","inLanguage":"en-US","@id":"https:\/\/www.grandsformats.com\/#\/schema\/person\/image\/","url":"https:\/\/secure.gravatar.com\/avatar\/6d52edecb86835c2b7e81a2cdb8965ae325b4045b44f9043177428c622c06643?s=96&d=mm&r=g","contentUrl":"https:\/\/secure.gravatar.com\/avatar\/6d52edecb86835c2b7e81a2cdb8965ae325b4045b44f9043177428c622c06643?s=96&d=mm&r=g","caption":"Laura Hanequand - Grands Formats"},"url":"https:\/\/www.grandsformats.com\/en\/author\/lauragrandsformats-com\/"}]}},"_links":{"self":[{"href":"https:\/\/www.grandsformats.com\/en\/wp-json\/wp\/v2\/posts\/29472","targetHints":{"allow":["GET"]}}],"collection":[{"href":"https:\/\/www.grandsformats.com\/en\/wp-json\/wp\/v2\/posts"}],"about":[{"href":"https:\/\/www.grandsformats.com\/en\/wp-json\/wp\/v2\/types\/post"}],"author":[{"embeddable":true,"href":"https:\/\/www.grandsformats.com\/en\/wp-json\/wp\/v2\/users\/161"}],"replies":[{"embeddable":true,"href":"https:\/\/www.grandsformats.com\/en\/wp-json\/wp\/v2\/comments?post=29472"}],"version-history":[{"count":1,"href":"https:\/\/www.grandsformats.com\/en\/wp-json\/wp\/v2\/posts\/29472\/revisions"}],"predecessor-version":[{"id":29475,"href":"https:\/\/www.grandsformats.com\/en\/wp-json\/wp\/v2\/posts\/29472\/revisions\/29475"}],"wp:featuredmedia":[{"embeddable":true,"href":"https:\/\/www.grandsformats.com\/en\/wp-json\/wp\/v2\/media\/29473"}],"wp:attachment":[{"href":"https:\/\/www.grandsformats.com\/en\/wp-json\/wp\/v2\/media?parent=29472"}],"wp:term":[{"taxonomy":"category","embeddable":true,"href":"https:\/\/www.grandsformats.com\/en\/wp-json\/wp\/v2\/categories?post=29472"},{"taxonomy":"post_tag","embeddable":true,"href":"https:\/\/www.grandsformats.com\/en\/wp-json\/wp\/v2\/tags?post=29472"}],"curies":[{"name":"wp","href":"https:\/\/api.w.org\/{rel}","templated":true}]}}