{"id":27947,"date":"2024-01-09T10:06:57","date_gmt":"2024-01-09T09:06:57","guid":{"rendered":"https:\/\/www.grandsformats.com\/?p=27947"},"modified":"2024-01-09T10:45:35","modified_gmt":"2024-01-09T09:45:35","slug":"nouveau-conseil-dadministration-de-grands-formats","status":"publish","type":"post","link":"https:\/\/www.grandsformats.com\/en\/2024\/01\/nouveau-conseil-dadministration-de-grands-formats\/","title":{"rendered":"Nouveau Conseil d&#8217;administration de Grands Formats"},"content":{"rendered":"<p>L&#8217;\u00e9lection des nouveaux membres du Conseil d&#8217;Administration de Grands Formats s&#8217;est tenue lors de l&#8217;Assembl\u00e9e G\u00e9n\u00e9rale du vendredi 15 d\u00e9cembre 2023 \u00e0 la M\u00e9diath\u00e8que Musicale de Paris, dans le cadre du temps fort de la Rentr\u00e9e Grands Formats.<\/p>\n<p>Le Bureau de Grands Formats, \u00e9lu le 28 juillet 2023, est compos\u00e9 de :<br \/>\nPr\u00e9sident : <strong>Alexandre Herer<\/strong> (Onze Heures Onze)<br \/>\nVice-pr\u00e9sidente : <strong>Camille Durand<\/strong> (Wanderlust Orchestra)<br \/>\nTr\u00e9sorier : <strong>L\u00e9o Jeannet<\/strong> (Pousse-Pousse Productions)<br \/>\nSecr\u00e9taire : <strong>Line Kruse<\/strong> (Line Kruse Orchestra)<\/p>\n<p>Le conseil d\u2019administration de Grands Formats est d\u00e9sormais compos\u00e9 de :<br \/>\n<strong>Alexandre Herer<\/strong> (Onze Heures Onze), <strong>Camille Durand<\/strong> (Wanderlust Orchestra), <strong>L\u00e9o Jeannet<\/strong> (Pousse-Pousse Productions), <strong>Line Kruse<\/strong> (Line Kruse Orchestra), <strong>Pierre Bertrand<\/strong> (Pierre Bertrand et la Caja Negra), <strong>Etienne Cabaret<\/strong> (Moger Orchestra), <strong>Pascal Charrier<\/strong> (Kami Octet), <strong>Sandrine Deschamps<\/strong> (Pee Bee), <strong>Le\u00efla Olivesi<\/strong> (Le\u00efla Olivesi Octet), <strong>Thomas Julienne<\/strong> (Collectif D\u00e9luge), <strong>Gr\u00e9goire Letouvet<\/strong> (Les Rugissants \/ P\u00e9gazz &amp; l&#8217;H\u00e9licon), <strong>Fr\u00e9d\u00e9ric Maurin<\/strong> (Orchestre National de Jazz), <strong>David Haudrechy<\/strong> (Initiative H).<\/p>\n<p><strong>Christine Dumons<\/strong> (Grand Ensemble Koa) et <strong>Pierre Baldy-Moulinier<\/strong> (L&#8217;\u0152UF Big Band) rejoignent \u00e9galement pour la premi\u00e8re fois le Conseil d&#8217;Administration de Grands Formats.<\/p>\n<p><img loading=\"lazy\" decoding=\"async\" class=\"size-medium wp-image-27948 alignleft\" src=\"https:\/\/www.grandsformats.com\/wp-content\/uploads\/2024\/01\/carre\u0301_ChistineDumons_Pemai\u0308Guimet-3411-300x300.jpg\" alt=\"Christine Dumons KOA\" width=\"300\" height=\"300\" srcset=\"https:\/\/www.grandsformats.com\/wp-content\/uploads\/2024\/01\/carre\u0301_ChistineDumons_Pemai\u0308Guimet-3411-300x300.jpg 300w, https:\/\/www.grandsformats.com\/wp-content\/uploads\/2024\/01\/carre\u0301_ChistineDumons_Pemai\u0308Guimet-3411-150x150.jpg 150w, https:\/\/www.grandsformats.com\/wp-content\/uploads\/2024\/01\/carre\u0301_ChistineDumons_Pemai\u0308Guimet-3411-768x768.jpg 768w, https:\/\/www.grandsformats.com\/wp-content\/uploads\/2024\/01\/carre\u0301_ChistineDumons_Pemai\u0308Guimet-3411-60x60.jpg 60w, https:\/\/www.grandsformats.com\/wp-content\/uploads\/2024\/01\/carre\u0301_ChistineDumons_Pemai\u0308Guimet-3411-570x570.jpg 570w, https:\/\/www.grandsformats.com\/wp-content\/uploads\/2024\/01\/carre\u0301_ChistineDumons_Pemai\u0308Guimet-3411-500x500.jpg 500w, https:\/\/www.grandsformats.com\/wp-content\/uploads\/2024\/01\/carre\u0301_ChistineDumons_Pemai\u0308Guimet-3411-550x550.jpg 550w, https:\/\/www.grandsformats.com\/wp-content\/uploads\/2024\/01\/carre\u0301_ChistineDumons_Pemai\u0308Guimet-3411-700x700.jpg 700w, https:\/\/www.grandsformats.com\/wp-content\/uploads\/2024\/01\/carre\u0301_ChistineDumons_Pemai\u0308Guimet-3411-400x400.jpg 400w, https:\/\/www.grandsformats.com\/wp-content\/uploads\/2024\/01\/carre\u0301_ChistineDumons_Pemai\u0308Guimet-3411-960x960.jpg 960w, https:\/\/www.grandsformats.com\/wp-content\/uploads\/2024\/01\/carre\u0301_ChistineDumons_Pemai\u0308Guimet-3411-290x290.jpg 290w, https:\/\/www.grandsformats.com\/wp-content\/uploads\/2024\/01\/carre\u0301_ChistineDumons_Pemai\u0308Guimet-3411.jpg 1000w\" sizes=\"auto, (max-width: 300px) 100vw, 300px\" \/><strong>Christine Dumons (Grand Ensemble Koa)<\/strong><\/p>\n<p><span style=\"font-size: 10pt;\">Apr\u00e8s un parcours universitaire en Sociologie avec une sp\u00e9cialit\u00e9 en Anthropologie, Christine Dumons suit une formation professionnelle \u00e0 l\u2019ARSEC, devenue ensuite La Nacre \u00e0 Lyon. Ainsi, elle fait ses premi\u00e8res exp\u00e9riences professionnelles, d&#8217;abord dans le secteur de la danse contemporaine et hip-hop, puis int\u00e8gre le GRAME &#8211; Centre national de Recherche et de Cr\u00e9ation musicale contemporaine.\u00a0<\/span><\/p>\n<p class=\"text-build-content\" data-testid=\"f5b-qYW-AEsGhMy5upUeD\"><span style=\"font-size: 10pt;\">Originaire du Sud de la France, elle s\u2019installe ensuite \u00e0 Montpellier o\u00f9 elle travaille sur le d\u00e9veloppement d&#8217;un projet culturel et social d\u2019un th\u00e9\u00e2tre Jeune Public. En parall\u00e8le, elle oeuvre au d\u00e9veloppement et \u00e0 la structuration du Collectif Koa &#8211; collectif de musicien.ne.s qui gravite autour du jazz et des musiques improvis\u00e9es depuis 2008 et dont la formation fondatrice et f\u00e9d\u00e9ratrice est le Grand Ensemble Koa. Aujourd\u2019hui, elle \u00e9volue toujours au sein de cette structure qui propose un accompagnement des 6 formations musicales qui la compose et porte \u00e9galement le Koa Jazz Festival, qui pr\u00e9pare sa seizi\u00e8me \u00e9dition. Christine assure \u00e9galement depuis 2019 la co-pr\u00e9sidence du r\u00e9seau Occijazz avec Fanny Pag\u00e8s (L\u2019Astrada Marciac).<\/span><\/p>\n<p data-testid=\"f5b-qYW-AEsGhMy5upUeD\"><i>Je suis tr\u00e8s heureuse d\u2019int\u00e9grer le CA de Grands Formats et d\u2019apporter ma contribution \u00e0 cette f\u00e9d\u00e9ration qui me semble indispensable et juste pour la d\u00e9fense et la valorisation d\u2019un paysage artistique et culturel vari\u00e9, audacieux et engag\u00e9. La r\u00e9cente ouverture de la f\u00e9d\u00e9ration aux collectifs m\u2019attire d\u2019autant plus et me conforte dans l\u2019id\u00e9e de renforcer la solidarit\u00e9 et la n\u00e9cessit\u00e9 de travailler ensemble \u00e0 une meilleure visibilit\u00e9 de nos musiques.\u00a0<\/i><\/p>\n<p data-testid=\"f5b-qYW-AEsGhMy5upUeD\"><span style=\"color: #999999; font-size: 10pt;\">\u00a9 Pema\u00ef Guimet<\/span><\/p>\n<p><img loading=\"lazy\" decoding=\"async\" class=\"wp-image-27950 size-medium alignleft\" src=\"https:\/\/www.grandsformats.com\/wp-content\/uploads\/2024\/01\/carre\u0301_Pierre-Baldy-Moulinier-300x300.jpg\" alt=\"Pierre Baldy l'oeuf big band\" width=\"300\" height=\"300\" srcset=\"https:\/\/www.grandsformats.com\/wp-content\/uploads\/2024\/01\/carre\u0301_Pierre-Baldy-Moulinier-300x300.jpg 300w, https:\/\/www.grandsformats.com\/wp-content\/uploads\/2024\/01\/carre\u0301_Pierre-Baldy-Moulinier-150x150.jpg 150w, https:\/\/www.grandsformats.com\/wp-content\/uploads\/2024\/01\/carre\u0301_Pierre-Baldy-Moulinier-768x768.jpg 768w, https:\/\/www.grandsformats.com\/wp-content\/uploads\/2024\/01\/carre\u0301_Pierre-Baldy-Moulinier-60x60.jpg 60w, https:\/\/www.grandsformats.com\/wp-content\/uploads\/2024\/01\/carre\u0301_Pierre-Baldy-Moulinier-570x570.jpg 570w, https:\/\/www.grandsformats.com\/wp-content\/uploads\/2024\/01\/carre\u0301_Pierre-Baldy-Moulinier-500x500.jpg 500w, https:\/\/www.grandsformats.com\/wp-content\/uploads\/2024\/01\/carre\u0301_Pierre-Baldy-Moulinier-550x550.jpg 550w, https:\/\/www.grandsformats.com\/wp-content\/uploads\/2024\/01\/carre\u0301_Pierre-Baldy-Moulinier-700x700.jpg 700w, https:\/\/www.grandsformats.com\/wp-content\/uploads\/2024\/01\/carre\u0301_Pierre-Baldy-Moulinier-400x400.jpg 400w, https:\/\/www.grandsformats.com\/wp-content\/uploads\/2024\/01\/carre\u0301_Pierre-Baldy-Moulinier-960x960.jpg 960w, https:\/\/www.grandsformats.com\/wp-content\/uploads\/2024\/01\/carre\u0301_Pierre-Baldy-Moulinier-290x290.jpg 290w, https:\/\/www.grandsformats.com\/wp-content\/uploads\/2024\/01\/carre\u0301_Pierre-Baldy-Moulinier.jpg 1000w\" sizes=\"auto, (max-width: 300px) 100vw, 300px\" \/><\/p>\n<p><strong>Pierre Baldy-Moulinier (L\u2019\u0152UF Big Band)<\/strong><\/p>\n<p class=\"text-build-content\" data-testid=\"f5b-qYW-AEsGhMy5upUeD\"><span style=\"font-size: 10pt;\">Multi-instrumentiste, Pierre Baldy-Moulinier coordonne le d\u00e9partement jazz de l\u2019ENM de Villeurbanne. Fondateur du Big Band de l\u2019\u0152UF et d\u2019Amphitryo, il est membre du 4tet NOVO, du Liberian Sextet, du Skokiaan Brass Band, et a jou\u00e9 avec Phil Abraham, Stefano Bollani, Barbara Dennerlein, Claude Eg\u00e9a, Andy Emler, Fran\u00e7ois Thuillier, Bert Joris, Philippe Petrucciani\u2026<br \/>\nConnu comme compositeur et arrangeur sans limitation de style, il est Artiste G\u00e9n\u00e9ration SPEDIDAM (2023-2025) et m\u00e8ne des projets p\u00e9dagogiques d\u2019envergure. Il re\u00e7oit en 2019 l\u2019aide \u00e0 l\u2019\u00e9criture du Minist\u00e8re de la Culture pour un de ses op\u00e9ras.<\/span><\/p>\n<p data-testid=\"f5b-qYW-AEsGhMy5upUeD\"><i>Membre de Grands Formats depuis de nombreuses ann\u00e9es avec le big band de l\u2019\u0152UF, et passionn\u00e9 par l\u2019aventure humaine que repr\u00e9sente la musique en grand ensemble, je suis heureux de m\u2019investir dans Grands Formats et de contribuer, \u00e0 mon modeste niveau, \u00e0 poursuivre ce qui a \u00e9t\u00e9 initi\u00e9 par de nombreux musiciens avant moi, \u00e0 savoir, la d\u00e9fense d\u2019une certaine vision de la culture et de la pratique musicale en grande formation. Avec ma double casquette d\u2019enseignant-musicien, je suis aussi fortement int\u00e9ress\u00e9 pour participer aux \u00e9changes li\u00e9s \u00e0 la transmission et \u00e0 l\u2019insertion professionnelle des jeunes artistes.<\/i><\/p>\n<p data-testid=\"f5b-qYW-AEsGhMy5upUeD\"><span style=\"color: #999999; font-size: 10pt;\">\u00a9 Franck Benedetto<\/span><\/p>\n<p data-testid=\"f5b-qYW-AEsGhMy5upUeD\">Grands Formats remercie chaleureusement les membres sortants, <strong>Fr\u00e9d\u00e9ric Pallem<\/strong> (Fred Pallem et le Sacre du Tympan) et <strong>J\u00e9r\u00e9mie Piazza<\/strong> (Les Vibrants D\u00e9fricheurs), pour leur implication et leur engagement, et souhaite la bienvenue aux nouveaux membres du conseil d\u2019administration.<\/p>\n<p data-testid=\"f5b-qYW-AEsGhMy5upUeD\"><a href=\"https:\/\/www.grandsformats.com\/wp-content\/uploads\/2024\/01\/communique\u0301-NOUVEAU-CA.pdf\"><span style=\"text-decoration: underline;\"><strong>&gt; T\u00e9l\u00e9charger le communiqu\u00e9 de presse<\/strong><\/span><\/a><\/p>\n","protected":false},"excerpt":{"rendered":"<p>L&#8217;\u00e9lection des nouveaux membres du Conseil d&#8217;Administration de Grands Formats s&#8217;est tenue lors de l&#8217;Assembl\u00e9e G\u00e9n\u00e9rale du vendredi 15 d\u00e9cembre 2023 \u00e0 la M\u00e9diath\u00e8que Musicale de Paris, dans le cadre du temps fort de la Rentr\u00e9e Grands Formats. Le Bureau de Grands Formats, \u00e9lu le 28 juillet 2023, est compos\u00e9 de : Pr\u00e9sident : Alexandre&#8230;<\/p>\n<p><a rel=\"bookmark\" class=\"theme-button-text wvc-button wvc-button-size-xs\" href=\"https:\/\/www.grandsformats.com\/en\/2024\/01\/nouveau-conseil-dadministration-de-grands-formats\/\"><small class=\"wvc-button-background-fill\"><\/small><span>Continue reading<\/span><\/a><\/p>\n","protected":false},"author":161,"featured_media":27954,"comment_status":"open","ping_status":"open","sticky":false,"template":"","format":"standard","meta":{"_acf_changed":false,"footnotes":""},"categories":[90],"tags":[],"class_list":["post-27947","post","type-post","status-publish","format-standard","has-post-thumbnail","hentry","category-grands-formats","entry-post-skin-light","entry","clearfix","entry-grid","entry-columns-default","entry-post-module-layout-sidebar-right","thumbnail-color-tone-dark","metro-landscape","entry-post","entry-masonry","entry-post-masonry"],"acf":[],"yoast_head":"<!-- This site is optimized with the Yoast SEO plugin v25.8 - https:\/\/yoast.com\/wordpress\/plugins\/seo\/ -->\n<title>Nouveau Conseil d&#039;administration de Grands Formats - Site officiel de la f\u00e9d\u00e9ration Grands Formats<\/title>\n<meta name=\"description\" content=\"L&#039;\u00e9lection des nouveaux membres du Conseil d&#039;Administration de Grands Formats s&#039;est tenue lors de l&#039;Assembl\u00e9e G\u00e9n\u00e9rale du vendredi 15 d\u00e9cembre 2023\" \/>\n<meta name=\"robots\" content=\"index, follow, max-snippet:-1, max-image-preview:large, max-video-preview:-1\" \/>\n<link rel=\"canonical\" href=\"https:\/\/www.grandsformats.com\/2024\/01\/nouveau-conseil-dadministration-de-grands-formats\/\" \/>\n<meta property=\"og:locale\" content=\"en_US\" \/>\n<meta property=\"og:type\" content=\"article\" \/>\n<meta property=\"og:title\" content=\"Nouveau Conseil d&#039;administration de Grands Formats - Site officiel de la f\u00e9d\u00e9ration Grands Formats\" \/>\n<meta property=\"og:description\" content=\"L&#039;\u00e9lection des nouveaux membres du Conseil d&#039;Administration de Grands Formats s&#039;est tenue lors de l&#039;Assembl\u00e9e G\u00e9n\u00e9rale du vendredi 15 d\u00e9cembre 2023\" \/>\n<meta property=\"og:url\" content=\"https:\/\/www.grandsformats.com\/2024\/01\/nouveau-conseil-dadministration-de-grands-formats\/\" \/>\n<meta property=\"og:site_name\" content=\"Site officiel de la f\u00e9d\u00e9ration Grands Formats\" \/>\n<meta property=\"article:publisher\" content=\"https:\/\/www.facebook.com\/grandsformats\/\" \/>\n<meta property=\"article:published_time\" content=\"2024-01-09T09:06:57+00:00\" \/>\n<meta property=\"article:modified_time\" content=\"2024-01-09T09:45:35+00:00\" \/>\n<meta property=\"og:image\" content=\"https:\/\/www.grandsformats.com\/wp-content\/uploads\/2024\/01\/communique\u0301photos.jpg\" \/>\n\t<meta property=\"og:image:width\" content=\"1920\" \/>\n\t<meta property=\"og:image:height\" content=\"1080\" \/>\n\t<meta property=\"og:image:type\" content=\"image\/jpeg\" \/>\n<meta name=\"author\" content=\"Laura Hanequand - Grands Formats\" \/>\n<meta name=\"twitter:card\" content=\"summary_large_image\" \/>\n<meta name=\"twitter:creator\" content=\"@GrandsFormatsGF\" \/>\n<meta name=\"twitter:site\" content=\"@GrandsFormatsGF\" \/>\n<meta name=\"twitter:label1\" content=\"Written by\" \/>\n\t<meta name=\"twitter:data1\" content=\"Laura Hanequand - Grands Formats\" \/>\n\t<meta name=\"twitter:label2\" content=\"Est. reading time\" \/>\n\t<meta name=\"twitter:data2\" content=\"4 minutes\" \/>\n<script type=\"application\/ld+json\" class=\"yoast-schema-graph\">{\"@context\":\"https:\/\/schema.org\",\"@graph\":[{\"@type\":\"Article\",\"@id\":\"https:\/\/www.grandsformats.com\/2024\/01\/nouveau-conseil-dadministration-de-grands-formats\/#article\",\"isPartOf\":{\"@id\":\"https:\/\/www.grandsformats.com\/2024\/01\/nouveau-conseil-dadministration-de-grands-formats\/\"},\"author\":{\"name\":\"Laura Hanequand - Grands Formats\",\"@id\":\"https:\/\/www.grandsformats.com\/#\/schema\/person\/56c2866069b6967b2c7becd25c9b4dbb\"},\"headline\":\"Nouveau Conseil d&#8217;administration de Grands Formats\",\"datePublished\":\"2024-01-09T09:06:57+00:00\",\"dateModified\":\"2024-01-09T09:45:35+00:00\",\"mainEntityOfPage\":{\"@id\":\"https:\/\/www.grandsformats.com\/2024\/01\/nouveau-conseil-dadministration-de-grands-formats\/\"},\"wordCount\":751,\"commentCount\":0,\"publisher\":{\"@id\":\"https:\/\/www.grandsformats.com\/#organization\"},\"image\":{\"@id\":\"https:\/\/www.grandsformats.com\/2024\/01\/nouveau-conseil-dadministration-de-grands-formats\/#primaryimage\"},\"thumbnailUrl\":\"https:\/\/www.grandsformats.com\/wp-content\/uploads\/2024\/01\/communique\u0301photos.jpg\",\"articleSection\":[\"Actus de la f\u00e9d\u00e9\"],\"inLanguage\":\"en-US\",\"potentialAction\":[{\"@type\":\"CommentAction\",\"name\":\"Comment\",\"target\":[\"https:\/\/www.grandsformats.com\/2024\/01\/nouveau-conseil-dadministration-de-grands-formats\/#respond\"]}]},{\"@type\":\"WebPage\",\"@id\":\"https:\/\/www.grandsformats.com\/2024\/01\/nouveau-conseil-dadministration-de-grands-formats\/\",\"url\":\"https:\/\/www.grandsformats.com\/2024\/01\/nouveau-conseil-dadministration-de-grands-formats\/\",\"name\":\"Nouveau Conseil d'administration de Grands Formats - Site officiel de la f\u00e9d\u00e9ration Grands Formats\",\"isPartOf\":{\"@id\":\"https:\/\/www.grandsformats.com\/#website\"},\"primaryImageOfPage\":{\"@id\":\"https:\/\/www.grandsformats.com\/2024\/01\/nouveau-conseil-dadministration-de-grands-formats\/#primaryimage\"},\"image\":{\"@id\":\"https:\/\/www.grandsformats.com\/2024\/01\/nouveau-conseil-dadministration-de-grands-formats\/#primaryimage\"},\"thumbnailUrl\":\"https:\/\/www.grandsformats.com\/wp-content\/uploads\/2024\/01\/communique\u0301photos.jpg\",\"datePublished\":\"2024-01-09T09:06:57+00:00\",\"dateModified\":\"2024-01-09T09:45:35+00:00\",\"description\":\"L'\u00e9lection des nouveaux membres du Conseil d'Administration de Grands Formats s'est tenue lors de l'Assembl\u00e9e G\u00e9n\u00e9rale du vendredi 15 d\u00e9cembre 2023\",\"breadcrumb\":{\"@id\":\"https:\/\/www.grandsformats.com\/2024\/01\/nouveau-conseil-dadministration-de-grands-formats\/#breadcrumb\"},\"inLanguage\":\"en-US\",\"potentialAction\":[{\"@type\":\"ReadAction\",\"target\":[\"https:\/\/www.grandsformats.com\/2024\/01\/nouveau-conseil-dadministration-de-grands-formats\/\"]}]},{\"@type\":\"ImageObject\",\"inLanguage\":\"en-US\",\"@id\":\"https:\/\/www.grandsformats.com\/2024\/01\/nouveau-conseil-dadministration-de-grands-formats\/#primaryimage\",\"url\":\"https:\/\/www.grandsformats.com\/wp-content\/uploads\/2024\/01\/communique\u0301photos.jpg\",\"contentUrl\":\"https:\/\/www.grandsformats.com\/wp-content\/uploads\/2024\/01\/communique\u0301photos.jpg\",\"width\":1920,\"height\":1080,\"caption\":\"nouveau conseil d'administration GF\"},{\"@type\":\"BreadcrumbList\",\"@id\":\"https:\/\/www.grandsformats.com\/2024\/01\/nouveau-conseil-dadministration-de-grands-formats\/#breadcrumb\",\"itemListElement\":[{\"@type\":\"ListItem\",\"position\":1,\"name\":\"Accueil\",\"item\":\"https:\/\/www.grandsformats.com\/en\/\"},{\"@type\":\"ListItem\",\"position\":2,\"name\":\"Nouveau Conseil d&rsquo;administration de Grands Formats\"}]},{\"@type\":\"WebSite\",\"@id\":\"https:\/\/www.grandsformats.com\/#website\",\"url\":\"https:\/\/www.grandsformats.com\/\",\"name\":\"Site officiel de la f\u00e9d\u00e9ration Grands Formats\",\"description\":\"F\u00e9d\u00e9ration d&#039;artistes pour la musique en grand !\",\"publisher\":{\"@id\":\"https:\/\/www.grandsformats.com\/#organization\"},\"potentialAction\":[{\"@type\":\"SearchAction\",\"target\":{\"@type\":\"EntryPoint\",\"urlTemplate\":\"https:\/\/www.grandsformats.com\/?s={search_term_string}\"},\"query-input\":{\"@type\":\"PropertyValueSpecification\",\"valueRequired\":true,\"valueName\":\"search_term_string\"}}],\"inLanguage\":\"en-US\"},{\"@type\":\"Organization\",\"@id\":\"https:\/\/www.grandsformats.com\/#organization\",\"name\":\"Grands Formats\",\"url\":\"https:\/\/www.grandsformats.com\/\",\"logo\":{\"@type\":\"ImageObject\",\"inLanguage\":\"en-US\",\"@id\":\"https:\/\/www.grandsformats.com\/#\/schema\/logo\/image\/\",\"url\":\"https:\/\/www.grandsformats.com\/wp-content\/uploads\/2020\/03\/logo-GF-200.png\",\"contentUrl\":\"https:\/\/www.grandsformats.com\/wp-content\/uploads\/2020\/03\/logo-GF-200.png\",\"width\":155,\"height\":200,\"caption\":\"Grands Formats\"},\"image\":{\"@id\":\"https:\/\/www.grandsformats.com\/#\/schema\/logo\/image\/\"},\"sameAs\":[\"https:\/\/www.facebook.com\/grandsformats\/\",\"https:\/\/x.com\/GrandsFormatsGF\",\"https:\/\/www.instagram.com\/grandsformats\/\",\"https:\/\/www.youtube.com\/channel\/UCJ7k9dbqc_DG-nxI3WMPvhw?view_as=subscriberhttps:\/\/www.youtube.com\/channel\/UCJ7k9dbqc_DG-nxI3WMPvhw?view_as=subscriber\"]},{\"@type\":\"Person\",\"@id\":\"https:\/\/www.grandsformats.com\/#\/schema\/person\/56c2866069b6967b2c7becd25c9b4dbb\",\"name\":\"Laura Hanequand - Grands Formats\",\"image\":{\"@type\":\"ImageObject\",\"inLanguage\":\"en-US\",\"@id\":\"https:\/\/www.grandsformats.com\/#\/schema\/person\/image\/\",\"url\":\"https:\/\/secure.gravatar.com\/avatar\/6d52edecb86835c2b7e81a2cdb8965ae325b4045b44f9043177428c622c06643?s=96&d=mm&r=g\",\"contentUrl\":\"https:\/\/secure.gravatar.com\/avatar\/6d52edecb86835c2b7e81a2cdb8965ae325b4045b44f9043177428c622c06643?s=96&d=mm&r=g\",\"caption\":\"Laura Hanequand - Grands Formats\"},\"url\":\"https:\/\/www.grandsformats.com\/en\/author\/lauragrandsformats-com\/\"}]}<\/script>\n<!-- \/ Yoast SEO plugin. -->","yoast_head_json":{"title":"Nouveau Conseil d'administration de Grands Formats - Site officiel de la f\u00e9d\u00e9ration Grands Formats","description":"L'\u00e9lection des nouveaux membres du Conseil d'Administration de Grands Formats s'est tenue lors de l'Assembl\u00e9e G\u00e9n\u00e9rale du vendredi 15 d\u00e9cembre 2023","robots":{"index":"index","follow":"follow","max-snippet":"max-snippet:-1","max-image-preview":"max-image-preview:large","max-video-preview":"max-video-preview:-1"},"canonical":"https:\/\/www.grandsformats.com\/2024\/01\/nouveau-conseil-dadministration-de-grands-formats\/","og_locale":"en_US","og_type":"article","og_title":"Nouveau Conseil d'administration de Grands Formats - Site officiel de la f\u00e9d\u00e9ration Grands Formats","og_description":"L'\u00e9lection des nouveaux membres du Conseil d'Administration de Grands Formats s'est tenue lors de l'Assembl\u00e9e G\u00e9n\u00e9rale du vendredi 15 d\u00e9cembre 2023","og_url":"https:\/\/www.grandsformats.com\/2024\/01\/nouveau-conseil-dadministration-de-grands-formats\/","og_site_name":"Site officiel de la f\u00e9d\u00e9ration Grands Formats","article_publisher":"https:\/\/www.facebook.com\/grandsformats\/","article_published_time":"2024-01-09T09:06:57+00:00","article_modified_time":"2024-01-09T09:45:35+00:00","og_image":[{"width":1920,"height":1080,"url":"https:\/\/www.grandsformats.com\/wp-content\/uploads\/2024\/01\/communique\u0301photos.jpg","type":"image\/jpeg"}],"author":"Laura Hanequand - Grands Formats","twitter_card":"summary_large_image","twitter_creator":"@GrandsFormatsGF","twitter_site":"@GrandsFormatsGF","twitter_misc":{"Written by":"Laura Hanequand - Grands Formats","Est. reading time":"4 minutes"},"schema":{"@context":"https:\/\/schema.org","@graph":[{"@type":"Article","@id":"https:\/\/www.grandsformats.com\/2024\/01\/nouveau-conseil-dadministration-de-grands-formats\/#article","isPartOf":{"@id":"https:\/\/www.grandsformats.com\/2024\/01\/nouveau-conseil-dadministration-de-grands-formats\/"},"author":{"name":"Laura Hanequand - Grands Formats","@id":"https:\/\/www.grandsformats.com\/#\/schema\/person\/56c2866069b6967b2c7becd25c9b4dbb"},"headline":"Nouveau Conseil d&#8217;administration de Grands Formats","datePublished":"2024-01-09T09:06:57+00:00","dateModified":"2024-01-09T09:45:35+00:00","mainEntityOfPage":{"@id":"https:\/\/www.grandsformats.com\/2024\/01\/nouveau-conseil-dadministration-de-grands-formats\/"},"wordCount":751,"commentCount":0,"publisher":{"@id":"https:\/\/www.grandsformats.com\/#organization"},"image":{"@id":"https:\/\/www.grandsformats.com\/2024\/01\/nouveau-conseil-dadministration-de-grands-formats\/#primaryimage"},"thumbnailUrl":"https:\/\/www.grandsformats.com\/wp-content\/uploads\/2024\/01\/communique\u0301photos.jpg","articleSection":["Actus de la f\u00e9d\u00e9"],"inLanguage":"en-US","potentialAction":[{"@type":"CommentAction","name":"Comment","target":["https:\/\/www.grandsformats.com\/2024\/01\/nouveau-conseil-dadministration-de-grands-formats\/#respond"]}]},{"@type":"WebPage","@id":"https:\/\/www.grandsformats.com\/2024\/01\/nouveau-conseil-dadministration-de-grands-formats\/","url":"https:\/\/www.grandsformats.com\/2024\/01\/nouveau-conseil-dadministration-de-grands-formats\/","name":"Nouveau Conseil d'administration de Grands Formats - Site officiel de la f\u00e9d\u00e9ration Grands Formats","isPartOf":{"@id":"https:\/\/www.grandsformats.com\/#website"},"primaryImageOfPage":{"@id":"https:\/\/www.grandsformats.com\/2024\/01\/nouveau-conseil-dadministration-de-grands-formats\/#primaryimage"},"image":{"@id":"https:\/\/www.grandsformats.com\/2024\/01\/nouveau-conseil-dadministration-de-grands-formats\/#primaryimage"},"thumbnailUrl":"https:\/\/www.grandsformats.com\/wp-content\/uploads\/2024\/01\/communique\u0301photos.jpg","datePublished":"2024-01-09T09:06:57+00:00","dateModified":"2024-01-09T09:45:35+00:00","description":"L'\u00e9lection des nouveaux membres du Conseil d'Administration de Grands Formats s'est tenue lors de l'Assembl\u00e9e G\u00e9n\u00e9rale du vendredi 15 d\u00e9cembre 2023","breadcrumb":{"@id":"https:\/\/www.grandsformats.com\/2024\/01\/nouveau-conseil-dadministration-de-grands-formats\/#breadcrumb"},"inLanguage":"en-US","potentialAction":[{"@type":"ReadAction","target":["https:\/\/www.grandsformats.com\/2024\/01\/nouveau-conseil-dadministration-de-grands-formats\/"]}]},{"@type":"ImageObject","inLanguage":"en-US","@id":"https:\/\/www.grandsformats.com\/2024\/01\/nouveau-conseil-dadministration-de-grands-formats\/#primaryimage","url":"https:\/\/www.grandsformats.com\/wp-content\/uploads\/2024\/01\/communique\u0301photos.jpg","contentUrl":"https:\/\/www.grandsformats.com\/wp-content\/uploads\/2024\/01\/communique\u0301photos.jpg","width":1920,"height":1080,"caption":"nouveau conseil d'administration GF"},{"@type":"BreadcrumbList","@id":"https:\/\/www.grandsformats.com\/2024\/01\/nouveau-conseil-dadministration-de-grands-formats\/#breadcrumb","itemListElement":[{"@type":"ListItem","position":1,"name":"Accueil","item":"https:\/\/www.grandsformats.com\/en\/"},{"@type":"ListItem","position":2,"name":"Nouveau Conseil d&rsquo;administration de Grands Formats"}]},{"@type":"WebSite","@id":"https:\/\/www.grandsformats.com\/#website","url":"https:\/\/www.grandsformats.com\/","name":"Site officiel de la f\u00e9d\u00e9ration Grands Formats","description":"F\u00e9d\u00e9ration d&#039;artistes pour la musique en grand !","publisher":{"@id":"https:\/\/www.grandsformats.com\/#organization"},"potentialAction":[{"@type":"SearchAction","target":{"@type":"EntryPoint","urlTemplate":"https:\/\/www.grandsformats.com\/?s={search_term_string}"},"query-input":{"@type":"PropertyValueSpecification","valueRequired":true,"valueName":"search_term_string"}}],"inLanguage":"en-US"},{"@type":"Organization","@id":"https:\/\/www.grandsformats.com\/#organization","name":"Grands Formats","url":"https:\/\/www.grandsformats.com\/","logo":{"@type":"ImageObject","inLanguage":"en-US","@id":"https:\/\/www.grandsformats.com\/#\/schema\/logo\/image\/","url":"https:\/\/www.grandsformats.com\/wp-content\/uploads\/2020\/03\/logo-GF-200.png","contentUrl":"https:\/\/www.grandsformats.com\/wp-content\/uploads\/2020\/03\/logo-GF-200.png","width":155,"height":200,"caption":"Grands Formats"},"image":{"@id":"https:\/\/www.grandsformats.com\/#\/schema\/logo\/image\/"},"sameAs":["https:\/\/www.facebook.com\/grandsformats\/","https:\/\/x.com\/GrandsFormatsGF","https:\/\/www.instagram.com\/grandsformats\/","https:\/\/www.youtube.com\/channel\/UCJ7k9dbqc_DG-nxI3WMPvhw?view_as=subscriberhttps:\/\/www.youtube.com\/channel\/UCJ7k9dbqc_DG-nxI3WMPvhw?view_as=subscriber"]},{"@type":"Person","@id":"https:\/\/www.grandsformats.com\/#\/schema\/person\/56c2866069b6967b2c7becd25c9b4dbb","name":"Laura Hanequand - Grands Formats","image":{"@type":"ImageObject","inLanguage":"en-US","@id":"https:\/\/www.grandsformats.com\/#\/schema\/person\/image\/","url":"https:\/\/secure.gravatar.com\/avatar\/6d52edecb86835c2b7e81a2cdb8965ae325b4045b44f9043177428c622c06643?s=96&d=mm&r=g","contentUrl":"https:\/\/secure.gravatar.com\/avatar\/6d52edecb86835c2b7e81a2cdb8965ae325b4045b44f9043177428c622c06643?s=96&d=mm&r=g","caption":"Laura Hanequand - Grands Formats"},"url":"https:\/\/www.grandsformats.com\/en\/author\/lauragrandsformats-com\/"}]}},"_links":{"self":[{"href":"https:\/\/www.grandsformats.com\/en\/wp-json\/wp\/v2\/posts\/27947","targetHints":{"allow":["GET"]}}],"collection":[{"href":"https:\/\/www.grandsformats.com\/en\/wp-json\/wp\/v2\/posts"}],"about":[{"href":"https:\/\/www.grandsformats.com\/en\/wp-json\/wp\/v2\/types\/post"}],"author":[{"embeddable":true,"href":"https:\/\/www.grandsformats.com\/en\/wp-json\/wp\/v2\/users\/161"}],"replies":[{"embeddable":true,"href":"https:\/\/www.grandsformats.com\/en\/wp-json\/wp\/v2\/comments?post=27947"}],"version-history":[{"count":0,"href":"https:\/\/www.grandsformats.com\/en\/wp-json\/wp\/v2\/posts\/27947\/revisions"}],"wp:featuredmedia":[{"embeddable":true,"href":"https:\/\/www.grandsformats.com\/en\/wp-json\/wp\/v2\/media\/27954"}],"wp:attachment":[{"href":"https:\/\/www.grandsformats.com\/en\/wp-json\/wp\/v2\/media?parent=27947"}],"wp:term":[{"taxonomy":"category","embeddable":true,"href":"https:\/\/www.grandsformats.com\/en\/wp-json\/wp\/v2\/categories?post=27947"},{"taxonomy":"post_tag","embeddable":true,"href":"https:\/\/www.grandsformats.com\/en\/wp-json\/wp\/v2\/tags?post=27947"}],"curies":[{"name":"wp","href":"https:\/\/api.w.org\/{rel}","templated":true}]}}