{"id":27811,"date":"2023-12-07T14:08:28","date_gmt":"2023-12-07T13:08:28","guid":{"rendered":"https:\/\/www.grandsformats.com\/?p=27811"},"modified":"2023-12-08T10:16:24","modified_gmt":"2023-12-08T09:16:24","slug":"nikolov-ivanovic-undectet-sortie-de-lalbum-dystopia-que-dans-les-territoires-de-la-ex-yugoslavie-et-une-tournee-avec-lensemble-en-serbie-et-macedoine","status":"publish","type":"post","link":"https:\/\/www.grandsformats.com\/en\/2023\/12\/nikolov-ivanovic-undectet-sortie-de-lalbum-dystopia-que-dans-les-territoires-de-la-ex-yugoslavie-et-une-tournee-avec-lensemble-en-serbie-et-macedoine\/","title":{"rendered":"Nikolov-Ivanovic Undectet  : Sortie de l&#8217;album &#8220;Dystopia&#8221; dans les territoires de l&#8217;ex-Yougoslavie et tourn\u00e9e en Serbie et Mac\u00e9doine."},"content":{"rendered":"<p>L&#8217;un des grands ensembles de jazz les plus cr\u00e9atifs d&#8217;Europe, le Nikolov-Ivanovi\u0107 Undectet, organisera une tourn\u00e9e de promotion du nouvel album &#8220;Dystopia&#8221; le 10 d\u00e9cembre \u00e0 Kragujevac (SKC), le 11 d\u00e9cembre \u00e0 Belgrad (Dom Omladine) et le 12 d\u00e9cembre \u00e0 Skopje (Filharmonija).<\/p>\n<p>Nikolov-Ivanovi\u0107 Undektet est un ensemble hybride qui combine les talents de Vladimir Nikolov et Sr\u0111an Ivanovi\u0107 avec neuf musiciens de premier plan de plusieurs pays europ\u00e9ens. La composition comprend 7 instruments \u00e0 vent (trompette, cor, trombone, tuba, alto, t\u00e9nor, saxophone baryton avec substitutions \u00e0 la fl\u00fbte, clarinette, clarinette basse et saxophone soprano), harmonica, piano, basse et batterie.<br \/>\n&#8220;Dystopia&#8221; est le troisi\u00e8me album du groupe et ici ils pr\u00e9sentent au public 10 nouvelles compositions, cr\u00e9\u00e9es pendant la p\u00e9riode pand\u00e9mique et post-pand\u00e9mique. Le noyau du mat\u00e9riel de l&#8217;auteur a \u00e9t\u00e9 cr\u00e9\u00e9 pendant les jours d&#8217;isolement, en deux parties : &#8220;Dystopia&#8221; et &#8220;Scream&#8221;, qui expriment une protestation contre le mode de vie dystopique \u00e0 travers l&#8217;expression d&#8217;un &#8220;cri&#8221; musical. Apr\u00e8s la cr\u00e9ation de ce mat\u00e9riau de base, qui a servi de base de cr\u00e9ation, les nouvelles pi\u00e8ces ont ouvert d&#8217;autres th\u00e8mes ainsi qu&#8217;un espace de recherche musicale. La sortie de l&#8217;album a \u00e9t\u00e9 soutenue par la SCPP, la Sacem, et la tourn\u00e9e par le CNM et la Spedidam. Vous pouvez \u00e9couter ici le premier single &#8220;Scream&#8221;, accompagn\u00e9 d&#8217;une vid\u00e9o.<\/p>\n<p><iframe loading=\"lazy\" title=\"Nikolov-Ivanovic Undectet  - Scream (live in the studio)\" width=\"1140\" height=\"641\" src=\"https:\/\/www.youtube.com\/embed\/L8QyvlvALQI?feature=oembed\" frameborder=\"0\" allow=\"accelerometer; autoplay; clipboard-write; encrypted-media; gyroscope; picture-in-picture; web-share\" allowfullscreen><\/iframe><\/p>\n<p><span style=\"color: #808080;\">Photo \u00a9 Ilija Pejoski<\/span><\/p>\n<p>&nbsp;<\/p>\n","protected":false},"excerpt":{"rendered":"<p>L&#8217;un des grands ensembles de jazz les plus cr\u00e9atifs d&#8217;Europe, le Nikolov-Ivanovi\u0107 Undectet, organisera une tourn\u00e9e de promotion du nouvel album &#8220;Dystopia&#8221; le 10 d\u00e9cembre \u00e0 Kragujevac (SKC), le 11 d\u00e9cembre \u00e0 Belgrad (Dom Omladine) et le 12 d\u00e9cembre \u00e0 Skopje (Filharmonija). Nikolov-Ivanovi\u0107 Undektet est un ensemble hybride qui combine les talents de Vladimir Nikolov&#8230;<\/p>\n<p><a rel=\"bookmark\" class=\"theme-button-text wvc-button wvc-button-size-xs\" href=\"https:\/\/www.grandsformats.com\/en\/2023\/12\/nikolov-ivanovic-undectet-sortie-de-lalbum-dystopia-que-dans-les-territoires-de-la-ex-yugoslavie-et-une-tournee-avec-lensemble-en-serbie-et-macedoine\/\"><small class=\"wvc-button-background-fill\"><\/small><span>Continue reading<\/span><\/a><\/p>\n","protected":false},"author":161,"featured_media":27812,"comment_status":"open","ping_status":"open","sticky":false,"template":"","format":"standard","meta":{"_acf_changed":false,"footnotes":""},"categories":[95,887],"tags":[],"class_list":["post-27811","post","type-post","status-publish","format-standard","has-post-thumbnail","hentry","category-membres","category-nikolov-ivanovic-undectet","entry-post-skin-light","entry","clearfix","entry-grid","entry-columns-default","entry-post-module-layout-sidebar-right","thumbnail-color-tone-dark","metro-landscape","is-youtube","has-video","entry-post","entry-masonry","entry-post-masonry"],"acf":[],"yoast_head":"<!-- This site is optimized with the Yoast SEO plugin v25.8 - https:\/\/yoast.com\/wordpress\/plugins\/seo\/ -->\n<title>Nikolov-Ivanovic Undectet : Sortie de l&#039;album &quot;Dystopia&quot; dans les territoires de l&#039;ex-Yougoslavie et tourn\u00e9e en Serbie et Mac\u00e9doine. - Site officiel de la f\u00e9d\u00e9ration Grands Formats<\/title>\n<meta name=\"description\" content=\"L&#039;un des grands ensembles de jazz les plus cr\u00e9atifs d&#039;Europe, le Nikolov-Ivanovi\u0107 Undectet, organisera une tourn\u00e9e de promotion du nouvel...\" \/>\n<meta name=\"robots\" content=\"index, follow, max-snippet:-1, max-image-preview:large, max-video-preview:-1\" \/>\n<link rel=\"canonical\" href=\"https:\/\/www.grandsformats.com\/2023\/12\/nikolov-ivanovic-undectet-sortie-de-lalbum-dystopia-que-dans-les-territoires-de-la-ex-yugoslavie-et-une-tournee-avec-lensemble-en-serbie-et-macedoine\/\" \/>\n<meta property=\"og:locale\" content=\"en_US\" \/>\n<meta property=\"og:type\" content=\"article\" \/>\n<meta property=\"og:title\" content=\"Nikolov-Ivanovic Undectet : Sortie de l&#039;album &quot;Dystopia&quot; dans les territoires de l&#039;ex-Yougoslavie et tourn\u00e9e en Serbie et Mac\u00e9doine. - Site officiel de la f\u00e9d\u00e9ration Grands Formats\" \/>\n<meta property=\"og:description\" content=\"L&#039;un des grands ensembles de jazz les plus cr\u00e9atifs d&#039;Europe, le Nikolov-Ivanovi\u0107 Undectet, organisera une tourn\u00e9e de promotion du nouvel...\" \/>\n<meta property=\"og:url\" content=\"https:\/\/www.grandsformats.com\/2023\/12\/nikolov-ivanovic-undectet-sortie-de-lalbum-dystopia-que-dans-les-territoires-de-la-ex-yugoslavie-et-une-tournee-avec-lensemble-en-serbie-et-macedoine\/\" \/>\n<meta property=\"og:site_name\" content=\"Site officiel de la f\u00e9d\u00e9ration Grands Formats\" \/>\n<meta property=\"article:publisher\" content=\"https:\/\/www.facebook.com\/grandsformats\/\" \/>\n<meta property=\"article:published_time\" content=\"2023-12-07T13:08:28+00:00\" \/>\n<meta property=\"article:modified_time\" content=\"2023-12-08T09:16:24+00:00\" \/>\n<meta property=\"og:image\" content=\"https:\/\/www.grandsformats.com\/wp-content\/uploads\/2023\/12\/169Undectet-2023-9-Ilija-Pejoski-WEB.jpg\" \/>\n\t<meta property=\"og:image:width\" content=\"1920\" \/>\n\t<meta property=\"og:image:height\" content=\"1079\" \/>\n\t<meta property=\"og:image:type\" content=\"image\/jpeg\" \/>\n<meta name=\"author\" content=\"Laura Hanequand - Grands Formats\" \/>\n<meta name=\"twitter:card\" content=\"summary_large_image\" \/>\n<meta name=\"twitter:creator\" content=\"@GrandsFormatsGF\" \/>\n<meta name=\"twitter:site\" content=\"@GrandsFormatsGF\" \/>\n<meta name=\"twitter:label1\" content=\"Written by\" \/>\n\t<meta name=\"twitter:data1\" content=\"Laura Hanequand - Grands Formats\" \/>\n\t<meta name=\"twitter:label2\" content=\"Est. reading time\" \/>\n\t<meta name=\"twitter:data2\" content=\"2 minutes\" \/>\n<script type=\"application\/ld+json\" class=\"yoast-schema-graph\">{\"@context\":\"https:\/\/schema.org\",\"@graph\":[{\"@type\":\"Article\",\"@id\":\"https:\/\/www.grandsformats.com\/2023\/12\/nikolov-ivanovic-undectet-sortie-de-lalbum-dystopia-que-dans-les-territoires-de-la-ex-yugoslavie-et-une-tournee-avec-lensemble-en-serbie-et-macedoine\/#article\",\"isPartOf\":{\"@id\":\"https:\/\/www.grandsformats.com\/2023\/12\/nikolov-ivanovic-undectet-sortie-de-lalbum-dystopia-que-dans-les-territoires-de-la-ex-yugoslavie-et-une-tournee-avec-lensemble-en-serbie-et-macedoine\/\"},\"author\":{\"name\":\"Laura Hanequand - Grands Formats\",\"@id\":\"https:\/\/www.grandsformats.com\/#\/schema\/person\/56c2866069b6967b2c7becd25c9b4dbb\"},\"headline\":\"Nikolov-Ivanovic Undectet : Sortie de l&#8217;album &#8220;Dystopia&#8221; dans les territoires de l&#8217;ex-Yougoslavie et tourn\u00e9e en Serbie et Mac\u00e9doine.\",\"datePublished\":\"2023-12-07T13:08:28+00:00\",\"dateModified\":\"2023-12-08T09:16:24+00:00\",\"mainEntityOfPage\":{\"@id\":\"https:\/\/www.grandsformats.com\/2023\/12\/nikolov-ivanovic-undectet-sortie-de-lalbum-dystopia-que-dans-les-territoires-de-la-ex-yugoslavie-et-une-tournee-avec-lensemble-en-serbie-et-macedoine\/\"},\"wordCount\":273,\"commentCount\":0,\"publisher\":{\"@id\":\"https:\/\/www.grandsformats.com\/#organization\"},\"image\":{\"@id\":\"https:\/\/www.grandsformats.com\/2023\/12\/nikolov-ivanovic-undectet-sortie-de-lalbum-dystopia-que-dans-les-territoires-de-la-ex-yugoslavie-et-une-tournee-avec-lensemble-en-serbie-et-macedoine\/#primaryimage\"},\"thumbnailUrl\":\"https:\/\/www.grandsformats.com\/wp-content\/uploads\/2023\/12\/169Undectet-2023-9-Ilija-Pejoski-WEB.jpg\",\"articleSection\":[\"Actus des membres\",\"Nikolov Ivanovic Undectet\"],\"inLanguage\":\"en-US\",\"potentialAction\":[{\"@type\":\"CommentAction\",\"name\":\"Comment\",\"target\":[\"https:\/\/www.grandsformats.com\/2023\/12\/nikolov-ivanovic-undectet-sortie-de-lalbum-dystopia-que-dans-les-territoires-de-la-ex-yugoslavie-et-une-tournee-avec-lensemble-en-serbie-et-macedoine\/#respond\"]}]},{\"@type\":\"WebPage\",\"@id\":\"https:\/\/www.grandsformats.com\/2023\/12\/nikolov-ivanovic-undectet-sortie-de-lalbum-dystopia-que-dans-les-territoires-de-la-ex-yugoslavie-et-une-tournee-avec-lensemble-en-serbie-et-macedoine\/\",\"url\":\"https:\/\/www.grandsformats.com\/2023\/12\/nikolov-ivanovic-undectet-sortie-de-lalbum-dystopia-que-dans-les-territoires-de-la-ex-yugoslavie-et-une-tournee-avec-lensemble-en-serbie-et-macedoine\/\",\"name\":\"Nikolov-Ivanovic Undectet : Sortie de l'album \\\"Dystopia\\\" dans les territoires de l'ex-Yougoslavie et tourn\u00e9e en Serbie et Mac\u00e9doine. - Site officiel de la f\u00e9d\u00e9ration Grands Formats\",\"isPartOf\":{\"@id\":\"https:\/\/www.grandsformats.com\/#website\"},\"primaryImageOfPage\":{\"@id\":\"https:\/\/www.grandsformats.com\/2023\/12\/nikolov-ivanovic-undectet-sortie-de-lalbum-dystopia-que-dans-les-territoires-de-la-ex-yugoslavie-et-une-tournee-avec-lensemble-en-serbie-et-macedoine\/#primaryimage\"},\"image\":{\"@id\":\"https:\/\/www.grandsformats.com\/2023\/12\/nikolov-ivanovic-undectet-sortie-de-lalbum-dystopia-que-dans-les-territoires-de-la-ex-yugoslavie-et-une-tournee-avec-lensemble-en-serbie-et-macedoine\/#primaryimage\"},\"thumbnailUrl\":\"https:\/\/www.grandsformats.com\/wp-content\/uploads\/2023\/12\/169Undectet-2023-9-Ilija-Pejoski-WEB.jpg\",\"datePublished\":\"2023-12-07T13:08:28+00:00\",\"dateModified\":\"2023-12-08T09:16:24+00:00\",\"description\":\"L'un des grands ensembles de jazz les plus cr\u00e9atifs d'Europe, le Nikolov-Ivanovi\u0107 Undectet, organisera une tourn\u00e9e de promotion du nouvel...\",\"breadcrumb\":{\"@id\":\"https:\/\/www.grandsformats.com\/2023\/12\/nikolov-ivanovic-undectet-sortie-de-lalbum-dystopia-que-dans-les-territoires-de-la-ex-yugoslavie-et-une-tournee-avec-lensemble-en-serbie-et-macedoine\/#breadcrumb\"},\"inLanguage\":\"en-US\",\"potentialAction\":[{\"@type\":\"ReadAction\",\"target\":[\"https:\/\/www.grandsformats.com\/2023\/12\/nikolov-ivanovic-undectet-sortie-de-lalbum-dystopia-que-dans-les-territoires-de-la-ex-yugoslavie-et-une-tournee-avec-lensemble-en-serbie-et-macedoine\/\"]}]},{\"@type\":\"ImageObject\",\"inLanguage\":\"en-US\",\"@id\":\"https:\/\/www.grandsformats.com\/2023\/12\/nikolov-ivanovic-undectet-sortie-de-lalbum-dystopia-que-dans-les-territoires-de-la-ex-yugoslavie-et-une-tournee-avec-lensemble-en-serbie-et-macedoine\/#primaryimage\",\"url\":\"https:\/\/www.grandsformats.com\/wp-content\/uploads\/2023\/12\/169Undectet-2023-9-Ilija-Pejoski-WEB.jpg\",\"contentUrl\":\"https:\/\/www.grandsformats.com\/wp-content\/uploads\/2023\/12\/169Undectet-2023-9-Ilija-Pejoski-WEB.jpg\",\"width\":1920,\"height\":1079,\"caption\":\"Nikolov Ivanovic Undectet \u00a9 Ilija Pejoski\"},{\"@type\":\"BreadcrumbList\",\"@id\":\"https:\/\/www.grandsformats.com\/2023\/12\/nikolov-ivanovic-undectet-sortie-de-lalbum-dystopia-que-dans-les-territoires-de-la-ex-yugoslavie-et-une-tournee-avec-lensemble-en-serbie-et-macedoine\/#breadcrumb\",\"itemListElement\":[{\"@type\":\"ListItem\",\"position\":1,\"name\":\"Accueil\",\"item\":\"https:\/\/www.grandsformats.com\/en\/\"},{\"@type\":\"ListItem\",\"position\":2,\"name\":\"Nikolov-Ivanovic Undectet : Sortie de l&rsquo;album \u00ab\u00a0Dystopia\u00a0\u00bb dans les territoires de l&rsquo;ex-Yougoslavie et tourn\u00e9e en Serbie et Mac\u00e9doine.\"}]},{\"@type\":\"WebSite\",\"@id\":\"https:\/\/www.grandsformats.com\/#website\",\"url\":\"https:\/\/www.grandsformats.com\/\",\"name\":\"Site officiel de la f\u00e9d\u00e9ration Grands Formats\",\"description\":\"F\u00e9d\u00e9ration d&#039;artistes pour la musique en grand !\",\"publisher\":{\"@id\":\"https:\/\/www.grandsformats.com\/#organization\"},\"potentialAction\":[{\"@type\":\"SearchAction\",\"target\":{\"@type\":\"EntryPoint\",\"urlTemplate\":\"https:\/\/www.grandsformats.com\/?s={search_term_string}\"},\"query-input\":{\"@type\":\"PropertyValueSpecification\",\"valueRequired\":true,\"valueName\":\"search_term_string\"}}],\"inLanguage\":\"en-US\"},{\"@type\":\"Organization\",\"@id\":\"https:\/\/www.grandsformats.com\/#organization\",\"name\":\"Grands Formats\",\"url\":\"https:\/\/www.grandsformats.com\/\",\"logo\":{\"@type\":\"ImageObject\",\"inLanguage\":\"en-US\",\"@id\":\"https:\/\/www.grandsformats.com\/#\/schema\/logo\/image\/\",\"url\":\"https:\/\/www.grandsformats.com\/wp-content\/uploads\/2020\/03\/logo-GF-200.png\",\"contentUrl\":\"https:\/\/www.grandsformats.com\/wp-content\/uploads\/2020\/03\/logo-GF-200.png\",\"width\":155,\"height\":200,\"caption\":\"Grands Formats\"},\"image\":{\"@id\":\"https:\/\/www.grandsformats.com\/#\/schema\/logo\/image\/\"},\"sameAs\":[\"https:\/\/www.facebook.com\/grandsformats\/\",\"https:\/\/x.com\/GrandsFormatsGF\",\"https:\/\/www.instagram.com\/grandsformats\/\",\"https:\/\/www.youtube.com\/channel\/UCJ7k9dbqc_DG-nxI3WMPvhw?view_as=subscriberhttps:\/\/www.youtube.com\/channel\/UCJ7k9dbqc_DG-nxI3WMPvhw?view_as=subscriber\"]},{\"@type\":\"Person\",\"@id\":\"https:\/\/www.grandsformats.com\/#\/schema\/person\/56c2866069b6967b2c7becd25c9b4dbb\",\"name\":\"Laura Hanequand - Grands Formats\",\"image\":{\"@type\":\"ImageObject\",\"inLanguage\":\"en-US\",\"@id\":\"https:\/\/www.grandsformats.com\/#\/schema\/person\/image\/\",\"url\":\"https:\/\/secure.gravatar.com\/avatar\/6d52edecb86835c2b7e81a2cdb8965ae325b4045b44f9043177428c622c06643?s=96&d=mm&r=g\",\"contentUrl\":\"https:\/\/secure.gravatar.com\/avatar\/6d52edecb86835c2b7e81a2cdb8965ae325b4045b44f9043177428c622c06643?s=96&d=mm&r=g\",\"caption\":\"Laura Hanequand - Grands Formats\"},\"url\":\"https:\/\/www.grandsformats.com\/en\/author\/lauragrandsformats-com\/\"}]}<\/script>\n<!-- \/ Yoast SEO plugin. -->","yoast_head_json":{"title":"Nikolov-Ivanovic Undectet : Sortie de l'album \"Dystopia\" dans les territoires de l'ex-Yougoslavie et tourn\u00e9e en Serbie et Mac\u00e9doine. - Site officiel de la f\u00e9d\u00e9ration Grands Formats","description":"L'un des grands ensembles de jazz les plus cr\u00e9atifs d'Europe, le Nikolov-Ivanovi\u0107 Undectet, organisera une tourn\u00e9e de promotion du nouvel...","robots":{"index":"index","follow":"follow","max-snippet":"max-snippet:-1","max-image-preview":"max-image-preview:large","max-video-preview":"max-video-preview:-1"},"canonical":"https:\/\/www.grandsformats.com\/2023\/12\/nikolov-ivanovic-undectet-sortie-de-lalbum-dystopia-que-dans-les-territoires-de-la-ex-yugoslavie-et-une-tournee-avec-lensemble-en-serbie-et-macedoine\/","og_locale":"en_US","og_type":"article","og_title":"Nikolov-Ivanovic Undectet : Sortie de l'album \"Dystopia\" dans les territoires de l'ex-Yougoslavie et tourn\u00e9e en Serbie et Mac\u00e9doine. - Site officiel de la f\u00e9d\u00e9ration Grands Formats","og_description":"L'un des grands ensembles de jazz les plus cr\u00e9atifs d'Europe, le Nikolov-Ivanovi\u0107 Undectet, organisera une tourn\u00e9e de promotion du nouvel...","og_url":"https:\/\/www.grandsformats.com\/2023\/12\/nikolov-ivanovic-undectet-sortie-de-lalbum-dystopia-que-dans-les-territoires-de-la-ex-yugoslavie-et-une-tournee-avec-lensemble-en-serbie-et-macedoine\/","og_site_name":"Site officiel de la f\u00e9d\u00e9ration Grands Formats","article_publisher":"https:\/\/www.facebook.com\/grandsformats\/","article_published_time":"2023-12-07T13:08:28+00:00","article_modified_time":"2023-12-08T09:16:24+00:00","og_image":[{"width":1920,"height":1079,"url":"https:\/\/www.grandsformats.com\/wp-content\/uploads\/2023\/12\/169Undectet-2023-9-Ilija-Pejoski-WEB.jpg","type":"image\/jpeg"}],"author":"Laura Hanequand - Grands Formats","twitter_card":"summary_large_image","twitter_creator":"@GrandsFormatsGF","twitter_site":"@GrandsFormatsGF","twitter_misc":{"Written by":"Laura Hanequand - Grands Formats","Est. reading time":"2 minutes"},"schema":{"@context":"https:\/\/schema.org","@graph":[{"@type":"Article","@id":"https:\/\/www.grandsformats.com\/2023\/12\/nikolov-ivanovic-undectet-sortie-de-lalbum-dystopia-que-dans-les-territoires-de-la-ex-yugoslavie-et-une-tournee-avec-lensemble-en-serbie-et-macedoine\/#article","isPartOf":{"@id":"https:\/\/www.grandsformats.com\/2023\/12\/nikolov-ivanovic-undectet-sortie-de-lalbum-dystopia-que-dans-les-territoires-de-la-ex-yugoslavie-et-une-tournee-avec-lensemble-en-serbie-et-macedoine\/"},"author":{"name":"Laura Hanequand - Grands Formats","@id":"https:\/\/www.grandsformats.com\/#\/schema\/person\/56c2866069b6967b2c7becd25c9b4dbb"},"headline":"Nikolov-Ivanovic Undectet : Sortie de l&#8217;album &#8220;Dystopia&#8221; dans les territoires de l&#8217;ex-Yougoslavie et tourn\u00e9e en Serbie et Mac\u00e9doine.","datePublished":"2023-12-07T13:08:28+00:00","dateModified":"2023-12-08T09:16:24+00:00","mainEntityOfPage":{"@id":"https:\/\/www.grandsformats.com\/2023\/12\/nikolov-ivanovic-undectet-sortie-de-lalbum-dystopia-que-dans-les-territoires-de-la-ex-yugoslavie-et-une-tournee-avec-lensemble-en-serbie-et-macedoine\/"},"wordCount":273,"commentCount":0,"publisher":{"@id":"https:\/\/www.grandsformats.com\/#organization"},"image":{"@id":"https:\/\/www.grandsformats.com\/2023\/12\/nikolov-ivanovic-undectet-sortie-de-lalbum-dystopia-que-dans-les-territoires-de-la-ex-yugoslavie-et-une-tournee-avec-lensemble-en-serbie-et-macedoine\/#primaryimage"},"thumbnailUrl":"https:\/\/www.grandsformats.com\/wp-content\/uploads\/2023\/12\/169Undectet-2023-9-Ilija-Pejoski-WEB.jpg","articleSection":["Actus des membres","Nikolov Ivanovic Undectet"],"inLanguage":"en-US","potentialAction":[{"@type":"CommentAction","name":"Comment","target":["https:\/\/www.grandsformats.com\/2023\/12\/nikolov-ivanovic-undectet-sortie-de-lalbum-dystopia-que-dans-les-territoires-de-la-ex-yugoslavie-et-une-tournee-avec-lensemble-en-serbie-et-macedoine\/#respond"]}]},{"@type":"WebPage","@id":"https:\/\/www.grandsformats.com\/2023\/12\/nikolov-ivanovic-undectet-sortie-de-lalbum-dystopia-que-dans-les-territoires-de-la-ex-yugoslavie-et-une-tournee-avec-lensemble-en-serbie-et-macedoine\/","url":"https:\/\/www.grandsformats.com\/2023\/12\/nikolov-ivanovic-undectet-sortie-de-lalbum-dystopia-que-dans-les-territoires-de-la-ex-yugoslavie-et-une-tournee-avec-lensemble-en-serbie-et-macedoine\/","name":"Nikolov-Ivanovic Undectet : Sortie de l'album \"Dystopia\" dans les territoires de l'ex-Yougoslavie et tourn\u00e9e en Serbie et Mac\u00e9doine. - Site officiel de la f\u00e9d\u00e9ration Grands Formats","isPartOf":{"@id":"https:\/\/www.grandsformats.com\/#website"},"primaryImageOfPage":{"@id":"https:\/\/www.grandsformats.com\/2023\/12\/nikolov-ivanovic-undectet-sortie-de-lalbum-dystopia-que-dans-les-territoires-de-la-ex-yugoslavie-et-une-tournee-avec-lensemble-en-serbie-et-macedoine\/#primaryimage"},"image":{"@id":"https:\/\/www.grandsformats.com\/2023\/12\/nikolov-ivanovic-undectet-sortie-de-lalbum-dystopia-que-dans-les-territoires-de-la-ex-yugoslavie-et-une-tournee-avec-lensemble-en-serbie-et-macedoine\/#primaryimage"},"thumbnailUrl":"https:\/\/www.grandsformats.com\/wp-content\/uploads\/2023\/12\/169Undectet-2023-9-Ilija-Pejoski-WEB.jpg","datePublished":"2023-12-07T13:08:28+00:00","dateModified":"2023-12-08T09:16:24+00:00","description":"L'un des grands ensembles de jazz les plus cr\u00e9atifs d'Europe, le Nikolov-Ivanovi\u0107 Undectet, organisera une tourn\u00e9e de promotion du nouvel...","breadcrumb":{"@id":"https:\/\/www.grandsformats.com\/2023\/12\/nikolov-ivanovic-undectet-sortie-de-lalbum-dystopia-que-dans-les-territoires-de-la-ex-yugoslavie-et-une-tournee-avec-lensemble-en-serbie-et-macedoine\/#breadcrumb"},"inLanguage":"en-US","potentialAction":[{"@type":"ReadAction","target":["https:\/\/www.grandsformats.com\/2023\/12\/nikolov-ivanovic-undectet-sortie-de-lalbum-dystopia-que-dans-les-territoires-de-la-ex-yugoslavie-et-une-tournee-avec-lensemble-en-serbie-et-macedoine\/"]}]},{"@type":"ImageObject","inLanguage":"en-US","@id":"https:\/\/www.grandsformats.com\/2023\/12\/nikolov-ivanovic-undectet-sortie-de-lalbum-dystopia-que-dans-les-territoires-de-la-ex-yugoslavie-et-une-tournee-avec-lensemble-en-serbie-et-macedoine\/#primaryimage","url":"https:\/\/www.grandsformats.com\/wp-content\/uploads\/2023\/12\/169Undectet-2023-9-Ilija-Pejoski-WEB.jpg","contentUrl":"https:\/\/www.grandsformats.com\/wp-content\/uploads\/2023\/12\/169Undectet-2023-9-Ilija-Pejoski-WEB.jpg","width":1920,"height":1079,"caption":"Nikolov Ivanovic Undectet \u00a9 Ilija Pejoski"},{"@type":"BreadcrumbList","@id":"https:\/\/www.grandsformats.com\/2023\/12\/nikolov-ivanovic-undectet-sortie-de-lalbum-dystopia-que-dans-les-territoires-de-la-ex-yugoslavie-et-une-tournee-avec-lensemble-en-serbie-et-macedoine\/#breadcrumb","itemListElement":[{"@type":"ListItem","position":1,"name":"Accueil","item":"https:\/\/www.grandsformats.com\/en\/"},{"@type":"ListItem","position":2,"name":"Nikolov-Ivanovic Undectet : Sortie de l&rsquo;album \u00ab\u00a0Dystopia\u00a0\u00bb dans les territoires de l&rsquo;ex-Yougoslavie et tourn\u00e9e en Serbie et Mac\u00e9doine."}]},{"@type":"WebSite","@id":"https:\/\/www.grandsformats.com\/#website","url":"https:\/\/www.grandsformats.com\/","name":"Site officiel de la f\u00e9d\u00e9ration Grands Formats","description":"F\u00e9d\u00e9ration d&#039;artistes pour la musique en grand !","publisher":{"@id":"https:\/\/www.grandsformats.com\/#organization"},"potentialAction":[{"@type":"SearchAction","target":{"@type":"EntryPoint","urlTemplate":"https:\/\/www.grandsformats.com\/?s={search_term_string}"},"query-input":{"@type":"PropertyValueSpecification","valueRequired":true,"valueName":"search_term_string"}}],"inLanguage":"en-US"},{"@type":"Organization","@id":"https:\/\/www.grandsformats.com\/#organization","name":"Grands Formats","url":"https:\/\/www.grandsformats.com\/","logo":{"@type":"ImageObject","inLanguage":"en-US","@id":"https:\/\/www.grandsformats.com\/#\/schema\/logo\/image\/","url":"https:\/\/www.grandsformats.com\/wp-content\/uploads\/2020\/03\/logo-GF-200.png","contentUrl":"https:\/\/www.grandsformats.com\/wp-content\/uploads\/2020\/03\/logo-GF-200.png","width":155,"height":200,"caption":"Grands Formats"},"image":{"@id":"https:\/\/www.grandsformats.com\/#\/schema\/logo\/image\/"},"sameAs":["https:\/\/www.facebook.com\/grandsformats\/","https:\/\/x.com\/GrandsFormatsGF","https:\/\/www.instagram.com\/grandsformats\/","https:\/\/www.youtube.com\/channel\/UCJ7k9dbqc_DG-nxI3WMPvhw?view_as=subscriberhttps:\/\/www.youtube.com\/channel\/UCJ7k9dbqc_DG-nxI3WMPvhw?view_as=subscriber"]},{"@type":"Person","@id":"https:\/\/www.grandsformats.com\/#\/schema\/person\/56c2866069b6967b2c7becd25c9b4dbb","name":"Laura Hanequand - Grands Formats","image":{"@type":"ImageObject","inLanguage":"en-US","@id":"https:\/\/www.grandsformats.com\/#\/schema\/person\/image\/","url":"https:\/\/secure.gravatar.com\/avatar\/6d52edecb86835c2b7e81a2cdb8965ae325b4045b44f9043177428c622c06643?s=96&d=mm&r=g","contentUrl":"https:\/\/secure.gravatar.com\/avatar\/6d52edecb86835c2b7e81a2cdb8965ae325b4045b44f9043177428c622c06643?s=96&d=mm&r=g","caption":"Laura Hanequand - Grands Formats"},"url":"https:\/\/www.grandsformats.com\/en\/author\/lauragrandsformats-com\/"}]}},"_links":{"self":[{"href":"https:\/\/www.grandsformats.com\/en\/wp-json\/wp\/v2\/posts\/27811","targetHints":{"allow":["GET"]}}],"collection":[{"href":"https:\/\/www.grandsformats.com\/en\/wp-json\/wp\/v2\/posts"}],"about":[{"href":"https:\/\/www.grandsformats.com\/en\/wp-json\/wp\/v2\/types\/post"}],"author":[{"embeddable":true,"href":"https:\/\/www.grandsformats.com\/en\/wp-json\/wp\/v2\/users\/161"}],"replies":[{"embeddable":true,"href":"https:\/\/www.grandsformats.com\/en\/wp-json\/wp\/v2\/comments?post=27811"}],"version-history":[{"count":0,"href":"https:\/\/www.grandsformats.com\/en\/wp-json\/wp\/v2\/posts\/27811\/revisions"}],"wp:featuredmedia":[{"embeddable":true,"href":"https:\/\/www.grandsformats.com\/en\/wp-json\/wp\/v2\/media\/27812"}],"wp:attachment":[{"href":"https:\/\/www.grandsformats.com\/en\/wp-json\/wp\/v2\/media?parent=27811"}],"wp:term":[{"taxonomy":"category","embeddable":true,"href":"https:\/\/www.grandsformats.com\/en\/wp-json\/wp\/v2\/categories?post=27811"},{"taxonomy":"post_tag","embeddable":true,"href":"https:\/\/www.grandsformats.com\/en\/wp-json\/wp\/v2\/tags?post=27811"}],"curies":[{"name":"wp","href":"https:\/\/api.w.org\/{rel}","templated":true}]}}