{"id":27805,"date":"2023-12-07T13:52:02","date_gmt":"2023-12-07T12:52:02","guid":{"rendered":"https:\/\/www.grandsformats.com\/?p=27805"},"modified":"2023-12-07T13:52:02","modified_gmt":"2023-12-07T12:52:02","slug":"pictures-for-orchestra-jean-marie-machado-et-lorchestre-danzas-a-luce","status":"publish","type":"post","link":"https:\/\/www.grandsformats.com\/en\/2023\/12\/pictures-for-orchestra-jean-marie-machado-et-lorchestre-danzas-a-luce\/","title":{"rendered":"Pictures for Orchestra \u2013 Jean-Marie Machado et l\u2019orchestre Danzas \u00e0 Luc\u00e9"},"content":{"rendered":"<p>\u00ab Allez voir un orchestre de Jean-Marie Machado, c\u2019est toujours l\u2019\u00e9quivalent pour les oreilles d\u2019un repas de No\u00ebl pour l\u2019estomac. \u00bb J-F Mondot, Jazz Magazine<\/p>\n<p>Jean-Marie Machado construit Pictures for Orchestra comme une suite de neuf &#8220;free wheels&#8221; rendant hommage \u00e0 chacun des musiciens de l\u2019orchestre. Pictures for Orchestra est enti\u00e8rement acoustique pour \u00eatre au plus pr\u00e8s de la mati\u00e8re sonore des solistes. C\u2019est une sculpture sonore \u00e9crite par Jean-Marie Machado.<\/p>\n<p>Line up :<br \/>\nJean-Marie Machado \u2013 piano et compositions<br \/>\nC\u00e9cile Grenier \u2013 alto<br \/>\nS\u00e9verine Morfin \u2013 alto<br \/>\nGuillaume Martign\u00e9 \u2013 violoncelle<br \/>\nJean-Charles Richard \u2013 saxophones<br \/>\nElodie Pasquier \u2013 clarinettes<br \/>\nSt\u00e9phane Guillaume \u2013 fl\u00fbtes<br \/>\nFran\u00e7ois Thuillier \u2013 tuba<br \/>\nDidier Ithursarry \u2013 accord\u00e9on<\/p>\n<p><span style=\"color: #808080;\">Photo \u00a9 Bertrand Pich\u00e8ne<\/span><\/p>\n","protected":false},"excerpt":{"rendered":"<p>\u00ab Allez voir un orchestre de Jean-Marie Machado, c\u2019est toujours l\u2019\u00e9quivalent pour les oreilles d\u2019un repas de No\u00ebl pour l\u2019estomac. \u00bb J-F Mondot, Jazz Magazine Jean-Marie Machado construit Pictures for Orchestra comme une suite de neuf &#8220;free wheels&#8221; rendant hommage \u00e0 chacun des musiciens de l\u2019orchestre. Pictures for Orchestra est enti\u00e8rement acoustique pour \u00eatre au&#8230;<\/p>\n<p><a rel=\"bookmark\" class=\"theme-button-text wvc-button wvc-button-size-xs\" href=\"https:\/\/www.grandsformats.com\/en\/2023\/12\/pictures-for-orchestra-jean-marie-machado-et-lorchestre-danzas-a-luce\/\"><small class=\"wvc-button-background-fill\"><\/small><span>Continue reading<\/span><\/a><\/p>\n","protected":false},"author":161,"featured_media":27808,"comment_status":"open","ping_status":"open","sticky":false,"template":"","format":"standard","meta":{"_acf_changed":false,"footnotes":""},"categories":[95,861],"tags":[],"class_list":["post-27805","post","type-post","status-publish","format-standard","has-post-thumbnail","hentry","category-membres","category-jean-marie-machado-orchestre-danzas","entry-post-skin-light","entry","clearfix","entry-grid","entry-columns-default","entry-post-module-layout-sidebar-right","thumbnail-color-tone-dark","metro-landscape","entry-post","entry-masonry","entry-post-masonry"],"acf":[],"yoast_head":"<!-- This site is optimized with the Yoast SEO plugin v25.8 - https:\/\/yoast.com\/wordpress\/plugins\/seo\/ -->\n<title>Pictures for Orchestra \u2013 Jean-Marie Machado et l\u2019orchestre Danzas \u00e0 Luc\u00e9 - Site officiel de la f\u00e9d\u00e9ration Grands Formats<\/title>\n<meta name=\"description\" content=\"\u00ab Allez voir un orchestre de Jean-Marie Machado, c\u2019est toujours l\u2019\u00e9quivalent pour les oreilles d\u2019un repas de No\u00ebl pour l\u2019estomac. \u00bb\" \/>\n<meta name=\"robots\" content=\"index, follow, max-snippet:-1, max-image-preview:large, max-video-preview:-1\" \/>\n<link rel=\"canonical\" href=\"https:\/\/www.grandsformats.com\/2023\/12\/pictures-for-orchestra-jean-marie-machado-et-lorchestre-danzas-a-luce\/\" \/>\n<meta property=\"og:locale\" content=\"en_US\" \/>\n<meta property=\"og:type\" content=\"article\" \/>\n<meta property=\"og:title\" content=\"Pictures for Orchestra \u2013 Jean-Marie Machado et l\u2019orchestre Danzas \u00e0 Luc\u00e9 - Site officiel de la f\u00e9d\u00e9ration Grands Formats\" \/>\n<meta property=\"og:description\" content=\"\u00ab Allez voir un orchestre de Jean-Marie Machado, c\u2019est toujours l\u2019\u00e9quivalent pour les oreilles d\u2019un repas de No\u00ebl pour l\u2019estomac. \u00bb\" \/>\n<meta property=\"og:url\" content=\"https:\/\/www.grandsformats.com\/2023\/12\/pictures-for-orchestra-jean-marie-machado-et-lorchestre-danzas-a-luce\/\" \/>\n<meta property=\"og:site_name\" content=\"Site officiel de la f\u00e9d\u00e9ration Grands Formats\" \/>\n<meta property=\"article:publisher\" content=\"https:\/\/www.facebook.com\/grandsformats\/\" \/>\n<meta property=\"article:published_time\" content=\"2023-12-07T12:52:02+00:00\" \/>\n<meta property=\"og:image\" content=\"https:\/\/www.grandsformats.com\/wp-content\/uploads\/2023\/12\/16913_Danzas_JM_Machado_CDBM_Le_Perreux_26092018_\u00a9_Bertrand_PICHENE.jpg\" \/>\n\t<meta property=\"og:image:width\" content=\"1920\" \/>\n\t<meta property=\"og:image:height\" content=\"1080\" \/>\n\t<meta property=\"og:image:type\" content=\"image\/jpeg\" \/>\n<meta name=\"author\" content=\"Laura Hanequand - Grands Formats\" \/>\n<meta name=\"twitter:card\" content=\"summary_large_image\" \/>\n<meta name=\"twitter:creator\" content=\"@GrandsFormatsGF\" \/>\n<meta name=\"twitter:site\" content=\"@GrandsFormatsGF\" \/>\n<meta name=\"twitter:label1\" content=\"Written by\" \/>\n\t<meta name=\"twitter:data1\" content=\"Laura Hanequand - Grands Formats\" \/>\n\t<meta name=\"twitter:label2\" content=\"Est. reading time\" \/>\n\t<meta name=\"twitter:data2\" content=\"1 minute\" \/>\n<script type=\"application\/ld+json\" class=\"yoast-schema-graph\">{\"@context\":\"https:\/\/schema.org\",\"@graph\":[{\"@type\":\"Article\",\"@id\":\"https:\/\/www.grandsformats.com\/2023\/12\/pictures-for-orchestra-jean-marie-machado-et-lorchestre-danzas-a-luce\/#article\",\"isPartOf\":{\"@id\":\"https:\/\/www.grandsformats.com\/2023\/12\/pictures-for-orchestra-jean-marie-machado-et-lorchestre-danzas-a-luce\/\"},\"author\":{\"name\":\"Laura Hanequand - Grands Formats\",\"@id\":\"https:\/\/www.grandsformats.com\/#\/schema\/person\/56c2866069b6967b2c7becd25c9b4dbb\"},\"headline\":\"Pictures for Orchestra \u2013 Jean-Marie Machado et l\u2019orchestre Danzas \u00e0 Luc\u00e9\",\"datePublished\":\"2023-12-07T12:52:02+00:00\",\"mainEntityOfPage\":{\"@id\":\"https:\/\/www.grandsformats.com\/2023\/12\/pictures-for-orchestra-jean-marie-machado-et-lorchestre-danzas-a-luce\/\"},\"wordCount\":129,\"commentCount\":0,\"publisher\":{\"@id\":\"https:\/\/www.grandsformats.com\/#organization\"},\"image\":{\"@id\":\"https:\/\/www.grandsformats.com\/2023\/12\/pictures-for-orchestra-jean-marie-machado-et-lorchestre-danzas-a-luce\/#primaryimage\"},\"thumbnailUrl\":\"https:\/\/www.grandsformats.com\/wp-content\/uploads\/2023\/12\/16913_Danzas_JM_Machado_CDBM_Le_Perreux_26092018_\u00a9_Bertrand_PICHENE.jpg\",\"articleSection\":[\"Actus des membres\",\"Jean Marie Machado Orchestre Danzas\"],\"inLanguage\":\"en-US\",\"potentialAction\":[{\"@type\":\"CommentAction\",\"name\":\"Comment\",\"target\":[\"https:\/\/www.grandsformats.com\/2023\/12\/pictures-for-orchestra-jean-marie-machado-et-lorchestre-danzas-a-luce\/#respond\"]}]},{\"@type\":\"WebPage\",\"@id\":\"https:\/\/www.grandsformats.com\/2023\/12\/pictures-for-orchestra-jean-marie-machado-et-lorchestre-danzas-a-luce\/\",\"url\":\"https:\/\/www.grandsformats.com\/2023\/12\/pictures-for-orchestra-jean-marie-machado-et-lorchestre-danzas-a-luce\/\",\"name\":\"Pictures for Orchestra \u2013 Jean-Marie Machado et l\u2019orchestre Danzas \u00e0 Luc\u00e9 - Site officiel de la f\u00e9d\u00e9ration Grands Formats\",\"isPartOf\":{\"@id\":\"https:\/\/www.grandsformats.com\/#website\"},\"primaryImageOfPage\":{\"@id\":\"https:\/\/www.grandsformats.com\/2023\/12\/pictures-for-orchestra-jean-marie-machado-et-lorchestre-danzas-a-luce\/#primaryimage\"},\"image\":{\"@id\":\"https:\/\/www.grandsformats.com\/2023\/12\/pictures-for-orchestra-jean-marie-machado-et-lorchestre-danzas-a-luce\/#primaryimage\"},\"thumbnailUrl\":\"https:\/\/www.grandsformats.com\/wp-content\/uploads\/2023\/12\/16913_Danzas_JM_Machado_CDBM_Le_Perreux_26092018_\u00a9_Bertrand_PICHENE.jpg\",\"datePublished\":\"2023-12-07T12:52:02+00:00\",\"description\":\"\u00ab Allez voir un orchestre de Jean-Marie Machado, c\u2019est toujours l\u2019\u00e9quivalent pour les oreilles d\u2019un repas de No\u00ebl pour l\u2019estomac. \u00bb\",\"breadcrumb\":{\"@id\":\"https:\/\/www.grandsformats.com\/2023\/12\/pictures-for-orchestra-jean-marie-machado-et-lorchestre-danzas-a-luce\/#breadcrumb\"},\"inLanguage\":\"en-US\",\"potentialAction\":[{\"@type\":\"ReadAction\",\"target\":[\"https:\/\/www.grandsformats.com\/2023\/12\/pictures-for-orchestra-jean-marie-machado-et-lorchestre-danzas-a-luce\/\"]}]},{\"@type\":\"ImageObject\",\"inLanguage\":\"en-US\",\"@id\":\"https:\/\/www.grandsformats.com\/2023\/12\/pictures-for-orchestra-jean-marie-machado-et-lorchestre-danzas-a-luce\/#primaryimage\",\"url\":\"https:\/\/www.grandsformats.com\/wp-content\/uploads\/2023\/12\/16913_Danzas_JM_Machado_CDBM_Le_Perreux_26092018_\u00a9_Bertrand_PICHENE.jpg\",\"contentUrl\":\"https:\/\/www.grandsformats.com\/wp-content\/uploads\/2023\/12\/16913_Danzas_JM_Machado_CDBM_Le_Perreux_26092018_\u00a9_Bertrand_PICHENE.jpg\",\"width\":1920,\"height\":1080,\"caption\":\"jean marie machado \u00a9 bertrand Pichene\"},{\"@type\":\"BreadcrumbList\",\"@id\":\"https:\/\/www.grandsformats.com\/2023\/12\/pictures-for-orchestra-jean-marie-machado-et-lorchestre-danzas-a-luce\/#breadcrumb\",\"itemListElement\":[{\"@type\":\"ListItem\",\"position\":1,\"name\":\"Accueil\",\"item\":\"https:\/\/www.grandsformats.com\/en\/\"},{\"@type\":\"ListItem\",\"position\":2,\"name\":\"Pictures for Orchestra \u2013 Jean-Marie Machado et l\u2019orchestre Danzas \u00e0 Luc\u00e9\"}]},{\"@type\":\"WebSite\",\"@id\":\"https:\/\/www.grandsformats.com\/#website\",\"url\":\"https:\/\/www.grandsformats.com\/\",\"name\":\"Site officiel de la f\u00e9d\u00e9ration Grands Formats\",\"description\":\"F\u00e9d\u00e9ration d&#039;artistes pour la musique en grand !\",\"publisher\":{\"@id\":\"https:\/\/www.grandsformats.com\/#organization\"},\"potentialAction\":[{\"@type\":\"SearchAction\",\"target\":{\"@type\":\"EntryPoint\",\"urlTemplate\":\"https:\/\/www.grandsformats.com\/?s={search_term_string}\"},\"query-input\":{\"@type\":\"PropertyValueSpecification\",\"valueRequired\":true,\"valueName\":\"search_term_string\"}}],\"inLanguage\":\"en-US\"},{\"@type\":\"Organization\",\"@id\":\"https:\/\/www.grandsformats.com\/#organization\",\"name\":\"Grands Formats\",\"url\":\"https:\/\/www.grandsformats.com\/\",\"logo\":{\"@type\":\"ImageObject\",\"inLanguage\":\"en-US\",\"@id\":\"https:\/\/www.grandsformats.com\/#\/schema\/logo\/image\/\",\"url\":\"https:\/\/www.grandsformats.com\/wp-content\/uploads\/2020\/03\/logo-GF-200.png\",\"contentUrl\":\"https:\/\/www.grandsformats.com\/wp-content\/uploads\/2020\/03\/logo-GF-200.png\",\"width\":155,\"height\":200,\"caption\":\"Grands Formats\"},\"image\":{\"@id\":\"https:\/\/www.grandsformats.com\/#\/schema\/logo\/image\/\"},\"sameAs\":[\"https:\/\/www.facebook.com\/grandsformats\/\",\"https:\/\/x.com\/GrandsFormatsGF\",\"https:\/\/www.instagram.com\/grandsformats\/\",\"https:\/\/www.youtube.com\/channel\/UCJ7k9dbqc_DG-nxI3WMPvhw?view_as=subscriberhttps:\/\/www.youtube.com\/channel\/UCJ7k9dbqc_DG-nxI3WMPvhw?view_as=subscriber\"]},{\"@type\":\"Person\",\"@id\":\"https:\/\/www.grandsformats.com\/#\/schema\/person\/56c2866069b6967b2c7becd25c9b4dbb\",\"name\":\"Laura Hanequand - Grands Formats\",\"image\":{\"@type\":\"ImageObject\",\"inLanguage\":\"en-US\",\"@id\":\"https:\/\/www.grandsformats.com\/#\/schema\/person\/image\/\",\"url\":\"https:\/\/secure.gravatar.com\/avatar\/6d52edecb86835c2b7e81a2cdb8965ae325b4045b44f9043177428c622c06643?s=96&d=mm&r=g\",\"contentUrl\":\"https:\/\/secure.gravatar.com\/avatar\/6d52edecb86835c2b7e81a2cdb8965ae325b4045b44f9043177428c622c06643?s=96&d=mm&r=g\",\"caption\":\"Laura Hanequand - Grands Formats\"},\"url\":\"https:\/\/www.grandsformats.com\/en\/author\/lauragrandsformats-com\/\"}]}<\/script>\n<!-- \/ Yoast SEO plugin. -->","yoast_head_json":{"title":"Pictures for Orchestra \u2013 Jean-Marie Machado et l\u2019orchestre Danzas \u00e0 Luc\u00e9 - Site officiel de la f\u00e9d\u00e9ration Grands Formats","description":"\u00ab Allez voir un orchestre de Jean-Marie Machado, c\u2019est toujours l\u2019\u00e9quivalent pour les oreilles d\u2019un repas de No\u00ebl pour l\u2019estomac. \u00bb","robots":{"index":"index","follow":"follow","max-snippet":"max-snippet:-1","max-image-preview":"max-image-preview:large","max-video-preview":"max-video-preview:-1"},"canonical":"https:\/\/www.grandsformats.com\/2023\/12\/pictures-for-orchestra-jean-marie-machado-et-lorchestre-danzas-a-luce\/","og_locale":"en_US","og_type":"article","og_title":"Pictures for Orchestra \u2013 Jean-Marie Machado et l\u2019orchestre Danzas \u00e0 Luc\u00e9 - Site officiel de la f\u00e9d\u00e9ration Grands Formats","og_description":"\u00ab Allez voir un orchestre de Jean-Marie Machado, c\u2019est toujours l\u2019\u00e9quivalent pour les oreilles d\u2019un repas de No\u00ebl pour l\u2019estomac. \u00bb","og_url":"https:\/\/www.grandsformats.com\/2023\/12\/pictures-for-orchestra-jean-marie-machado-et-lorchestre-danzas-a-luce\/","og_site_name":"Site officiel de la f\u00e9d\u00e9ration Grands Formats","article_publisher":"https:\/\/www.facebook.com\/grandsformats\/","article_published_time":"2023-12-07T12:52:02+00:00","og_image":[{"width":1920,"height":1080,"url":"https:\/\/www.grandsformats.com\/wp-content\/uploads\/2023\/12\/16913_Danzas_JM_Machado_CDBM_Le_Perreux_26092018_\u00a9_Bertrand_PICHENE.jpg","type":"image\/jpeg"}],"author":"Laura Hanequand - Grands Formats","twitter_card":"summary_large_image","twitter_creator":"@GrandsFormatsGF","twitter_site":"@GrandsFormatsGF","twitter_misc":{"Written by":"Laura Hanequand - Grands Formats","Est. reading time":"1 minute"},"schema":{"@context":"https:\/\/schema.org","@graph":[{"@type":"Article","@id":"https:\/\/www.grandsformats.com\/2023\/12\/pictures-for-orchestra-jean-marie-machado-et-lorchestre-danzas-a-luce\/#article","isPartOf":{"@id":"https:\/\/www.grandsformats.com\/2023\/12\/pictures-for-orchestra-jean-marie-machado-et-lorchestre-danzas-a-luce\/"},"author":{"name":"Laura Hanequand - Grands Formats","@id":"https:\/\/www.grandsformats.com\/#\/schema\/person\/56c2866069b6967b2c7becd25c9b4dbb"},"headline":"Pictures for Orchestra \u2013 Jean-Marie Machado et l\u2019orchestre Danzas \u00e0 Luc\u00e9","datePublished":"2023-12-07T12:52:02+00:00","mainEntityOfPage":{"@id":"https:\/\/www.grandsformats.com\/2023\/12\/pictures-for-orchestra-jean-marie-machado-et-lorchestre-danzas-a-luce\/"},"wordCount":129,"commentCount":0,"publisher":{"@id":"https:\/\/www.grandsformats.com\/#organization"},"image":{"@id":"https:\/\/www.grandsformats.com\/2023\/12\/pictures-for-orchestra-jean-marie-machado-et-lorchestre-danzas-a-luce\/#primaryimage"},"thumbnailUrl":"https:\/\/www.grandsformats.com\/wp-content\/uploads\/2023\/12\/16913_Danzas_JM_Machado_CDBM_Le_Perreux_26092018_\u00a9_Bertrand_PICHENE.jpg","articleSection":["Actus des membres","Jean Marie Machado Orchestre Danzas"],"inLanguage":"en-US","potentialAction":[{"@type":"CommentAction","name":"Comment","target":["https:\/\/www.grandsformats.com\/2023\/12\/pictures-for-orchestra-jean-marie-machado-et-lorchestre-danzas-a-luce\/#respond"]}]},{"@type":"WebPage","@id":"https:\/\/www.grandsformats.com\/2023\/12\/pictures-for-orchestra-jean-marie-machado-et-lorchestre-danzas-a-luce\/","url":"https:\/\/www.grandsformats.com\/2023\/12\/pictures-for-orchestra-jean-marie-machado-et-lorchestre-danzas-a-luce\/","name":"Pictures for Orchestra \u2013 Jean-Marie Machado et l\u2019orchestre Danzas \u00e0 Luc\u00e9 - Site officiel de la f\u00e9d\u00e9ration Grands Formats","isPartOf":{"@id":"https:\/\/www.grandsformats.com\/#website"},"primaryImageOfPage":{"@id":"https:\/\/www.grandsformats.com\/2023\/12\/pictures-for-orchestra-jean-marie-machado-et-lorchestre-danzas-a-luce\/#primaryimage"},"image":{"@id":"https:\/\/www.grandsformats.com\/2023\/12\/pictures-for-orchestra-jean-marie-machado-et-lorchestre-danzas-a-luce\/#primaryimage"},"thumbnailUrl":"https:\/\/www.grandsformats.com\/wp-content\/uploads\/2023\/12\/16913_Danzas_JM_Machado_CDBM_Le_Perreux_26092018_\u00a9_Bertrand_PICHENE.jpg","datePublished":"2023-12-07T12:52:02+00:00","description":"\u00ab Allez voir un orchestre de Jean-Marie Machado, c\u2019est toujours l\u2019\u00e9quivalent pour les oreilles d\u2019un repas de No\u00ebl pour l\u2019estomac. \u00bb","breadcrumb":{"@id":"https:\/\/www.grandsformats.com\/2023\/12\/pictures-for-orchestra-jean-marie-machado-et-lorchestre-danzas-a-luce\/#breadcrumb"},"inLanguage":"en-US","potentialAction":[{"@type":"ReadAction","target":["https:\/\/www.grandsformats.com\/2023\/12\/pictures-for-orchestra-jean-marie-machado-et-lorchestre-danzas-a-luce\/"]}]},{"@type":"ImageObject","inLanguage":"en-US","@id":"https:\/\/www.grandsformats.com\/2023\/12\/pictures-for-orchestra-jean-marie-machado-et-lorchestre-danzas-a-luce\/#primaryimage","url":"https:\/\/www.grandsformats.com\/wp-content\/uploads\/2023\/12\/16913_Danzas_JM_Machado_CDBM_Le_Perreux_26092018_\u00a9_Bertrand_PICHENE.jpg","contentUrl":"https:\/\/www.grandsformats.com\/wp-content\/uploads\/2023\/12\/16913_Danzas_JM_Machado_CDBM_Le_Perreux_26092018_\u00a9_Bertrand_PICHENE.jpg","width":1920,"height":1080,"caption":"jean marie machado \u00a9 bertrand Pichene"},{"@type":"BreadcrumbList","@id":"https:\/\/www.grandsformats.com\/2023\/12\/pictures-for-orchestra-jean-marie-machado-et-lorchestre-danzas-a-luce\/#breadcrumb","itemListElement":[{"@type":"ListItem","position":1,"name":"Accueil","item":"https:\/\/www.grandsformats.com\/en\/"},{"@type":"ListItem","position":2,"name":"Pictures for Orchestra \u2013 Jean-Marie Machado et l\u2019orchestre Danzas \u00e0 Luc\u00e9"}]},{"@type":"WebSite","@id":"https:\/\/www.grandsformats.com\/#website","url":"https:\/\/www.grandsformats.com\/","name":"Site officiel de la f\u00e9d\u00e9ration Grands Formats","description":"F\u00e9d\u00e9ration d&#039;artistes pour la musique en grand !","publisher":{"@id":"https:\/\/www.grandsformats.com\/#organization"},"potentialAction":[{"@type":"SearchAction","target":{"@type":"EntryPoint","urlTemplate":"https:\/\/www.grandsformats.com\/?s={search_term_string}"},"query-input":{"@type":"PropertyValueSpecification","valueRequired":true,"valueName":"search_term_string"}}],"inLanguage":"en-US"},{"@type":"Organization","@id":"https:\/\/www.grandsformats.com\/#organization","name":"Grands Formats","url":"https:\/\/www.grandsformats.com\/","logo":{"@type":"ImageObject","inLanguage":"en-US","@id":"https:\/\/www.grandsformats.com\/#\/schema\/logo\/image\/","url":"https:\/\/www.grandsformats.com\/wp-content\/uploads\/2020\/03\/logo-GF-200.png","contentUrl":"https:\/\/www.grandsformats.com\/wp-content\/uploads\/2020\/03\/logo-GF-200.png","width":155,"height":200,"caption":"Grands Formats"},"image":{"@id":"https:\/\/www.grandsformats.com\/#\/schema\/logo\/image\/"},"sameAs":["https:\/\/www.facebook.com\/grandsformats\/","https:\/\/x.com\/GrandsFormatsGF","https:\/\/www.instagram.com\/grandsformats\/","https:\/\/www.youtube.com\/channel\/UCJ7k9dbqc_DG-nxI3WMPvhw?view_as=subscriberhttps:\/\/www.youtube.com\/channel\/UCJ7k9dbqc_DG-nxI3WMPvhw?view_as=subscriber"]},{"@type":"Person","@id":"https:\/\/www.grandsformats.com\/#\/schema\/person\/56c2866069b6967b2c7becd25c9b4dbb","name":"Laura Hanequand - Grands Formats","image":{"@type":"ImageObject","inLanguage":"en-US","@id":"https:\/\/www.grandsformats.com\/#\/schema\/person\/image\/","url":"https:\/\/secure.gravatar.com\/avatar\/6d52edecb86835c2b7e81a2cdb8965ae325b4045b44f9043177428c622c06643?s=96&d=mm&r=g","contentUrl":"https:\/\/secure.gravatar.com\/avatar\/6d52edecb86835c2b7e81a2cdb8965ae325b4045b44f9043177428c622c06643?s=96&d=mm&r=g","caption":"Laura Hanequand - Grands Formats"},"url":"https:\/\/www.grandsformats.com\/en\/author\/lauragrandsformats-com\/"}]}},"_links":{"self":[{"href":"https:\/\/www.grandsformats.com\/en\/wp-json\/wp\/v2\/posts\/27805","targetHints":{"allow":["GET"]}}],"collection":[{"href":"https:\/\/www.grandsformats.com\/en\/wp-json\/wp\/v2\/posts"}],"about":[{"href":"https:\/\/www.grandsformats.com\/en\/wp-json\/wp\/v2\/types\/post"}],"author":[{"embeddable":true,"href":"https:\/\/www.grandsformats.com\/en\/wp-json\/wp\/v2\/users\/161"}],"replies":[{"embeddable":true,"href":"https:\/\/www.grandsformats.com\/en\/wp-json\/wp\/v2\/comments?post=27805"}],"version-history":[{"count":0,"href":"https:\/\/www.grandsformats.com\/en\/wp-json\/wp\/v2\/posts\/27805\/revisions"}],"wp:featuredmedia":[{"embeddable":true,"href":"https:\/\/www.grandsformats.com\/en\/wp-json\/wp\/v2\/media\/27808"}],"wp:attachment":[{"href":"https:\/\/www.grandsformats.com\/en\/wp-json\/wp\/v2\/media?parent=27805"}],"wp:term":[{"taxonomy":"category","embeddable":true,"href":"https:\/\/www.grandsformats.com\/en\/wp-json\/wp\/v2\/categories?post=27805"},{"taxonomy":"post_tag","embeddable":true,"href":"https:\/\/www.grandsformats.com\/en\/wp-json\/wp\/v2\/tags?post=27805"}],"curies":[{"name":"wp","href":"https:\/\/api.w.org\/{rel}","templated":true}]}}