{"id":27624,"date":"2023-11-23T19:03:40","date_gmt":"2023-11-23T18:03:40","guid":{"rendered":"https:\/\/www.grandsformats.com\/?p=27624"},"modified":"2023-11-23T19:03:40","modified_gmt":"2023-11-23T18:03:40","slug":"communique-new-deal-taxe-streaming","status":"publish","type":"post","link":"https:\/\/www.grandsformats.com\/en\/2023\/11\/communique-new-deal-taxe-streaming\/","title":{"rendered":"New Deal &#8211; Communiqu\u00e9 : Le secteur musical ind\u00e9pendant r\u00e9clame unanimement une taxe streaming\u00a0!"},"content":{"rendered":"<p style=\"text-align: center;\"><strong>Communiqu\u00e9 de presse du 23\/11\/2023<\/strong><br \/>\n<strong><em>New Deal \u2013 Rencontres professionnelles de la musique<\/em><\/strong><br \/>\n<strong>Le secteur musical ind\u00e9pendant r\u00e9clame unanimement <\/strong><strong>une taxe streaming !<\/strong><\/p>\n<p style=\"text-align: left;\">\nMardi 21 novembre, depuis la Philharmonie de Paris o\u00f9 se tiennent les journ\u00e9es professionnelles New Deal d\u00e9di\u00e9es aux enjeux de la musique de patrimoine et de cr\u00e9ation, les six r\u00e9seaux professionnels organisateurs de l\u2019\u00e9v\u00e9nement, la FEVIS, Futurs Compos\u00e9s, Grands Formats, l\u2019Association des Sc\u00e8nes Nationales, France Festivals et le R\u00e9seau Europ\u00e9en des Musiques Anciennes r\u00e9affirment leur soutien d\u00e9termin\u00e9 \u00e0 la cr\u00e9ation d\u2019une contribution sur les revenus du streaming musical afin de compl\u00e9ter le sch\u00e9ma de financement du Centre National de la Musique.<\/p>\n<p>\u00c0 l\u2019occasion du d\u00e9bat qui cl\u00f4turait la premi\u00e8re journ\u00e9e des rencontres et dont le th\u00e8me se proposait de confronter les r\u00e9ductions catastrophiques du disponible artistique avec les ambitions musicales des acteurs, Jacques Toubon, pr\u00e9sident de la FEVIS et ancien ministre de la Culture, concluait les \u00e9changes en rappelant la position unanime du secteur en faveur de la cr\u00e9ation d\u2019une taxe sur le streaming.<\/p>\n<p>Dans un contexte o\u00f9 les structures musicales sont asphyxi\u00e9es par le d\u00e9calage entre les possibilit\u00e9s de diffusion, les baisses des cessions et l\u2019inflation d\u2019une part, et le tarissement des financements publics d\u2019autre part, la n\u00e9cessit\u00e9 de redonner du souffle au secteur musical passe par un refinancement global de ses acteurs, et notamment par la dotation du Centre National de la Musique.<\/p>\n<p>Proposition privil\u00e9gi\u00e9e dans le rapport Bargeton en avril dernier, par le Pr\u00e9sident de la R\u00e9publique en juin, et par la ministre de la Culture en octobre, la taxe sur le streaming repr\u00e9sente la ressource la plus efficace, p\u00e9renne et \u00e9quitable pour garantir le foisonnement unique de la cr\u00e9ation musicale et de la diversit\u00e9 des expressions culturelles en France.<\/p>\n<p><strong>Les six r\u00e9seaux professionnels lancent un appel \u00e0 agir en responsabilit\u00e9 vis-\u00e0-vis du secteur musical et de ses acteurs et \u00e0 adopter, enfin, une contribution obligatoire sur les revenus du streaming musical, au moment o\u00f9 s\u2019ouvre au S\u00e9nat les discussions sur la loi de finance 2024.<\/strong><\/p>\n<p style=\"text-align: right;\"><strong>FEVIS<\/strong> \u2013 Jacques Toubon, pr\u00e9sident<br \/>\n<strong>Association des Sc\u00e8nes Nationales<\/strong> \u2013 Laurent Dr\u00e9ano, pr\u00e9sident<br \/>\n<strong>Futurs Compos\u00e9s<\/strong> \u2013 Nadia Ratsimandresy, pr\u00e9sidente<br \/>\n<strong>Grands Formats<\/strong> \u2013 Alexandre Herer, pr\u00e9sident<br \/>\n<strong>France Festivals<\/strong> \u2013 Maria-Carmela Mini et Nathalie Rappaport, copr\u00e9sidentes<br \/>\n<strong>REMA<\/strong> \u2013 Veerle Declerck, pr\u00e9sidente<\/p>\n<p><a href=\"https:\/\/www.grandsformats.com\/wp-content\/uploads\/2023\/11\/DEF_COMMUNIQUE%CC%81_NEWDEAL_TAXESTREAMING.pdf\"><span style=\"text-decoration: underline;\"><strong>&gt; T\u00e9l\u00e9charger le communiqu\u00e9 avec les contacts presse<\/strong><\/span><\/a><\/p>\n","protected":false},"excerpt":{"rendered":"<p>Communiqu\u00e9 de presse du 23\/11\/2023 New Deal \u2013 Rencontres professionnelles de la musique Le secteur musical ind\u00e9pendant r\u00e9clame unanimement une taxe streaming ! Mardi 21 novembre, depuis la Philharmonie de Paris o\u00f9 se tiennent les journ\u00e9es professionnelles New Deal d\u00e9di\u00e9es aux enjeux de la musique de patrimoine et de cr\u00e9ation, les six r\u00e9seaux professionnels organisateurs&#8230;<\/p>\n<p><a rel=\"bookmark\" class=\"theme-button-text wvc-button wvc-button-size-xs\" href=\"https:\/\/www.grandsformats.com\/en\/2023\/11\/communique-new-deal-taxe-streaming\/\"><small class=\"wvc-button-background-fill\"><\/small><span>Continue reading<\/span><\/a><\/p>\n","protected":false},"author":161,"featured_media":27631,"comment_status":"open","ping_status":"open","sticky":false,"template":"","format":"standard","meta":{"_acf_changed":false,"footnotes":""},"categories":[90,273],"tags":[],"class_list":["post-27624","post","type-post","status-publish","format-standard","has-post-thumbnail","hentry","category-grands-formats","category-communiques-lactu-de-la-fede","entry-post-skin-light","entry","clearfix","entry-grid","entry-columns-default","entry-post-module-layout-sidebar-right","thumbnail-color-tone-light","metro-landscape","entry-post","entry-masonry","entry-post-masonry"],"acf":[],"yoast_head":"<!-- This site is optimized with the Yoast SEO plugin v25.8 - https:\/\/yoast.com\/wordpress\/plugins\/seo\/ -->\n<title>New Deal - Communiqu\u00e9 : Le secteur musical ind\u00e9pendant r\u00e9clame unanimement une taxe streaming\u00a0! - Site officiel de la f\u00e9d\u00e9ration Grands Formats<\/title>\n<meta name=\"description\" content=\"Mardi 21 novembre, depuis la Philharmonie de Paris o\u00f9 se tiennent les journ\u00e9es professionnelles New Deal d\u00e9di\u00e9es aux enjeux de la musique\" \/>\n<meta name=\"robots\" content=\"index, follow, max-snippet:-1, max-image-preview:large, max-video-preview:-1\" \/>\n<link rel=\"canonical\" href=\"https:\/\/www.grandsformats.com\/2023\/11\/communique-new-deal-taxe-streaming\/\" \/>\n<meta property=\"og:locale\" content=\"en_US\" \/>\n<meta property=\"og:type\" content=\"article\" \/>\n<meta property=\"og:title\" content=\"New Deal - Communiqu\u00e9 : Le secteur musical ind\u00e9pendant r\u00e9clame unanimement une taxe streaming\u00a0! - Site officiel de la f\u00e9d\u00e9ration Grands Formats\" \/>\n<meta property=\"og:description\" content=\"Mardi 21 novembre, depuis la Philharmonie de Paris o\u00f9 se tiennent les journ\u00e9es professionnelles New Deal d\u00e9di\u00e9es aux enjeux de la musique\" \/>\n<meta property=\"og:url\" content=\"https:\/\/www.grandsformats.com\/2023\/11\/communique-new-deal-taxe-streaming\/\" \/>\n<meta property=\"og:site_name\" content=\"Site officiel de la f\u00e9d\u00e9ration Grands Formats\" \/>\n<meta property=\"article:publisher\" content=\"https:\/\/www.facebook.com\/grandsformats\/\" \/>\n<meta property=\"article:published_time\" content=\"2023-11-23T18:03:40+00:00\" \/>\n<meta property=\"og:image\" content=\"https:\/\/www.grandsformats.com\/wp-content\/uploads\/2023\/11\/LOGOS-NEWDEAL2.jpg\" \/>\n\t<meta property=\"og:image:width\" content=\"1920\" \/>\n\t<meta property=\"og:image:height\" content=\"1080\" \/>\n\t<meta property=\"og:image:type\" content=\"image\/jpeg\" \/>\n<meta name=\"author\" content=\"Laura Hanequand - Grands Formats\" \/>\n<meta name=\"twitter:card\" content=\"summary_large_image\" \/>\n<meta name=\"twitter:creator\" content=\"@GrandsFormatsGF\" \/>\n<meta name=\"twitter:site\" content=\"@GrandsFormatsGF\" \/>\n<meta name=\"twitter:label1\" content=\"Written by\" \/>\n\t<meta name=\"twitter:data1\" content=\"Laura Hanequand - Grands Formats\" \/>\n\t<meta name=\"twitter:label2\" content=\"Est. reading time\" \/>\n\t<meta name=\"twitter:data2\" content=\"2 minutes\" \/>\n<script type=\"application\/ld+json\" class=\"yoast-schema-graph\">{\"@context\":\"https:\/\/schema.org\",\"@graph\":[{\"@type\":\"Article\",\"@id\":\"https:\/\/www.grandsformats.com\/2023\/11\/communique-new-deal-taxe-streaming\/#article\",\"isPartOf\":{\"@id\":\"https:\/\/www.grandsformats.com\/2023\/11\/communique-new-deal-taxe-streaming\/\"},\"author\":{\"name\":\"Laura Hanequand - Grands Formats\",\"@id\":\"https:\/\/www.grandsformats.com\/#\/schema\/person\/56c2866069b6967b2c7becd25c9b4dbb\"},\"headline\":\"New Deal &#8211; Communiqu\u00e9 : Le secteur musical ind\u00e9pendant r\u00e9clame unanimement une taxe streaming\u00a0!\",\"datePublished\":\"2023-11-23T18:03:40+00:00\",\"mainEntityOfPage\":{\"@id\":\"https:\/\/www.grandsformats.com\/2023\/11\/communique-new-deal-taxe-streaming\/\"},\"wordCount\":438,\"commentCount\":0,\"publisher\":{\"@id\":\"https:\/\/www.grandsformats.com\/#organization\"},\"image\":{\"@id\":\"https:\/\/www.grandsformats.com\/2023\/11\/communique-new-deal-taxe-streaming\/#primaryimage\"},\"thumbnailUrl\":\"https:\/\/www.grandsformats.com\/wp-content\/uploads\/2023\/11\/LOGOS-NEWDEAL2.jpg\",\"articleSection\":[\"Actus de la f\u00e9d\u00e9\",\"Contributions\"],\"inLanguage\":\"en-US\",\"potentialAction\":[{\"@type\":\"CommentAction\",\"name\":\"Comment\",\"target\":[\"https:\/\/www.grandsformats.com\/2023\/11\/communique-new-deal-taxe-streaming\/#respond\"]}]},{\"@type\":\"WebPage\",\"@id\":\"https:\/\/www.grandsformats.com\/2023\/11\/communique-new-deal-taxe-streaming\/\",\"url\":\"https:\/\/www.grandsformats.com\/2023\/11\/communique-new-deal-taxe-streaming\/\",\"name\":\"New Deal - Communiqu\u00e9 : Le secteur musical ind\u00e9pendant r\u00e9clame unanimement une taxe streaming\u00a0! - Site officiel de la f\u00e9d\u00e9ration Grands Formats\",\"isPartOf\":{\"@id\":\"https:\/\/www.grandsformats.com\/#website\"},\"primaryImageOfPage\":{\"@id\":\"https:\/\/www.grandsformats.com\/2023\/11\/communique-new-deal-taxe-streaming\/#primaryimage\"},\"image\":{\"@id\":\"https:\/\/www.grandsformats.com\/2023\/11\/communique-new-deal-taxe-streaming\/#primaryimage\"},\"thumbnailUrl\":\"https:\/\/www.grandsformats.com\/wp-content\/uploads\/2023\/11\/LOGOS-NEWDEAL2.jpg\",\"datePublished\":\"2023-11-23T18:03:40+00:00\",\"description\":\"Mardi 21 novembre, depuis la Philharmonie de Paris o\u00f9 se tiennent les journ\u00e9es professionnelles New Deal d\u00e9di\u00e9es aux enjeux de la musique\",\"breadcrumb\":{\"@id\":\"https:\/\/www.grandsformats.com\/2023\/11\/communique-new-deal-taxe-streaming\/#breadcrumb\"},\"inLanguage\":\"en-US\",\"potentialAction\":[{\"@type\":\"ReadAction\",\"target\":[\"https:\/\/www.grandsformats.com\/2023\/11\/communique-new-deal-taxe-streaming\/\"]}]},{\"@type\":\"ImageObject\",\"inLanguage\":\"en-US\",\"@id\":\"https:\/\/www.grandsformats.com\/2023\/11\/communique-new-deal-taxe-streaming\/#primaryimage\",\"url\":\"https:\/\/www.grandsformats.com\/wp-content\/uploads\/2023\/11\/LOGOS-NEWDEAL2.jpg\",\"contentUrl\":\"https:\/\/www.grandsformats.com\/wp-content\/uploads\/2023\/11\/LOGOS-NEWDEAL2.jpg\",\"width\":1920,\"height\":1080,\"caption\":\"new deal taxe streaming\"},{\"@type\":\"BreadcrumbList\",\"@id\":\"https:\/\/www.grandsformats.com\/2023\/11\/communique-new-deal-taxe-streaming\/#breadcrumb\",\"itemListElement\":[{\"@type\":\"ListItem\",\"position\":1,\"name\":\"Accueil\",\"item\":\"https:\/\/www.grandsformats.com\/en\/\"},{\"@type\":\"ListItem\",\"position\":2,\"name\":\"New Deal &#8211; Communiqu\u00e9 : Le secteur musical ind\u00e9pendant r\u00e9clame unanimement une taxe streaming\u00a0!\"}]},{\"@type\":\"WebSite\",\"@id\":\"https:\/\/www.grandsformats.com\/#website\",\"url\":\"https:\/\/www.grandsformats.com\/\",\"name\":\"Site officiel de la f\u00e9d\u00e9ration Grands Formats\",\"description\":\"F\u00e9d\u00e9ration d&#039;artistes pour la musique en grand !\",\"publisher\":{\"@id\":\"https:\/\/www.grandsformats.com\/#organization\"},\"potentialAction\":[{\"@type\":\"SearchAction\",\"target\":{\"@type\":\"EntryPoint\",\"urlTemplate\":\"https:\/\/www.grandsformats.com\/?s={search_term_string}\"},\"query-input\":{\"@type\":\"PropertyValueSpecification\",\"valueRequired\":true,\"valueName\":\"search_term_string\"}}],\"inLanguage\":\"en-US\"},{\"@type\":\"Organization\",\"@id\":\"https:\/\/www.grandsformats.com\/#organization\",\"name\":\"Grands Formats\",\"url\":\"https:\/\/www.grandsformats.com\/\",\"logo\":{\"@type\":\"ImageObject\",\"inLanguage\":\"en-US\",\"@id\":\"https:\/\/www.grandsformats.com\/#\/schema\/logo\/image\/\",\"url\":\"https:\/\/www.grandsformats.com\/wp-content\/uploads\/2020\/03\/logo-GF-200.png\",\"contentUrl\":\"https:\/\/www.grandsformats.com\/wp-content\/uploads\/2020\/03\/logo-GF-200.png\",\"width\":155,\"height\":200,\"caption\":\"Grands Formats\"},\"image\":{\"@id\":\"https:\/\/www.grandsformats.com\/#\/schema\/logo\/image\/\"},\"sameAs\":[\"https:\/\/www.facebook.com\/grandsformats\/\",\"https:\/\/x.com\/GrandsFormatsGF\",\"https:\/\/www.instagram.com\/grandsformats\/\",\"https:\/\/www.youtube.com\/channel\/UCJ7k9dbqc_DG-nxI3WMPvhw?view_as=subscriberhttps:\/\/www.youtube.com\/channel\/UCJ7k9dbqc_DG-nxI3WMPvhw?view_as=subscriber\"]},{\"@type\":\"Person\",\"@id\":\"https:\/\/www.grandsformats.com\/#\/schema\/person\/56c2866069b6967b2c7becd25c9b4dbb\",\"name\":\"Laura Hanequand - Grands Formats\",\"image\":{\"@type\":\"ImageObject\",\"inLanguage\":\"en-US\",\"@id\":\"https:\/\/www.grandsformats.com\/#\/schema\/person\/image\/\",\"url\":\"https:\/\/secure.gravatar.com\/avatar\/6d52edecb86835c2b7e81a2cdb8965ae325b4045b44f9043177428c622c06643?s=96&d=mm&r=g\",\"contentUrl\":\"https:\/\/secure.gravatar.com\/avatar\/6d52edecb86835c2b7e81a2cdb8965ae325b4045b44f9043177428c622c06643?s=96&d=mm&r=g\",\"caption\":\"Laura Hanequand - Grands Formats\"},\"url\":\"https:\/\/www.grandsformats.com\/en\/author\/lauragrandsformats-com\/\"}]}<\/script>\n<!-- \/ Yoast SEO plugin. -->","yoast_head_json":{"title":"New Deal - Communiqu\u00e9 : Le secteur musical ind\u00e9pendant r\u00e9clame unanimement une taxe streaming\u00a0! - Site officiel de la f\u00e9d\u00e9ration Grands Formats","description":"Mardi 21 novembre, depuis la Philharmonie de Paris o\u00f9 se tiennent les journ\u00e9es professionnelles New Deal d\u00e9di\u00e9es aux enjeux de la musique","robots":{"index":"index","follow":"follow","max-snippet":"max-snippet:-1","max-image-preview":"max-image-preview:large","max-video-preview":"max-video-preview:-1"},"canonical":"https:\/\/www.grandsformats.com\/2023\/11\/communique-new-deal-taxe-streaming\/","og_locale":"en_US","og_type":"article","og_title":"New Deal - Communiqu\u00e9 : Le secteur musical ind\u00e9pendant r\u00e9clame unanimement une taxe streaming\u00a0! - Site officiel de la f\u00e9d\u00e9ration Grands Formats","og_description":"Mardi 21 novembre, depuis la Philharmonie de Paris o\u00f9 se tiennent les journ\u00e9es professionnelles New Deal d\u00e9di\u00e9es aux enjeux de la musique","og_url":"https:\/\/www.grandsformats.com\/2023\/11\/communique-new-deal-taxe-streaming\/","og_site_name":"Site officiel de la f\u00e9d\u00e9ration Grands Formats","article_publisher":"https:\/\/www.facebook.com\/grandsformats\/","article_published_time":"2023-11-23T18:03:40+00:00","og_image":[{"width":1920,"height":1080,"url":"https:\/\/www.grandsformats.com\/wp-content\/uploads\/2023\/11\/LOGOS-NEWDEAL2.jpg","type":"image\/jpeg"}],"author":"Laura Hanequand - Grands Formats","twitter_card":"summary_large_image","twitter_creator":"@GrandsFormatsGF","twitter_site":"@GrandsFormatsGF","twitter_misc":{"Written by":"Laura Hanequand - Grands Formats","Est. reading time":"2 minutes"},"schema":{"@context":"https:\/\/schema.org","@graph":[{"@type":"Article","@id":"https:\/\/www.grandsformats.com\/2023\/11\/communique-new-deal-taxe-streaming\/#article","isPartOf":{"@id":"https:\/\/www.grandsformats.com\/2023\/11\/communique-new-deal-taxe-streaming\/"},"author":{"name":"Laura Hanequand - Grands Formats","@id":"https:\/\/www.grandsformats.com\/#\/schema\/person\/56c2866069b6967b2c7becd25c9b4dbb"},"headline":"New Deal &#8211; Communiqu\u00e9 : Le secteur musical ind\u00e9pendant r\u00e9clame unanimement une taxe streaming\u00a0!","datePublished":"2023-11-23T18:03:40+00:00","mainEntityOfPage":{"@id":"https:\/\/www.grandsformats.com\/2023\/11\/communique-new-deal-taxe-streaming\/"},"wordCount":438,"commentCount":0,"publisher":{"@id":"https:\/\/www.grandsformats.com\/#organization"},"image":{"@id":"https:\/\/www.grandsformats.com\/2023\/11\/communique-new-deal-taxe-streaming\/#primaryimage"},"thumbnailUrl":"https:\/\/www.grandsformats.com\/wp-content\/uploads\/2023\/11\/LOGOS-NEWDEAL2.jpg","articleSection":["Actus de la f\u00e9d\u00e9","Contributions"],"inLanguage":"en-US","potentialAction":[{"@type":"CommentAction","name":"Comment","target":["https:\/\/www.grandsformats.com\/2023\/11\/communique-new-deal-taxe-streaming\/#respond"]}]},{"@type":"WebPage","@id":"https:\/\/www.grandsformats.com\/2023\/11\/communique-new-deal-taxe-streaming\/","url":"https:\/\/www.grandsformats.com\/2023\/11\/communique-new-deal-taxe-streaming\/","name":"New Deal - Communiqu\u00e9 : Le secteur musical ind\u00e9pendant r\u00e9clame unanimement une taxe streaming\u00a0! - Site officiel de la f\u00e9d\u00e9ration Grands Formats","isPartOf":{"@id":"https:\/\/www.grandsformats.com\/#website"},"primaryImageOfPage":{"@id":"https:\/\/www.grandsformats.com\/2023\/11\/communique-new-deal-taxe-streaming\/#primaryimage"},"image":{"@id":"https:\/\/www.grandsformats.com\/2023\/11\/communique-new-deal-taxe-streaming\/#primaryimage"},"thumbnailUrl":"https:\/\/www.grandsformats.com\/wp-content\/uploads\/2023\/11\/LOGOS-NEWDEAL2.jpg","datePublished":"2023-11-23T18:03:40+00:00","description":"Mardi 21 novembre, depuis la Philharmonie de Paris o\u00f9 se tiennent les journ\u00e9es professionnelles New Deal d\u00e9di\u00e9es aux enjeux de la musique","breadcrumb":{"@id":"https:\/\/www.grandsformats.com\/2023\/11\/communique-new-deal-taxe-streaming\/#breadcrumb"},"inLanguage":"en-US","potentialAction":[{"@type":"ReadAction","target":["https:\/\/www.grandsformats.com\/2023\/11\/communique-new-deal-taxe-streaming\/"]}]},{"@type":"ImageObject","inLanguage":"en-US","@id":"https:\/\/www.grandsformats.com\/2023\/11\/communique-new-deal-taxe-streaming\/#primaryimage","url":"https:\/\/www.grandsformats.com\/wp-content\/uploads\/2023\/11\/LOGOS-NEWDEAL2.jpg","contentUrl":"https:\/\/www.grandsformats.com\/wp-content\/uploads\/2023\/11\/LOGOS-NEWDEAL2.jpg","width":1920,"height":1080,"caption":"new deal taxe streaming"},{"@type":"BreadcrumbList","@id":"https:\/\/www.grandsformats.com\/2023\/11\/communique-new-deal-taxe-streaming\/#breadcrumb","itemListElement":[{"@type":"ListItem","position":1,"name":"Accueil","item":"https:\/\/www.grandsformats.com\/en\/"},{"@type":"ListItem","position":2,"name":"New Deal &#8211; Communiqu\u00e9 : Le secteur musical ind\u00e9pendant r\u00e9clame unanimement une taxe streaming\u00a0!"}]},{"@type":"WebSite","@id":"https:\/\/www.grandsformats.com\/#website","url":"https:\/\/www.grandsformats.com\/","name":"Site officiel de la f\u00e9d\u00e9ration Grands Formats","description":"F\u00e9d\u00e9ration d&#039;artistes pour la musique en grand !","publisher":{"@id":"https:\/\/www.grandsformats.com\/#organization"},"potentialAction":[{"@type":"SearchAction","target":{"@type":"EntryPoint","urlTemplate":"https:\/\/www.grandsformats.com\/?s={search_term_string}"},"query-input":{"@type":"PropertyValueSpecification","valueRequired":true,"valueName":"search_term_string"}}],"inLanguage":"en-US"},{"@type":"Organization","@id":"https:\/\/www.grandsformats.com\/#organization","name":"Grands Formats","url":"https:\/\/www.grandsformats.com\/","logo":{"@type":"ImageObject","inLanguage":"en-US","@id":"https:\/\/www.grandsformats.com\/#\/schema\/logo\/image\/","url":"https:\/\/www.grandsformats.com\/wp-content\/uploads\/2020\/03\/logo-GF-200.png","contentUrl":"https:\/\/www.grandsformats.com\/wp-content\/uploads\/2020\/03\/logo-GF-200.png","width":155,"height":200,"caption":"Grands Formats"},"image":{"@id":"https:\/\/www.grandsformats.com\/#\/schema\/logo\/image\/"},"sameAs":["https:\/\/www.facebook.com\/grandsformats\/","https:\/\/x.com\/GrandsFormatsGF","https:\/\/www.instagram.com\/grandsformats\/","https:\/\/www.youtube.com\/channel\/UCJ7k9dbqc_DG-nxI3WMPvhw?view_as=subscriberhttps:\/\/www.youtube.com\/channel\/UCJ7k9dbqc_DG-nxI3WMPvhw?view_as=subscriber"]},{"@type":"Person","@id":"https:\/\/www.grandsformats.com\/#\/schema\/person\/56c2866069b6967b2c7becd25c9b4dbb","name":"Laura Hanequand - Grands Formats","image":{"@type":"ImageObject","inLanguage":"en-US","@id":"https:\/\/www.grandsformats.com\/#\/schema\/person\/image\/","url":"https:\/\/secure.gravatar.com\/avatar\/6d52edecb86835c2b7e81a2cdb8965ae325b4045b44f9043177428c622c06643?s=96&d=mm&r=g","contentUrl":"https:\/\/secure.gravatar.com\/avatar\/6d52edecb86835c2b7e81a2cdb8965ae325b4045b44f9043177428c622c06643?s=96&d=mm&r=g","caption":"Laura Hanequand - Grands Formats"},"url":"https:\/\/www.grandsformats.com\/en\/author\/lauragrandsformats-com\/"}]}},"_links":{"self":[{"href":"https:\/\/www.grandsformats.com\/en\/wp-json\/wp\/v2\/posts\/27624","targetHints":{"allow":["GET"]}}],"collection":[{"href":"https:\/\/www.grandsformats.com\/en\/wp-json\/wp\/v2\/posts"}],"about":[{"href":"https:\/\/www.grandsformats.com\/en\/wp-json\/wp\/v2\/types\/post"}],"author":[{"embeddable":true,"href":"https:\/\/www.grandsformats.com\/en\/wp-json\/wp\/v2\/users\/161"}],"replies":[{"embeddable":true,"href":"https:\/\/www.grandsformats.com\/en\/wp-json\/wp\/v2\/comments?post=27624"}],"version-history":[{"count":0,"href":"https:\/\/www.grandsformats.com\/en\/wp-json\/wp\/v2\/posts\/27624\/revisions"}],"wp:featuredmedia":[{"embeddable":true,"href":"https:\/\/www.grandsformats.com\/en\/wp-json\/wp\/v2\/media\/27631"}],"wp:attachment":[{"href":"https:\/\/www.grandsformats.com\/en\/wp-json\/wp\/v2\/media?parent=27624"}],"wp:term":[{"taxonomy":"category","embeddable":true,"href":"https:\/\/www.grandsformats.com\/en\/wp-json\/wp\/v2\/categories?post=27624"},{"taxonomy":"post_tag","embeddable":true,"href":"https:\/\/www.grandsformats.com\/en\/wp-json\/wp\/v2\/tags?post=27624"}],"curies":[{"name":"wp","href":"https:\/\/api.w.org\/{rel}","templated":true}]}}