{"id":27495,"date":"2023-11-10T10:45:55","date_gmt":"2023-11-10T09:45:55","guid":{"rendered":"https:\/\/www.grandsformats.com\/?p=27495"},"modified":"2023-11-13T09:48:08","modified_gmt":"2023-11-13T08:48:08","slug":"danzas-sinfonia-enregistrement-a-la-buissonne","status":"publish","type":"post","link":"https:\/\/www.grandsformats.com\/en\/2023\/11\/danzas-sinfonia-enregistrement-a-la-buissonne\/","title":{"rendered":"Orchestre Danzas de Jean-Marie Machado : Danzas Sinfonia : enregistrement \u00e0 la Buissonne"},"content":{"rendered":"<p>Jean-Marie Machado avec son orchestre Danzas pr\u00e9pare son 6\u00e8me album en grand format. L\u2019enregistrement aura lieu \u00e0 la Buissonne du 27 novembre au 3 d\u00e9cembre 2023. Il r\u00e9unit 16 musiciens et un chef d\u2019orchestre.<br \/>\nLa sortie du disque est pr\u00e9vue pour novembre 2024 sur le Label La Buissonne.<br \/>\n\u00ab La musique de Danzas Sinfonia se d\u00e9veloppe comme une suite d\u2019humeurs po\u00e9tiques invent\u00e9es en un seul geste. En se m\u00ealant les unes aux autres, elles cr\u00e9ent un parcours de danses li\u00e9es \u00e0 des \u00e9vocations tir\u00e9es de l\u2019imaginaire marin. [\u2026] Le souvenir des sensations de l\u2019enfance que Chantal Thomas nomme l\u2019\u00e9cume des rires, et le d\u00e9sir de se perdre dans l\u2019immensit\u00e9 bleue \u00e0 l\u2019infini ont guid\u00e9 les compositions de Danzas Sinfonia. \u00bb Jean-Marie Machado<\/p>\n<p>Line up : Jean-Marie Machado \u2013 piano, compositions, arrangements ; Jean-Charles Richard \u2013 direction d\u2019orchestre ; C\u00e9cile Grenier, C\u00e9cile Grassi et Gwenola Morin \u2013 alto ; Guillaume Martign\u00e9 et Clara Zaoui \u2013 violoncelle ; Marc Buronfosse \u2013 contrebasse ; St\u00e9phane Guillaume \u2013 fl\u00fbtes, saxophones ; Elodie Pasquier \u2013 clarinettes ; Renan Richard \u2013 saxophones ; Tom Caudelle \u2013 saxhorn ; Fran\u00e7ois Thuillier \u2013 tuba ; Didier Ithursarry \u2013 accord\u00e9on ; Joachim Machado \u2013 guitare \u00e9lectrique ; Marion Fr\u00e9tigny et Aub\u00e9rie Dimpre \u2013 percussions<\/p>\n<p><span style=\"color: #808080;\">Photo \u00a9 Maxim Fran\u00e7ois<\/span><\/p>\n","protected":false},"excerpt":{"rendered":"<p>Jean-Marie Machado avec son orchestre Danzas pr\u00e9pare son 6\u00e8me album en grand format. L\u2019enregistrement aura lieu \u00e0 la Buissonne du 27 novembre au 3 d\u00e9cembre 2023. Il r\u00e9unit 16 musiciens et un chef d\u2019orchestre. La sortie du disque est pr\u00e9vue pour novembre 2024 sur le Label La Buissonne. \u00ab La musique de Danzas Sinfonia se&#8230;<\/p>\n<p><a rel=\"bookmark\" class=\"theme-button-text wvc-button wvc-button-size-xs\" href=\"https:\/\/www.grandsformats.com\/en\/2023\/11\/danzas-sinfonia-enregistrement-a-la-buissonne\/\"><small class=\"wvc-button-background-fill\"><\/small><span>Continue reading<\/span><\/a><\/p>\n","protected":false},"author":161,"featured_media":27512,"comment_status":"open","ping_status":"open","sticky":false,"template":"","format":"standard","meta":{"_acf_changed":false,"footnotes":""},"categories":[95,861],"tags":[],"class_list":["post-27495","post","type-post","status-publish","format-standard","has-post-thumbnail","hentry","category-membres","category-jean-marie-machado-orchestre-danzas","entry-post-skin-light","entry","clearfix","entry-grid","entry-columns-default","entry-post-module-layout-sidebar-right","thumbnail-color-tone-dark","metro-landscape","entry-post","entry-masonry","entry-post-masonry"],"acf":[],"yoast_head":"<!-- This site is optimized with the Yoast SEO plugin v25.8 - https:\/\/yoast.com\/wordpress\/plugins\/seo\/ -->\n<title>Orchestre Danzas de Jean-Marie Machado : Danzas Sinfonia : enregistrement \u00e0 la Buissonne - Site officiel de la f\u00e9d\u00e9ration Grands Formats<\/title>\n<meta name=\"description\" content=\"Jean-Marie Machado avec son orchestre Danzas pr\u00e9pare son 6\u00e8me album en grand format. L\u2019enregistrement aura lieu \u00e0 la Buissonne...\" \/>\n<meta name=\"robots\" content=\"index, follow, max-snippet:-1, max-image-preview:large, max-video-preview:-1\" \/>\n<link rel=\"canonical\" href=\"https:\/\/www.grandsformats.com\/2023\/11\/danzas-sinfonia-enregistrement-a-la-buissonne\/\" \/>\n<meta property=\"og:locale\" content=\"en_US\" \/>\n<meta property=\"og:type\" content=\"article\" \/>\n<meta property=\"og:title\" content=\"Orchestre Danzas de Jean-Marie Machado : Danzas Sinfonia : enregistrement \u00e0 la Buissonne - Site officiel de la f\u00e9d\u00e9ration Grands Formats\" \/>\n<meta property=\"og:description\" content=\"Jean-Marie Machado avec son orchestre Danzas pr\u00e9pare son 6\u00e8me album en grand format. L\u2019enregistrement aura lieu \u00e0 la Buissonne...\" \/>\n<meta property=\"og:url\" content=\"https:\/\/www.grandsformats.com\/2023\/11\/danzas-sinfonia-enregistrement-a-la-buissonne\/\" \/>\n<meta property=\"og:site_name\" content=\"Site officiel de la f\u00e9d\u00e9ration Grands Formats\" \/>\n<meta property=\"article:publisher\" content=\"https:\/\/www.facebook.com\/grandsformats\/\" \/>\n<meta property=\"article:published_time\" content=\"2023-11-10T09:45:55+00:00\" \/>\n<meta property=\"article:modified_time\" content=\"2023-11-13T08:48:08+00:00\" \/>\n<meta property=\"og:image\" content=\"https:\/\/www.grandsformats.com\/wp-content\/uploads\/2023\/11\/169DSC08130-@Maxim-Franc\u0327ois.jpg\" \/>\n\t<meta property=\"og:image:width\" content=\"1920\" \/>\n\t<meta property=\"og:image:height\" content=\"1080\" \/>\n\t<meta property=\"og:image:type\" content=\"image\/jpeg\" \/>\n<meta name=\"author\" content=\"Laura Hanequand - Grands Formats\" \/>\n<meta name=\"twitter:card\" content=\"summary_large_image\" \/>\n<meta name=\"twitter:creator\" content=\"@GrandsFormatsGF\" \/>\n<meta name=\"twitter:site\" content=\"@GrandsFormatsGF\" \/>\n<meta name=\"twitter:label1\" content=\"Written by\" \/>\n\t<meta name=\"twitter:data1\" content=\"Laura Hanequand - Grands Formats\" \/>\n\t<meta name=\"twitter:label2\" content=\"Est. reading time\" \/>\n\t<meta name=\"twitter:data2\" content=\"1 minute\" \/>\n<script type=\"application\/ld+json\" class=\"yoast-schema-graph\">{\"@context\":\"https:\/\/schema.org\",\"@graph\":[{\"@type\":\"Article\",\"@id\":\"https:\/\/www.grandsformats.com\/2023\/11\/danzas-sinfonia-enregistrement-a-la-buissonne\/#article\",\"isPartOf\":{\"@id\":\"https:\/\/www.grandsformats.com\/2023\/11\/danzas-sinfonia-enregistrement-a-la-buissonne\/\"},\"author\":{\"name\":\"Laura Hanequand - Grands Formats\",\"@id\":\"https:\/\/www.grandsformats.com\/#\/schema\/person\/56c2866069b6967b2c7becd25c9b4dbb\"},\"headline\":\"Orchestre Danzas de Jean-Marie Machado : Danzas Sinfonia : enregistrement \u00e0 la Buissonne\",\"datePublished\":\"2023-11-10T09:45:55+00:00\",\"dateModified\":\"2023-11-13T08:48:08+00:00\",\"mainEntityOfPage\":{\"@id\":\"https:\/\/www.grandsformats.com\/2023\/11\/danzas-sinfonia-enregistrement-a-la-buissonne\/\"},\"wordCount\":211,\"commentCount\":0,\"publisher\":{\"@id\":\"https:\/\/www.grandsformats.com\/#organization\"},\"image\":{\"@id\":\"https:\/\/www.grandsformats.com\/2023\/11\/danzas-sinfonia-enregistrement-a-la-buissonne\/#primaryimage\"},\"thumbnailUrl\":\"https:\/\/www.grandsformats.com\/wp-content\/uploads\/2023\/11\/169DSC08130-@Maxim-Franc\u0327ois.jpg\",\"articleSection\":[\"Actus des membres\",\"Jean Marie Machado Orchestre Danzas\"],\"inLanguage\":\"en-US\",\"potentialAction\":[{\"@type\":\"CommentAction\",\"name\":\"Comment\",\"target\":[\"https:\/\/www.grandsformats.com\/2023\/11\/danzas-sinfonia-enregistrement-a-la-buissonne\/#respond\"]}]},{\"@type\":\"WebPage\",\"@id\":\"https:\/\/www.grandsformats.com\/2023\/11\/danzas-sinfonia-enregistrement-a-la-buissonne\/\",\"url\":\"https:\/\/www.grandsformats.com\/2023\/11\/danzas-sinfonia-enregistrement-a-la-buissonne\/\",\"name\":\"Orchestre Danzas de Jean-Marie Machado : Danzas Sinfonia : enregistrement \u00e0 la Buissonne - Site officiel de la f\u00e9d\u00e9ration Grands Formats\",\"isPartOf\":{\"@id\":\"https:\/\/www.grandsformats.com\/#website\"},\"primaryImageOfPage\":{\"@id\":\"https:\/\/www.grandsformats.com\/2023\/11\/danzas-sinfonia-enregistrement-a-la-buissonne\/#primaryimage\"},\"image\":{\"@id\":\"https:\/\/www.grandsformats.com\/2023\/11\/danzas-sinfonia-enregistrement-a-la-buissonne\/#primaryimage\"},\"thumbnailUrl\":\"https:\/\/www.grandsformats.com\/wp-content\/uploads\/2023\/11\/169DSC08130-@Maxim-Franc\u0327ois.jpg\",\"datePublished\":\"2023-11-10T09:45:55+00:00\",\"dateModified\":\"2023-11-13T08:48:08+00:00\",\"description\":\"Jean-Marie Machado avec son orchestre Danzas pr\u00e9pare son 6\u00e8me album en grand format. L\u2019enregistrement aura lieu \u00e0 la Buissonne...\",\"breadcrumb\":{\"@id\":\"https:\/\/www.grandsformats.com\/2023\/11\/danzas-sinfonia-enregistrement-a-la-buissonne\/#breadcrumb\"},\"inLanguage\":\"en-US\",\"potentialAction\":[{\"@type\":\"ReadAction\",\"target\":[\"https:\/\/www.grandsformats.com\/2023\/11\/danzas-sinfonia-enregistrement-a-la-buissonne\/\"]}]},{\"@type\":\"ImageObject\",\"inLanguage\":\"en-US\",\"@id\":\"https:\/\/www.grandsformats.com\/2023\/11\/danzas-sinfonia-enregistrement-a-la-buissonne\/#primaryimage\",\"url\":\"https:\/\/www.grandsformats.com\/wp-content\/uploads\/2023\/11\/169DSC08130-@Maxim-Franc\u0327ois.jpg\",\"contentUrl\":\"https:\/\/www.grandsformats.com\/wp-content\/uploads\/2023\/11\/169DSC08130-@Maxim-Franc\u0327ois.jpg\",\"width\":1920,\"height\":1080,\"caption\":\"Danzas \u00a9 Maxim Fran\u00e7ois\"},{\"@type\":\"BreadcrumbList\",\"@id\":\"https:\/\/www.grandsformats.com\/2023\/11\/danzas-sinfonia-enregistrement-a-la-buissonne\/#breadcrumb\",\"itemListElement\":[{\"@type\":\"ListItem\",\"position\":1,\"name\":\"Accueil\",\"item\":\"https:\/\/www.grandsformats.com\/en\/\"},{\"@type\":\"ListItem\",\"position\":2,\"name\":\"Orchestre Danzas de Jean-Marie Machado : Danzas Sinfonia : enregistrement \u00e0 la Buissonne\"}]},{\"@type\":\"WebSite\",\"@id\":\"https:\/\/www.grandsformats.com\/#website\",\"url\":\"https:\/\/www.grandsformats.com\/\",\"name\":\"Site officiel de la f\u00e9d\u00e9ration Grands Formats\",\"description\":\"F\u00e9d\u00e9ration d&#039;artistes pour la musique en grand !\",\"publisher\":{\"@id\":\"https:\/\/www.grandsformats.com\/#organization\"},\"potentialAction\":[{\"@type\":\"SearchAction\",\"target\":{\"@type\":\"EntryPoint\",\"urlTemplate\":\"https:\/\/www.grandsformats.com\/?s={search_term_string}\"},\"query-input\":{\"@type\":\"PropertyValueSpecification\",\"valueRequired\":true,\"valueName\":\"search_term_string\"}}],\"inLanguage\":\"en-US\"},{\"@type\":\"Organization\",\"@id\":\"https:\/\/www.grandsformats.com\/#organization\",\"name\":\"Grands Formats\",\"url\":\"https:\/\/www.grandsformats.com\/\",\"logo\":{\"@type\":\"ImageObject\",\"inLanguage\":\"en-US\",\"@id\":\"https:\/\/www.grandsformats.com\/#\/schema\/logo\/image\/\",\"url\":\"https:\/\/www.grandsformats.com\/wp-content\/uploads\/2020\/03\/logo-GF-200.png\",\"contentUrl\":\"https:\/\/www.grandsformats.com\/wp-content\/uploads\/2020\/03\/logo-GF-200.png\",\"width\":155,\"height\":200,\"caption\":\"Grands Formats\"},\"image\":{\"@id\":\"https:\/\/www.grandsformats.com\/#\/schema\/logo\/image\/\"},\"sameAs\":[\"https:\/\/www.facebook.com\/grandsformats\/\",\"https:\/\/x.com\/GrandsFormatsGF\",\"https:\/\/www.instagram.com\/grandsformats\/\",\"https:\/\/www.youtube.com\/channel\/UCJ7k9dbqc_DG-nxI3WMPvhw?view_as=subscriberhttps:\/\/www.youtube.com\/channel\/UCJ7k9dbqc_DG-nxI3WMPvhw?view_as=subscriber\"]},{\"@type\":\"Person\",\"@id\":\"https:\/\/www.grandsformats.com\/#\/schema\/person\/56c2866069b6967b2c7becd25c9b4dbb\",\"name\":\"Laura Hanequand - Grands Formats\",\"image\":{\"@type\":\"ImageObject\",\"inLanguage\":\"en-US\",\"@id\":\"https:\/\/www.grandsformats.com\/#\/schema\/person\/image\/\",\"url\":\"https:\/\/secure.gravatar.com\/avatar\/6d52edecb86835c2b7e81a2cdb8965ae325b4045b44f9043177428c622c06643?s=96&d=mm&r=g\",\"contentUrl\":\"https:\/\/secure.gravatar.com\/avatar\/6d52edecb86835c2b7e81a2cdb8965ae325b4045b44f9043177428c622c06643?s=96&d=mm&r=g\",\"caption\":\"Laura Hanequand - Grands Formats\"},\"url\":\"https:\/\/www.grandsformats.com\/en\/author\/lauragrandsformats-com\/\"}]}<\/script>\n<!-- \/ Yoast SEO plugin. -->","yoast_head_json":{"title":"Orchestre Danzas de Jean-Marie Machado : Danzas Sinfonia : enregistrement \u00e0 la Buissonne - Site officiel de la f\u00e9d\u00e9ration Grands Formats","description":"Jean-Marie Machado avec son orchestre Danzas pr\u00e9pare son 6\u00e8me album en grand format. L\u2019enregistrement aura lieu \u00e0 la Buissonne...","robots":{"index":"index","follow":"follow","max-snippet":"max-snippet:-1","max-image-preview":"max-image-preview:large","max-video-preview":"max-video-preview:-1"},"canonical":"https:\/\/www.grandsformats.com\/2023\/11\/danzas-sinfonia-enregistrement-a-la-buissonne\/","og_locale":"en_US","og_type":"article","og_title":"Orchestre Danzas de Jean-Marie Machado : Danzas Sinfonia : enregistrement \u00e0 la Buissonne - Site officiel de la f\u00e9d\u00e9ration Grands Formats","og_description":"Jean-Marie Machado avec son orchestre Danzas pr\u00e9pare son 6\u00e8me album en grand format. L\u2019enregistrement aura lieu \u00e0 la Buissonne...","og_url":"https:\/\/www.grandsformats.com\/2023\/11\/danzas-sinfonia-enregistrement-a-la-buissonne\/","og_site_name":"Site officiel de la f\u00e9d\u00e9ration Grands Formats","article_publisher":"https:\/\/www.facebook.com\/grandsformats\/","article_published_time":"2023-11-10T09:45:55+00:00","article_modified_time":"2023-11-13T08:48:08+00:00","og_image":[{"width":1920,"height":1080,"url":"https:\/\/www.grandsformats.com\/wp-content\/uploads\/2023\/11\/169DSC08130-@Maxim-Franc\u0327ois.jpg","type":"image\/jpeg"}],"author":"Laura Hanequand - Grands Formats","twitter_card":"summary_large_image","twitter_creator":"@GrandsFormatsGF","twitter_site":"@GrandsFormatsGF","twitter_misc":{"Written by":"Laura Hanequand - Grands Formats","Est. reading time":"1 minute"},"schema":{"@context":"https:\/\/schema.org","@graph":[{"@type":"Article","@id":"https:\/\/www.grandsformats.com\/2023\/11\/danzas-sinfonia-enregistrement-a-la-buissonne\/#article","isPartOf":{"@id":"https:\/\/www.grandsformats.com\/2023\/11\/danzas-sinfonia-enregistrement-a-la-buissonne\/"},"author":{"name":"Laura Hanequand - Grands Formats","@id":"https:\/\/www.grandsformats.com\/#\/schema\/person\/56c2866069b6967b2c7becd25c9b4dbb"},"headline":"Orchestre Danzas de Jean-Marie Machado : Danzas Sinfonia : enregistrement \u00e0 la Buissonne","datePublished":"2023-11-10T09:45:55+00:00","dateModified":"2023-11-13T08:48:08+00:00","mainEntityOfPage":{"@id":"https:\/\/www.grandsformats.com\/2023\/11\/danzas-sinfonia-enregistrement-a-la-buissonne\/"},"wordCount":211,"commentCount":0,"publisher":{"@id":"https:\/\/www.grandsformats.com\/#organization"},"image":{"@id":"https:\/\/www.grandsformats.com\/2023\/11\/danzas-sinfonia-enregistrement-a-la-buissonne\/#primaryimage"},"thumbnailUrl":"https:\/\/www.grandsformats.com\/wp-content\/uploads\/2023\/11\/169DSC08130-@Maxim-Franc\u0327ois.jpg","articleSection":["Actus des membres","Jean Marie Machado Orchestre Danzas"],"inLanguage":"en-US","potentialAction":[{"@type":"CommentAction","name":"Comment","target":["https:\/\/www.grandsformats.com\/2023\/11\/danzas-sinfonia-enregistrement-a-la-buissonne\/#respond"]}]},{"@type":"WebPage","@id":"https:\/\/www.grandsformats.com\/2023\/11\/danzas-sinfonia-enregistrement-a-la-buissonne\/","url":"https:\/\/www.grandsformats.com\/2023\/11\/danzas-sinfonia-enregistrement-a-la-buissonne\/","name":"Orchestre Danzas de Jean-Marie Machado : Danzas Sinfonia : enregistrement \u00e0 la Buissonne - Site officiel de la f\u00e9d\u00e9ration Grands Formats","isPartOf":{"@id":"https:\/\/www.grandsformats.com\/#website"},"primaryImageOfPage":{"@id":"https:\/\/www.grandsformats.com\/2023\/11\/danzas-sinfonia-enregistrement-a-la-buissonne\/#primaryimage"},"image":{"@id":"https:\/\/www.grandsformats.com\/2023\/11\/danzas-sinfonia-enregistrement-a-la-buissonne\/#primaryimage"},"thumbnailUrl":"https:\/\/www.grandsformats.com\/wp-content\/uploads\/2023\/11\/169DSC08130-@Maxim-Franc\u0327ois.jpg","datePublished":"2023-11-10T09:45:55+00:00","dateModified":"2023-11-13T08:48:08+00:00","description":"Jean-Marie Machado avec son orchestre Danzas pr\u00e9pare son 6\u00e8me album en grand format. L\u2019enregistrement aura lieu \u00e0 la Buissonne...","breadcrumb":{"@id":"https:\/\/www.grandsformats.com\/2023\/11\/danzas-sinfonia-enregistrement-a-la-buissonne\/#breadcrumb"},"inLanguage":"en-US","potentialAction":[{"@type":"ReadAction","target":["https:\/\/www.grandsformats.com\/2023\/11\/danzas-sinfonia-enregistrement-a-la-buissonne\/"]}]},{"@type":"ImageObject","inLanguage":"en-US","@id":"https:\/\/www.grandsformats.com\/2023\/11\/danzas-sinfonia-enregistrement-a-la-buissonne\/#primaryimage","url":"https:\/\/www.grandsformats.com\/wp-content\/uploads\/2023\/11\/169DSC08130-@Maxim-Franc\u0327ois.jpg","contentUrl":"https:\/\/www.grandsformats.com\/wp-content\/uploads\/2023\/11\/169DSC08130-@Maxim-Franc\u0327ois.jpg","width":1920,"height":1080,"caption":"Danzas \u00a9 Maxim Fran\u00e7ois"},{"@type":"BreadcrumbList","@id":"https:\/\/www.grandsformats.com\/2023\/11\/danzas-sinfonia-enregistrement-a-la-buissonne\/#breadcrumb","itemListElement":[{"@type":"ListItem","position":1,"name":"Accueil","item":"https:\/\/www.grandsformats.com\/en\/"},{"@type":"ListItem","position":2,"name":"Orchestre Danzas de Jean-Marie Machado : Danzas Sinfonia : enregistrement \u00e0 la Buissonne"}]},{"@type":"WebSite","@id":"https:\/\/www.grandsformats.com\/#website","url":"https:\/\/www.grandsformats.com\/","name":"Site officiel de la f\u00e9d\u00e9ration Grands Formats","description":"F\u00e9d\u00e9ration d&#039;artistes pour la musique en grand !","publisher":{"@id":"https:\/\/www.grandsformats.com\/#organization"},"potentialAction":[{"@type":"SearchAction","target":{"@type":"EntryPoint","urlTemplate":"https:\/\/www.grandsformats.com\/?s={search_term_string}"},"query-input":{"@type":"PropertyValueSpecification","valueRequired":true,"valueName":"search_term_string"}}],"inLanguage":"en-US"},{"@type":"Organization","@id":"https:\/\/www.grandsformats.com\/#organization","name":"Grands Formats","url":"https:\/\/www.grandsformats.com\/","logo":{"@type":"ImageObject","inLanguage":"en-US","@id":"https:\/\/www.grandsformats.com\/#\/schema\/logo\/image\/","url":"https:\/\/www.grandsformats.com\/wp-content\/uploads\/2020\/03\/logo-GF-200.png","contentUrl":"https:\/\/www.grandsformats.com\/wp-content\/uploads\/2020\/03\/logo-GF-200.png","width":155,"height":200,"caption":"Grands Formats"},"image":{"@id":"https:\/\/www.grandsformats.com\/#\/schema\/logo\/image\/"},"sameAs":["https:\/\/www.facebook.com\/grandsformats\/","https:\/\/x.com\/GrandsFormatsGF","https:\/\/www.instagram.com\/grandsformats\/","https:\/\/www.youtube.com\/channel\/UCJ7k9dbqc_DG-nxI3WMPvhw?view_as=subscriberhttps:\/\/www.youtube.com\/channel\/UCJ7k9dbqc_DG-nxI3WMPvhw?view_as=subscriber"]},{"@type":"Person","@id":"https:\/\/www.grandsformats.com\/#\/schema\/person\/56c2866069b6967b2c7becd25c9b4dbb","name":"Laura Hanequand - Grands Formats","image":{"@type":"ImageObject","inLanguage":"en-US","@id":"https:\/\/www.grandsformats.com\/#\/schema\/person\/image\/","url":"https:\/\/secure.gravatar.com\/avatar\/6d52edecb86835c2b7e81a2cdb8965ae325b4045b44f9043177428c622c06643?s=96&d=mm&r=g","contentUrl":"https:\/\/secure.gravatar.com\/avatar\/6d52edecb86835c2b7e81a2cdb8965ae325b4045b44f9043177428c622c06643?s=96&d=mm&r=g","caption":"Laura Hanequand - Grands Formats"},"url":"https:\/\/www.grandsformats.com\/en\/author\/lauragrandsformats-com\/"}]}},"_links":{"self":[{"href":"https:\/\/www.grandsformats.com\/en\/wp-json\/wp\/v2\/posts\/27495","targetHints":{"allow":["GET"]}}],"collection":[{"href":"https:\/\/www.grandsformats.com\/en\/wp-json\/wp\/v2\/posts"}],"about":[{"href":"https:\/\/www.grandsformats.com\/en\/wp-json\/wp\/v2\/types\/post"}],"author":[{"embeddable":true,"href":"https:\/\/www.grandsformats.com\/en\/wp-json\/wp\/v2\/users\/161"}],"replies":[{"embeddable":true,"href":"https:\/\/www.grandsformats.com\/en\/wp-json\/wp\/v2\/comments?post=27495"}],"version-history":[{"count":0,"href":"https:\/\/www.grandsformats.com\/en\/wp-json\/wp\/v2\/posts\/27495\/revisions"}],"wp:featuredmedia":[{"embeddable":true,"href":"https:\/\/www.grandsformats.com\/en\/wp-json\/wp\/v2\/media\/27512"}],"wp:attachment":[{"href":"https:\/\/www.grandsformats.com\/en\/wp-json\/wp\/v2\/media?parent=27495"}],"wp:term":[{"taxonomy":"category","embeddable":true,"href":"https:\/\/www.grandsformats.com\/en\/wp-json\/wp\/v2\/categories?post=27495"},{"taxonomy":"post_tag","embeddable":true,"href":"https:\/\/www.grandsformats.com\/en\/wp-json\/wp\/v2\/tags?post=27495"}],"curies":[{"name":"wp","href":"https:\/\/api.w.org\/{rel}","templated":true}]}}