{"id":27484,"date":"2023-11-09T15:57:37","date_gmt":"2023-11-09T14:57:37","guid":{"rendered":"https:\/\/www.grandsformats.com\/?p=27484"},"modified":"2023-11-10T10:38:25","modified_gmt":"2023-11-10T09:38:25","slug":"onze-heures-onze-deluge-alexandre-herer-nunataq-theorem-of-joy-en-concert-a-la-petite-halle-de-la-villette","status":"publish","type":"post","link":"https:\/\/www.grandsformats.com\/en\/2023\/11\/onze-heures-onze-deluge-alexandre-herer-nunataq-theorem-of-joy-en-concert-a-la-petite-halle-de-la-villette\/","title":{"rendered":"Onze Heures Onze \/ D\u00e9luge : Alexandre Herer Nunataq + Theorem of Joy en concert \u00e0 La Petite Halle de la Villette"},"content":{"rendered":"<p><strong>Le 23 novembre \u00e0 la Petite Halle de la Villette aura lieu un concert, une rencontre inter-collectifs entre Onze Heures Onze (Paris) et D\u00e9luge (Bordeaux) avec respectivement Alexandre Herer Nunataq et Theorem of Joy.<\/strong><\/p>\n<p><strong>Theorem of Joy<\/strong> r\u00e9unit cinq personnalit\u00e9s de la nouvelle sc\u00e8ne du jazz fran\u00e7ais, cinq musiciens qui partagent un m\u00eame d\u00e9sir : celui de la diversit\u00e9. Un m\u00e9tissage explor\u00e9 \u00e0 travers le r\u00e9pertoire et le choix des timbres, m\u00ealant jazz, musique impressionniste, musique m\u00e9diterran\u00e9enne et culture folk, post-rock.<br \/>\nUne vision de la musique riche de ses multiples esth\u00e9tiques, qui n\u2019en est pas moins \u00e9quilibr\u00e9e et uniforme dans son discours. C\u2019est dans ce pentaphone \u00e0 g\u00e9om\u00e9trie variable que gravitent les \u00e9lectrons libres de Theorem of Joy.<\/p>\n<p>Apre\u0300s une dizaine d\u2019albums au Fender Rhodes, avec OXYD, Magic Malik Fanfare XP, ou Nunataq, Alexandre Herer a de\u0301veloppe\u0301, autour de cet instrument, plusieurs concepts d\u2019e\u0301criture et affine\u0301 son langage d\u2019improvisation. Dans la continuite\u0301 du premier album, Alexandre Herer propose avec <strong>Nunataq2<\/strong> une musique ouverte, ae\u0301rienne et volontairement froide, inspire\u0301e en partie par les grandes e\u0301tendues de glace du Groenland, lieux te\u0301moins d\u2019un climat passe\u0301 re\u0301solument menace\u0301 par l\u2019homme moderne. Souvent planante et ente\u0302tante, la musique de ce second album se base sur des rythmes et des grooves parfois expe\u0301rimentaux ou parfois simples et pioche dans diffe\u0301rents mondes harmoniques et me\u0301lodiques, issus de la musique contemporaine ou parfois proches des musiques pop.<\/p>\n<p style=\"text-align: left;\"><strong>Alexandre Herer Nunataq<\/strong><br \/>\n<strong>(Collectif Onze Heures Onze)<\/strong><\/p>\n<p>Alexandre Herer : Fender Rhodes<br \/>\nGae\u0308l Petrina : basse<br \/>\nPierre Mangeard : batterie<\/p>\n<p><strong><a href=\"https:\/\/absil.one\/nunat2\">&gt; Dernier album\u00a0<\/a><\/strong><\/p>\n<p><iframe loading=\"lazy\" title=\"Alexandre Herer Nunataq - &quot;FRAM&quot; [New album 2022]\" width=\"1140\" height=\"641\" src=\"https:\/\/www.youtube.com\/embed\/hFfFzN9Ulp8?feature=oembed\" frameborder=\"0\" allow=\"accelerometer; autoplay; clipboard-write; encrypted-media; gyroscope; picture-in-picture; web-share\" allowfullscreen><\/iframe><\/p>\n<p><span style=\"color: #808080;\">Photo \u00a9 Lorraine Hellwig<\/span><\/p>\n<p style=\"text-align: left;\"><strong>Theorem of Joy<\/strong><br \/>\n<strong>(Collectif D\u00e9luge)<\/strong><\/p>\n<p>Thomas Julienne : contrebasse \/ composition<br \/>\nEllinoa : voix<br \/>\nRobin Antunes : violon<br \/>\nAnthony Winzenrith : guitare<br \/>\nTom Peyron : batterie<\/p>\n<p><a href=\"https:\/\/linktr.ee\/theoremofjoy\"><span style=\"text-decoration: underline;\"><strong>&gt; Tous les liens\u00a0<\/strong><\/span><\/a><\/p>\n<p><iframe loading=\"lazy\" title=\"De l&#039;autre cot\u00e9 du silence - Theorem of joy - Clip\" width=\"1140\" height=\"641\" src=\"https:\/\/www.youtube.com\/embed\/I9Dc1GyOv4Q?list=PLhHQNKmpcN6beRcOLBqtP0B1414GdAWet\" frameborder=\"0\" allow=\"accelerometer; autoplay; clipboard-write; encrypted-media; gyroscope; picture-in-picture; web-share\" allowfullscreen><\/iframe><\/p>\n<p><span style=\"color: #808080;\">Photo \u00a9 Andika Nugraha<\/span><\/p>\n<p><strong>Un \u00e9v\u00e9nement inter-collectif Grands Formats<\/strong><\/p>\n","protected":false},"excerpt":{"rendered":"<p>Le 23 novembre \u00e0 la Petite Halle de la Villette aura lieu un concert, une rencontre inter-collectifs entre Onze Heures Onze (Paris) et D\u00e9luge (Bordeaux) avec respectivement Alexandre Herer Nunataq et Theorem of Joy. Theorem of Joy r\u00e9unit cinq personnalit\u00e9s de la nouvelle sc\u00e8ne du jazz fran\u00e7ais, cinq musiciens qui partagent un m\u00eame d\u00e9sir :&#8230;<\/p>\n<p><a rel=\"bookmark\" class=\"theme-button-text wvc-button wvc-button-size-xs\" href=\"https:\/\/www.grandsformats.com\/en\/2023\/11\/onze-heures-onze-deluge-alexandre-herer-nunataq-theorem-of-joy-en-concert-a-la-petite-halle-de-la-villette\/\"><small class=\"wvc-button-background-fill\"><\/small><span>Continue reading<\/span><\/a><\/p>\n","protected":false},"author":161,"featured_media":27485,"comment_status":"open","ping_status":"open","sticky":false,"template":"","format":"standard","meta":{"_acf_changed":false,"footnotes":""},"categories":[95,945,862],"tags":[],"class_list":["post-27484","post","type-post","status-publish","format-standard","has-post-thumbnail","hentry","category-membres","category-deluge","category-onze-heures-onze","entry-post-skin-light","entry","clearfix","entry-grid","entry-columns-default","entry-post-module-layout-sidebar-right","thumbnail-color-tone-dark","metro-landscape","is-youtube","entry-post","entry-masonry","entry-post-masonry"],"acf":[],"yoast_head":"<!-- This site is optimized with the Yoast SEO plugin v25.8 - https:\/\/yoast.com\/wordpress\/plugins\/seo\/ -->\n<title>Onze Heures Onze \/ D\u00e9luge : Alexandre Herer Nunataq + Theorem of Joy en concert \u00e0 La Petite Halle de la Villette - Site officiel de la f\u00e9d\u00e9ration Grands Formats<\/title>\n<meta name=\"description\" content=\"Le 23 novembre \u00e0 la Petite Halle de la Villette aura lieu un concert, une rencontre inter-collectifs entre Onze Heures Onze...\" \/>\n<meta name=\"robots\" content=\"index, follow, max-snippet:-1, max-image-preview:large, max-video-preview:-1\" \/>\n<link rel=\"canonical\" href=\"https:\/\/www.grandsformats.com\/2023\/11\/onze-heures-onze-deluge-alexandre-herer-nunataq-theorem-of-joy-en-concert-a-la-petite-halle-de-la-villette\/\" \/>\n<meta property=\"og:locale\" content=\"en_US\" \/>\n<meta property=\"og:type\" content=\"article\" \/>\n<meta property=\"og:title\" content=\"Onze Heures Onze \/ D\u00e9luge : Alexandre Herer Nunataq + Theorem of Joy en concert \u00e0 La Petite Halle de la Villette - Site officiel de la f\u00e9d\u00e9ration Grands Formats\" \/>\n<meta property=\"og:description\" content=\"Le 23 novembre \u00e0 la Petite Halle de la Villette aura lieu un concert, une rencontre inter-collectifs entre Onze Heures Onze...\" \/>\n<meta property=\"og:url\" content=\"https:\/\/www.grandsformats.com\/2023\/11\/onze-heures-onze-deluge-alexandre-herer-nunataq-theorem-of-joy-en-concert-a-la-petite-halle-de-la-villette\/\" \/>\n<meta property=\"og:site_name\" content=\"Site officiel de la f\u00e9d\u00e9ration Grands Formats\" \/>\n<meta property=\"article:publisher\" content=\"https:\/\/www.facebook.com\/grandsformats\/\" \/>\n<meta property=\"article:published_time\" content=\"2023-11-09T14:57:37+00:00\" \/>\n<meta property=\"article:modified_time\" content=\"2023-11-10T09:38:25+00:00\" \/>\n<meta property=\"og:image\" content=\"https:\/\/www.grandsformats.com\/wp-content\/uploads\/2023\/11\/169NUNATAQ_THEOREMOFJOY.jpg\" \/>\n\t<meta property=\"og:image:width\" content=\"1920\" \/>\n\t<meta property=\"og:image:height\" content=\"1080\" \/>\n\t<meta property=\"og:image:type\" content=\"image\/jpeg\" \/>\n<meta name=\"author\" content=\"Laura Hanequand - Grands Formats\" \/>\n<meta name=\"twitter:card\" content=\"summary_large_image\" \/>\n<meta name=\"twitter:creator\" content=\"@GrandsFormatsGF\" \/>\n<meta name=\"twitter:site\" content=\"@GrandsFormatsGF\" \/>\n<meta name=\"twitter:label1\" content=\"Written by\" \/>\n\t<meta name=\"twitter:data1\" content=\"Laura Hanequand - Grands Formats\" \/>\n\t<meta name=\"twitter:label2\" content=\"Est. reading time\" \/>\n\t<meta name=\"twitter:data2\" content=\"2 minutes\" \/>\n<script type=\"application\/ld+json\" class=\"yoast-schema-graph\">{\"@context\":\"https:\/\/schema.org\",\"@graph\":[{\"@type\":\"Article\",\"@id\":\"https:\/\/www.grandsformats.com\/2023\/11\/onze-heures-onze-deluge-alexandre-herer-nunataq-theorem-of-joy-en-concert-a-la-petite-halle-de-la-villette\/#article\",\"isPartOf\":{\"@id\":\"https:\/\/www.grandsformats.com\/2023\/11\/onze-heures-onze-deluge-alexandre-herer-nunataq-theorem-of-joy-en-concert-a-la-petite-halle-de-la-villette\/\"},\"author\":{\"name\":\"Laura Hanequand - Grands Formats\",\"@id\":\"https:\/\/www.grandsformats.com\/#\/schema\/person\/56c2866069b6967b2c7becd25c9b4dbb\"},\"headline\":\"Onze Heures Onze \/ D\u00e9luge : Alexandre Herer Nunataq + Theorem of Joy en concert \u00e0 La Petite Halle de la Villette\",\"datePublished\":\"2023-11-09T14:57:37+00:00\",\"dateModified\":\"2023-11-10T09:38:25+00:00\",\"mainEntityOfPage\":{\"@id\":\"https:\/\/www.grandsformats.com\/2023\/11\/onze-heures-onze-deluge-alexandre-herer-nunataq-theorem-of-joy-en-concert-a-la-petite-halle-de-la-villette\/\"},\"wordCount\":364,\"commentCount\":0,\"publisher\":{\"@id\":\"https:\/\/www.grandsformats.com\/#organization\"},\"image\":{\"@id\":\"https:\/\/www.grandsformats.com\/2023\/11\/onze-heures-onze-deluge-alexandre-herer-nunataq-theorem-of-joy-en-concert-a-la-petite-halle-de-la-villette\/#primaryimage\"},\"thumbnailUrl\":\"https:\/\/www.grandsformats.com\/wp-content\/uploads\/2023\/11\/169NUNATAQ_THEOREMOFJOY.jpg\",\"articleSection\":[\"Actus des membres\",\"D\u00e9luge\",\"Onze Heures Onze\"],\"inLanguage\":\"en-US\",\"potentialAction\":[{\"@type\":\"CommentAction\",\"name\":\"Comment\",\"target\":[\"https:\/\/www.grandsformats.com\/2023\/11\/onze-heures-onze-deluge-alexandre-herer-nunataq-theorem-of-joy-en-concert-a-la-petite-halle-de-la-villette\/#respond\"]}]},{\"@type\":\"WebPage\",\"@id\":\"https:\/\/www.grandsformats.com\/2023\/11\/onze-heures-onze-deluge-alexandre-herer-nunataq-theorem-of-joy-en-concert-a-la-petite-halle-de-la-villette\/\",\"url\":\"https:\/\/www.grandsformats.com\/2023\/11\/onze-heures-onze-deluge-alexandre-herer-nunataq-theorem-of-joy-en-concert-a-la-petite-halle-de-la-villette\/\",\"name\":\"Onze Heures Onze \/ D\u00e9luge : Alexandre Herer Nunataq + Theorem of Joy en concert \u00e0 La Petite Halle de la Villette - Site officiel de la f\u00e9d\u00e9ration Grands Formats\",\"isPartOf\":{\"@id\":\"https:\/\/www.grandsformats.com\/#website\"},\"primaryImageOfPage\":{\"@id\":\"https:\/\/www.grandsformats.com\/2023\/11\/onze-heures-onze-deluge-alexandre-herer-nunataq-theorem-of-joy-en-concert-a-la-petite-halle-de-la-villette\/#primaryimage\"},\"image\":{\"@id\":\"https:\/\/www.grandsformats.com\/2023\/11\/onze-heures-onze-deluge-alexandre-herer-nunataq-theorem-of-joy-en-concert-a-la-petite-halle-de-la-villette\/#primaryimage\"},\"thumbnailUrl\":\"https:\/\/www.grandsformats.com\/wp-content\/uploads\/2023\/11\/169NUNATAQ_THEOREMOFJOY.jpg\",\"datePublished\":\"2023-11-09T14:57:37+00:00\",\"dateModified\":\"2023-11-10T09:38:25+00:00\",\"description\":\"Le 23 novembre \u00e0 la Petite Halle de la Villette aura lieu un concert, une rencontre inter-collectifs entre Onze Heures Onze...\",\"breadcrumb\":{\"@id\":\"https:\/\/www.grandsformats.com\/2023\/11\/onze-heures-onze-deluge-alexandre-herer-nunataq-theorem-of-joy-en-concert-a-la-petite-halle-de-la-villette\/#breadcrumb\"},\"inLanguage\":\"en-US\",\"potentialAction\":[{\"@type\":\"ReadAction\",\"target\":[\"https:\/\/www.grandsformats.com\/2023\/11\/onze-heures-onze-deluge-alexandre-herer-nunataq-theorem-of-joy-en-concert-a-la-petite-halle-de-la-villette\/\"]}]},{\"@type\":\"ImageObject\",\"inLanguage\":\"en-US\",\"@id\":\"https:\/\/www.grandsformats.com\/2023\/11\/onze-heures-onze-deluge-alexandre-herer-nunataq-theorem-of-joy-en-concert-a-la-petite-halle-de-la-villette\/#primaryimage\",\"url\":\"https:\/\/www.grandsformats.com\/wp-content\/uploads\/2023\/11\/169NUNATAQ_THEOREMOFJOY.jpg\",\"contentUrl\":\"https:\/\/www.grandsformats.com\/wp-content\/uploads\/2023\/11\/169NUNATAQ_THEOREMOFJOY.jpg\",\"width\":1920,\"height\":1080,\"caption\":\"\u00a9 Lorraine Hellwig \u00a9 Andika Nugraha\"},{\"@type\":\"BreadcrumbList\",\"@id\":\"https:\/\/www.grandsformats.com\/2023\/11\/onze-heures-onze-deluge-alexandre-herer-nunataq-theorem-of-joy-en-concert-a-la-petite-halle-de-la-villette\/#breadcrumb\",\"itemListElement\":[{\"@type\":\"ListItem\",\"position\":1,\"name\":\"Accueil\",\"item\":\"https:\/\/www.grandsformats.com\/en\/\"},{\"@type\":\"ListItem\",\"position\":2,\"name\":\"Onze Heures Onze \/ D\u00e9luge : Alexandre Herer Nunataq + Theorem of Joy en concert \u00e0 La Petite Halle de la Villette\"}]},{\"@type\":\"WebSite\",\"@id\":\"https:\/\/www.grandsformats.com\/#website\",\"url\":\"https:\/\/www.grandsformats.com\/\",\"name\":\"Site officiel de la f\u00e9d\u00e9ration Grands Formats\",\"description\":\"F\u00e9d\u00e9ration d&#039;artistes pour la musique en grand !\",\"publisher\":{\"@id\":\"https:\/\/www.grandsformats.com\/#organization\"},\"potentialAction\":[{\"@type\":\"SearchAction\",\"target\":{\"@type\":\"EntryPoint\",\"urlTemplate\":\"https:\/\/www.grandsformats.com\/?s={search_term_string}\"},\"query-input\":{\"@type\":\"PropertyValueSpecification\",\"valueRequired\":true,\"valueName\":\"search_term_string\"}}],\"inLanguage\":\"en-US\"},{\"@type\":\"Organization\",\"@id\":\"https:\/\/www.grandsformats.com\/#organization\",\"name\":\"Grands Formats\",\"url\":\"https:\/\/www.grandsformats.com\/\",\"logo\":{\"@type\":\"ImageObject\",\"inLanguage\":\"en-US\",\"@id\":\"https:\/\/www.grandsformats.com\/#\/schema\/logo\/image\/\",\"url\":\"https:\/\/www.grandsformats.com\/wp-content\/uploads\/2020\/03\/logo-GF-200.png\",\"contentUrl\":\"https:\/\/www.grandsformats.com\/wp-content\/uploads\/2020\/03\/logo-GF-200.png\",\"width\":155,\"height\":200,\"caption\":\"Grands Formats\"},\"image\":{\"@id\":\"https:\/\/www.grandsformats.com\/#\/schema\/logo\/image\/\"},\"sameAs\":[\"https:\/\/www.facebook.com\/grandsformats\/\",\"https:\/\/x.com\/GrandsFormatsGF\",\"https:\/\/www.instagram.com\/grandsformats\/\",\"https:\/\/www.youtube.com\/channel\/UCJ7k9dbqc_DG-nxI3WMPvhw?view_as=subscriberhttps:\/\/www.youtube.com\/channel\/UCJ7k9dbqc_DG-nxI3WMPvhw?view_as=subscriber\"]},{\"@type\":\"Person\",\"@id\":\"https:\/\/www.grandsformats.com\/#\/schema\/person\/56c2866069b6967b2c7becd25c9b4dbb\",\"name\":\"Laura Hanequand - Grands Formats\",\"image\":{\"@type\":\"ImageObject\",\"inLanguage\":\"en-US\",\"@id\":\"https:\/\/www.grandsformats.com\/#\/schema\/person\/image\/\",\"url\":\"https:\/\/secure.gravatar.com\/avatar\/6d52edecb86835c2b7e81a2cdb8965ae325b4045b44f9043177428c622c06643?s=96&d=mm&r=g\",\"contentUrl\":\"https:\/\/secure.gravatar.com\/avatar\/6d52edecb86835c2b7e81a2cdb8965ae325b4045b44f9043177428c622c06643?s=96&d=mm&r=g\",\"caption\":\"Laura Hanequand - Grands Formats\"},\"url\":\"https:\/\/www.grandsformats.com\/en\/author\/lauragrandsformats-com\/\"}]}<\/script>\n<!-- \/ Yoast SEO plugin. -->","yoast_head_json":{"title":"Onze Heures Onze \/ D\u00e9luge : Alexandre Herer Nunataq + Theorem of Joy en concert \u00e0 La Petite Halle de la Villette - Site officiel de la f\u00e9d\u00e9ration Grands Formats","description":"Le 23 novembre \u00e0 la Petite Halle de la Villette aura lieu un concert, une rencontre inter-collectifs entre Onze Heures Onze...","robots":{"index":"index","follow":"follow","max-snippet":"max-snippet:-1","max-image-preview":"max-image-preview:large","max-video-preview":"max-video-preview:-1"},"canonical":"https:\/\/www.grandsformats.com\/2023\/11\/onze-heures-onze-deluge-alexandre-herer-nunataq-theorem-of-joy-en-concert-a-la-petite-halle-de-la-villette\/","og_locale":"en_US","og_type":"article","og_title":"Onze Heures Onze \/ D\u00e9luge : Alexandre Herer Nunataq + Theorem of Joy en concert \u00e0 La Petite Halle de la Villette - Site officiel de la f\u00e9d\u00e9ration Grands Formats","og_description":"Le 23 novembre \u00e0 la Petite Halle de la Villette aura lieu un concert, une rencontre inter-collectifs entre Onze Heures Onze...","og_url":"https:\/\/www.grandsformats.com\/2023\/11\/onze-heures-onze-deluge-alexandre-herer-nunataq-theorem-of-joy-en-concert-a-la-petite-halle-de-la-villette\/","og_site_name":"Site officiel de la f\u00e9d\u00e9ration Grands Formats","article_publisher":"https:\/\/www.facebook.com\/grandsformats\/","article_published_time":"2023-11-09T14:57:37+00:00","article_modified_time":"2023-11-10T09:38:25+00:00","og_image":[{"width":1920,"height":1080,"url":"https:\/\/www.grandsformats.com\/wp-content\/uploads\/2023\/11\/169NUNATAQ_THEOREMOFJOY.jpg","type":"image\/jpeg"}],"author":"Laura Hanequand - Grands Formats","twitter_card":"summary_large_image","twitter_creator":"@GrandsFormatsGF","twitter_site":"@GrandsFormatsGF","twitter_misc":{"Written by":"Laura Hanequand - Grands Formats","Est. reading time":"2 minutes"},"schema":{"@context":"https:\/\/schema.org","@graph":[{"@type":"Article","@id":"https:\/\/www.grandsformats.com\/2023\/11\/onze-heures-onze-deluge-alexandre-herer-nunataq-theorem-of-joy-en-concert-a-la-petite-halle-de-la-villette\/#article","isPartOf":{"@id":"https:\/\/www.grandsformats.com\/2023\/11\/onze-heures-onze-deluge-alexandre-herer-nunataq-theorem-of-joy-en-concert-a-la-petite-halle-de-la-villette\/"},"author":{"name":"Laura Hanequand - Grands Formats","@id":"https:\/\/www.grandsformats.com\/#\/schema\/person\/56c2866069b6967b2c7becd25c9b4dbb"},"headline":"Onze Heures Onze \/ D\u00e9luge : Alexandre Herer Nunataq + Theorem of Joy en concert \u00e0 La Petite Halle de la Villette","datePublished":"2023-11-09T14:57:37+00:00","dateModified":"2023-11-10T09:38:25+00:00","mainEntityOfPage":{"@id":"https:\/\/www.grandsformats.com\/2023\/11\/onze-heures-onze-deluge-alexandre-herer-nunataq-theorem-of-joy-en-concert-a-la-petite-halle-de-la-villette\/"},"wordCount":364,"commentCount":0,"publisher":{"@id":"https:\/\/www.grandsformats.com\/#organization"},"image":{"@id":"https:\/\/www.grandsformats.com\/2023\/11\/onze-heures-onze-deluge-alexandre-herer-nunataq-theorem-of-joy-en-concert-a-la-petite-halle-de-la-villette\/#primaryimage"},"thumbnailUrl":"https:\/\/www.grandsformats.com\/wp-content\/uploads\/2023\/11\/169NUNATAQ_THEOREMOFJOY.jpg","articleSection":["Actus des membres","D\u00e9luge","Onze Heures Onze"],"inLanguage":"en-US","potentialAction":[{"@type":"CommentAction","name":"Comment","target":["https:\/\/www.grandsformats.com\/2023\/11\/onze-heures-onze-deluge-alexandre-herer-nunataq-theorem-of-joy-en-concert-a-la-petite-halle-de-la-villette\/#respond"]}]},{"@type":"WebPage","@id":"https:\/\/www.grandsformats.com\/2023\/11\/onze-heures-onze-deluge-alexandre-herer-nunataq-theorem-of-joy-en-concert-a-la-petite-halle-de-la-villette\/","url":"https:\/\/www.grandsformats.com\/2023\/11\/onze-heures-onze-deluge-alexandre-herer-nunataq-theorem-of-joy-en-concert-a-la-petite-halle-de-la-villette\/","name":"Onze Heures Onze \/ D\u00e9luge : Alexandre Herer Nunataq + Theorem of Joy en concert \u00e0 La Petite Halle de la Villette - Site officiel de la f\u00e9d\u00e9ration Grands Formats","isPartOf":{"@id":"https:\/\/www.grandsformats.com\/#website"},"primaryImageOfPage":{"@id":"https:\/\/www.grandsformats.com\/2023\/11\/onze-heures-onze-deluge-alexandre-herer-nunataq-theorem-of-joy-en-concert-a-la-petite-halle-de-la-villette\/#primaryimage"},"image":{"@id":"https:\/\/www.grandsformats.com\/2023\/11\/onze-heures-onze-deluge-alexandre-herer-nunataq-theorem-of-joy-en-concert-a-la-petite-halle-de-la-villette\/#primaryimage"},"thumbnailUrl":"https:\/\/www.grandsformats.com\/wp-content\/uploads\/2023\/11\/169NUNATAQ_THEOREMOFJOY.jpg","datePublished":"2023-11-09T14:57:37+00:00","dateModified":"2023-11-10T09:38:25+00:00","description":"Le 23 novembre \u00e0 la Petite Halle de la Villette aura lieu un concert, une rencontre inter-collectifs entre Onze Heures Onze...","breadcrumb":{"@id":"https:\/\/www.grandsformats.com\/2023\/11\/onze-heures-onze-deluge-alexandre-herer-nunataq-theorem-of-joy-en-concert-a-la-petite-halle-de-la-villette\/#breadcrumb"},"inLanguage":"en-US","potentialAction":[{"@type":"ReadAction","target":["https:\/\/www.grandsformats.com\/2023\/11\/onze-heures-onze-deluge-alexandre-herer-nunataq-theorem-of-joy-en-concert-a-la-petite-halle-de-la-villette\/"]}]},{"@type":"ImageObject","inLanguage":"en-US","@id":"https:\/\/www.grandsformats.com\/2023\/11\/onze-heures-onze-deluge-alexandre-herer-nunataq-theorem-of-joy-en-concert-a-la-petite-halle-de-la-villette\/#primaryimage","url":"https:\/\/www.grandsformats.com\/wp-content\/uploads\/2023\/11\/169NUNATAQ_THEOREMOFJOY.jpg","contentUrl":"https:\/\/www.grandsformats.com\/wp-content\/uploads\/2023\/11\/169NUNATAQ_THEOREMOFJOY.jpg","width":1920,"height":1080,"caption":"\u00a9 Lorraine Hellwig \u00a9 Andika Nugraha"},{"@type":"BreadcrumbList","@id":"https:\/\/www.grandsformats.com\/2023\/11\/onze-heures-onze-deluge-alexandre-herer-nunataq-theorem-of-joy-en-concert-a-la-petite-halle-de-la-villette\/#breadcrumb","itemListElement":[{"@type":"ListItem","position":1,"name":"Accueil","item":"https:\/\/www.grandsformats.com\/en\/"},{"@type":"ListItem","position":2,"name":"Onze Heures Onze \/ D\u00e9luge : Alexandre Herer Nunataq + Theorem of Joy en concert \u00e0 La Petite Halle de la Villette"}]},{"@type":"WebSite","@id":"https:\/\/www.grandsformats.com\/#website","url":"https:\/\/www.grandsformats.com\/","name":"Site officiel de la f\u00e9d\u00e9ration Grands Formats","description":"F\u00e9d\u00e9ration d&#039;artistes pour la musique en grand !","publisher":{"@id":"https:\/\/www.grandsformats.com\/#organization"},"potentialAction":[{"@type":"SearchAction","target":{"@type":"EntryPoint","urlTemplate":"https:\/\/www.grandsformats.com\/?s={search_term_string}"},"query-input":{"@type":"PropertyValueSpecification","valueRequired":true,"valueName":"search_term_string"}}],"inLanguage":"en-US"},{"@type":"Organization","@id":"https:\/\/www.grandsformats.com\/#organization","name":"Grands Formats","url":"https:\/\/www.grandsformats.com\/","logo":{"@type":"ImageObject","inLanguage":"en-US","@id":"https:\/\/www.grandsformats.com\/#\/schema\/logo\/image\/","url":"https:\/\/www.grandsformats.com\/wp-content\/uploads\/2020\/03\/logo-GF-200.png","contentUrl":"https:\/\/www.grandsformats.com\/wp-content\/uploads\/2020\/03\/logo-GF-200.png","width":155,"height":200,"caption":"Grands Formats"},"image":{"@id":"https:\/\/www.grandsformats.com\/#\/schema\/logo\/image\/"},"sameAs":["https:\/\/www.facebook.com\/grandsformats\/","https:\/\/x.com\/GrandsFormatsGF","https:\/\/www.instagram.com\/grandsformats\/","https:\/\/www.youtube.com\/channel\/UCJ7k9dbqc_DG-nxI3WMPvhw?view_as=subscriberhttps:\/\/www.youtube.com\/channel\/UCJ7k9dbqc_DG-nxI3WMPvhw?view_as=subscriber"]},{"@type":"Person","@id":"https:\/\/www.grandsformats.com\/#\/schema\/person\/56c2866069b6967b2c7becd25c9b4dbb","name":"Laura Hanequand - Grands Formats","image":{"@type":"ImageObject","inLanguage":"en-US","@id":"https:\/\/www.grandsformats.com\/#\/schema\/person\/image\/","url":"https:\/\/secure.gravatar.com\/avatar\/6d52edecb86835c2b7e81a2cdb8965ae325b4045b44f9043177428c622c06643?s=96&d=mm&r=g","contentUrl":"https:\/\/secure.gravatar.com\/avatar\/6d52edecb86835c2b7e81a2cdb8965ae325b4045b44f9043177428c622c06643?s=96&d=mm&r=g","caption":"Laura Hanequand - Grands Formats"},"url":"https:\/\/www.grandsformats.com\/en\/author\/lauragrandsformats-com\/"}]}},"_links":{"self":[{"href":"https:\/\/www.grandsformats.com\/en\/wp-json\/wp\/v2\/posts\/27484","targetHints":{"allow":["GET"]}}],"collection":[{"href":"https:\/\/www.grandsformats.com\/en\/wp-json\/wp\/v2\/posts"}],"about":[{"href":"https:\/\/www.grandsformats.com\/en\/wp-json\/wp\/v2\/types\/post"}],"author":[{"embeddable":true,"href":"https:\/\/www.grandsformats.com\/en\/wp-json\/wp\/v2\/users\/161"}],"replies":[{"embeddable":true,"href":"https:\/\/www.grandsformats.com\/en\/wp-json\/wp\/v2\/comments?post=27484"}],"version-history":[{"count":0,"href":"https:\/\/www.grandsformats.com\/en\/wp-json\/wp\/v2\/posts\/27484\/revisions"}],"wp:featuredmedia":[{"embeddable":true,"href":"https:\/\/www.grandsformats.com\/en\/wp-json\/wp\/v2\/media\/27485"}],"wp:attachment":[{"href":"https:\/\/www.grandsformats.com\/en\/wp-json\/wp\/v2\/media?parent=27484"}],"wp:term":[{"taxonomy":"category","embeddable":true,"href":"https:\/\/www.grandsformats.com\/en\/wp-json\/wp\/v2\/categories?post=27484"},{"taxonomy":"post_tag","embeddable":true,"href":"https:\/\/www.grandsformats.com\/en\/wp-json\/wp\/v2\/tags?post=27484"}],"curies":[{"name":"wp","href":"https:\/\/api.w.org\/{rel}","templated":true}]}}