{"id":27151,"date":"2023-10-06T15:49:01","date_gmt":"2023-10-06T13:49:01","guid":{"rendered":"https:\/\/www.grandsformats.com\/?p=27151"},"modified":"2023-10-10T16:29:22","modified_gmt":"2023-10-10T14:29:22","slug":"concert-inter-collectif-sport-national-x-onze-heures-onze-au-cafe-de-paris","status":"publish","type":"post","link":"https:\/\/www.grandsformats.com\/en\/2023\/10\/concert-inter-collectif-sport-national-x-onze-heures-onze-au-cafe-de-paris\/","title":{"rendered":"Concert inter-collectif Sport National x Onze Heures Onze au Caf\u00e9 de Paris"},"content":{"rendered":"<p><strong>Sport National<\/strong> est ravi de cette collaboration avec le label et collectif de jazz et musiques improvis\u00e9es francilien <strong>Onze Heures Onze<\/strong> repr\u00e9sent\u00e9 <strong>le samedi 14 octobre au Caf\u00e9 de Paris<\/strong> par le trio compos\u00e9 d&#8217;<strong>Alexandre Herer, Juliette Meyer et Julien Pontvianne<\/strong> ainsi que par le quintet franco-norv\u00e9gien <strong>B\u00caL<\/strong> \u00e0 l&#8217;occasion de leur tourn\u00e9e europ\u00e9enne. Pour cl\u00f4turer cette soir\u00e9e nous recevrons aussi avec joie le duo compos\u00e9 d&#8217;<strong>Herv\u00e9 Boghossian<\/strong> et du japonais <strong>Seijiro Murayama<\/strong>, date parisienne de leur tourn\u00e9e fran\u00e7aise. Rendez-vous d\u00e8s 20h !<\/p>\n<p><strong>HERV\u00c9 BOGHOSSIAN &amp; SEIJIRO MURAYAMA<\/strong><br \/>\n[Japon &#8211; France \/ Duo guitare et percussions]<br \/>\nSeijiro MURAYAMA est depuis le d\u00e9but des ann\u00e9es 80 de Tokyo avec Keiji Haino (Fushitsusha), avec KK Null (Absolut Null Punkt)&#8230;en passant par New-York avec Fred Frith, Tom Cora&#8230;et \u00e0 Paris avec Jean-Luc Guionnet, Eric La Casa, St\u00e9phane Rives, Thierry Madiot, Pascal Battus etc. Ainsi qu&#8217;avec de nombreux musiciens internationaux aussi divers que Josephine Foster, Thomas Brinkmann, Mattin, Axel D\u00f6rner etc. Seijiro pratique principalement l&#8217;improvisation de mani\u00e8re radicale et minimale qu&#8217;il lui arrive de poser sur partition de temps \u00e0 autres.<br \/>\n<strong><a href=\"https:\/\/hitorri.bandcamp.com\">&gt; Bandcamp<\/a><\/strong><\/p>\n<p>HERVE BOGHOSSIAN est compositeur et musicien (guitares, feedback &amp; \u00e9lectronique), actif depuis de nombreuses ann\u00e9es sur les diverses sc\u00e8nes de musique exp\u00e9rimentale (Europe, USA &amp; Japon), publiant plusieurs albums solos &amp; en collaboration avec David Grubbs, John Tilbury, Tetuzi Akiyama ou en groupe (Plateformes, Harsh\u2026) sur des labels internationaux tel que Raster-Noton (All), Confront Rec (Ang), Tour de Bras(Can)\u2026 Depuis 2018, en solo, il se consacre principalement \u00e0 une s\u00e9rie de longues compositions pour guitare acoustique. Il cr\u00e9\u00e9 en 2022 l&#8217;Ensemble In(d\u00e9)fini, ensemble \u00e0 g\u00e9om\u00e9trie variable de compositeurs\/interpr\u00e8tes dont la cr\u00e9ation de la premi\u00e8re pi\u00e8ce aura lieu en Novembre 2023 au festival JEST (AMI) avec Owen Gardner (US-Horse Lords), Merve Salgar (Turquie) &amp; F\u00e9lix Chaillou-Delecourt.<br \/>\n<span style=\"text-decoration: underline;\"><a href=\"https:\/\/rvbmusiclabel.bandcamp.com\/\"><strong>&gt; Bandcamp<\/strong><\/a><\/span><\/p>\n<p><iframe loading=\"lazy\" title=\"Herv\u00e9 Boghossian &quot;I&#039;m Playing in a Room&quot; improv, Live at Soma, Marseille, 20.08.2023\" width=\"1140\" height=\"641\" src=\"https:\/\/www.youtube.com\/embed\/0EZb93cLzGk?feature=oembed\" frameborder=\"0\" allow=\"accelerometer; autoplay; clipboard-write; encrypted-media; gyroscope; picture-in-picture; web-share\" allowfullscreen><\/iframe><\/p>\n<hr \/>\n<p><strong>B\u00caL<\/strong><br \/>\n[Norv\u00e8ge &#8211; France \/ contemporary \/ avant-garde jazz band]<br \/>\nSigrid Aftret : sax t\u00e9nor et fl\u00fbte<br \/>\nSol L\u00e9na&#8211;Schroll : sax alto<br \/>\nTore Lj\u00f8kels\u00f8y : batterie<br \/>\nJoel Ring : violoncelle<br \/>\nMagnus L\u00f8vseth : tuba<br \/>\nThrough an atypical instrumentation, B\u00eal seeks to create a sonic proposition freed from the traditional boundaries of jazz. By integrating elements of serialism and spectralism with a strong yet flowing rhythmic foundation, B\u00eal merges improvisation and composition into a collective process. The habitual musical roles are redefined, and the five instrumentalists participate in creating an unique sound, taking the listener to an ebullient musical journey.<br \/>\n<strong><a href=\"https:\/\/ffm.to\/8d88n5k\">&gt; Disque sorti sur Onze Heures Onze l&#8217;ann\u00e9e derni\u00e8re<\/a><\/strong><\/p>\n<hr \/>\n<p><strong>HERER\/MEYER\/PONTVIANNE<\/strong><br \/>\n[Trio clavier rhodes \/ voix \/ sax t\u00e9nor]<br \/>\nUn concert in\u00e9dit du trio, comme un passage de relais entre le duo d&#8217;Alexandre Herer et Julien Pontvianne \u00e0 celui de Juliette Meyer et Alexandre Herer qui sortiront un disque prochainement sur le label<br \/>\nD\u2019un c\u00f4t\u00e9 la voix de Juliette Meyer, timbr\u00e9e ou non, d\u2019o\u00f9 s\u2019\u00e9chappe une langue de syllabes et babils ; de l\u2019autre le Fender Rhodes d\u2019Alexandre Herer, harmonique et dissonant, d\u2019o\u00f9 d\u00e9filent des paysages de min\u00e9rale d\u00e9licatesse. L\u2019entente entre les deux est simple, foudroyante. Leur duo climatique \u00e0 l\u2019orchestration sobre nous entra\u00eene dans un road-movie planant sur les traces d\u2019esp\u00e8ces en voie de disparition.<\/p>\n<p>&gt;<strong><a href=\"http:\/\/www.onzeheuresonze.com\/project\/alexandre-herer\"> Alexandre Herer<\/a><\/strong> \/ <strong><a href=\"http:\/\/www.livemusicnow.fr\/juliette-meyer.html\">Juliette Meyer<\/a> \/ <a href=\"http:\/\/www.julien-pontvianne.com\/\">Julien Pontvianne<\/a><\/strong><\/p>\n<p><em><strong>Un \u00e9v\u00e9nement inter-collectif Grands Formats<\/strong><\/em><\/p>\n","protected":false},"excerpt":{"rendered":"<p>Sport National est ravi de cette collaboration avec le label et collectif de jazz et musiques improvis\u00e9es francilien Onze Heures Onze repr\u00e9sent\u00e9 le samedi 14 octobre au Caf\u00e9 de Paris par le trio compos\u00e9 d&#8217;Alexandre Herer, Juliette Meyer et Julien Pontvianne ainsi que par le quintet franco-norv\u00e9gien B\u00caL \u00e0 l&#8217;occasion de leur tourn\u00e9e europ\u00e9enne. Pour&#8230;<\/p>\n<p><a rel=\"bookmark\" class=\"theme-button-text wvc-button wvc-button-size-xs\" href=\"https:\/\/www.grandsformats.com\/en\/2023\/10\/concert-inter-collectif-sport-national-x-onze-heures-onze-au-cafe-de-paris\/\"><small class=\"wvc-button-background-fill\"><\/small><span>Continue reading<\/span><\/a><\/p>\n","protected":false},"author":161,"featured_media":27173,"comment_status":"open","ping_status":"open","sticky":false,"template":"","format":"standard","meta":{"_acf_changed":false,"footnotes":""},"categories":[95,862],"tags":[],"class_list":["post-27151","post","type-post","status-publish","format-standard","has-post-thumbnail","hentry","category-membres","category-onze-heures-onze","entry-post-skin-light","entry","clearfix","entry-grid","entry-columns-default","entry-post-module-layout-sidebar-right","thumbnail-color-tone-dark","metro-landscape","is-youtube","entry-post","entry-masonry","entry-post-masonry"],"acf":[],"yoast_head":"<!-- This site is optimized with the Yoast SEO plugin v25.8 - https:\/\/yoast.com\/wordpress\/plugins\/seo\/ -->\n<title>Concert inter-collectif Sport National x Onze Heures Onze au Caf\u00e9 de Paris - Site officiel de la f\u00e9d\u00e9ration Grands Formats<\/title>\n<meta name=\"description\" content=\"Sport National est ravi de cette collaboration avec le label et collectif de jazz et musiques improvis\u00e9es francilien\" \/>\n<meta name=\"robots\" content=\"index, follow, max-snippet:-1, max-image-preview:large, max-video-preview:-1\" \/>\n<link rel=\"canonical\" href=\"https:\/\/www.grandsformats.com\/2023\/10\/concert-inter-collectif-sport-national-x-onze-heures-onze-au-cafe-de-paris\/\" \/>\n<meta property=\"og:locale\" content=\"en_US\" \/>\n<meta property=\"og:type\" content=\"article\" \/>\n<meta property=\"og:title\" content=\"Concert inter-collectif Sport National x Onze Heures Onze au Caf\u00e9 de Paris - Site officiel de la f\u00e9d\u00e9ration Grands Formats\" \/>\n<meta property=\"og:description\" content=\"Sport National est ravi de cette collaboration avec le label et collectif de jazz et musiques improvis\u00e9es francilien\" \/>\n<meta property=\"og:url\" content=\"https:\/\/www.grandsformats.com\/2023\/10\/concert-inter-collectif-sport-national-x-onze-heures-onze-au-cafe-de-paris\/\" \/>\n<meta property=\"og:site_name\" content=\"Site officiel de la f\u00e9d\u00e9ration Grands Formats\" \/>\n<meta property=\"article:publisher\" content=\"https:\/\/www.facebook.com\/grandsformats\/\" \/>\n<meta property=\"article:published_time\" content=\"2023-10-06T13:49:01+00:00\" \/>\n<meta property=\"article:modified_time\" content=\"2023-10-10T14:29:22+00:00\" \/>\n<meta property=\"og:image\" content=\"https:\/\/www.grandsformats.com\/wp-content\/uploads\/2023\/10\/169_11h11_sportnational.jpg\" \/>\n\t<meta property=\"og:image:width\" content=\"1920\" \/>\n\t<meta property=\"og:image:height\" content=\"1080\" \/>\n\t<meta property=\"og:image:type\" content=\"image\/jpeg\" \/>\n<meta name=\"author\" content=\"Laura Hanequand - Grands Formats\" \/>\n<meta name=\"twitter:card\" content=\"summary_large_image\" \/>\n<meta name=\"twitter:creator\" content=\"@GrandsFormatsGF\" \/>\n<meta name=\"twitter:site\" content=\"@GrandsFormatsGF\" \/>\n<meta name=\"twitter:label1\" content=\"Written by\" \/>\n\t<meta name=\"twitter:data1\" content=\"Laura Hanequand - Grands Formats\" \/>\n\t<meta name=\"twitter:label2\" content=\"Est. reading time\" \/>\n\t<meta name=\"twitter:data2\" content=\"3 minutes\" \/>\n<script type=\"application\/ld+json\" class=\"yoast-schema-graph\">{\"@context\":\"https:\/\/schema.org\",\"@graph\":[{\"@type\":\"Article\",\"@id\":\"https:\/\/www.grandsformats.com\/2023\/10\/concert-inter-collectif-sport-national-x-onze-heures-onze-au-cafe-de-paris\/#article\",\"isPartOf\":{\"@id\":\"https:\/\/www.grandsformats.com\/2023\/10\/concert-inter-collectif-sport-national-x-onze-heures-onze-au-cafe-de-paris\/\"},\"author\":{\"name\":\"Laura Hanequand - Grands Formats\",\"@id\":\"https:\/\/www.grandsformats.com\/#\/schema\/person\/56c2866069b6967b2c7becd25c9b4dbb\"},\"headline\":\"Concert inter-collectif Sport National x Onze Heures Onze au Caf\u00e9 de Paris\",\"datePublished\":\"2023-10-06T13:49:01+00:00\",\"dateModified\":\"2023-10-10T14:29:22+00:00\",\"mainEntityOfPage\":{\"@id\":\"https:\/\/www.grandsformats.com\/2023\/10\/concert-inter-collectif-sport-national-x-onze-heures-onze-au-cafe-de-paris\/\"},\"wordCount\":593,\"commentCount\":0,\"publisher\":{\"@id\":\"https:\/\/www.grandsformats.com\/#organization\"},\"image\":{\"@id\":\"https:\/\/www.grandsformats.com\/2023\/10\/concert-inter-collectif-sport-national-x-onze-heures-onze-au-cafe-de-paris\/#primaryimage\"},\"thumbnailUrl\":\"https:\/\/www.grandsformats.com\/wp-content\/uploads\/2023\/10\/169_11h11_sportnational.jpg\",\"articleSection\":[\"Actus des membres\",\"Onze Heures Onze\"],\"inLanguage\":\"en-US\",\"potentialAction\":[{\"@type\":\"CommentAction\",\"name\":\"Comment\",\"target\":[\"https:\/\/www.grandsformats.com\/2023\/10\/concert-inter-collectif-sport-national-x-onze-heures-onze-au-cafe-de-paris\/#respond\"]}]},{\"@type\":\"WebPage\",\"@id\":\"https:\/\/www.grandsformats.com\/2023\/10\/concert-inter-collectif-sport-national-x-onze-heures-onze-au-cafe-de-paris\/\",\"url\":\"https:\/\/www.grandsformats.com\/2023\/10\/concert-inter-collectif-sport-national-x-onze-heures-onze-au-cafe-de-paris\/\",\"name\":\"Concert inter-collectif Sport National x Onze Heures Onze au Caf\u00e9 de Paris - Site officiel de la f\u00e9d\u00e9ration Grands Formats\",\"isPartOf\":{\"@id\":\"https:\/\/www.grandsformats.com\/#website\"},\"primaryImageOfPage\":{\"@id\":\"https:\/\/www.grandsformats.com\/2023\/10\/concert-inter-collectif-sport-national-x-onze-heures-onze-au-cafe-de-paris\/#primaryimage\"},\"image\":{\"@id\":\"https:\/\/www.grandsformats.com\/2023\/10\/concert-inter-collectif-sport-national-x-onze-heures-onze-au-cafe-de-paris\/#primaryimage\"},\"thumbnailUrl\":\"https:\/\/www.grandsformats.com\/wp-content\/uploads\/2023\/10\/169_11h11_sportnational.jpg\",\"datePublished\":\"2023-10-06T13:49:01+00:00\",\"dateModified\":\"2023-10-10T14:29:22+00:00\",\"description\":\"Sport National est ravi de cette collaboration avec le label et collectif de jazz et musiques improvis\u00e9es francilien\",\"breadcrumb\":{\"@id\":\"https:\/\/www.grandsformats.com\/2023\/10\/concert-inter-collectif-sport-national-x-onze-heures-onze-au-cafe-de-paris\/#breadcrumb\"},\"inLanguage\":\"en-US\",\"potentialAction\":[{\"@type\":\"ReadAction\",\"target\":[\"https:\/\/www.grandsformats.com\/2023\/10\/concert-inter-collectif-sport-national-x-onze-heures-onze-au-cafe-de-paris\/\"]}]},{\"@type\":\"ImageObject\",\"inLanguage\":\"en-US\",\"@id\":\"https:\/\/www.grandsformats.com\/2023\/10\/concert-inter-collectif-sport-national-x-onze-heures-onze-au-cafe-de-paris\/#primaryimage\",\"url\":\"https:\/\/www.grandsformats.com\/wp-content\/uploads\/2023\/10\/169_11h11_sportnational.jpg\",\"contentUrl\":\"https:\/\/www.grandsformats.com\/wp-content\/uploads\/2023\/10\/169_11h11_sportnational.jpg\",\"width\":1920,\"height\":1080,\"caption\":\"11h11_sportnational\"},{\"@type\":\"BreadcrumbList\",\"@id\":\"https:\/\/www.grandsformats.com\/2023\/10\/concert-inter-collectif-sport-national-x-onze-heures-onze-au-cafe-de-paris\/#breadcrumb\",\"itemListElement\":[{\"@type\":\"ListItem\",\"position\":1,\"name\":\"Accueil\",\"item\":\"https:\/\/www.grandsformats.com\/en\/\"},{\"@type\":\"ListItem\",\"position\":2,\"name\":\"Concert inter-collectif Sport National x Onze Heures Onze au Caf\u00e9 de Paris\"}]},{\"@type\":\"WebSite\",\"@id\":\"https:\/\/www.grandsformats.com\/#website\",\"url\":\"https:\/\/www.grandsformats.com\/\",\"name\":\"Site officiel de la f\u00e9d\u00e9ration Grands Formats\",\"description\":\"F\u00e9d\u00e9ration d&#039;artistes pour la musique en grand !\",\"publisher\":{\"@id\":\"https:\/\/www.grandsformats.com\/#organization\"},\"potentialAction\":[{\"@type\":\"SearchAction\",\"target\":{\"@type\":\"EntryPoint\",\"urlTemplate\":\"https:\/\/www.grandsformats.com\/?s={search_term_string}\"},\"query-input\":{\"@type\":\"PropertyValueSpecification\",\"valueRequired\":true,\"valueName\":\"search_term_string\"}}],\"inLanguage\":\"en-US\"},{\"@type\":\"Organization\",\"@id\":\"https:\/\/www.grandsformats.com\/#organization\",\"name\":\"Grands Formats\",\"url\":\"https:\/\/www.grandsformats.com\/\",\"logo\":{\"@type\":\"ImageObject\",\"inLanguage\":\"en-US\",\"@id\":\"https:\/\/www.grandsformats.com\/#\/schema\/logo\/image\/\",\"url\":\"https:\/\/www.grandsformats.com\/wp-content\/uploads\/2020\/03\/logo-GF-200.png\",\"contentUrl\":\"https:\/\/www.grandsformats.com\/wp-content\/uploads\/2020\/03\/logo-GF-200.png\",\"width\":155,\"height\":200,\"caption\":\"Grands Formats\"},\"image\":{\"@id\":\"https:\/\/www.grandsformats.com\/#\/schema\/logo\/image\/\"},\"sameAs\":[\"https:\/\/www.facebook.com\/grandsformats\/\",\"https:\/\/x.com\/GrandsFormatsGF\",\"https:\/\/www.instagram.com\/grandsformats\/\",\"https:\/\/www.youtube.com\/channel\/UCJ7k9dbqc_DG-nxI3WMPvhw?view_as=subscriberhttps:\/\/www.youtube.com\/channel\/UCJ7k9dbqc_DG-nxI3WMPvhw?view_as=subscriber\"]},{\"@type\":\"Person\",\"@id\":\"https:\/\/www.grandsformats.com\/#\/schema\/person\/56c2866069b6967b2c7becd25c9b4dbb\",\"name\":\"Laura Hanequand - Grands Formats\",\"image\":{\"@type\":\"ImageObject\",\"inLanguage\":\"en-US\",\"@id\":\"https:\/\/www.grandsformats.com\/#\/schema\/person\/image\/\",\"url\":\"https:\/\/secure.gravatar.com\/avatar\/6d52edecb86835c2b7e81a2cdb8965ae325b4045b44f9043177428c622c06643?s=96&d=mm&r=g\",\"contentUrl\":\"https:\/\/secure.gravatar.com\/avatar\/6d52edecb86835c2b7e81a2cdb8965ae325b4045b44f9043177428c622c06643?s=96&d=mm&r=g\",\"caption\":\"Laura Hanequand - Grands Formats\"},\"url\":\"https:\/\/www.grandsformats.com\/en\/author\/lauragrandsformats-com\/\"}]}<\/script>\n<!-- \/ Yoast SEO plugin. -->","yoast_head_json":{"title":"Concert inter-collectif Sport National x Onze Heures Onze au Caf\u00e9 de Paris - Site officiel de la f\u00e9d\u00e9ration Grands Formats","description":"Sport National est ravi de cette collaboration avec le label et collectif de jazz et musiques improvis\u00e9es francilien","robots":{"index":"index","follow":"follow","max-snippet":"max-snippet:-1","max-image-preview":"max-image-preview:large","max-video-preview":"max-video-preview:-1"},"canonical":"https:\/\/www.grandsformats.com\/2023\/10\/concert-inter-collectif-sport-national-x-onze-heures-onze-au-cafe-de-paris\/","og_locale":"en_US","og_type":"article","og_title":"Concert inter-collectif Sport National x Onze Heures Onze au Caf\u00e9 de Paris - Site officiel de la f\u00e9d\u00e9ration Grands Formats","og_description":"Sport National est ravi de cette collaboration avec le label et collectif de jazz et musiques improvis\u00e9es francilien","og_url":"https:\/\/www.grandsformats.com\/2023\/10\/concert-inter-collectif-sport-national-x-onze-heures-onze-au-cafe-de-paris\/","og_site_name":"Site officiel de la f\u00e9d\u00e9ration Grands Formats","article_publisher":"https:\/\/www.facebook.com\/grandsformats\/","article_published_time":"2023-10-06T13:49:01+00:00","article_modified_time":"2023-10-10T14:29:22+00:00","og_image":[{"width":1920,"height":1080,"url":"https:\/\/www.grandsformats.com\/wp-content\/uploads\/2023\/10\/169_11h11_sportnational.jpg","type":"image\/jpeg"}],"author":"Laura Hanequand - Grands Formats","twitter_card":"summary_large_image","twitter_creator":"@GrandsFormatsGF","twitter_site":"@GrandsFormatsGF","twitter_misc":{"Written by":"Laura Hanequand - Grands Formats","Est. reading time":"3 minutes"},"schema":{"@context":"https:\/\/schema.org","@graph":[{"@type":"Article","@id":"https:\/\/www.grandsformats.com\/2023\/10\/concert-inter-collectif-sport-national-x-onze-heures-onze-au-cafe-de-paris\/#article","isPartOf":{"@id":"https:\/\/www.grandsformats.com\/2023\/10\/concert-inter-collectif-sport-national-x-onze-heures-onze-au-cafe-de-paris\/"},"author":{"name":"Laura Hanequand - Grands Formats","@id":"https:\/\/www.grandsformats.com\/#\/schema\/person\/56c2866069b6967b2c7becd25c9b4dbb"},"headline":"Concert inter-collectif Sport National x Onze Heures Onze au Caf\u00e9 de Paris","datePublished":"2023-10-06T13:49:01+00:00","dateModified":"2023-10-10T14:29:22+00:00","mainEntityOfPage":{"@id":"https:\/\/www.grandsformats.com\/2023\/10\/concert-inter-collectif-sport-national-x-onze-heures-onze-au-cafe-de-paris\/"},"wordCount":593,"commentCount":0,"publisher":{"@id":"https:\/\/www.grandsformats.com\/#organization"},"image":{"@id":"https:\/\/www.grandsformats.com\/2023\/10\/concert-inter-collectif-sport-national-x-onze-heures-onze-au-cafe-de-paris\/#primaryimage"},"thumbnailUrl":"https:\/\/www.grandsformats.com\/wp-content\/uploads\/2023\/10\/169_11h11_sportnational.jpg","articleSection":["Actus des membres","Onze Heures Onze"],"inLanguage":"en-US","potentialAction":[{"@type":"CommentAction","name":"Comment","target":["https:\/\/www.grandsformats.com\/2023\/10\/concert-inter-collectif-sport-national-x-onze-heures-onze-au-cafe-de-paris\/#respond"]}]},{"@type":"WebPage","@id":"https:\/\/www.grandsformats.com\/2023\/10\/concert-inter-collectif-sport-national-x-onze-heures-onze-au-cafe-de-paris\/","url":"https:\/\/www.grandsformats.com\/2023\/10\/concert-inter-collectif-sport-national-x-onze-heures-onze-au-cafe-de-paris\/","name":"Concert inter-collectif Sport National x Onze Heures Onze au Caf\u00e9 de Paris - Site officiel de la f\u00e9d\u00e9ration Grands Formats","isPartOf":{"@id":"https:\/\/www.grandsformats.com\/#website"},"primaryImageOfPage":{"@id":"https:\/\/www.grandsformats.com\/2023\/10\/concert-inter-collectif-sport-national-x-onze-heures-onze-au-cafe-de-paris\/#primaryimage"},"image":{"@id":"https:\/\/www.grandsformats.com\/2023\/10\/concert-inter-collectif-sport-national-x-onze-heures-onze-au-cafe-de-paris\/#primaryimage"},"thumbnailUrl":"https:\/\/www.grandsformats.com\/wp-content\/uploads\/2023\/10\/169_11h11_sportnational.jpg","datePublished":"2023-10-06T13:49:01+00:00","dateModified":"2023-10-10T14:29:22+00:00","description":"Sport National est ravi de cette collaboration avec le label et collectif de jazz et musiques improvis\u00e9es francilien","breadcrumb":{"@id":"https:\/\/www.grandsformats.com\/2023\/10\/concert-inter-collectif-sport-national-x-onze-heures-onze-au-cafe-de-paris\/#breadcrumb"},"inLanguage":"en-US","potentialAction":[{"@type":"ReadAction","target":["https:\/\/www.grandsformats.com\/2023\/10\/concert-inter-collectif-sport-national-x-onze-heures-onze-au-cafe-de-paris\/"]}]},{"@type":"ImageObject","inLanguage":"en-US","@id":"https:\/\/www.grandsformats.com\/2023\/10\/concert-inter-collectif-sport-national-x-onze-heures-onze-au-cafe-de-paris\/#primaryimage","url":"https:\/\/www.grandsformats.com\/wp-content\/uploads\/2023\/10\/169_11h11_sportnational.jpg","contentUrl":"https:\/\/www.grandsformats.com\/wp-content\/uploads\/2023\/10\/169_11h11_sportnational.jpg","width":1920,"height":1080,"caption":"11h11_sportnational"},{"@type":"BreadcrumbList","@id":"https:\/\/www.grandsformats.com\/2023\/10\/concert-inter-collectif-sport-national-x-onze-heures-onze-au-cafe-de-paris\/#breadcrumb","itemListElement":[{"@type":"ListItem","position":1,"name":"Accueil","item":"https:\/\/www.grandsformats.com\/en\/"},{"@type":"ListItem","position":2,"name":"Concert inter-collectif Sport National x Onze Heures Onze au Caf\u00e9 de Paris"}]},{"@type":"WebSite","@id":"https:\/\/www.grandsformats.com\/#website","url":"https:\/\/www.grandsformats.com\/","name":"Site officiel de la f\u00e9d\u00e9ration Grands Formats","description":"F\u00e9d\u00e9ration d&#039;artistes pour la musique en grand !","publisher":{"@id":"https:\/\/www.grandsformats.com\/#organization"},"potentialAction":[{"@type":"SearchAction","target":{"@type":"EntryPoint","urlTemplate":"https:\/\/www.grandsformats.com\/?s={search_term_string}"},"query-input":{"@type":"PropertyValueSpecification","valueRequired":true,"valueName":"search_term_string"}}],"inLanguage":"en-US"},{"@type":"Organization","@id":"https:\/\/www.grandsformats.com\/#organization","name":"Grands Formats","url":"https:\/\/www.grandsformats.com\/","logo":{"@type":"ImageObject","inLanguage":"en-US","@id":"https:\/\/www.grandsformats.com\/#\/schema\/logo\/image\/","url":"https:\/\/www.grandsformats.com\/wp-content\/uploads\/2020\/03\/logo-GF-200.png","contentUrl":"https:\/\/www.grandsformats.com\/wp-content\/uploads\/2020\/03\/logo-GF-200.png","width":155,"height":200,"caption":"Grands Formats"},"image":{"@id":"https:\/\/www.grandsformats.com\/#\/schema\/logo\/image\/"},"sameAs":["https:\/\/www.facebook.com\/grandsformats\/","https:\/\/x.com\/GrandsFormatsGF","https:\/\/www.instagram.com\/grandsformats\/","https:\/\/www.youtube.com\/channel\/UCJ7k9dbqc_DG-nxI3WMPvhw?view_as=subscriberhttps:\/\/www.youtube.com\/channel\/UCJ7k9dbqc_DG-nxI3WMPvhw?view_as=subscriber"]},{"@type":"Person","@id":"https:\/\/www.grandsformats.com\/#\/schema\/person\/56c2866069b6967b2c7becd25c9b4dbb","name":"Laura Hanequand - Grands Formats","image":{"@type":"ImageObject","inLanguage":"en-US","@id":"https:\/\/www.grandsformats.com\/#\/schema\/person\/image\/","url":"https:\/\/secure.gravatar.com\/avatar\/6d52edecb86835c2b7e81a2cdb8965ae325b4045b44f9043177428c622c06643?s=96&d=mm&r=g","contentUrl":"https:\/\/secure.gravatar.com\/avatar\/6d52edecb86835c2b7e81a2cdb8965ae325b4045b44f9043177428c622c06643?s=96&d=mm&r=g","caption":"Laura Hanequand - Grands Formats"},"url":"https:\/\/www.grandsformats.com\/en\/author\/lauragrandsformats-com\/"}]}},"_links":{"self":[{"href":"https:\/\/www.grandsformats.com\/en\/wp-json\/wp\/v2\/posts\/27151","targetHints":{"allow":["GET"]}}],"collection":[{"href":"https:\/\/www.grandsformats.com\/en\/wp-json\/wp\/v2\/posts"}],"about":[{"href":"https:\/\/www.grandsformats.com\/en\/wp-json\/wp\/v2\/types\/post"}],"author":[{"embeddable":true,"href":"https:\/\/www.grandsformats.com\/en\/wp-json\/wp\/v2\/users\/161"}],"replies":[{"embeddable":true,"href":"https:\/\/www.grandsformats.com\/en\/wp-json\/wp\/v2\/comments?post=27151"}],"version-history":[{"count":0,"href":"https:\/\/www.grandsformats.com\/en\/wp-json\/wp\/v2\/posts\/27151\/revisions"}],"wp:featuredmedia":[{"embeddable":true,"href":"https:\/\/www.grandsformats.com\/en\/wp-json\/wp\/v2\/media\/27173"}],"wp:attachment":[{"href":"https:\/\/www.grandsformats.com\/en\/wp-json\/wp\/v2\/media?parent=27151"}],"wp:term":[{"taxonomy":"category","embeddable":true,"href":"https:\/\/www.grandsformats.com\/en\/wp-json\/wp\/v2\/categories?post=27151"},{"taxonomy":"post_tag","embeddable":true,"href":"https:\/\/www.grandsformats.com\/en\/wp-json\/wp\/v2\/tags?post=27151"}],"curies":[{"name":"wp","href":"https:\/\/api.w.org\/{rel}","templated":true}]}}