{"id":27130,"date":"2023-10-06T15:12:54","date_gmt":"2023-10-06T13:12:54","guid":{"rendered":"https:\/\/www.grandsformats.com\/?p=27130"},"modified":"2023-10-09T12:27:07","modified_gmt":"2023-10-09T10:27:07","slug":"la-marmite-infernale-le-retour-du-big-band","status":"publish","type":"post","link":"https:\/\/www.grandsformats.com\/en\/2023\/10\/la-marmite-infernale-le-retour-du-big-band\/","title":{"rendered":"La Marmite Infernale : le retour du Big Band !"},"content":{"rendered":"<p>La Marmite Infernale, l&#8217;orchestre lib\u00e9r\u00e9 de la plupart des r\u00e8gles et diktats attendus d\u2019un big band, fait son grand retour pour sa sortie de r\u00e9sidence le 2 novembre au sein de L&#8217;Assembl\u00e9e, fabrique artistique situ\u00e9e dans le 3\u00e8me arrondissement de Lyon.<br \/>\nDans l\u2019orchestre, chacun est tout \u00e0 tour compositeur, interpr\u00e8te ou directeur artistique.<br \/>\nLa Marmite Infernale est l\u2019endroit o\u00f9 ses membres d\u00e9veloppent un univers expressionniste qui fait vivre ensemble free jazz, musiques traditionnelles, classiques, ou m\u00eame garage punk, en laissant toujours la part belle \u00e0 l\u2019improvisation.<br \/>\nL\u2019orchestre d\u00e9ploie un large nuancier sonore, des m\u00e9lodies, des rythmes complexes, et un go\u00fbt pour le chaos organis\u00e9. Une approche libre et irr\u00e9v\u00e9rencieuse de la musique, interpr\u00e9t\u00e9e avec une \u00e9nergie communicative.<br \/>\nC&#8217;est l&#8217;opportunit\u00e9 pour vous de d\u00e9couvrir les coulisses de cette cr\u00e9ation sign\u00e9e ARFI !<\/p>\n<p><span style=\"color: #999999;\">\u00a9 JC Sarrasin<\/span><\/p>\n","protected":false},"excerpt":{"rendered":"<p>La Marmite Infernale, l&#8217;orchestre lib\u00e9r\u00e9 de la plupart des r\u00e8gles et diktats attendus d\u2019un big band, fait son grand retour pour sa sortie de r\u00e9sidence le 2 novembre au sein de L&#8217;Assembl\u00e9e, fabrique artistique situ\u00e9e dans le 3\u00e8me arrondissement de Lyon. Dans l\u2019orchestre, chacun est tout \u00e0 tour compositeur, interpr\u00e8te ou directeur artistique. La Marmite&#8230;<\/p>\n<p><a rel=\"bookmark\" class=\"theme-button-text wvc-button wvc-button-size-xs\" href=\"https:\/\/www.grandsformats.com\/en\/2023\/10\/la-marmite-infernale-le-retour-du-big-band\/\"><small class=\"wvc-button-background-fill\"><\/small><span>Continue reading<\/span><\/a><\/p>\n","protected":false},"author":161,"featured_media":27131,"comment_status":"open","ping_status":"open","sticky":false,"template":"","format":"standard","meta":{"_acf_changed":false,"footnotes":""},"categories":[95,596],"tags":[],"class_list":["post-27130","post","type-post","status-publish","format-standard","has-post-thumbnail","hentry","category-membres","category-arfi","entry-post-skin-light","entry","clearfix","entry-grid","entry-columns-default","entry-post-module-layout-sidebar-right","thumbnail-color-tone-dark","metro-landscape","entry-post","entry-masonry","entry-post-masonry"],"acf":[],"yoast_head":"<!-- This site is optimized with the Yoast SEO plugin v25.8 - https:\/\/yoast.com\/wordpress\/plugins\/seo\/ -->\n<title>La Marmite Infernale : le retour du Big Band ! - Site officiel de la f\u00e9d\u00e9ration Grands Formats<\/title>\n<meta name=\"description\" content=\"La Marmite Infernale, l&#039;orchestre lib\u00e9r\u00e9 de la plupart des r\u00e8gles et diktats attendus d\u2019un big band, fait son grand retour pour sa sortie...\" \/>\n<meta name=\"robots\" content=\"index, follow, max-snippet:-1, max-image-preview:large, max-video-preview:-1\" \/>\n<link rel=\"canonical\" href=\"https:\/\/www.grandsformats.com\/2023\/10\/la-marmite-infernale-le-retour-du-big-band\/\" \/>\n<meta property=\"og:locale\" content=\"en_US\" \/>\n<meta property=\"og:type\" content=\"article\" \/>\n<meta property=\"og:title\" content=\"La Marmite Infernale : le retour du Big Band ! - Site officiel de la f\u00e9d\u00e9ration Grands Formats\" \/>\n<meta property=\"og:description\" content=\"La Marmite Infernale, l&#039;orchestre lib\u00e9r\u00e9 de la plupart des r\u00e8gles et diktats attendus d\u2019un big band, fait son grand retour pour sa sortie...\" \/>\n<meta property=\"og:url\" content=\"https:\/\/www.grandsformats.com\/2023\/10\/la-marmite-infernale-le-retour-du-big-band\/\" \/>\n<meta property=\"og:site_name\" content=\"Site officiel de la f\u00e9d\u00e9ration Grands Formats\" \/>\n<meta property=\"article:publisher\" content=\"https:\/\/www.facebook.com\/grandsformats\/\" \/>\n<meta property=\"article:published_time\" content=\"2023-10-06T13:12:54+00:00\" \/>\n<meta property=\"article:modified_time\" content=\"2023-10-09T10:27:07+00:00\" \/>\n<meta property=\"og:image\" content=\"https:\/\/www.grandsformats.com\/wp-content\/uploads\/2023\/10\/169La-Marmite-Infernale-Cre\u0301dit-JC-Sarrasin.jpg\" \/>\n\t<meta property=\"og:image:width\" content=\"1920\" \/>\n\t<meta property=\"og:image:height\" content=\"1080\" \/>\n\t<meta property=\"og:image:type\" content=\"image\/jpeg\" \/>\n<meta name=\"author\" content=\"Laura Hanequand - Grands Formats\" \/>\n<meta name=\"twitter:card\" content=\"summary_large_image\" \/>\n<meta name=\"twitter:creator\" content=\"@GrandsFormatsGF\" \/>\n<meta name=\"twitter:site\" content=\"@GrandsFormatsGF\" \/>\n<meta name=\"twitter:label1\" content=\"Written by\" \/>\n\t<meta name=\"twitter:data1\" content=\"Laura Hanequand - Grands Formats\" \/>\n\t<meta name=\"twitter:label2\" content=\"Est. reading time\" \/>\n\t<meta name=\"twitter:data2\" content=\"1 minute\" \/>\n<script type=\"application\/ld+json\" class=\"yoast-schema-graph\">{\"@context\":\"https:\/\/schema.org\",\"@graph\":[{\"@type\":\"Article\",\"@id\":\"https:\/\/www.grandsformats.com\/2023\/10\/la-marmite-infernale-le-retour-du-big-band\/#article\",\"isPartOf\":{\"@id\":\"https:\/\/www.grandsformats.com\/2023\/10\/la-marmite-infernale-le-retour-du-big-band\/\"},\"author\":{\"name\":\"Laura Hanequand - Grands Formats\",\"@id\":\"https:\/\/www.grandsformats.com\/#\/schema\/person\/56c2866069b6967b2c7becd25c9b4dbb\"},\"headline\":\"La Marmite Infernale : le retour du Big Band !\",\"datePublished\":\"2023-10-06T13:12:54+00:00\",\"dateModified\":\"2023-10-09T10:27:07+00:00\",\"mainEntityOfPage\":{\"@id\":\"https:\/\/www.grandsformats.com\/2023\/10\/la-marmite-infernale-le-retour-du-big-band\/\"},\"wordCount\":164,\"commentCount\":0,\"publisher\":{\"@id\":\"https:\/\/www.grandsformats.com\/#organization\"},\"image\":{\"@id\":\"https:\/\/www.grandsformats.com\/2023\/10\/la-marmite-infernale-le-retour-du-big-band\/#primaryimage\"},\"thumbnailUrl\":\"https:\/\/www.grandsformats.com\/wp-content\/uploads\/2023\/10\/169La-Marmite-Infernale-Cre\u0301dit-JC-Sarrasin.jpg\",\"articleSection\":[\"Actus des membres\",\"ARFI\"],\"inLanguage\":\"en-US\",\"potentialAction\":[{\"@type\":\"CommentAction\",\"name\":\"Comment\",\"target\":[\"https:\/\/www.grandsformats.com\/2023\/10\/la-marmite-infernale-le-retour-du-big-band\/#respond\"]}]},{\"@type\":\"WebPage\",\"@id\":\"https:\/\/www.grandsformats.com\/2023\/10\/la-marmite-infernale-le-retour-du-big-band\/\",\"url\":\"https:\/\/www.grandsformats.com\/2023\/10\/la-marmite-infernale-le-retour-du-big-band\/\",\"name\":\"La Marmite Infernale : le retour du Big Band ! - Site officiel de la f\u00e9d\u00e9ration Grands Formats\",\"isPartOf\":{\"@id\":\"https:\/\/www.grandsformats.com\/#website\"},\"primaryImageOfPage\":{\"@id\":\"https:\/\/www.grandsformats.com\/2023\/10\/la-marmite-infernale-le-retour-du-big-band\/#primaryimage\"},\"image\":{\"@id\":\"https:\/\/www.grandsformats.com\/2023\/10\/la-marmite-infernale-le-retour-du-big-band\/#primaryimage\"},\"thumbnailUrl\":\"https:\/\/www.grandsformats.com\/wp-content\/uploads\/2023\/10\/169La-Marmite-Infernale-Cre\u0301dit-JC-Sarrasin.jpg\",\"datePublished\":\"2023-10-06T13:12:54+00:00\",\"dateModified\":\"2023-10-09T10:27:07+00:00\",\"description\":\"La Marmite Infernale, l'orchestre lib\u00e9r\u00e9 de la plupart des r\u00e8gles et diktats attendus d\u2019un big band, fait son grand retour pour sa sortie...\",\"breadcrumb\":{\"@id\":\"https:\/\/www.grandsformats.com\/2023\/10\/la-marmite-infernale-le-retour-du-big-band\/#breadcrumb\"},\"inLanguage\":\"en-US\",\"potentialAction\":[{\"@type\":\"ReadAction\",\"target\":[\"https:\/\/www.grandsformats.com\/2023\/10\/la-marmite-infernale-le-retour-du-big-band\/\"]}]},{\"@type\":\"ImageObject\",\"inLanguage\":\"en-US\",\"@id\":\"https:\/\/www.grandsformats.com\/2023\/10\/la-marmite-infernale-le-retour-du-big-band\/#primaryimage\",\"url\":\"https:\/\/www.grandsformats.com\/wp-content\/uploads\/2023\/10\/169La-Marmite-Infernale-Cre\u0301dit-JC-Sarrasin.jpg\",\"contentUrl\":\"https:\/\/www.grandsformats.com\/wp-content\/uploads\/2023\/10\/169La-Marmite-Infernale-Cre\u0301dit-JC-Sarrasin.jpg\",\"width\":1920,\"height\":1080,\"caption\":\"La Marmite Infernale \u00a9 JC Sarrasin\"},{\"@type\":\"BreadcrumbList\",\"@id\":\"https:\/\/www.grandsformats.com\/2023\/10\/la-marmite-infernale-le-retour-du-big-band\/#breadcrumb\",\"itemListElement\":[{\"@type\":\"ListItem\",\"position\":1,\"name\":\"Accueil\",\"item\":\"https:\/\/www.grandsformats.com\/en\/\"},{\"@type\":\"ListItem\",\"position\":2,\"name\":\"La Marmite Infernale : le retour du Big Band !\"}]},{\"@type\":\"WebSite\",\"@id\":\"https:\/\/www.grandsformats.com\/#website\",\"url\":\"https:\/\/www.grandsformats.com\/\",\"name\":\"Site officiel de la f\u00e9d\u00e9ration Grands Formats\",\"description\":\"F\u00e9d\u00e9ration d&#039;artistes pour la musique en grand !\",\"publisher\":{\"@id\":\"https:\/\/www.grandsformats.com\/#organization\"},\"potentialAction\":[{\"@type\":\"SearchAction\",\"target\":{\"@type\":\"EntryPoint\",\"urlTemplate\":\"https:\/\/www.grandsformats.com\/?s={search_term_string}\"},\"query-input\":{\"@type\":\"PropertyValueSpecification\",\"valueRequired\":true,\"valueName\":\"search_term_string\"}}],\"inLanguage\":\"en-US\"},{\"@type\":\"Organization\",\"@id\":\"https:\/\/www.grandsformats.com\/#organization\",\"name\":\"Grands Formats\",\"url\":\"https:\/\/www.grandsformats.com\/\",\"logo\":{\"@type\":\"ImageObject\",\"inLanguage\":\"en-US\",\"@id\":\"https:\/\/www.grandsformats.com\/#\/schema\/logo\/image\/\",\"url\":\"https:\/\/www.grandsformats.com\/wp-content\/uploads\/2020\/03\/logo-GF-200.png\",\"contentUrl\":\"https:\/\/www.grandsformats.com\/wp-content\/uploads\/2020\/03\/logo-GF-200.png\",\"width\":155,\"height\":200,\"caption\":\"Grands Formats\"},\"image\":{\"@id\":\"https:\/\/www.grandsformats.com\/#\/schema\/logo\/image\/\"},\"sameAs\":[\"https:\/\/www.facebook.com\/grandsformats\/\",\"https:\/\/x.com\/GrandsFormatsGF\",\"https:\/\/www.instagram.com\/grandsformats\/\",\"https:\/\/www.youtube.com\/channel\/UCJ7k9dbqc_DG-nxI3WMPvhw?view_as=subscriberhttps:\/\/www.youtube.com\/channel\/UCJ7k9dbqc_DG-nxI3WMPvhw?view_as=subscriber\"]},{\"@type\":\"Person\",\"@id\":\"https:\/\/www.grandsformats.com\/#\/schema\/person\/56c2866069b6967b2c7becd25c9b4dbb\",\"name\":\"Laura Hanequand - Grands Formats\",\"image\":{\"@type\":\"ImageObject\",\"inLanguage\":\"en-US\",\"@id\":\"https:\/\/www.grandsformats.com\/#\/schema\/person\/image\/\",\"url\":\"https:\/\/secure.gravatar.com\/avatar\/6d52edecb86835c2b7e81a2cdb8965ae325b4045b44f9043177428c622c06643?s=96&d=mm&r=g\",\"contentUrl\":\"https:\/\/secure.gravatar.com\/avatar\/6d52edecb86835c2b7e81a2cdb8965ae325b4045b44f9043177428c622c06643?s=96&d=mm&r=g\",\"caption\":\"Laura Hanequand - Grands Formats\"},\"url\":\"https:\/\/www.grandsformats.com\/en\/author\/lauragrandsformats-com\/\"}]}<\/script>\n<!-- \/ Yoast SEO plugin. -->","yoast_head_json":{"title":"La Marmite Infernale : le retour du Big Band ! - Site officiel de la f\u00e9d\u00e9ration Grands Formats","description":"La Marmite Infernale, l'orchestre lib\u00e9r\u00e9 de la plupart des r\u00e8gles et diktats attendus d\u2019un big band, fait son grand retour pour sa sortie...","robots":{"index":"index","follow":"follow","max-snippet":"max-snippet:-1","max-image-preview":"max-image-preview:large","max-video-preview":"max-video-preview:-1"},"canonical":"https:\/\/www.grandsformats.com\/2023\/10\/la-marmite-infernale-le-retour-du-big-band\/","og_locale":"en_US","og_type":"article","og_title":"La Marmite Infernale : le retour du Big Band ! - Site officiel de la f\u00e9d\u00e9ration Grands Formats","og_description":"La Marmite Infernale, l'orchestre lib\u00e9r\u00e9 de la plupart des r\u00e8gles et diktats attendus d\u2019un big band, fait son grand retour pour sa sortie...","og_url":"https:\/\/www.grandsformats.com\/2023\/10\/la-marmite-infernale-le-retour-du-big-band\/","og_site_name":"Site officiel de la f\u00e9d\u00e9ration Grands Formats","article_publisher":"https:\/\/www.facebook.com\/grandsformats\/","article_published_time":"2023-10-06T13:12:54+00:00","article_modified_time":"2023-10-09T10:27:07+00:00","og_image":[{"width":1920,"height":1080,"url":"https:\/\/www.grandsformats.com\/wp-content\/uploads\/2023\/10\/169La-Marmite-Infernale-Cre\u0301dit-JC-Sarrasin.jpg","type":"image\/jpeg"}],"author":"Laura Hanequand - Grands Formats","twitter_card":"summary_large_image","twitter_creator":"@GrandsFormatsGF","twitter_site":"@GrandsFormatsGF","twitter_misc":{"Written by":"Laura Hanequand - Grands Formats","Est. reading time":"1 minute"},"schema":{"@context":"https:\/\/schema.org","@graph":[{"@type":"Article","@id":"https:\/\/www.grandsformats.com\/2023\/10\/la-marmite-infernale-le-retour-du-big-band\/#article","isPartOf":{"@id":"https:\/\/www.grandsformats.com\/2023\/10\/la-marmite-infernale-le-retour-du-big-band\/"},"author":{"name":"Laura Hanequand - Grands Formats","@id":"https:\/\/www.grandsformats.com\/#\/schema\/person\/56c2866069b6967b2c7becd25c9b4dbb"},"headline":"La Marmite Infernale : le retour du Big Band !","datePublished":"2023-10-06T13:12:54+00:00","dateModified":"2023-10-09T10:27:07+00:00","mainEntityOfPage":{"@id":"https:\/\/www.grandsformats.com\/2023\/10\/la-marmite-infernale-le-retour-du-big-band\/"},"wordCount":164,"commentCount":0,"publisher":{"@id":"https:\/\/www.grandsformats.com\/#organization"},"image":{"@id":"https:\/\/www.grandsformats.com\/2023\/10\/la-marmite-infernale-le-retour-du-big-band\/#primaryimage"},"thumbnailUrl":"https:\/\/www.grandsformats.com\/wp-content\/uploads\/2023\/10\/169La-Marmite-Infernale-Cre\u0301dit-JC-Sarrasin.jpg","articleSection":["Actus des membres","ARFI"],"inLanguage":"en-US","potentialAction":[{"@type":"CommentAction","name":"Comment","target":["https:\/\/www.grandsformats.com\/2023\/10\/la-marmite-infernale-le-retour-du-big-band\/#respond"]}]},{"@type":"WebPage","@id":"https:\/\/www.grandsformats.com\/2023\/10\/la-marmite-infernale-le-retour-du-big-band\/","url":"https:\/\/www.grandsformats.com\/2023\/10\/la-marmite-infernale-le-retour-du-big-band\/","name":"La Marmite Infernale : le retour du Big Band ! - Site officiel de la f\u00e9d\u00e9ration Grands Formats","isPartOf":{"@id":"https:\/\/www.grandsformats.com\/#website"},"primaryImageOfPage":{"@id":"https:\/\/www.grandsformats.com\/2023\/10\/la-marmite-infernale-le-retour-du-big-band\/#primaryimage"},"image":{"@id":"https:\/\/www.grandsformats.com\/2023\/10\/la-marmite-infernale-le-retour-du-big-band\/#primaryimage"},"thumbnailUrl":"https:\/\/www.grandsformats.com\/wp-content\/uploads\/2023\/10\/169La-Marmite-Infernale-Cre\u0301dit-JC-Sarrasin.jpg","datePublished":"2023-10-06T13:12:54+00:00","dateModified":"2023-10-09T10:27:07+00:00","description":"La Marmite Infernale, l'orchestre lib\u00e9r\u00e9 de la plupart des r\u00e8gles et diktats attendus d\u2019un big band, fait son grand retour pour sa sortie...","breadcrumb":{"@id":"https:\/\/www.grandsformats.com\/2023\/10\/la-marmite-infernale-le-retour-du-big-band\/#breadcrumb"},"inLanguage":"en-US","potentialAction":[{"@type":"ReadAction","target":["https:\/\/www.grandsformats.com\/2023\/10\/la-marmite-infernale-le-retour-du-big-band\/"]}]},{"@type":"ImageObject","inLanguage":"en-US","@id":"https:\/\/www.grandsformats.com\/2023\/10\/la-marmite-infernale-le-retour-du-big-band\/#primaryimage","url":"https:\/\/www.grandsformats.com\/wp-content\/uploads\/2023\/10\/169La-Marmite-Infernale-Cre\u0301dit-JC-Sarrasin.jpg","contentUrl":"https:\/\/www.grandsformats.com\/wp-content\/uploads\/2023\/10\/169La-Marmite-Infernale-Cre\u0301dit-JC-Sarrasin.jpg","width":1920,"height":1080,"caption":"La Marmite Infernale \u00a9 JC Sarrasin"},{"@type":"BreadcrumbList","@id":"https:\/\/www.grandsformats.com\/2023\/10\/la-marmite-infernale-le-retour-du-big-band\/#breadcrumb","itemListElement":[{"@type":"ListItem","position":1,"name":"Accueil","item":"https:\/\/www.grandsformats.com\/en\/"},{"@type":"ListItem","position":2,"name":"La Marmite Infernale : le retour du Big Band !"}]},{"@type":"WebSite","@id":"https:\/\/www.grandsformats.com\/#website","url":"https:\/\/www.grandsformats.com\/","name":"Site officiel de la f\u00e9d\u00e9ration Grands Formats","description":"F\u00e9d\u00e9ration d&#039;artistes pour la musique en grand !","publisher":{"@id":"https:\/\/www.grandsformats.com\/#organization"},"potentialAction":[{"@type":"SearchAction","target":{"@type":"EntryPoint","urlTemplate":"https:\/\/www.grandsformats.com\/?s={search_term_string}"},"query-input":{"@type":"PropertyValueSpecification","valueRequired":true,"valueName":"search_term_string"}}],"inLanguage":"en-US"},{"@type":"Organization","@id":"https:\/\/www.grandsformats.com\/#organization","name":"Grands Formats","url":"https:\/\/www.grandsformats.com\/","logo":{"@type":"ImageObject","inLanguage":"en-US","@id":"https:\/\/www.grandsformats.com\/#\/schema\/logo\/image\/","url":"https:\/\/www.grandsformats.com\/wp-content\/uploads\/2020\/03\/logo-GF-200.png","contentUrl":"https:\/\/www.grandsformats.com\/wp-content\/uploads\/2020\/03\/logo-GF-200.png","width":155,"height":200,"caption":"Grands Formats"},"image":{"@id":"https:\/\/www.grandsformats.com\/#\/schema\/logo\/image\/"},"sameAs":["https:\/\/www.facebook.com\/grandsformats\/","https:\/\/x.com\/GrandsFormatsGF","https:\/\/www.instagram.com\/grandsformats\/","https:\/\/www.youtube.com\/channel\/UCJ7k9dbqc_DG-nxI3WMPvhw?view_as=subscriberhttps:\/\/www.youtube.com\/channel\/UCJ7k9dbqc_DG-nxI3WMPvhw?view_as=subscriber"]},{"@type":"Person","@id":"https:\/\/www.grandsformats.com\/#\/schema\/person\/56c2866069b6967b2c7becd25c9b4dbb","name":"Laura Hanequand - Grands Formats","image":{"@type":"ImageObject","inLanguage":"en-US","@id":"https:\/\/www.grandsformats.com\/#\/schema\/person\/image\/","url":"https:\/\/secure.gravatar.com\/avatar\/6d52edecb86835c2b7e81a2cdb8965ae325b4045b44f9043177428c622c06643?s=96&d=mm&r=g","contentUrl":"https:\/\/secure.gravatar.com\/avatar\/6d52edecb86835c2b7e81a2cdb8965ae325b4045b44f9043177428c622c06643?s=96&d=mm&r=g","caption":"Laura Hanequand - Grands Formats"},"url":"https:\/\/www.grandsformats.com\/en\/author\/lauragrandsformats-com\/"}]}},"_links":{"self":[{"href":"https:\/\/www.grandsformats.com\/en\/wp-json\/wp\/v2\/posts\/27130","targetHints":{"allow":["GET"]}}],"collection":[{"href":"https:\/\/www.grandsformats.com\/en\/wp-json\/wp\/v2\/posts"}],"about":[{"href":"https:\/\/www.grandsformats.com\/en\/wp-json\/wp\/v2\/types\/post"}],"author":[{"embeddable":true,"href":"https:\/\/www.grandsformats.com\/en\/wp-json\/wp\/v2\/users\/161"}],"replies":[{"embeddable":true,"href":"https:\/\/www.grandsformats.com\/en\/wp-json\/wp\/v2\/comments?post=27130"}],"version-history":[{"count":0,"href":"https:\/\/www.grandsformats.com\/en\/wp-json\/wp\/v2\/posts\/27130\/revisions"}],"wp:featuredmedia":[{"embeddable":true,"href":"https:\/\/www.grandsformats.com\/en\/wp-json\/wp\/v2\/media\/27131"}],"wp:attachment":[{"href":"https:\/\/www.grandsformats.com\/en\/wp-json\/wp\/v2\/media?parent=27130"}],"wp:term":[{"taxonomy":"category","embeddable":true,"href":"https:\/\/www.grandsformats.com\/en\/wp-json\/wp\/v2\/categories?post=27130"},{"taxonomy":"post_tag","embeddable":true,"href":"https:\/\/www.grandsformats.com\/en\/wp-json\/wp\/v2\/tags?post=27130"}],"curies":[{"name":"wp","href":"https:\/\/api.w.org\/{rel}","templated":true}]}}