{"id":27125,"date":"2023-10-06T15:08:52","date_gmt":"2023-10-06T13:08:52","guid":{"rendered":"https:\/\/www.grandsformats.com\/?p=27125"},"modified":"2023-10-06T15:08:52","modified_gmt":"2023-10-06T13:08:52","slug":"laurent-mignard-duke-orchestra-le-26-octobre-au-bal-blomet-avec-harlem-nutcracker","status":"publish","type":"post","link":"https:\/\/www.grandsformats.com\/en\/2023\/10\/laurent-mignard-duke-orchestra-le-26-octobre-au-bal-blomet-avec-harlem-nutcracker\/","title":{"rendered":"Laurent Mignard Duke Orchestra le 26 octobre au Bal Blomet  avec \u00ab Harlem Nutcracker \u00bb"},"content":{"rendered":"<p>Apr\u00e8s les succ\u00e8s <em>Duke Ladies<\/em> au Th\u00e9\u00e2tre du Ch\u00e2telet et de <em>Boola<\/em> au Bal Blomet, le Duke Orchestra dirig\u00e9 par Laurent Mignard pr\u00e9sente la <em>Nutcracker Suite<\/em>, un parcours jubilatoire au c\u0153ur de l\u2019\u0153uvre de Tcha\u00efkovski, orchestr\u00e9e par Duke Ellington et Billy Strayhorn. En prolongement, quelques chefs-d\u2019\u0153uvre d\u00e9di\u00e9s \u00e0 Harlem en t\u00e9moignage de l\u2019incroyable cr\u00e9ativit\u00e9 du Duke.<\/p>\n<p><strong><span class=\"\">\u00ab Harlem Nutcracker \u00bb\u00a0 le 26 octobre au Bal Blomet <\/span><span class=\"\">\/ 20h \u00e0 21h30<\/span><\/strong><\/p>\n<p><span style=\"color: #999999;\">\u00a9 Pascal Bouclier<\/span><\/p>\n","protected":false},"excerpt":{"rendered":"<p>Apr\u00e8s les succ\u00e8s Duke Ladies au Th\u00e9\u00e2tre du Ch\u00e2telet et de Boola au Bal Blomet, le Duke Orchestra dirig\u00e9 par Laurent Mignard pr\u00e9sente la Nutcracker Suite, un parcours jubilatoire au c\u0153ur de l\u2019\u0153uvre de Tcha\u00efkovski, orchestr\u00e9e par Duke Ellington et Billy Strayhorn. En prolongement, quelques chefs-d\u2019\u0153uvre d\u00e9di\u00e9s \u00e0 Harlem en t\u00e9moignage de l\u2019incroyable cr\u00e9ativit\u00e9 du&#8230;<\/p>\n<p><a rel=\"bookmark\" class=\"theme-button-text wvc-button wvc-button-size-xs\" href=\"https:\/\/www.grandsformats.com\/en\/2023\/10\/laurent-mignard-duke-orchestra-le-26-octobre-au-bal-blomet-avec-harlem-nutcracker\/\"><small class=\"wvc-button-background-fill\"><\/small><span>Continue reading<\/span><\/a><\/p>\n","protected":false},"author":161,"featured_media":27126,"comment_status":"open","ping_status":"open","sticky":false,"template":"","format":"standard","meta":{"_acf_changed":false,"footnotes":""},"categories":[95,728],"tags":[],"class_list":["post-27125","post","type-post","status-publish","format-standard","has-post-thumbnail","hentry","category-membres","category-laurent-mignard-duke-orchestra","entry-post-skin-light","entry","clearfix","entry-grid","entry-columns-default","entry-post-module-layout-sidebar-right","thumbnail-color-tone-dark","metro-landscape","entry-post","entry-masonry","entry-post-masonry"],"acf":[],"yoast_head":"<!-- This site is optimized with the Yoast SEO plugin v25.8 - https:\/\/yoast.com\/wordpress\/plugins\/seo\/ -->\n<title>Laurent Mignard Duke Orchestra le 26 octobre au Bal Blomet avec \u00ab Harlem Nutcracker \u00bb - Site officiel de la f\u00e9d\u00e9ration Grands Formats<\/title>\n<meta name=\"description\" content=\"Apr\u00e8s les succ\u00e8s \u00ab Duke Ladies \u00bb au th\u00e9\u00e2tre du Ch\u00e2telet et de \u00ab Boola \u00bb au Bal Blomet, le Duke Orchestra dirig\u00e9 par Laurent Mignard...\" \/>\n<meta name=\"robots\" content=\"index, follow, max-snippet:-1, max-image-preview:large, max-video-preview:-1\" \/>\n<link rel=\"canonical\" href=\"https:\/\/www.grandsformats.com\/2023\/10\/laurent-mignard-duke-orchestra-le-26-octobre-au-bal-blomet-avec-harlem-nutcracker\/\" \/>\n<meta property=\"og:locale\" content=\"en_US\" \/>\n<meta property=\"og:type\" content=\"article\" \/>\n<meta property=\"og:title\" content=\"Laurent Mignard Duke Orchestra le 26 octobre au Bal Blomet avec \u00ab Harlem Nutcracker \u00bb - Site officiel de la f\u00e9d\u00e9ration Grands Formats\" \/>\n<meta property=\"og:description\" content=\"Apr\u00e8s les succ\u00e8s \u00ab Duke Ladies \u00bb au th\u00e9\u00e2tre du Ch\u00e2telet et de \u00ab Boola \u00bb au Bal Blomet, le Duke Orchestra dirig\u00e9 par Laurent Mignard...\" \/>\n<meta property=\"og:url\" content=\"https:\/\/www.grandsformats.com\/2023\/10\/laurent-mignard-duke-orchestra-le-26-octobre-au-bal-blomet-avec-harlem-nutcracker\/\" \/>\n<meta property=\"og:site_name\" content=\"Site officiel de la f\u00e9d\u00e9ration Grands Formats\" \/>\n<meta property=\"article:publisher\" content=\"https:\/\/www.facebook.com\/grandsformats\/\" \/>\n<meta property=\"article:published_time\" content=\"2023-10-06T13:08:52+00:00\" \/>\n<meta property=\"og:image\" content=\"https:\/\/www.grandsformats.com\/wp-content\/uploads\/2023\/10\/169LMDO_DUKE_LAURENT\u00a9Pascal-Bouclier-.jpg\" \/>\n\t<meta property=\"og:image:width\" content=\"1922\" \/>\n\t<meta property=\"og:image:height\" content=\"1080\" \/>\n\t<meta property=\"og:image:type\" content=\"image\/jpeg\" \/>\n<meta name=\"author\" content=\"Laura Hanequand - Grands Formats\" \/>\n<meta name=\"twitter:card\" content=\"summary_large_image\" \/>\n<meta name=\"twitter:creator\" content=\"@GrandsFormatsGF\" \/>\n<meta name=\"twitter:site\" content=\"@GrandsFormatsGF\" \/>\n<meta name=\"twitter:label1\" content=\"Written by\" \/>\n\t<meta name=\"twitter:data1\" content=\"Laura Hanequand - Grands Formats\" \/>\n\t<meta name=\"twitter:label2\" content=\"Est. reading time\" \/>\n\t<meta name=\"twitter:data2\" content=\"1 minute\" \/>\n<script type=\"application\/ld+json\" class=\"yoast-schema-graph\">{\"@context\":\"https:\/\/schema.org\",\"@graph\":[{\"@type\":\"Article\",\"@id\":\"https:\/\/www.grandsformats.com\/2023\/10\/laurent-mignard-duke-orchestra-le-26-octobre-au-bal-blomet-avec-harlem-nutcracker\/#article\",\"isPartOf\":{\"@id\":\"https:\/\/www.grandsformats.com\/2023\/10\/laurent-mignard-duke-orchestra-le-26-octobre-au-bal-blomet-avec-harlem-nutcracker\/\"},\"author\":{\"name\":\"Laura Hanequand - Grands Formats\",\"@id\":\"https:\/\/www.grandsformats.com\/#\/schema\/person\/56c2866069b6967b2c7becd25c9b4dbb\"},\"headline\":\"Laurent Mignard Duke Orchestra le 26 octobre au Bal Blomet avec \u00ab Harlem Nutcracker \u00bb\",\"datePublished\":\"2023-10-06T13:08:52+00:00\",\"mainEntityOfPage\":{\"@id\":\"https:\/\/www.grandsformats.com\/2023\/10\/laurent-mignard-duke-orchestra-le-26-octobre-au-bal-blomet-avec-harlem-nutcracker\/\"},\"wordCount\":93,\"commentCount\":0,\"publisher\":{\"@id\":\"https:\/\/www.grandsformats.com\/#organization\"},\"image\":{\"@id\":\"https:\/\/www.grandsformats.com\/2023\/10\/laurent-mignard-duke-orchestra-le-26-octobre-au-bal-blomet-avec-harlem-nutcracker\/#primaryimage\"},\"thumbnailUrl\":\"https:\/\/www.grandsformats.com\/wp-content\/uploads\/2023\/10\/169LMDO_DUKE_LAURENT\u00a9Pascal-Bouclier-.jpg\",\"articleSection\":[\"Actus des membres\",\"Laurent Mignard Duke Orchestra\"],\"inLanguage\":\"en-US\",\"potentialAction\":[{\"@type\":\"CommentAction\",\"name\":\"Comment\",\"target\":[\"https:\/\/www.grandsformats.com\/2023\/10\/laurent-mignard-duke-orchestra-le-26-octobre-au-bal-blomet-avec-harlem-nutcracker\/#respond\"]}]},{\"@type\":\"WebPage\",\"@id\":\"https:\/\/www.grandsformats.com\/2023\/10\/laurent-mignard-duke-orchestra-le-26-octobre-au-bal-blomet-avec-harlem-nutcracker\/\",\"url\":\"https:\/\/www.grandsformats.com\/2023\/10\/laurent-mignard-duke-orchestra-le-26-octobre-au-bal-blomet-avec-harlem-nutcracker\/\",\"name\":\"Laurent Mignard Duke Orchestra le 26 octobre au Bal Blomet avec \u00ab Harlem Nutcracker \u00bb - Site officiel de la f\u00e9d\u00e9ration Grands Formats\",\"isPartOf\":{\"@id\":\"https:\/\/www.grandsformats.com\/#website\"},\"primaryImageOfPage\":{\"@id\":\"https:\/\/www.grandsformats.com\/2023\/10\/laurent-mignard-duke-orchestra-le-26-octobre-au-bal-blomet-avec-harlem-nutcracker\/#primaryimage\"},\"image\":{\"@id\":\"https:\/\/www.grandsformats.com\/2023\/10\/laurent-mignard-duke-orchestra-le-26-octobre-au-bal-blomet-avec-harlem-nutcracker\/#primaryimage\"},\"thumbnailUrl\":\"https:\/\/www.grandsformats.com\/wp-content\/uploads\/2023\/10\/169LMDO_DUKE_LAURENT\u00a9Pascal-Bouclier-.jpg\",\"datePublished\":\"2023-10-06T13:08:52+00:00\",\"description\":\"Apr\u00e8s les succ\u00e8s \u00ab Duke Ladies \u00bb au th\u00e9\u00e2tre du Ch\u00e2telet et de \u00ab Boola \u00bb au Bal Blomet, le Duke Orchestra dirig\u00e9 par Laurent Mignard...\",\"breadcrumb\":{\"@id\":\"https:\/\/www.grandsformats.com\/2023\/10\/laurent-mignard-duke-orchestra-le-26-octobre-au-bal-blomet-avec-harlem-nutcracker\/#breadcrumb\"},\"inLanguage\":\"en-US\",\"potentialAction\":[{\"@type\":\"ReadAction\",\"target\":[\"https:\/\/www.grandsformats.com\/2023\/10\/laurent-mignard-duke-orchestra-le-26-octobre-au-bal-blomet-avec-harlem-nutcracker\/\"]}]},{\"@type\":\"ImageObject\",\"inLanguage\":\"en-US\",\"@id\":\"https:\/\/www.grandsformats.com\/2023\/10\/laurent-mignard-duke-orchestra-le-26-octobre-au-bal-blomet-avec-harlem-nutcracker\/#primaryimage\",\"url\":\"https:\/\/www.grandsformats.com\/wp-content\/uploads\/2023\/10\/169LMDO_DUKE_LAURENT\u00a9Pascal-Bouclier-.jpg\",\"contentUrl\":\"https:\/\/www.grandsformats.com\/wp-content\/uploads\/2023\/10\/169LMDO_DUKE_LAURENT\u00a9Pascal-Bouclier-.jpg\",\"width\":1922,\"height\":1080,\"caption\":\"Laurent Mignard Duke Orchestra \u00a9 Pascal Bouclier\"},{\"@type\":\"BreadcrumbList\",\"@id\":\"https:\/\/www.grandsformats.com\/2023\/10\/laurent-mignard-duke-orchestra-le-26-octobre-au-bal-blomet-avec-harlem-nutcracker\/#breadcrumb\",\"itemListElement\":[{\"@type\":\"ListItem\",\"position\":1,\"name\":\"Accueil\",\"item\":\"https:\/\/www.grandsformats.com\/en\/\"},{\"@type\":\"ListItem\",\"position\":2,\"name\":\"Laurent Mignard Duke Orchestra le 26 octobre au Bal Blomet avec \u00ab Harlem Nutcracker \u00bb\"}]},{\"@type\":\"WebSite\",\"@id\":\"https:\/\/www.grandsformats.com\/#website\",\"url\":\"https:\/\/www.grandsformats.com\/\",\"name\":\"Site officiel de la f\u00e9d\u00e9ration Grands Formats\",\"description\":\"F\u00e9d\u00e9ration d&#039;artistes pour la musique en grand !\",\"publisher\":{\"@id\":\"https:\/\/www.grandsformats.com\/#organization\"},\"potentialAction\":[{\"@type\":\"SearchAction\",\"target\":{\"@type\":\"EntryPoint\",\"urlTemplate\":\"https:\/\/www.grandsformats.com\/?s={search_term_string}\"},\"query-input\":{\"@type\":\"PropertyValueSpecification\",\"valueRequired\":true,\"valueName\":\"search_term_string\"}}],\"inLanguage\":\"en-US\"},{\"@type\":\"Organization\",\"@id\":\"https:\/\/www.grandsformats.com\/#organization\",\"name\":\"Grands Formats\",\"url\":\"https:\/\/www.grandsformats.com\/\",\"logo\":{\"@type\":\"ImageObject\",\"inLanguage\":\"en-US\",\"@id\":\"https:\/\/www.grandsformats.com\/#\/schema\/logo\/image\/\",\"url\":\"https:\/\/www.grandsformats.com\/wp-content\/uploads\/2020\/03\/logo-GF-200.png\",\"contentUrl\":\"https:\/\/www.grandsformats.com\/wp-content\/uploads\/2020\/03\/logo-GF-200.png\",\"width\":155,\"height\":200,\"caption\":\"Grands Formats\"},\"image\":{\"@id\":\"https:\/\/www.grandsformats.com\/#\/schema\/logo\/image\/\"},\"sameAs\":[\"https:\/\/www.facebook.com\/grandsformats\/\",\"https:\/\/x.com\/GrandsFormatsGF\",\"https:\/\/www.instagram.com\/grandsformats\/\",\"https:\/\/www.youtube.com\/channel\/UCJ7k9dbqc_DG-nxI3WMPvhw?view_as=subscriberhttps:\/\/www.youtube.com\/channel\/UCJ7k9dbqc_DG-nxI3WMPvhw?view_as=subscriber\"]},{\"@type\":\"Person\",\"@id\":\"https:\/\/www.grandsformats.com\/#\/schema\/person\/56c2866069b6967b2c7becd25c9b4dbb\",\"name\":\"Laura Hanequand - Grands Formats\",\"image\":{\"@type\":\"ImageObject\",\"inLanguage\":\"en-US\",\"@id\":\"https:\/\/www.grandsformats.com\/#\/schema\/person\/image\/\",\"url\":\"https:\/\/secure.gravatar.com\/avatar\/6d52edecb86835c2b7e81a2cdb8965ae325b4045b44f9043177428c622c06643?s=96&d=mm&r=g\",\"contentUrl\":\"https:\/\/secure.gravatar.com\/avatar\/6d52edecb86835c2b7e81a2cdb8965ae325b4045b44f9043177428c622c06643?s=96&d=mm&r=g\",\"caption\":\"Laura Hanequand - Grands Formats\"},\"url\":\"https:\/\/www.grandsformats.com\/en\/author\/lauragrandsformats-com\/\"}]}<\/script>\n<!-- \/ Yoast SEO plugin. -->","yoast_head_json":{"title":"Laurent Mignard Duke Orchestra le 26 octobre au Bal Blomet avec \u00ab Harlem Nutcracker \u00bb - Site officiel de la f\u00e9d\u00e9ration Grands Formats","description":"Apr\u00e8s les succ\u00e8s \u00ab Duke Ladies \u00bb au th\u00e9\u00e2tre du Ch\u00e2telet et de \u00ab Boola \u00bb au Bal Blomet, le Duke Orchestra dirig\u00e9 par Laurent Mignard...","robots":{"index":"index","follow":"follow","max-snippet":"max-snippet:-1","max-image-preview":"max-image-preview:large","max-video-preview":"max-video-preview:-1"},"canonical":"https:\/\/www.grandsformats.com\/2023\/10\/laurent-mignard-duke-orchestra-le-26-octobre-au-bal-blomet-avec-harlem-nutcracker\/","og_locale":"en_US","og_type":"article","og_title":"Laurent Mignard Duke Orchestra le 26 octobre au Bal Blomet avec \u00ab Harlem Nutcracker \u00bb - Site officiel de la f\u00e9d\u00e9ration Grands Formats","og_description":"Apr\u00e8s les succ\u00e8s \u00ab Duke Ladies \u00bb au th\u00e9\u00e2tre du Ch\u00e2telet et de \u00ab Boola \u00bb au Bal Blomet, le Duke Orchestra dirig\u00e9 par Laurent Mignard...","og_url":"https:\/\/www.grandsformats.com\/2023\/10\/laurent-mignard-duke-orchestra-le-26-octobre-au-bal-blomet-avec-harlem-nutcracker\/","og_site_name":"Site officiel de la f\u00e9d\u00e9ration Grands Formats","article_publisher":"https:\/\/www.facebook.com\/grandsformats\/","article_published_time":"2023-10-06T13:08:52+00:00","og_image":[{"width":1922,"height":1080,"url":"https:\/\/www.grandsformats.com\/wp-content\/uploads\/2023\/10\/169LMDO_DUKE_LAURENT\u00a9Pascal-Bouclier-.jpg","type":"image\/jpeg"}],"author":"Laura Hanequand - Grands Formats","twitter_card":"summary_large_image","twitter_creator":"@GrandsFormatsGF","twitter_site":"@GrandsFormatsGF","twitter_misc":{"Written by":"Laura Hanequand - Grands Formats","Est. reading time":"1 minute"},"schema":{"@context":"https:\/\/schema.org","@graph":[{"@type":"Article","@id":"https:\/\/www.grandsformats.com\/2023\/10\/laurent-mignard-duke-orchestra-le-26-octobre-au-bal-blomet-avec-harlem-nutcracker\/#article","isPartOf":{"@id":"https:\/\/www.grandsformats.com\/2023\/10\/laurent-mignard-duke-orchestra-le-26-octobre-au-bal-blomet-avec-harlem-nutcracker\/"},"author":{"name":"Laura Hanequand - Grands Formats","@id":"https:\/\/www.grandsformats.com\/#\/schema\/person\/56c2866069b6967b2c7becd25c9b4dbb"},"headline":"Laurent Mignard Duke Orchestra le 26 octobre au Bal Blomet avec \u00ab Harlem Nutcracker \u00bb","datePublished":"2023-10-06T13:08:52+00:00","mainEntityOfPage":{"@id":"https:\/\/www.grandsformats.com\/2023\/10\/laurent-mignard-duke-orchestra-le-26-octobre-au-bal-blomet-avec-harlem-nutcracker\/"},"wordCount":93,"commentCount":0,"publisher":{"@id":"https:\/\/www.grandsformats.com\/#organization"},"image":{"@id":"https:\/\/www.grandsformats.com\/2023\/10\/laurent-mignard-duke-orchestra-le-26-octobre-au-bal-blomet-avec-harlem-nutcracker\/#primaryimage"},"thumbnailUrl":"https:\/\/www.grandsformats.com\/wp-content\/uploads\/2023\/10\/169LMDO_DUKE_LAURENT\u00a9Pascal-Bouclier-.jpg","articleSection":["Actus des membres","Laurent Mignard Duke Orchestra"],"inLanguage":"en-US","potentialAction":[{"@type":"CommentAction","name":"Comment","target":["https:\/\/www.grandsformats.com\/2023\/10\/laurent-mignard-duke-orchestra-le-26-octobre-au-bal-blomet-avec-harlem-nutcracker\/#respond"]}]},{"@type":"WebPage","@id":"https:\/\/www.grandsformats.com\/2023\/10\/laurent-mignard-duke-orchestra-le-26-octobre-au-bal-blomet-avec-harlem-nutcracker\/","url":"https:\/\/www.grandsformats.com\/2023\/10\/laurent-mignard-duke-orchestra-le-26-octobre-au-bal-blomet-avec-harlem-nutcracker\/","name":"Laurent Mignard Duke Orchestra le 26 octobre au Bal Blomet avec \u00ab Harlem Nutcracker \u00bb - Site officiel de la f\u00e9d\u00e9ration Grands Formats","isPartOf":{"@id":"https:\/\/www.grandsformats.com\/#website"},"primaryImageOfPage":{"@id":"https:\/\/www.grandsformats.com\/2023\/10\/laurent-mignard-duke-orchestra-le-26-octobre-au-bal-blomet-avec-harlem-nutcracker\/#primaryimage"},"image":{"@id":"https:\/\/www.grandsformats.com\/2023\/10\/laurent-mignard-duke-orchestra-le-26-octobre-au-bal-blomet-avec-harlem-nutcracker\/#primaryimage"},"thumbnailUrl":"https:\/\/www.grandsformats.com\/wp-content\/uploads\/2023\/10\/169LMDO_DUKE_LAURENT\u00a9Pascal-Bouclier-.jpg","datePublished":"2023-10-06T13:08:52+00:00","description":"Apr\u00e8s les succ\u00e8s \u00ab Duke Ladies \u00bb au th\u00e9\u00e2tre du Ch\u00e2telet et de \u00ab Boola \u00bb au Bal Blomet, le Duke Orchestra dirig\u00e9 par Laurent Mignard...","breadcrumb":{"@id":"https:\/\/www.grandsformats.com\/2023\/10\/laurent-mignard-duke-orchestra-le-26-octobre-au-bal-blomet-avec-harlem-nutcracker\/#breadcrumb"},"inLanguage":"en-US","potentialAction":[{"@type":"ReadAction","target":["https:\/\/www.grandsformats.com\/2023\/10\/laurent-mignard-duke-orchestra-le-26-octobre-au-bal-blomet-avec-harlem-nutcracker\/"]}]},{"@type":"ImageObject","inLanguage":"en-US","@id":"https:\/\/www.grandsformats.com\/2023\/10\/laurent-mignard-duke-orchestra-le-26-octobre-au-bal-blomet-avec-harlem-nutcracker\/#primaryimage","url":"https:\/\/www.grandsformats.com\/wp-content\/uploads\/2023\/10\/169LMDO_DUKE_LAURENT\u00a9Pascal-Bouclier-.jpg","contentUrl":"https:\/\/www.grandsformats.com\/wp-content\/uploads\/2023\/10\/169LMDO_DUKE_LAURENT\u00a9Pascal-Bouclier-.jpg","width":1922,"height":1080,"caption":"Laurent Mignard Duke Orchestra \u00a9 Pascal Bouclier"},{"@type":"BreadcrumbList","@id":"https:\/\/www.grandsformats.com\/2023\/10\/laurent-mignard-duke-orchestra-le-26-octobre-au-bal-blomet-avec-harlem-nutcracker\/#breadcrumb","itemListElement":[{"@type":"ListItem","position":1,"name":"Accueil","item":"https:\/\/www.grandsformats.com\/en\/"},{"@type":"ListItem","position":2,"name":"Laurent Mignard Duke Orchestra le 26 octobre au Bal Blomet avec \u00ab Harlem Nutcracker \u00bb"}]},{"@type":"WebSite","@id":"https:\/\/www.grandsformats.com\/#website","url":"https:\/\/www.grandsformats.com\/","name":"Site officiel de la f\u00e9d\u00e9ration Grands Formats","description":"F\u00e9d\u00e9ration d&#039;artistes pour la musique en grand !","publisher":{"@id":"https:\/\/www.grandsformats.com\/#organization"},"potentialAction":[{"@type":"SearchAction","target":{"@type":"EntryPoint","urlTemplate":"https:\/\/www.grandsformats.com\/?s={search_term_string}"},"query-input":{"@type":"PropertyValueSpecification","valueRequired":true,"valueName":"search_term_string"}}],"inLanguage":"en-US"},{"@type":"Organization","@id":"https:\/\/www.grandsformats.com\/#organization","name":"Grands Formats","url":"https:\/\/www.grandsformats.com\/","logo":{"@type":"ImageObject","inLanguage":"en-US","@id":"https:\/\/www.grandsformats.com\/#\/schema\/logo\/image\/","url":"https:\/\/www.grandsformats.com\/wp-content\/uploads\/2020\/03\/logo-GF-200.png","contentUrl":"https:\/\/www.grandsformats.com\/wp-content\/uploads\/2020\/03\/logo-GF-200.png","width":155,"height":200,"caption":"Grands Formats"},"image":{"@id":"https:\/\/www.grandsformats.com\/#\/schema\/logo\/image\/"},"sameAs":["https:\/\/www.facebook.com\/grandsformats\/","https:\/\/x.com\/GrandsFormatsGF","https:\/\/www.instagram.com\/grandsformats\/","https:\/\/www.youtube.com\/channel\/UCJ7k9dbqc_DG-nxI3WMPvhw?view_as=subscriberhttps:\/\/www.youtube.com\/channel\/UCJ7k9dbqc_DG-nxI3WMPvhw?view_as=subscriber"]},{"@type":"Person","@id":"https:\/\/www.grandsformats.com\/#\/schema\/person\/56c2866069b6967b2c7becd25c9b4dbb","name":"Laura Hanequand - Grands Formats","image":{"@type":"ImageObject","inLanguage":"en-US","@id":"https:\/\/www.grandsformats.com\/#\/schema\/person\/image\/","url":"https:\/\/secure.gravatar.com\/avatar\/6d52edecb86835c2b7e81a2cdb8965ae325b4045b44f9043177428c622c06643?s=96&d=mm&r=g","contentUrl":"https:\/\/secure.gravatar.com\/avatar\/6d52edecb86835c2b7e81a2cdb8965ae325b4045b44f9043177428c622c06643?s=96&d=mm&r=g","caption":"Laura Hanequand - Grands Formats"},"url":"https:\/\/www.grandsformats.com\/en\/author\/lauragrandsformats-com\/"}]}},"_links":{"self":[{"href":"https:\/\/www.grandsformats.com\/en\/wp-json\/wp\/v2\/posts\/27125","targetHints":{"allow":["GET"]}}],"collection":[{"href":"https:\/\/www.grandsformats.com\/en\/wp-json\/wp\/v2\/posts"}],"about":[{"href":"https:\/\/www.grandsformats.com\/en\/wp-json\/wp\/v2\/types\/post"}],"author":[{"embeddable":true,"href":"https:\/\/www.grandsformats.com\/en\/wp-json\/wp\/v2\/users\/161"}],"replies":[{"embeddable":true,"href":"https:\/\/www.grandsformats.com\/en\/wp-json\/wp\/v2\/comments?post=27125"}],"version-history":[{"count":0,"href":"https:\/\/www.grandsformats.com\/en\/wp-json\/wp\/v2\/posts\/27125\/revisions"}],"wp:featuredmedia":[{"embeddable":true,"href":"https:\/\/www.grandsformats.com\/en\/wp-json\/wp\/v2\/media\/27126"}],"wp:attachment":[{"href":"https:\/\/www.grandsformats.com\/en\/wp-json\/wp\/v2\/media?parent=27125"}],"wp:term":[{"taxonomy":"category","embeddable":true,"href":"https:\/\/www.grandsformats.com\/en\/wp-json\/wp\/v2\/categories?post=27125"},{"taxonomy":"post_tag","embeddable":true,"href":"https:\/\/www.grandsformats.com\/en\/wp-json\/wp\/v2\/tags?post=27125"}],"curies":[{"name":"wp","href":"https:\/\/api.w.org\/{rel}","templated":true}]}}