{"id":26963,"date":"2023-09-26T11:34:29","date_gmt":"2023-09-26T09:34:29","guid":{"rendered":"https:\/\/www.grandsformats.com\/?p=26963"},"modified":"2023-09-26T11:34:29","modified_gmt":"2023-09-26T09:34:29","slug":"arviva-formation-des-dirigeant%c2%b7e%c2%b7s-de-structures-du-spectacle-vivant-a-la-transformation-ecologique","status":"publish","type":"post","link":"https:\/\/www.grandsformats.com\/en\/2023\/09\/arviva-formation-des-dirigeant%c2%b7e%c2%b7s-de-structures-du-spectacle-vivant-a-la-transformation-ecologique\/","title":{"rendered":"ARVIVA : Formation des dirigeant\u00b7e\u00b7s de structures du spectacle vivant \u00e0 la transformation \u00e9cologique"},"content":{"rendered":"<p style=\"text-align: center;\"><strong>Formation des dirigeant\u00b7e\u00b7s de structures du spectacle vivant \u00e0 la transformation \u00e9cologique :<br \/>\n16 organisations professionnelles proposent 28 sessions de formation entre octobre et d\u00e9cembre 2023<\/strong><\/p>\n<p style=\"text-align: left;\">En janvier 2023, plusieurs r\u00e9seaux et organisations professionnelles d&#8217;employeurs repr\u00e9sentant pr\u00e8s de 4000 structures publiques et priv\u00e9es du spectacle vivant se sont engag\u00e9es \u00e0 une <strong>coop\u00e9ration<\/strong> durable et \u00e0 d\u00e9ployer d\u00e8s cette fin d\u2019ann\u00e9e une <strong>formation sur la transformation \u00e9cologique<\/strong> \u00e0 destination de leurs adh\u00e9rent\u00b7e\u00b7s.<\/p>\n<p>Afin d\u2019infuser l\u2019ensemble des structures et leur strat\u00e9gie, le premier jalon sera d\u2019outiller les directions pour qu\u2019elles puissent poser les bases d\u2019une d\u00e9marche ambitieuse de transformation.<\/p>\n<p>La coordination d\u2019une premi\u00e8re formation s\u2019adressant directement aux <strong>directions des structures du spectacle<\/strong> sur tout le territoire m\u00e9tropolitain a \u00e9t\u00e9 confi\u00e9e \u00e0 ARVIVA, qui a fait appel \u00e0 Cyril Delfosse (<a href=\"https:\/\/bureaudesacclimatations.wordpress.com\/\">Le Bureau des Acclimatations<\/a>) pour en concevoir le contenu.<\/p>\n<p>Afin de garantir une formation adapt\u00e9e aux r\u00e9alit\u00e9s des structures concern\u00e9es, chaque \u00e9tape de la cr\u00e9ation (cahier des charges, contenu, strat\u00e9gie de d\u00e9ploiement) a \u00e9t\u00e9 pens\u00e9e avec les organisations impliqu\u00e9es et valid\u00e9e par celles-ci. La conception comme la diffusion de cette formation, in\u00e9dite \u00e0 si grande \u00e9chelle, illustre bien le choix d\u2019une <strong>logique de coop\u00e9ration<\/strong>. Les sessions de formation se d\u00e9rouleront dans des lieux membres des diff\u00e9rents r\u00e9seaux, f\u00e9d\u00e9rations et syndicats et seront assur\u00e9es par des formateur\u00b7rice\u00b7s issu\u00b7e\u00b7s d\u2019un appel \u00e0 manifestation d\u2019int\u00e9r\u00eat \u00e0 \u00e9chelle nationale.<\/p>\n<p>Cette coop\u00e9ration inter-organisations a permis d\u2019\u00e9tablir <strong>un calendrier ambitieux<\/strong>. Une premi\u00e8re phase de d\u00e9ploiement se tiendra \u00e0 l\u2019automne 2023, avec <strong>2 sessions organis\u00e9es<\/strong> <strong>dans chacune des 13 r\u00e9gions de France m\u00e9tropolitaine<\/strong>. Chaque session pourra r\u00e9unir jusqu\u2019\u00e0 30 personnes.<\/p>\n<p>Cette premi\u00e8re phase est <strong>un pr\u00e9ambule \u00e0 un plus grand d\u00e9ploiement<\/strong>, pr\u00e9vu au d\u00e9but de l\u2019ann\u00e9e 2024, avec pour objectif pour les organisations professionnelles d\u2019avoir form\u00e9 l\u2019ensemble des directions de leurs structures adh\u00e9rentes d\u2019ici au milieu de l\u2019ann\u00e9e 2024.<\/p>\n<p>En parall\u00e8le de la concr\u00e9tisation de cet engagement, les organisations membres d\u2019ARVIVA poursuivent la r\u00e9daction d\u2019une feuille de route commune en faveur d\u2019une transformation syst\u00e9mique du secteur, qui sera rendue publique d\u00e9but 2024.<\/p>\n<p>\u2794 <a href=\"https:\/\/nuage.arviva.org\/index.php\/s\/TpGjeK5mfPNj7rT\">Lien vers le programme de la formation<\/a><br \/>\n\u2794 <a href=\"https:\/\/arviva.org\/formation-des-dirigeant-e-s-ecologie-et-spectacle\">Lien vers le site internet et le formulaire d\u2019inscription<\/a><\/p>\n<p>Liste des signataires :<br \/>\n&#8211; <strong>ARVIVA<\/strong> &#8211; Arts vivants, arts durables<br \/>\n&#8211; <strong>CAMULC<\/strong> &#8211; Syndicat national des Cabarets, Music-halls et Lieux de Cr\u00e9ation<br \/>\n&#8211; <strong>FEDELIMA<\/strong> &#8211; F\u00e9d\u00e9ration des Lieux de Musiques Actuelles<br \/>\n&#8211; <strong>FEVIS<\/strong> &#8211; F\u00e9d\u00e9ration des Ensembles Vocaux et Instrumentaux Sp\u00e9cialis\u00e9s<br \/>\n&#8211; <strong>FNAR<\/strong> &#8211; F\u00e9d\u00e9ration Nationale des Arts de la Rue<br \/>\n&#8211; <strong>France Festivals<\/strong><br \/>\n&#8211; <strong>Futurs Compos\u00e9s<\/strong> &#8211; R\u00e9seau national de la cr\u00e9ation artistique<br \/>\n&#8211; <strong>Grands Formats <\/strong>&#8211; F\u00e9d\u00e9ration des grands ensembles et des collectifs de jazz et de musiques improvis\u00e9es<br \/>\n&#8211; <strong>PRODISS<\/strong> &#8211; Syndicat National du Spectacle Musical et de Vari\u00e9t\u00e9s<br \/>\n&#8211; <strong>PROFEDIM<\/strong> &#8211; Syndicat Professionnel des Producteurs, Festivals, Ensembles, Diffuseurs Ind\u00e9pendants de Musique<br \/>\n&#8211; <strong>La Sc\u00e8ne Ind\u00e9pendante<\/strong> \u2013 Syndicat National des Entrepreneurs de Spectacles<br \/>\n&#8211; <strong>SC\u00c8NES<\/strong> &#8211; F\u00e9d\u00e9ration de la cr\u00e9ation artistique priv\u00e9e, th\u00e9\u00e2tre, cabarets, producteurs, diffuseurs et lieux de spectacles<br \/>\n&#8211; <strong>SMA<\/strong> &#8211; Syndicat des Musiques Actuelles<br \/>\n&#8211; <strong>SNDTP<\/strong> &#8211; Syndicat National du Th\u00e9\u00e2tre Priv\u00e9<br \/>\n&#8211; <strong>SNSP<\/strong> &#8211; Syndicat National des Sc\u00e8nes Publiques<br \/>\n&#8211; <strong>SYNAVI<\/strong> &#8211; Syndicat National des Arts Vivants<\/p>\n<p style=\"text-align: center;\"><a href=\"https:\/\/www.grandsformats.com\/wp-content\/uploads\/2023\/09\/CP-Lancement-formation-transition-e\u0301cologique-pour-directions-de-structures-du-spectacle-vivant.pdf\">T\u00e9l\u00e9charger le communiqu\u00e9 de presse<\/a><\/p>\n","protected":false},"excerpt":{"rendered":"<p>Formation des dirigeant\u00b7e\u00b7s de structures du spectacle vivant \u00e0 la transformation \u00e9cologique : 16 organisations professionnelles proposent 28 sessions de formation entre octobre et d\u00e9cembre 2023 En janvier 2023, plusieurs r\u00e9seaux et organisations professionnelles d&#8217;employeurs repr\u00e9sentant pr\u00e8s de 4000 structures publiques et priv\u00e9es du spectacle vivant se sont engag\u00e9es \u00e0 une coop\u00e9ration durable et \u00e0&#8230;<\/p>\n<p><a rel=\"bookmark\" class=\"theme-button-text wvc-button wvc-button-size-xs\" href=\"https:\/\/www.grandsformats.com\/en\/2023\/09\/arviva-formation-des-dirigeant%c2%b7e%c2%b7s-de-structures-du-spectacle-vivant-a-la-transformation-ecologique\/\"><small class=\"wvc-button-background-fill\"><\/small><span>Continue reading<\/span><\/a><\/p>\n","protected":false},"author":161,"featured_media":26966,"comment_status":"open","ping_status":"open","sticky":false,"template":"","format":"standard","meta":{"_acf_changed":false,"footnotes":""},"categories":[90],"tags":[],"class_list":["post-26963","post","type-post","status-publish","format-standard","has-post-thumbnail","hentry","category-grands-formats","entry-post-skin-light","entry","clearfix","entry-grid","entry-columns-default","entry-post-module-layout-sidebar-right","thumbnail-color-tone-light","metro-landscape","entry-post","entry-masonry","entry-post-masonry"],"acf":[],"yoast_head":"<!-- This site is optimized with the Yoast SEO plugin v25.8 - https:\/\/yoast.com\/wordpress\/plugins\/seo\/ -->\n<title>ARVIVA : Formation des dirigeant\u00b7e\u00b7s de structures du spectacle vivant \u00e0 la transformation \u00e9cologique - Site officiel de la f\u00e9d\u00e9ration Grands Formats<\/title>\n<meta name=\"robots\" content=\"index, follow, max-snippet:-1, max-image-preview:large, max-video-preview:-1\" \/>\n<link rel=\"canonical\" href=\"https:\/\/www.grandsformats.com\/2023\/09\/arviva-formation-des-dirigeant\u00b7e\u00b7s-de-structures-du-spectacle-vivant-a-la-transformation-ecologique\/\" \/>\n<meta property=\"og:locale\" content=\"en_US\" \/>\n<meta property=\"og:type\" content=\"article\" \/>\n<meta property=\"og:title\" content=\"ARVIVA : Formation des dirigeant\u00b7e\u00b7s de structures du spectacle vivant \u00e0 la transformation \u00e9cologique - Site officiel de la f\u00e9d\u00e9ration Grands Formats\" \/>\n<meta property=\"og:description\" content=\"Formation des dirigeant\u00b7e\u00b7s de structures du spectacle vivant \u00e0 la transformation \u00e9cologique : 16 organisations professionnelles proposent 28 sessions de formation entre octobre et d\u00e9cembre 2023 En janvier 2023, plusieurs r\u00e9seaux et organisations professionnelles d&#8217;employeurs repr\u00e9sentant pr\u00e8s de 4000 structures publiques et priv\u00e9es du spectacle vivant se sont engag\u00e9es \u00e0 une coop\u00e9ration durable et \u00e0...Continue reading\" \/>\n<meta property=\"og:url\" content=\"https:\/\/www.grandsformats.com\/2023\/09\/arviva-formation-des-dirigeant\u00b7e\u00b7s-de-structures-du-spectacle-vivant-a-la-transformation-ecologique\/\" \/>\n<meta property=\"og:site_name\" content=\"Site officiel de la f\u00e9d\u00e9ration Grands Formats\" \/>\n<meta property=\"article:publisher\" content=\"https:\/\/www.facebook.com\/grandsformats\/\" \/>\n<meta property=\"article:published_time\" content=\"2023-09-26T09:34:29+00:00\" \/>\n<meta property=\"og:image\" content=\"https:\/\/www.grandsformats.com\/wp-content\/uploads\/2023\/09\/ARVIVA_FORMATIONS.jpg\" \/>\n\t<meta property=\"og:image:width\" content=\"1920\" \/>\n\t<meta property=\"og:image:height\" content=\"1080\" \/>\n\t<meta property=\"og:image:type\" content=\"image\/jpeg\" \/>\n<meta name=\"author\" content=\"Laura Hanequand - Grands Formats\" \/>\n<meta name=\"twitter:card\" content=\"summary_large_image\" \/>\n<meta name=\"twitter:creator\" content=\"@GrandsFormatsGF\" \/>\n<meta name=\"twitter:site\" content=\"@GrandsFormatsGF\" \/>\n<meta name=\"twitter:label1\" content=\"Written by\" \/>\n\t<meta name=\"twitter:data1\" content=\"Laura Hanequand - Grands Formats\" \/>\n\t<meta name=\"twitter:label2\" content=\"Est. reading time\" \/>\n\t<meta name=\"twitter:data2\" content=\"3 minutes\" \/>\n<script type=\"application\/ld+json\" class=\"yoast-schema-graph\">{\"@context\":\"https:\/\/schema.org\",\"@graph\":[{\"@type\":\"Article\",\"@id\":\"https:\/\/www.grandsformats.com\/2023\/09\/arviva-formation-des-dirigeant%c2%b7e%c2%b7s-de-structures-du-spectacle-vivant-a-la-transformation-ecologique\/#article\",\"isPartOf\":{\"@id\":\"https:\/\/www.grandsformats.com\/2023\/09\/arviva-formation-des-dirigeant%c2%b7e%c2%b7s-de-structures-du-spectacle-vivant-a-la-transformation-ecologique\/\"},\"author\":{\"name\":\"Laura Hanequand - Grands Formats\",\"@id\":\"https:\/\/www.grandsformats.com\/#\/schema\/person\/56c2866069b6967b2c7becd25c9b4dbb\"},\"headline\":\"ARVIVA : Formation des dirigeant\u00b7e\u00b7s de structures du spectacle vivant \u00e0 la transformation \u00e9cologique\",\"datePublished\":\"2023-09-26T09:34:29+00:00\",\"mainEntityOfPage\":{\"@id\":\"https:\/\/www.grandsformats.com\/2023\/09\/arviva-formation-des-dirigeant%c2%b7e%c2%b7s-de-structures-du-spectacle-vivant-a-la-transformation-ecologique\/\"},\"wordCount\":623,\"commentCount\":0,\"publisher\":{\"@id\":\"https:\/\/www.grandsformats.com\/#organization\"},\"image\":{\"@id\":\"https:\/\/www.grandsformats.com\/2023\/09\/arviva-formation-des-dirigeant%c2%b7e%c2%b7s-de-structures-du-spectacle-vivant-a-la-transformation-ecologique\/#primaryimage\"},\"thumbnailUrl\":\"https:\/\/www.grandsformats.com\/wp-content\/uploads\/2023\/09\/ARVIVA_FORMATIONS.jpg\",\"articleSection\":[\"Actus de la f\u00e9d\u00e9\"],\"inLanguage\":\"en-US\",\"potentialAction\":[{\"@type\":\"CommentAction\",\"name\":\"Comment\",\"target\":[\"https:\/\/www.grandsformats.com\/2023\/09\/arviva-formation-des-dirigeant%c2%b7e%c2%b7s-de-structures-du-spectacle-vivant-a-la-transformation-ecologique\/#respond\"]}]},{\"@type\":\"WebPage\",\"@id\":\"https:\/\/www.grandsformats.com\/2023\/09\/arviva-formation-des-dirigeant%c2%b7e%c2%b7s-de-structures-du-spectacle-vivant-a-la-transformation-ecologique\/\",\"url\":\"https:\/\/www.grandsformats.com\/2023\/09\/arviva-formation-des-dirigeant%c2%b7e%c2%b7s-de-structures-du-spectacle-vivant-a-la-transformation-ecologique\/\",\"name\":\"ARVIVA : Formation des dirigeant\u00b7e\u00b7s de structures du spectacle vivant \u00e0 la transformation \u00e9cologique - Site officiel de la f\u00e9d\u00e9ration Grands Formats\",\"isPartOf\":{\"@id\":\"https:\/\/www.grandsformats.com\/#website\"},\"primaryImageOfPage\":{\"@id\":\"https:\/\/www.grandsformats.com\/2023\/09\/arviva-formation-des-dirigeant%c2%b7e%c2%b7s-de-structures-du-spectacle-vivant-a-la-transformation-ecologique\/#primaryimage\"},\"image\":{\"@id\":\"https:\/\/www.grandsformats.com\/2023\/09\/arviva-formation-des-dirigeant%c2%b7e%c2%b7s-de-structures-du-spectacle-vivant-a-la-transformation-ecologique\/#primaryimage\"},\"thumbnailUrl\":\"https:\/\/www.grandsformats.com\/wp-content\/uploads\/2023\/09\/ARVIVA_FORMATIONS.jpg\",\"datePublished\":\"2023-09-26T09:34:29+00:00\",\"breadcrumb\":{\"@id\":\"https:\/\/www.grandsformats.com\/2023\/09\/arviva-formation-des-dirigeant%c2%b7e%c2%b7s-de-structures-du-spectacle-vivant-a-la-transformation-ecologique\/#breadcrumb\"},\"inLanguage\":\"en-US\",\"potentialAction\":[{\"@type\":\"ReadAction\",\"target\":[\"https:\/\/www.grandsformats.com\/2023\/09\/arviva-formation-des-dirigeant%c2%b7e%c2%b7s-de-structures-du-spectacle-vivant-a-la-transformation-ecologique\/\"]}]},{\"@type\":\"ImageObject\",\"inLanguage\":\"en-US\",\"@id\":\"https:\/\/www.grandsformats.com\/2023\/09\/arviva-formation-des-dirigeant%c2%b7e%c2%b7s-de-structures-du-spectacle-vivant-a-la-transformation-ecologique\/#primaryimage\",\"url\":\"https:\/\/www.grandsformats.com\/wp-content\/uploads\/2023\/09\/ARVIVA_FORMATIONS.jpg\",\"contentUrl\":\"https:\/\/www.grandsformats.com\/wp-content\/uploads\/2023\/09\/ARVIVA_FORMATIONS.jpg\",\"width\":1920,\"height\":1080,\"caption\":\"ARVIVA formations\"},{\"@type\":\"BreadcrumbList\",\"@id\":\"https:\/\/www.grandsformats.com\/2023\/09\/arviva-formation-des-dirigeant%c2%b7e%c2%b7s-de-structures-du-spectacle-vivant-a-la-transformation-ecologique\/#breadcrumb\",\"itemListElement\":[{\"@type\":\"ListItem\",\"position\":1,\"name\":\"Accueil\",\"item\":\"https:\/\/www.grandsformats.com\/en\/\"},{\"@type\":\"ListItem\",\"position\":2,\"name\":\"ARVIVA : Formation des dirigeant\u00b7e\u00b7s de structures du spectacle vivant \u00e0 la transformation \u00e9cologique\"}]},{\"@type\":\"WebSite\",\"@id\":\"https:\/\/www.grandsformats.com\/#website\",\"url\":\"https:\/\/www.grandsformats.com\/\",\"name\":\"Site officiel de la f\u00e9d\u00e9ration Grands Formats\",\"description\":\"F\u00e9d\u00e9ration d&#039;artistes pour la musique en grand !\",\"publisher\":{\"@id\":\"https:\/\/www.grandsformats.com\/#organization\"},\"potentialAction\":[{\"@type\":\"SearchAction\",\"target\":{\"@type\":\"EntryPoint\",\"urlTemplate\":\"https:\/\/www.grandsformats.com\/?s={search_term_string}\"},\"query-input\":{\"@type\":\"PropertyValueSpecification\",\"valueRequired\":true,\"valueName\":\"search_term_string\"}}],\"inLanguage\":\"en-US\"},{\"@type\":\"Organization\",\"@id\":\"https:\/\/www.grandsformats.com\/#organization\",\"name\":\"Grands Formats\",\"url\":\"https:\/\/www.grandsformats.com\/\",\"logo\":{\"@type\":\"ImageObject\",\"inLanguage\":\"en-US\",\"@id\":\"https:\/\/www.grandsformats.com\/#\/schema\/logo\/image\/\",\"url\":\"https:\/\/www.grandsformats.com\/wp-content\/uploads\/2020\/03\/logo-GF-200.png\",\"contentUrl\":\"https:\/\/www.grandsformats.com\/wp-content\/uploads\/2020\/03\/logo-GF-200.png\",\"width\":155,\"height\":200,\"caption\":\"Grands Formats\"},\"image\":{\"@id\":\"https:\/\/www.grandsformats.com\/#\/schema\/logo\/image\/\"},\"sameAs\":[\"https:\/\/www.facebook.com\/grandsformats\/\",\"https:\/\/x.com\/GrandsFormatsGF\",\"https:\/\/www.instagram.com\/grandsformats\/\",\"https:\/\/www.youtube.com\/channel\/UCJ7k9dbqc_DG-nxI3WMPvhw?view_as=subscriberhttps:\/\/www.youtube.com\/channel\/UCJ7k9dbqc_DG-nxI3WMPvhw?view_as=subscriber\"]},{\"@type\":\"Person\",\"@id\":\"https:\/\/www.grandsformats.com\/#\/schema\/person\/56c2866069b6967b2c7becd25c9b4dbb\",\"name\":\"Laura Hanequand - Grands Formats\",\"image\":{\"@type\":\"ImageObject\",\"inLanguage\":\"en-US\",\"@id\":\"https:\/\/www.grandsformats.com\/#\/schema\/person\/image\/\",\"url\":\"https:\/\/secure.gravatar.com\/avatar\/6d52edecb86835c2b7e81a2cdb8965ae325b4045b44f9043177428c622c06643?s=96&d=mm&r=g\",\"contentUrl\":\"https:\/\/secure.gravatar.com\/avatar\/6d52edecb86835c2b7e81a2cdb8965ae325b4045b44f9043177428c622c06643?s=96&d=mm&r=g\",\"caption\":\"Laura Hanequand - Grands Formats\"},\"url\":\"https:\/\/www.grandsformats.com\/en\/author\/lauragrandsformats-com\/\"}]}<\/script>\n<!-- \/ Yoast SEO plugin. -->","yoast_head_json":{"title":"ARVIVA : Formation des dirigeant\u00b7e\u00b7s de structures du spectacle vivant \u00e0 la transformation \u00e9cologique - Site officiel de la f\u00e9d\u00e9ration Grands Formats","robots":{"index":"index","follow":"follow","max-snippet":"max-snippet:-1","max-image-preview":"max-image-preview:large","max-video-preview":"max-video-preview:-1"},"canonical":"https:\/\/www.grandsformats.com\/2023\/09\/arviva-formation-des-dirigeant\u00b7e\u00b7s-de-structures-du-spectacle-vivant-a-la-transformation-ecologique\/","og_locale":"en_US","og_type":"article","og_title":"ARVIVA : Formation des dirigeant\u00b7e\u00b7s de structures du spectacle vivant \u00e0 la transformation \u00e9cologique - Site officiel de la f\u00e9d\u00e9ration Grands Formats","og_description":"Formation des dirigeant\u00b7e\u00b7s de structures du spectacle vivant \u00e0 la transformation \u00e9cologique : 16 organisations professionnelles proposent 28 sessions de formation entre octobre et d\u00e9cembre 2023 En janvier 2023, plusieurs r\u00e9seaux et organisations professionnelles d&#8217;employeurs repr\u00e9sentant pr\u00e8s de 4000 structures publiques et priv\u00e9es du spectacle vivant se sont engag\u00e9es \u00e0 une coop\u00e9ration durable et \u00e0...Continue reading","og_url":"https:\/\/www.grandsformats.com\/2023\/09\/arviva-formation-des-dirigeant\u00b7e\u00b7s-de-structures-du-spectacle-vivant-a-la-transformation-ecologique\/","og_site_name":"Site officiel de la f\u00e9d\u00e9ration Grands Formats","article_publisher":"https:\/\/www.facebook.com\/grandsformats\/","article_published_time":"2023-09-26T09:34:29+00:00","og_image":[{"width":1920,"height":1080,"url":"https:\/\/www.grandsformats.com\/wp-content\/uploads\/2023\/09\/ARVIVA_FORMATIONS.jpg","type":"image\/jpeg"}],"author":"Laura Hanequand - Grands Formats","twitter_card":"summary_large_image","twitter_creator":"@GrandsFormatsGF","twitter_site":"@GrandsFormatsGF","twitter_misc":{"Written by":"Laura Hanequand - Grands Formats","Est. reading time":"3 minutes"},"schema":{"@context":"https:\/\/schema.org","@graph":[{"@type":"Article","@id":"https:\/\/www.grandsformats.com\/2023\/09\/arviva-formation-des-dirigeant%c2%b7e%c2%b7s-de-structures-du-spectacle-vivant-a-la-transformation-ecologique\/#article","isPartOf":{"@id":"https:\/\/www.grandsformats.com\/2023\/09\/arviva-formation-des-dirigeant%c2%b7e%c2%b7s-de-structures-du-spectacle-vivant-a-la-transformation-ecologique\/"},"author":{"name":"Laura Hanequand - Grands Formats","@id":"https:\/\/www.grandsformats.com\/#\/schema\/person\/56c2866069b6967b2c7becd25c9b4dbb"},"headline":"ARVIVA : Formation des dirigeant\u00b7e\u00b7s de structures du spectacle vivant \u00e0 la transformation \u00e9cologique","datePublished":"2023-09-26T09:34:29+00:00","mainEntityOfPage":{"@id":"https:\/\/www.grandsformats.com\/2023\/09\/arviva-formation-des-dirigeant%c2%b7e%c2%b7s-de-structures-du-spectacle-vivant-a-la-transformation-ecologique\/"},"wordCount":623,"commentCount":0,"publisher":{"@id":"https:\/\/www.grandsformats.com\/#organization"},"image":{"@id":"https:\/\/www.grandsformats.com\/2023\/09\/arviva-formation-des-dirigeant%c2%b7e%c2%b7s-de-structures-du-spectacle-vivant-a-la-transformation-ecologique\/#primaryimage"},"thumbnailUrl":"https:\/\/www.grandsformats.com\/wp-content\/uploads\/2023\/09\/ARVIVA_FORMATIONS.jpg","articleSection":["Actus de la f\u00e9d\u00e9"],"inLanguage":"en-US","potentialAction":[{"@type":"CommentAction","name":"Comment","target":["https:\/\/www.grandsformats.com\/2023\/09\/arviva-formation-des-dirigeant%c2%b7e%c2%b7s-de-structures-du-spectacle-vivant-a-la-transformation-ecologique\/#respond"]}]},{"@type":"WebPage","@id":"https:\/\/www.grandsformats.com\/2023\/09\/arviva-formation-des-dirigeant%c2%b7e%c2%b7s-de-structures-du-spectacle-vivant-a-la-transformation-ecologique\/","url":"https:\/\/www.grandsformats.com\/2023\/09\/arviva-formation-des-dirigeant%c2%b7e%c2%b7s-de-structures-du-spectacle-vivant-a-la-transformation-ecologique\/","name":"ARVIVA : Formation des dirigeant\u00b7e\u00b7s de structures du spectacle vivant \u00e0 la transformation \u00e9cologique - Site officiel de la f\u00e9d\u00e9ration Grands Formats","isPartOf":{"@id":"https:\/\/www.grandsformats.com\/#website"},"primaryImageOfPage":{"@id":"https:\/\/www.grandsformats.com\/2023\/09\/arviva-formation-des-dirigeant%c2%b7e%c2%b7s-de-structures-du-spectacle-vivant-a-la-transformation-ecologique\/#primaryimage"},"image":{"@id":"https:\/\/www.grandsformats.com\/2023\/09\/arviva-formation-des-dirigeant%c2%b7e%c2%b7s-de-structures-du-spectacle-vivant-a-la-transformation-ecologique\/#primaryimage"},"thumbnailUrl":"https:\/\/www.grandsformats.com\/wp-content\/uploads\/2023\/09\/ARVIVA_FORMATIONS.jpg","datePublished":"2023-09-26T09:34:29+00:00","breadcrumb":{"@id":"https:\/\/www.grandsformats.com\/2023\/09\/arviva-formation-des-dirigeant%c2%b7e%c2%b7s-de-structures-du-spectacle-vivant-a-la-transformation-ecologique\/#breadcrumb"},"inLanguage":"en-US","potentialAction":[{"@type":"ReadAction","target":["https:\/\/www.grandsformats.com\/2023\/09\/arviva-formation-des-dirigeant%c2%b7e%c2%b7s-de-structures-du-spectacle-vivant-a-la-transformation-ecologique\/"]}]},{"@type":"ImageObject","inLanguage":"en-US","@id":"https:\/\/www.grandsformats.com\/2023\/09\/arviva-formation-des-dirigeant%c2%b7e%c2%b7s-de-structures-du-spectacle-vivant-a-la-transformation-ecologique\/#primaryimage","url":"https:\/\/www.grandsformats.com\/wp-content\/uploads\/2023\/09\/ARVIVA_FORMATIONS.jpg","contentUrl":"https:\/\/www.grandsformats.com\/wp-content\/uploads\/2023\/09\/ARVIVA_FORMATIONS.jpg","width":1920,"height":1080,"caption":"ARVIVA formations"},{"@type":"BreadcrumbList","@id":"https:\/\/www.grandsformats.com\/2023\/09\/arviva-formation-des-dirigeant%c2%b7e%c2%b7s-de-structures-du-spectacle-vivant-a-la-transformation-ecologique\/#breadcrumb","itemListElement":[{"@type":"ListItem","position":1,"name":"Accueil","item":"https:\/\/www.grandsformats.com\/en\/"},{"@type":"ListItem","position":2,"name":"ARVIVA : Formation des dirigeant\u00b7e\u00b7s de structures du spectacle vivant \u00e0 la transformation \u00e9cologique"}]},{"@type":"WebSite","@id":"https:\/\/www.grandsformats.com\/#website","url":"https:\/\/www.grandsformats.com\/","name":"Site officiel de la f\u00e9d\u00e9ration Grands Formats","description":"F\u00e9d\u00e9ration d&#039;artistes pour la musique en grand !","publisher":{"@id":"https:\/\/www.grandsformats.com\/#organization"},"potentialAction":[{"@type":"SearchAction","target":{"@type":"EntryPoint","urlTemplate":"https:\/\/www.grandsformats.com\/?s={search_term_string}"},"query-input":{"@type":"PropertyValueSpecification","valueRequired":true,"valueName":"search_term_string"}}],"inLanguage":"en-US"},{"@type":"Organization","@id":"https:\/\/www.grandsformats.com\/#organization","name":"Grands Formats","url":"https:\/\/www.grandsformats.com\/","logo":{"@type":"ImageObject","inLanguage":"en-US","@id":"https:\/\/www.grandsformats.com\/#\/schema\/logo\/image\/","url":"https:\/\/www.grandsformats.com\/wp-content\/uploads\/2020\/03\/logo-GF-200.png","contentUrl":"https:\/\/www.grandsformats.com\/wp-content\/uploads\/2020\/03\/logo-GF-200.png","width":155,"height":200,"caption":"Grands Formats"},"image":{"@id":"https:\/\/www.grandsformats.com\/#\/schema\/logo\/image\/"},"sameAs":["https:\/\/www.facebook.com\/grandsformats\/","https:\/\/x.com\/GrandsFormatsGF","https:\/\/www.instagram.com\/grandsformats\/","https:\/\/www.youtube.com\/channel\/UCJ7k9dbqc_DG-nxI3WMPvhw?view_as=subscriberhttps:\/\/www.youtube.com\/channel\/UCJ7k9dbqc_DG-nxI3WMPvhw?view_as=subscriber"]},{"@type":"Person","@id":"https:\/\/www.grandsformats.com\/#\/schema\/person\/56c2866069b6967b2c7becd25c9b4dbb","name":"Laura Hanequand - Grands Formats","image":{"@type":"ImageObject","inLanguage":"en-US","@id":"https:\/\/www.grandsformats.com\/#\/schema\/person\/image\/","url":"https:\/\/secure.gravatar.com\/avatar\/6d52edecb86835c2b7e81a2cdb8965ae325b4045b44f9043177428c622c06643?s=96&d=mm&r=g","contentUrl":"https:\/\/secure.gravatar.com\/avatar\/6d52edecb86835c2b7e81a2cdb8965ae325b4045b44f9043177428c622c06643?s=96&d=mm&r=g","caption":"Laura Hanequand - Grands Formats"},"url":"https:\/\/www.grandsformats.com\/en\/author\/lauragrandsformats-com\/"}]}},"_links":{"self":[{"href":"https:\/\/www.grandsformats.com\/en\/wp-json\/wp\/v2\/posts\/26963","targetHints":{"allow":["GET"]}}],"collection":[{"href":"https:\/\/www.grandsformats.com\/en\/wp-json\/wp\/v2\/posts"}],"about":[{"href":"https:\/\/www.grandsformats.com\/en\/wp-json\/wp\/v2\/types\/post"}],"author":[{"embeddable":true,"href":"https:\/\/www.grandsformats.com\/en\/wp-json\/wp\/v2\/users\/161"}],"replies":[{"embeddable":true,"href":"https:\/\/www.grandsformats.com\/en\/wp-json\/wp\/v2\/comments?post=26963"}],"version-history":[{"count":0,"href":"https:\/\/www.grandsformats.com\/en\/wp-json\/wp\/v2\/posts\/26963\/revisions"}],"wp:featuredmedia":[{"embeddable":true,"href":"https:\/\/www.grandsformats.com\/en\/wp-json\/wp\/v2\/media\/26966"}],"wp:attachment":[{"href":"https:\/\/www.grandsformats.com\/en\/wp-json\/wp\/v2\/media?parent=26963"}],"wp:term":[{"taxonomy":"category","embeddable":true,"href":"https:\/\/www.grandsformats.com\/en\/wp-json\/wp\/v2\/categories?post=26963"},{"taxonomy":"post_tag","embeddable":true,"href":"https:\/\/www.grandsformats.com\/en\/wp-json\/wp\/v2\/tags?post=26963"}],"curies":[{"name":"wp","href":"https:\/\/api.w.org\/{rel}","templated":true}]}}