{"id":26937,"date":"2023-09-26T12:36:32","date_gmt":"2023-09-26T10:36:32","guid":{"rendered":"https:\/\/www.grandsformats.com\/?p=26937"},"modified":"2023-12-04T14:36:25","modified_gmt":"2023-12-04T13:36:25","slug":"rencontres-professionnelles-20-ans-de-jazz-en-grand","status":"publish","type":"post","link":"https:\/\/www.grandsformats.com\/en\/2023\/09\/rencontres-professionnelles-20-ans-de-jazz-en-grand\/","title":{"rendered":"Rencontres professionnelles &#8211; 20 ans de jazz en grand !"},"content":{"rendered":"<div class=\"wpb-content-wrapper\"><p>[vc_row][vc_column][vc_column_text]<strong>Grands Formats vous invite \u00e0 c\u00e9l\u00e9brer ses 20 ans \u00e0 l&#8217;occasion d&#8217;une s\u00e9rie de rencontres professionnelles !<\/strong><\/p>\n<p>Depuis sa cr\u00e9ation en 2003 par huit membres fondateurs, Grands Formats f\u00e9d\u00e8re et repr\u00e9sente les formidables acteurs que sont les grands ensembles de jazz et de musiques improvis\u00e9es.<br \/>\nLa f\u00e9d\u00e9ration a grandi au rythme des \u00e9volutions du secteur ind\u00e9pendant, en s&#8217;ouvrant aux collectifs qui fleurissent dans le secteur cr\u00e9atif et en cr\u00e9ant m\u00eame une section europ\u00e9enne, <em>Think Big!<\/em>. Anim\u00e9e par les m\u00eames valeurs, son ADN reste inchang\u00e9. Aujourd&#8217;hui, Grands Formats porte la voix de plus d&#8217;une centaine de membres, soit plus de 1400 musicien\u00b7ne\u00b7s, guid\u00e9s par un irr\u00e9sistible d\u00e9sir musical et par la volont\u00e9 de faire rayonner la musique en grand.<\/p>\n<p><strong>Grands Formats saisit l\u2019occasion de cette c\u00e9l\u00e9bration hors normes pour partager avec les partenaires historiques du jazz en grands formats, un cycle de rencontres \u00e0 ne pas manquer, qui culminera les 15 et 16 d\u00e9cembre dans un temps fort de la Rentr\u00e9e Grands Formats historique !<\/strong><\/p>\n<p style=\"text-align: center;\"><span style=\"font-size: 14pt;\"><strong>VENDREDI 1ER SEPTEMBRE <\/strong>(19h &#8211; 20h)| Festival Constellations &#8211; Paris (75)<\/span><\/p>\n<p><img loading=\"lazy\" decoding=\"async\" class=\"alignnone wp-image-26949 size-large\" src=\"https:\/\/www.grandsformats.com\/wp-content\/uploads\/2023\/09\/BANNER-EVENT-Constellations-table-ronde-1024x576.jpg\" alt=\"table ronde constellations\" width=\"1024\" height=\"576\" srcset=\"https:\/\/www.grandsformats.com\/wp-content\/uploads\/2023\/09\/BANNER-EVENT-Constellations-table-ronde-1024x576.jpg 1024w, https:\/\/www.grandsformats.com\/wp-content\/uploads\/2023\/09\/BANNER-EVENT-Constellations-table-ronde-300x169.jpg 300w, https:\/\/www.grandsformats.com\/wp-content\/uploads\/2023\/09\/BANNER-EVENT-Constellations-table-ronde-768x432.jpg 768w, https:\/\/www.grandsformats.com\/wp-content\/uploads\/2023\/09\/BANNER-EVENT-Constellations-table-ronde-1536x864.jpg 1536w, https:\/\/www.grandsformats.com\/wp-content\/uploads\/2023\/09\/BANNER-EVENT-Constellations-table-ronde-1013x570.jpg 1013w, https:\/\/www.grandsformats.com\/wp-content\/uploads\/2023\/09\/BANNER-EVENT-Constellations-table-ronde-500x281.jpg 500w, https:\/\/www.grandsformats.com\/wp-content\/uploads\/2023\/09\/BANNER-EVENT-Constellations-table-ronde-550x309.jpg 550w, https:\/\/www.grandsformats.com\/wp-content\/uploads\/2023\/09\/BANNER-EVENT-Constellations-table-ronde-700x394.jpg 700w, https:\/\/www.grandsformats.com\/wp-content\/uploads\/2023\/09\/BANNER-EVENT-Constellations-table-ronde-400x225.jpg 400w, https:\/\/www.grandsformats.com\/wp-content\/uploads\/2023\/09\/BANNER-EVENT-Constellations-table-ronde-640x360.jpg 640w, https:\/\/www.grandsformats.com\/wp-content\/uploads\/2023\/09\/BANNER-EVENT-Constellations-table-ronde.jpg 1920w\" sizes=\"auto, (max-width: 1024px) 100vw, 1024px\" \/><\/p>\n<p class=\"text-build-content\" style=\"text-align: left;\" data-testid=\"b9bTO1bnARuVv3q_KFpZW\"><span style=\"font-size: 14pt;\"><strong>Jazz et insertion professionnelle : quels outils pour accompagner les jeunes musicien\u00b7ne\u00b7s ?<\/strong><strong><br \/>\n<\/strong><\/span><i><strong>En partenariat avec le Festival Constellations<\/strong><\/i><\/p>\n<p class=\"text-build-content\" style=\"text-align: left;\" data-testid=\"b9bTO1bnARuVv3q_KFpZW\">De nombreux\u00b7ses bon\u00b7ne\u00b7s musicien\u00b7ne\u00b7s sortent chaque ann\u00e9e des structures p\u00e9dagogiques fran\u00e7aises et europ\u00e9ennes et int\u00e8grent ainsi le secteur professionnel du jazz et des musiques improvis\u00e9es. Bien form\u00e9\u00b7e\u00b7s artistiquement, ils et elles doivent aussi \u00eatre polyvalent\u00b7e\u00b7s et, dans un contexte de concurrence accrue et de contraction des moyens, \u00eatre capables de structurer leur ensemble, de r\u00e9unir des financements, de produire et diffuser leurs activit\u00e9s\u2026 Quels outils sont \u00e0 leur disposition afin d\u2019endosser tout \u00e0 la fois ces multiples casquettes tout en continuant leur d\u00e9veloppement artistique ?<br \/>\nProgrammes de compagnonnage, de mentorat, ou encore structuration en collectif, pl\u00e9biscit\u00e9e ces derni\u00e8res ann\u00e9es parce qu\u2019elle permet une mutualisation des ressources et des comp\u00e9tences\u2026 Ces derni\u00e8res ann\u00e9es ont vu appara\u00eetre plusieurs dispositifs qui interrogent les besoins de formation du secteur.<\/p>\n<p class=\"text-build-content\" style=\"text-align: left;\" data-testid=\"b9bTO1bnARuVv3q_KFpZW\"><span style=\"text-decoration: underline;\"><strong>Intervenant\u00b7e\u00b7s :<br \/>\n<\/strong><\/span><strong>Julien Dubois<\/strong> (musicien au sein du collectif D\u00e9luge et coordinateur des parcours jazz et musiques actuelles amplifi\u00e9es au PSPBB)<br \/>\n<strong>Monika Kabasele<\/strong> (musicienne et compositrice)<br \/>\n<strong>Jean-Charles Richard<\/strong> (Coordinateur du d\u00e9partement Jazz du CRR de Paris)<br \/>\n<strong>Delphine Vieira<\/strong>\u00a0(Mairie de Paris \u2013 Cheffe adjointe au bureau de la musique).<br \/>\nMod\u00e9ration : <strong>Rapha\u00eblle Tchamitchian<\/strong>\u00a0(journaliste et enseignante dans le th\u00e9\u00e2tre et la musique)<\/p>\n<hr \/>\n<p style=\"text-align: center;\"><span style=\"font-size: 14pt;\"><strong>VENDREDI 17 NOVEMBRE <\/strong>(15h &#8211; 17h)| Institut de Touraine &#8211; Tours (37)<\/span><\/p>\n<p><img loading=\"lazy\" decoding=\"async\" class=\"aligncenter wp-image-26938 size-large\" src=\"https:\/\/www.grandsformats.com\/wp-content\/uploads\/2023\/09\/BANNER-tableronde-petitfaucheux-1024x576.jpg\" alt=\"table ronde petit faucheux\" width=\"1024\" height=\"576\" srcset=\"https:\/\/www.grandsformats.com\/wp-content\/uploads\/2023\/09\/BANNER-tableronde-petitfaucheux-1024x576.jpg 1024w, https:\/\/www.grandsformats.com\/wp-content\/uploads\/2023\/09\/BANNER-tableronde-petitfaucheux-300x169.jpg 300w, https:\/\/www.grandsformats.com\/wp-content\/uploads\/2023\/09\/BANNER-tableronde-petitfaucheux-768x432.jpg 768w, https:\/\/www.grandsformats.com\/wp-content\/uploads\/2023\/09\/BANNER-tableronde-petitfaucheux-1536x864.jpg 1536w, https:\/\/www.grandsformats.com\/wp-content\/uploads\/2023\/09\/BANNER-tableronde-petitfaucheux-2048x1152.jpg 2048w, https:\/\/www.grandsformats.com\/wp-content\/uploads\/2023\/09\/BANNER-tableronde-petitfaucheux-1013x570.jpg 1013w, https:\/\/www.grandsformats.com\/wp-content\/uploads\/2023\/09\/BANNER-tableronde-petitfaucheux-500x281.jpg 500w, https:\/\/www.grandsformats.com\/wp-content\/uploads\/2023\/09\/BANNER-tableronde-petitfaucheux-550x309.jpg 550w, https:\/\/www.grandsformats.com\/wp-content\/uploads\/2023\/09\/BANNER-tableronde-petitfaucheux-700x394.jpg 700w, https:\/\/www.grandsformats.com\/wp-content\/uploads\/2023\/09\/BANNER-tableronde-petitfaucheux-400x225.jpg 400w, https:\/\/www.grandsformats.com\/wp-content\/uploads\/2023\/09\/BANNER-tableronde-petitfaucheux-1920x1080.jpg 1920w, https:\/\/www.grandsformats.com\/wp-content\/uploads\/2023\/09\/BANNER-tableronde-petitfaucheux-640x360.jpg 640w, https:\/\/www.grandsformats.com\/wp-content\/uploads\/2023\/09\/BANNER-tableronde-petitfaucheux-2000x1125.jpg 2000w\" sizes=\"auto, (max-width: 1024px) 100vw, 1024px\" \/><\/p>\n<p style=\"text-align: center;\"><span style=\"font-size: 10pt;\">Daumenkino Trio \u00a9 Camille Huguenot\u00a0<\/span><\/p>\n<p class=\"text-build-content\" style=\"text-align: left;\" data-testid=\"b9bTO1bnARuVv3q_KFpZW\"><span style=\"font-size: 14pt;\"><strong>La compagnie et le collectif : <\/strong><strong>deux outils pour l&#8217;initiative artistique ind\u00e9pendant<br \/>\n<\/strong><\/span><i><strong>En partenariat avec le Petit Faucheux<\/strong><\/i><\/p>\n<p data-testid=\"b9bTO1bnARuVv3q_KFpZW\">Au sein d\u2019un secteur fran\u00e7ais du jazz et des musiques improvis\u00e9es aux enjeux multiscalaires, l\u2019artiste est le plus souvent amen\u00e9\u00b7e \u00e0 construire son activit\u00e9 en ind\u00e9pendant. Deux chemins s\u2019offrent alors \u00e0 lui\/elle : d\u2019un c\u00f4t\u00e9 celui de la compagnie, support historique de la grande formation, de l\u2019autre celui du collectif, actuellement largement pl\u00e9biscit\u00e9. Ces formes d\u2019\u00e9quipes artistiques ne manquent pas d\u2019arguments pour s\u00e9duire les musicien\u00b7ne\u00b7s comme le public. V\u00e9ritables espaces de libert\u00e9 artistique et de foisonnement cr\u00e9atif, elles participent activement \u00e0 la vie culturelle et \u00e0 la diversit\u00e9 des propositions musicales. Elles d\u00e9finissent, pour le ou la musicien\u00b7ne, un r\u00f4le d\u2019artiste-producteur\u00b7rice et construisent, entre elles, de nouveaux outils pour la diffusion, la structuration et l\u2019ancrage territorial.<\/p>\n<p class=\"text-build-content\" data-testid=\"gL2FKqFEThGXOpmGc2FmF\"><strong><u>Intervenant\u00b7e\u00b7s :<br \/>\n<\/u><\/strong><strong>J\u00e9r\u00e9mie Hahn<\/strong> (charg\u00e9 de d\u00e9veloppement \u00e0 la Fraca-Ma)<br \/>\n<strong>Maxime Bobo<\/strong> (musicien &#8211; Daumenkino Trio, Electric Vocuhila &#8211; Capsul Collectif)<br \/>\n<strong>Fr\u00e9d\u00e9ric Lombard<\/strong> (conseiller musiques actuelles \u00e0 la DRAC Centre Val-de-Loire)<br \/>\n<strong>Fr\u00e9d\u00e9ric Maurin<\/strong> (directeur artistique de l&#8217;Orchestre National de Jazz)<br \/>\n<span style=\"font-weight: 400;\"><strong>Corinne Contassot<\/strong> (administratrice du Tricollectif)<br \/>\n<strong>R\u00e9mi Dumoulin<\/strong> (musicien et enseignant \u00e0 Jazz \u00e0 Tours)<\/span><br \/>\nMod\u00e9ration : <strong>Erwan Vernay <\/strong>(d\u00e9l\u00e9gu\u00e9 g\u00e9n\u00e9ral de Grands Formats)<\/p>\n<p class=\"text-build-content\" data-testid=\"gL2FKqFEThGXOpmGc2FmF\"><strong>La table ronde sera suivie d&#8217;un cocktail de 19h \u00e0 20h au Petit Faucheux. \u00a0<\/strong><br \/>\n<strong>Ensuite, place au <\/strong><a class=\"link-build-content\" href=\"https:\/\/petitfaucheux.fr\/agenda\/lorchestre-national-de-jazz-steve-lehman\" target=\"_blank\" rel=\"noopener\"><strong><u>concert de l&#8217;Orchestre National de Jazz<\/u><\/strong><\/a> <strong>qui jouera son programme <\/strong><i><strong>Ex Machina <\/strong><\/i><strong>!<\/strong><\/p>\n<p style=\"text-align: left;\" data-testid=\"gL2FKqFEThGXOpmGc2FmF\">&gt; <strong><a href=\"https:\/\/billetterie.petitfaucheux.fr\/evenement\/17-11-2023-15-00-table-ronde-grands-formats-la-compagnie-et-le-collectif\"><span style=\"text-decoration: underline;\">Gratuit &#8211; sur inscription<\/span><\/a><\/strong><\/p>\n<hr \/>\n<p style=\"text-align: center;\"><span style=\"font-size: 14pt;\"><strong>JEUDI 30 NOVEMBRE <\/strong>(14h &#8211; 16h)| Forum Jazz &#8211; Lyon (69)<\/span><\/p>\n<p><img loading=\"lazy\" decoding=\"async\" class=\"wp-image-26954 size-large aligncenter\" src=\"https:\/\/www.grandsformats.com\/wp-content\/uploads\/2023\/09\/BANNER-EVENT-Jazzsra-1024x576.jpg\" alt=\"Table ronde jazz(s)ra\" width=\"1024\" height=\"576\" srcset=\"https:\/\/www.grandsformats.com\/wp-content\/uploads\/2023\/09\/BANNER-EVENT-Jazzsra-1024x576.jpg 1024w, https:\/\/www.grandsformats.com\/wp-content\/uploads\/2023\/09\/BANNER-EVENT-Jazzsra-300x169.jpg 300w, https:\/\/www.grandsformats.com\/wp-content\/uploads\/2023\/09\/BANNER-EVENT-Jazzsra-768x432.jpg 768w, https:\/\/www.grandsformats.com\/wp-content\/uploads\/2023\/09\/BANNER-EVENT-Jazzsra-1536x864.jpg 1536w, https:\/\/www.grandsformats.com\/wp-content\/uploads\/2023\/09\/BANNER-EVENT-Jazzsra-2048x1152.jpg 2048w, https:\/\/www.grandsformats.com\/wp-content\/uploads\/2023\/09\/BANNER-EVENT-Jazzsra-1013x570.jpg 1013w, https:\/\/www.grandsformats.com\/wp-content\/uploads\/2023\/09\/BANNER-EVENT-Jazzsra-500x281.jpg 500w, https:\/\/www.grandsformats.com\/wp-content\/uploads\/2023\/09\/BANNER-EVENT-Jazzsra-550x309.jpg 550w, https:\/\/www.grandsformats.com\/wp-content\/uploads\/2023\/09\/BANNER-EVENT-Jazzsra-700x394.jpg 700w, https:\/\/www.grandsformats.com\/wp-content\/uploads\/2023\/09\/BANNER-EVENT-Jazzsra-400x225.jpg 400w, https:\/\/www.grandsformats.com\/wp-content\/uploads\/2023\/09\/BANNER-EVENT-Jazzsra-1920x1080.jpg 1920w, https:\/\/www.grandsformats.com\/wp-content\/uploads\/2023\/09\/BANNER-EVENT-Jazzsra-640x360.jpg 640w, https:\/\/www.grandsformats.com\/wp-content\/uploads\/2023\/09\/BANNER-EVENT-Jazzsra-2000x1125.jpg 2000w\" sizes=\"auto, (max-width: 1024px) 100vw, 1024px\" \/><\/p>\n<p style=\"text-align: center;\"><span style=\"font-size: 10pt;\">The Very Big Exp\u00e9rimental Toubifri Orchestra \u00a9 You Cant Buy Buy\u00a0<\/span><\/p>\n<p class=\"text-build-content\" style=\"text-align: left;\" data-testid=\"b9bTO1bnARuVv3q_KFpZW\"><span style=\"font-size: 14pt;\"><strong>Une maison pour chaque grande formation !<\/strong><strong><br \/>\n<\/strong><\/span><i><strong>En partenariat avec JAZZ(s)RA<\/strong><\/i><\/p>\n<p data-testid=\"b9bTO1bnARuVv3q_KFpZW\">La probl\u00e9matique de la disponibilit\u00e9 pour les grands ensembles de jazz et de musiques improvis\u00e9es, dans des conditions ad\u00e9quates, de lieux d\u2019accueil en Auvergne-Rh\u00f4ne-Alpes, est manifeste aux diff\u00e9rentes phases de cr\u00e9ation de leur projet artistique. Le territoire \u00e9tant, par ailleurs, riche de propositions d\u2019une qualit\u00e9 artistique reconnue et pr\u00e9sentant un potentiel cr\u00e9atif certain, l\u2019ensemble du tissu culturel local doit s\u2019approprier une d\u00e9marche volontariste afin de la favoriser.<\/p>\n<p class=\"text-build-content\" data-testid=\"MHOIxN_5L7w_irdoUwuQ5\">\u00c0 l\u2019initiative des r\u00e9seaux Grands Formats et Jazz(s)RA, plusieurs acteurs culturels du territoire de la r\u00e9gion AURA : \u00e9quipes artistiques, diffuseurs, \u00e9lus, se r\u00e9unissent pour \u00e9voquer avec les acteurs pr\u00e9sents en salle cette probl\u00e9matique d\u2019absence de lieux de r\u00e9sidence pour les grands ensembles. Il s\u2019agira alors de trouver des pistes de solution comme un projet d\u2019une charte visant, d\u00e8s les prochaines ann\u00e9es, l\u2019objectif suivant : une maison pour chaque grande formation !<\/p>\n<p class=\"text-build-content\" data-testid=\"h-A8VGp3luG_x3BZp4iy8\"><strong><u>Intervenant\u00b7e\u00b7s :<br \/>\n<\/u><\/strong><strong>Alexandre Herer <\/strong>(pr\u00e9sident de Grands Formats)<br \/>\n<strong>Candice de Murcia <\/strong>(La Grande Exp\u00e9rimentale)<br \/>\n<strong>Fabrice Mazzolini <\/strong>(DRAC AURA)<br \/>\n<strong>Guillaume Anger <\/strong>(Jazz \u00e0 Vienne)<br \/>\n<strong>Vincent Roche-Lecas <\/strong>(Sc\u00e8ne Nationale de Bourg-en-Bresse)<br \/>\n<strong>Patrick Curtaud <\/strong>(D\u00e9partement de l&#8217;Is\u00e8re)<br \/>\nMod\u00e9ration : <strong>Pierre Baldy Moulinier <\/strong>(ADME Obstinato &#8211; directeur artistique du Big Band de l&#8217;Oeuf)<\/p>\n<p style=\"text-align: left;\" data-testid=\"gL2FKqFEThGXOpmGc2FmF\">&gt; <strong><a href=\"https:\/\/forumjazz.com\/pass-pro\/\"><span style=\"text-decoration: underline;\">Table ronde accessible avec le pass Forum Jazz<\/span><\/a><\/strong><\/p>\n<hr \/>\n<p style=\"text-align: center;\"><span style=\"font-size: 14pt;\"><strong>SAMEDI 16 D\u00c9CEMBRE <\/strong>(15h30 &#8211; 17h30)| Maison de la Radio et de la Musique &#8211; Paris (75)<\/span><\/p>\n<p><img loading=\"lazy\" decoding=\"async\" class=\"alignnone wp-image-26947 size-large\" src=\"https:\/\/www.grandsformats.com\/wp-content\/uploads\/2023\/09\/BANNER-table-ronde-maison-de-la-radio-1024x576.jpg\" alt=\"Table ronde maison de la radio\" width=\"1024\" height=\"576\" srcset=\"https:\/\/www.grandsformats.com\/wp-content\/uploads\/2023\/09\/BANNER-table-ronde-maison-de-la-radio-1024x576.jpg 1024w, https:\/\/www.grandsformats.com\/wp-content\/uploads\/2023\/09\/BANNER-table-ronde-maison-de-la-radio-300x169.jpg 300w, https:\/\/www.grandsformats.com\/wp-content\/uploads\/2023\/09\/BANNER-table-ronde-maison-de-la-radio-768x432.jpg 768w, https:\/\/www.grandsformats.com\/wp-content\/uploads\/2023\/09\/BANNER-table-ronde-maison-de-la-radio-1536x864.jpg 1536w, https:\/\/www.grandsformats.com\/wp-content\/uploads\/2023\/09\/BANNER-table-ronde-maison-de-la-radio-2048x1152.jpg 2048w, https:\/\/www.grandsformats.com\/wp-content\/uploads\/2023\/09\/BANNER-table-ronde-maison-de-la-radio-1013x570.jpg 1013w, https:\/\/www.grandsformats.com\/wp-content\/uploads\/2023\/09\/BANNER-table-ronde-maison-de-la-radio-500x281.jpg 500w, https:\/\/www.grandsformats.com\/wp-content\/uploads\/2023\/09\/BANNER-table-ronde-maison-de-la-radio-550x309.jpg 550w, https:\/\/www.grandsformats.com\/wp-content\/uploads\/2023\/09\/BANNER-table-ronde-maison-de-la-radio-700x394.jpg 700w, https:\/\/www.grandsformats.com\/wp-content\/uploads\/2023\/09\/BANNER-table-ronde-maison-de-la-radio-400x225.jpg 400w, https:\/\/www.grandsformats.com\/wp-content\/uploads\/2023\/09\/BANNER-table-ronde-maison-de-la-radio-1920x1080.jpg 1920w, https:\/\/www.grandsformats.com\/wp-content\/uploads\/2023\/09\/BANNER-table-ronde-maison-de-la-radio-640x360.jpg 640w, https:\/\/www.grandsformats.com\/wp-content\/uploads\/2023\/09\/BANNER-table-ronde-maison-de-la-radio-2000x1125.jpg 2000w\" sizes=\"auto, (max-width: 1024px) 100vw, 1024px\" \/><\/p>\n<p style=\"text-align: center;\"><span style=\"font-size: 10pt;\">Clasijazz Big Band \u00a9 Mescola dg<\/span><\/p>\n<p class=\"text-build-content\" style=\"text-align: left;\" data-testid=\"b9bTO1bnARuVv3q_KFpZW\"><span style=\"font-size: 14pt;\"><strong>La circulation territoriale, nationale et europ\u00e9enne des \u00e9quipes artistiques ind\u00e9pendantes de jazz et de musiques improvis\u00e9es<\/strong><strong><br \/>\n<\/strong><\/span><i><strong>En partenariat avec Radio France<\/strong><\/i><\/p>\n<p data-testid=\"b9bTO1bnARuVv3q_KFpZW\">Dans un contexte d\u2019adaptation aux cons\u00e9quences des crises pr\u00e9sentes et pass\u00e9es, la diffusion des propositions artistiques constitue, plus que jamais, un enjeu primordial, pour les \u00e9quipes artistiques tout autant que pour les diffuseurs eux-m\u00eames. De surcro\u00eet, la difficult\u00e9 d\u2019exportation sur un territoire \u00e9tendu est, pour les ensembles au-del\u00e0 d\u2019une certaine dimension, d\u2019autant plus importante. Les acteurs ind\u00e9pendants du jazz et des musiques improvis\u00e9es ont, chacun \u00e0 leur endroit et en coop\u00e9ration, un r\u00f4le \u00e0 jouer dans la r\u00e9ponse \u00e0 apporter \u00e0 cette probl\u00e9matique.<br \/>\nLes outils qu\u2019ils inventent sont autant d&#8217;exp\u00e9rimentations \u00e0 m\u00eame d\u2019initier un nouvel \u00e9lan pour le secteur.<\/p>\n<p class=\"text-build-content\" data-testid=\"ZExDJejjIuh0QE1ldUsyF\"><strong><u>Intervenant\u00b7e\u00b7s :<br \/>\n<\/u><\/strong><strong>Fleurine Verloop-Mehldau <\/strong>(musicienne et pr\u00e9sidente de BiMpro (NL) et de <a href=\"https:\/\/www.vjme.eu\/\">VJME<\/a>)<br \/>\n<strong>Ade Monterreal <\/strong>(musicienne et cheffe de projet international et distribution au Clasijazz<br \/>\nBig Band (ES))<br \/>\n<strong>Steve Mead<\/strong> (directeur du Manchester Jazz Festival)<br \/>\n<strong>Julien Desprez <\/strong>(musicien au sein du collectif COAX)<br \/>\nMod\u00e9ration :<strong> Isabelle Lazzarini <\/strong>(inspectrice conseill\u00e8re pour la cr\u00e9ation, les enseignements artistiques et l\u2019action culturelle au Minist\u00e8re de la Culture)<\/p>\n<p class=\"text-build-content\" data-testid=\"G_GVx-ySDdK6Wn8KNo13k\"><strong>Table ronde professionnelle organis\u00e9e dans le cadre du temps fort de la <\/strong><a class=\"link-build-content\" href=\"https:\/\/www.grandsformats.com\/rentree-grands-formats-2023\/\" target=\"_blank\" rel=\"noopener\"><strong><u>Rentr\u00e9e Grands Formats 2023<\/u><\/strong><strong><u>.<\/u><\/strong><\/a><\/p>\n<p class=\"text-build-content\" data-testid=\"G_GVx-ySDdK6Wn8KNo13k\"><strong>La soir\u00e9e continue apr\u00e8s la rencontre avec un cocktail-anniversaire offert par Grands Formats et <\/strong><a class=\"link-build-content\" href=\"https:\/\/www.maisondelaradioetdelamusique.fr\/evenement\/concert-jazz\/laurent-cugny-tentet-pascal-charrier-kami-octet\" target=\"_blank\" rel=\"noopener\"><strong><u>les concerts du Kami Octet et du Laurent Cugny Tentet<\/u><\/strong><\/a><strong> \u00e0 partir de 19h au Studio 104 !<\/strong><\/p>\n<p style=\"text-align: left;\" data-testid=\"gL2FKqFEThGXOpmGc2FmF\">&gt; <strong><a href=\"https:\/\/forms.gle\/mnsF8vpFa136xD9T9\"><span style=\"text-decoration: underline;\">Gratuit &#8211; sur inscription<\/span><\/a><\/strong><\/p>\n<p>[\/vc_column_text][\/vc_column][\/vc_row][vc_row][vc_column][\/vc_column][\/vc_row]<\/p>\n<\/div>","protected":false},"excerpt":{"rendered":"<p>[vc_row][vc_column][vc_column_text]Grands Formats vous invite \u00e0 c\u00e9l\u00e9brer ses 20 ans \u00e0 l&#8217;occasion d&#8217;une s\u00e9rie de rencontres professionnelles ! Depuis sa cr\u00e9ation en 2003 par huit membres fondateurs, Grands Formats f\u00e9d\u00e8re et repr\u00e9sente les formidables acteurs que sont les grands ensembles de jazz et de musiques improvis\u00e9es. La f\u00e9d\u00e9ration a grandi au rythme des \u00e9volutions du secteur&#8230;<\/p>\n<p><a rel=\"bookmark\" class=\"theme-button-text wvc-button wvc-button-size-xs\" href=\"https:\/\/www.grandsformats.com\/en\/2023\/09\/rencontres-professionnelles-20-ans-de-jazz-en-grand\/\"><small class=\"wvc-button-background-fill\"><\/small><span>Continue reading<\/span><\/a><\/p>\n","protected":false},"author":161,"featured_media":26941,"comment_status":"open","ping_status":"open","sticky":false,"template":"","format":"standard","meta":{"_acf_changed":false,"footnotes":""},"categories":[171],"tags":[],"class_list":["post-26937","post","type-post","status-publish","format-standard","has-post-thumbnail","hentry","category-uncategorized","entry-post-skin-light","entry","clearfix","entry-grid","entry-columns-default","entry-post-module-layout-sidebar-right","thumbnail-color-tone-dark","metro-landscape","entry-post","entry-masonry","entry-post-masonry"],"acf":[],"yoast_head":"<!-- This site is optimized with the Yoast SEO plugin v25.8 - https:\/\/yoast.com\/wordpress\/plugins\/seo\/ -->\n<title>Rencontres professionnelles - 20 ans de jazz en grand ! - Site officiel de la f\u00e9d\u00e9ration Grands Formats<\/title>\n<meta name=\"description\" content=\"Grands Formats vous invite \u00e0 c\u00e9l\u00e9brer ses 20 ans \u00e0 l&#039;occasion d&#039;une s\u00e9rie de rencontres professionnelles !\" \/>\n<meta name=\"robots\" content=\"index, follow, max-snippet:-1, max-image-preview:large, max-video-preview:-1\" \/>\n<link rel=\"canonical\" href=\"https:\/\/www.grandsformats.com\/2023\/09\/rencontres-professionnelles-20-ans-de-jazz-en-grand\/\" \/>\n<meta property=\"og:locale\" content=\"en_US\" \/>\n<meta property=\"og:type\" content=\"article\" \/>\n<meta property=\"og:title\" content=\"Rencontres professionnelles - 20 ans de jazz en grand ! - Site officiel de la f\u00e9d\u00e9ration Grands Formats\" \/>\n<meta property=\"og:description\" content=\"Grands Formats vous invite \u00e0 c\u00e9l\u00e9brer ses 20 ans \u00e0 l&#039;occasion d&#039;une s\u00e9rie de rencontres professionnelles !\" \/>\n<meta property=\"og:url\" content=\"https:\/\/www.grandsformats.com\/2023\/09\/rencontres-professionnelles-20-ans-de-jazz-en-grand\/\" \/>\n<meta property=\"og:site_name\" content=\"Site officiel de la f\u00e9d\u00e9ration Grands Formats\" \/>\n<meta property=\"article:publisher\" content=\"https:\/\/www.facebook.com\/grandsformats\/\" \/>\n<meta property=\"article:published_time\" content=\"2023-09-26T10:36:32+00:00\" \/>\n<meta property=\"article:modified_time\" content=\"2023-12-04T13:36:25+00:00\" \/>\n<meta property=\"og:image\" content=\"https:\/\/www.grandsformats.com\/wp-content\/uploads\/2023\/09\/banner_20ans-scaled.jpg\" \/>\n\t<meta property=\"og:image:width\" content=\"2560\" \/>\n\t<meta property=\"og:image:height\" content=\"1440\" \/>\n\t<meta property=\"og:image:type\" content=\"image\/jpeg\" \/>\n<meta name=\"author\" content=\"Laura Hanequand - Grands Formats\" \/>\n<meta name=\"twitter:card\" content=\"summary_large_image\" \/>\n<meta name=\"twitter:creator\" content=\"@GrandsFormatsGF\" \/>\n<meta name=\"twitter:site\" content=\"@GrandsFormatsGF\" \/>\n<meta name=\"twitter:label1\" content=\"Written by\" \/>\n\t<meta name=\"twitter:data1\" content=\"Laura Hanequand - Grands Formats\" \/>\n\t<meta name=\"twitter:label2\" content=\"Est. reading time\" \/>\n\t<meta name=\"twitter:data2\" content=\"7 minutes\" \/>\n<script type=\"application\/ld+json\" class=\"yoast-schema-graph\">{\"@context\":\"https:\/\/schema.org\",\"@graph\":[{\"@type\":\"Article\",\"@id\":\"https:\/\/www.grandsformats.com\/2023\/09\/rencontres-professionnelles-20-ans-de-jazz-en-grand\/#article\",\"isPartOf\":{\"@id\":\"https:\/\/www.grandsformats.com\/2023\/09\/rencontres-professionnelles-20-ans-de-jazz-en-grand\/\"},\"author\":{\"name\":\"Laura Hanequand - Grands Formats\",\"@id\":\"https:\/\/www.grandsformats.com\/#\/schema\/person\/56c2866069b6967b2c7becd25c9b4dbb\"},\"headline\":\"Rencontres professionnelles &#8211; 20 ans de jazz en grand !\",\"datePublished\":\"2023-09-26T10:36:32+00:00\",\"dateModified\":\"2023-12-04T13:36:25+00:00\",\"mainEntityOfPage\":{\"@id\":\"https:\/\/www.grandsformats.com\/2023\/09\/rencontres-professionnelles-20-ans-de-jazz-en-grand\/\"},\"wordCount\":1283,\"commentCount\":0,\"publisher\":{\"@id\":\"https:\/\/www.grandsformats.com\/#organization\"},\"image\":{\"@id\":\"https:\/\/www.grandsformats.com\/2023\/09\/rencontres-professionnelles-20-ans-de-jazz-en-grand\/#primaryimage\"},\"thumbnailUrl\":\"https:\/\/www.grandsformats.com\/wp-content\/uploads\/2023\/09\/banner_20ans-scaled.jpg\",\"inLanguage\":\"en-US\",\"potentialAction\":[{\"@type\":\"CommentAction\",\"name\":\"Comment\",\"target\":[\"https:\/\/www.grandsformats.com\/2023\/09\/rencontres-professionnelles-20-ans-de-jazz-en-grand\/#respond\"]}]},{\"@type\":\"WebPage\",\"@id\":\"https:\/\/www.grandsformats.com\/2023\/09\/rencontres-professionnelles-20-ans-de-jazz-en-grand\/\",\"url\":\"https:\/\/www.grandsformats.com\/2023\/09\/rencontres-professionnelles-20-ans-de-jazz-en-grand\/\",\"name\":\"Rencontres professionnelles - 20 ans de jazz en grand ! - Site officiel de la f\u00e9d\u00e9ration Grands Formats\",\"isPartOf\":{\"@id\":\"https:\/\/www.grandsformats.com\/#website\"},\"primaryImageOfPage\":{\"@id\":\"https:\/\/www.grandsformats.com\/2023\/09\/rencontres-professionnelles-20-ans-de-jazz-en-grand\/#primaryimage\"},\"image\":{\"@id\":\"https:\/\/www.grandsformats.com\/2023\/09\/rencontres-professionnelles-20-ans-de-jazz-en-grand\/#primaryimage\"},\"thumbnailUrl\":\"https:\/\/www.grandsformats.com\/wp-content\/uploads\/2023\/09\/banner_20ans-scaled.jpg\",\"datePublished\":\"2023-09-26T10:36:32+00:00\",\"dateModified\":\"2023-12-04T13:36:25+00:00\",\"description\":\"Grands Formats vous invite \u00e0 c\u00e9l\u00e9brer ses 20 ans \u00e0 l'occasion d'une s\u00e9rie de rencontres professionnelles !\",\"breadcrumb\":{\"@id\":\"https:\/\/www.grandsformats.com\/2023\/09\/rencontres-professionnelles-20-ans-de-jazz-en-grand\/#breadcrumb\"},\"inLanguage\":\"en-US\",\"potentialAction\":[{\"@type\":\"ReadAction\",\"target\":[\"https:\/\/www.grandsformats.com\/2023\/09\/rencontres-professionnelles-20-ans-de-jazz-en-grand\/\"]}]},{\"@type\":\"ImageObject\",\"inLanguage\":\"en-US\",\"@id\":\"https:\/\/www.grandsformats.com\/2023\/09\/rencontres-professionnelles-20-ans-de-jazz-en-grand\/#primaryimage\",\"url\":\"https:\/\/www.grandsformats.com\/wp-content\/uploads\/2023\/09\/banner_20ans-scaled.jpg\",\"contentUrl\":\"https:\/\/www.grandsformats.com\/wp-content\/uploads\/2023\/09\/banner_20ans-scaled.jpg\",\"width\":2560,\"height\":1440},{\"@type\":\"BreadcrumbList\",\"@id\":\"https:\/\/www.grandsformats.com\/2023\/09\/rencontres-professionnelles-20-ans-de-jazz-en-grand\/#breadcrumb\",\"itemListElement\":[{\"@type\":\"ListItem\",\"position\":1,\"name\":\"Accueil\",\"item\":\"https:\/\/www.grandsformats.com\/en\/\"},{\"@type\":\"ListItem\",\"position\":2,\"name\":\"Rencontres professionnelles &#8211; 20 ans de jazz en grand !\"}]},{\"@type\":\"WebSite\",\"@id\":\"https:\/\/www.grandsformats.com\/#website\",\"url\":\"https:\/\/www.grandsformats.com\/\",\"name\":\"Site officiel de la f\u00e9d\u00e9ration Grands Formats\",\"description\":\"F\u00e9d\u00e9ration d&#039;artistes pour la musique en grand !\",\"publisher\":{\"@id\":\"https:\/\/www.grandsformats.com\/#organization\"},\"potentialAction\":[{\"@type\":\"SearchAction\",\"target\":{\"@type\":\"EntryPoint\",\"urlTemplate\":\"https:\/\/www.grandsformats.com\/?s={search_term_string}\"},\"query-input\":{\"@type\":\"PropertyValueSpecification\",\"valueRequired\":true,\"valueName\":\"search_term_string\"}}],\"inLanguage\":\"en-US\"},{\"@type\":\"Organization\",\"@id\":\"https:\/\/www.grandsformats.com\/#organization\",\"name\":\"Grands Formats\",\"url\":\"https:\/\/www.grandsformats.com\/\",\"logo\":{\"@type\":\"ImageObject\",\"inLanguage\":\"en-US\",\"@id\":\"https:\/\/www.grandsformats.com\/#\/schema\/logo\/image\/\",\"url\":\"https:\/\/www.grandsformats.com\/wp-content\/uploads\/2020\/03\/logo-GF-200.png\",\"contentUrl\":\"https:\/\/www.grandsformats.com\/wp-content\/uploads\/2020\/03\/logo-GF-200.png\",\"width\":155,\"height\":200,\"caption\":\"Grands Formats\"},\"image\":{\"@id\":\"https:\/\/www.grandsformats.com\/#\/schema\/logo\/image\/\"},\"sameAs\":[\"https:\/\/www.facebook.com\/grandsformats\/\",\"https:\/\/x.com\/GrandsFormatsGF\",\"https:\/\/www.instagram.com\/grandsformats\/\",\"https:\/\/www.youtube.com\/channel\/UCJ7k9dbqc_DG-nxI3WMPvhw?view_as=subscriberhttps:\/\/www.youtube.com\/channel\/UCJ7k9dbqc_DG-nxI3WMPvhw?view_as=subscriber\"]},{\"@type\":\"Person\",\"@id\":\"https:\/\/www.grandsformats.com\/#\/schema\/person\/56c2866069b6967b2c7becd25c9b4dbb\",\"name\":\"Laura Hanequand - Grands Formats\",\"image\":{\"@type\":\"ImageObject\",\"inLanguage\":\"en-US\",\"@id\":\"https:\/\/www.grandsformats.com\/#\/schema\/person\/image\/\",\"url\":\"https:\/\/secure.gravatar.com\/avatar\/6d52edecb86835c2b7e81a2cdb8965ae325b4045b44f9043177428c622c06643?s=96&d=mm&r=g\",\"contentUrl\":\"https:\/\/secure.gravatar.com\/avatar\/6d52edecb86835c2b7e81a2cdb8965ae325b4045b44f9043177428c622c06643?s=96&d=mm&r=g\",\"caption\":\"Laura Hanequand - Grands Formats\"},\"url\":\"https:\/\/www.grandsformats.com\/en\/author\/lauragrandsformats-com\/\"}]}<\/script>\n<!-- \/ Yoast SEO plugin. -->","yoast_head_json":{"title":"Rencontres professionnelles - 20 ans de jazz en grand ! - Site officiel de la f\u00e9d\u00e9ration Grands Formats","description":"Grands Formats vous invite \u00e0 c\u00e9l\u00e9brer ses 20 ans \u00e0 l'occasion d'une s\u00e9rie de rencontres professionnelles !","robots":{"index":"index","follow":"follow","max-snippet":"max-snippet:-1","max-image-preview":"max-image-preview:large","max-video-preview":"max-video-preview:-1"},"canonical":"https:\/\/www.grandsformats.com\/2023\/09\/rencontres-professionnelles-20-ans-de-jazz-en-grand\/","og_locale":"en_US","og_type":"article","og_title":"Rencontres professionnelles - 20 ans de jazz en grand ! - Site officiel de la f\u00e9d\u00e9ration Grands Formats","og_description":"Grands Formats vous invite \u00e0 c\u00e9l\u00e9brer ses 20 ans \u00e0 l'occasion d'une s\u00e9rie de rencontres professionnelles !","og_url":"https:\/\/www.grandsformats.com\/2023\/09\/rencontres-professionnelles-20-ans-de-jazz-en-grand\/","og_site_name":"Site officiel de la f\u00e9d\u00e9ration Grands Formats","article_publisher":"https:\/\/www.facebook.com\/grandsformats\/","article_published_time":"2023-09-26T10:36:32+00:00","article_modified_time":"2023-12-04T13:36:25+00:00","og_image":[{"width":2560,"height":1440,"url":"https:\/\/www.grandsformats.com\/wp-content\/uploads\/2023\/09\/banner_20ans-scaled.jpg","type":"image\/jpeg"}],"author":"Laura Hanequand - Grands Formats","twitter_card":"summary_large_image","twitter_creator":"@GrandsFormatsGF","twitter_site":"@GrandsFormatsGF","twitter_misc":{"Written by":"Laura Hanequand - Grands Formats","Est. reading time":"7 minutes"},"schema":{"@context":"https:\/\/schema.org","@graph":[{"@type":"Article","@id":"https:\/\/www.grandsformats.com\/2023\/09\/rencontres-professionnelles-20-ans-de-jazz-en-grand\/#article","isPartOf":{"@id":"https:\/\/www.grandsformats.com\/2023\/09\/rencontres-professionnelles-20-ans-de-jazz-en-grand\/"},"author":{"name":"Laura Hanequand - Grands Formats","@id":"https:\/\/www.grandsformats.com\/#\/schema\/person\/56c2866069b6967b2c7becd25c9b4dbb"},"headline":"Rencontres professionnelles &#8211; 20 ans de jazz en grand !","datePublished":"2023-09-26T10:36:32+00:00","dateModified":"2023-12-04T13:36:25+00:00","mainEntityOfPage":{"@id":"https:\/\/www.grandsformats.com\/2023\/09\/rencontres-professionnelles-20-ans-de-jazz-en-grand\/"},"wordCount":1283,"commentCount":0,"publisher":{"@id":"https:\/\/www.grandsformats.com\/#organization"},"image":{"@id":"https:\/\/www.grandsformats.com\/2023\/09\/rencontres-professionnelles-20-ans-de-jazz-en-grand\/#primaryimage"},"thumbnailUrl":"https:\/\/www.grandsformats.com\/wp-content\/uploads\/2023\/09\/banner_20ans-scaled.jpg","inLanguage":"en-US","potentialAction":[{"@type":"CommentAction","name":"Comment","target":["https:\/\/www.grandsformats.com\/2023\/09\/rencontres-professionnelles-20-ans-de-jazz-en-grand\/#respond"]}]},{"@type":"WebPage","@id":"https:\/\/www.grandsformats.com\/2023\/09\/rencontres-professionnelles-20-ans-de-jazz-en-grand\/","url":"https:\/\/www.grandsformats.com\/2023\/09\/rencontres-professionnelles-20-ans-de-jazz-en-grand\/","name":"Rencontres professionnelles - 20 ans de jazz en grand ! - Site officiel de la f\u00e9d\u00e9ration Grands Formats","isPartOf":{"@id":"https:\/\/www.grandsformats.com\/#website"},"primaryImageOfPage":{"@id":"https:\/\/www.grandsformats.com\/2023\/09\/rencontres-professionnelles-20-ans-de-jazz-en-grand\/#primaryimage"},"image":{"@id":"https:\/\/www.grandsformats.com\/2023\/09\/rencontres-professionnelles-20-ans-de-jazz-en-grand\/#primaryimage"},"thumbnailUrl":"https:\/\/www.grandsformats.com\/wp-content\/uploads\/2023\/09\/banner_20ans-scaled.jpg","datePublished":"2023-09-26T10:36:32+00:00","dateModified":"2023-12-04T13:36:25+00:00","description":"Grands Formats vous invite \u00e0 c\u00e9l\u00e9brer ses 20 ans \u00e0 l'occasion d'une s\u00e9rie de rencontres professionnelles !","breadcrumb":{"@id":"https:\/\/www.grandsformats.com\/2023\/09\/rencontres-professionnelles-20-ans-de-jazz-en-grand\/#breadcrumb"},"inLanguage":"en-US","potentialAction":[{"@type":"ReadAction","target":["https:\/\/www.grandsformats.com\/2023\/09\/rencontres-professionnelles-20-ans-de-jazz-en-grand\/"]}]},{"@type":"ImageObject","inLanguage":"en-US","@id":"https:\/\/www.grandsformats.com\/2023\/09\/rencontres-professionnelles-20-ans-de-jazz-en-grand\/#primaryimage","url":"https:\/\/www.grandsformats.com\/wp-content\/uploads\/2023\/09\/banner_20ans-scaled.jpg","contentUrl":"https:\/\/www.grandsformats.com\/wp-content\/uploads\/2023\/09\/banner_20ans-scaled.jpg","width":2560,"height":1440},{"@type":"BreadcrumbList","@id":"https:\/\/www.grandsformats.com\/2023\/09\/rencontres-professionnelles-20-ans-de-jazz-en-grand\/#breadcrumb","itemListElement":[{"@type":"ListItem","position":1,"name":"Accueil","item":"https:\/\/www.grandsformats.com\/en\/"},{"@type":"ListItem","position":2,"name":"Rencontres professionnelles &#8211; 20 ans de jazz en grand !"}]},{"@type":"WebSite","@id":"https:\/\/www.grandsformats.com\/#website","url":"https:\/\/www.grandsformats.com\/","name":"Site officiel de la f\u00e9d\u00e9ration Grands Formats","description":"F\u00e9d\u00e9ration d&#039;artistes pour la musique en grand !","publisher":{"@id":"https:\/\/www.grandsformats.com\/#organization"},"potentialAction":[{"@type":"SearchAction","target":{"@type":"EntryPoint","urlTemplate":"https:\/\/www.grandsformats.com\/?s={search_term_string}"},"query-input":{"@type":"PropertyValueSpecification","valueRequired":true,"valueName":"search_term_string"}}],"inLanguage":"en-US"},{"@type":"Organization","@id":"https:\/\/www.grandsformats.com\/#organization","name":"Grands Formats","url":"https:\/\/www.grandsformats.com\/","logo":{"@type":"ImageObject","inLanguage":"en-US","@id":"https:\/\/www.grandsformats.com\/#\/schema\/logo\/image\/","url":"https:\/\/www.grandsformats.com\/wp-content\/uploads\/2020\/03\/logo-GF-200.png","contentUrl":"https:\/\/www.grandsformats.com\/wp-content\/uploads\/2020\/03\/logo-GF-200.png","width":155,"height":200,"caption":"Grands Formats"},"image":{"@id":"https:\/\/www.grandsformats.com\/#\/schema\/logo\/image\/"},"sameAs":["https:\/\/www.facebook.com\/grandsformats\/","https:\/\/x.com\/GrandsFormatsGF","https:\/\/www.instagram.com\/grandsformats\/","https:\/\/www.youtube.com\/channel\/UCJ7k9dbqc_DG-nxI3WMPvhw?view_as=subscriberhttps:\/\/www.youtube.com\/channel\/UCJ7k9dbqc_DG-nxI3WMPvhw?view_as=subscriber"]},{"@type":"Person","@id":"https:\/\/www.grandsformats.com\/#\/schema\/person\/56c2866069b6967b2c7becd25c9b4dbb","name":"Laura Hanequand - Grands Formats","image":{"@type":"ImageObject","inLanguage":"en-US","@id":"https:\/\/www.grandsformats.com\/#\/schema\/person\/image\/","url":"https:\/\/secure.gravatar.com\/avatar\/6d52edecb86835c2b7e81a2cdb8965ae325b4045b44f9043177428c622c06643?s=96&d=mm&r=g","contentUrl":"https:\/\/secure.gravatar.com\/avatar\/6d52edecb86835c2b7e81a2cdb8965ae325b4045b44f9043177428c622c06643?s=96&d=mm&r=g","caption":"Laura Hanequand - Grands Formats"},"url":"https:\/\/www.grandsformats.com\/en\/author\/lauragrandsformats-com\/"}]}},"_links":{"self":[{"href":"https:\/\/www.grandsformats.com\/en\/wp-json\/wp\/v2\/posts\/26937","targetHints":{"allow":["GET"]}}],"collection":[{"href":"https:\/\/www.grandsformats.com\/en\/wp-json\/wp\/v2\/posts"}],"about":[{"href":"https:\/\/www.grandsformats.com\/en\/wp-json\/wp\/v2\/types\/post"}],"author":[{"embeddable":true,"href":"https:\/\/www.grandsformats.com\/en\/wp-json\/wp\/v2\/users\/161"}],"replies":[{"embeddable":true,"href":"https:\/\/www.grandsformats.com\/en\/wp-json\/wp\/v2\/comments?post=26937"}],"version-history":[{"count":0,"href":"https:\/\/www.grandsformats.com\/en\/wp-json\/wp\/v2\/posts\/26937\/revisions"}],"wp:featuredmedia":[{"embeddable":true,"href":"https:\/\/www.grandsformats.com\/en\/wp-json\/wp\/v2\/media\/26941"}],"wp:attachment":[{"href":"https:\/\/www.grandsformats.com\/en\/wp-json\/wp\/v2\/media?parent=26937"}],"wp:term":[{"taxonomy":"category","embeddable":true,"href":"https:\/\/www.grandsformats.com\/en\/wp-json\/wp\/v2\/categories?post=26937"},{"taxonomy":"post_tag","embeddable":true,"href":"https:\/\/www.grandsformats.com\/en\/wp-json\/wp\/v2\/tags?post=26937"}],"curies":[{"name":"wp","href":"https:\/\/api.w.org\/{rel}","templated":true}]}}