{"id":26557,"date":"2023-07-21T11:51:06","date_gmt":"2023-07-21T09:51:06","guid":{"rendered":"https:\/\/www.grandsformats.com\/?p=26557"},"modified":"2023-07-21T11:51:06","modified_gmt":"2023-07-21T09:51:06","slug":"save-the-date-la-rentree-grands-formats-est-de-retour","status":"publish","type":"post","link":"https:\/\/www.grandsformats.com\/en\/2023\/07\/save-the-date-la-rentree-grands-formats-est-de-retour\/","title":{"rendered":"SAVE THE DATE : La Rentr\u00e9e Grands Formats est de retour !"},"content":{"rendered":"<h3 class=\"text-build-content\" style=\"text-align: center;\" data-testid=\"htbp5ZTGLIj6G2L0vA0qV\"><b>La Rentr\u00e9e Grands Formats revient\u00a0du 12 octobre au 16 d\u00e9cembre 2023 !<\/b><\/h3>\n<p>Vous l&#8217;attendiez avec impatience : c&#8217;est le moment de vous donner un avant-go\u00fbt du programme de la 17\u00e8me \u00e9dition de la Rentr\u00e9e Grands Formats.<\/p>\n<p><strong>Plus d&#8217;une soixantaine de concerts vous attendent du 12 octobre au 16 d\u00e9cembre 2023, en France, en Europe, et au del\u00e0 !<\/strong> Nous avons d\u00e9cid\u00e9 d&#8217;\u00e9tendre cette ann\u00e9e la p\u00e9riode de la Rentr\u00e9e en vous proposant pr\u00e9s de deux mois de concerts, pour d\u00e9couvrir toute l&#8217;\u00e9tendue de la cr\u00e9ativit\u00e9 et de la richesse musicale port\u00e9e par les grandes formations et collectifs de jazz et de musiques improvis\u00e9es.<\/p>\n<h4 style=\"text-align: left;\">UN TEMPS FORT \u00c0 PARIS<\/h4>\n<p style=\"text-align: left;\">Point d&#8217;orgue de l&#8217;\u00e9v\u00e9nement, nous vous donnons d&#8217;ores et d\u00e9j\u00e0 <strong>rendez-vous \u00e0 Paris pour le temps fort de la Rentr\u00e9e les 15 et 16 d\u00e9cembre 2023<\/strong> ! Au programme : concerts de grands ensembles fran\u00e7ais et europ\u00e9ens, rencontres professionnelles, masterclass, jam sessions, et autres moments d&#8217;\u00e9changes&#8230;<\/p>\n<p style=\"text-align: left;\">Nous aurons le plaisir de compter sur l&#8217;accueil et le soutien de nouveaux partenaires : <strong><span style=\"text-decoration: underline;\"><a href=\"https:\/\/www.maisondelaradioetdelamusique.fr\/jazz-2324\">Radio France<\/a> <\/span>\/ <span style=\"text-decoration: underline;\"><a href=\"https:\/\/www.radiofrance.fr\/francemusique\">France Musique<\/a><\/span><\/strong>, <a href=\"https:\/\/parismmp.wixsite.com\/mediathequemusicale\"><strong>la M\u00e9diath\u00e8que Musicale de Paris<\/strong><\/a> et <strong>le<span style=\"text-decoration: underline;\"><a href=\"https:\/\/conservatoires.paris.fr\/conservatoires\/crr\"> CRR de Paris<\/a><\/span><\/strong>.<\/p>\n<p style=\"text-align: left;\"><strong>La Rentr\u00e9e Grands Formats 2023 marquera les 20 ans d&#8217;existence de la f\u00e9d\u00e9ration : raison de plus pour vous proposer un programme XXL !<\/strong><\/p>\n<p style=\"text-align: center;\"><strong>_______________<\/strong><\/p>\n<h4 style=\"text-align: center;\">PROGRAMME COMPLET D\u00c9VOIL\u00c9 EN SEPTEMBRE !<\/h4>\n<p style=\"text-align: center;\"><a href=\"https:\/\/www.grandsformats.com\/rentree-grands-formats-2022-2\/\"><em><strong>Revivez l&#8217;\u00e9dition 2022 de la Rentr\u00e9e Grands Formats<\/strong><\/em><\/a><\/p>\n","protected":false},"excerpt":{"rendered":"<p>La Rentr\u00e9e Grands Formats revient\u00a0du 12 octobre au 16 d\u00e9cembre 2023 ! Vous l&#8217;attendiez avec impatience : c&#8217;est le moment de vous donner un avant-go\u00fbt du programme de la 17\u00e8me \u00e9dition de la Rentr\u00e9e Grands Formats. Plus d&#8217;une soixantaine de concerts vous attendent du 12 octobre au 16 d\u00e9cembre 2023, en France, en Europe, et&#8230;<\/p>\n<p><a rel=\"bookmark\" class=\"theme-button-text wvc-button wvc-button-size-xs\" href=\"https:\/\/www.grandsformats.com\/en\/2023\/07\/save-the-date-la-rentree-grands-formats-est-de-retour\/\"><small class=\"wvc-button-background-fill\"><\/small><span>Continue reading<\/span><\/a><\/p>\n","protected":false},"author":161,"featured_media":26558,"comment_status":"open","ping_status":"open","sticky":false,"template":"","format":"standard","meta":{"_acf_changed":false,"footnotes":""},"categories":[90,95,194],"tags":[],"class_list":["post-26557","post","type-post","status-publish","format-standard","has-post-thumbnail","hentry","category-grands-formats","category-membres","category-evenements","entry-post-skin-light","entry","clearfix","entry-grid","entry-columns-default","entry-post-module-layout-sidebar-right","thumbnail-color-tone-dark","metro-landscape","entry-post","entry-masonry","entry-post-masonry"],"acf":[],"yoast_head":"<!-- This site is optimized with the Yoast SEO plugin v25.8 - https:\/\/yoast.com\/wordpress\/plugins\/seo\/ -->\n<title>SAVE THE DATE : La Rentr\u00e9e Grands Formats est de retour ! - Site officiel de la f\u00e9d\u00e9ration Grands Formats<\/title>\n<meta name=\"description\" content=\"La Rentr\u00e9e Grands Formats revient\u00a0du 12 octobre au 16 d\u00e9cembre 2023 ! Vous l&#039;attendiez avec impatience : c&#039;est le moment de vous donner...\" \/>\n<meta name=\"robots\" content=\"index, follow, max-snippet:-1, max-image-preview:large, max-video-preview:-1\" \/>\n<link rel=\"canonical\" href=\"https:\/\/www.grandsformats.com\/2023\/07\/save-the-date-la-rentree-grands-formats-est-de-retour\/\" \/>\n<meta property=\"og:locale\" content=\"en_US\" \/>\n<meta property=\"og:type\" content=\"article\" \/>\n<meta property=\"og:title\" content=\"SAVE THE DATE : La Rentr\u00e9e Grands Formats est de retour ! - Site officiel de la f\u00e9d\u00e9ration Grands Formats\" \/>\n<meta property=\"og:description\" content=\"La Rentr\u00e9e Grands Formats revient\u00a0du 12 octobre au 16 d\u00e9cembre 2023 ! Vous l&#039;attendiez avec impatience : c&#039;est le moment de vous donner...\" \/>\n<meta property=\"og:url\" content=\"https:\/\/www.grandsformats.com\/2023\/07\/save-the-date-la-rentree-grands-formats-est-de-retour\/\" \/>\n<meta property=\"og:site_name\" content=\"Site officiel de la f\u00e9d\u00e9ration Grands Formats\" \/>\n<meta property=\"article:publisher\" content=\"https:\/\/www.facebook.com\/grandsformats\/\" \/>\n<meta property=\"article:published_time\" content=\"2023-07-21T09:51:06+00:00\" \/>\n<meta property=\"og:image\" content=\"https:\/\/www.grandsformats.com\/wp-content\/uploads\/2023\/07\/bandeau-Rentre\u0301e-2023_site.png\" \/>\n\t<meta property=\"og:image:width\" content=\"1920\" \/>\n\t<meta property=\"og:image:height\" content=\"1080\" \/>\n\t<meta property=\"og:image:type\" content=\"image\/png\" \/>\n<meta name=\"author\" content=\"Laura Hanequand - Grands Formats\" \/>\n<meta name=\"twitter:card\" content=\"summary_large_image\" \/>\n<meta name=\"twitter:creator\" content=\"@GrandsFormatsGF\" \/>\n<meta name=\"twitter:site\" content=\"@GrandsFormatsGF\" \/>\n<meta name=\"twitter:label1\" content=\"Written by\" \/>\n\t<meta name=\"twitter:data1\" content=\"Laura Hanequand - Grands Formats\" \/>\n\t<meta name=\"twitter:label2\" content=\"Est. reading time\" \/>\n\t<meta name=\"twitter:data2\" content=\"2 minutes\" \/>\n<script type=\"application\/ld+json\" class=\"yoast-schema-graph\">{\"@context\":\"https:\/\/schema.org\",\"@graph\":[{\"@type\":\"Article\",\"@id\":\"https:\/\/www.grandsformats.com\/2023\/07\/save-the-date-la-rentree-grands-formats-est-de-retour\/#article\",\"isPartOf\":{\"@id\":\"https:\/\/www.grandsformats.com\/2023\/07\/save-the-date-la-rentree-grands-formats-est-de-retour\/\"},\"author\":{\"name\":\"Laura Hanequand - Grands Formats\",\"@id\":\"https:\/\/www.grandsformats.com\/#\/schema\/person\/56c2866069b6967b2c7becd25c9b4dbb\"},\"headline\":\"SAVE THE DATE : La Rentr\u00e9e Grands Formats est de retour !\",\"datePublished\":\"2023-07-21T09:51:06+00:00\",\"mainEntityOfPage\":{\"@id\":\"https:\/\/www.grandsformats.com\/2023\/07\/save-the-date-la-rentree-grands-formats-est-de-retour\/\"},\"wordCount\":249,\"commentCount\":0,\"publisher\":{\"@id\":\"https:\/\/www.grandsformats.com\/#organization\"},\"image\":{\"@id\":\"https:\/\/www.grandsformats.com\/2023\/07\/save-the-date-la-rentree-grands-formats-est-de-retour\/#primaryimage\"},\"thumbnailUrl\":\"https:\/\/www.grandsformats.com\/wp-content\/uploads\/2023\/07\/bandeau-Rentre\u0301e-2023_site.png\",\"articleSection\":[\"Actus de la f\u00e9d\u00e9\",\"Actus des membres\",\"Ev\u00e8nements\"],\"inLanguage\":\"en-US\",\"potentialAction\":[{\"@type\":\"CommentAction\",\"name\":\"Comment\",\"target\":[\"https:\/\/www.grandsformats.com\/2023\/07\/save-the-date-la-rentree-grands-formats-est-de-retour\/#respond\"]}]},{\"@type\":\"WebPage\",\"@id\":\"https:\/\/www.grandsformats.com\/2023\/07\/save-the-date-la-rentree-grands-formats-est-de-retour\/\",\"url\":\"https:\/\/www.grandsformats.com\/2023\/07\/save-the-date-la-rentree-grands-formats-est-de-retour\/\",\"name\":\"SAVE THE DATE : La Rentr\u00e9e Grands Formats est de retour ! - Site officiel de la f\u00e9d\u00e9ration Grands Formats\",\"isPartOf\":{\"@id\":\"https:\/\/www.grandsformats.com\/#website\"},\"primaryImageOfPage\":{\"@id\":\"https:\/\/www.grandsformats.com\/2023\/07\/save-the-date-la-rentree-grands-formats-est-de-retour\/#primaryimage\"},\"image\":{\"@id\":\"https:\/\/www.grandsformats.com\/2023\/07\/save-the-date-la-rentree-grands-formats-est-de-retour\/#primaryimage\"},\"thumbnailUrl\":\"https:\/\/www.grandsformats.com\/wp-content\/uploads\/2023\/07\/bandeau-Rentre\u0301e-2023_site.png\",\"datePublished\":\"2023-07-21T09:51:06+00:00\",\"description\":\"La Rentr\u00e9e Grands Formats revient\u00a0du 12 octobre au 16 d\u00e9cembre 2023 ! Vous l'attendiez avec impatience : c'est le moment de vous donner...\",\"breadcrumb\":{\"@id\":\"https:\/\/www.grandsformats.com\/2023\/07\/save-the-date-la-rentree-grands-formats-est-de-retour\/#breadcrumb\"},\"inLanguage\":\"en-US\",\"potentialAction\":[{\"@type\":\"ReadAction\",\"target\":[\"https:\/\/www.grandsformats.com\/2023\/07\/save-the-date-la-rentree-grands-formats-est-de-retour\/\"]}]},{\"@type\":\"ImageObject\",\"inLanguage\":\"en-US\",\"@id\":\"https:\/\/www.grandsformats.com\/2023\/07\/save-the-date-la-rentree-grands-formats-est-de-retour\/#primaryimage\",\"url\":\"https:\/\/www.grandsformats.com\/wp-content\/uploads\/2023\/07\/bandeau-Rentre\u0301e-2023_site.png\",\"contentUrl\":\"https:\/\/www.grandsformats.com\/wp-content\/uploads\/2023\/07\/bandeau-Rentre\u0301e-2023_site.png\",\"width\":1920,\"height\":1080,\"caption\":\"Rentr\u00e9e Grands Formats 2023\"},{\"@type\":\"BreadcrumbList\",\"@id\":\"https:\/\/www.grandsformats.com\/2023\/07\/save-the-date-la-rentree-grands-formats-est-de-retour\/#breadcrumb\",\"itemListElement\":[{\"@type\":\"ListItem\",\"position\":1,\"name\":\"Accueil\",\"item\":\"https:\/\/www.grandsformats.com\/en\/\"},{\"@type\":\"ListItem\",\"position\":2,\"name\":\"SAVE THE DATE : La Rentr\u00e9e Grands Formats est de retour !\"}]},{\"@type\":\"WebSite\",\"@id\":\"https:\/\/www.grandsformats.com\/#website\",\"url\":\"https:\/\/www.grandsformats.com\/\",\"name\":\"Site officiel de la f\u00e9d\u00e9ration Grands Formats\",\"description\":\"F\u00e9d\u00e9ration d&#039;artistes pour la musique en grand !\",\"publisher\":{\"@id\":\"https:\/\/www.grandsformats.com\/#organization\"},\"potentialAction\":[{\"@type\":\"SearchAction\",\"target\":{\"@type\":\"EntryPoint\",\"urlTemplate\":\"https:\/\/www.grandsformats.com\/?s={search_term_string}\"},\"query-input\":{\"@type\":\"PropertyValueSpecification\",\"valueRequired\":true,\"valueName\":\"search_term_string\"}}],\"inLanguage\":\"en-US\"},{\"@type\":\"Organization\",\"@id\":\"https:\/\/www.grandsformats.com\/#organization\",\"name\":\"Grands Formats\",\"url\":\"https:\/\/www.grandsformats.com\/\",\"logo\":{\"@type\":\"ImageObject\",\"inLanguage\":\"en-US\",\"@id\":\"https:\/\/www.grandsformats.com\/#\/schema\/logo\/image\/\",\"url\":\"https:\/\/www.grandsformats.com\/wp-content\/uploads\/2020\/03\/logo-GF-200.png\",\"contentUrl\":\"https:\/\/www.grandsformats.com\/wp-content\/uploads\/2020\/03\/logo-GF-200.png\",\"width\":155,\"height\":200,\"caption\":\"Grands Formats\"},\"image\":{\"@id\":\"https:\/\/www.grandsformats.com\/#\/schema\/logo\/image\/\"},\"sameAs\":[\"https:\/\/www.facebook.com\/grandsformats\/\",\"https:\/\/x.com\/GrandsFormatsGF\",\"https:\/\/www.instagram.com\/grandsformats\/\",\"https:\/\/www.youtube.com\/channel\/UCJ7k9dbqc_DG-nxI3WMPvhw?view_as=subscriberhttps:\/\/www.youtube.com\/channel\/UCJ7k9dbqc_DG-nxI3WMPvhw?view_as=subscriber\"]},{\"@type\":\"Person\",\"@id\":\"https:\/\/www.grandsformats.com\/#\/schema\/person\/56c2866069b6967b2c7becd25c9b4dbb\",\"name\":\"Laura Hanequand - Grands Formats\",\"image\":{\"@type\":\"ImageObject\",\"inLanguage\":\"en-US\",\"@id\":\"https:\/\/www.grandsformats.com\/#\/schema\/person\/image\/\",\"url\":\"https:\/\/secure.gravatar.com\/avatar\/6d52edecb86835c2b7e81a2cdb8965ae325b4045b44f9043177428c622c06643?s=96&d=mm&r=g\",\"contentUrl\":\"https:\/\/secure.gravatar.com\/avatar\/6d52edecb86835c2b7e81a2cdb8965ae325b4045b44f9043177428c622c06643?s=96&d=mm&r=g\",\"caption\":\"Laura Hanequand - Grands Formats\"},\"url\":\"https:\/\/www.grandsformats.com\/en\/author\/lauragrandsformats-com\/\"}]}<\/script>\n<!-- \/ Yoast SEO plugin. -->","yoast_head_json":{"title":"SAVE THE DATE : La Rentr\u00e9e Grands Formats est de retour ! - Site officiel de la f\u00e9d\u00e9ration Grands Formats","description":"La Rentr\u00e9e Grands Formats revient\u00a0du 12 octobre au 16 d\u00e9cembre 2023 ! Vous l'attendiez avec impatience : c'est le moment de vous donner...","robots":{"index":"index","follow":"follow","max-snippet":"max-snippet:-1","max-image-preview":"max-image-preview:large","max-video-preview":"max-video-preview:-1"},"canonical":"https:\/\/www.grandsformats.com\/2023\/07\/save-the-date-la-rentree-grands-formats-est-de-retour\/","og_locale":"en_US","og_type":"article","og_title":"SAVE THE DATE : La Rentr\u00e9e Grands Formats est de retour ! - Site officiel de la f\u00e9d\u00e9ration Grands Formats","og_description":"La Rentr\u00e9e Grands Formats revient\u00a0du 12 octobre au 16 d\u00e9cembre 2023 ! Vous l'attendiez avec impatience : c'est le moment de vous donner...","og_url":"https:\/\/www.grandsformats.com\/2023\/07\/save-the-date-la-rentree-grands-formats-est-de-retour\/","og_site_name":"Site officiel de la f\u00e9d\u00e9ration Grands Formats","article_publisher":"https:\/\/www.facebook.com\/grandsformats\/","article_published_time":"2023-07-21T09:51:06+00:00","og_image":[{"width":1920,"height":1080,"url":"https:\/\/www.grandsformats.com\/wp-content\/uploads\/2023\/07\/bandeau-Rentre\u0301e-2023_site.png","type":"image\/png"}],"author":"Laura Hanequand - Grands Formats","twitter_card":"summary_large_image","twitter_creator":"@GrandsFormatsGF","twitter_site":"@GrandsFormatsGF","twitter_misc":{"Written by":"Laura Hanequand - Grands Formats","Est. reading time":"2 minutes"},"schema":{"@context":"https:\/\/schema.org","@graph":[{"@type":"Article","@id":"https:\/\/www.grandsformats.com\/2023\/07\/save-the-date-la-rentree-grands-formats-est-de-retour\/#article","isPartOf":{"@id":"https:\/\/www.grandsformats.com\/2023\/07\/save-the-date-la-rentree-grands-formats-est-de-retour\/"},"author":{"name":"Laura Hanequand - Grands Formats","@id":"https:\/\/www.grandsformats.com\/#\/schema\/person\/56c2866069b6967b2c7becd25c9b4dbb"},"headline":"SAVE THE DATE : La Rentr\u00e9e Grands Formats est de retour !","datePublished":"2023-07-21T09:51:06+00:00","mainEntityOfPage":{"@id":"https:\/\/www.grandsformats.com\/2023\/07\/save-the-date-la-rentree-grands-formats-est-de-retour\/"},"wordCount":249,"commentCount":0,"publisher":{"@id":"https:\/\/www.grandsformats.com\/#organization"},"image":{"@id":"https:\/\/www.grandsformats.com\/2023\/07\/save-the-date-la-rentree-grands-formats-est-de-retour\/#primaryimage"},"thumbnailUrl":"https:\/\/www.grandsformats.com\/wp-content\/uploads\/2023\/07\/bandeau-Rentre\u0301e-2023_site.png","articleSection":["Actus de la f\u00e9d\u00e9","Actus des membres","Ev\u00e8nements"],"inLanguage":"en-US","potentialAction":[{"@type":"CommentAction","name":"Comment","target":["https:\/\/www.grandsformats.com\/2023\/07\/save-the-date-la-rentree-grands-formats-est-de-retour\/#respond"]}]},{"@type":"WebPage","@id":"https:\/\/www.grandsformats.com\/2023\/07\/save-the-date-la-rentree-grands-formats-est-de-retour\/","url":"https:\/\/www.grandsformats.com\/2023\/07\/save-the-date-la-rentree-grands-formats-est-de-retour\/","name":"SAVE THE DATE : La Rentr\u00e9e Grands Formats est de retour ! - Site officiel de la f\u00e9d\u00e9ration Grands Formats","isPartOf":{"@id":"https:\/\/www.grandsformats.com\/#website"},"primaryImageOfPage":{"@id":"https:\/\/www.grandsformats.com\/2023\/07\/save-the-date-la-rentree-grands-formats-est-de-retour\/#primaryimage"},"image":{"@id":"https:\/\/www.grandsformats.com\/2023\/07\/save-the-date-la-rentree-grands-formats-est-de-retour\/#primaryimage"},"thumbnailUrl":"https:\/\/www.grandsformats.com\/wp-content\/uploads\/2023\/07\/bandeau-Rentre\u0301e-2023_site.png","datePublished":"2023-07-21T09:51:06+00:00","description":"La Rentr\u00e9e Grands Formats revient\u00a0du 12 octobre au 16 d\u00e9cembre 2023 ! Vous l'attendiez avec impatience : c'est le moment de vous donner...","breadcrumb":{"@id":"https:\/\/www.grandsformats.com\/2023\/07\/save-the-date-la-rentree-grands-formats-est-de-retour\/#breadcrumb"},"inLanguage":"en-US","potentialAction":[{"@type":"ReadAction","target":["https:\/\/www.grandsformats.com\/2023\/07\/save-the-date-la-rentree-grands-formats-est-de-retour\/"]}]},{"@type":"ImageObject","inLanguage":"en-US","@id":"https:\/\/www.grandsformats.com\/2023\/07\/save-the-date-la-rentree-grands-formats-est-de-retour\/#primaryimage","url":"https:\/\/www.grandsformats.com\/wp-content\/uploads\/2023\/07\/bandeau-Rentre\u0301e-2023_site.png","contentUrl":"https:\/\/www.grandsformats.com\/wp-content\/uploads\/2023\/07\/bandeau-Rentre\u0301e-2023_site.png","width":1920,"height":1080,"caption":"Rentr\u00e9e Grands Formats 2023"},{"@type":"BreadcrumbList","@id":"https:\/\/www.grandsformats.com\/2023\/07\/save-the-date-la-rentree-grands-formats-est-de-retour\/#breadcrumb","itemListElement":[{"@type":"ListItem","position":1,"name":"Accueil","item":"https:\/\/www.grandsformats.com\/en\/"},{"@type":"ListItem","position":2,"name":"SAVE THE DATE : La Rentr\u00e9e Grands Formats est de retour !"}]},{"@type":"WebSite","@id":"https:\/\/www.grandsformats.com\/#website","url":"https:\/\/www.grandsformats.com\/","name":"Site officiel de la f\u00e9d\u00e9ration Grands Formats","description":"F\u00e9d\u00e9ration d&#039;artistes pour la musique en grand !","publisher":{"@id":"https:\/\/www.grandsformats.com\/#organization"},"potentialAction":[{"@type":"SearchAction","target":{"@type":"EntryPoint","urlTemplate":"https:\/\/www.grandsformats.com\/?s={search_term_string}"},"query-input":{"@type":"PropertyValueSpecification","valueRequired":true,"valueName":"search_term_string"}}],"inLanguage":"en-US"},{"@type":"Organization","@id":"https:\/\/www.grandsformats.com\/#organization","name":"Grands Formats","url":"https:\/\/www.grandsformats.com\/","logo":{"@type":"ImageObject","inLanguage":"en-US","@id":"https:\/\/www.grandsformats.com\/#\/schema\/logo\/image\/","url":"https:\/\/www.grandsformats.com\/wp-content\/uploads\/2020\/03\/logo-GF-200.png","contentUrl":"https:\/\/www.grandsformats.com\/wp-content\/uploads\/2020\/03\/logo-GF-200.png","width":155,"height":200,"caption":"Grands Formats"},"image":{"@id":"https:\/\/www.grandsformats.com\/#\/schema\/logo\/image\/"},"sameAs":["https:\/\/www.facebook.com\/grandsformats\/","https:\/\/x.com\/GrandsFormatsGF","https:\/\/www.instagram.com\/grandsformats\/","https:\/\/www.youtube.com\/channel\/UCJ7k9dbqc_DG-nxI3WMPvhw?view_as=subscriberhttps:\/\/www.youtube.com\/channel\/UCJ7k9dbqc_DG-nxI3WMPvhw?view_as=subscriber"]},{"@type":"Person","@id":"https:\/\/www.grandsformats.com\/#\/schema\/person\/56c2866069b6967b2c7becd25c9b4dbb","name":"Laura Hanequand - Grands Formats","image":{"@type":"ImageObject","inLanguage":"en-US","@id":"https:\/\/www.grandsformats.com\/#\/schema\/person\/image\/","url":"https:\/\/secure.gravatar.com\/avatar\/6d52edecb86835c2b7e81a2cdb8965ae325b4045b44f9043177428c622c06643?s=96&d=mm&r=g","contentUrl":"https:\/\/secure.gravatar.com\/avatar\/6d52edecb86835c2b7e81a2cdb8965ae325b4045b44f9043177428c622c06643?s=96&d=mm&r=g","caption":"Laura Hanequand - Grands Formats"},"url":"https:\/\/www.grandsformats.com\/en\/author\/lauragrandsformats-com\/"}]}},"_links":{"self":[{"href":"https:\/\/www.grandsformats.com\/en\/wp-json\/wp\/v2\/posts\/26557","targetHints":{"allow":["GET"]}}],"collection":[{"href":"https:\/\/www.grandsformats.com\/en\/wp-json\/wp\/v2\/posts"}],"about":[{"href":"https:\/\/www.grandsformats.com\/en\/wp-json\/wp\/v2\/types\/post"}],"author":[{"embeddable":true,"href":"https:\/\/www.grandsformats.com\/en\/wp-json\/wp\/v2\/users\/161"}],"replies":[{"embeddable":true,"href":"https:\/\/www.grandsformats.com\/en\/wp-json\/wp\/v2\/comments?post=26557"}],"version-history":[{"count":0,"href":"https:\/\/www.grandsformats.com\/en\/wp-json\/wp\/v2\/posts\/26557\/revisions"}],"wp:featuredmedia":[{"embeddable":true,"href":"https:\/\/www.grandsformats.com\/en\/wp-json\/wp\/v2\/media\/26558"}],"wp:attachment":[{"href":"https:\/\/www.grandsformats.com\/en\/wp-json\/wp\/v2\/media?parent=26557"}],"wp:term":[{"taxonomy":"category","embeddable":true,"href":"https:\/\/www.grandsformats.com\/en\/wp-json\/wp\/v2\/categories?post=26557"},{"taxonomy":"post_tag","embeddable":true,"href":"https:\/\/www.grandsformats.com\/en\/wp-json\/wp\/v2\/tags?post=26557"}],"curies":[{"name":"wp","href":"https:\/\/api.w.org\/{rel}","templated":true}]}}