{"id":26525,"date":"2023-07-17T10:46:08","date_gmt":"2023-07-17T08:46:08","guid":{"rendered":"https:\/\/www.grandsformats.com\/?p=26525"},"modified":"2023-07-17T10:47:47","modified_gmt":"2023-07-17T08:47:47","slug":"un-ete-en-suspens","status":"publish","type":"post","link":"https:\/\/www.grandsformats.com\/en\/2023\/07\/un-ete-en-suspens\/","title":{"rendered":"Un \u00e9t\u00e9 en suspens"},"content":{"rendered":"<p>La saison 2022\/2023 se termine, les festivals d\u2019\u00e9t\u00e9 commencent, il y a plein de groupes de qualit\u00e9, des r\u00e9pertoires parfaitement pr\u00eats, des cr\u00e9ations \u00e0 proposer, \u00e9crites par des musiciens exp\u00e9riment\u00e9s, mais aussi par des jeunes musiciens, tr\u00e8s bons, tr\u00e8s motiv\u00e9s. Beaucoup de disques aussi, de qualit\u00e9, tr\u00e8s bien mix\u00e9s, par des passionn\u00e9s de son, de studio et de machines g\u00e9niales anciennes et modernes. Des disques souvent press\u00e9s en vinyles, permettant de mettre en valeur le travail d\u2019un graphiste tout aussi passionn\u00e9.<\/p>\n<p>Cette saison pass\u00e9e, premi\u00e8re vraie saison d\u2019apr\u00e8s crise sanitaire, a battu son plein. Entre derniers reports de programmation, reprise des tourn\u00e9es \u00e0 l\u2019export, et l\u2019impatience de jouer ces r\u00e9pertoires cr\u00e9\u00e9s pendant l\u2019\u00e9pid\u00e9mie, coupl\u00e9e \u00e0 l\u2019impatience de d\u00e9fendre un ou deux disques sortis pendant cette p\u00e9riode. Impatience des salles \u00e0 les rouvrir, aux \u00e9quipes artistiques comme au public, et impatience aussi du public \u00e0 retourner au concert.<\/p>\n<p>Mais les perspectives pour 2023 et 2024 sont sombres. Les perspectives de diffusion d\u2019abord\u00a0: <a href=\"https:\/\/www.grandsformats.com\/wp-content\/uploads\/2023\/07\/E%CC%81tude-flash-diffusion-2022-2023.pdf\">l\u2019\u00e9tude flash r\u00e9alis\u00e9e par Grands Formats<\/a> montre une baisse de 25% de la diffusion entre 2022 et 2023, petites et grandes formations confondues. On entend d\u2019ailleurs que des salles et des festivals r\u00e9duisent leur programmation ou ferment leurs portes temporairement. Je pense \u00e0 la saison de Jazz \u00e0 Poitiers et au festival Bruismes, \u00e0 la Dynamo de Banlieues Bleues, \u00e0 l\u2019Arrosoir \u00e0 Chalon sur Sa\u00f4ne qui ferme purement et simplement apr\u00e8s 50 ans d\u2019existence. <a href=\"https:\/\/ajc-jazz.eu\/wp-content\/uploads\/2023\/07\/communique-ajc-030723-festivals-et-lieux-de-jazz.pdf\">Un communiqu\u00e9 du 3 juillet d\u2019AJC<\/a> interpelle sur la baisse des financements des lieux, avec en parall\u00e8le l\u2019augmentation de leurs frais de structure, et notamment de l\u2019\u00e9nergie.<\/p>\n<p>Du cot\u00e9 des \u00e9quipes artistiques, les financements baissent aussi. On a vu tout au long de l\u2019ann\u00e9e 2023 les crit\u00e8res du CNM se durcir. D\u2019abord la commission Cr\u00e9ation\/Production\/Diffusion, o\u00f9 le nombre de dates exig\u00e9es passe de 5 \u00e0 8, ce qui, dans un contexte de baisse de la diffusion, devient intenable. Ensuite, la commission d\u2019Aide \u00e0 la Production Phonographique, dont les crit\u00e8res vont difficilement permettre \u00e0 nos mod\u00e8les \u00e9conomiques d\u2019avoir \u00e0 la fois une activit\u00e9 de label et de production de spectacle. Les demandes d\u2019aide vont m\u00e9caniquement se reporter sur l\u2019aide \u00e0 la production phonographique propos\u00e9e par la MMC (Maison de la Musique Contemporaine), qui ne pourra r\u00e9pondre favorablement \u00e0 toutes.<\/p>\n<p>Les OGC (Spedidam, Adami, Sacem,\u2026) ont globalement toutes baiss\u00e9 leurs aides, ou durci leurs crit\u00e8res, ou refondu leur syst\u00e8me d\u2019aide, mais elles ont aussi particip\u00e9 moins que pr\u00e9vu au financement du CNM. Le Centre National de la Musique, apr\u00e8s avoir \u00e9t\u00e9 le guichet de l\u2019\u00e9tat pour les aides d\u2019urgence pendant la pand\u00e9mie, nous montre que son fonctionnement de croisi\u00e8re, donc son financement, n\u2019est pas garanti et ne l\u2019a jamais \u00e9t\u00e9, et qu\u2019il ne sera pas pour nos mod\u00e8les \u00e9conomiques et nos esth\u00e9tiques le partenaire qu\u2019on nous a pr\u00e9sent\u00e9 lors de sa cr\u00e9ation. La mission de diversit\u00e9 du CNM est math\u00e9matiquement difficile \u00e0 mettre en \u0153uvre sans financement. Aussi, les diverses recommandations du rapport Bargeton sont, \u00e0 mon avis, \u00e0 suivre\u00a0: une taxe sur le streaming doit \u00eatre mise en place, tout comme un abaissement du pourcentage de droit de tirage, une participation des OGC r\u00e9\u00e9valu\u00e9e, et une r\u00e9flexion sur l\u2019\u00e9largissement de la taxe sur la billetterie aux esth\u00e9tiques classiques et contemporaines.<\/p>\n<p>D\u2019Accord Majeur, \u00e0 Aix en Provence ce 12 juillet, il faudra retenir la d\u00e9ception lors de la prise de parole de la Ministre de la Culture, o\u00f9 aucune solution n\u2019a \u00e9t\u00e9 apport\u00e9e aux probl\u00e9matiques actuelles\u00a0: la fragilisation des musiques de cr\u00e9ations, dont le jazz, et le probl\u00e8me majeur qu\u2019est la diffusion. Il faut absolument s\u2019attaquer au probl\u00e8me du manque de diffusion\u00a0: cr\u00e9er des r\u00e9pertoires, a fortiori en grande formation, qui ne sont jou\u00e9s que 3 ou 4 fois n\u2019est plus possible. Certaines initiatives comme le programme de Soutien \u00e0 la Cr\u00e9ation Mutualis\u00e9e en Musiques Actuelles, annonc\u00e9 par la DGCA, sont int\u00e9ressants, mais avec 6 dates et 3\u00a0partenaires diffuseurs, ce ne sera pas une aide destin\u00e9e aux artistes les plus \u00e9mergents.<\/p>\n<p>Quoi qu\u2019il en soit, apr\u00e8s une allocution du Pr\u00e9sident de la R\u00e9publique lors de la F\u00eate de la Musique qui avait enthousiasm\u00e9 le secteur, force est de constater que les inqui\u00e9tudes demeurent, et vont demeurer jusqu&#8217;au vote du PLF (Projet de Loi de Finances). Les budgets nouveaux pour lesquels notre Ministre a dit se battre, doivent servir \u00e0 diffuser la musique, c\u2019est la priorit\u00e9.<\/p>\n<p>Par ailleurs, la structuration des \u00e9quipes artistiques, comprenant l\u2019emploi de permanents, doit aussi \u00eatre une priorit\u00e9 pour les DRAC et la DGCA. Le parcours de ces \u00e9quipes et leur soutien dans le temps est un puissant outil qu\u2019il faut conserver.<\/p>\n<p>Je pense d\u2019ailleurs que les initiatives des \u00e9quipes artistiques, en termes de diffusion et d\u2019\u00e9change, doivent \u00eatre accompagn\u00e9es par l\u2019Etat, via les DRAC et la DGCA. Grands Formats propose d\u2019ouvrir \u00e0 partir de la rentr\u00e9e une concertation entre ses membres et les compagnies artistiques non membres qui le souhaitent, afin de relancer l\u2019initiative \u00ab\u00a0Collision Collective\u00a0\u00bb qui existait entre 2015 et 2017, et mettait en valeur des initiatives d\u2019\u00e9changes entre des \u00e9quipes artistiques (souvent des collectifs), en y associant \u00e9videmment des lieux de diffusion.<\/p>\n<p>Car nous avons besoin des lieux et les lieux ont besoin des artistes. Nous allons coop\u00e9rer avec les collectivit\u00e9s, mutualiser des co\u00fbts, comme nous y engage notre Ministre, m\u00eame si nous le faisons d\u00e9j\u00e0 depuis longtemps, mais nous attendons tous de l\u2019Etat de vrais engagements sur des moyens financiers permettant la diffusion. Car un\u00b7e musicien\u00b7ne fait des concerts, joue sur sc\u00e8ne, devant du public, c\u2019est sa raison de vivre.<\/p>\n<p><strong>Par Alexandre Herer, pr\u00e9sident de Grands Formats, pour Onze Heures Onze<\/strong><\/p>\n","protected":false},"excerpt":{"rendered":"<p>La saison 2022\/2023 se termine, les festivals d\u2019\u00e9t\u00e9 commencent, il y a plein de groupes de qualit\u00e9, des r\u00e9pertoires parfaitement pr\u00eats, des cr\u00e9ations \u00e0 proposer, \u00e9crites par des musiciens exp\u00e9riment\u00e9s, mais aussi par des jeunes musiciens, tr\u00e8s bons, tr\u00e8s motiv\u00e9s. Beaucoup de disques aussi, de qualit\u00e9, tr\u00e8s bien mix\u00e9s, par des passionn\u00e9s de son, de&#8230;<\/p>\n<p><a rel=\"bookmark\" class=\"theme-button-text wvc-button wvc-button-size-xs\" href=\"https:\/\/www.grandsformats.com\/en\/2023\/07\/un-ete-en-suspens\/\"><small class=\"wvc-button-background-fill\"><\/small><span>Continue reading<\/span><\/a><\/p>\n","protected":false},"author":161,"featured_media":26527,"comment_status":"open","ping_status":"open","sticky":false,"template":"","format":"standard","meta":{"_acf_changed":false,"footnotes":""},"categories":[862,224],"tags":[],"class_list":["post-26525","post","type-post","status-publish","format-standard","has-post-thumbnail","hentry","category-onze-heures-onze","category-tribunes","entry-post-skin-light","entry","clearfix","entry-grid","entry-columns-default","entry-post-module-layout-sidebar-right","thumbnail-color-tone-dark","metro-landscape","entry-post","entry-masonry","entry-post-masonry"],"acf":[],"yoast_head":"<!-- This site is optimized with the Yoast SEO plugin v25.8 - https:\/\/yoast.com\/wordpress\/plugins\/seo\/ -->\n<title>Un \u00e9t\u00e9 en suspens - Site officiel de la f\u00e9d\u00e9ration Grands Formats<\/title>\n<meta name=\"description\" content=\"La saison 2022\/2023 se termine, les festivals d\u2019\u00e9t\u00e9 commencent, il y a plein de groupes de qualit\u00e9, des r\u00e9pertoires parfaitement pr\u00eats,\" \/>\n<meta name=\"robots\" content=\"index, follow, max-snippet:-1, max-image-preview:large, max-video-preview:-1\" \/>\n<link rel=\"canonical\" href=\"https:\/\/www.grandsformats.com\/2023\/07\/un-ete-en-suspens\/\" \/>\n<meta property=\"og:locale\" content=\"en_US\" \/>\n<meta property=\"og:type\" content=\"article\" \/>\n<meta property=\"og:title\" content=\"Un \u00e9t\u00e9 en suspens - Site officiel de la f\u00e9d\u00e9ration Grands Formats\" \/>\n<meta property=\"og:description\" content=\"La saison 2022\/2023 se termine, les festivals d\u2019\u00e9t\u00e9 commencent, il y a plein de groupes de qualit\u00e9, des r\u00e9pertoires parfaitement pr\u00eats,\" \/>\n<meta property=\"og:url\" content=\"https:\/\/www.grandsformats.com\/2023\/07\/un-ete-en-suspens\/\" \/>\n<meta property=\"og:site_name\" content=\"Site officiel de la f\u00e9d\u00e9ration Grands Formats\" \/>\n<meta property=\"article:publisher\" content=\"https:\/\/www.facebook.com\/grandsformats\/\" \/>\n<meta property=\"article:published_time\" content=\"2023-07-17T08:46:08+00:00\" \/>\n<meta property=\"article:modified_time\" content=\"2023-07-17T08:47:47+00:00\" \/>\n<meta property=\"og:image\" content=\"https:\/\/www.grandsformats.com\/wp-content\/uploads\/2023\/07\/169Alex_herer.jpg\" \/>\n\t<meta property=\"og:image:width\" content=\"1920\" \/>\n\t<meta property=\"og:image:height\" content=\"1080\" \/>\n\t<meta property=\"og:image:type\" content=\"image\/jpeg\" \/>\n<meta name=\"author\" content=\"Laura Hanequand - Grands Formats\" \/>\n<meta name=\"twitter:card\" content=\"summary_large_image\" \/>\n<meta name=\"twitter:creator\" content=\"@GrandsFormatsGF\" \/>\n<meta name=\"twitter:site\" content=\"@GrandsFormatsGF\" \/>\n<meta name=\"twitter:label1\" content=\"Written by\" \/>\n\t<meta name=\"twitter:data1\" content=\"Laura Hanequand - Grands Formats\" \/>\n\t<meta name=\"twitter:label2\" content=\"Est. reading time\" \/>\n\t<meta name=\"twitter:data2\" content=\"5 minutes\" \/>\n<script type=\"application\/ld+json\" class=\"yoast-schema-graph\">{\"@context\":\"https:\/\/schema.org\",\"@graph\":[{\"@type\":\"Article\",\"@id\":\"https:\/\/www.grandsformats.com\/2023\/07\/un-ete-en-suspens\/#article\",\"isPartOf\":{\"@id\":\"https:\/\/www.grandsformats.com\/2023\/07\/un-ete-en-suspens\/\"},\"author\":{\"name\":\"Laura Hanequand - Grands Formats\",\"@id\":\"https:\/\/www.grandsformats.com\/#\/schema\/person\/56c2866069b6967b2c7becd25c9b4dbb\"},\"headline\":\"Un \u00e9t\u00e9 en suspens\",\"datePublished\":\"2023-07-17T08:46:08+00:00\",\"dateModified\":\"2023-07-17T08:47:47+00:00\",\"mainEntityOfPage\":{\"@id\":\"https:\/\/www.grandsformats.com\/2023\/07\/un-ete-en-suspens\/\"},\"wordCount\":1016,\"commentCount\":0,\"publisher\":{\"@id\":\"https:\/\/www.grandsformats.com\/#organization\"},\"image\":{\"@id\":\"https:\/\/www.grandsformats.com\/2023\/07\/un-ete-en-suspens\/#primaryimage\"},\"thumbnailUrl\":\"https:\/\/www.grandsformats.com\/wp-content\/uploads\/2023\/07\/169Alex_herer.jpg\",\"articleSection\":[\"Onze Heures Onze\",\"Tribunes\"],\"inLanguage\":\"en-US\",\"potentialAction\":[{\"@type\":\"CommentAction\",\"name\":\"Comment\",\"target\":[\"https:\/\/www.grandsformats.com\/2023\/07\/un-ete-en-suspens\/#respond\"]}]},{\"@type\":\"WebPage\",\"@id\":\"https:\/\/www.grandsformats.com\/2023\/07\/un-ete-en-suspens\/\",\"url\":\"https:\/\/www.grandsformats.com\/2023\/07\/un-ete-en-suspens\/\",\"name\":\"Un \u00e9t\u00e9 en suspens - Site officiel de la f\u00e9d\u00e9ration Grands Formats\",\"isPartOf\":{\"@id\":\"https:\/\/www.grandsformats.com\/#website\"},\"primaryImageOfPage\":{\"@id\":\"https:\/\/www.grandsformats.com\/2023\/07\/un-ete-en-suspens\/#primaryimage\"},\"image\":{\"@id\":\"https:\/\/www.grandsformats.com\/2023\/07\/un-ete-en-suspens\/#primaryimage\"},\"thumbnailUrl\":\"https:\/\/www.grandsformats.com\/wp-content\/uploads\/2023\/07\/169Alex_herer.jpg\",\"datePublished\":\"2023-07-17T08:46:08+00:00\",\"dateModified\":\"2023-07-17T08:47:47+00:00\",\"description\":\"La saison 2022\/2023 se termine, les festivals d\u2019\u00e9t\u00e9 commencent, il y a plein de groupes de qualit\u00e9, des r\u00e9pertoires parfaitement pr\u00eats,\",\"breadcrumb\":{\"@id\":\"https:\/\/www.grandsformats.com\/2023\/07\/un-ete-en-suspens\/#breadcrumb\"},\"inLanguage\":\"en-US\",\"potentialAction\":[{\"@type\":\"ReadAction\",\"target\":[\"https:\/\/www.grandsformats.com\/2023\/07\/un-ete-en-suspens\/\"]}]},{\"@type\":\"ImageObject\",\"inLanguage\":\"en-US\",\"@id\":\"https:\/\/www.grandsformats.com\/2023\/07\/un-ete-en-suspens\/#primaryimage\",\"url\":\"https:\/\/www.grandsformats.com\/wp-content\/uploads\/2023\/07\/169Alex_herer.jpg\",\"contentUrl\":\"https:\/\/www.grandsformats.com\/wp-content\/uploads\/2023\/07\/169Alex_herer.jpg\",\"width\":1920,\"height\":1080,\"caption\":\"Alexandre Herer\"},{\"@type\":\"BreadcrumbList\",\"@id\":\"https:\/\/www.grandsformats.com\/2023\/07\/un-ete-en-suspens\/#breadcrumb\",\"itemListElement\":[{\"@type\":\"ListItem\",\"position\":1,\"name\":\"Accueil\",\"item\":\"https:\/\/www.grandsformats.com\/en\/\"},{\"@type\":\"ListItem\",\"position\":2,\"name\":\"Un \u00e9t\u00e9 en suspens\"}]},{\"@type\":\"WebSite\",\"@id\":\"https:\/\/www.grandsformats.com\/#website\",\"url\":\"https:\/\/www.grandsformats.com\/\",\"name\":\"Site officiel de la f\u00e9d\u00e9ration Grands Formats\",\"description\":\"F\u00e9d\u00e9ration d&#039;artistes pour la musique en grand !\",\"publisher\":{\"@id\":\"https:\/\/www.grandsformats.com\/#organization\"},\"potentialAction\":[{\"@type\":\"SearchAction\",\"target\":{\"@type\":\"EntryPoint\",\"urlTemplate\":\"https:\/\/www.grandsformats.com\/?s={search_term_string}\"},\"query-input\":{\"@type\":\"PropertyValueSpecification\",\"valueRequired\":true,\"valueName\":\"search_term_string\"}}],\"inLanguage\":\"en-US\"},{\"@type\":\"Organization\",\"@id\":\"https:\/\/www.grandsformats.com\/#organization\",\"name\":\"Grands Formats\",\"url\":\"https:\/\/www.grandsformats.com\/\",\"logo\":{\"@type\":\"ImageObject\",\"inLanguage\":\"en-US\",\"@id\":\"https:\/\/www.grandsformats.com\/#\/schema\/logo\/image\/\",\"url\":\"https:\/\/www.grandsformats.com\/wp-content\/uploads\/2020\/03\/logo-GF-200.png\",\"contentUrl\":\"https:\/\/www.grandsformats.com\/wp-content\/uploads\/2020\/03\/logo-GF-200.png\",\"width\":155,\"height\":200,\"caption\":\"Grands Formats\"},\"image\":{\"@id\":\"https:\/\/www.grandsformats.com\/#\/schema\/logo\/image\/\"},\"sameAs\":[\"https:\/\/www.facebook.com\/grandsformats\/\",\"https:\/\/x.com\/GrandsFormatsGF\",\"https:\/\/www.instagram.com\/grandsformats\/\",\"https:\/\/www.youtube.com\/channel\/UCJ7k9dbqc_DG-nxI3WMPvhw?view_as=subscriberhttps:\/\/www.youtube.com\/channel\/UCJ7k9dbqc_DG-nxI3WMPvhw?view_as=subscriber\"]},{\"@type\":\"Person\",\"@id\":\"https:\/\/www.grandsformats.com\/#\/schema\/person\/56c2866069b6967b2c7becd25c9b4dbb\",\"name\":\"Laura Hanequand - Grands Formats\",\"image\":{\"@type\":\"ImageObject\",\"inLanguage\":\"en-US\",\"@id\":\"https:\/\/www.grandsformats.com\/#\/schema\/person\/image\/\",\"url\":\"https:\/\/secure.gravatar.com\/avatar\/6d52edecb86835c2b7e81a2cdb8965ae325b4045b44f9043177428c622c06643?s=96&d=mm&r=g\",\"contentUrl\":\"https:\/\/secure.gravatar.com\/avatar\/6d52edecb86835c2b7e81a2cdb8965ae325b4045b44f9043177428c622c06643?s=96&d=mm&r=g\",\"caption\":\"Laura Hanequand - Grands Formats\"},\"url\":\"https:\/\/www.grandsformats.com\/en\/author\/lauragrandsformats-com\/\"}]}<\/script>\n<!-- \/ Yoast SEO plugin. -->","yoast_head_json":{"title":"Un \u00e9t\u00e9 en suspens - Site officiel de la f\u00e9d\u00e9ration Grands Formats","description":"La saison 2022\/2023 se termine, les festivals d\u2019\u00e9t\u00e9 commencent, il y a plein de groupes de qualit\u00e9, des r\u00e9pertoires parfaitement pr\u00eats,","robots":{"index":"index","follow":"follow","max-snippet":"max-snippet:-1","max-image-preview":"max-image-preview:large","max-video-preview":"max-video-preview:-1"},"canonical":"https:\/\/www.grandsformats.com\/2023\/07\/un-ete-en-suspens\/","og_locale":"en_US","og_type":"article","og_title":"Un \u00e9t\u00e9 en suspens - Site officiel de la f\u00e9d\u00e9ration Grands Formats","og_description":"La saison 2022\/2023 se termine, les festivals d\u2019\u00e9t\u00e9 commencent, il y a plein de groupes de qualit\u00e9, des r\u00e9pertoires parfaitement pr\u00eats,","og_url":"https:\/\/www.grandsformats.com\/2023\/07\/un-ete-en-suspens\/","og_site_name":"Site officiel de la f\u00e9d\u00e9ration Grands Formats","article_publisher":"https:\/\/www.facebook.com\/grandsformats\/","article_published_time":"2023-07-17T08:46:08+00:00","article_modified_time":"2023-07-17T08:47:47+00:00","og_image":[{"width":1920,"height":1080,"url":"https:\/\/www.grandsformats.com\/wp-content\/uploads\/2023\/07\/169Alex_herer.jpg","type":"image\/jpeg"}],"author":"Laura Hanequand - Grands Formats","twitter_card":"summary_large_image","twitter_creator":"@GrandsFormatsGF","twitter_site":"@GrandsFormatsGF","twitter_misc":{"Written by":"Laura Hanequand - Grands Formats","Est. reading time":"5 minutes"},"schema":{"@context":"https:\/\/schema.org","@graph":[{"@type":"Article","@id":"https:\/\/www.grandsformats.com\/2023\/07\/un-ete-en-suspens\/#article","isPartOf":{"@id":"https:\/\/www.grandsformats.com\/2023\/07\/un-ete-en-suspens\/"},"author":{"name":"Laura Hanequand - Grands Formats","@id":"https:\/\/www.grandsformats.com\/#\/schema\/person\/56c2866069b6967b2c7becd25c9b4dbb"},"headline":"Un \u00e9t\u00e9 en suspens","datePublished":"2023-07-17T08:46:08+00:00","dateModified":"2023-07-17T08:47:47+00:00","mainEntityOfPage":{"@id":"https:\/\/www.grandsformats.com\/2023\/07\/un-ete-en-suspens\/"},"wordCount":1016,"commentCount":0,"publisher":{"@id":"https:\/\/www.grandsformats.com\/#organization"},"image":{"@id":"https:\/\/www.grandsformats.com\/2023\/07\/un-ete-en-suspens\/#primaryimage"},"thumbnailUrl":"https:\/\/www.grandsformats.com\/wp-content\/uploads\/2023\/07\/169Alex_herer.jpg","articleSection":["Onze Heures Onze","Tribunes"],"inLanguage":"en-US","potentialAction":[{"@type":"CommentAction","name":"Comment","target":["https:\/\/www.grandsformats.com\/2023\/07\/un-ete-en-suspens\/#respond"]}]},{"@type":"WebPage","@id":"https:\/\/www.grandsformats.com\/2023\/07\/un-ete-en-suspens\/","url":"https:\/\/www.grandsformats.com\/2023\/07\/un-ete-en-suspens\/","name":"Un \u00e9t\u00e9 en suspens - Site officiel de la f\u00e9d\u00e9ration Grands Formats","isPartOf":{"@id":"https:\/\/www.grandsformats.com\/#website"},"primaryImageOfPage":{"@id":"https:\/\/www.grandsformats.com\/2023\/07\/un-ete-en-suspens\/#primaryimage"},"image":{"@id":"https:\/\/www.grandsformats.com\/2023\/07\/un-ete-en-suspens\/#primaryimage"},"thumbnailUrl":"https:\/\/www.grandsformats.com\/wp-content\/uploads\/2023\/07\/169Alex_herer.jpg","datePublished":"2023-07-17T08:46:08+00:00","dateModified":"2023-07-17T08:47:47+00:00","description":"La saison 2022\/2023 se termine, les festivals d\u2019\u00e9t\u00e9 commencent, il y a plein de groupes de qualit\u00e9, des r\u00e9pertoires parfaitement pr\u00eats,","breadcrumb":{"@id":"https:\/\/www.grandsformats.com\/2023\/07\/un-ete-en-suspens\/#breadcrumb"},"inLanguage":"en-US","potentialAction":[{"@type":"ReadAction","target":["https:\/\/www.grandsformats.com\/2023\/07\/un-ete-en-suspens\/"]}]},{"@type":"ImageObject","inLanguage":"en-US","@id":"https:\/\/www.grandsformats.com\/2023\/07\/un-ete-en-suspens\/#primaryimage","url":"https:\/\/www.grandsformats.com\/wp-content\/uploads\/2023\/07\/169Alex_herer.jpg","contentUrl":"https:\/\/www.grandsformats.com\/wp-content\/uploads\/2023\/07\/169Alex_herer.jpg","width":1920,"height":1080,"caption":"Alexandre Herer"},{"@type":"BreadcrumbList","@id":"https:\/\/www.grandsformats.com\/2023\/07\/un-ete-en-suspens\/#breadcrumb","itemListElement":[{"@type":"ListItem","position":1,"name":"Accueil","item":"https:\/\/www.grandsformats.com\/en\/"},{"@type":"ListItem","position":2,"name":"Un \u00e9t\u00e9 en suspens"}]},{"@type":"WebSite","@id":"https:\/\/www.grandsformats.com\/#website","url":"https:\/\/www.grandsformats.com\/","name":"Site officiel de la f\u00e9d\u00e9ration Grands Formats","description":"F\u00e9d\u00e9ration d&#039;artistes pour la musique en grand !","publisher":{"@id":"https:\/\/www.grandsformats.com\/#organization"},"potentialAction":[{"@type":"SearchAction","target":{"@type":"EntryPoint","urlTemplate":"https:\/\/www.grandsformats.com\/?s={search_term_string}"},"query-input":{"@type":"PropertyValueSpecification","valueRequired":true,"valueName":"search_term_string"}}],"inLanguage":"en-US"},{"@type":"Organization","@id":"https:\/\/www.grandsformats.com\/#organization","name":"Grands Formats","url":"https:\/\/www.grandsformats.com\/","logo":{"@type":"ImageObject","inLanguage":"en-US","@id":"https:\/\/www.grandsformats.com\/#\/schema\/logo\/image\/","url":"https:\/\/www.grandsformats.com\/wp-content\/uploads\/2020\/03\/logo-GF-200.png","contentUrl":"https:\/\/www.grandsformats.com\/wp-content\/uploads\/2020\/03\/logo-GF-200.png","width":155,"height":200,"caption":"Grands Formats"},"image":{"@id":"https:\/\/www.grandsformats.com\/#\/schema\/logo\/image\/"},"sameAs":["https:\/\/www.facebook.com\/grandsformats\/","https:\/\/x.com\/GrandsFormatsGF","https:\/\/www.instagram.com\/grandsformats\/","https:\/\/www.youtube.com\/channel\/UCJ7k9dbqc_DG-nxI3WMPvhw?view_as=subscriberhttps:\/\/www.youtube.com\/channel\/UCJ7k9dbqc_DG-nxI3WMPvhw?view_as=subscriber"]},{"@type":"Person","@id":"https:\/\/www.grandsformats.com\/#\/schema\/person\/56c2866069b6967b2c7becd25c9b4dbb","name":"Laura Hanequand - Grands Formats","image":{"@type":"ImageObject","inLanguage":"en-US","@id":"https:\/\/www.grandsformats.com\/#\/schema\/person\/image\/","url":"https:\/\/secure.gravatar.com\/avatar\/6d52edecb86835c2b7e81a2cdb8965ae325b4045b44f9043177428c622c06643?s=96&d=mm&r=g","contentUrl":"https:\/\/secure.gravatar.com\/avatar\/6d52edecb86835c2b7e81a2cdb8965ae325b4045b44f9043177428c622c06643?s=96&d=mm&r=g","caption":"Laura Hanequand - Grands Formats"},"url":"https:\/\/www.grandsformats.com\/en\/author\/lauragrandsformats-com\/"}]}},"_links":{"self":[{"href":"https:\/\/www.grandsformats.com\/en\/wp-json\/wp\/v2\/posts\/26525","targetHints":{"allow":["GET"]}}],"collection":[{"href":"https:\/\/www.grandsformats.com\/en\/wp-json\/wp\/v2\/posts"}],"about":[{"href":"https:\/\/www.grandsformats.com\/en\/wp-json\/wp\/v2\/types\/post"}],"author":[{"embeddable":true,"href":"https:\/\/www.grandsformats.com\/en\/wp-json\/wp\/v2\/users\/161"}],"replies":[{"embeddable":true,"href":"https:\/\/www.grandsformats.com\/en\/wp-json\/wp\/v2\/comments?post=26525"}],"version-history":[{"count":0,"href":"https:\/\/www.grandsformats.com\/en\/wp-json\/wp\/v2\/posts\/26525\/revisions"}],"wp:featuredmedia":[{"embeddable":true,"href":"https:\/\/www.grandsformats.com\/en\/wp-json\/wp\/v2\/media\/26527"}],"wp:attachment":[{"href":"https:\/\/www.grandsformats.com\/en\/wp-json\/wp\/v2\/media?parent=26525"}],"wp:term":[{"taxonomy":"category","embeddable":true,"href":"https:\/\/www.grandsformats.com\/en\/wp-json\/wp\/v2\/categories?post=26525"},{"taxonomy":"post_tag","embeddable":true,"href":"https:\/\/www.grandsformats.com\/en\/wp-json\/wp\/v2\/tags?post=26525"}],"curies":[{"name":"wp","href":"https:\/\/api.w.org\/{rel}","templated":true}]}}