{"id":26206,"date":"2023-06-05T14:36:11","date_gmt":"2023-06-05T12:36:11","guid":{"rendered":"https:\/\/www.grandsformats.com\/?p=26206"},"modified":"2023-06-05T14:36:11","modified_gmt":"2023-06-05T12:36:11","slug":"nouvelles-directions-associees-de-la-forge","status":"publish","type":"post","link":"https:\/\/www.grandsformats.com\/en\/2023\/06\/nouvelles-directions-associees-de-la-forge\/","title":{"rendered":"Nouvelles directions artistiques associ\u00e9es de la Forge"},"content":{"rendered":"<p>En avril dernier, La Forge lan\u00e7ait un appel \u00e0 candidatures pour sa direction artistique associ\u00e9e.<br \/>\nC&#8217;est donc Jessica Martin Maresco et Samuel Ber qui rejoignent l&#8217;\u00e9quipe !<\/p>\n<p><strong>Jessica MARTIN MARESCO<\/strong><\/p>\n<p>Vocaliste h\u00e9t\u00e9roclite, Jessica a un r\u00e9pertoire tr\u00e8s vari\u00e9 allant de <strong>Pergolese<\/strong> et <strong>Cl\u00e9ment Janequin<\/strong> avec des ensembles baroques comme <strong>Himna<\/strong>, \u00e0 des compositions r\u00e9solument plus contemporaines comme avec les ensembles <strong>Op.Cit<\/strong> et le <strong>Grand SBAM<\/strong>. Membre du collectif <strong>Dur &amp; Doux<\/strong> depuis plus de dix ans, elle explore l&#8217;expression vocale dans des groupes de rock comme <strong>Pili Co\u00eft<\/strong>, <strong>EZ3kiel<\/strong> ou <strong>Saddam Webcam<\/strong>. Elle exp\u00e9rimente \u00e9galement aux c\u00f4t\u00e9s de <strong>Benjamin Nid<\/strong>, et les ensembles <strong>SPANG<\/strong> et <strong>Attracteur Etrange<\/strong> dans un langage plus improvis\u00e9, des formes hybrides entre Soundpainting et Ecriture collective. Sujette aux escapades artistiques, elle \u00e9crit aussi parfois pour des spectacles, comme aux c\u00f4t\u00e9s de <strong>Denis Plassard<\/strong> pour sa compagnie de danse, ou <strong>Adama Diop<\/strong> pour la Com\u00e9die de Saint Etienne.<\/p>\n<p><a href=\"https:\/\/jessicamartinmaresco.com\/\">Pour d\u00e9couvrir son travail<\/a><\/p>\n<p><strong>Samuel BER<\/strong><\/p>\n<p>Samuel Ber est un batteur, compositeur et improvisateur belge. Avec ses projets Pentadox (avec <strong>Sylvain Debaisieux<\/strong> et <strong>Bram De Looze<\/strong>), le trio <strong>Malaby\/Dumoulin\/Ber<\/strong>, le nouveau duo avec le guitariste <strong>Todd Neufeld<\/strong>, et la performance interdisciplinaire et enti\u00e8rement improvis\u00e9es <strong>Scaphandres Party<\/strong>, il cherche des moyens cr\u00e9atifs permettant d\u2019acc\u00e9der \u00e0 un \u00e9tat de flux collectif o\u00f9 les voix individuelles, les points de vue, les concepts et les contextes coexistent et fusionnent. Il joue \u00e9galement avec <strong>KARTET<\/strong>,<strong> Beno\u00eet Delbecq &amp; The Multiplexers<\/strong>, <strong>Micha\u00ebl Attias European Quartet<\/strong>, le nouveau groupe d\u2019<strong>Antoine Viard Park\u2019R, M\u00e2\u00e4k<\/strong> et <strong>MikM\u00e2\u00e4k<\/strong> de <strong>Laurent Blondiau<\/strong>, <strong>Mantra Magnets<\/strong> de <strong>WBI Van Der Werf<\/strong>,<strong> Susanne Abbuehl<\/strong>, le <strong>Dream Tree trio<\/strong> de <strong>Soet Kempeneer<\/strong>, <strong>Richard Bonnet quartet<\/strong> et <strong>Der Baum trio<\/strong> de <strong>Sol L\u00e9na\u2014Schroll<\/strong>; et a jou\u00e9 avec <strong>Micha\u00ebl Attias, Matt Mitchell, Miles Perkin, Simon Jermyn, Guillaume Orti,<\/strong> <strong>Lotte Anker, Daniel Levin, Marc Ducret, Eve Risser, Antonin-Tri Hoang, Magic Malik, Antonin Rayon, Aymeric Avice, Sylvaine H\u00e9lary, Felix Henkelhausen, Matthieu Michel, Nicolas Thys, Stefan Oliva, S\u00e9bastien Boisseau\u2026<\/strong><\/p>\n<p><a href=\"https:\/\/www.youtube.com\/watch?v=zD2Y3HQYXGg\">Petite \u00e9coute par ici<\/a><\/p>\n","protected":false},"excerpt":{"rendered":"<p>En avril dernier, La Forge lan\u00e7ait un appel \u00e0 candidatures pour sa direction artistique associ\u00e9e. C&#8217;est donc Jessica Martin Maresco et Samuel Ber qui rejoignent l&#8217;\u00e9quipe ! Jessica MARTIN MARESCO Vocaliste h\u00e9t\u00e9roclite, Jessica a un r\u00e9pertoire tr\u00e8s vari\u00e9 allant de Pergolese et Cl\u00e9ment Janequin avec des ensembles baroques comme Himna, \u00e0 des compositions r\u00e9solument plus&#8230;<\/p>\n<p><a rel=\"bookmark\" class=\"theme-button-text wvc-button wvc-button-size-xs\" href=\"https:\/\/www.grandsformats.com\/en\/2023\/06\/nouvelles-directions-associees-de-la-forge\/\"><small class=\"wvc-button-background-fill\"><\/small><span>Continue reading<\/span><\/a><\/p>\n","protected":false},"author":161,"featured_media":26207,"comment_status":"open","ping_status":"open","sticky":false,"template":"","format":"standard","meta":{"_acf_changed":false,"footnotes":""},"categories":[95,864],"tags":[],"class_list":["post-26206","post","type-post","status-publish","format-standard","has-post-thumbnail","hentry","category-membres","category-la-forge","entry-post-skin-light","entry","clearfix","entry-grid","entry-columns-default","entry-post-module-layout-sidebar-right","thumbnail-color-tone-dark","metro-landscape","is-youtube","entry-post","entry-masonry","entry-post-masonry"],"acf":[],"yoast_head":"<!-- This site is optimized with the Yoast SEO plugin v25.8 - https:\/\/yoast.com\/wordpress\/plugins\/seo\/ -->\n<title>Nouvelles directions artistiques associ\u00e9es de la Forge - Site officiel de la f\u00e9d\u00e9ration Grands Formats<\/title>\n<meta name=\"description\" content=\"Vocaliste h\u00e9t\u00e9roclite, Jessica a un r\u00e9pertoire tr\u00e8s vari\u00e9 allant de Pergolese et Cl\u00e9ment Janequin avec des ensembles baroques comme Himna...\" \/>\n<meta name=\"robots\" content=\"index, follow, max-snippet:-1, max-image-preview:large, max-video-preview:-1\" \/>\n<link rel=\"canonical\" href=\"https:\/\/www.grandsformats.com\/2023\/06\/nouvelles-directions-associees-de-la-forge\/\" \/>\n<meta property=\"og:locale\" content=\"en_US\" \/>\n<meta property=\"og:type\" content=\"article\" \/>\n<meta property=\"og:title\" content=\"Nouvelles directions artistiques associ\u00e9es de la Forge - Site officiel de la f\u00e9d\u00e9ration Grands Formats\" \/>\n<meta property=\"og:description\" content=\"Vocaliste h\u00e9t\u00e9roclite, Jessica a un r\u00e9pertoire tr\u00e8s vari\u00e9 allant de Pergolese et Cl\u00e9ment Janequin avec des ensembles baroques comme Himna...\" \/>\n<meta property=\"og:url\" content=\"https:\/\/www.grandsformats.com\/2023\/06\/nouvelles-directions-associees-de-la-forge\/\" \/>\n<meta property=\"og:site_name\" content=\"Site officiel de la f\u00e9d\u00e9ration Grands Formats\" \/>\n<meta property=\"article:publisher\" content=\"https:\/\/www.facebook.com\/grandsformats\/\" \/>\n<meta property=\"article:published_time\" content=\"2023-06-05T12:36:11+00:00\" \/>\n<meta property=\"og:image\" content=\"https:\/\/www.grandsformats.com\/wp-content\/uploads\/2023\/06\/169Banniere-newlstter.jpg\" \/>\n\t<meta property=\"og:image:width\" content=\"1920\" \/>\n\t<meta property=\"og:image:height\" content=\"1080\" \/>\n\t<meta property=\"og:image:type\" content=\"image\/jpeg\" \/>\n<meta name=\"author\" content=\"Laura Hanequand - Grands Formats\" \/>\n<meta name=\"twitter:card\" content=\"summary_large_image\" \/>\n<meta name=\"twitter:creator\" content=\"@GrandsFormatsGF\" \/>\n<meta name=\"twitter:site\" content=\"@GrandsFormatsGF\" \/>\n<meta name=\"twitter:label1\" content=\"Written by\" \/>\n\t<meta name=\"twitter:data1\" content=\"Laura Hanequand - Grands Formats\" \/>\n\t<meta name=\"twitter:label2\" content=\"Est. reading time\" \/>\n\t<meta name=\"twitter:data2\" content=\"2 minutes\" \/>\n<script type=\"application\/ld+json\" class=\"yoast-schema-graph\">{\"@context\":\"https:\/\/schema.org\",\"@graph\":[{\"@type\":\"Article\",\"@id\":\"https:\/\/www.grandsformats.com\/2023\/06\/nouvelles-directions-associees-de-la-forge\/#article\",\"isPartOf\":{\"@id\":\"https:\/\/www.grandsformats.com\/2023\/06\/nouvelles-directions-associees-de-la-forge\/\"},\"author\":{\"name\":\"Laura Hanequand - Grands Formats\",\"@id\":\"https:\/\/www.grandsformats.com\/#\/schema\/person\/56c2866069b6967b2c7becd25c9b4dbb\"},\"headline\":\"Nouvelles directions artistiques associ\u00e9es de la Forge\",\"datePublished\":\"2023-06-05T12:36:11+00:00\",\"mainEntityOfPage\":{\"@id\":\"https:\/\/www.grandsformats.com\/2023\/06\/nouvelles-directions-associees-de-la-forge\/\"},\"wordCount\":367,\"commentCount\":0,\"publisher\":{\"@id\":\"https:\/\/www.grandsformats.com\/#organization\"},\"image\":{\"@id\":\"https:\/\/www.grandsformats.com\/2023\/06\/nouvelles-directions-associees-de-la-forge\/#primaryimage\"},\"thumbnailUrl\":\"https:\/\/www.grandsformats.com\/wp-content\/uploads\/2023\/06\/169Banniere-newlstter.jpg\",\"articleSection\":[\"Actus des membres\",\"La Forge\"],\"inLanguage\":\"en-US\",\"potentialAction\":[{\"@type\":\"CommentAction\",\"name\":\"Comment\",\"target\":[\"https:\/\/www.grandsformats.com\/2023\/06\/nouvelles-directions-associees-de-la-forge\/#respond\"]}]},{\"@type\":\"WebPage\",\"@id\":\"https:\/\/www.grandsformats.com\/2023\/06\/nouvelles-directions-associees-de-la-forge\/\",\"url\":\"https:\/\/www.grandsformats.com\/2023\/06\/nouvelles-directions-associees-de-la-forge\/\",\"name\":\"Nouvelles directions artistiques associ\u00e9es de la Forge - Site officiel de la f\u00e9d\u00e9ration Grands Formats\",\"isPartOf\":{\"@id\":\"https:\/\/www.grandsformats.com\/#website\"},\"primaryImageOfPage\":{\"@id\":\"https:\/\/www.grandsformats.com\/2023\/06\/nouvelles-directions-associees-de-la-forge\/#primaryimage\"},\"image\":{\"@id\":\"https:\/\/www.grandsformats.com\/2023\/06\/nouvelles-directions-associees-de-la-forge\/#primaryimage\"},\"thumbnailUrl\":\"https:\/\/www.grandsformats.com\/wp-content\/uploads\/2023\/06\/169Banniere-newlstter.jpg\",\"datePublished\":\"2023-06-05T12:36:11+00:00\",\"description\":\"Vocaliste h\u00e9t\u00e9roclite, Jessica a un r\u00e9pertoire tr\u00e8s vari\u00e9 allant de Pergolese et Cl\u00e9ment Janequin avec des ensembles baroques comme Himna...\",\"breadcrumb\":{\"@id\":\"https:\/\/www.grandsformats.com\/2023\/06\/nouvelles-directions-associees-de-la-forge\/#breadcrumb\"},\"inLanguage\":\"en-US\",\"potentialAction\":[{\"@type\":\"ReadAction\",\"target\":[\"https:\/\/www.grandsformats.com\/2023\/06\/nouvelles-directions-associees-de-la-forge\/\"]}]},{\"@type\":\"ImageObject\",\"inLanguage\":\"en-US\",\"@id\":\"https:\/\/www.grandsformats.com\/2023\/06\/nouvelles-directions-associees-de-la-forge\/#primaryimage\",\"url\":\"https:\/\/www.grandsformats.com\/wp-content\/uploads\/2023\/06\/169Banniere-newlstter.jpg\",\"contentUrl\":\"https:\/\/www.grandsformats.com\/wp-content\/uploads\/2023\/06\/169Banniere-newlstter.jpg\",\"width\":1920,\"height\":1080,\"caption\":\"Laforge\"},{\"@type\":\"BreadcrumbList\",\"@id\":\"https:\/\/www.grandsformats.com\/2023\/06\/nouvelles-directions-associees-de-la-forge\/#breadcrumb\",\"itemListElement\":[{\"@type\":\"ListItem\",\"position\":1,\"name\":\"Accueil\",\"item\":\"https:\/\/www.grandsformats.com\/en\/\"},{\"@type\":\"ListItem\",\"position\":2,\"name\":\"Nouvelles directions artistiques associ\u00e9es de la Forge\"}]},{\"@type\":\"WebSite\",\"@id\":\"https:\/\/www.grandsformats.com\/#website\",\"url\":\"https:\/\/www.grandsformats.com\/\",\"name\":\"Site officiel de la f\u00e9d\u00e9ration Grands Formats\",\"description\":\"F\u00e9d\u00e9ration d&#039;artistes pour la musique en grand !\",\"publisher\":{\"@id\":\"https:\/\/www.grandsformats.com\/#organization\"},\"potentialAction\":[{\"@type\":\"SearchAction\",\"target\":{\"@type\":\"EntryPoint\",\"urlTemplate\":\"https:\/\/www.grandsformats.com\/?s={search_term_string}\"},\"query-input\":{\"@type\":\"PropertyValueSpecification\",\"valueRequired\":true,\"valueName\":\"search_term_string\"}}],\"inLanguage\":\"en-US\"},{\"@type\":\"Organization\",\"@id\":\"https:\/\/www.grandsformats.com\/#organization\",\"name\":\"Grands Formats\",\"url\":\"https:\/\/www.grandsformats.com\/\",\"logo\":{\"@type\":\"ImageObject\",\"inLanguage\":\"en-US\",\"@id\":\"https:\/\/www.grandsformats.com\/#\/schema\/logo\/image\/\",\"url\":\"https:\/\/www.grandsformats.com\/wp-content\/uploads\/2020\/03\/logo-GF-200.png\",\"contentUrl\":\"https:\/\/www.grandsformats.com\/wp-content\/uploads\/2020\/03\/logo-GF-200.png\",\"width\":155,\"height\":200,\"caption\":\"Grands Formats\"},\"image\":{\"@id\":\"https:\/\/www.grandsformats.com\/#\/schema\/logo\/image\/\"},\"sameAs\":[\"https:\/\/www.facebook.com\/grandsformats\/\",\"https:\/\/x.com\/GrandsFormatsGF\",\"https:\/\/www.instagram.com\/grandsformats\/\",\"https:\/\/www.youtube.com\/channel\/UCJ7k9dbqc_DG-nxI3WMPvhw?view_as=subscriberhttps:\/\/www.youtube.com\/channel\/UCJ7k9dbqc_DG-nxI3WMPvhw?view_as=subscriber\"]},{\"@type\":\"Person\",\"@id\":\"https:\/\/www.grandsformats.com\/#\/schema\/person\/56c2866069b6967b2c7becd25c9b4dbb\",\"name\":\"Laura Hanequand - Grands Formats\",\"image\":{\"@type\":\"ImageObject\",\"inLanguage\":\"en-US\",\"@id\":\"https:\/\/www.grandsformats.com\/#\/schema\/person\/image\/\",\"url\":\"https:\/\/secure.gravatar.com\/avatar\/6d52edecb86835c2b7e81a2cdb8965ae325b4045b44f9043177428c622c06643?s=96&d=mm&r=g\",\"contentUrl\":\"https:\/\/secure.gravatar.com\/avatar\/6d52edecb86835c2b7e81a2cdb8965ae325b4045b44f9043177428c622c06643?s=96&d=mm&r=g\",\"caption\":\"Laura Hanequand - Grands Formats\"},\"url\":\"https:\/\/www.grandsformats.com\/en\/author\/lauragrandsformats-com\/\"}]}<\/script>\n<!-- \/ Yoast SEO plugin. -->","yoast_head_json":{"title":"Nouvelles directions artistiques associ\u00e9es de la Forge - Site officiel de la f\u00e9d\u00e9ration Grands Formats","description":"Vocaliste h\u00e9t\u00e9roclite, Jessica a un r\u00e9pertoire tr\u00e8s vari\u00e9 allant de Pergolese et Cl\u00e9ment Janequin avec des ensembles baroques comme Himna...","robots":{"index":"index","follow":"follow","max-snippet":"max-snippet:-1","max-image-preview":"max-image-preview:large","max-video-preview":"max-video-preview:-1"},"canonical":"https:\/\/www.grandsformats.com\/2023\/06\/nouvelles-directions-associees-de-la-forge\/","og_locale":"en_US","og_type":"article","og_title":"Nouvelles directions artistiques associ\u00e9es de la Forge - Site officiel de la f\u00e9d\u00e9ration Grands Formats","og_description":"Vocaliste h\u00e9t\u00e9roclite, Jessica a un r\u00e9pertoire tr\u00e8s vari\u00e9 allant de Pergolese et Cl\u00e9ment Janequin avec des ensembles baroques comme Himna...","og_url":"https:\/\/www.grandsformats.com\/2023\/06\/nouvelles-directions-associees-de-la-forge\/","og_site_name":"Site officiel de la f\u00e9d\u00e9ration Grands Formats","article_publisher":"https:\/\/www.facebook.com\/grandsformats\/","article_published_time":"2023-06-05T12:36:11+00:00","og_image":[{"width":1920,"height":1080,"url":"https:\/\/www.grandsformats.com\/wp-content\/uploads\/2023\/06\/169Banniere-newlstter.jpg","type":"image\/jpeg"}],"author":"Laura Hanequand - Grands Formats","twitter_card":"summary_large_image","twitter_creator":"@GrandsFormatsGF","twitter_site":"@GrandsFormatsGF","twitter_misc":{"Written by":"Laura Hanequand - Grands Formats","Est. reading time":"2 minutes"},"schema":{"@context":"https:\/\/schema.org","@graph":[{"@type":"Article","@id":"https:\/\/www.grandsformats.com\/2023\/06\/nouvelles-directions-associees-de-la-forge\/#article","isPartOf":{"@id":"https:\/\/www.grandsformats.com\/2023\/06\/nouvelles-directions-associees-de-la-forge\/"},"author":{"name":"Laura Hanequand - Grands Formats","@id":"https:\/\/www.grandsformats.com\/#\/schema\/person\/56c2866069b6967b2c7becd25c9b4dbb"},"headline":"Nouvelles directions artistiques associ\u00e9es de la Forge","datePublished":"2023-06-05T12:36:11+00:00","mainEntityOfPage":{"@id":"https:\/\/www.grandsformats.com\/2023\/06\/nouvelles-directions-associees-de-la-forge\/"},"wordCount":367,"commentCount":0,"publisher":{"@id":"https:\/\/www.grandsformats.com\/#organization"},"image":{"@id":"https:\/\/www.grandsformats.com\/2023\/06\/nouvelles-directions-associees-de-la-forge\/#primaryimage"},"thumbnailUrl":"https:\/\/www.grandsformats.com\/wp-content\/uploads\/2023\/06\/169Banniere-newlstter.jpg","articleSection":["Actus des membres","La Forge"],"inLanguage":"en-US","potentialAction":[{"@type":"CommentAction","name":"Comment","target":["https:\/\/www.grandsformats.com\/2023\/06\/nouvelles-directions-associees-de-la-forge\/#respond"]}]},{"@type":"WebPage","@id":"https:\/\/www.grandsformats.com\/2023\/06\/nouvelles-directions-associees-de-la-forge\/","url":"https:\/\/www.grandsformats.com\/2023\/06\/nouvelles-directions-associees-de-la-forge\/","name":"Nouvelles directions artistiques associ\u00e9es de la Forge - Site officiel de la f\u00e9d\u00e9ration Grands Formats","isPartOf":{"@id":"https:\/\/www.grandsformats.com\/#website"},"primaryImageOfPage":{"@id":"https:\/\/www.grandsformats.com\/2023\/06\/nouvelles-directions-associees-de-la-forge\/#primaryimage"},"image":{"@id":"https:\/\/www.grandsformats.com\/2023\/06\/nouvelles-directions-associees-de-la-forge\/#primaryimage"},"thumbnailUrl":"https:\/\/www.grandsformats.com\/wp-content\/uploads\/2023\/06\/169Banniere-newlstter.jpg","datePublished":"2023-06-05T12:36:11+00:00","description":"Vocaliste h\u00e9t\u00e9roclite, Jessica a un r\u00e9pertoire tr\u00e8s vari\u00e9 allant de Pergolese et Cl\u00e9ment Janequin avec des ensembles baroques comme Himna...","breadcrumb":{"@id":"https:\/\/www.grandsformats.com\/2023\/06\/nouvelles-directions-associees-de-la-forge\/#breadcrumb"},"inLanguage":"en-US","potentialAction":[{"@type":"ReadAction","target":["https:\/\/www.grandsformats.com\/2023\/06\/nouvelles-directions-associees-de-la-forge\/"]}]},{"@type":"ImageObject","inLanguage":"en-US","@id":"https:\/\/www.grandsformats.com\/2023\/06\/nouvelles-directions-associees-de-la-forge\/#primaryimage","url":"https:\/\/www.grandsformats.com\/wp-content\/uploads\/2023\/06\/169Banniere-newlstter.jpg","contentUrl":"https:\/\/www.grandsformats.com\/wp-content\/uploads\/2023\/06\/169Banniere-newlstter.jpg","width":1920,"height":1080,"caption":"Laforge"},{"@type":"BreadcrumbList","@id":"https:\/\/www.grandsformats.com\/2023\/06\/nouvelles-directions-associees-de-la-forge\/#breadcrumb","itemListElement":[{"@type":"ListItem","position":1,"name":"Accueil","item":"https:\/\/www.grandsformats.com\/en\/"},{"@type":"ListItem","position":2,"name":"Nouvelles directions artistiques associ\u00e9es de la Forge"}]},{"@type":"WebSite","@id":"https:\/\/www.grandsformats.com\/#website","url":"https:\/\/www.grandsformats.com\/","name":"Site officiel de la f\u00e9d\u00e9ration Grands Formats","description":"F\u00e9d\u00e9ration d&#039;artistes pour la musique en grand !","publisher":{"@id":"https:\/\/www.grandsformats.com\/#organization"},"potentialAction":[{"@type":"SearchAction","target":{"@type":"EntryPoint","urlTemplate":"https:\/\/www.grandsformats.com\/?s={search_term_string}"},"query-input":{"@type":"PropertyValueSpecification","valueRequired":true,"valueName":"search_term_string"}}],"inLanguage":"en-US"},{"@type":"Organization","@id":"https:\/\/www.grandsformats.com\/#organization","name":"Grands Formats","url":"https:\/\/www.grandsformats.com\/","logo":{"@type":"ImageObject","inLanguage":"en-US","@id":"https:\/\/www.grandsformats.com\/#\/schema\/logo\/image\/","url":"https:\/\/www.grandsformats.com\/wp-content\/uploads\/2020\/03\/logo-GF-200.png","contentUrl":"https:\/\/www.grandsformats.com\/wp-content\/uploads\/2020\/03\/logo-GF-200.png","width":155,"height":200,"caption":"Grands Formats"},"image":{"@id":"https:\/\/www.grandsformats.com\/#\/schema\/logo\/image\/"},"sameAs":["https:\/\/www.facebook.com\/grandsformats\/","https:\/\/x.com\/GrandsFormatsGF","https:\/\/www.instagram.com\/grandsformats\/","https:\/\/www.youtube.com\/channel\/UCJ7k9dbqc_DG-nxI3WMPvhw?view_as=subscriberhttps:\/\/www.youtube.com\/channel\/UCJ7k9dbqc_DG-nxI3WMPvhw?view_as=subscriber"]},{"@type":"Person","@id":"https:\/\/www.grandsformats.com\/#\/schema\/person\/56c2866069b6967b2c7becd25c9b4dbb","name":"Laura Hanequand - Grands Formats","image":{"@type":"ImageObject","inLanguage":"en-US","@id":"https:\/\/www.grandsformats.com\/#\/schema\/person\/image\/","url":"https:\/\/secure.gravatar.com\/avatar\/6d52edecb86835c2b7e81a2cdb8965ae325b4045b44f9043177428c622c06643?s=96&d=mm&r=g","contentUrl":"https:\/\/secure.gravatar.com\/avatar\/6d52edecb86835c2b7e81a2cdb8965ae325b4045b44f9043177428c622c06643?s=96&d=mm&r=g","caption":"Laura Hanequand - Grands Formats"},"url":"https:\/\/www.grandsformats.com\/en\/author\/lauragrandsformats-com\/"}]}},"_links":{"self":[{"href":"https:\/\/www.grandsformats.com\/en\/wp-json\/wp\/v2\/posts\/26206","targetHints":{"allow":["GET"]}}],"collection":[{"href":"https:\/\/www.grandsformats.com\/en\/wp-json\/wp\/v2\/posts"}],"about":[{"href":"https:\/\/www.grandsformats.com\/en\/wp-json\/wp\/v2\/types\/post"}],"author":[{"embeddable":true,"href":"https:\/\/www.grandsformats.com\/en\/wp-json\/wp\/v2\/users\/161"}],"replies":[{"embeddable":true,"href":"https:\/\/www.grandsformats.com\/en\/wp-json\/wp\/v2\/comments?post=26206"}],"version-history":[{"count":0,"href":"https:\/\/www.grandsformats.com\/en\/wp-json\/wp\/v2\/posts\/26206\/revisions"}],"wp:featuredmedia":[{"embeddable":true,"href":"https:\/\/www.grandsformats.com\/en\/wp-json\/wp\/v2\/media\/26207"}],"wp:attachment":[{"href":"https:\/\/www.grandsformats.com\/en\/wp-json\/wp\/v2\/media?parent=26206"}],"wp:term":[{"taxonomy":"category","embeddable":true,"href":"https:\/\/www.grandsformats.com\/en\/wp-json\/wp\/v2\/categories?post=26206"},{"taxonomy":"post_tag","embeddable":true,"href":"https:\/\/www.grandsformats.com\/en\/wp-json\/wp\/v2\/tags?post=26206"}],"curies":[{"name":"wp","href":"https:\/\/api.w.org\/{rel}","templated":true}]}}