{"id":26197,"date":"2023-06-05T14:03:24","date_gmt":"2023-06-05T12:03:24","guid":{"rendered":"https:\/\/www.grandsformats.com\/?p=26197"},"modified":"2023-06-05T14:03:24","modified_gmt":"2023-06-05T12:03:24","slug":"skokiaan-brass-band-concerts-et-action-culturelle","status":"publish","type":"post","link":"https:\/\/www.grandsformats.com\/en\/2023\/06\/skokiaan-brass-band-concerts-et-action-culturelle\/","title":{"rendered":"Skokiaan Brass Band : concerts et action culturelle"},"content":{"rendered":"<p>Le Skokiaan Brass Band sera en concert le 24 juin \u00e0 la F\u00eate de la Musique de St-Fons (69) avec Lisa Caldognetto pour &#8220;The French Touch Tour&#8221; puis le 5 juillet \u00e0 Mademoiselle Simone \u00e0 Lyon pour leur &#8220;New Orleans Brass Party&#8221;.<\/p>\n<p>L&#8217;ensemble organise \u00e9galement du 22 mai au 5 juillet des ateliers brass band au Centre p\u00e9nitentiaire de St-Quentin-Fallavier (38).<br \/>\nSuite \u00e0 un premier cycle d&#8217;ateliers \u00e0 l&#8217;automne 2022, trois membres du Skokiaan Brass Band encadreront un nouveau cycle de 8 ateliers d&#8217;initiation aupr\u00e8s de d\u00e9tenus du Centre p\u00e9nitentiaire de St-Quentin-Fallavier. Le cycle d&#8217;interventions sera conclu par un concert de restitution le 5 juillet.<\/p>\n<p>Le projet est pilot\u00e9 par le festival Jazz \u00e0 Vienne.<\/p>\n<p><em>Photo \u00a9 Guy Carlier<\/em><\/p>\n","protected":false},"excerpt":{"rendered":"<p>Le Skokiaan Brass Band sera en concert le 24 juin \u00e0 la F\u00eate de la Musique de St-Fons (69) avec Lisa Caldognetto pour &#8220;The French Touch Tour&#8221; puis le 5 juillet \u00e0 Mademoiselle Simone \u00e0 Lyon pour leur &#8220;New Orleans Brass Party&#8221;. L&#8217;ensemble organise \u00e9galement du 22 mai au 5 juillet des ateliers brass band&#8230;<\/p>\n<p><a rel=\"bookmark\" class=\"theme-button-text wvc-button wvc-button-size-xs\" href=\"https:\/\/www.grandsformats.com\/en\/2023\/06\/skokiaan-brass-band-concerts-et-action-culturelle\/\"><small class=\"wvc-button-background-fill\"><\/small><span>Continue reading<\/span><\/a><\/p>\n","protected":false},"author":161,"featured_media":26198,"comment_status":"open","ping_status":"open","sticky":false,"template":"","format":"standard","meta":{"_acf_changed":false,"footnotes":""},"categories":[95,888],"tags":[],"class_list":["post-26197","post","type-post","status-publish","format-standard","has-post-thumbnail","hentry","category-membres","category-skokiaan-brass-band","entry-post-skin-light","entry","clearfix","entry-grid","entry-columns-default","entry-post-module-layout-sidebar-right","thumbnail-color-tone-dark","metro-landscape","entry-post","entry-masonry","entry-post-masonry"],"acf":[],"yoast_head":"<!-- This site is optimized with the Yoast SEO plugin v25.8 - https:\/\/yoast.com\/wordpress\/plugins\/seo\/ -->\n<title>Skokiaan Brass Band : concerts et action culturelle - Site officiel de la f\u00e9d\u00e9ration Grands Formats<\/title>\n<meta name=\"description\" content=\"Le Skokiaan Brass Band sera en concert le 24 juin \u00e0 la F\u00eate de la Musique de St-Fons (69) avec Lisa Caldognetto\" \/>\n<meta name=\"robots\" content=\"index, follow, max-snippet:-1, max-image-preview:large, max-video-preview:-1\" \/>\n<link rel=\"canonical\" href=\"https:\/\/www.grandsformats.com\/2023\/06\/skokiaan-brass-band-concerts-et-action-culturelle\/\" \/>\n<meta property=\"og:locale\" content=\"en_US\" \/>\n<meta property=\"og:type\" content=\"article\" \/>\n<meta property=\"og:title\" content=\"Skokiaan Brass Band : concerts et action culturelle - Site officiel de la f\u00e9d\u00e9ration Grands Formats\" \/>\n<meta property=\"og:description\" content=\"Le Skokiaan Brass Band sera en concert le 24 juin \u00e0 la F\u00eate de la Musique de St-Fons (69) avec Lisa Caldognetto\" \/>\n<meta property=\"og:url\" content=\"https:\/\/www.grandsformats.com\/2023\/06\/skokiaan-brass-band-concerts-et-action-culturelle\/\" \/>\n<meta property=\"og:site_name\" content=\"Site officiel de la f\u00e9d\u00e9ration Grands Formats\" \/>\n<meta property=\"article:publisher\" content=\"https:\/\/www.facebook.com\/grandsformats\/\" \/>\n<meta property=\"article:published_time\" content=\"2023-06-05T12:03:24+00:00\" \/>\n<meta property=\"og:image\" content=\"https:\/\/www.grandsformats.com\/wp-content\/uploads\/2023\/06\/169SKOKIAAN-M\u00a9GuyCARLIER.jpg\" \/>\n\t<meta property=\"og:image:width\" content=\"1920\" \/>\n\t<meta property=\"og:image:height\" content=\"1080\" \/>\n\t<meta property=\"og:image:type\" content=\"image\/jpeg\" \/>\n<meta name=\"author\" content=\"Laura Hanequand - Grands Formats\" \/>\n<meta name=\"twitter:card\" content=\"summary_large_image\" \/>\n<meta name=\"twitter:creator\" content=\"@GrandsFormatsGF\" \/>\n<meta name=\"twitter:site\" content=\"@GrandsFormatsGF\" \/>\n<meta name=\"twitter:label1\" content=\"Written by\" \/>\n\t<meta name=\"twitter:data1\" content=\"Laura Hanequand - Grands Formats\" \/>\n\t<meta name=\"twitter:label2\" content=\"Est. reading time\" \/>\n\t<meta name=\"twitter:data2\" content=\"1 minute\" \/>\n<script type=\"application\/ld+json\" class=\"yoast-schema-graph\">{\"@context\":\"https:\/\/schema.org\",\"@graph\":[{\"@type\":\"Article\",\"@id\":\"https:\/\/www.grandsformats.com\/2023\/06\/skokiaan-brass-band-concerts-et-action-culturelle\/#article\",\"isPartOf\":{\"@id\":\"https:\/\/www.grandsformats.com\/2023\/06\/skokiaan-brass-band-concerts-et-action-culturelle\/\"},\"author\":{\"name\":\"Laura Hanequand - Grands Formats\",\"@id\":\"https:\/\/www.grandsformats.com\/#\/schema\/person\/56c2866069b6967b2c7becd25c9b4dbb\"},\"headline\":\"Skokiaan Brass Band : concerts et action culturelle\",\"datePublished\":\"2023-06-05T12:03:24+00:00\",\"mainEntityOfPage\":{\"@id\":\"https:\/\/www.grandsformats.com\/2023\/06\/skokiaan-brass-band-concerts-et-action-culturelle\/\"},\"wordCount\":120,\"commentCount\":0,\"publisher\":{\"@id\":\"https:\/\/www.grandsformats.com\/#organization\"},\"image\":{\"@id\":\"https:\/\/www.grandsformats.com\/2023\/06\/skokiaan-brass-band-concerts-et-action-culturelle\/#primaryimage\"},\"thumbnailUrl\":\"https:\/\/www.grandsformats.com\/wp-content\/uploads\/2023\/06\/169SKOKIAAN-M\u00a9GuyCARLIER.jpg\",\"articleSection\":[\"Actus des membres\",\"Skokiaan Brass Band\"],\"inLanguage\":\"en-US\",\"potentialAction\":[{\"@type\":\"CommentAction\",\"name\":\"Comment\",\"target\":[\"https:\/\/www.grandsformats.com\/2023\/06\/skokiaan-brass-band-concerts-et-action-culturelle\/#respond\"]}]},{\"@type\":\"WebPage\",\"@id\":\"https:\/\/www.grandsformats.com\/2023\/06\/skokiaan-brass-band-concerts-et-action-culturelle\/\",\"url\":\"https:\/\/www.grandsformats.com\/2023\/06\/skokiaan-brass-band-concerts-et-action-culturelle\/\",\"name\":\"Skokiaan Brass Band : concerts et action culturelle - Site officiel de la f\u00e9d\u00e9ration Grands Formats\",\"isPartOf\":{\"@id\":\"https:\/\/www.grandsformats.com\/#website\"},\"primaryImageOfPage\":{\"@id\":\"https:\/\/www.grandsformats.com\/2023\/06\/skokiaan-brass-band-concerts-et-action-culturelle\/#primaryimage\"},\"image\":{\"@id\":\"https:\/\/www.grandsformats.com\/2023\/06\/skokiaan-brass-band-concerts-et-action-culturelle\/#primaryimage\"},\"thumbnailUrl\":\"https:\/\/www.grandsformats.com\/wp-content\/uploads\/2023\/06\/169SKOKIAAN-M\u00a9GuyCARLIER.jpg\",\"datePublished\":\"2023-06-05T12:03:24+00:00\",\"description\":\"Le Skokiaan Brass Band sera en concert le 24 juin \u00e0 la F\u00eate de la Musique de St-Fons (69) avec Lisa Caldognetto\",\"breadcrumb\":{\"@id\":\"https:\/\/www.grandsformats.com\/2023\/06\/skokiaan-brass-band-concerts-et-action-culturelle\/#breadcrumb\"},\"inLanguage\":\"en-US\",\"potentialAction\":[{\"@type\":\"ReadAction\",\"target\":[\"https:\/\/www.grandsformats.com\/2023\/06\/skokiaan-brass-band-concerts-et-action-culturelle\/\"]}]},{\"@type\":\"ImageObject\",\"inLanguage\":\"en-US\",\"@id\":\"https:\/\/www.grandsformats.com\/2023\/06\/skokiaan-brass-band-concerts-et-action-culturelle\/#primaryimage\",\"url\":\"https:\/\/www.grandsformats.com\/wp-content\/uploads\/2023\/06\/169SKOKIAAN-M\u00a9GuyCARLIER.jpg\",\"contentUrl\":\"https:\/\/www.grandsformats.com\/wp-content\/uploads\/2023\/06\/169SKOKIAAN-M\u00a9GuyCARLIER.jpg\",\"width\":1920,\"height\":1080,\"caption\":\"SKOKIAAN BRASS BAND Guy Carlier\"},{\"@type\":\"BreadcrumbList\",\"@id\":\"https:\/\/www.grandsformats.com\/2023\/06\/skokiaan-brass-band-concerts-et-action-culturelle\/#breadcrumb\",\"itemListElement\":[{\"@type\":\"ListItem\",\"position\":1,\"name\":\"Accueil\",\"item\":\"https:\/\/www.grandsformats.com\/en\/\"},{\"@type\":\"ListItem\",\"position\":2,\"name\":\"Skokiaan Brass Band : concerts et action culturelle\"}]},{\"@type\":\"WebSite\",\"@id\":\"https:\/\/www.grandsformats.com\/#website\",\"url\":\"https:\/\/www.grandsformats.com\/\",\"name\":\"Site officiel de la f\u00e9d\u00e9ration Grands Formats\",\"description\":\"F\u00e9d\u00e9ration d&#039;artistes pour la musique en grand !\",\"publisher\":{\"@id\":\"https:\/\/www.grandsformats.com\/#organization\"},\"potentialAction\":[{\"@type\":\"SearchAction\",\"target\":{\"@type\":\"EntryPoint\",\"urlTemplate\":\"https:\/\/www.grandsformats.com\/?s={search_term_string}\"},\"query-input\":{\"@type\":\"PropertyValueSpecification\",\"valueRequired\":true,\"valueName\":\"search_term_string\"}}],\"inLanguage\":\"en-US\"},{\"@type\":\"Organization\",\"@id\":\"https:\/\/www.grandsformats.com\/#organization\",\"name\":\"Grands Formats\",\"url\":\"https:\/\/www.grandsformats.com\/\",\"logo\":{\"@type\":\"ImageObject\",\"inLanguage\":\"en-US\",\"@id\":\"https:\/\/www.grandsformats.com\/#\/schema\/logo\/image\/\",\"url\":\"https:\/\/www.grandsformats.com\/wp-content\/uploads\/2020\/03\/logo-GF-200.png\",\"contentUrl\":\"https:\/\/www.grandsformats.com\/wp-content\/uploads\/2020\/03\/logo-GF-200.png\",\"width\":155,\"height\":200,\"caption\":\"Grands Formats\"},\"image\":{\"@id\":\"https:\/\/www.grandsformats.com\/#\/schema\/logo\/image\/\"},\"sameAs\":[\"https:\/\/www.facebook.com\/grandsformats\/\",\"https:\/\/x.com\/GrandsFormatsGF\",\"https:\/\/www.instagram.com\/grandsformats\/\",\"https:\/\/www.youtube.com\/channel\/UCJ7k9dbqc_DG-nxI3WMPvhw?view_as=subscriberhttps:\/\/www.youtube.com\/channel\/UCJ7k9dbqc_DG-nxI3WMPvhw?view_as=subscriber\"]},{\"@type\":\"Person\",\"@id\":\"https:\/\/www.grandsformats.com\/#\/schema\/person\/56c2866069b6967b2c7becd25c9b4dbb\",\"name\":\"Laura Hanequand - Grands Formats\",\"image\":{\"@type\":\"ImageObject\",\"inLanguage\":\"en-US\",\"@id\":\"https:\/\/www.grandsformats.com\/#\/schema\/person\/image\/\",\"url\":\"https:\/\/secure.gravatar.com\/avatar\/6d52edecb86835c2b7e81a2cdb8965ae325b4045b44f9043177428c622c06643?s=96&d=mm&r=g\",\"contentUrl\":\"https:\/\/secure.gravatar.com\/avatar\/6d52edecb86835c2b7e81a2cdb8965ae325b4045b44f9043177428c622c06643?s=96&d=mm&r=g\",\"caption\":\"Laura Hanequand - Grands Formats\"},\"url\":\"https:\/\/www.grandsformats.com\/en\/author\/lauragrandsformats-com\/\"}]}<\/script>\n<!-- \/ Yoast SEO plugin. -->","yoast_head_json":{"title":"Skokiaan Brass Band : concerts et action culturelle - Site officiel de la f\u00e9d\u00e9ration Grands Formats","description":"Le Skokiaan Brass Band sera en concert le 24 juin \u00e0 la F\u00eate de la Musique de St-Fons (69) avec Lisa Caldognetto","robots":{"index":"index","follow":"follow","max-snippet":"max-snippet:-1","max-image-preview":"max-image-preview:large","max-video-preview":"max-video-preview:-1"},"canonical":"https:\/\/www.grandsformats.com\/2023\/06\/skokiaan-brass-band-concerts-et-action-culturelle\/","og_locale":"en_US","og_type":"article","og_title":"Skokiaan Brass Band : concerts et action culturelle - Site officiel de la f\u00e9d\u00e9ration Grands Formats","og_description":"Le Skokiaan Brass Band sera en concert le 24 juin \u00e0 la F\u00eate de la Musique de St-Fons (69) avec Lisa Caldognetto","og_url":"https:\/\/www.grandsformats.com\/2023\/06\/skokiaan-brass-band-concerts-et-action-culturelle\/","og_site_name":"Site officiel de la f\u00e9d\u00e9ration Grands Formats","article_publisher":"https:\/\/www.facebook.com\/grandsformats\/","article_published_time":"2023-06-05T12:03:24+00:00","og_image":[{"width":1920,"height":1080,"url":"https:\/\/www.grandsformats.com\/wp-content\/uploads\/2023\/06\/169SKOKIAAN-M\u00a9GuyCARLIER.jpg","type":"image\/jpeg"}],"author":"Laura Hanequand - Grands Formats","twitter_card":"summary_large_image","twitter_creator":"@GrandsFormatsGF","twitter_site":"@GrandsFormatsGF","twitter_misc":{"Written by":"Laura Hanequand - Grands Formats","Est. reading time":"1 minute"},"schema":{"@context":"https:\/\/schema.org","@graph":[{"@type":"Article","@id":"https:\/\/www.grandsformats.com\/2023\/06\/skokiaan-brass-band-concerts-et-action-culturelle\/#article","isPartOf":{"@id":"https:\/\/www.grandsformats.com\/2023\/06\/skokiaan-brass-band-concerts-et-action-culturelle\/"},"author":{"name":"Laura Hanequand - Grands Formats","@id":"https:\/\/www.grandsformats.com\/#\/schema\/person\/56c2866069b6967b2c7becd25c9b4dbb"},"headline":"Skokiaan Brass Band : concerts et action culturelle","datePublished":"2023-06-05T12:03:24+00:00","mainEntityOfPage":{"@id":"https:\/\/www.grandsformats.com\/2023\/06\/skokiaan-brass-band-concerts-et-action-culturelle\/"},"wordCount":120,"commentCount":0,"publisher":{"@id":"https:\/\/www.grandsformats.com\/#organization"},"image":{"@id":"https:\/\/www.grandsformats.com\/2023\/06\/skokiaan-brass-band-concerts-et-action-culturelle\/#primaryimage"},"thumbnailUrl":"https:\/\/www.grandsformats.com\/wp-content\/uploads\/2023\/06\/169SKOKIAAN-M\u00a9GuyCARLIER.jpg","articleSection":["Actus des membres","Skokiaan Brass Band"],"inLanguage":"en-US","potentialAction":[{"@type":"CommentAction","name":"Comment","target":["https:\/\/www.grandsformats.com\/2023\/06\/skokiaan-brass-band-concerts-et-action-culturelle\/#respond"]}]},{"@type":"WebPage","@id":"https:\/\/www.grandsformats.com\/2023\/06\/skokiaan-brass-band-concerts-et-action-culturelle\/","url":"https:\/\/www.grandsformats.com\/2023\/06\/skokiaan-brass-band-concerts-et-action-culturelle\/","name":"Skokiaan Brass Band : concerts et action culturelle - Site officiel de la f\u00e9d\u00e9ration Grands Formats","isPartOf":{"@id":"https:\/\/www.grandsformats.com\/#website"},"primaryImageOfPage":{"@id":"https:\/\/www.grandsformats.com\/2023\/06\/skokiaan-brass-band-concerts-et-action-culturelle\/#primaryimage"},"image":{"@id":"https:\/\/www.grandsformats.com\/2023\/06\/skokiaan-brass-band-concerts-et-action-culturelle\/#primaryimage"},"thumbnailUrl":"https:\/\/www.grandsformats.com\/wp-content\/uploads\/2023\/06\/169SKOKIAAN-M\u00a9GuyCARLIER.jpg","datePublished":"2023-06-05T12:03:24+00:00","description":"Le Skokiaan Brass Band sera en concert le 24 juin \u00e0 la F\u00eate de la Musique de St-Fons (69) avec Lisa Caldognetto","breadcrumb":{"@id":"https:\/\/www.grandsformats.com\/2023\/06\/skokiaan-brass-band-concerts-et-action-culturelle\/#breadcrumb"},"inLanguage":"en-US","potentialAction":[{"@type":"ReadAction","target":["https:\/\/www.grandsformats.com\/2023\/06\/skokiaan-brass-band-concerts-et-action-culturelle\/"]}]},{"@type":"ImageObject","inLanguage":"en-US","@id":"https:\/\/www.grandsformats.com\/2023\/06\/skokiaan-brass-band-concerts-et-action-culturelle\/#primaryimage","url":"https:\/\/www.grandsformats.com\/wp-content\/uploads\/2023\/06\/169SKOKIAAN-M\u00a9GuyCARLIER.jpg","contentUrl":"https:\/\/www.grandsformats.com\/wp-content\/uploads\/2023\/06\/169SKOKIAAN-M\u00a9GuyCARLIER.jpg","width":1920,"height":1080,"caption":"SKOKIAAN BRASS BAND Guy Carlier"},{"@type":"BreadcrumbList","@id":"https:\/\/www.grandsformats.com\/2023\/06\/skokiaan-brass-band-concerts-et-action-culturelle\/#breadcrumb","itemListElement":[{"@type":"ListItem","position":1,"name":"Accueil","item":"https:\/\/www.grandsformats.com\/en\/"},{"@type":"ListItem","position":2,"name":"Skokiaan Brass Band : concerts et action culturelle"}]},{"@type":"WebSite","@id":"https:\/\/www.grandsformats.com\/#website","url":"https:\/\/www.grandsformats.com\/","name":"Site officiel de la f\u00e9d\u00e9ration Grands Formats","description":"F\u00e9d\u00e9ration d&#039;artistes pour la musique en grand !","publisher":{"@id":"https:\/\/www.grandsformats.com\/#organization"},"potentialAction":[{"@type":"SearchAction","target":{"@type":"EntryPoint","urlTemplate":"https:\/\/www.grandsformats.com\/?s={search_term_string}"},"query-input":{"@type":"PropertyValueSpecification","valueRequired":true,"valueName":"search_term_string"}}],"inLanguage":"en-US"},{"@type":"Organization","@id":"https:\/\/www.grandsformats.com\/#organization","name":"Grands Formats","url":"https:\/\/www.grandsformats.com\/","logo":{"@type":"ImageObject","inLanguage":"en-US","@id":"https:\/\/www.grandsformats.com\/#\/schema\/logo\/image\/","url":"https:\/\/www.grandsformats.com\/wp-content\/uploads\/2020\/03\/logo-GF-200.png","contentUrl":"https:\/\/www.grandsformats.com\/wp-content\/uploads\/2020\/03\/logo-GF-200.png","width":155,"height":200,"caption":"Grands Formats"},"image":{"@id":"https:\/\/www.grandsformats.com\/#\/schema\/logo\/image\/"},"sameAs":["https:\/\/www.facebook.com\/grandsformats\/","https:\/\/x.com\/GrandsFormatsGF","https:\/\/www.instagram.com\/grandsformats\/","https:\/\/www.youtube.com\/channel\/UCJ7k9dbqc_DG-nxI3WMPvhw?view_as=subscriberhttps:\/\/www.youtube.com\/channel\/UCJ7k9dbqc_DG-nxI3WMPvhw?view_as=subscriber"]},{"@type":"Person","@id":"https:\/\/www.grandsformats.com\/#\/schema\/person\/56c2866069b6967b2c7becd25c9b4dbb","name":"Laura Hanequand - Grands Formats","image":{"@type":"ImageObject","inLanguage":"en-US","@id":"https:\/\/www.grandsformats.com\/#\/schema\/person\/image\/","url":"https:\/\/secure.gravatar.com\/avatar\/6d52edecb86835c2b7e81a2cdb8965ae325b4045b44f9043177428c622c06643?s=96&d=mm&r=g","contentUrl":"https:\/\/secure.gravatar.com\/avatar\/6d52edecb86835c2b7e81a2cdb8965ae325b4045b44f9043177428c622c06643?s=96&d=mm&r=g","caption":"Laura Hanequand - Grands Formats"},"url":"https:\/\/www.grandsformats.com\/en\/author\/lauragrandsformats-com\/"}]}},"_links":{"self":[{"href":"https:\/\/www.grandsformats.com\/en\/wp-json\/wp\/v2\/posts\/26197","targetHints":{"allow":["GET"]}}],"collection":[{"href":"https:\/\/www.grandsformats.com\/en\/wp-json\/wp\/v2\/posts"}],"about":[{"href":"https:\/\/www.grandsformats.com\/en\/wp-json\/wp\/v2\/types\/post"}],"author":[{"embeddable":true,"href":"https:\/\/www.grandsformats.com\/en\/wp-json\/wp\/v2\/users\/161"}],"replies":[{"embeddable":true,"href":"https:\/\/www.grandsformats.com\/en\/wp-json\/wp\/v2\/comments?post=26197"}],"version-history":[{"count":0,"href":"https:\/\/www.grandsformats.com\/en\/wp-json\/wp\/v2\/posts\/26197\/revisions"}],"wp:featuredmedia":[{"embeddable":true,"href":"https:\/\/www.grandsformats.com\/en\/wp-json\/wp\/v2\/media\/26198"}],"wp:attachment":[{"href":"https:\/\/www.grandsformats.com\/en\/wp-json\/wp\/v2\/media?parent=26197"}],"wp:term":[{"taxonomy":"category","embeddable":true,"href":"https:\/\/www.grandsformats.com\/en\/wp-json\/wp\/v2\/categories?post=26197"},{"taxonomy":"post_tag","embeddable":true,"href":"https:\/\/www.grandsformats.com\/en\/wp-json\/wp\/v2\/tags?post=26197"}],"curies":[{"name":"wp","href":"https:\/\/api.w.org\/{rel}","templated":true}]}}