{"id":25347,"date":"2023-05-05T15:28:19","date_gmt":"2023-05-05T13:28:19","guid":{"rendered":"https:\/\/www.grandsformats.com\/?p=25347"},"modified":"2023-05-05T15:30:48","modified_gmt":"2023-05-05T13:30:48","slug":"vibrants-defricheurs-bals-mai","status":"publish","type":"post","link":"https:\/\/www.grandsformats.com\/en\/2023\/05\/vibrants-defricheurs-bals-mai\/","title":{"rendered":"Les bals en grande formation des Vibrants D\u00e9fricheurs au mois de mai"},"content":{"rendered":"<p>Ce mois-ci,\u00a0 les Vibrants D\u00e9fricheurs organisent deux bals en grande forme !<\/p>\n<p><strong>Bal Papanosh \u00ab Tu danses-tu ? \u00bb<\/strong><br \/>\n<strong>Dimanche 14 mai \u00e0 14h30 et 17h<\/strong><br \/>\n<strong>Festival Jazz sous les pommiers 2023 \u2022 42e \u00e9dition<\/strong><br \/>\n<strong>Magic Mirrors de Coutances (50)<\/strong><\/p>\n<p>Voil\u00e0 quinze ans que <a href=\"https:\/\/www.lesvibrantsdefricheurs.com\/bal-tu-danses-tu\">Papanosh<\/a> se r\u00e9gale \u00e0 faire danser tous les publics avec ses grooves ent\u00eatants, ses chansons mexicaines et ses tarentelles enjazz\u00e9es. Pour l&#8217;occasion, ils proposent d&#8217;inviter des amis au talent fou ! Fawzi Berger le roi du <em>dance-floorinho<\/em>, sp\u00e9cialiste du <em>forro<\/em> et des <em>cirandas do Brazil<\/em>, Fabrice Vieira l\u2019\u00ab oeuvrier \u00bb de la Cie Lubat et d\u2019Uzeste Musical, Fidel Fourneyron, tromboniste de velours et de feu et Am\u00e9lie Affagard, ma\u00eetresse \u00e0 danser et magicienne aux mille voix.<br \/>\nC\u2019est la promesse de lendemains qui chantent et de mollets qui crampent. Chaussez-vous bien, vous allez d\u00e9coller !<\/p>\n<p>Quentin Ghomari (trompette, chant)<br \/>\nRapha\u00ebl Quenehen (saxophones, chant)<br \/>\nSebastien Palis (accord\u00e9on, Rhodes, chant)<br \/>\nThibault Cellier (contrebasse)<br \/>\nJ\u00e9r\u00e9mie Piazza (batterie)<br \/>\nFawzi Berger (percussions, chant)<br \/>\nFidel Fourneyron (trombone)<br \/>\nFabrice Vieira (guitare, chant)<br \/>\nAm\u00e9lie Affagard (chant, ma\u00eetresse \u00e0 danser)<\/p>\n<p><iframe loading=\"lazy\" title=\"Bal PAPANOSH &quot;Tu danses tu ?&quot; \u2022 TERRITOIRES\" width=\"1140\" height=\"641\" src=\"https:\/\/www.youtube.com\/embed\/7ucS50mia9E?feature=oembed\" frameborder=\"0\" allow=\"accelerometer; autoplay; clipboard-write; encrypted-media; gyroscope; picture-in-picture; web-share\" allowfullscreen><\/iframe><\/p>\n<p>&nbsp;<\/p>\n<p><strong>Bal Zetwal<\/strong><br \/>\n<strong>Samedi 27 mai \u00e0 18h<\/strong><br \/>\n<strong>H\u00f4tel de Ville de Sotteville l\u00e8s Rouen (76)<\/strong><\/p>\n<p>Dans le cadre du CTEJ Ville de Sotteville-l\u00e8s-Rouen et de la Quinzaine de la Danse de l&#8217;Ecole de Musique<br \/>\nLe <a href=\"https:\/\/www.lesvibrantsdefricheurs.com\/bal-zetwal\">Bal Zetwal<\/a> est un bal du collectif Les Vibrants D\u00e9fricheurs augment\u00e9 de 100 \u00e9toiles filantes + 3 satellites !<br \/>\nDanse urbaine, afro et funk, danse classique, danse traditionnelle, ch\u0153ur de jeunes chanteur-ses, orchestre d&#8217;harmonie, spoken word des Etats-Unis, percussions corporelles, autant de m\u00e9t\u00e9orites en pleine cr\u00e9ation qui feront vaciller le plancher de la salle des f\u00eates de la mairie !<\/p>\n<p>Satellites : Napoleon Maddox (spoken word, Etats-Unis), Amy Dia (danse urbaine), Sol\u00e8ne Duparc (percussions corporelles)<br \/>\nEtoiles : \u00e9l\u00e8ves danseur-ses de Laure Legrand et orchestre d&#8217;harmonie d&#8217;Anthony Laplace de l&#8217;\u00e9cole de musique de Sotteville, club local Copain du Monde \/ Secours Populaire, groupes Ludoclas de la ville de Sotteville, Ch\u0153ur Cyll\u00e8ne de Bruno Traourouder.<br \/>\nBal Zetwal : Am\u00e9lie Affagard (ma\u00eetresse \u00e0 danser, voix), H\u00e9lo\u00efse Divilly et Vanesa Garcia (batterie et percussions, voix), Cyrille Lacheray (guitare, mandoline, bouzouki, voix), Fr\u00e9d\u00e9ric Jouhannet (violon, voix), Rapha\u00ebl Quenehen (saxophone, voix), S\u00e9bastien Palis (accord\u00e9on, clavier, voix)<\/p>\n<p><img loading=\"lazy\" decoding=\"async\" class=\"wp-image-25350 aligncenter\" src=\"https:\/\/www.grandsformats.com\/wp-content\/uploads\/2023\/05\/Affiche-BAL-ZETWAL-SOTTEVILLE-jpg-215x300.jpg\" alt=\"Bal Zetwal \u00a9 Lison de Ridder\" width=\"499\" height=\"697\" srcset=\"https:\/\/www.grandsformats.com\/wp-content\/uploads\/2023\/05\/Affiche-BAL-ZETWAL-SOTTEVILLE-jpg-215x300.jpg 215w, https:\/\/www.grandsformats.com\/wp-content\/uploads\/2023\/05\/Affiche-BAL-ZETWAL-SOTTEVILLE-jpg-733x1024.jpg 733w, https:\/\/www.grandsformats.com\/wp-content\/uploads\/2023\/05\/Affiche-BAL-ZETWAL-SOTTEVILLE-jpg-768x1073.jpg 768w, https:\/\/www.grandsformats.com\/wp-content\/uploads\/2023\/05\/Affiche-BAL-ZETWAL-SOTTEVILLE-jpg-1099x1536.jpg 1099w, https:\/\/www.grandsformats.com\/wp-content\/uploads\/2023\/05\/Affiche-BAL-ZETWAL-SOTTEVILLE-jpg-1466x2048.jpg 1466w, https:\/\/www.grandsformats.com\/wp-content\/uploads\/2023\/05\/Affiche-BAL-ZETWAL-SOTTEVILLE-jpg-408x570.jpg 408w, https:\/\/www.grandsformats.com\/wp-content\/uploads\/2023\/05\/Affiche-BAL-ZETWAL-SOTTEVILLE-jpg-358x500.jpg 358w, https:\/\/www.grandsformats.com\/wp-content\/uploads\/2023\/05\/Affiche-BAL-ZETWAL-SOTTEVILLE-jpg-550x768.jpg 550w, https:\/\/www.grandsformats.com\/wp-content\/uploads\/2023\/05\/Affiche-BAL-ZETWAL-SOTTEVILLE-jpg-700x978.jpg 700w, https:\/\/www.grandsformats.com\/wp-content\/uploads\/2023\/05\/Affiche-BAL-ZETWAL-SOTTEVILLE-jpg-286x400.jpg 286w, https:\/\/www.grandsformats.com\/wp-content\/uploads\/2023\/05\/Affiche-BAL-ZETWAL-SOTTEVILLE-jpg-500x699.jpg 500w, https:\/\/www.grandsformats.com\/wp-content\/uploads\/2023\/05\/Affiche-BAL-ZETWAL-SOTTEVILLE-jpg.jpg 1775w\" sizes=\"auto, (max-width: 499px) 100vw, 499px\" \/><\/p>\n<p><em>Visuel \u00a9 Lison de Ridder<br \/>\nPhoto \u00a9\u00a0Priscilla Telmon<\/em><\/p>\n","protected":false},"excerpt":{"rendered":"<p>Ce mois-ci,\u00a0 les Vibrants D\u00e9fricheurs organisent deux bals en grande forme ! Bal Papanosh \u00ab Tu danses-tu ? \u00bb Dimanche 14 mai \u00e0 14h30 et 17h Festival Jazz sous les pommiers 2023 \u2022 42e \u00e9dition Magic Mirrors de Coutances (50) Voil\u00e0 quinze ans que Papanosh se r\u00e9gale \u00e0 faire danser tous les publics avec ses&#8230;<\/p>\n<p><a rel=\"bookmark\" class=\"theme-button-text wvc-button wvc-button-size-xs\" href=\"https:\/\/www.grandsformats.com\/en\/2023\/05\/vibrants-defricheurs-bals-mai\/\"><small class=\"wvc-button-background-fill\"><\/small><span>Continue reading<\/span><\/a><\/p>\n","protected":false},"author":161,"featured_media":25352,"comment_status":"open","ping_status":"open","sticky":false,"template":"","format":"standard","meta":{"_acf_changed":false,"footnotes":""},"categories":[95,710],"tags":[],"class_list":["post-25347","post","type-post","status-publish","format-standard","has-post-thumbnail","hentry","category-membres","category-les-vibrants-defricheurs","entry-post-skin-light","entry","clearfix","entry-grid","entry-columns-default","entry-post-module-layout-sidebar-right","thumbnail-color-tone-dark","metro-landscape","is-youtube","entry-post","entry-masonry","entry-post-masonry"],"acf":[],"yoast_head":"<!-- This site is optimized with the Yoast SEO plugin v25.8 - https:\/\/yoast.com\/wordpress\/plugins\/seo\/ -->\n<title>Les bals en grande formation des Vibrants D\u00e9fricheurs au mois de mai - Site officiel de la f\u00e9d\u00e9ration Grands Formats<\/title>\n<meta name=\"description\" content=\"Ce mois-ci,\u00a0 les Vibrants D\u00e9fricheurs organisent deux bals en grande forme !\u00a0Voil\u00e0 quinze ans que Papanosh se r\u00e9gale \u00e0 faire danser\" \/>\n<meta name=\"robots\" content=\"index, follow, max-snippet:-1, max-image-preview:large, max-video-preview:-1\" \/>\n<link rel=\"canonical\" href=\"https:\/\/www.grandsformats.com\/2023\/05\/vibrants-defricheurs-bals-mai\/\" \/>\n<meta property=\"og:locale\" content=\"en_US\" \/>\n<meta property=\"og:type\" content=\"article\" \/>\n<meta property=\"og:title\" content=\"Les bals en grande formation des Vibrants D\u00e9fricheurs au mois de mai - Site officiel de la f\u00e9d\u00e9ration Grands Formats\" \/>\n<meta property=\"og:description\" content=\"Ce mois-ci,\u00a0 les Vibrants D\u00e9fricheurs organisent deux bals en grande forme !\u00a0Voil\u00e0 quinze ans que Papanosh se r\u00e9gale \u00e0 faire danser\" \/>\n<meta property=\"og:url\" content=\"https:\/\/www.grandsformats.com\/2023\/05\/vibrants-defricheurs-bals-mai\/\" \/>\n<meta property=\"og:site_name\" content=\"Site officiel de la f\u00e9d\u00e9ration Grands Formats\" \/>\n<meta property=\"article:publisher\" content=\"https:\/\/www.facebook.com\/grandsformats\/\" \/>\n<meta property=\"article:published_time\" content=\"2023-05-05T13:28:19+00:00\" \/>\n<meta property=\"article:modified_time\" content=\"2023-05-05T13:30:48+00:00\" \/>\n<meta property=\"og:image\" content=\"https:\/\/www.grandsformats.com\/wp-content\/uploads\/2023\/05\/VibrantsD_Cre\u0301dit-Priscilla-Telmon.jpg\" \/>\n\t<meta property=\"og:image:width\" content=\"1920\" \/>\n\t<meta property=\"og:image:height\" content=\"1080\" \/>\n\t<meta property=\"og:image:type\" content=\"image\/jpeg\" \/>\n<meta name=\"author\" content=\"Laura Hanequand - Grands Formats\" \/>\n<meta name=\"twitter:card\" content=\"summary_large_image\" \/>\n<meta name=\"twitter:creator\" content=\"@GrandsFormatsGF\" \/>\n<meta name=\"twitter:site\" content=\"@GrandsFormatsGF\" \/>\n<meta name=\"twitter:label1\" content=\"Written by\" \/>\n\t<meta name=\"twitter:data1\" content=\"Laura Hanequand - Grands Formats\" \/>\n\t<meta name=\"twitter:label2\" content=\"Est. reading time\" \/>\n\t<meta name=\"twitter:data2\" content=\"3 minutes\" \/>\n<script type=\"application\/ld+json\" class=\"yoast-schema-graph\">{\"@context\":\"https:\/\/schema.org\",\"@graph\":[{\"@type\":\"Article\",\"@id\":\"https:\/\/www.grandsformats.com\/2023\/05\/vibrants-defricheurs-bals-mai\/#article\",\"isPartOf\":{\"@id\":\"https:\/\/www.grandsformats.com\/2023\/05\/vibrants-defricheurs-bals-mai\/\"},\"author\":{\"name\":\"Laura Hanequand - Grands Formats\",\"@id\":\"https:\/\/www.grandsformats.com\/#\/schema\/person\/56c2866069b6967b2c7becd25c9b4dbb\"},\"headline\":\"Les bals en grande formation des Vibrants D\u00e9fricheurs au mois de mai\",\"datePublished\":\"2023-05-05T13:28:19+00:00\",\"dateModified\":\"2023-05-05T13:30:48+00:00\",\"mainEntityOfPage\":{\"@id\":\"https:\/\/www.grandsformats.com\/2023\/05\/vibrants-defricheurs-bals-mai\/\"},\"wordCount\":403,\"commentCount\":0,\"publisher\":{\"@id\":\"https:\/\/www.grandsformats.com\/#organization\"},\"image\":{\"@id\":\"https:\/\/www.grandsformats.com\/2023\/05\/vibrants-defricheurs-bals-mai\/#primaryimage\"},\"thumbnailUrl\":\"https:\/\/www.grandsformats.com\/wp-content\/uploads\/2023\/05\/VibrantsD_Cre\u0301dit-Priscilla-Telmon.jpg\",\"articleSection\":[\"Actus des membres\",\"Les Vibrants Defricheurs\"],\"inLanguage\":\"en-US\",\"potentialAction\":[{\"@type\":\"CommentAction\",\"name\":\"Comment\",\"target\":[\"https:\/\/www.grandsformats.com\/2023\/05\/vibrants-defricheurs-bals-mai\/#respond\"]}]},{\"@type\":\"WebPage\",\"@id\":\"https:\/\/www.grandsformats.com\/2023\/05\/vibrants-defricheurs-bals-mai\/\",\"url\":\"https:\/\/www.grandsformats.com\/2023\/05\/vibrants-defricheurs-bals-mai\/\",\"name\":\"Les bals en grande formation des Vibrants D\u00e9fricheurs au mois de mai - Site officiel de la f\u00e9d\u00e9ration Grands Formats\",\"isPartOf\":{\"@id\":\"https:\/\/www.grandsformats.com\/#website\"},\"primaryImageOfPage\":{\"@id\":\"https:\/\/www.grandsformats.com\/2023\/05\/vibrants-defricheurs-bals-mai\/#primaryimage\"},\"image\":{\"@id\":\"https:\/\/www.grandsformats.com\/2023\/05\/vibrants-defricheurs-bals-mai\/#primaryimage\"},\"thumbnailUrl\":\"https:\/\/www.grandsformats.com\/wp-content\/uploads\/2023\/05\/VibrantsD_Cre\u0301dit-Priscilla-Telmon.jpg\",\"datePublished\":\"2023-05-05T13:28:19+00:00\",\"dateModified\":\"2023-05-05T13:30:48+00:00\",\"description\":\"Ce mois-ci,\u00a0 les Vibrants D\u00e9fricheurs organisent deux bals en grande forme !\u00a0Voil\u00e0 quinze ans que Papanosh se r\u00e9gale \u00e0 faire danser\",\"breadcrumb\":{\"@id\":\"https:\/\/www.grandsformats.com\/2023\/05\/vibrants-defricheurs-bals-mai\/#breadcrumb\"},\"inLanguage\":\"en-US\",\"potentialAction\":[{\"@type\":\"ReadAction\",\"target\":[\"https:\/\/www.grandsformats.com\/2023\/05\/vibrants-defricheurs-bals-mai\/\"]}]},{\"@type\":\"ImageObject\",\"inLanguage\":\"en-US\",\"@id\":\"https:\/\/www.grandsformats.com\/2023\/05\/vibrants-defricheurs-bals-mai\/#primaryimage\",\"url\":\"https:\/\/www.grandsformats.com\/wp-content\/uploads\/2023\/05\/VibrantsD_Cre\u0301dit-Priscilla-Telmon.jpg\",\"contentUrl\":\"https:\/\/www.grandsformats.com\/wp-content\/uploads\/2023\/05\/VibrantsD_Cre\u0301dit-Priscilla-Telmon.jpg\",\"width\":1920,\"height\":1080},{\"@type\":\"BreadcrumbList\",\"@id\":\"https:\/\/www.grandsformats.com\/2023\/05\/vibrants-defricheurs-bals-mai\/#breadcrumb\",\"itemListElement\":[{\"@type\":\"ListItem\",\"position\":1,\"name\":\"Accueil\",\"item\":\"https:\/\/www.grandsformats.com\/en\/\"},{\"@type\":\"ListItem\",\"position\":2,\"name\":\"Les bals en grande formation des Vibrants D\u00e9fricheurs au mois de mai\"}]},{\"@type\":\"WebSite\",\"@id\":\"https:\/\/www.grandsformats.com\/#website\",\"url\":\"https:\/\/www.grandsformats.com\/\",\"name\":\"Site officiel de la f\u00e9d\u00e9ration Grands Formats\",\"description\":\"F\u00e9d\u00e9ration d&#039;artistes pour la musique en grand !\",\"publisher\":{\"@id\":\"https:\/\/www.grandsformats.com\/#organization\"},\"potentialAction\":[{\"@type\":\"SearchAction\",\"target\":{\"@type\":\"EntryPoint\",\"urlTemplate\":\"https:\/\/www.grandsformats.com\/?s={search_term_string}\"},\"query-input\":{\"@type\":\"PropertyValueSpecification\",\"valueRequired\":true,\"valueName\":\"search_term_string\"}}],\"inLanguage\":\"en-US\"},{\"@type\":\"Organization\",\"@id\":\"https:\/\/www.grandsformats.com\/#organization\",\"name\":\"Grands Formats\",\"url\":\"https:\/\/www.grandsformats.com\/\",\"logo\":{\"@type\":\"ImageObject\",\"inLanguage\":\"en-US\",\"@id\":\"https:\/\/www.grandsformats.com\/#\/schema\/logo\/image\/\",\"url\":\"https:\/\/www.grandsformats.com\/wp-content\/uploads\/2020\/03\/logo-GF-200.png\",\"contentUrl\":\"https:\/\/www.grandsformats.com\/wp-content\/uploads\/2020\/03\/logo-GF-200.png\",\"width\":155,\"height\":200,\"caption\":\"Grands Formats\"},\"image\":{\"@id\":\"https:\/\/www.grandsformats.com\/#\/schema\/logo\/image\/\"},\"sameAs\":[\"https:\/\/www.facebook.com\/grandsformats\/\",\"https:\/\/x.com\/GrandsFormatsGF\",\"https:\/\/www.instagram.com\/grandsformats\/\",\"https:\/\/www.youtube.com\/channel\/UCJ7k9dbqc_DG-nxI3WMPvhw?view_as=subscriberhttps:\/\/www.youtube.com\/channel\/UCJ7k9dbqc_DG-nxI3WMPvhw?view_as=subscriber\"]},{\"@type\":\"Person\",\"@id\":\"https:\/\/www.grandsformats.com\/#\/schema\/person\/56c2866069b6967b2c7becd25c9b4dbb\",\"name\":\"Laura Hanequand - Grands Formats\",\"image\":{\"@type\":\"ImageObject\",\"inLanguage\":\"en-US\",\"@id\":\"https:\/\/www.grandsformats.com\/#\/schema\/person\/image\/\",\"url\":\"https:\/\/secure.gravatar.com\/avatar\/6d52edecb86835c2b7e81a2cdb8965ae325b4045b44f9043177428c622c06643?s=96&d=mm&r=g\",\"contentUrl\":\"https:\/\/secure.gravatar.com\/avatar\/6d52edecb86835c2b7e81a2cdb8965ae325b4045b44f9043177428c622c06643?s=96&d=mm&r=g\",\"caption\":\"Laura Hanequand - Grands Formats\"},\"url\":\"https:\/\/www.grandsformats.com\/en\/author\/lauragrandsformats-com\/\"}]}<\/script>\n<!-- \/ Yoast SEO plugin. -->","yoast_head_json":{"title":"Les bals en grande formation des Vibrants D\u00e9fricheurs au mois de mai - Site officiel de la f\u00e9d\u00e9ration Grands Formats","description":"Ce mois-ci,\u00a0 les Vibrants D\u00e9fricheurs organisent deux bals en grande forme !\u00a0Voil\u00e0 quinze ans que Papanosh se r\u00e9gale \u00e0 faire danser","robots":{"index":"index","follow":"follow","max-snippet":"max-snippet:-1","max-image-preview":"max-image-preview:large","max-video-preview":"max-video-preview:-1"},"canonical":"https:\/\/www.grandsformats.com\/2023\/05\/vibrants-defricheurs-bals-mai\/","og_locale":"en_US","og_type":"article","og_title":"Les bals en grande formation des Vibrants D\u00e9fricheurs au mois de mai - Site officiel de la f\u00e9d\u00e9ration Grands Formats","og_description":"Ce mois-ci,\u00a0 les Vibrants D\u00e9fricheurs organisent deux bals en grande forme !\u00a0Voil\u00e0 quinze ans que Papanosh se r\u00e9gale \u00e0 faire danser","og_url":"https:\/\/www.grandsformats.com\/2023\/05\/vibrants-defricheurs-bals-mai\/","og_site_name":"Site officiel de la f\u00e9d\u00e9ration Grands Formats","article_publisher":"https:\/\/www.facebook.com\/grandsformats\/","article_published_time":"2023-05-05T13:28:19+00:00","article_modified_time":"2023-05-05T13:30:48+00:00","og_image":[{"width":1920,"height":1080,"url":"https:\/\/www.grandsformats.com\/wp-content\/uploads\/2023\/05\/VibrantsD_Cre\u0301dit-Priscilla-Telmon.jpg","type":"image\/jpeg"}],"author":"Laura Hanequand - Grands Formats","twitter_card":"summary_large_image","twitter_creator":"@GrandsFormatsGF","twitter_site":"@GrandsFormatsGF","twitter_misc":{"Written by":"Laura Hanequand - Grands Formats","Est. reading time":"3 minutes"},"schema":{"@context":"https:\/\/schema.org","@graph":[{"@type":"Article","@id":"https:\/\/www.grandsformats.com\/2023\/05\/vibrants-defricheurs-bals-mai\/#article","isPartOf":{"@id":"https:\/\/www.grandsformats.com\/2023\/05\/vibrants-defricheurs-bals-mai\/"},"author":{"name":"Laura Hanequand - Grands Formats","@id":"https:\/\/www.grandsformats.com\/#\/schema\/person\/56c2866069b6967b2c7becd25c9b4dbb"},"headline":"Les bals en grande formation des Vibrants D\u00e9fricheurs au mois de mai","datePublished":"2023-05-05T13:28:19+00:00","dateModified":"2023-05-05T13:30:48+00:00","mainEntityOfPage":{"@id":"https:\/\/www.grandsformats.com\/2023\/05\/vibrants-defricheurs-bals-mai\/"},"wordCount":403,"commentCount":0,"publisher":{"@id":"https:\/\/www.grandsformats.com\/#organization"},"image":{"@id":"https:\/\/www.grandsformats.com\/2023\/05\/vibrants-defricheurs-bals-mai\/#primaryimage"},"thumbnailUrl":"https:\/\/www.grandsformats.com\/wp-content\/uploads\/2023\/05\/VibrantsD_Cre\u0301dit-Priscilla-Telmon.jpg","articleSection":["Actus des membres","Les Vibrants Defricheurs"],"inLanguage":"en-US","potentialAction":[{"@type":"CommentAction","name":"Comment","target":["https:\/\/www.grandsformats.com\/2023\/05\/vibrants-defricheurs-bals-mai\/#respond"]}]},{"@type":"WebPage","@id":"https:\/\/www.grandsformats.com\/2023\/05\/vibrants-defricheurs-bals-mai\/","url":"https:\/\/www.grandsformats.com\/2023\/05\/vibrants-defricheurs-bals-mai\/","name":"Les bals en grande formation des Vibrants D\u00e9fricheurs au mois de mai - Site officiel de la f\u00e9d\u00e9ration Grands Formats","isPartOf":{"@id":"https:\/\/www.grandsformats.com\/#website"},"primaryImageOfPage":{"@id":"https:\/\/www.grandsformats.com\/2023\/05\/vibrants-defricheurs-bals-mai\/#primaryimage"},"image":{"@id":"https:\/\/www.grandsformats.com\/2023\/05\/vibrants-defricheurs-bals-mai\/#primaryimage"},"thumbnailUrl":"https:\/\/www.grandsformats.com\/wp-content\/uploads\/2023\/05\/VibrantsD_Cre\u0301dit-Priscilla-Telmon.jpg","datePublished":"2023-05-05T13:28:19+00:00","dateModified":"2023-05-05T13:30:48+00:00","description":"Ce mois-ci,\u00a0 les Vibrants D\u00e9fricheurs organisent deux bals en grande forme !\u00a0Voil\u00e0 quinze ans que Papanosh se r\u00e9gale \u00e0 faire danser","breadcrumb":{"@id":"https:\/\/www.grandsformats.com\/2023\/05\/vibrants-defricheurs-bals-mai\/#breadcrumb"},"inLanguage":"en-US","potentialAction":[{"@type":"ReadAction","target":["https:\/\/www.grandsformats.com\/2023\/05\/vibrants-defricheurs-bals-mai\/"]}]},{"@type":"ImageObject","inLanguage":"en-US","@id":"https:\/\/www.grandsformats.com\/2023\/05\/vibrants-defricheurs-bals-mai\/#primaryimage","url":"https:\/\/www.grandsformats.com\/wp-content\/uploads\/2023\/05\/VibrantsD_Cre\u0301dit-Priscilla-Telmon.jpg","contentUrl":"https:\/\/www.grandsformats.com\/wp-content\/uploads\/2023\/05\/VibrantsD_Cre\u0301dit-Priscilla-Telmon.jpg","width":1920,"height":1080},{"@type":"BreadcrumbList","@id":"https:\/\/www.grandsformats.com\/2023\/05\/vibrants-defricheurs-bals-mai\/#breadcrumb","itemListElement":[{"@type":"ListItem","position":1,"name":"Accueil","item":"https:\/\/www.grandsformats.com\/en\/"},{"@type":"ListItem","position":2,"name":"Les bals en grande formation des Vibrants D\u00e9fricheurs au mois de mai"}]},{"@type":"WebSite","@id":"https:\/\/www.grandsformats.com\/#website","url":"https:\/\/www.grandsformats.com\/","name":"Site officiel de la f\u00e9d\u00e9ration Grands Formats","description":"F\u00e9d\u00e9ration d&#039;artistes pour la musique en grand !","publisher":{"@id":"https:\/\/www.grandsformats.com\/#organization"},"potentialAction":[{"@type":"SearchAction","target":{"@type":"EntryPoint","urlTemplate":"https:\/\/www.grandsformats.com\/?s={search_term_string}"},"query-input":{"@type":"PropertyValueSpecification","valueRequired":true,"valueName":"search_term_string"}}],"inLanguage":"en-US"},{"@type":"Organization","@id":"https:\/\/www.grandsformats.com\/#organization","name":"Grands Formats","url":"https:\/\/www.grandsformats.com\/","logo":{"@type":"ImageObject","inLanguage":"en-US","@id":"https:\/\/www.grandsformats.com\/#\/schema\/logo\/image\/","url":"https:\/\/www.grandsformats.com\/wp-content\/uploads\/2020\/03\/logo-GF-200.png","contentUrl":"https:\/\/www.grandsformats.com\/wp-content\/uploads\/2020\/03\/logo-GF-200.png","width":155,"height":200,"caption":"Grands Formats"},"image":{"@id":"https:\/\/www.grandsformats.com\/#\/schema\/logo\/image\/"},"sameAs":["https:\/\/www.facebook.com\/grandsformats\/","https:\/\/x.com\/GrandsFormatsGF","https:\/\/www.instagram.com\/grandsformats\/","https:\/\/www.youtube.com\/channel\/UCJ7k9dbqc_DG-nxI3WMPvhw?view_as=subscriberhttps:\/\/www.youtube.com\/channel\/UCJ7k9dbqc_DG-nxI3WMPvhw?view_as=subscriber"]},{"@type":"Person","@id":"https:\/\/www.grandsformats.com\/#\/schema\/person\/56c2866069b6967b2c7becd25c9b4dbb","name":"Laura Hanequand - Grands Formats","image":{"@type":"ImageObject","inLanguage":"en-US","@id":"https:\/\/www.grandsformats.com\/#\/schema\/person\/image\/","url":"https:\/\/secure.gravatar.com\/avatar\/6d52edecb86835c2b7e81a2cdb8965ae325b4045b44f9043177428c622c06643?s=96&d=mm&r=g","contentUrl":"https:\/\/secure.gravatar.com\/avatar\/6d52edecb86835c2b7e81a2cdb8965ae325b4045b44f9043177428c622c06643?s=96&d=mm&r=g","caption":"Laura Hanequand - Grands Formats"},"url":"https:\/\/www.grandsformats.com\/en\/author\/lauragrandsformats-com\/"}]}},"_links":{"self":[{"href":"https:\/\/www.grandsformats.com\/en\/wp-json\/wp\/v2\/posts\/25347","targetHints":{"allow":["GET"]}}],"collection":[{"href":"https:\/\/www.grandsformats.com\/en\/wp-json\/wp\/v2\/posts"}],"about":[{"href":"https:\/\/www.grandsformats.com\/en\/wp-json\/wp\/v2\/types\/post"}],"author":[{"embeddable":true,"href":"https:\/\/www.grandsformats.com\/en\/wp-json\/wp\/v2\/users\/161"}],"replies":[{"embeddable":true,"href":"https:\/\/www.grandsformats.com\/en\/wp-json\/wp\/v2\/comments?post=25347"}],"version-history":[{"count":0,"href":"https:\/\/www.grandsformats.com\/en\/wp-json\/wp\/v2\/posts\/25347\/revisions"}],"wp:featuredmedia":[{"embeddable":true,"href":"https:\/\/www.grandsformats.com\/en\/wp-json\/wp\/v2\/media\/25352"}],"wp:attachment":[{"href":"https:\/\/www.grandsformats.com\/en\/wp-json\/wp\/v2\/media?parent=25347"}],"wp:term":[{"taxonomy":"category","embeddable":true,"href":"https:\/\/www.grandsformats.com\/en\/wp-json\/wp\/v2\/categories?post=25347"},{"taxonomy":"post_tag","embeddable":true,"href":"https:\/\/www.grandsformats.com\/en\/wp-json\/wp\/v2\/tags?post=25347"}],"curies":[{"name":"wp","href":"https:\/\/api.w.org\/{rel}","templated":true}]}}