{"id":25342,"date":"2023-05-05T14:26:45","date_gmt":"2023-05-05T12:26:45","guid":{"rendered":"https:\/\/www.grandsformats.com\/?p=25342"},"modified":"2023-05-05T14:26:45","modified_gmt":"2023-05-05T12:26:45","slug":"thierry-maillard-cameleon-coutances","status":"publish","type":"post","link":"https:\/\/www.grandsformats.com\/en\/2023\/05\/thierry-maillard-cameleon-coutances\/","title":{"rendered":"Thierry Maillard Ensemble Cam\u00e9l\u00e9on en concert \u00e0 Jazz sous les pommiers"},"content":{"rendered":"<p><strong>L&#8217;ensemble <em>Cam\u00e9l\u00e9on<\/em> de Thierry Maillard sera en concert le 19 mai au festival Jazz sous les pommiers \u00e0 Coutances.\u00a0<\/strong><\/p>\n<p><em>Cam\u00e9l\u00e9on<\/em> est la mise en chantier d\u2019un r\u00eave : r\u00e9unir le monde lyrique et le jazz. Pour y parvenir, le pianiste Thierry Maillard s\u2019entoure de sept chanteuses lyriques (du groupe Vagabondes), sept interpr\u00e8tes et solistes de haut vol issues de la musique classique et du jazz, et d\u2019un trio jazz. On entend alors une musique savante, parfois mystique, souvent ludique, sans limites stylistiques v\u00e9ritables. Et sans barri\u00e8res de langue puisque celle utilis\u00e9e par les chanteuses est in\u00e9dite, mani\u00e8re d\u2019esp\u00e9ranto musical, comme un Babel enfin abouti ! Une aventure aussi rare qu\u2019exceptionnelle offerte au public coutan\u00e7ais.<\/p>\n<p><span style=\"text-decoration: underline;\"><strong>\u2192 <a href=\"https:\/\/www.jazzsouslespommiers.com\/artistes_2023\/thierry-maillard-ensemble-cameleon\/\">Infos et billetterie<\/a><\/strong><\/span><\/p>\n","protected":false},"excerpt":{"rendered":"<p>L&#8217;ensemble Cam\u00e9l\u00e9on de Thierry Maillard sera en concert le 19 mai au festival Jazz sous les pommiers \u00e0 Coutances.\u00a0 Cam\u00e9l\u00e9on est la mise en chantier d\u2019un r\u00eave : r\u00e9unir le monde lyrique et le jazz. Pour y parvenir, le pianiste Thierry Maillard s\u2019entoure de sept chanteuses lyriques (du groupe Vagabondes), sept interpr\u00e8tes et solistes de&#8230;<\/p>\n<p><a rel=\"bookmark\" class=\"theme-button-text wvc-button wvc-button-size-xs\" href=\"https:\/\/www.grandsformats.com\/en\/2023\/05\/thierry-maillard-cameleon-coutances\/\"><small class=\"wvc-button-background-fill\"><\/small><span>Continue reading<\/span><\/a><\/p>\n","protected":false},"author":161,"featured_media":25343,"comment_status":"open","ping_status":"open","sticky":false,"template":"","format":"standard","meta":{"_acf_changed":false,"footnotes":""},"categories":[95,610],"tags":[],"class_list":["post-25342","post","type-post","status-publish","format-standard","has-post-thumbnail","hentry","category-membres","category-thierry-maillard-big-band","entry-post-skin-light","entry","clearfix","entry-grid","entry-columns-default","entry-post-module-layout-sidebar-right","thumbnail-color-tone-dark","metro-landscape","entry-post","entry-masonry","entry-post-masonry"],"acf":[],"yoast_head":"<!-- This site is optimized with the Yoast SEO plugin v25.8 - https:\/\/yoast.com\/wordpress\/plugins\/seo\/ -->\n<title>Thierry Maillard Ensemble Cam\u00e9l\u00e9on en concert \u00e0 Jazz sous les pommiers - Site officiel de la f\u00e9d\u00e9ration Grands Formats<\/title>\n<meta name=\"description\" content=\"L&#039;ensemble Cam\u00e9l\u00e9on de Thierry Maillard sera en concert le 19 mai au festival Jazz sous les pommiers \u00e0 Coutances.\u00a0\" \/>\n<meta name=\"robots\" content=\"index, follow, max-snippet:-1, max-image-preview:large, max-video-preview:-1\" \/>\n<link rel=\"canonical\" href=\"https:\/\/www.grandsformats.com\/2023\/05\/thierry-maillard-cameleon-coutances\/\" \/>\n<meta property=\"og:locale\" content=\"en_US\" \/>\n<meta property=\"og:type\" content=\"article\" \/>\n<meta property=\"og:title\" content=\"Thierry Maillard Ensemble Cam\u00e9l\u00e9on en concert \u00e0 Jazz sous les pommiers - Site officiel de la f\u00e9d\u00e9ration Grands Formats\" \/>\n<meta property=\"og:description\" content=\"L&#039;ensemble Cam\u00e9l\u00e9on de Thierry Maillard sera en concert le 19 mai au festival Jazz sous les pommiers \u00e0 Coutances.\u00a0\" \/>\n<meta property=\"og:url\" content=\"https:\/\/www.grandsformats.com\/2023\/05\/thierry-maillard-cameleon-coutances\/\" \/>\n<meta property=\"og:site_name\" content=\"Site officiel de la f\u00e9d\u00e9ration Grands Formats\" \/>\n<meta property=\"article:publisher\" content=\"https:\/\/www.facebook.com\/grandsformats\/\" \/>\n<meta property=\"article:published_time\" content=\"2023-05-05T12:26:45+00:00\" \/>\n<meta property=\"og:image\" content=\"https:\/\/www.grandsformats.com\/wp-content\/uploads\/2023\/05\/169_CAMELEON-_-190523_Coutances-Document-A3-Affiche.jpg\" \/>\n\t<meta property=\"og:image:width\" content=\"1920\" \/>\n\t<meta property=\"og:image:height\" content=\"1080\" \/>\n\t<meta property=\"og:image:type\" content=\"image\/jpeg\" \/>\n<meta name=\"author\" content=\"Laura Hanequand - Grands Formats\" \/>\n<meta name=\"twitter:card\" content=\"summary_large_image\" \/>\n<meta name=\"twitter:creator\" content=\"@GrandsFormatsGF\" \/>\n<meta name=\"twitter:site\" content=\"@GrandsFormatsGF\" \/>\n<meta name=\"twitter:label1\" content=\"Written by\" \/>\n\t<meta name=\"twitter:data1\" content=\"Laura Hanequand - Grands Formats\" \/>\n\t<meta name=\"twitter:label2\" content=\"Est. reading time\" \/>\n\t<meta name=\"twitter:data2\" content=\"1 minute\" \/>\n<script type=\"application\/ld+json\" class=\"yoast-schema-graph\">{\"@context\":\"https:\/\/schema.org\",\"@graph\":[{\"@type\":\"Article\",\"@id\":\"https:\/\/www.grandsformats.com\/2023\/05\/thierry-maillard-cameleon-coutances\/#article\",\"isPartOf\":{\"@id\":\"https:\/\/www.grandsformats.com\/2023\/05\/thierry-maillard-cameleon-coutances\/\"},\"author\":{\"name\":\"Laura Hanequand - Grands Formats\",\"@id\":\"https:\/\/www.grandsformats.com\/#\/schema\/person\/56c2866069b6967b2c7becd25c9b4dbb\"},\"headline\":\"Thierry Maillard Ensemble Cam\u00e9l\u00e9on en concert \u00e0 Jazz sous les pommiers\",\"datePublished\":\"2023-05-05T12:26:45+00:00\",\"mainEntityOfPage\":{\"@id\":\"https:\/\/www.grandsformats.com\/2023\/05\/thierry-maillard-cameleon-coutances\/\"},\"wordCount\":145,\"commentCount\":0,\"publisher\":{\"@id\":\"https:\/\/www.grandsformats.com\/#organization\"},\"image\":{\"@id\":\"https:\/\/www.grandsformats.com\/2023\/05\/thierry-maillard-cameleon-coutances\/#primaryimage\"},\"thumbnailUrl\":\"https:\/\/www.grandsformats.com\/wp-content\/uploads\/2023\/05\/169_CAMELEON-_-190523_Coutances-Document-A3-Affiche.jpg\",\"articleSection\":[\"Actus des membres\",\"Thierry Maillard big Band\"],\"inLanguage\":\"en-US\",\"potentialAction\":[{\"@type\":\"CommentAction\",\"name\":\"Comment\",\"target\":[\"https:\/\/www.grandsformats.com\/2023\/05\/thierry-maillard-cameleon-coutances\/#respond\"]}]},{\"@type\":\"WebPage\",\"@id\":\"https:\/\/www.grandsformats.com\/2023\/05\/thierry-maillard-cameleon-coutances\/\",\"url\":\"https:\/\/www.grandsformats.com\/2023\/05\/thierry-maillard-cameleon-coutances\/\",\"name\":\"Thierry Maillard Ensemble Cam\u00e9l\u00e9on en concert \u00e0 Jazz sous les pommiers - Site officiel de la f\u00e9d\u00e9ration Grands Formats\",\"isPartOf\":{\"@id\":\"https:\/\/www.grandsformats.com\/#website\"},\"primaryImageOfPage\":{\"@id\":\"https:\/\/www.grandsformats.com\/2023\/05\/thierry-maillard-cameleon-coutances\/#primaryimage\"},\"image\":{\"@id\":\"https:\/\/www.grandsformats.com\/2023\/05\/thierry-maillard-cameleon-coutances\/#primaryimage\"},\"thumbnailUrl\":\"https:\/\/www.grandsformats.com\/wp-content\/uploads\/2023\/05\/169_CAMELEON-_-190523_Coutances-Document-A3-Affiche.jpg\",\"datePublished\":\"2023-05-05T12:26:45+00:00\",\"description\":\"L'ensemble Cam\u00e9l\u00e9on de Thierry Maillard sera en concert le 19 mai au festival Jazz sous les pommiers \u00e0 Coutances.\u00a0\",\"breadcrumb\":{\"@id\":\"https:\/\/www.grandsformats.com\/2023\/05\/thierry-maillard-cameleon-coutances\/#breadcrumb\"},\"inLanguage\":\"en-US\",\"potentialAction\":[{\"@type\":\"ReadAction\",\"target\":[\"https:\/\/www.grandsformats.com\/2023\/05\/thierry-maillard-cameleon-coutances\/\"]}]},{\"@type\":\"ImageObject\",\"inLanguage\":\"en-US\",\"@id\":\"https:\/\/www.grandsformats.com\/2023\/05\/thierry-maillard-cameleon-coutances\/#primaryimage\",\"url\":\"https:\/\/www.grandsformats.com\/wp-content\/uploads\/2023\/05\/169_CAMELEON-_-190523_Coutances-Document-A3-Affiche.jpg\",\"contentUrl\":\"https:\/\/www.grandsformats.com\/wp-content\/uploads\/2023\/05\/169_CAMELEON-_-190523_Coutances-Document-A3-Affiche.jpg\",\"width\":1920,\"height\":1080,\"caption\":\"cam\u00e9l\u00e9on coutances\"},{\"@type\":\"BreadcrumbList\",\"@id\":\"https:\/\/www.grandsformats.com\/2023\/05\/thierry-maillard-cameleon-coutances\/#breadcrumb\",\"itemListElement\":[{\"@type\":\"ListItem\",\"position\":1,\"name\":\"Accueil\",\"item\":\"https:\/\/www.grandsformats.com\/en\/\"},{\"@type\":\"ListItem\",\"position\":2,\"name\":\"Thierry Maillard Ensemble Cam\u00e9l\u00e9on en concert \u00e0 Jazz sous les pommiers\"}]},{\"@type\":\"WebSite\",\"@id\":\"https:\/\/www.grandsformats.com\/#website\",\"url\":\"https:\/\/www.grandsformats.com\/\",\"name\":\"Site officiel de la f\u00e9d\u00e9ration Grands Formats\",\"description\":\"F\u00e9d\u00e9ration d&#039;artistes pour la musique en grand !\",\"publisher\":{\"@id\":\"https:\/\/www.grandsformats.com\/#organization\"},\"potentialAction\":[{\"@type\":\"SearchAction\",\"target\":{\"@type\":\"EntryPoint\",\"urlTemplate\":\"https:\/\/www.grandsformats.com\/?s={search_term_string}\"},\"query-input\":{\"@type\":\"PropertyValueSpecification\",\"valueRequired\":true,\"valueName\":\"search_term_string\"}}],\"inLanguage\":\"en-US\"},{\"@type\":\"Organization\",\"@id\":\"https:\/\/www.grandsformats.com\/#organization\",\"name\":\"Grands Formats\",\"url\":\"https:\/\/www.grandsformats.com\/\",\"logo\":{\"@type\":\"ImageObject\",\"inLanguage\":\"en-US\",\"@id\":\"https:\/\/www.grandsformats.com\/#\/schema\/logo\/image\/\",\"url\":\"https:\/\/www.grandsformats.com\/wp-content\/uploads\/2020\/03\/logo-GF-200.png\",\"contentUrl\":\"https:\/\/www.grandsformats.com\/wp-content\/uploads\/2020\/03\/logo-GF-200.png\",\"width\":155,\"height\":200,\"caption\":\"Grands Formats\"},\"image\":{\"@id\":\"https:\/\/www.grandsformats.com\/#\/schema\/logo\/image\/\"},\"sameAs\":[\"https:\/\/www.facebook.com\/grandsformats\/\",\"https:\/\/x.com\/GrandsFormatsGF\",\"https:\/\/www.instagram.com\/grandsformats\/\",\"https:\/\/www.youtube.com\/channel\/UCJ7k9dbqc_DG-nxI3WMPvhw?view_as=subscriberhttps:\/\/www.youtube.com\/channel\/UCJ7k9dbqc_DG-nxI3WMPvhw?view_as=subscriber\"]},{\"@type\":\"Person\",\"@id\":\"https:\/\/www.grandsformats.com\/#\/schema\/person\/56c2866069b6967b2c7becd25c9b4dbb\",\"name\":\"Laura Hanequand - Grands Formats\",\"image\":{\"@type\":\"ImageObject\",\"inLanguage\":\"en-US\",\"@id\":\"https:\/\/www.grandsformats.com\/#\/schema\/person\/image\/\",\"url\":\"https:\/\/secure.gravatar.com\/avatar\/6d52edecb86835c2b7e81a2cdb8965ae325b4045b44f9043177428c622c06643?s=96&d=mm&r=g\",\"contentUrl\":\"https:\/\/secure.gravatar.com\/avatar\/6d52edecb86835c2b7e81a2cdb8965ae325b4045b44f9043177428c622c06643?s=96&d=mm&r=g\",\"caption\":\"Laura Hanequand - Grands Formats\"},\"url\":\"https:\/\/www.grandsformats.com\/en\/author\/lauragrandsformats-com\/\"}]}<\/script>\n<!-- \/ Yoast SEO plugin. -->","yoast_head_json":{"title":"Thierry Maillard Ensemble Cam\u00e9l\u00e9on en concert \u00e0 Jazz sous les pommiers - Site officiel de la f\u00e9d\u00e9ration Grands Formats","description":"L'ensemble Cam\u00e9l\u00e9on de Thierry Maillard sera en concert le 19 mai au festival Jazz sous les pommiers \u00e0 Coutances.\u00a0","robots":{"index":"index","follow":"follow","max-snippet":"max-snippet:-1","max-image-preview":"max-image-preview:large","max-video-preview":"max-video-preview:-1"},"canonical":"https:\/\/www.grandsformats.com\/2023\/05\/thierry-maillard-cameleon-coutances\/","og_locale":"en_US","og_type":"article","og_title":"Thierry Maillard Ensemble Cam\u00e9l\u00e9on en concert \u00e0 Jazz sous les pommiers - Site officiel de la f\u00e9d\u00e9ration Grands Formats","og_description":"L'ensemble Cam\u00e9l\u00e9on de Thierry Maillard sera en concert le 19 mai au festival Jazz sous les pommiers \u00e0 Coutances.\u00a0","og_url":"https:\/\/www.grandsformats.com\/2023\/05\/thierry-maillard-cameleon-coutances\/","og_site_name":"Site officiel de la f\u00e9d\u00e9ration Grands Formats","article_publisher":"https:\/\/www.facebook.com\/grandsformats\/","article_published_time":"2023-05-05T12:26:45+00:00","og_image":[{"width":1920,"height":1080,"url":"https:\/\/www.grandsformats.com\/wp-content\/uploads\/2023\/05\/169_CAMELEON-_-190523_Coutances-Document-A3-Affiche.jpg","type":"image\/jpeg"}],"author":"Laura Hanequand - Grands Formats","twitter_card":"summary_large_image","twitter_creator":"@GrandsFormatsGF","twitter_site":"@GrandsFormatsGF","twitter_misc":{"Written by":"Laura Hanequand - Grands Formats","Est. reading time":"1 minute"},"schema":{"@context":"https:\/\/schema.org","@graph":[{"@type":"Article","@id":"https:\/\/www.grandsformats.com\/2023\/05\/thierry-maillard-cameleon-coutances\/#article","isPartOf":{"@id":"https:\/\/www.grandsformats.com\/2023\/05\/thierry-maillard-cameleon-coutances\/"},"author":{"name":"Laura Hanequand - Grands Formats","@id":"https:\/\/www.grandsformats.com\/#\/schema\/person\/56c2866069b6967b2c7becd25c9b4dbb"},"headline":"Thierry Maillard Ensemble Cam\u00e9l\u00e9on en concert \u00e0 Jazz sous les pommiers","datePublished":"2023-05-05T12:26:45+00:00","mainEntityOfPage":{"@id":"https:\/\/www.grandsformats.com\/2023\/05\/thierry-maillard-cameleon-coutances\/"},"wordCount":145,"commentCount":0,"publisher":{"@id":"https:\/\/www.grandsformats.com\/#organization"},"image":{"@id":"https:\/\/www.grandsformats.com\/2023\/05\/thierry-maillard-cameleon-coutances\/#primaryimage"},"thumbnailUrl":"https:\/\/www.grandsformats.com\/wp-content\/uploads\/2023\/05\/169_CAMELEON-_-190523_Coutances-Document-A3-Affiche.jpg","articleSection":["Actus des membres","Thierry Maillard big Band"],"inLanguage":"en-US","potentialAction":[{"@type":"CommentAction","name":"Comment","target":["https:\/\/www.grandsformats.com\/2023\/05\/thierry-maillard-cameleon-coutances\/#respond"]}]},{"@type":"WebPage","@id":"https:\/\/www.grandsformats.com\/2023\/05\/thierry-maillard-cameleon-coutances\/","url":"https:\/\/www.grandsformats.com\/2023\/05\/thierry-maillard-cameleon-coutances\/","name":"Thierry Maillard Ensemble Cam\u00e9l\u00e9on en concert \u00e0 Jazz sous les pommiers - Site officiel de la f\u00e9d\u00e9ration Grands Formats","isPartOf":{"@id":"https:\/\/www.grandsformats.com\/#website"},"primaryImageOfPage":{"@id":"https:\/\/www.grandsformats.com\/2023\/05\/thierry-maillard-cameleon-coutances\/#primaryimage"},"image":{"@id":"https:\/\/www.grandsformats.com\/2023\/05\/thierry-maillard-cameleon-coutances\/#primaryimage"},"thumbnailUrl":"https:\/\/www.grandsformats.com\/wp-content\/uploads\/2023\/05\/169_CAMELEON-_-190523_Coutances-Document-A3-Affiche.jpg","datePublished":"2023-05-05T12:26:45+00:00","description":"L'ensemble Cam\u00e9l\u00e9on de Thierry Maillard sera en concert le 19 mai au festival Jazz sous les pommiers \u00e0 Coutances.\u00a0","breadcrumb":{"@id":"https:\/\/www.grandsformats.com\/2023\/05\/thierry-maillard-cameleon-coutances\/#breadcrumb"},"inLanguage":"en-US","potentialAction":[{"@type":"ReadAction","target":["https:\/\/www.grandsformats.com\/2023\/05\/thierry-maillard-cameleon-coutances\/"]}]},{"@type":"ImageObject","inLanguage":"en-US","@id":"https:\/\/www.grandsformats.com\/2023\/05\/thierry-maillard-cameleon-coutances\/#primaryimage","url":"https:\/\/www.grandsformats.com\/wp-content\/uploads\/2023\/05\/169_CAMELEON-_-190523_Coutances-Document-A3-Affiche.jpg","contentUrl":"https:\/\/www.grandsformats.com\/wp-content\/uploads\/2023\/05\/169_CAMELEON-_-190523_Coutances-Document-A3-Affiche.jpg","width":1920,"height":1080,"caption":"cam\u00e9l\u00e9on coutances"},{"@type":"BreadcrumbList","@id":"https:\/\/www.grandsformats.com\/2023\/05\/thierry-maillard-cameleon-coutances\/#breadcrumb","itemListElement":[{"@type":"ListItem","position":1,"name":"Accueil","item":"https:\/\/www.grandsformats.com\/en\/"},{"@type":"ListItem","position":2,"name":"Thierry Maillard Ensemble Cam\u00e9l\u00e9on en concert \u00e0 Jazz sous les pommiers"}]},{"@type":"WebSite","@id":"https:\/\/www.grandsformats.com\/#website","url":"https:\/\/www.grandsformats.com\/","name":"Site officiel de la f\u00e9d\u00e9ration Grands Formats","description":"F\u00e9d\u00e9ration d&#039;artistes pour la musique en grand !","publisher":{"@id":"https:\/\/www.grandsformats.com\/#organization"},"potentialAction":[{"@type":"SearchAction","target":{"@type":"EntryPoint","urlTemplate":"https:\/\/www.grandsformats.com\/?s={search_term_string}"},"query-input":{"@type":"PropertyValueSpecification","valueRequired":true,"valueName":"search_term_string"}}],"inLanguage":"en-US"},{"@type":"Organization","@id":"https:\/\/www.grandsformats.com\/#organization","name":"Grands Formats","url":"https:\/\/www.grandsformats.com\/","logo":{"@type":"ImageObject","inLanguage":"en-US","@id":"https:\/\/www.grandsformats.com\/#\/schema\/logo\/image\/","url":"https:\/\/www.grandsformats.com\/wp-content\/uploads\/2020\/03\/logo-GF-200.png","contentUrl":"https:\/\/www.grandsformats.com\/wp-content\/uploads\/2020\/03\/logo-GF-200.png","width":155,"height":200,"caption":"Grands Formats"},"image":{"@id":"https:\/\/www.grandsformats.com\/#\/schema\/logo\/image\/"},"sameAs":["https:\/\/www.facebook.com\/grandsformats\/","https:\/\/x.com\/GrandsFormatsGF","https:\/\/www.instagram.com\/grandsformats\/","https:\/\/www.youtube.com\/channel\/UCJ7k9dbqc_DG-nxI3WMPvhw?view_as=subscriberhttps:\/\/www.youtube.com\/channel\/UCJ7k9dbqc_DG-nxI3WMPvhw?view_as=subscriber"]},{"@type":"Person","@id":"https:\/\/www.grandsformats.com\/#\/schema\/person\/56c2866069b6967b2c7becd25c9b4dbb","name":"Laura Hanequand - Grands Formats","image":{"@type":"ImageObject","inLanguage":"en-US","@id":"https:\/\/www.grandsformats.com\/#\/schema\/person\/image\/","url":"https:\/\/secure.gravatar.com\/avatar\/6d52edecb86835c2b7e81a2cdb8965ae325b4045b44f9043177428c622c06643?s=96&d=mm&r=g","contentUrl":"https:\/\/secure.gravatar.com\/avatar\/6d52edecb86835c2b7e81a2cdb8965ae325b4045b44f9043177428c622c06643?s=96&d=mm&r=g","caption":"Laura Hanequand - Grands Formats"},"url":"https:\/\/www.grandsformats.com\/en\/author\/lauragrandsformats-com\/"}]}},"_links":{"self":[{"href":"https:\/\/www.grandsformats.com\/en\/wp-json\/wp\/v2\/posts\/25342","targetHints":{"allow":["GET"]}}],"collection":[{"href":"https:\/\/www.grandsformats.com\/en\/wp-json\/wp\/v2\/posts"}],"about":[{"href":"https:\/\/www.grandsformats.com\/en\/wp-json\/wp\/v2\/types\/post"}],"author":[{"embeddable":true,"href":"https:\/\/www.grandsformats.com\/en\/wp-json\/wp\/v2\/users\/161"}],"replies":[{"embeddable":true,"href":"https:\/\/www.grandsformats.com\/en\/wp-json\/wp\/v2\/comments?post=25342"}],"version-history":[{"count":0,"href":"https:\/\/www.grandsformats.com\/en\/wp-json\/wp\/v2\/posts\/25342\/revisions"}],"wp:featuredmedia":[{"embeddable":true,"href":"https:\/\/www.grandsformats.com\/en\/wp-json\/wp\/v2\/media\/25343"}],"wp:attachment":[{"href":"https:\/\/www.grandsformats.com\/en\/wp-json\/wp\/v2\/media?parent=25342"}],"wp:term":[{"taxonomy":"category","embeddable":true,"href":"https:\/\/www.grandsformats.com\/en\/wp-json\/wp\/v2\/categories?post=25342"},{"taxonomy":"post_tag","embeddable":true,"href":"https:\/\/www.grandsformats.com\/en\/wp-json\/wp\/v2\/tags?post=25342"}],"curies":[{"name":"wp","href":"https:\/\/api.w.org\/{rel}","templated":true}]}}