{"id":24286,"date":"2023-04-05T16:11:10","date_gmt":"2023-04-05T14:11:10","guid":{"rendered":"https:\/\/www.grandsformats.com\/?p=24286"},"modified":"2023-04-05T16:11:10","modified_gmt":"2023-04-05T14:11:10","slug":"tant-que-la-montagne-onceim","status":"publish","type":"post","link":"https:\/\/www.grandsformats.com\/en\/2023\/04\/tant-que-la-montagne-onceim\/","title":{"rendered":"Tant que la montagne &#8211; Spectacle audiovisuel de l\u2019Onceim et Jacques Perconte"},"content":{"rendered":"<p>Dans cette nouvelle aventure audiovisuelle, l\u2019<strong>Onceim<\/strong> et le vid\u00e9aste <strong>Jacques Perconte<\/strong> joignent leurs savoir-faire pour raconter les Alpes, brouillant notre rapport d\u2019\u00e9chelle habituel dans l\u2019espace et le temps.<\/p>\n<p>Un spectacle pluridisciplinaire, immersif et po\u00e9tique o\u00f9 le regard du public observe la montagne, entre grandeur et disparition, entre permanence et effondrement.<br \/>\nDepuis 2019, l\u2019Onceim et Jacques Perconte ont entam\u00e9 une collaboration artistique autour de la performance a\u0300 travers un travail plastique de la musique et de l\u02bcimage.<br \/>\nDe\u0301veloppe\u0301e au fil des rencontres et des projets, leur collaboration, envisage\u0301e comme un prolongement du travail de l\u02bcOnceim sur l\u02bce\u0301criture collective instantane\u0301e, abonde le flux du temps re\u0301el, cette exception contemporaine qui fait que tout ce qui advient n\u02bcest de\u0301ja\u0300 plus, et nous pousse paradoxalement a\u0300 contempler ce phe\u0301nome\u0300ne e\u0301trange d\u2019un pre\u0301sent peut-e\u0302tre de\u0301ja\u0300 re\u0301volu.<\/p>\n<p><em>\u00ab Si j\u2019aime la montagne pour l\u2019immensit\u00e9 de son \u00e9cho romantique, c\u2019est peut-\u00eatre malheureusement l\u2019endroit o\u00f9 je remarque le plus le reflet de l\u2019effondrement de notre soci\u00e9t\u00e9. Notre soci\u00e9t\u00e9 ne survivra pas telle qu\u2019elle est au massacre qu\u2019elle perp\u00e9tue sur le vivant, \u00e0 l\u2019instabilit\u00e9 qu\u2019elle impose aux syst\u00e8mes. (\u2026) Tant que la montagne tient telle qu\u2019elle est, nous pouvons encore la fr\u00e9quenter, mais le jour o\u00f9 la limite de la stabilit\u00e9 sera franchie, elle deviendra si dangereuse que nous ne pourrons plus aller y r\u00eaver.<\/em><br \/>\n<em>Cette aventure audiovisuelle raconte cette histoire de l\u2019effondrement des falaise, de la chute vertigineuse des hommes dans leur vision technique du monde. La flagrante beaut\u00e9 ne sera plus accessible et nous n\u2019aurons plus que les images pour nous en souvenir.<\/em><br \/>\n<em>(\u2026)<\/em><br \/>\n<em>Tant que la montagne, tant que le vent, tant que les hommes, mais en aucun cas, sans changer, on ne peut dire qu\u2019il est encore temps. \u00bb<\/em><br \/>\n_<br \/>\nJacques Perconte<\/p>\n<p><iframe loading=\"lazy\" title=\"Onceim &amp; Jacques Perconte - Tant que la montagne (cr\u00e9ation)\" width=\"1140\" height=\"641\" src=\"https:\/\/www.youtube.com\/embed\/en3RgysdXEM?feature=oembed\" frameborder=\"0\" allow=\"accelerometer; autoplay; clipboard-write; encrypted-media; gyroscope; picture-in-picture; web-share\" allowfullscreen><\/iframe><\/p>\n<p><em>Photo \u00a9 Benjamin Denzler\u00a0<\/em><\/p>\n","protected":false},"excerpt":{"rendered":"<p>Dans cette nouvelle aventure audiovisuelle, l\u2019Onceim et le vid\u00e9aste Jacques Perconte joignent leurs savoir-faire pour raconter les Alpes, brouillant notre rapport d\u2019\u00e9chelle habituel dans l\u2019espace et le temps. Un spectacle pluridisciplinaire, immersif et po\u00e9tique o\u00f9 le regard du public observe la montagne, entre grandeur et disparition, entre permanence et effondrement. Depuis 2019, l\u2019Onceim et Jacques&#8230;<\/p>\n<p><a rel=\"bookmark\" class=\"theme-button-text wvc-button wvc-button-size-xs\" href=\"https:\/\/www.grandsformats.com\/en\/2023\/04\/tant-que-la-montagne-onceim\/\"><small class=\"wvc-button-background-fill\"><\/small><span>Continue reading<\/span><\/a><\/p>\n","protected":false},"author":161,"featured_media":24287,"comment_status":"open","ping_status":"open","sticky":false,"template":"","format":"standard","meta":{"_acf_changed":false,"footnotes":""},"categories":[95,898],"tags":[],"class_list":["post-24286","post","type-post","status-publish","format-standard","has-post-thumbnail","hentry","category-membres","category-onceim","entry-post-skin-light","entry","clearfix","entry-grid","entry-columns-default","entry-post-module-layout-sidebar-right","thumbnail-color-tone-dark","metro-landscape","is-youtube","has-video","entry-post","entry-masonry","entry-post-masonry"],"acf":[],"yoast_head":"<!-- This site is optimized with the Yoast SEO plugin v25.8 - https:\/\/yoast.com\/wordpress\/plugins\/seo\/ -->\n<title>Tant que la montagne - Spectacle audiovisuel de l\u2019Onceim et Jacques Perconte - Site officiel de la f\u00e9d\u00e9ration Grands Formats<\/title>\n<meta name=\"description\" content=\"Dans cette nouvelle aventure audiovisuelle, l\u2019Onceim et le vid\u00e9aste Jacques Perconte joignent leurs savoir-faire\" \/>\n<meta name=\"robots\" content=\"index, follow, max-snippet:-1, max-image-preview:large, max-video-preview:-1\" \/>\n<link rel=\"canonical\" href=\"https:\/\/www.grandsformats.com\/2023\/04\/tant-que-la-montagne-onceim\/\" \/>\n<meta property=\"og:locale\" content=\"en_US\" \/>\n<meta property=\"og:type\" content=\"article\" \/>\n<meta property=\"og:title\" content=\"Tant que la montagne - Spectacle audiovisuel de l\u2019Onceim et Jacques Perconte - Site officiel de la f\u00e9d\u00e9ration Grands Formats\" \/>\n<meta property=\"og:description\" content=\"Dans cette nouvelle aventure audiovisuelle, l\u2019Onceim et le vid\u00e9aste Jacques Perconte joignent leurs savoir-faire\" \/>\n<meta property=\"og:url\" content=\"https:\/\/www.grandsformats.com\/2023\/04\/tant-que-la-montagne-onceim\/\" \/>\n<meta property=\"og:site_name\" content=\"Site officiel de la f\u00e9d\u00e9ration Grands Formats\" \/>\n<meta property=\"article:publisher\" content=\"https:\/\/www.facebook.com\/grandsformats\/\" \/>\n<meta property=\"article:published_time\" content=\"2023-04-05T14:11:10+00:00\" \/>\n<meta property=\"og:image\" content=\"https:\/\/www.grandsformats.com\/wp-content\/uploads\/2023\/04\/169_Onceim-Consulat-by-Benjamin-Denzler-13-1024x576.png\" \/>\n\t<meta property=\"og:image:width\" content=\"1024\" \/>\n\t<meta property=\"og:image:height\" content=\"576\" \/>\n\t<meta property=\"og:image:type\" content=\"image\/png\" \/>\n<meta name=\"author\" content=\"Laura Hanequand - Grands Formats\" \/>\n<meta name=\"twitter:card\" content=\"summary_large_image\" \/>\n<meta name=\"twitter:creator\" content=\"@GrandsFormatsGF\" \/>\n<meta name=\"twitter:site\" content=\"@GrandsFormatsGF\" \/>\n<meta name=\"twitter:label1\" content=\"Written by\" \/>\n\t<meta name=\"twitter:data1\" content=\"Laura Hanequand - Grands Formats\" \/>\n\t<meta name=\"twitter:label2\" content=\"Est. reading time\" \/>\n\t<meta name=\"twitter:data2\" content=\"2 minutes\" \/>\n<script type=\"application\/ld+json\" class=\"yoast-schema-graph\">{\"@context\":\"https:\/\/schema.org\",\"@graph\":[{\"@type\":\"Article\",\"@id\":\"https:\/\/www.grandsformats.com\/2023\/04\/tant-que-la-montagne-onceim\/#article\",\"isPartOf\":{\"@id\":\"https:\/\/www.grandsformats.com\/2023\/04\/tant-que-la-montagne-onceim\/\"},\"author\":{\"name\":\"Laura Hanequand - Grands Formats\",\"@id\":\"https:\/\/www.grandsformats.com\/#\/schema\/person\/56c2866069b6967b2c7becd25c9b4dbb\"},\"headline\":\"Tant que la montagne &#8211; Spectacle audiovisuel de l\u2019Onceim et Jacques Perconte\",\"datePublished\":\"2023-04-05T14:11:10+00:00\",\"mainEntityOfPage\":{\"@id\":\"https:\/\/www.grandsformats.com\/2023\/04\/tant-que-la-montagne-onceim\/\"},\"wordCount\":346,\"commentCount\":0,\"publisher\":{\"@id\":\"https:\/\/www.grandsformats.com\/#organization\"},\"image\":{\"@id\":\"https:\/\/www.grandsformats.com\/2023\/04\/tant-que-la-montagne-onceim\/#primaryimage\"},\"thumbnailUrl\":\"https:\/\/www.grandsformats.com\/wp-content\/uploads\/2023\/04\/169_Onceim-Consulat-by-Benjamin-Denzler-13.png\",\"articleSection\":[\"Actus des membres\",\"ONCEIM\"],\"inLanguage\":\"en-US\",\"potentialAction\":[{\"@type\":\"CommentAction\",\"name\":\"Comment\",\"target\":[\"https:\/\/www.grandsformats.com\/2023\/04\/tant-que-la-montagne-onceim\/#respond\"]}]},{\"@type\":\"WebPage\",\"@id\":\"https:\/\/www.grandsformats.com\/2023\/04\/tant-que-la-montagne-onceim\/\",\"url\":\"https:\/\/www.grandsformats.com\/2023\/04\/tant-que-la-montagne-onceim\/\",\"name\":\"Tant que la montagne - Spectacle audiovisuel de l\u2019Onceim et Jacques Perconte - Site officiel de la f\u00e9d\u00e9ration Grands Formats\",\"isPartOf\":{\"@id\":\"https:\/\/www.grandsformats.com\/#website\"},\"primaryImageOfPage\":{\"@id\":\"https:\/\/www.grandsformats.com\/2023\/04\/tant-que-la-montagne-onceim\/#primaryimage\"},\"image\":{\"@id\":\"https:\/\/www.grandsformats.com\/2023\/04\/tant-que-la-montagne-onceim\/#primaryimage\"},\"thumbnailUrl\":\"https:\/\/www.grandsformats.com\/wp-content\/uploads\/2023\/04\/169_Onceim-Consulat-by-Benjamin-Denzler-13.png\",\"datePublished\":\"2023-04-05T14:11:10+00:00\",\"description\":\"Dans cette nouvelle aventure audiovisuelle, l\u2019Onceim et le vid\u00e9aste Jacques Perconte joignent leurs savoir-faire\",\"breadcrumb\":{\"@id\":\"https:\/\/www.grandsformats.com\/2023\/04\/tant-que-la-montagne-onceim\/#breadcrumb\"},\"inLanguage\":\"en-US\",\"potentialAction\":[{\"@type\":\"ReadAction\",\"target\":[\"https:\/\/www.grandsformats.com\/2023\/04\/tant-que-la-montagne-onceim\/\"]}]},{\"@type\":\"ImageObject\",\"inLanguage\":\"en-US\",\"@id\":\"https:\/\/www.grandsformats.com\/2023\/04\/tant-que-la-montagne-onceim\/#primaryimage\",\"url\":\"https:\/\/www.grandsformats.com\/wp-content\/uploads\/2023\/04\/169_Onceim-Consulat-by-Benjamin-Denzler-13.png\",\"contentUrl\":\"https:\/\/www.grandsformats.com\/wp-content\/uploads\/2023\/04\/169_Onceim-Consulat-by-Benjamin-Denzler-13.png\",\"width\":1920,\"height\":1080,\"caption\":\"Onceim-Consulat-by-Benjamin-Denzler\"},{\"@type\":\"BreadcrumbList\",\"@id\":\"https:\/\/www.grandsformats.com\/2023\/04\/tant-que-la-montagne-onceim\/#breadcrumb\",\"itemListElement\":[{\"@type\":\"ListItem\",\"position\":1,\"name\":\"Accueil\",\"item\":\"https:\/\/www.grandsformats.com\/en\/\"},{\"@type\":\"ListItem\",\"position\":2,\"name\":\"Tant que la montagne &#8211; Spectacle audiovisuel de l\u2019Onceim et Jacques Perconte\"}]},{\"@type\":\"WebSite\",\"@id\":\"https:\/\/www.grandsformats.com\/#website\",\"url\":\"https:\/\/www.grandsformats.com\/\",\"name\":\"Site officiel de la f\u00e9d\u00e9ration Grands Formats\",\"description\":\"F\u00e9d\u00e9ration d&#039;artistes pour la musique en grand !\",\"publisher\":{\"@id\":\"https:\/\/www.grandsformats.com\/#organization\"},\"potentialAction\":[{\"@type\":\"SearchAction\",\"target\":{\"@type\":\"EntryPoint\",\"urlTemplate\":\"https:\/\/www.grandsformats.com\/?s={search_term_string}\"},\"query-input\":{\"@type\":\"PropertyValueSpecification\",\"valueRequired\":true,\"valueName\":\"search_term_string\"}}],\"inLanguage\":\"en-US\"},{\"@type\":\"Organization\",\"@id\":\"https:\/\/www.grandsformats.com\/#organization\",\"name\":\"Grands Formats\",\"url\":\"https:\/\/www.grandsformats.com\/\",\"logo\":{\"@type\":\"ImageObject\",\"inLanguage\":\"en-US\",\"@id\":\"https:\/\/www.grandsformats.com\/#\/schema\/logo\/image\/\",\"url\":\"https:\/\/www.grandsformats.com\/wp-content\/uploads\/2020\/03\/logo-GF-200.png\",\"contentUrl\":\"https:\/\/www.grandsformats.com\/wp-content\/uploads\/2020\/03\/logo-GF-200.png\",\"width\":155,\"height\":200,\"caption\":\"Grands Formats\"},\"image\":{\"@id\":\"https:\/\/www.grandsformats.com\/#\/schema\/logo\/image\/\"},\"sameAs\":[\"https:\/\/www.facebook.com\/grandsformats\/\",\"https:\/\/x.com\/GrandsFormatsGF\",\"https:\/\/www.instagram.com\/grandsformats\/\",\"https:\/\/www.youtube.com\/channel\/UCJ7k9dbqc_DG-nxI3WMPvhw?view_as=subscriberhttps:\/\/www.youtube.com\/channel\/UCJ7k9dbqc_DG-nxI3WMPvhw?view_as=subscriber\"]},{\"@type\":\"Person\",\"@id\":\"https:\/\/www.grandsformats.com\/#\/schema\/person\/56c2866069b6967b2c7becd25c9b4dbb\",\"name\":\"Laura Hanequand - Grands Formats\",\"image\":{\"@type\":\"ImageObject\",\"inLanguage\":\"en-US\",\"@id\":\"https:\/\/www.grandsformats.com\/#\/schema\/person\/image\/\",\"url\":\"https:\/\/secure.gravatar.com\/avatar\/6d52edecb86835c2b7e81a2cdb8965ae325b4045b44f9043177428c622c06643?s=96&d=mm&r=g\",\"contentUrl\":\"https:\/\/secure.gravatar.com\/avatar\/6d52edecb86835c2b7e81a2cdb8965ae325b4045b44f9043177428c622c06643?s=96&d=mm&r=g\",\"caption\":\"Laura Hanequand - Grands Formats\"},\"url\":\"https:\/\/www.grandsformats.com\/en\/author\/lauragrandsformats-com\/\"}]}<\/script>\n<!-- \/ Yoast SEO plugin. -->","yoast_head_json":{"title":"Tant que la montagne - Spectacle audiovisuel de l\u2019Onceim et Jacques Perconte - Site officiel de la f\u00e9d\u00e9ration Grands Formats","description":"Dans cette nouvelle aventure audiovisuelle, l\u2019Onceim et le vid\u00e9aste Jacques Perconte joignent leurs savoir-faire","robots":{"index":"index","follow":"follow","max-snippet":"max-snippet:-1","max-image-preview":"max-image-preview:large","max-video-preview":"max-video-preview:-1"},"canonical":"https:\/\/www.grandsformats.com\/2023\/04\/tant-que-la-montagne-onceim\/","og_locale":"en_US","og_type":"article","og_title":"Tant que la montagne - Spectacle audiovisuel de l\u2019Onceim et Jacques Perconte - Site officiel de la f\u00e9d\u00e9ration Grands Formats","og_description":"Dans cette nouvelle aventure audiovisuelle, l\u2019Onceim et le vid\u00e9aste Jacques Perconte joignent leurs savoir-faire","og_url":"https:\/\/www.grandsformats.com\/2023\/04\/tant-que-la-montagne-onceim\/","og_site_name":"Site officiel de la f\u00e9d\u00e9ration Grands Formats","article_publisher":"https:\/\/www.facebook.com\/grandsformats\/","article_published_time":"2023-04-05T14:11:10+00:00","og_image":[{"width":1024,"height":576,"url":"https:\/\/www.grandsformats.com\/wp-content\/uploads\/2023\/04\/169_Onceim-Consulat-by-Benjamin-Denzler-13-1024x576.png","type":"image\/png"}],"author":"Laura Hanequand - Grands Formats","twitter_card":"summary_large_image","twitter_creator":"@GrandsFormatsGF","twitter_site":"@GrandsFormatsGF","twitter_misc":{"Written by":"Laura Hanequand - Grands Formats","Est. reading time":"2 minutes"},"schema":{"@context":"https:\/\/schema.org","@graph":[{"@type":"Article","@id":"https:\/\/www.grandsformats.com\/2023\/04\/tant-que-la-montagne-onceim\/#article","isPartOf":{"@id":"https:\/\/www.grandsformats.com\/2023\/04\/tant-que-la-montagne-onceim\/"},"author":{"name":"Laura Hanequand - Grands Formats","@id":"https:\/\/www.grandsformats.com\/#\/schema\/person\/56c2866069b6967b2c7becd25c9b4dbb"},"headline":"Tant que la montagne &#8211; Spectacle audiovisuel de l\u2019Onceim et Jacques Perconte","datePublished":"2023-04-05T14:11:10+00:00","mainEntityOfPage":{"@id":"https:\/\/www.grandsformats.com\/2023\/04\/tant-que-la-montagne-onceim\/"},"wordCount":346,"commentCount":0,"publisher":{"@id":"https:\/\/www.grandsformats.com\/#organization"},"image":{"@id":"https:\/\/www.grandsformats.com\/2023\/04\/tant-que-la-montagne-onceim\/#primaryimage"},"thumbnailUrl":"https:\/\/www.grandsformats.com\/wp-content\/uploads\/2023\/04\/169_Onceim-Consulat-by-Benjamin-Denzler-13.png","articleSection":["Actus des membres","ONCEIM"],"inLanguage":"en-US","potentialAction":[{"@type":"CommentAction","name":"Comment","target":["https:\/\/www.grandsformats.com\/2023\/04\/tant-que-la-montagne-onceim\/#respond"]}]},{"@type":"WebPage","@id":"https:\/\/www.grandsformats.com\/2023\/04\/tant-que-la-montagne-onceim\/","url":"https:\/\/www.grandsformats.com\/2023\/04\/tant-que-la-montagne-onceim\/","name":"Tant que la montagne - Spectacle audiovisuel de l\u2019Onceim et Jacques Perconte - Site officiel de la f\u00e9d\u00e9ration Grands Formats","isPartOf":{"@id":"https:\/\/www.grandsformats.com\/#website"},"primaryImageOfPage":{"@id":"https:\/\/www.grandsformats.com\/2023\/04\/tant-que-la-montagne-onceim\/#primaryimage"},"image":{"@id":"https:\/\/www.grandsformats.com\/2023\/04\/tant-que-la-montagne-onceim\/#primaryimage"},"thumbnailUrl":"https:\/\/www.grandsformats.com\/wp-content\/uploads\/2023\/04\/169_Onceim-Consulat-by-Benjamin-Denzler-13.png","datePublished":"2023-04-05T14:11:10+00:00","description":"Dans cette nouvelle aventure audiovisuelle, l\u2019Onceim et le vid\u00e9aste Jacques Perconte joignent leurs savoir-faire","breadcrumb":{"@id":"https:\/\/www.grandsformats.com\/2023\/04\/tant-que-la-montagne-onceim\/#breadcrumb"},"inLanguage":"en-US","potentialAction":[{"@type":"ReadAction","target":["https:\/\/www.grandsformats.com\/2023\/04\/tant-que-la-montagne-onceim\/"]}]},{"@type":"ImageObject","inLanguage":"en-US","@id":"https:\/\/www.grandsformats.com\/2023\/04\/tant-que-la-montagne-onceim\/#primaryimage","url":"https:\/\/www.grandsformats.com\/wp-content\/uploads\/2023\/04\/169_Onceim-Consulat-by-Benjamin-Denzler-13.png","contentUrl":"https:\/\/www.grandsformats.com\/wp-content\/uploads\/2023\/04\/169_Onceim-Consulat-by-Benjamin-Denzler-13.png","width":1920,"height":1080,"caption":"Onceim-Consulat-by-Benjamin-Denzler"},{"@type":"BreadcrumbList","@id":"https:\/\/www.grandsformats.com\/2023\/04\/tant-que-la-montagne-onceim\/#breadcrumb","itemListElement":[{"@type":"ListItem","position":1,"name":"Accueil","item":"https:\/\/www.grandsformats.com\/en\/"},{"@type":"ListItem","position":2,"name":"Tant que la montagne &#8211; Spectacle audiovisuel de l\u2019Onceim et Jacques Perconte"}]},{"@type":"WebSite","@id":"https:\/\/www.grandsformats.com\/#website","url":"https:\/\/www.grandsformats.com\/","name":"Site officiel de la f\u00e9d\u00e9ration Grands Formats","description":"F\u00e9d\u00e9ration d&#039;artistes pour la musique en grand !","publisher":{"@id":"https:\/\/www.grandsformats.com\/#organization"},"potentialAction":[{"@type":"SearchAction","target":{"@type":"EntryPoint","urlTemplate":"https:\/\/www.grandsformats.com\/?s={search_term_string}"},"query-input":{"@type":"PropertyValueSpecification","valueRequired":true,"valueName":"search_term_string"}}],"inLanguage":"en-US"},{"@type":"Organization","@id":"https:\/\/www.grandsformats.com\/#organization","name":"Grands Formats","url":"https:\/\/www.grandsformats.com\/","logo":{"@type":"ImageObject","inLanguage":"en-US","@id":"https:\/\/www.grandsformats.com\/#\/schema\/logo\/image\/","url":"https:\/\/www.grandsformats.com\/wp-content\/uploads\/2020\/03\/logo-GF-200.png","contentUrl":"https:\/\/www.grandsformats.com\/wp-content\/uploads\/2020\/03\/logo-GF-200.png","width":155,"height":200,"caption":"Grands Formats"},"image":{"@id":"https:\/\/www.grandsformats.com\/#\/schema\/logo\/image\/"},"sameAs":["https:\/\/www.facebook.com\/grandsformats\/","https:\/\/x.com\/GrandsFormatsGF","https:\/\/www.instagram.com\/grandsformats\/","https:\/\/www.youtube.com\/channel\/UCJ7k9dbqc_DG-nxI3WMPvhw?view_as=subscriberhttps:\/\/www.youtube.com\/channel\/UCJ7k9dbqc_DG-nxI3WMPvhw?view_as=subscriber"]},{"@type":"Person","@id":"https:\/\/www.grandsformats.com\/#\/schema\/person\/56c2866069b6967b2c7becd25c9b4dbb","name":"Laura Hanequand - Grands Formats","image":{"@type":"ImageObject","inLanguage":"en-US","@id":"https:\/\/www.grandsformats.com\/#\/schema\/person\/image\/","url":"https:\/\/secure.gravatar.com\/avatar\/6d52edecb86835c2b7e81a2cdb8965ae325b4045b44f9043177428c622c06643?s=96&d=mm&r=g","contentUrl":"https:\/\/secure.gravatar.com\/avatar\/6d52edecb86835c2b7e81a2cdb8965ae325b4045b44f9043177428c622c06643?s=96&d=mm&r=g","caption":"Laura Hanequand - Grands Formats"},"url":"https:\/\/www.grandsformats.com\/en\/author\/lauragrandsformats-com\/"}]}},"_links":{"self":[{"href":"https:\/\/www.grandsformats.com\/en\/wp-json\/wp\/v2\/posts\/24286","targetHints":{"allow":["GET"]}}],"collection":[{"href":"https:\/\/www.grandsformats.com\/en\/wp-json\/wp\/v2\/posts"}],"about":[{"href":"https:\/\/www.grandsformats.com\/en\/wp-json\/wp\/v2\/types\/post"}],"author":[{"embeddable":true,"href":"https:\/\/www.grandsformats.com\/en\/wp-json\/wp\/v2\/users\/161"}],"replies":[{"embeddable":true,"href":"https:\/\/www.grandsformats.com\/en\/wp-json\/wp\/v2\/comments?post=24286"}],"version-history":[{"count":0,"href":"https:\/\/www.grandsformats.com\/en\/wp-json\/wp\/v2\/posts\/24286\/revisions"}],"wp:featuredmedia":[{"embeddable":true,"href":"https:\/\/www.grandsformats.com\/en\/wp-json\/wp\/v2\/media\/24287"}],"wp:attachment":[{"href":"https:\/\/www.grandsformats.com\/en\/wp-json\/wp\/v2\/media?parent=24286"}],"wp:term":[{"taxonomy":"category","embeddable":true,"href":"https:\/\/www.grandsformats.com\/en\/wp-json\/wp\/v2\/categories?post=24286"},{"taxonomy":"post_tag","embeddable":true,"href":"https:\/\/www.grandsformats.com\/en\/wp-json\/wp\/v2\/tags?post=24286"}],"curies":[{"name":"wp","href":"https:\/\/api.w.org\/{rel}","templated":true}]}}