{"id":23042,"date":"2023-02-28T14:05:06","date_gmt":"2023-02-28T13:05:06","guid":{"rendered":"https:\/\/www.grandsformats.com\/?p=23042"},"modified":"2023-02-28T14:06:05","modified_gmt":"2023-02-28T13:06:05","slug":"cologne-contemporary-jazz-orchestra-german-jazzprize-2023","status":"publish","type":"post","link":"https:\/\/www.grandsformats.com\/en\/2023\/02\/cologne-contemporary-jazz-orchestra-german-jazzprize-2023\/","title":{"rendered":"Cologne Contemporary Jazz Orchestra nominated for German Jazzprize 2023"},"content":{"rendered":"<p>The last <a href=\"https:\/\/www.grandsformats.com\/en\/artist\/cologne-contemporary-jazz-orchestra\/\">Cologne Contemporary Jazz Orchestra<\/a> Release &#8220;Tales from The Wooden Kingdom&#8221; feat. Singer Veronika Morscher, composed and arranged by Heiner Schmitz is nominated for the <a href=\"https:\/\/www.deutscher-jazzpreis.de\/en\/\">German Jazzprize 2023<\/a> in the Category &#8220;Vocal Album of the Year&#8221;.<\/p>\n<p>Next CCJO Concert takes place at Loft Cologne with CCJO Artist in Residence 2023 British Pianist \/ Arranger Ivo Neame on March 5th.<\/p>\n<p><span style=\"color: #999999;\">Photo credit \u00a9 Frank Wiesen<\/span><\/p>\n","protected":false},"excerpt":{"rendered":"<p>The last Cologne Contemporary Jazz Orchestra Release &#8220;Tales from The Wooden Kingdom&#8221; feat. Singer Veronika Morscher, composed and arranged by Heiner Schmitz is nominated for the German Jazzprize 2023 in the Category &#8220;Vocal Album of the Year&#8221;. Next CCJO Concert takes place at Loft Cologne with CCJO Artist in Residence 2023 British Pianist \/ Arranger&#8230;<\/p>\n<p><a rel=\"bookmark\" class=\"theme-button-text wvc-button wvc-button-size-xs\" href=\"https:\/\/www.grandsformats.com\/en\/2023\/02\/cologne-contemporary-jazz-orchestra-german-jazzprize-2023\/\"><small class=\"wvc-button-background-fill\"><\/small><span>Continue reading<\/span><\/a><\/p>\n","protected":false},"author":2,"featured_media":23043,"comment_status":"open","ping_status":"open","sticky":false,"template":"","format":"standard","meta":{"_acf_changed":false,"footnotes":""},"categories":[95,842],"tags":[],"class_list":["post-23042","post","type-post","status-publish","format-standard","has-post-thumbnail","hentry","category-membres","category-cologne-contemporary-jazz-orchestra","entry-post-skin-light","entry","clearfix","entry-grid","entry-columns-default","entry-post-module-layout-sidebar-right","thumbnail-color-tone-dark","metro-landscape","entry-post","entry-masonry","entry-post-masonry"],"acf":[],"yoast_head":"<!-- This site is optimized with the Yoast SEO plugin v25.8 - https:\/\/yoast.com\/wordpress\/plugins\/seo\/ -->\n<title>Cologne Contemporary Jazz Orchestra nominated for German Jazzprize 2023 - Site officiel de la f\u00e9d\u00e9ration Grands Formats<\/title>\n<meta name=\"description\" content=\"The last Cologne Contemporary Jazz Orchestra Release &quot;Tales from The Wooden Kingdom&quot; feat. Singer Veronika Morscher,\" \/>\n<meta name=\"robots\" content=\"index, follow, max-snippet:-1, max-image-preview:large, max-video-preview:-1\" \/>\n<link rel=\"canonical\" href=\"https:\/\/www.grandsformats.com\/2023\/02\/cologne-contemporary-jazz-orchestra-german-jazzprize-2023\/\" \/>\n<meta property=\"og:locale\" content=\"en_US\" \/>\n<meta property=\"og:type\" content=\"article\" \/>\n<meta property=\"og:title\" content=\"Cologne Contemporary Jazz Orchestra nominated for German Jazzprize 2023 - Site officiel de la f\u00e9d\u00e9ration Grands Formats\" \/>\n<meta property=\"og:description\" content=\"The last Cologne Contemporary Jazz Orchestra Release &quot;Tales from The Wooden Kingdom&quot; feat. Singer Veronika Morscher,\" \/>\n<meta property=\"og:url\" content=\"https:\/\/www.grandsformats.com\/2023\/02\/cologne-contemporary-jazz-orchestra-german-jazzprize-2023\/\" \/>\n<meta property=\"og:site_name\" content=\"Site officiel de la f\u00e9d\u00e9ration Grands Formats\" \/>\n<meta property=\"article:publisher\" content=\"https:\/\/www.facebook.com\/grandsformats\/\" \/>\n<meta property=\"article:published_time\" content=\"2023-02-28T13:05:06+00:00\" \/>\n<meta property=\"article:modified_time\" content=\"2023-02-28T13:06:05+00:00\" \/>\n<meta property=\"og:image\" content=\"https:\/\/www.grandsformats.com\/wp-content\/uploads\/2023\/02\/169_Jazzprize2023CCJO.png\" \/>\n\t<meta property=\"og:image:width\" content=\"1920\" \/>\n\t<meta property=\"og:image:height\" content=\"1081\" \/>\n\t<meta property=\"og:image:type\" content=\"image\/png\" \/>\n<meta name=\"author\" content=\"Grands Formats\" \/>\n<meta name=\"twitter:card\" content=\"summary_large_image\" \/>\n<meta name=\"twitter:creator\" content=\"@GrandsFormatsGF\" \/>\n<meta name=\"twitter:site\" content=\"@GrandsFormatsGF\" \/>\n<meta name=\"twitter:label1\" content=\"Written by\" \/>\n\t<meta name=\"twitter:data1\" content=\"Grands Formats\" \/>\n\t<meta name=\"twitter:label2\" content=\"Est. reading time\" \/>\n\t<meta name=\"twitter:data2\" content=\"1 minute\" \/>\n<script type=\"application\/ld+json\" class=\"yoast-schema-graph\">{\"@context\":\"https:\/\/schema.org\",\"@graph\":[{\"@type\":\"Article\",\"@id\":\"https:\/\/www.grandsformats.com\/2023\/02\/cologne-contemporary-jazz-orchestra-german-jazzprize-2023\/#article\",\"isPartOf\":{\"@id\":\"https:\/\/www.grandsformats.com\/2023\/02\/cologne-contemporary-jazz-orchestra-german-jazzprize-2023\/\"},\"author\":{\"name\":\"Grands Formats\",\"@id\":\"https:\/\/www.grandsformats.com\/#\/schema\/person\/6ecde7e38a2254b5bc9d620679208ee1\"},\"headline\":\"Cologne Contemporary Jazz Orchestra nominated for German Jazzprize 2023\",\"datePublished\":\"2023-02-28T13:05:06+00:00\",\"dateModified\":\"2023-02-28T13:06:05+00:00\",\"mainEntityOfPage\":{\"@id\":\"https:\/\/www.grandsformats.com\/2023\/02\/cologne-contemporary-jazz-orchestra-german-jazzprize-2023\/\"},\"wordCount\":69,\"commentCount\":0,\"publisher\":{\"@id\":\"https:\/\/www.grandsformats.com\/#organization\"},\"image\":{\"@id\":\"https:\/\/www.grandsformats.com\/2023\/02\/cologne-contemporary-jazz-orchestra-german-jazzprize-2023\/#primaryimage\"},\"thumbnailUrl\":\"https:\/\/www.grandsformats.com\/wp-content\/uploads\/2023\/02\/169_Jazzprize2023CCJO.png\",\"articleSection\":[\"Actus des membres\",\"Cologne Contemporary Jazz Orchestra\"],\"inLanguage\":\"en-US\",\"potentialAction\":[{\"@type\":\"CommentAction\",\"name\":\"Comment\",\"target\":[\"https:\/\/www.grandsformats.com\/2023\/02\/cologne-contemporary-jazz-orchestra-german-jazzprize-2023\/#respond\"]}]},{\"@type\":\"WebPage\",\"@id\":\"https:\/\/www.grandsformats.com\/2023\/02\/cologne-contemporary-jazz-orchestra-german-jazzprize-2023\/\",\"url\":\"https:\/\/www.grandsformats.com\/2023\/02\/cologne-contemporary-jazz-orchestra-german-jazzprize-2023\/\",\"name\":\"Cologne Contemporary Jazz Orchestra nominated for German Jazzprize 2023 - Site officiel de la f\u00e9d\u00e9ration Grands Formats\",\"isPartOf\":{\"@id\":\"https:\/\/www.grandsformats.com\/#website\"},\"primaryImageOfPage\":{\"@id\":\"https:\/\/www.grandsformats.com\/2023\/02\/cologne-contemporary-jazz-orchestra-german-jazzprize-2023\/#primaryimage\"},\"image\":{\"@id\":\"https:\/\/www.grandsformats.com\/2023\/02\/cologne-contemporary-jazz-orchestra-german-jazzprize-2023\/#primaryimage\"},\"thumbnailUrl\":\"https:\/\/www.grandsformats.com\/wp-content\/uploads\/2023\/02\/169_Jazzprize2023CCJO.png\",\"datePublished\":\"2023-02-28T13:05:06+00:00\",\"dateModified\":\"2023-02-28T13:06:05+00:00\",\"description\":\"The last Cologne Contemporary Jazz Orchestra Release \\\"Tales from The Wooden Kingdom\\\" feat. Singer Veronika Morscher,\",\"breadcrumb\":{\"@id\":\"https:\/\/www.grandsformats.com\/2023\/02\/cologne-contemporary-jazz-orchestra-german-jazzprize-2023\/#breadcrumb\"},\"inLanguage\":\"en-US\",\"potentialAction\":[{\"@type\":\"ReadAction\",\"target\":[\"https:\/\/www.grandsformats.com\/2023\/02\/cologne-contemporary-jazz-orchestra-german-jazzprize-2023\/\"]}]},{\"@type\":\"ImageObject\",\"inLanguage\":\"en-US\",\"@id\":\"https:\/\/www.grandsformats.com\/2023\/02\/cologne-contemporary-jazz-orchestra-german-jazzprize-2023\/#primaryimage\",\"url\":\"https:\/\/www.grandsformats.com\/wp-content\/uploads\/2023\/02\/169_Jazzprize2023CCJO.png\",\"contentUrl\":\"https:\/\/www.grandsformats.com\/wp-content\/uploads\/2023\/02\/169_Jazzprize2023CCJO.png\",\"width\":1920,\"height\":1081,\"caption\":\"Jazzprize_CCJO\"},{\"@type\":\"BreadcrumbList\",\"@id\":\"https:\/\/www.grandsformats.com\/2023\/02\/cologne-contemporary-jazz-orchestra-german-jazzprize-2023\/#breadcrumb\",\"itemListElement\":[{\"@type\":\"ListItem\",\"position\":1,\"name\":\"Accueil\",\"item\":\"https:\/\/www.grandsformats.com\/en\/\"},{\"@type\":\"ListItem\",\"position\":2,\"name\":\"Cologne Contemporary Jazz Orchestra nominated for German Jazzprize 2023\"}]},{\"@type\":\"WebSite\",\"@id\":\"https:\/\/www.grandsformats.com\/#website\",\"url\":\"https:\/\/www.grandsformats.com\/\",\"name\":\"Site officiel de la f\u00e9d\u00e9ration Grands Formats\",\"description\":\"F\u00e9d\u00e9ration d&#039;artistes pour la musique en grand !\",\"publisher\":{\"@id\":\"https:\/\/www.grandsformats.com\/#organization\"},\"potentialAction\":[{\"@type\":\"SearchAction\",\"target\":{\"@type\":\"EntryPoint\",\"urlTemplate\":\"https:\/\/www.grandsformats.com\/?s={search_term_string}\"},\"query-input\":{\"@type\":\"PropertyValueSpecification\",\"valueRequired\":true,\"valueName\":\"search_term_string\"}}],\"inLanguage\":\"en-US\"},{\"@type\":\"Organization\",\"@id\":\"https:\/\/www.grandsformats.com\/#organization\",\"name\":\"Grands Formats\",\"url\":\"https:\/\/www.grandsformats.com\/\",\"logo\":{\"@type\":\"ImageObject\",\"inLanguage\":\"en-US\",\"@id\":\"https:\/\/www.grandsformats.com\/#\/schema\/logo\/image\/\",\"url\":\"https:\/\/www.grandsformats.com\/wp-content\/uploads\/2020\/03\/logo-GF-200.png\",\"contentUrl\":\"https:\/\/www.grandsformats.com\/wp-content\/uploads\/2020\/03\/logo-GF-200.png\",\"width\":155,\"height\":200,\"caption\":\"Grands Formats\"},\"image\":{\"@id\":\"https:\/\/www.grandsformats.com\/#\/schema\/logo\/image\/\"},\"sameAs\":[\"https:\/\/www.facebook.com\/grandsformats\/\",\"https:\/\/x.com\/GrandsFormatsGF\",\"https:\/\/www.instagram.com\/grandsformats\/\",\"https:\/\/www.youtube.com\/channel\/UCJ7k9dbqc_DG-nxI3WMPvhw?view_as=subscriberhttps:\/\/www.youtube.com\/channel\/UCJ7k9dbqc_DG-nxI3WMPvhw?view_as=subscriber\"]},{\"@type\":\"Person\",\"@id\":\"https:\/\/www.grandsformats.com\/#\/schema\/person\/6ecde7e38a2254b5bc9d620679208ee1\",\"name\":\"Grands Formats\",\"image\":{\"@type\":\"ImageObject\",\"inLanguage\":\"en-US\",\"@id\":\"https:\/\/www.grandsformats.com\/#\/schema\/person\/image\/\",\"url\":\"https:\/\/secure.gravatar.com\/avatar\/5d06febf5ba4681bd17a251487132861b5339c2d72f789e59decf1c1b05d0078?s=96&d=mm&r=g\",\"contentUrl\":\"https:\/\/secure.gravatar.com\/avatar\/5d06febf5ba4681bd17a251487132861b5339c2d72f789e59decf1c1b05d0078?s=96&d=mm&r=g\",\"caption\":\"Grands Formats\"},\"url\":\"https:\/\/www.grandsformats.com\/en\/author\/margaux\/\"}]}<\/script>\n<!-- \/ Yoast SEO plugin. -->","yoast_head_json":{"title":"Cologne Contemporary Jazz Orchestra nominated for German Jazzprize 2023 - Site officiel de la f\u00e9d\u00e9ration Grands Formats","description":"The last Cologne Contemporary Jazz Orchestra Release \"Tales from The Wooden Kingdom\" feat. Singer Veronika Morscher,","robots":{"index":"index","follow":"follow","max-snippet":"max-snippet:-1","max-image-preview":"max-image-preview:large","max-video-preview":"max-video-preview:-1"},"canonical":"https:\/\/www.grandsformats.com\/2023\/02\/cologne-contemporary-jazz-orchestra-german-jazzprize-2023\/","og_locale":"en_US","og_type":"article","og_title":"Cologne Contemporary Jazz Orchestra nominated for German Jazzprize 2023 - Site officiel de la f\u00e9d\u00e9ration Grands Formats","og_description":"The last Cologne Contemporary Jazz Orchestra Release \"Tales from The Wooden Kingdom\" feat. Singer Veronika Morscher,","og_url":"https:\/\/www.grandsformats.com\/2023\/02\/cologne-contemporary-jazz-orchestra-german-jazzprize-2023\/","og_site_name":"Site officiel de la f\u00e9d\u00e9ration Grands Formats","article_publisher":"https:\/\/www.facebook.com\/grandsformats\/","article_published_time":"2023-02-28T13:05:06+00:00","article_modified_time":"2023-02-28T13:06:05+00:00","og_image":[{"width":1920,"height":1081,"url":"https:\/\/www.grandsformats.com\/wp-content\/uploads\/2023\/02\/169_Jazzprize2023CCJO.png","type":"image\/png"}],"author":"Grands Formats","twitter_card":"summary_large_image","twitter_creator":"@GrandsFormatsGF","twitter_site":"@GrandsFormatsGF","twitter_misc":{"Written by":"Grands Formats","Est. reading time":"1 minute"},"schema":{"@context":"https:\/\/schema.org","@graph":[{"@type":"Article","@id":"https:\/\/www.grandsformats.com\/2023\/02\/cologne-contemporary-jazz-orchestra-german-jazzprize-2023\/#article","isPartOf":{"@id":"https:\/\/www.grandsformats.com\/2023\/02\/cologne-contemporary-jazz-orchestra-german-jazzprize-2023\/"},"author":{"name":"Grands Formats","@id":"https:\/\/www.grandsformats.com\/#\/schema\/person\/6ecde7e38a2254b5bc9d620679208ee1"},"headline":"Cologne Contemporary Jazz Orchestra nominated for German Jazzprize 2023","datePublished":"2023-02-28T13:05:06+00:00","dateModified":"2023-02-28T13:06:05+00:00","mainEntityOfPage":{"@id":"https:\/\/www.grandsformats.com\/2023\/02\/cologne-contemporary-jazz-orchestra-german-jazzprize-2023\/"},"wordCount":69,"commentCount":0,"publisher":{"@id":"https:\/\/www.grandsformats.com\/#organization"},"image":{"@id":"https:\/\/www.grandsformats.com\/2023\/02\/cologne-contemporary-jazz-orchestra-german-jazzprize-2023\/#primaryimage"},"thumbnailUrl":"https:\/\/www.grandsformats.com\/wp-content\/uploads\/2023\/02\/169_Jazzprize2023CCJO.png","articleSection":["Actus des membres","Cologne Contemporary Jazz Orchestra"],"inLanguage":"en-US","potentialAction":[{"@type":"CommentAction","name":"Comment","target":["https:\/\/www.grandsformats.com\/2023\/02\/cologne-contemporary-jazz-orchestra-german-jazzprize-2023\/#respond"]}]},{"@type":"WebPage","@id":"https:\/\/www.grandsformats.com\/2023\/02\/cologne-contemporary-jazz-orchestra-german-jazzprize-2023\/","url":"https:\/\/www.grandsformats.com\/2023\/02\/cologne-contemporary-jazz-orchestra-german-jazzprize-2023\/","name":"Cologne Contemporary Jazz Orchestra nominated for German Jazzprize 2023 - Site officiel de la f\u00e9d\u00e9ration Grands Formats","isPartOf":{"@id":"https:\/\/www.grandsformats.com\/#website"},"primaryImageOfPage":{"@id":"https:\/\/www.grandsformats.com\/2023\/02\/cologne-contemporary-jazz-orchestra-german-jazzprize-2023\/#primaryimage"},"image":{"@id":"https:\/\/www.grandsformats.com\/2023\/02\/cologne-contemporary-jazz-orchestra-german-jazzprize-2023\/#primaryimage"},"thumbnailUrl":"https:\/\/www.grandsformats.com\/wp-content\/uploads\/2023\/02\/169_Jazzprize2023CCJO.png","datePublished":"2023-02-28T13:05:06+00:00","dateModified":"2023-02-28T13:06:05+00:00","description":"The last Cologne Contemporary Jazz Orchestra Release \"Tales from The Wooden Kingdom\" feat. Singer Veronika Morscher,","breadcrumb":{"@id":"https:\/\/www.grandsformats.com\/2023\/02\/cologne-contemporary-jazz-orchestra-german-jazzprize-2023\/#breadcrumb"},"inLanguage":"en-US","potentialAction":[{"@type":"ReadAction","target":["https:\/\/www.grandsformats.com\/2023\/02\/cologne-contemporary-jazz-orchestra-german-jazzprize-2023\/"]}]},{"@type":"ImageObject","inLanguage":"en-US","@id":"https:\/\/www.grandsformats.com\/2023\/02\/cologne-contemporary-jazz-orchestra-german-jazzprize-2023\/#primaryimage","url":"https:\/\/www.grandsformats.com\/wp-content\/uploads\/2023\/02\/169_Jazzprize2023CCJO.png","contentUrl":"https:\/\/www.grandsformats.com\/wp-content\/uploads\/2023\/02\/169_Jazzprize2023CCJO.png","width":1920,"height":1081,"caption":"Jazzprize_CCJO"},{"@type":"BreadcrumbList","@id":"https:\/\/www.grandsformats.com\/2023\/02\/cologne-contemporary-jazz-orchestra-german-jazzprize-2023\/#breadcrumb","itemListElement":[{"@type":"ListItem","position":1,"name":"Accueil","item":"https:\/\/www.grandsformats.com\/en\/"},{"@type":"ListItem","position":2,"name":"Cologne Contemporary Jazz Orchestra nominated for German Jazzprize 2023"}]},{"@type":"WebSite","@id":"https:\/\/www.grandsformats.com\/#website","url":"https:\/\/www.grandsformats.com\/","name":"Site officiel de la f\u00e9d\u00e9ration Grands Formats","description":"F\u00e9d\u00e9ration d&#039;artistes pour la musique en grand !","publisher":{"@id":"https:\/\/www.grandsformats.com\/#organization"},"potentialAction":[{"@type":"SearchAction","target":{"@type":"EntryPoint","urlTemplate":"https:\/\/www.grandsformats.com\/?s={search_term_string}"},"query-input":{"@type":"PropertyValueSpecification","valueRequired":true,"valueName":"search_term_string"}}],"inLanguage":"en-US"},{"@type":"Organization","@id":"https:\/\/www.grandsformats.com\/#organization","name":"Grands Formats","url":"https:\/\/www.grandsformats.com\/","logo":{"@type":"ImageObject","inLanguage":"en-US","@id":"https:\/\/www.grandsformats.com\/#\/schema\/logo\/image\/","url":"https:\/\/www.grandsformats.com\/wp-content\/uploads\/2020\/03\/logo-GF-200.png","contentUrl":"https:\/\/www.grandsformats.com\/wp-content\/uploads\/2020\/03\/logo-GF-200.png","width":155,"height":200,"caption":"Grands Formats"},"image":{"@id":"https:\/\/www.grandsformats.com\/#\/schema\/logo\/image\/"},"sameAs":["https:\/\/www.facebook.com\/grandsformats\/","https:\/\/x.com\/GrandsFormatsGF","https:\/\/www.instagram.com\/grandsformats\/","https:\/\/www.youtube.com\/channel\/UCJ7k9dbqc_DG-nxI3WMPvhw?view_as=subscriberhttps:\/\/www.youtube.com\/channel\/UCJ7k9dbqc_DG-nxI3WMPvhw?view_as=subscriber"]},{"@type":"Person","@id":"https:\/\/www.grandsformats.com\/#\/schema\/person\/6ecde7e38a2254b5bc9d620679208ee1","name":"Grands Formats","image":{"@type":"ImageObject","inLanguage":"en-US","@id":"https:\/\/www.grandsformats.com\/#\/schema\/person\/image\/","url":"https:\/\/secure.gravatar.com\/avatar\/5d06febf5ba4681bd17a251487132861b5339c2d72f789e59decf1c1b05d0078?s=96&d=mm&r=g","contentUrl":"https:\/\/secure.gravatar.com\/avatar\/5d06febf5ba4681bd17a251487132861b5339c2d72f789e59decf1c1b05d0078?s=96&d=mm&r=g","caption":"Grands Formats"},"url":"https:\/\/www.grandsformats.com\/en\/author\/margaux\/"}]}},"_links":{"self":[{"href":"https:\/\/www.grandsformats.com\/en\/wp-json\/wp\/v2\/posts\/23042","targetHints":{"allow":["GET"]}}],"collection":[{"href":"https:\/\/www.grandsformats.com\/en\/wp-json\/wp\/v2\/posts"}],"about":[{"href":"https:\/\/www.grandsformats.com\/en\/wp-json\/wp\/v2\/types\/post"}],"author":[{"embeddable":true,"href":"https:\/\/www.grandsformats.com\/en\/wp-json\/wp\/v2\/users\/2"}],"replies":[{"embeddable":true,"href":"https:\/\/www.grandsformats.com\/en\/wp-json\/wp\/v2\/comments?post=23042"}],"version-history":[{"count":0,"href":"https:\/\/www.grandsformats.com\/en\/wp-json\/wp\/v2\/posts\/23042\/revisions"}],"wp:featuredmedia":[{"embeddable":true,"href":"https:\/\/www.grandsformats.com\/en\/wp-json\/wp\/v2\/media\/23043"}],"wp:attachment":[{"href":"https:\/\/www.grandsformats.com\/en\/wp-json\/wp\/v2\/media?parent=23042"}],"wp:term":[{"taxonomy":"category","embeddable":true,"href":"https:\/\/www.grandsformats.com\/en\/wp-json\/wp\/v2\/categories?post=23042"},{"taxonomy":"post_tag","embeddable":true,"href":"https:\/\/www.grandsformats.com\/en\/wp-json\/wp\/v2\/tags?post=23042"}],"curies":[{"name":"wp","href":"https:\/\/api.w.org\/{rel}","templated":true}]}}