{"id":22009,"date":"2023-02-07T12:18:22","date_gmt":"2023-02-07T11:18:22","guid":{"rendered":"https:\/\/www.grandsformats.com\/?p=22009"},"modified":"2023-02-08T10:16:36","modified_gmt":"2023-02-08T09:16:36","slug":"micro-utopie-le-salut-dans-la-diversite","status":"publish","type":"post","link":"https:\/\/www.grandsformats.com\/en\/2023\/02\/micro-utopie-le-salut-dans-la-diversite\/","title":{"rendered":"Micro utopie : le salut dans la diversit\u00e9"},"content":{"rendered":"<p><strong>8:30 sur <em>France Kfulture<\/em> \u2013 <\/strong>\u00c0 la radio, on ne parle que de \u00e7a :<em> \u00ab 2033 : l\u2019ann\u00e9e du changement, un nouveau souffle pour le secteur culturel et enfin le plein-emploi dans le secteur artistique. 30 ans que les Grands Formats se battent pour soutenir ce changement de paradigme ! \u00bb<\/em><\/p>\n<p>Enfin ! Le gouvernement et la Fili\u00e8re Musicale ont tenu leurs promesses, en construisant une politique culturelle bas\u00e9e sur la diversit\u00e9 qui propose une nouvelle r\u00e9partition de l\u2019offre culturelle.<\/p>\n<p>La journaliste poursuit en d\u00e9roulant les quatre piliers fondamentaux de cette nouvelle politique :<br \/>\n&#8211; La \u00ab <strong>pochette-surprise culturelle<\/strong> \u00bb<br \/>\n&#8211; Le \u00ab <strong><em>web fair<\/em><\/strong> \u00bb stimulant une politique diversifiante et pas conditionnante.<br \/>\n&#8211; la<strong> diversit\u00e9 des programmations<\/strong><br \/>\n&#8211; Le <strong>plein-emploi artistique<\/strong><\/p>\n<p><strong>Commen\u00e7ons par la \u00ab pochette-surprise culturelle \u00bb qui a r\u00e9colt\u00e9 un franc succ\u00e8s aupr\u00e8s du public.<\/strong> Et pour cause : on se laisse surprendre par la diversit\u00e9, dans une offre totalement gratuite. Un v\u00e9ritable coup de pied dans la fourmili\u00e8re de l\u2019entre-soi !<\/p>\n<p>T\u00e9moignage de Lo\u00efc Sonbey, rencontr\u00e9 apr\u00e8s un concert : <span style=\"font-size: 12pt;\">\u00ab Dans le fond, \u00e0 force de voir et d\u2019\u00e9couter toujours les m\u00eames choses, on s\u2019\u00e9tait un peu endormis. Maintenant, on r\u00e9apprend \u00e0 \u00eatre curieux, on est surpris, \u00e9mus, d\u00e9\u00e7us aussi, mais franchement, c\u2019est vraiment vivifiant ! \u00bb<\/span><\/p>\n<p><strong>Qu\u2019en est-il des nouvelles dispositions relatives au \u00ab <em>web fair<\/em> \u00bb ?<\/strong><br \/>\nLa politique de diversit\u00e9 sur les ondes t\u00e9l\u00e9vis\u00e9es a suscit\u00e9 bien des protestations chez les industriels. Apr\u00e8s des heures de n\u00e9gociation impossible avec <em>Spootnik-faille<\/em>, la loi de non-influence algorithmique est impos\u00e9e \u00e0 coup de 49.3. Les chiffres d\u2019\u00e9coutes ne sont plus visibles sur les plateformes, le classement est interdit. On s\u2019\u00e9loigne enfin de la comp\u00e9tition pour soutenir l\u2019id\u00e9e de qualit\u00e9 et de sensation. Le mod\u00e8le culturel fran\u00e7ais est enfin appliqu\u00e9 au num\u00e9rique <em>#cocorico.<\/em><\/p>\n<p><em>Buzzer<\/em> propose de nouveaux abonnements <em>fair-trade<\/em> ou chaque abonn\u00e9 s\u00e9l\u00e9ctionne dix disques par mois avec un minimum de 5 nouveaut\u00e9s (libre a vous de sauvegarder vos anciennes playlists). Le niveau de r\u00e9mun\u00e9ration pour les artistes producteurs est bien plus important et le syst\u00e8me contribue au renouvellement du contenu. C\u2019est un peu le panier bio de la musique, vous \u00e9couterez ce qui sort et s\u2019il n\u2019y en pas plus, vous n\u2019avez pas le choix. Moins de boulimie et de <em>zapping<\/em> : juste une s\u00e9lection qualitative et personnelle pour une meilleure digestion.<\/p>\n<p>Depuis la fermeture de Facebook et d\u2019Instagram au profit de <em>Discover<\/em>, la mon\u00e9tisation de la promotion du contenu artistique n\u2019existe plus. Les chiffres des grosses industries en ont pris un coup, fini le <em>doping<\/em> de vues et le ciblages de population. Tout \u00e0 coup, chacun retrouve la soif de la d\u00e9couverte, apprivoise et d\u00e9veloppe son propre go\u00fbt culturel, \u00e0 son rythme.<\/p>\n<p><strong>L\u2019effet \u00ab pochette-surprise \u00bb + \u00ab <em>web fair<\/em> \u00bb est direct chez tous les acteurs du secteur :<\/strong><\/p>\n<p>Les politiques sur la diversit\u00e9 ont eu pour effet de tranquilliser les programmateurs quant aux enjeux de remplissage de jauges. L\u2019\u00c9tat soutient la diversit\u00e9 et le public est au rendez-vous ! Une r\u00e9ussite pour tout le monde. Du c\u00f4t\u00e9 des artistes, l\u2019abolition de la concurrence d\u00e9loyale aliment\u00e9e par les grands groupes industriels a une influence tr\u00e8s positive. Les salles de concerts affichent complet et le public n\u2019a jamais \u00e9t\u00e9 aussi vari\u00e9 !<\/p>\n<p>La logique d\u2019attribution des dispositifs de soutien aux \u00e9quipes artistiques a \u00e9galement \u00e9t\u00e9 repens\u00e9e, d\u00e9sormais bas\u00e9e sur de nouveaux crit\u00e8res comme l\u2019\u00e9galit\u00e9 de salaires, l\u2019engagement actif pour la parit\u00e9 et la diversit\u00e9 (sans distinction des origines culturelles, sociales, ethniques\u2026). Les crit\u00e8res sont avant tout artistiques et non soumis \u00e0 des nombres de dates minimum et pour cause : les projets tournent !<\/p>\n<p>La baisse structurelle de la concurrence rend les tremplins et autres dispositifs s\u00e9lectionnant impopulaire, chacun pr\u00e9f\u00e9rant se concentrer sur le propos de sa cr\u00e9ation.<br \/>\nEn ce sens, l\u2019intervention du nouveau ministre de la Culture J Boisdu a \u00e9t\u00e9 claire : \u00ab S\u00e9lectionner, c\u2019est invisibiliser, \u00e9valuer, c\u2019est passer \u00e0 c\u00f4t\u00e9 du sujet. \u00bb<br \/>\nEt bien s\u00fbr, c\u2019est un grand souffle pour les artistes qui se sentent revenir plus proches de leur pratique et de leurs d\u00e9sirs initiaux. L\u2019artiste Michel Grandle se confie : \u00ab Depuis tous ces changements, je suis enfin revenu \u00e0 l\u2019\u00e9criture et \u00e0 la cr\u00e9ation. Le m\u00e9tier d\u2019artiste est enfin reconnu comme un m\u00e9tier \u00e0 temps plein. Maintenant que tout le monde a du travail et que le public est l\u00e0, les relations entre les artistes sont bien moins strat\u00e9giques, on a vraiment plus de temps (ou plut\u00f4t on en perd moins.) et cela se ressent dans la qualit\u00e9 de nos pratiques. \u00bb<\/p>\n<p>Hier, on pouvait lire dans le <em>New York Times<\/em> du 9 F\u00e9vrier 2033 : <em>&#8220;The new French strategy, an ecologic system on music diversity. The best way for creative music ?&#8221;<\/em><\/p>\n<p><strong>Ring ring le r\u00e9veil sonne, 5h30 du matin \u2013<\/strong> Une sensation bizarre de d\u00e9calage, 9 f\u00e9vrier 2023 ?!?<\/p>\n<p>Ok ce n&#8217;est pas pour tout de suite&#8230;. je vais quand m\u00eame noter deux trois id\u00e9es. Au boulot !<\/p>\n<p><strong>Par Thomas Julienne pour le Collectif D\u00e9luge 2033<\/strong><\/p>\n<p>Photo \u00a9 Benjamin Desbiesbach<\/p>\n","protected":false},"excerpt":{"rendered":"<p>8:30 sur France Kfulture \u2013 \u00c0 la radio, on ne parle que de \u00e7a : \u00ab 2033 : l\u2019ann\u00e9e du changement, un nouveau souffle pour le secteur culturel et enfin le plein-emploi dans le secteur artistique. 30 ans que les Grands Formats se battent pour soutenir ce changement de paradigme ! \u00bb Enfin ! Le&#8230;<\/p>\n<p><a rel=\"bookmark\" class=\"theme-button-text wvc-button wvc-button-size-xs\" href=\"https:\/\/www.grandsformats.com\/en\/2023\/02\/micro-utopie-le-salut-dans-la-diversite\/\"><small class=\"wvc-button-background-fill\"><\/small><span>Continue reading<\/span><\/a><\/p>\n","protected":false},"author":2,"featured_media":22045,"comment_status":"open","ping_status":"open","sticky":false,"template":"","format":"standard","meta":{"_acf_changed":false,"footnotes":""},"categories":[224],"tags":[],"class_list":["post-22009","post","type-post","status-publish","format-standard","has-post-thumbnail","hentry","category-tribunes","entry-post-skin-light","entry","clearfix","entry-grid","entry-columns-default","entry-post-module-layout-sidebar-right","thumbnail-color-tone-dark","metro-landscape","entry-post","entry-masonry","entry-post-masonry"],"acf":[],"yoast_head":"<!-- This site is optimized with the Yoast SEO plugin v25.8 - https:\/\/yoast.com\/wordpress\/plugins\/seo\/ -->\n<title>Micro utopie : le salut dans la diversit\u00e9 - Site officiel de la f\u00e9d\u00e9ration Grands Formats<\/title>\n<meta name=\"description\" content=\"8:30 sur France Kfulture \u2013 \u00c0 la radio, on ne parle que de \u00e7a : \u00ab 2033 : l\u2019ann\u00e9e du changement, un nouveau souffle pour le secteur culturel\" \/>\n<meta name=\"robots\" content=\"index, follow, max-snippet:-1, max-image-preview:large, max-video-preview:-1\" \/>\n<link rel=\"canonical\" href=\"https:\/\/www.grandsformats.com\/2023\/02\/micro-utopie-le-salut-dans-la-diversite\/\" \/>\n<meta property=\"og:locale\" content=\"en_US\" \/>\n<meta property=\"og:type\" content=\"article\" \/>\n<meta property=\"og:title\" content=\"Micro utopie : le salut dans la diversit\u00e9 - Site officiel de la f\u00e9d\u00e9ration Grands Formats\" \/>\n<meta property=\"og:description\" content=\"8:30 sur France Kfulture \u2013 \u00c0 la radio, on ne parle que de \u00e7a : \u00ab 2033 : l\u2019ann\u00e9e du changement, un nouveau souffle pour le secteur culturel\" \/>\n<meta property=\"og:url\" content=\"https:\/\/www.grandsformats.com\/2023\/02\/micro-utopie-le-salut-dans-la-diversite\/\" \/>\n<meta property=\"og:site_name\" content=\"Site officiel de la f\u00e9d\u00e9ration Grands Formats\" \/>\n<meta property=\"article:publisher\" content=\"https:\/\/www.facebook.com\/grandsformats\/\" \/>\n<meta property=\"article:published_time\" content=\"2023-02-07T11:18:22+00:00\" \/>\n<meta property=\"article:modified_time\" content=\"2023-02-08T09:16:36+00:00\" \/>\n<meta property=\"og:image\" content=\"https:\/\/www.grandsformats.com\/wp-content\/uploads\/2023\/02\/ThomasJulienne_169-scaled.jpg\" \/>\n\t<meta property=\"og:image:width\" content=\"2560\" \/>\n\t<meta property=\"og:image:height\" content=\"1440\" \/>\n\t<meta property=\"og:image:type\" content=\"image\/jpeg\" \/>\n<meta name=\"author\" content=\"Grands Formats\" \/>\n<meta name=\"twitter:card\" content=\"summary_large_image\" \/>\n<meta name=\"twitter:creator\" content=\"@GrandsFormatsGF\" \/>\n<meta name=\"twitter:site\" content=\"@GrandsFormatsGF\" \/>\n<meta name=\"twitter:label1\" content=\"Written by\" \/>\n\t<meta name=\"twitter:data1\" content=\"Grands Formats\" \/>\n\t<meta name=\"twitter:label2\" content=\"Est. reading time\" \/>\n\t<meta name=\"twitter:data2\" content=\"5 minutes\" \/>\n<script type=\"application\/ld+json\" class=\"yoast-schema-graph\">{\"@context\":\"https:\/\/schema.org\",\"@graph\":[{\"@type\":\"Article\",\"@id\":\"https:\/\/www.grandsformats.com\/2023\/02\/micro-utopie-le-salut-dans-la-diversite\/#article\",\"isPartOf\":{\"@id\":\"https:\/\/www.grandsformats.com\/2023\/02\/micro-utopie-le-salut-dans-la-diversite\/\"},\"author\":{\"name\":\"Grands Formats\",\"@id\":\"https:\/\/www.grandsformats.com\/#\/schema\/person\/6ecde7e38a2254b5bc9d620679208ee1\"},\"headline\":\"Micro utopie : le salut dans la diversit\u00e9\",\"datePublished\":\"2023-02-07T11:18:22+00:00\",\"dateModified\":\"2023-02-08T09:16:36+00:00\",\"mainEntityOfPage\":{\"@id\":\"https:\/\/www.grandsformats.com\/2023\/02\/micro-utopie-le-salut-dans-la-diversite\/\"},\"wordCount\":876,\"commentCount\":0,\"publisher\":{\"@id\":\"https:\/\/www.grandsformats.com\/#organization\"},\"image\":{\"@id\":\"https:\/\/www.grandsformats.com\/2023\/02\/micro-utopie-le-salut-dans-la-diversite\/#primaryimage\"},\"thumbnailUrl\":\"https:\/\/www.grandsformats.com\/wp-content\/uploads\/2023\/02\/ThomasJulienne_169-scaled.jpg\",\"articleSection\":[\"Tribunes\"],\"inLanguage\":\"en-US\",\"potentialAction\":[{\"@type\":\"CommentAction\",\"name\":\"Comment\",\"target\":[\"https:\/\/www.grandsformats.com\/2023\/02\/micro-utopie-le-salut-dans-la-diversite\/#respond\"]}]},{\"@type\":\"WebPage\",\"@id\":\"https:\/\/www.grandsformats.com\/2023\/02\/micro-utopie-le-salut-dans-la-diversite\/\",\"url\":\"https:\/\/www.grandsformats.com\/2023\/02\/micro-utopie-le-salut-dans-la-diversite\/\",\"name\":\"Micro utopie : le salut dans la diversit\u00e9 - Site officiel de la f\u00e9d\u00e9ration Grands Formats\",\"isPartOf\":{\"@id\":\"https:\/\/www.grandsformats.com\/#website\"},\"primaryImageOfPage\":{\"@id\":\"https:\/\/www.grandsformats.com\/2023\/02\/micro-utopie-le-salut-dans-la-diversite\/#primaryimage\"},\"image\":{\"@id\":\"https:\/\/www.grandsformats.com\/2023\/02\/micro-utopie-le-salut-dans-la-diversite\/#primaryimage\"},\"thumbnailUrl\":\"https:\/\/www.grandsformats.com\/wp-content\/uploads\/2023\/02\/ThomasJulienne_169-scaled.jpg\",\"datePublished\":\"2023-02-07T11:18:22+00:00\",\"dateModified\":\"2023-02-08T09:16:36+00:00\",\"description\":\"8:30 sur France Kfulture \u2013 \u00c0 la radio, on ne parle que de \u00e7a : \u00ab 2033 : l\u2019ann\u00e9e du changement, un nouveau souffle pour le secteur culturel\",\"breadcrumb\":{\"@id\":\"https:\/\/www.grandsformats.com\/2023\/02\/micro-utopie-le-salut-dans-la-diversite\/#breadcrumb\"},\"inLanguage\":\"en-US\",\"potentialAction\":[{\"@type\":\"ReadAction\",\"target\":[\"https:\/\/www.grandsformats.com\/2023\/02\/micro-utopie-le-salut-dans-la-diversite\/\"]}]},{\"@type\":\"ImageObject\",\"inLanguage\":\"en-US\",\"@id\":\"https:\/\/www.grandsformats.com\/2023\/02\/micro-utopie-le-salut-dans-la-diversite\/#primaryimage\",\"url\":\"https:\/\/www.grandsformats.com\/wp-content\/uploads\/2023\/02\/ThomasJulienne_169-scaled.jpg\",\"contentUrl\":\"https:\/\/www.grandsformats.com\/wp-content\/uploads\/2023\/02\/ThomasJulienne_169-scaled.jpg\",\"width\":2560,\"height\":1440,\"caption\":\"ThomasJulienne \u00a9 Benjamin Desbiesbach\"},{\"@type\":\"BreadcrumbList\",\"@id\":\"https:\/\/www.grandsformats.com\/2023\/02\/micro-utopie-le-salut-dans-la-diversite\/#breadcrumb\",\"itemListElement\":[{\"@type\":\"ListItem\",\"position\":1,\"name\":\"Accueil\",\"item\":\"https:\/\/www.grandsformats.com\/en\/\"},{\"@type\":\"ListItem\",\"position\":2,\"name\":\"Micro utopie : le salut dans la diversit\u00e9\"}]},{\"@type\":\"WebSite\",\"@id\":\"https:\/\/www.grandsformats.com\/#website\",\"url\":\"https:\/\/www.grandsformats.com\/\",\"name\":\"Site officiel de la f\u00e9d\u00e9ration Grands Formats\",\"description\":\"F\u00e9d\u00e9ration d&#039;artistes pour la musique en grand !\",\"publisher\":{\"@id\":\"https:\/\/www.grandsformats.com\/#organization\"},\"potentialAction\":[{\"@type\":\"SearchAction\",\"target\":{\"@type\":\"EntryPoint\",\"urlTemplate\":\"https:\/\/www.grandsformats.com\/?s={search_term_string}\"},\"query-input\":{\"@type\":\"PropertyValueSpecification\",\"valueRequired\":true,\"valueName\":\"search_term_string\"}}],\"inLanguage\":\"en-US\"},{\"@type\":\"Organization\",\"@id\":\"https:\/\/www.grandsformats.com\/#organization\",\"name\":\"Grands Formats\",\"url\":\"https:\/\/www.grandsformats.com\/\",\"logo\":{\"@type\":\"ImageObject\",\"inLanguage\":\"en-US\",\"@id\":\"https:\/\/www.grandsformats.com\/#\/schema\/logo\/image\/\",\"url\":\"https:\/\/www.grandsformats.com\/wp-content\/uploads\/2020\/03\/logo-GF-200.png\",\"contentUrl\":\"https:\/\/www.grandsformats.com\/wp-content\/uploads\/2020\/03\/logo-GF-200.png\",\"width\":155,\"height\":200,\"caption\":\"Grands Formats\"},\"image\":{\"@id\":\"https:\/\/www.grandsformats.com\/#\/schema\/logo\/image\/\"},\"sameAs\":[\"https:\/\/www.facebook.com\/grandsformats\/\",\"https:\/\/x.com\/GrandsFormatsGF\",\"https:\/\/www.instagram.com\/grandsformats\/\",\"https:\/\/www.youtube.com\/channel\/UCJ7k9dbqc_DG-nxI3WMPvhw?view_as=subscriberhttps:\/\/www.youtube.com\/channel\/UCJ7k9dbqc_DG-nxI3WMPvhw?view_as=subscriber\"]},{\"@type\":\"Person\",\"@id\":\"https:\/\/www.grandsformats.com\/#\/schema\/person\/6ecde7e38a2254b5bc9d620679208ee1\",\"name\":\"Grands Formats\",\"image\":{\"@type\":\"ImageObject\",\"inLanguage\":\"en-US\",\"@id\":\"https:\/\/www.grandsformats.com\/#\/schema\/person\/image\/\",\"url\":\"https:\/\/secure.gravatar.com\/avatar\/5d06febf5ba4681bd17a251487132861b5339c2d72f789e59decf1c1b05d0078?s=96&d=mm&r=g\",\"contentUrl\":\"https:\/\/secure.gravatar.com\/avatar\/5d06febf5ba4681bd17a251487132861b5339c2d72f789e59decf1c1b05d0078?s=96&d=mm&r=g\",\"caption\":\"Grands Formats\"},\"url\":\"https:\/\/www.grandsformats.com\/en\/author\/margaux\/\"}]}<\/script>\n<!-- \/ Yoast SEO plugin. -->","yoast_head_json":{"title":"Micro utopie : le salut dans la diversit\u00e9 - Site officiel de la f\u00e9d\u00e9ration Grands Formats","description":"8:30 sur France Kfulture \u2013 \u00c0 la radio, on ne parle que de \u00e7a : \u00ab 2033 : l\u2019ann\u00e9e du changement, un nouveau souffle pour le secteur culturel","robots":{"index":"index","follow":"follow","max-snippet":"max-snippet:-1","max-image-preview":"max-image-preview:large","max-video-preview":"max-video-preview:-1"},"canonical":"https:\/\/www.grandsformats.com\/2023\/02\/micro-utopie-le-salut-dans-la-diversite\/","og_locale":"en_US","og_type":"article","og_title":"Micro utopie : le salut dans la diversit\u00e9 - Site officiel de la f\u00e9d\u00e9ration Grands Formats","og_description":"8:30 sur France Kfulture \u2013 \u00c0 la radio, on ne parle que de \u00e7a : \u00ab 2033 : l\u2019ann\u00e9e du changement, un nouveau souffle pour le secteur culturel","og_url":"https:\/\/www.grandsformats.com\/2023\/02\/micro-utopie-le-salut-dans-la-diversite\/","og_site_name":"Site officiel de la f\u00e9d\u00e9ration Grands Formats","article_publisher":"https:\/\/www.facebook.com\/grandsformats\/","article_published_time":"2023-02-07T11:18:22+00:00","article_modified_time":"2023-02-08T09:16:36+00:00","og_image":[{"width":2560,"height":1440,"url":"https:\/\/www.grandsformats.com\/wp-content\/uploads\/2023\/02\/ThomasJulienne_169-scaled.jpg","type":"image\/jpeg"}],"author":"Grands Formats","twitter_card":"summary_large_image","twitter_creator":"@GrandsFormatsGF","twitter_site":"@GrandsFormatsGF","twitter_misc":{"Written by":"Grands Formats","Est. reading time":"5 minutes"},"schema":{"@context":"https:\/\/schema.org","@graph":[{"@type":"Article","@id":"https:\/\/www.grandsformats.com\/2023\/02\/micro-utopie-le-salut-dans-la-diversite\/#article","isPartOf":{"@id":"https:\/\/www.grandsformats.com\/2023\/02\/micro-utopie-le-salut-dans-la-diversite\/"},"author":{"name":"Grands Formats","@id":"https:\/\/www.grandsformats.com\/#\/schema\/person\/6ecde7e38a2254b5bc9d620679208ee1"},"headline":"Micro utopie : le salut dans la diversit\u00e9","datePublished":"2023-02-07T11:18:22+00:00","dateModified":"2023-02-08T09:16:36+00:00","mainEntityOfPage":{"@id":"https:\/\/www.grandsformats.com\/2023\/02\/micro-utopie-le-salut-dans-la-diversite\/"},"wordCount":876,"commentCount":0,"publisher":{"@id":"https:\/\/www.grandsformats.com\/#organization"},"image":{"@id":"https:\/\/www.grandsformats.com\/2023\/02\/micro-utopie-le-salut-dans-la-diversite\/#primaryimage"},"thumbnailUrl":"https:\/\/www.grandsformats.com\/wp-content\/uploads\/2023\/02\/ThomasJulienne_169-scaled.jpg","articleSection":["Tribunes"],"inLanguage":"en-US","potentialAction":[{"@type":"CommentAction","name":"Comment","target":["https:\/\/www.grandsformats.com\/2023\/02\/micro-utopie-le-salut-dans-la-diversite\/#respond"]}]},{"@type":"WebPage","@id":"https:\/\/www.grandsformats.com\/2023\/02\/micro-utopie-le-salut-dans-la-diversite\/","url":"https:\/\/www.grandsformats.com\/2023\/02\/micro-utopie-le-salut-dans-la-diversite\/","name":"Micro utopie : le salut dans la diversit\u00e9 - Site officiel de la f\u00e9d\u00e9ration Grands Formats","isPartOf":{"@id":"https:\/\/www.grandsformats.com\/#website"},"primaryImageOfPage":{"@id":"https:\/\/www.grandsformats.com\/2023\/02\/micro-utopie-le-salut-dans-la-diversite\/#primaryimage"},"image":{"@id":"https:\/\/www.grandsformats.com\/2023\/02\/micro-utopie-le-salut-dans-la-diversite\/#primaryimage"},"thumbnailUrl":"https:\/\/www.grandsformats.com\/wp-content\/uploads\/2023\/02\/ThomasJulienne_169-scaled.jpg","datePublished":"2023-02-07T11:18:22+00:00","dateModified":"2023-02-08T09:16:36+00:00","description":"8:30 sur France Kfulture \u2013 \u00c0 la radio, on ne parle que de \u00e7a : \u00ab 2033 : l\u2019ann\u00e9e du changement, un nouveau souffle pour le secteur culturel","breadcrumb":{"@id":"https:\/\/www.grandsformats.com\/2023\/02\/micro-utopie-le-salut-dans-la-diversite\/#breadcrumb"},"inLanguage":"en-US","potentialAction":[{"@type":"ReadAction","target":["https:\/\/www.grandsformats.com\/2023\/02\/micro-utopie-le-salut-dans-la-diversite\/"]}]},{"@type":"ImageObject","inLanguage":"en-US","@id":"https:\/\/www.grandsformats.com\/2023\/02\/micro-utopie-le-salut-dans-la-diversite\/#primaryimage","url":"https:\/\/www.grandsformats.com\/wp-content\/uploads\/2023\/02\/ThomasJulienne_169-scaled.jpg","contentUrl":"https:\/\/www.grandsformats.com\/wp-content\/uploads\/2023\/02\/ThomasJulienne_169-scaled.jpg","width":2560,"height":1440,"caption":"ThomasJulienne \u00a9 Benjamin Desbiesbach"},{"@type":"BreadcrumbList","@id":"https:\/\/www.grandsformats.com\/2023\/02\/micro-utopie-le-salut-dans-la-diversite\/#breadcrumb","itemListElement":[{"@type":"ListItem","position":1,"name":"Accueil","item":"https:\/\/www.grandsformats.com\/en\/"},{"@type":"ListItem","position":2,"name":"Micro utopie : le salut dans la diversit\u00e9"}]},{"@type":"WebSite","@id":"https:\/\/www.grandsformats.com\/#website","url":"https:\/\/www.grandsformats.com\/","name":"Site officiel de la f\u00e9d\u00e9ration Grands Formats","description":"F\u00e9d\u00e9ration d&#039;artistes pour la musique en grand !","publisher":{"@id":"https:\/\/www.grandsformats.com\/#organization"},"potentialAction":[{"@type":"SearchAction","target":{"@type":"EntryPoint","urlTemplate":"https:\/\/www.grandsformats.com\/?s={search_term_string}"},"query-input":{"@type":"PropertyValueSpecification","valueRequired":true,"valueName":"search_term_string"}}],"inLanguage":"en-US"},{"@type":"Organization","@id":"https:\/\/www.grandsformats.com\/#organization","name":"Grands Formats","url":"https:\/\/www.grandsformats.com\/","logo":{"@type":"ImageObject","inLanguage":"en-US","@id":"https:\/\/www.grandsformats.com\/#\/schema\/logo\/image\/","url":"https:\/\/www.grandsformats.com\/wp-content\/uploads\/2020\/03\/logo-GF-200.png","contentUrl":"https:\/\/www.grandsformats.com\/wp-content\/uploads\/2020\/03\/logo-GF-200.png","width":155,"height":200,"caption":"Grands Formats"},"image":{"@id":"https:\/\/www.grandsformats.com\/#\/schema\/logo\/image\/"},"sameAs":["https:\/\/www.facebook.com\/grandsformats\/","https:\/\/x.com\/GrandsFormatsGF","https:\/\/www.instagram.com\/grandsformats\/","https:\/\/www.youtube.com\/channel\/UCJ7k9dbqc_DG-nxI3WMPvhw?view_as=subscriberhttps:\/\/www.youtube.com\/channel\/UCJ7k9dbqc_DG-nxI3WMPvhw?view_as=subscriber"]},{"@type":"Person","@id":"https:\/\/www.grandsformats.com\/#\/schema\/person\/6ecde7e38a2254b5bc9d620679208ee1","name":"Grands Formats","image":{"@type":"ImageObject","inLanguage":"en-US","@id":"https:\/\/www.grandsformats.com\/#\/schema\/person\/image\/","url":"https:\/\/secure.gravatar.com\/avatar\/5d06febf5ba4681bd17a251487132861b5339c2d72f789e59decf1c1b05d0078?s=96&d=mm&r=g","contentUrl":"https:\/\/secure.gravatar.com\/avatar\/5d06febf5ba4681bd17a251487132861b5339c2d72f789e59decf1c1b05d0078?s=96&d=mm&r=g","caption":"Grands Formats"},"url":"https:\/\/www.grandsformats.com\/en\/author\/margaux\/"}]}},"_links":{"self":[{"href":"https:\/\/www.grandsformats.com\/en\/wp-json\/wp\/v2\/posts\/22009","targetHints":{"allow":["GET"]}}],"collection":[{"href":"https:\/\/www.grandsformats.com\/en\/wp-json\/wp\/v2\/posts"}],"about":[{"href":"https:\/\/www.grandsformats.com\/en\/wp-json\/wp\/v2\/types\/post"}],"author":[{"embeddable":true,"href":"https:\/\/www.grandsformats.com\/en\/wp-json\/wp\/v2\/users\/2"}],"replies":[{"embeddable":true,"href":"https:\/\/www.grandsformats.com\/en\/wp-json\/wp\/v2\/comments?post=22009"}],"version-history":[{"count":0,"href":"https:\/\/www.grandsformats.com\/en\/wp-json\/wp\/v2\/posts\/22009\/revisions"}],"wp:featuredmedia":[{"embeddable":true,"href":"https:\/\/www.grandsformats.com\/en\/wp-json\/wp\/v2\/media\/22045"}],"wp:attachment":[{"href":"https:\/\/www.grandsformats.com\/en\/wp-json\/wp\/v2\/media?parent=22009"}],"wp:term":[{"taxonomy":"category","embeddable":true,"href":"https:\/\/www.grandsformats.com\/en\/wp-json\/wp\/v2\/categories?post=22009"},{"taxonomy":"post_tag","embeddable":true,"href":"https:\/\/www.grandsformats.com\/en\/wp-json\/wp\/v2\/tags?post=22009"}],"curies":[{"name":"wp","href":"https:\/\/api.w.org\/{rel}","templated":true}]}}