{"id":19724,"date":"2022-12-06T11:13:07","date_gmt":"2022-12-06T10:13:07","guid":{"rendered":"https:\/\/www.grandsformats.com\/?p=19724"},"modified":"2022-12-06T11:13:07","modified_gmt":"2022-12-06T10:13:07","slug":"organik-orkeztra-residences-plateau-rhapsoidia","status":"publish","type":"post","link":"https:\/\/www.grandsformats.com\/en\/2022\/12\/organik-orkeztra-residences-plateau-rhapsoidia\/","title":{"rendered":"Organik Orkeztra : r\u00e9sidences plateau Rhaps\u00f4id\u00eda\u00a0"},"content":{"rendered":"<div>\n<p><strong>Du 12 au 16 d\u00e9cembre 2022 au Boucau (Sc\u00e8ne nationale du Sud-Aquitain) puis du 19 au 27 janvier 2023 \u00e0 Boulazac (Agora PNC), les 12 musicien.ne.s d&#8217;Organik Orkeztra se retrouvent au plateau pour la cr\u00e9ation Rhaps\u00f4id\u00eda.<\/strong><\/p>\n<p>Apr\u00e8s quatre p\u00e9riodes de r\u00e9sidence sur les territoires, au plus pr\u00e8s des habitants, le temps est venu de se retrouver sur le plateau pour composer ce r\u00e9pertoire qui restituera l\u2019\u00e9pop\u00e9e des\u00a0musicien.n.es\u00a0et les rencontres qui ont jalonn\u00e9 leurs parcours.<br \/>\nSous la forme d\u2019un oratorio, la voix est port\u00e9e par l\u2019orchestre pour donner \u00e0 voir et \u00e0 entendre un opus o\u00f9 le verbe tient une place importante.<\/p>\n<p>L\u2019orchestre est plus que jamais prot\u00e9iforme, les pupitres tiennent une place tr\u00e8s lisible, les solistes sont les protagonistes de l\u2019\u00e9criture.\u00a0Du solo, duo, trio et tutti, vocaux et\/ou instrumentaux la voix porte haut la diversit\u00e9 des mondes, les langues se c\u00f4toient et se compl\u00e8tent.<\/p>\n<p><span style=\"color: #999999;\">Photo \u00a9 Alexandre Noclain<\/span><\/p>\n<\/div>\n","protected":false},"excerpt":{"rendered":"<p>Du 12 au 16 d\u00e9cembre 2022 au Boucau (Sc\u00e8ne nationale du Sud-Aquitain) puis du 19 au 27 janvier 2023 \u00e0 Boulazac (Agora PNC), les 12 musicien.ne.s d&#8217;Organik Orkeztra se retrouvent au plateau pour la cr\u00e9ation Rhaps\u00f4id\u00eda. Apr\u00e8s quatre p\u00e9riodes de r\u00e9sidence sur les territoires, au plus pr\u00e8s des habitants, le temps est venu de se&#8230;<\/p>\n<p><a rel=\"bookmark\" class=\"theme-button-text wvc-button wvc-button-size-xs\" href=\"https:\/\/www.grandsformats.com\/en\/2022\/12\/organik-orkeztra-residences-plateau-rhapsoidia\/\"><small class=\"wvc-button-background-fill\"><\/small><span>Continue reading<\/span><\/a><\/p>\n","protected":false},"author":2,"featured_media":19725,"comment_status":"open","ping_status":"open","sticky":false,"template":"","format":"standard","meta":{"_acf_changed":false,"footnotes":""},"categories":[95,602],"tags":[],"class_list":["post-19724","post","type-post","status-publish","format-standard","has-post-thumbnail","hentry","category-membres","category-organik-orkeztra","entry-post-skin-light","entry","clearfix","entry-grid","entry-columns-default","entry-post-module-layout-sidebar-right","thumbnail-color-tone-dark","metro-landscape","entry-post","entry-masonry","entry-post-masonry"],"acf":[],"yoast_head":"<!-- This site is optimized with the Yoast SEO plugin v25.8 - https:\/\/yoast.com\/wordpress\/plugins\/seo\/ -->\n<title>Organik Orkeztra : r\u00e9sidences plateau Rhaps\u00f4id\u00eda\u00a0 - Site officiel de la f\u00e9d\u00e9ration Grands Formats<\/title>\n<meta name=\"robots\" content=\"index, follow, max-snippet:-1, max-image-preview:large, max-video-preview:-1\" \/>\n<link rel=\"canonical\" href=\"https:\/\/www.grandsformats.com\/2022\/12\/organik-orkeztra-residences-plateau-rhapsoidia\/\" \/>\n<meta property=\"og:locale\" content=\"en_US\" \/>\n<meta property=\"og:type\" content=\"article\" \/>\n<meta property=\"og:title\" content=\"Organik Orkeztra : r\u00e9sidences plateau Rhaps\u00f4id\u00eda\u00a0 - Site officiel de la f\u00e9d\u00e9ration Grands Formats\" \/>\n<meta property=\"og:description\" content=\"Du 12 au 16 d\u00e9cembre 2022 au Boucau (Sc\u00e8ne nationale du Sud-Aquitain) puis du 19 au 27 janvier 2023 \u00e0 Boulazac (Agora PNC), les 12 musicien.ne.s d&#8217;Organik Orkeztra se retrouvent au plateau pour la cr\u00e9ation Rhaps\u00f4id\u00eda. Apr\u00e8s quatre p\u00e9riodes de r\u00e9sidence sur les territoires, au plus pr\u00e8s des habitants, le temps est venu de se...Continue reading\" \/>\n<meta property=\"og:url\" content=\"https:\/\/www.grandsformats.com\/2022\/12\/organik-orkeztra-residences-plateau-rhapsoidia\/\" \/>\n<meta property=\"og:site_name\" content=\"Site officiel de la f\u00e9d\u00e9ration Grands Formats\" \/>\n<meta property=\"article:publisher\" content=\"https:\/\/www.facebook.com\/grandsformats\/\" \/>\n<meta property=\"article:published_time\" content=\"2022-12-06T10:13:07+00:00\" \/>\n<meta property=\"og:image\" content=\"https:\/\/www.grandsformats.com\/wp-content\/uploads\/2022\/12\/ritual-115-Alexandre-Noclain-scaled.jpg\" \/>\n\t<meta property=\"og:image:width\" content=\"2560\" \/>\n\t<meta property=\"og:image:height\" content=\"1440\" \/>\n\t<meta property=\"og:image:type\" content=\"image\/jpeg\" \/>\n<meta name=\"author\" content=\"Grands Formats\" \/>\n<meta name=\"twitter:card\" content=\"summary_large_image\" \/>\n<meta name=\"twitter:creator\" content=\"@GrandsFormatsGF\" \/>\n<meta name=\"twitter:site\" content=\"@GrandsFormatsGF\" \/>\n<meta name=\"twitter:label1\" content=\"Written by\" \/>\n\t<meta name=\"twitter:data1\" content=\"Grands Formats\" \/>\n\t<meta name=\"twitter:label2\" content=\"Est. reading time\" \/>\n\t<meta name=\"twitter:data2\" content=\"1 minute\" \/>\n<script type=\"application\/ld+json\" class=\"yoast-schema-graph\">{\"@context\":\"https:\/\/schema.org\",\"@graph\":[{\"@type\":\"Article\",\"@id\":\"https:\/\/www.grandsformats.com\/2022\/12\/organik-orkeztra-residences-plateau-rhapsoidia\/#article\",\"isPartOf\":{\"@id\":\"https:\/\/www.grandsformats.com\/2022\/12\/organik-orkeztra-residences-plateau-rhapsoidia\/\"},\"author\":{\"name\":\"Grands Formats\",\"@id\":\"https:\/\/www.grandsformats.com\/#\/schema\/person\/6ecde7e38a2254b5bc9d620679208ee1\"},\"headline\":\"Organik Orkeztra : r\u00e9sidences plateau Rhaps\u00f4id\u00eda\u00a0\",\"datePublished\":\"2022-12-06T10:13:07+00:00\",\"mainEntityOfPage\":{\"@id\":\"https:\/\/www.grandsformats.com\/2022\/12\/organik-orkeztra-residences-plateau-rhapsoidia\/\"},\"wordCount\":175,\"commentCount\":0,\"publisher\":{\"@id\":\"https:\/\/www.grandsformats.com\/#organization\"},\"image\":{\"@id\":\"https:\/\/www.grandsformats.com\/2022\/12\/organik-orkeztra-residences-plateau-rhapsoidia\/#primaryimage\"},\"thumbnailUrl\":\"https:\/\/www.grandsformats.com\/wp-content\/uploads\/2022\/12\/ritual-115-Alexandre-Noclain-scaled.jpg\",\"articleSection\":[\"Actus des membres\",\"Organik Orkeztra\"],\"inLanguage\":\"en-US\",\"potentialAction\":[{\"@type\":\"CommentAction\",\"name\":\"Comment\",\"target\":[\"https:\/\/www.grandsformats.com\/2022\/12\/organik-orkeztra-residences-plateau-rhapsoidia\/#respond\"]}]},{\"@type\":\"WebPage\",\"@id\":\"https:\/\/www.grandsformats.com\/2022\/12\/organik-orkeztra-residences-plateau-rhapsoidia\/\",\"url\":\"https:\/\/www.grandsformats.com\/2022\/12\/organik-orkeztra-residences-plateau-rhapsoidia\/\",\"name\":\"Organik Orkeztra : r\u00e9sidences plateau Rhaps\u00f4id\u00eda\u00a0 - Site officiel de la f\u00e9d\u00e9ration Grands Formats\",\"isPartOf\":{\"@id\":\"https:\/\/www.grandsformats.com\/#website\"},\"primaryImageOfPage\":{\"@id\":\"https:\/\/www.grandsformats.com\/2022\/12\/organik-orkeztra-residences-plateau-rhapsoidia\/#primaryimage\"},\"image\":{\"@id\":\"https:\/\/www.grandsformats.com\/2022\/12\/organik-orkeztra-residences-plateau-rhapsoidia\/#primaryimage\"},\"thumbnailUrl\":\"https:\/\/www.grandsformats.com\/wp-content\/uploads\/2022\/12\/ritual-115-Alexandre-Noclain-scaled.jpg\",\"datePublished\":\"2022-12-06T10:13:07+00:00\",\"breadcrumb\":{\"@id\":\"https:\/\/www.grandsformats.com\/2022\/12\/organik-orkeztra-residences-plateau-rhapsoidia\/#breadcrumb\"},\"inLanguage\":\"en-US\",\"potentialAction\":[{\"@type\":\"ReadAction\",\"target\":[\"https:\/\/www.grandsformats.com\/2022\/12\/organik-orkeztra-residences-plateau-rhapsoidia\/\"]}]},{\"@type\":\"ImageObject\",\"inLanguage\":\"en-US\",\"@id\":\"https:\/\/www.grandsformats.com\/2022\/12\/organik-orkeztra-residences-plateau-rhapsoidia\/#primaryimage\",\"url\":\"https:\/\/www.grandsformats.com\/wp-content\/uploads\/2022\/12\/ritual-115-Alexandre-Noclain-scaled.jpg\",\"contentUrl\":\"https:\/\/www.grandsformats.com\/wp-content\/uploads\/2022\/12\/ritual-115-Alexandre-Noclain-scaled.jpg\",\"width\":2560,\"height\":1440,\"caption\":\"Organik-orkeztra par Alexandre Noclain\"},{\"@type\":\"BreadcrumbList\",\"@id\":\"https:\/\/www.grandsformats.com\/2022\/12\/organik-orkeztra-residences-plateau-rhapsoidia\/#breadcrumb\",\"itemListElement\":[{\"@type\":\"ListItem\",\"position\":1,\"name\":\"Accueil\",\"item\":\"https:\/\/www.grandsformats.com\/en\/\"},{\"@type\":\"ListItem\",\"position\":2,\"name\":\"Organik Orkeztra : r\u00e9sidences plateau Rhaps\u00f4id\u00eda\u00a0\"}]},{\"@type\":\"WebSite\",\"@id\":\"https:\/\/www.grandsformats.com\/#website\",\"url\":\"https:\/\/www.grandsformats.com\/\",\"name\":\"Site officiel de la f\u00e9d\u00e9ration Grands Formats\",\"description\":\"F\u00e9d\u00e9ration d&#039;artistes pour la musique en grand !\",\"publisher\":{\"@id\":\"https:\/\/www.grandsformats.com\/#organization\"},\"potentialAction\":[{\"@type\":\"SearchAction\",\"target\":{\"@type\":\"EntryPoint\",\"urlTemplate\":\"https:\/\/www.grandsformats.com\/?s={search_term_string}\"},\"query-input\":{\"@type\":\"PropertyValueSpecification\",\"valueRequired\":true,\"valueName\":\"search_term_string\"}}],\"inLanguage\":\"en-US\"},{\"@type\":\"Organization\",\"@id\":\"https:\/\/www.grandsformats.com\/#organization\",\"name\":\"Grands Formats\",\"url\":\"https:\/\/www.grandsformats.com\/\",\"logo\":{\"@type\":\"ImageObject\",\"inLanguage\":\"en-US\",\"@id\":\"https:\/\/www.grandsformats.com\/#\/schema\/logo\/image\/\",\"url\":\"https:\/\/www.grandsformats.com\/wp-content\/uploads\/2020\/03\/logo-GF-200.png\",\"contentUrl\":\"https:\/\/www.grandsformats.com\/wp-content\/uploads\/2020\/03\/logo-GF-200.png\",\"width\":155,\"height\":200,\"caption\":\"Grands Formats\"},\"image\":{\"@id\":\"https:\/\/www.grandsformats.com\/#\/schema\/logo\/image\/\"},\"sameAs\":[\"https:\/\/www.facebook.com\/grandsformats\/\",\"https:\/\/x.com\/GrandsFormatsGF\",\"https:\/\/www.instagram.com\/grandsformats\/\",\"https:\/\/www.youtube.com\/channel\/UCJ7k9dbqc_DG-nxI3WMPvhw?view_as=subscriberhttps:\/\/www.youtube.com\/channel\/UCJ7k9dbqc_DG-nxI3WMPvhw?view_as=subscriber\"]},{\"@type\":\"Person\",\"@id\":\"https:\/\/www.grandsformats.com\/#\/schema\/person\/6ecde7e38a2254b5bc9d620679208ee1\",\"name\":\"Grands Formats\",\"image\":{\"@type\":\"ImageObject\",\"inLanguage\":\"en-US\",\"@id\":\"https:\/\/www.grandsformats.com\/#\/schema\/person\/image\/\",\"url\":\"https:\/\/secure.gravatar.com\/avatar\/5d06febf5ba4681bd17a251487132861b5339c2d72f789e59decf1c1b05d0078?s=96&d=mm&r=g\",\"contentUrl\":\"https:\/\/secure.gravatar.com\/avatar\/5d06febf5ba4681bd17a251487132861b5339c2d72f789e59decf1c1b05d0078?s=96&d=mm&r=g\",\"caption\":\"Grands Formats\"},\"url\":\"https:\/\/www.grandsformats.com\/en\/author\/margaux\/\"}]}<\/script>\n<!-- \/ Yoast SEO plugin. -->","yoast_head_json":{"title":"Organik Orkeztra : r\u00e9sidences plateau Rhaps\u00f4id\u00eda\u00a0 - Site officiel de la f\u00e9d\u00e9ration Grands Formats","robots":{"index":"index","follow":"follow","max-snippet":"max-snippet:-1","max-image-preview":"max-image-preview:large","max-video-preview":"max-video-preview:-1"},"canonical":"https:\/\/www.grandsformats.com\/2022\/12\/organik-orkeztra-residences-plateau-rhapsoidia\/","og_locale":"en_US","og_type":"article","og_title":"Organik Orkeztra : r\u00e9sidences plateau Rhaps\u00f4id\u00eda\u00a0 - Site officiel de la f\u00e9d\u00e9ration Grands Formats","og_description":"Du 12 au 16 d\u00e9cembre 2022 au Boucau (Sc\u00e8ne nationale du Sud-Aquitain) puis du 19 au 27 janvier 2023 \u00e0 Boulazac (Agora PNC), les 12 musicien.ne.s d&#8217;Organik Orkeztra se retrouvent au plateau pour la cr\u00e9ation Rhaps\u00f4id\u00eda. Apr\u00e8s quatre p\u00e9riodes de r\u00e9sidence sur les territoires, au plus pr\u00e8s des habitants, le temps est venu de se...Continue reading","og_url":"https:\/\/www.grandsformats.com\/2022\/12\/organik-orkeztra-residences-plateau-rhapsoidia\/","og_site_name":"Site officiel de la f\u00e9d\u00e9ration Grands Formats","article_publisher":"https:\/\/www.facebook.com\/grandsformats\/","article_published_time":"2022-12-06T10:13:07+00:00","og_image":[{"width":2560,"height":1440,"url":"https:\/\/www.grandsformats.com\/wp-content\/uploads\/2022\/12\/ritual-115-Alexandre-Noclain-scaled.jpg","type":"image\/jpeg"}],"author":"Grands Formats","twitter_card":"summary_large_image","twitter_creator":"@GrandsFormatsGF","twitter_site":"@GrandsFormatsGF","twitter_misc":{"Written by":"Grands Formats","Est. reading time":"1 minute"},"schema":{"@context":"https:\/\/schema.org","@graph":[{"@type":"Article","@id":"https:\/\/www.grandsformats.com\/2022\/12\/organik-orkeztra-residences-plateau-rhapsoidia\/#article","isPartOf":{"@id":"https:\/\/www.grandsformats.com\/2022\/12\/organik-orkeztra-residences-plateau-rhapsoidia\/"},"author":{"name":"Grands Formats","@id":"https:\/\/www.grandsformats.com\/#\/schema\/person\/6ecde7e38a2254b5bc9d620679208ee1"},"headline":"Organik Orkeztra : r\u00e9sidences plateau Rhaps\u00f4id\u00eda\u00a0","datePublished":"2022-12-06T10:13:07+00:00","mainEntityOfPage":{"@id":"https:\/\/www.grandsformats.com\/2022\/12\/organik-orkeztra-residences-plateau-rhapsoidia\/"},"wordCount":175,"commentCount":0,"publisher":{"@id":"https:\/\/www.grandsformats.com\/#organization"},"image":{"@id":"https:\/\/www.grandsformats.com\/2022\/12\/organik-orkeztra-residences-plateau-rhapsoidia\/#primaryimage"},"thumbnailUrl":"https:\/\/www.grandsformats.com\/wp-content\/uploads\/2022\/12\/ritual-115-Alexandre-Noclain-scaled.jpg","articleSection":["Actus des membres","Organik Orkeztra"],"inLanguage":"en-US","potentialAction":[{"@type":"CommentAction","name":"Comment","target":["https:\/\/www.grandsformats.com\/2022\/12\/organik-orkeztra-residences-plateau-rhapsoidia\/#respond"]}]},{"@type":"WebPage","@id":"https:\/\/www.grandsformats.com\/2022\/12\/organik-orkeztra-residences-plateau-rhapsoidia\/","url":"https:\/\/www.grandsformats.com\/2022\/12\/organik-orkeztra-residences-plateau-rhapsoidia\/","name":"Organik Orkeztra : r\u00e9sidences plateau Rhaps\u00f4id\u00eda\u00a0 - Site officiel de la f\u00e9d\u00e9ration Grands Formats","isPartOf":{"@id":"https:\/\/www.grandsformats.com\/#website"},"primaryImageOfPage":{"@id":"https:\/\/www.grandsformats.com\/2022\/12\/organik-orkeztra-residences-plateau-rhapsoidia\/#primaryimage"},"image":{"@id":"https:\/\/www.grandsformats.com\/2022\/12\/organik-orkeztra-residences-plateau-rhapsoidia\/#primaryimage"},"thumbnailUrl":"https:\/\/www.grandsformats.com\/wp-content\/uploads\/2022\/12\/ritual-115-Alexandre-Noclain-scaled.jpg","datePublished":"2022-12-06T10:13:07+00:00","breadcrumb":{"@id":"https:\/\/www.grandsformats.com\/2022\/12\/organik-orkeztra-residences-plateau-rhapsoidia\/#breadcrumb"},"inLanguage":"en-US","potentialAction":[{"@type":"ReadAction","target":["https:\/\/www.grandsformats.com\/2022\/12\/organik-orkeztra-residences-plateau-rhapsoidia\/"]}]},{"@type":"ImageObject","inLanguage":"en-US","@id":"https:\/\/www.grandsformats.com\/2022\/12\/organik-orkeztra-residences-plateau-rhapsoidia\/#primaryimage","url":"https:\/\/www.grandsformats.com\/wp-content\/uploads\/2022\/12\/ritual-115-Alexandre-Noclain-scaled.jpg","contentUrl":"https:\/\/www.grandsformats.com\/wp-content\/uploads\/2022\/12\/ritual-115-Alexandre-Noclain-scaled.jpg","width":2560,"height":1440,"caption":"Organik-orkeztra par Alexandre Noclain"},{"@type":"BreadcrumbList","@id":"https:\/\/www.grandsformats.com\/2022\/12\/organik-orkeztra-residences-plateau-rhapsoidia\/#breadcrumb","itemListElement":[{"@type":"ListItem","position":1,"name":"Accueil","item":"https:\/\/www.grandsformats.com\/en\/"},{"@type":"ListItem","position":2,"name":"Organik Orkeztra : r\u00e9sidences plateau Rhaps\u00f4id\u00eda\u00a0"}]},{"@type":"WebSite","@id":"https:\/\/www.grandsformats.com\/#website","url":"https:\/\/www.grandsformats.com\/","name":"Site officiel de la f\u00e9d\u00e9ration Grands Formats","description":"F\u00e9d\u00e9ration d&#039;artistes pour la musique en grand !","publisher":{"@id":"https:\/\/www.grandsformats.com\/#organization"},"potentialAction":[{"@type":"SearchAction","target":{"@type":"EntryPoint","urlTemplate":"https:\/\/www.grandsformats.com\/?s={search_term_string}"},"query-input":{"@type":"PropertyValueSpecification","valueRequired":true,"valueName":"search_term_string"}}],"inLanguage":"en-US"},{"@type":"Organization","@id":"https:\/\/www.grandsformats.com\/#organization","name":"Grands Formats","url":"https:\/\/www.grandsformats.com\/","logo":{"@type":"ImageObject","inLanguage":"en-US","@id":"https:\/\/www.grandsformats.com\/#\/schema\/logo\/image\/","url":"https:\/\/www.grandsformats.com\/wp-content\/uploads\/2020\/03\/logo-GF-200.png","contentUrl":"https:\/\/www.grandsformats.com\/wp-content\/uploads\/2020\/03\/logo-GF-200.png","width":155,"height":200,"caption":"Grands Formats"},"image":{"@id":"https:\/\/www.grandsformats.com\/#\/schema\/logo\/image\/"},"sameAs":["https:\/\/www.facebook.com\/grandsformats\/","https:\/\/x.com\/GrandsFormatsGF","https:\/\/www.instagram.com\/grandsformats\/","https:\/\/www.youtube.com\/channel\/UCJ7k9dbqc_DG-nxI3WMPvhw?view_as=subscriberhttps:\/\/www.youtube.com\/channel\/UCJ7k9dbqc_DG-nxI3WMPvhw?view_as=subscriber"]},{"@type":"Person","@id":"https:\/\/www.grandsformats.com\/#\/schema\/person\/6ecde7e38a2254b5bc9d620679208ee1","name":"Grands Formats","image":{"@type":"ImageObject","inLanguage":"en-US","@id":"https:\/\/www.grandsformats.com\/#\/schema\/person\/image\/","url":"https:\/\/secure.gravatar.com\/avatar\/5d06febf5ba4681bd17a251487132861b5339c2d72f789e59decf1c1b05d0078?s=96&d=mm&r=g","contentUrl":"https:\/\/secure.gravatar.com\/avatar\/5d06febf5ba4681bd17a251487132861b5339c2d72f789e59decf1c1b05d0078?s=96&d=mm&r=g","caption":"Grands Formats"},"url":"https:\/\/www.grandsformats.com\/en\/author\/margaux\/"}]}},"_links":{"self":[{"href":"https:\/\/www.grandsformats.com\/en\/wp-json\/wp\/v2\/posts\/19724","targetHints":{"allow":["GET"]}}],"collection":[{"href":"https:\/\/www.grandsformats.com\/en\/wp-json\/wp\/v2\/posts"}],"about":[{"href":"https:\/\/www.grandsformats.com\/en\/wp-json\/wp\/v2\/types\/post"}],"author":[{"embeddable":true,"href":"https:\/\/www.grandsformats.com\/en\/wp-json\/wp\/v2\/users\/2"}],"replies":[{"embeddable":true,"href":"https:\/\/www.grandsformats.com\/en\/wp-json\/wp\/v2\/comments?post=19724"}],"version-history":[{"count":0,"href":"https:\/\/www.grandsformats.com\/en\/wp-json\/wp\/v2\/posts\/19724\/revisions"}],"wp:featuredmedia":[{"embeddable":true,"href":"https:\/\/www.grandsformats.com\/en\/wp-json\/wp\/v2\/media\/19725"}],"wp:attachment":[{"href":"https:\/\/www.grandsformats.com\/en\/wp-json\/wp\/v2\/media?parent=19724"}],"wp:term":[{"taxonomy":"category","embeddable":true,"href":"https:\/\/www.grandsformats.com\/en\/wp-json\/wp\/v2\/categories?post=19724"},{"taxonomy":"post_tag","embeddable":true,"href":"https:\/\/www.grandsformats.com\/en\/wp-json\/wp\/v2\/tags?post=19724"}],"curies":[{"name":"wp","href":"https:\/\/api.w.org\/{rel}","templated":true}]}}