{"id":19682,"date":"2022-12-05T17:13:24","date_gmt":"2022-12-05T16:13:24","guid":{"rendered":"https:\/\/www.grandsformats.com\/?p=19682"},"modified":"2022-12-05T17:13:24","modified_gmt":"2022-12-05T16:13:24","slug":"cabaret-rocher-octet","status":"publish","type":"post","link":"https:\/\/www.grandsformats.com\/en\/2022\/12\/cabaret-rocher-octet\/","title":{"rendered":"CABARET-ROCHER OCTET : Nouvel album et concerts"},"content":{"rendered":"<p>Au de\u0301part, il y a le duo forme\u0301\u00a0par E\u0301tienne Cabaret et Christophe Rocher, deux multiclarinettistes majeurs en Bretagne. Ils ont imagine\u0301\u00a0une musique libre et inspire\u0301e par le jazz, les musiques traditionnelles et les textures sonores imaginaires que l\u2019improvisation permet de re\u0301ve\u0301ler. Puis, l\u2019id\u00e9e est venue d\u2019\u00e9tendre le r\u00e9pertoire \u00e0 un octet de musiciens, donnait naissance \u00e0 une musique ouverte, un \u00abfolklore imaginaire\u00bb reliant toutes les influences de ces musiciens.<\/p>\n<p><b>Le 9 d\u00e9cembre 2022, CABARET-ROCHER OCTET sort un nouvel album,\u00a0<i>To pa ri ti<\/i>\u00a0, dix pi\u00e8ces oscillant entre compositions et improvisations. Pour f\u00eater cet \u00e9v\u00e9nement, deux concerts seront propos\u00e9s, \u00e0\u00a0<a href=\"https:\/\/www.studio-ermitage.com\/index.php\/agenda\/date\/jim-hart-flying-peach-creation\" target=\"_blank\" rel=\"noopener\" data-saferedirecturl=\"https:\/\/www.google.com\/url?q=https:\/\/www.studio-ermitage.com\/index.php\/agenda\/date\/jim-hart-flying-peach-creation&amp;source=gmail&amp;ust=1670342057606000&amp;usg=AOvVaw1Y6Ane7fJKn7OdNlc89WZr\">Paris (le 6 d\u00e9cembre)<\/a>\u00a0et \u00e0\u00a0<a href=\"https:\/\/www.quaidesreves.com\/fiche\/octet-cabaret-rocher-2609.html#.Y3OpjOzMIUF\" target=\"_blank\" rel=\"noopener\" data-saferedirecturl=\"https:\/\/www.google.com\/url?q=https:\/\/www.quaidesreves.com\/fiche\/octet-cabaret-rocher-2609.html%23.Y3OpjOzMIUF&amp;source=gmail&amp;ust=1670342057606000&amp;usg=AOvVaw2qPlrZNTQe9uYThWotiwux\">Lamballe (le 7 d\u00e9cembre)<\/a>.<\/b><\/p>\n<p>Photo \u00a9 \u00c9ric Legret<\/p>\n<p>&nbsp;<\/p>\n","protected":false},"excerpt":{"rendered":"<p>Au de\u0301part, il y a le duo forme\u0301\u00a0par E\u0301tienne Cabaret et Christophe Rocher, deux multiclarinettistes majeurs en Bretagne. Ils ont imagine\u0301\u00a0une musique libre et inspire\u0301e par le jazz, les musiques traditionnelles et les textures sonores imaginaires que l\u2019improvisation permet de re\u0301ve\u0301ler. Puis, l\u2019id\u00e9e est venue d\u2019\u00e9tendre le r\u00e9pertoire \u00e0 un octet de musiciens, donnait naissance&#8230;<\/p>\n<p><a rel=\"bookmark\" class=\"theme-button-text wvc-button wvc-button-size-xs\" href=\"https:\/\/www.grandsformats.com\/en\/2022\/12\/cabaret-rocher-octet\/\"><small class=\"wvc-button-background-fill\"><\/small><span>Continue reading<\/span><\/a><\/p>\n","protected":false},"author":2,"featured_media":19683,"comment_status":"open","ping_status":"open","sticky":false,"template":"","format":"standard","meta":{"_acf_changed":false,"footnotes":""},"categories":[95,724],"tags":[],"class_list":["post-19682","post","type-post","status-publish","format-standard","has-post-thumbnail","hentry","category-membres","category-ensemble-nautilis","entry-post-skin-light","entry","clearfix","entry-grid","entry-columns-default","entry-post-module-layout-sidebar-right","thumbnail-color-tone-dark","metro-landscape","entry-post","entry-masonry","entry-post-masonry"],"acf":[],"yoast_head":"<!-- This site is optimized with the Yoast SEO plugin v25.8 - https:\/\/yoast.com\/wordpress\/plugins\/seo\/ -->\n<title>CABARET-ROCHER OCTET : Nouvel album et concerts - Site officiel de la f\u00e9d\u00e9ration Grands Formats<\/title>\n<meta name=\"description\" content=\"Au de\u0301part, il y a le duo forme\u0301\u00a0par E\u0301tienne Cabaret et Christophe Rocher, deux multiclarinettistes majeurs en Bretagne.\" \/>\n<meta name=\"robots\" content=\"index, follow, max-snippet:-1, max-image-preview:large, max-video-preview:-1\" \/>\n<link rel=\"canonical\" href=\"https:\/\/www.grandsformats.com\/2022\/12\/cabaret-rocher-octet\/\" \/>\n<meta property=\"og:locale\" content=\"en_US\" \/>\n<meta property=\"og:type\" content=\"article\" \/>\n<meta property=\"og:title\" content=\"CABARET-ROCHER OCTET : Nouvel album et concerts - Site officiel de la f\u00e9d\u00e9ration Grands Formats\" \/>\n<meta property=\"og:description\" content=\"Au de\u0301part, il y a le duo forme\u0301\u00a0par E\u0301tienne Cabaret et Christophe Rocher, deux multiclarinettistes majeurs en Bretagne.\" \/>\n<meta property=\"og:url\" content=\"https:\/\/www.grandsformats.com\/2022\/12\/cabaret-rocher-octet\/\" \/>\n<meta property=\"og:site_name\" content=\"Site officiel de la f\u00e9d\u00e9ration Grands Formats\" \/>\n<meta property=\"article:publisher\" content=\"https:\/\/www.facebook.com\/grandsformats\/\" \/>\n<meta property=\"article:published_time\" content=\"2022-12-05T16:13:24+00:00\" \/>\n<meta property=\"og:image\" content=\"https:\/\/www.grandsformats.com\/wp-content\/uploads\/2022\/12\/1\u00a9Eric_Legret-1024x683-1.jpg\" \/>\n\t<meta property=\"og:image:width\" content=\"994\" \/>\n\t<meta property=\"og:image:height\" content=\"559\" \/>\n\t<meta property=\"og:image:type\" content=\"image\/jpeg\" \/>\n<meta name=\"author\" content=\"Grands Formats\" \/>\n<meta name=\"twitter:card\" content=\"summary_large_image\" \/>\n<meta name=\"twitter:creator\" content=\"@GrandsFormatsGF\" \/>\n<meta name=\"twitter:site\" content=\"@GrandsFormatsGF\" \/>\n<meta name=\"twitter:label1\" content=\"Written by\" \/>\n\t<meta name=\"twitter:data1\" content=\"Grands Formats\" \/>\n\t<meta name=\"twitter:label2\" content=\"Est. reading time\" \/>\n\t<meta name=\"twitter:data2\" content=\"1 minute\" \/>\n<script type=\"application\/ld+json\" class=\"yoast-schema-graph\">{\"@context\":\"https:\/\/schema.org\",\"@graph\":[{\"@type\":\"Article\",\"@id\":\"https:\/\/www.grandsformats.com\/2022\/12\/cabaret-rocher-octet\/#article\",\"isPartOf\":{\"@id\":\"https:\/\/www.grandsformats.com\/2022\/12\/cabaret-rocher-octet\/\"},\"author\":{\"name\":\"Grands Formats\",\"@id\":\"https:\/\/www.grandsformats.com\/#\/schema\/person\/6ecde7e38a2254b5bc9d620679208ee1\"},\"headline\":\"CABARET-ROCHER OCTET : Nouvel album et concerts\",\"datePublished\":\"2022-12-05T16:13:24+00:00\",\"mainEntityOfPage\":{\"@id\":\"https:\/\/www.grandsformats.com\/2022\/12\/cabaret-rocher-octet\/\"},\"wordCount\":130,\"commentCount\":0,\"publisher\":{\"@id\":\"https:\/\/www.grandsformats.com\/#organization\"},\"image\":{\"@id\":\"https:\/\/www.grandsformats.com\/2022\/12\/cabaret-rocher-octet\/#primaryimage\"},\"thumbnailUrl\":\"https:\/\/www.grandsformats.com\/wp-content\/uploads\/2022\/12\/1\u00a9Eric_Legret-1024x683-1.jpg\",\"articleSection\":[\"Actus des membres\",\"Ensemble Nautilis\"],\"inLanguage\":\"en-US\",\"potentialAction\":[{\"@type\":\"CommentAction\",\"name\":\"Comment\",\"target\":[\"https:\/\/www.grandsformats.com\/2022\/12\/cabaret-rocher-octet\/#respond\"]}]},{\"@type\":\"WebPage\",\"@id\":\"https:\/\/www.grandsformats.com\/2022\/12\/cabaret-rocher-octet\/\",\"url\":\"https:\/\/www.grandsformats.com\/2022\/12\/cabaret-rocher-octet\/\",\"name\":\"CABARET-ROCHER OCTET : Nouvel album et concerts - Site officiel de la f\u00e9d\u00e9ration Grands Formats\",\"isPartOf\":{\"@id\":\"https:\/\/www.grandsformats.com\/#website\"},\"primaryImageOfPage\":{\"@id\":\"https:\/\/www.grandsformats.com\/2022\/12\/cabaret-rocher-octet\/#primaryimage\"},\"image\":{\"@id\":\"https:\/\/www.grandsformats.com\/2022\/12\/cabaret-rocher-octet\/#primaryimage\"},\"thumbnailUrl\":\"https:\/\/www.grandsformats.com\/wp-content\/uploads\/2022\/12\/1\u00a9Eric_Legret-1024x683-1.jpg\",\"datePublished\":\"2022-12-05T16:13:24+00:00\",\"description\":\"Au de\u0301part, il y a le duo forme\u0301\u00a0par E\u0301tienne Cabaret et Christophe Rocher, deux multiclarinettistes majeurs en Bretagne.\",\"breadcrumb\":{\"@id\":\"https:\/\/www.grandsformats.com\/2022\/12\/cabaret-rocher-octet\/#breadcrumb\"},\"inLanguage\":\"en-US\",\"potentialAction\":[{\"@type\":\"ReadAction\",\"target\":[\"https:\/\/www.grandsformats.com\/2022\/12\/cabaret-rocher-octet\/\"]}]},{\"@type\":\"ImageObject\",\"inLanguage\":\"en-US\",\"@id\":\"https:\/\/www.grandsformats.com\/2022\/12\/cabaret-rocher-octet\/#primaryimage\",\"url\":\"https:\/\/www.grandsformats.com\/wp-content\/uploads\/2022\/12\/1\u00a9Eric_Legret-1024x683-1.jpg\",\"contentUrl\":\"https:\/\/www.grandsformats.com\/wp-content\/uploads\/2022\/12\/1\u00a9Eric_Legret-1024x683-1.jpg\",\"width\":994,\"height\":559,\"caption\":\"CABARET-ROCHER OCTET\"},{\"@type\":\"BreadcrumbList\",\"@id\":\"https:\/\/www.grandsformats.com\/2022\/12\/cabaret-rocher-octet\/#breadcrumb\",\"itemListElement\":[{\"@type\":\"ListItem\",\"position\":1,\"name\":\"Accueil\",\"item\":\"https:\/\/www.grandsformats.com\/en\/\"},{\"@type\":\"ListItem\",\"position\":2,\"name\":\"CABARET-ROCHER OCTET : Nouvel album et concerts\"}]},{\"@type\":\"WebSite\",\"@id\":\"https:\/\/www.grandsformats.com\/#website\",\"url\":\"https:\/\/www.grandsformats.com\/\",\"name\":\"Site officiel de la f\u00e9d\u00e9ration Grands Formats\",\"description\":\"F\u00e9d\u00e9ration d&#039;artistes pour la musique en grand !\",\"publisher\":{\"@id\":\"https:\/\/www.grandsformats.com\/#organization\"},\"potentialAction\":[{\"@type\":\"SearchAction\",\"target\":{\"@type\":\"EntryPoint\",\"urlTemplate\":\"https:\/\/www.grandsformats.com\/?s={search_term_string}\"},\"query-input\":{\"@type\":\"PropertyValueSpecification\",\"valueRequired\":true,\"valueName\":\"search_term_string\"}}],\"inLanguage\":\"en-US\"},{\"@type\":\"Organization\",\"@id\":\"https:\/\/www.grandsformats.com\/#organization\",\"name\":\"Grands Formats\",\"url\":\"https:\/\/www.grandsformats.com\/\",\"logo\":{\"@type\":\"ImageObject\",\"inLanguage\":\"en-US\",\"@id\":\"https:\/\/www.grandsformats.com\/#\/schema\/logo\/image\/\",\"url\":\"https:\/\/www.grandsformats.com\/wp-content\/uploads\/2020\/03\/logo-GF-200.png\",\"contentUrl\":\"https:\/\/www.grandsformats.com\/wp-content\/uploads\/2020\/03\/logo-GF-200.png\",\"width\":155,\"height\":200,\"caption\":\"Grands Formats\"},\"image\":{\"@id\":\"https:\/\/www.grandsformats.com\/#\/schema\/logo\/image\/\"},\"sameAs\":[\"https:\/\/www.facebook.com\/grandsformats\/\",\"https:\/\/x.com\/GrandsFormatsGF\",\"https:\/\/www.instagram.com\/grandsformats\/\",\"https:\/\/www.youtube.com\/channel\/UCJ7k9dbqc_DG-nxI3WMPvhw?view_as=subscriberhttps:\/\/www.youtube.com\/channel\/UCJ7k9dbqc_DG-nxI3WMPvhw?view_as=subscriber\"]},{\"@type\":\"Person\",\"@id\":\"https:\/\/www.grandsformats.com\/#\/schema\/person\/6ecde7e38a2254b5bc9d620679208ee1\",\"name\":\"Grands Formats\",\"image\":{\"@type\":\"ImageObject\",\"inLanguage\":\"en-US\",\"@id\":\"https:\/\/www.grandsformats.com\/#\/schema\/person\/image\/\",\"url\":\"https:\/\/secure.gravatar.com\/avatar\/5d06febf5ba4681bd17a251487132861b5339c2d72f789e59decf1c1b05d0078?s=96&d=mm&r=g\",\"contentUrl\":\"https:\/\/secure.gravatar.com\/avatar\/5d06febf5ba4681bd17a251487132861b5339c2d72f789e59decf1c1b05d0078?s=96&d=mm&r=g\",\"caption\":\"Grands Formats\"},\"url\":\"https:\/\/www.grandsformats.com\/en\/author\/margaux\/\"}]}<\/script>\n<!-- \/ Yoast SEO plugin. -->","yoast_head_json":{"title":"CABARET-ROCHER OCTET : Nouvel album et concerts - Site officiel de la f\u00e9d\u00e9ration Grands Formats","description":"Au de\u0301part, il y a le duo forme\u0301\u00a0par E\u0301tienne Cabaret et Christophe Rocher, deux multiclarinettistes majeurs en Bretagne.","robots":{"index":"index","follow":"follow","max-snippet":"max-snippet:-1","max-image-preview":"max-image-preview:large","max-video-preview":"max-video-preview:-1"},"canonical":"https:\/\/www.grandsformats.com\/2022\/12\/cabaret-rocher-octet\/","og_locale":"en_US","og_type":"article","og_title":"CABARET-ROCHER OCTET : Nouvel album et concerts - Site officiel de la f\u00e9d\u00e9ration Grands Formats","og_description":"Au de\u0301part, il y a le duo forme\u0301\u00a0par E\u0301tienne Cabaret et Christophe Rocher, deux multiclarinettistes majeurs en Bretagne.","og_url":"https:\/\/www.grandsformats.com\/2022\/12\/cabaret-rocher-octet\/","og_site_name":"Site officiel de la f\u00e9d\u00e9ration Grands Formats","article_publisher":"https:\/\/www.facebook.com\/grandsformats\/","article_published_time":"2022-12-05T16:13:24+00:00","og_image":[{"width":994,"height":559,"url":"https:\/\/www.grandsformats.com\/wp-content\/uploads\/2022\/12\/1\u00a9Eric_Legret-1024x683-1.jpg","type":"image\/jpeg"}],"author":"Grands Formats","twitter_card":"summary_large_image","twitter_creator":"@GrandsFormatsGF","twitter_site":"@GrandsFormatsGF","twitter_misc":{"Written by":"Grands Formats","Est. reading time":"1 minute"},"schema":{"@context":"https:\/\/schema.org","@graph":[{"@type":"Article","@id":"https:\/\/www.grandsformats.com\/2022\/12\/cabaret-rocher-octet\/#article","isPartOf":{"@id":"https:\/\/www.grandsformats.com\/2022\/12\/cabaret-rocher-octet\/"},"author":{"name":"Grands Formats","@id":"https:\/\/www.grandsformats.com\/#\/schema\/person\/6ecde7e38a2254b5bc9d620679208ee1"},"headline":"CABARET-ROCHER OCTET : Nouvel album et concerts","datePublished":"2022-12-05T16:13:24+00:00","mainEntityOfPage":{"@id":"https:\/\/www.grandsformats.com\/2022\/12\/cabaret-rocher-octet\/"},"wordCount":130,"commentCount":0,"publisher":{"@id":"https:\/\/www.grandsformats.com\/#organization"},"image":{"@id":"https:\/\/www.grandsformats.com\/2022\/12\/cabaret-rocher-octet\/#primaryimage"},"thumbnailUrl":"https:\/\/www.grandsformats.com\/wp-content\/uploads\/2022\/12\/1\u00a9Eric_Legret-1024x683-1.jpg","articleSection":["Actus des membres","Ensemble Nautilis"],"inLanguage":"en-US","potentialAction":[{"@type":"CommentAction","name":"Comment","target":["https:\/\/www.grandsformats.com\/2022\/12\/cabaret-rocher-octet\/#respond"]}]},{"@type":"WebPage","@id":"https:\/\/www.grandsformats.com\/2022\/12\/cabaret-rocher-octet\/","url":"https:\/\/www.grandsformats.com\/2022\/12\/cabaret-rocher-octet\/","name":"CABARET-ROCHER OCTET : Nouvel album et concerts - Site officiel de la f\u00e9d\u00e9ration Grands Formats","isPartOf":{"@id":"https:\/\/www.grandsformats.com\/#website"},"primaryImageOfPage":{"@id":"https:\/\/www.grandsformats.com\/2022\/12\/cabaret-rocher-octet\/#primaryimage"},"image":{"@id":"https:\/\/www.grandsformats.com\/2022\/12\/cabaret-rocher-octet\/#primaryimage"},"thumbnailUrl":"https:\/\/www.grandsformats.com\/wp-content\/uploads\/2022\/12\/1\u00a9Eric_Legret-1024x683-1.jpg","datePublished":"2022-12-05T16:13:24+00:00","description":"Au de\u0301part, il y a le duo forme\u0301\u00a0par E\u0301tienne Cabaret et Christophe Rocher, deux multiclarinettistes majeurs en Bretagne.","breadcrumb":{"@id":"https:\/\/www.grandsformats.com\/2022\/12\/cabaret-rocher-octet\/#breadcrumb"},"inLanguage":"en-US","potentialAction":[{"@type":"ReadAction","target":["https:\/\/www.grandsformats.com\/2022\/12\/cabaret-rocher-octet\/"]}]},{"@type":"ImageObject","inLanguage":"en-US","@id":"https:\/\/www.grandsformats.com\/2022\/12\/cabaret-rocher-octet\/#primaryimage","url":"https:\/\/www.grandsformats.com\/wp-content\/uploads\/2022\/12\/1\u00a9Eric_Legret-1024x683-1.jpg","contentUrl":"https:\/\/www.grandsformats.com\/wp-content\/uploads\/2022\/12\/1\u00a9Eric_Legret-1024x683-1.jpg","width":994,"height":559,"caption":"CABARET-ROCHER OCTET"},{"@type":"BreadcrumbList","@id":"https:\/\/www.grandsformats.com\/2022\/12\/cabaret-rocher-octet\/#breadcrumb","itemListElement":[{"@type":"ListItem","position":1,"name":"Accueil","item":"https:\/\/www.grandsformats.com\/en\/"},{"@type":"ListItem","position":2,"name":"CABARET-ROCHER OCTET : Nouvel album et concerts"}]},{"@type":"WebSite","@id":"https:\/\/www.grandsformats.com\/#website","url":"https:\/\/www.grandsformats.com\/","name":"Site officiel de la f\u00e9d\u00e9ration Grands Formats","description":"F\u00e9d\u00e9ration d&#039;artistes pour la musique en grand !","publisher":{"@id":"https:\/\/www.grandsformats.com\/#organization"},"potentialAction":[{"@type":"SearchAction","target":{"@type":"EntryPoint","urlTemplate":"https:\/\/www.grandsformats.com\/?s={search_term_string}"},"query-input":{"@type":"PropertyValueSpecification","valueRequired":true,"valueName":"search_term_string"}}],"inLanguage":"en-US"},{"@type":"Organization","@id":"https:\/\/www.grandsformats.com\/#organization","name":"Grands Formats","url":"https:\/\/www.grandsformats.com\/","logo":{"@type":"ImageObject","inLanguage":"en-US","@id":"https:\/\/www.grandsformats.com\/#\/schema\/logo\/image\/","url":"https:\/\/www.grandsformats.com\/wp-content\/uploads\/2020\/03\/logo-GF-200.png","contentUrl":"https:\/\/www.grandsformats.com\/wp-content\/uploads\/2020\/03\/logo-GF-200.png","width":155,"height":200,"caption":"Grands Formats"},"image":{"@id":"https:\/\/www.grandsformats.com\/#\/schema\/logo\/image\/"},"sameAs":["https:\/\/www.facebook.com\/grandsformats\/","https:\/\/x.com\/GrandsFormatsGF","https:\/\/www.instagram.com\/grandsformats\/","https:\/\/www.youtube.com\/channel\/UCJ7k9dbqc_DG-nxI3WMPvhw?view_as=subscriberhttps:\/\/www.youtube.com\/channel\/UCJ7k9dbqc_DG-nxI3WMPvhw?view_as=subscriber"]},{"@type":"Person","@id":"https:\/\/www.grandsformats.com\/#\/schema\/person\/6ecde7e38a2254b5bc9d620679208ee1","name":"Grands Formats","image":{"@type":"ImageObject","inLanguage":"en-US","@id":"https:\/\/www.grandsformats.com\/#\/schema\/person\/image\/","url":"https:\/\/secure.gravatar.com\/avatar\/5d06febf5ba4681bd17a251487132861b5339c2d72f789e59decf1c1b05d0078?s=96&d=mm&r=g","contentUrl":"https:\/\/secure.gravatar.com\/avatar\/5d06febf5ba4681bd17a251487132861b5339c2d72f789e59decf1c1b05d0078?s=96&d=mm&r=g","caption":"Grands Formats"},"url":"https:\/\/www.grandsformats.com\/en\/author\/margaux\/"}]}},"_links":{"self":[{"href":"https:\/\/www.grandsformats.com\/en\/wp-json\/wp\/v2\/posts\/19682","targetHints":{"allow":["GET"]}}],"collection":[{"href":"https:\/\/www.grandsformats.com\/en\/wp-json\/wp\/v2\/posts"}],"about":[{"href":"https:\/\/www.grandsformats.com\/en\/wp-json\/wp\/v2\/types\/post"}],"author":[{"embeddable":true,"href":"https:\/\/www.grandsformats.com\/en\/wp-json\/wp\/v2\/users\/2"}],"replies":[{"embeddable":true,"href":"https:\/\/www.grandsformats.com\/en\/wp-json\/wp\/v2\/comments?post=19682"}],"version-history":[{"count":0,"href":"https:\/\/www.grandsformats.com\/en\/wp-json\/wp\/v2\/posts\/19682\/revisions"}],"wp:featuredmedia":[{"embeddable":true,"href":"https:\/\/www.grandsformats.com\/en\/wp-json\/wp\/v2\/media\/19683"}],"wp:attachment":[{"href":"https:\/\/www.grandsformats.com\/en\/wp-json\/wp\/v2\/media?parent=19682"}],"wp:term":[{"taxonomy":"category","embeddable":true,"href":"https:\/\/www.grandsformats.com\/en\/wp-json\/wp\/v2\/categories?post=19682"},{"taxonomy":"post_tag","embeddable":true,"href":"https:\/\/www.grandsformats.com\/en\/wp-json\/wp\/v2\/tags?post=19682"}],"curies":[{"name":"wp","href":"https:\/\/api.w.org\/{rel}","templated":true}]}}