{"id":18875,"date":"2022-11-09T12:45:36","date_gmt":"2022-11-09T11:45:36","guid":{"rendered":"https:\/\/www.grandsformats.com\/?p=18875"},"modified":"2022-11-09T12:46:56","modified_gmt":"2022-11-09T11:46:56","slug":"quel-financement-veut-on-pour-la-culture-en-sortie-de-crise-sanitaire","status":"publish","type":"post","link":"https:\/\/www.grandsformats.com\/en\/2022\/11\/quel-financement-veut-on-pour-la-culture-en-sortie-de-crise-sanitaire\/","title":{"rendered":"Quel financement veut-on pour la culture en sortie de crise sanitaire ?"},"content":{"rendered":"<p>Depuis un peu plus de six mois, toutes les \u00e9quipes artistiques, dont bien entendu les adh\u00e9rents de Grands Formats, mais aussi son \u00e9quipe salari\u00e9e et son conseil d\u2019administration, tentent de se remettre d\u2019une crise sans pr\u00e9c\u00e9dent qui aura secou\u00e9 toute l\u2019\u00e9conomie, au del\u00e0 du monde de la culture. Crise qui aura facilit\u00e9 ou encourag\u00e9 certaines transitions n\u00e9cessaires\u00a0: nouvelle prise de conscience environnementale, plus de flexibilit\u00e9 dans les fa\u00e7ons de travailler, et notamment concernant les d\u00e9placements.<\/p>\n<p>D\u2019autres transitions ont lieu aussi, \u00e0 la faveur d\u2019un contexte de crise : le financement de la culture se complexifie, ou en tout cas se concentre sur des propositions plus consensuelles, sous couvert de contrer la d\u00e9saffection du public pour les salles de concert. En 2023 les divers fonds d\u2019urgence, de relance et de reprise auront disparu, tout comme l\u2019activit\u00e9 partielle, et il faut se projeter dans ce nouveau mode de financement des \u00e9quipes et des projets artistiques : ne pas oublier que les soci\u00e9t\u00e9s civiles (ADAMI, SPEDIDAM, SCPP, SPPF) ont diminu\u00e9 leurs aides en cons\u00e9quence du jugement de la cour europ\u00e9enne de justice en septembre 2020, ne pas oublier que la SACEM dispose de moins d\u2019argent pour financer les projets, en lien avec la baisse de la taxe sur la copie priv\u00e9e et la diminution des perceptions pendant la pand\u00e9mie.<\/p>\n<p>Les espoirs se sont tourn\u00e9s naturellement vers le CNM, qui durant ses trois premi\u00e8res ann\u00e9es d\u2019existence, s\u2019est vu devenir le relais du minist\u00e8re de la Culture en ce qui concerne le plan de relance li\u00e9 \u00e0 la pand\u00e9mie, et qui a pu proposer un grand nombre d\u2019aides ayant pu profiter \u00e0 presque tout le secteur. Evidemment, certains acteurs, peu structur\u00e9s, n\u2019ont pu en b\u00e9n\u00e9ficier, et certains crit\u00e8res ont exclu, comme souvent, les plus faibles. A l\u2019aube de la fin de cette crise, le probl\u00e8me principal reste que le financement de l\u2019\u00e9tablissement n\u2019est pas s\u00e9curis\u00e9 pour l\u2019avenir\u00a0: 2023 devrait fonctionner gr\u00e2ce \u00e0 des reliquats de 2022, mais l\u2019\u00e9tablissement devra surtout rogner sur certaines de ses missions (voir le communiqu\u00e9 du SMA le 28 septembre 2022), et il est \u00e0 craindre que les plus faibles acteurs seront encore les plus touch\u00e9s. L\u2019ann\u00e9e 2024 et la suite sont encore plus floues.<\/p>\n<p>Grands Formats est actif aupr\u00e8s de la direction du CNM afin de d\u00e9fendre \u00e0 la fois les mod\u00e8les \u00e9conomiques des grands ensembles et de ses adh\u00e9rents, plus g\u00e9n\u00e9ralement de d\u00e9fendre la diversit\u00e9 des esth\u00e9tiques, et surtout de rappeler \u00e0 l\u2019\u00e9tablissement public que cette diversit\u00e9 est inscrite dans la loi. En s\u2019appuyant sur la pr\u00e9sence de plusieurs artistes de Grands Formats dans les commissions, Grands Formats poursuivra ce travail dans les prochaines semaines et les prochains mois afin que le jazz, les grands ensembles et les mod\u00e8les \u00e9conomiques ind\u00e9pendants ne soient pas exclus des dispositifs.<\/p>\n<p>En parall\u00e8le, Grands Formats est adh\u00e9rent de l\u2019UFISC (Union F\u00e9d\u00e9rale d&#8217;Intervention des Structures Culturelles) depuis quelques mois, ce qui permet une prise de hauteur significative sur la plupart des sujets de la fili\u00e8re culturelle, sur le financement bien entendu, mais aussi sur des sujets tels que l\u2019accessibilit\u00e9 des populations \u00e0 la culture et les droits culturels, ou le d\u00e9veloppement territorial.<\/p>\n<p>Dans ce contexte, un suivi est \u00e9galement men\u00e9 sur le financement des \u00e9quipes artistiques par les DRAC. Des rencontres avec des conseillers de chaque r\u00e9gion ont \u00e9t\u00e9 r\u00e9alis\u00e9es, ou vont l\u2019\u00eatre. En effet, la reforme des aides des DRAC va s\u2019appliquer pour la deuxi\u00e8me fois en 2023 et il convient de s\u2019assurer que ses crit\u00e8res n\u2019excluent pas des acteurs importants du jazz et des musiques improvis\u00e9es, de nos musiques et de nos adh\u00e9rents, en grand ensemble ou en collectif.<\/p>\n<p>Grands Formats reste donc mobilis\u00e9, fort d\u2019une \u00e9quipe compl\u00e9t\u00e9e il y a peu par Laura Hanequand, nouvelle charg\u00e9e de communication et de ressources, \u00e0 qui on souhaite la bienvenue. Remerciement sp\u00e9cial \u00e0 Margaux Hardoin pour son excellent travail lors des 5 ann\u00e9es pass\u00e9es \u00e0 ce poste. La nouvelle \u00e9quipe sera compl\u00e9t\u00e9e d\u2019ici quelques semaines par un nouveau CA \u00e9lu lors de la prochaine AG, \u00e0 laquelle nous vous attendons tous, nouveau CA hyper motiv\u00e9, je l\u2019esp\u00e8re, pour pr\u00e9parer les 20 ans de Grands Formats l\u2019ann\u00e9e prochaine, et qui, malgr\u00e9 le contexte \u00e9voqu\u00e9 plus haut, devra \u00eatre une ann\u00e9e de c\u00e9l\u00e9bration des grands ensembles et de nos mod\u00e8les ind\u00e9pendants.<\/p>\n<p><strong>Par Alexandre Herer, pr\u00e9sident de Grands Formats, directeur artistique du collectif Onze Heures Onze<\/strong><\/p>\n<p>Photo \u00a9 Lorraine Hellwig<\/p>\n","protected":false},"excerpt":{"rendered":"<p>Depuis un peu plus de six mois, toutes les \u00e9quipes artistiques, dont bien entendu les adh\u00e9rents de Grands Formats, mais aussi son \u00e9quipe salari\u00e9e et son conseil d\u2019administration, tentent de se remettre d\u2019une crise sans pr\u00e9c\u00e9dent qui aura secou\u00e9 toute l\u2019\u00e9conomie, au del\u00e0 du monde de la culture. Crise qui aura facilit\u00e9 ou encourag\u00e9 certaines&#8230;<\/p>\n<p><a rel=\"bookmark\" class=\"theme-button-text wvc-button wvc-button-size-xs\" href=\"https:\/\/www.grandsformats.com\/en\/2022\/11\/quel-financement-veut-on-pour-la-culture-en-sortie-de-crise-sanitaire\/\"><small class=\"wvc-button-background-fill\"><\/small><span>Continue reading<\/span><\/a><\/p>\n","protected":false},"author":2,"featured_media":18879,"comment_status":"open","ping_status":"open","sticky":false,"template":"","format":"standard","meta":{"_acf_changed":false,"footnotes":""},"categories":[224],"tags":[],"class_list":["post-18875","post","type-post","status-publish","format-standard","has-post-thumbnail","hentry","category-tribunes","entry-post-skin-light","entry","clearfix","entry-grid","entry-columns-default","entry-post-module-layout-sidebar-right","thumbnail-color-tone-dark","metro-landscape","entry-post","entry-masonry","entry-post-masonry"],"acf":[],"yoast_head":"<!-- This site is optimized with the Yoast SEO plugin v25.8 - https:\/\/yoast.com\/wordpress\/plugins\/seo\/ -->\n<title>Quel financement veut-on pour la culture en sortie de crise sanitaire ? - Site officiel de la f\u00e9d\u00e9ration Grands Formats<\/title>\n<meta name=\"robots\" content=\"index, follow, max-snippet:-1, max-image-preview:large, max-video-preview:-1\" \/>\n<link rel=\"canonical\" href=\"https:\/\/www.grandsformats.com\/2022\/11\/quel-financement-veut-on-pour-la-culture-en-sortie-de-crise-sanitaire\/\" \/>\n<meta property=\"og:locale\" content=\"en_US\" \/>\n<meta property=\"og:type\" content=\"article\" \/>\n<meta property=\"og:title\" content=\"Quel financement veut-on pour la culture en sortie de crise sanitaire ? - Site officiel de la f\u00e9d\u00e9ration Grands Formats\" \/>\n<meta property=\"og:description\" content=\"Depuis un peu plus de six mois, toutes les \u00e9quipes artistiques, dont bien entendu les adh\u00e9rents de Grands Formats, mais aussi son \u00e9quipe salari\u00e9e et son conseil d\u2019administration, tentent de se remettre d\u2019une crise sans pr\u00e9c\u00e9dent qui aura secou\u00e9 toute l\u2019\u00e9conomie, au del\u00e0 du monde de la culture. Crise qui aura facilit\u00e9 ou encourag\u00e9 certaines...Continue reading\" \/>\n<meta property=\"og:url\" content=\"https:\/\/www.grandsformats.com\/2022\/11\/quel-financement-veut-on-pour-la-culture-en-sortie-de-crise-sanitaire\/\" \/>\n<meta property=\"og:site_name\" content=\"Site officiel de la f\u00e9d\u00e9ration Grands Formats\" \/>\n<meta property=\"article:publisher\" content=\"https:\/\/www.facebook.com\/grandsformats\/\" \/>\n<meta property=\"article:published_time\" content=\"2022-11-09T11:45:36+00:00\" \/>\n<meta property=\"article:modified_time\" content=\"2022-11-09T11:46:56+00:00\" \/>\n<meta property=\"og:image\" content=\"https:\/\/www.grandsformats.com\/wp-content\/uploads\/2022\/11\/169\u00a9lorrainehellwig__48B5364LOWRES.jpg\" \/>\n\t<meta property=\"og:image:width\" content=\"463\" \/>\n\t<meta property=\"og:image:height\" content=\"261\" \/>\n\t<meta property=\"og:image:type\" content=\"image\/jpeg\" \/>\n<meta name=\"author\" content=\"Grands Formats\" \/>\n<meta name=\"twitter:card\" content=\"summary_large_image\" \/>\n<meta name=\"twitter:creator\" content=\"@GrandsFormatsGF\" \/>\n<meta name=\"twitter:site\" content=\"@GrandsFormatsGF\" \/>\n<meta name=\"twitter:label1\" content=\"Written by\" \/>\n\t<meta name=\"twitter:data1\" content=\"Grands Formats\" \/>\n\t<meta name=\"twitter:label2\" content=\"Est. reading time\" \/>\n\t<meta name=\"twitter:data2\" content=\"4 minutes\" \/>\n<script type=\"application\/ld+json\" class=\"yoast-schema-graph\">{\"@context\":\"https:\/\/schema.org\",\"@graph\":[{\"@type\":\"Article\",\"@id\":\"https:\/\/www.grandsformats.com\/2022\/11\/quel-financement-veut-on-pour-la-culture-en-sortie-de-crise-sanitaire\/#article\",\"isPartOf\":{\"@id\":\"https:\/\/www.grandsformats.com\/2022\/11\/quel-financement-veut-on-pour-la-culture-en-sortie-de-crise-sanitaire\/\"},\"author\":{\"name\":\"Grands Formats\",\"@id\":\"https:\/\/www.grandsformats.com\/#\/schema\/person\/6ecde7e38a2254b5bc9d620679208ee1\"},\"headline\":\"Quel financement veut-on pour la culture en sortie de crise sanitaire ?\",\"datePublished\":\"2022-11-09T11:45:36+00:00\",\"dateModified\":\"2022-11-09T11:46:56+00:00\",\"mainEntityOfPage\":{\"@id\":\"https:\/\/www.grandsformats.com\/2022\/11\/quel-financement-veut-on-pour-la-culture-en-sortie-de-crise-sanitaire\/\"},\"wordCount\":809,\"commentCount\":0,\"publisher\":{\"@id\":\"https:\/\/www.grandsformats.com\/#organization\"},\"image\":{\"@id\":\"https:\/\/www.grandsformats.com\/2022\/11\/quel-financement-veut-on-pour-la-culture-en-sortie-de-crise-sanitaire\/#primaryimage\"},\"thumbnailUrl\":\"https:\/\/www.grandsformats.com\/wp-content\/uploads\/2022\/11\/169\u00a9lorrainehellwig__48B5364LOWRES.jpg\",\"articleSection\":[\"Tribunes\"],\"inLanguage\":\"en-US\",\"potentialAction\":[{\"@type\":\"CommentAction\",\"name\":\"Comment\",\"target\":[\"https:\/\/www.grandsformats.com\/2022\/11\/quel-financement-veut-on-pour-la-culture-en-sortie-de-crise-sanitaire\/#respond\"]}]},{\"@type\":\"WebPage\",\"@id\":\"https:\/\/www.grandsformats.com\/2022\/11\/quel-financement-veut-on-pour-la-culture-en-sortie-de-crise-sanitaire\/\",\"url\":\"https:\/\/www.grandsformats.com\/2022\/11\/quel-financement-veut-on-pour-la-culture-en-sortie-de-crise-sanitaire\/\",\"name\":\"Quel financement veut-on pour la culture en sortie de crise sanitaire ? - Site officiel de la f\u00e9d\u00e9ration Grands Formats\",\"isPartOf\":{\"@id\":\"https:\/\/www.grandsformats.com\/#website\"},\"primaryImageOfPage\":{\"@id\":\"https:\/\/www.grandsformats.com\/2022\/11\/quel-financement-veut-on-pour-la-culture-en-sortie-de-crise-sanitaire\/#primaryimage\"},\"image\":{\"@id\":\"https:\/\/www.grandsformats.com\/2022\/11\/quel-financement-veut-on-pour-la-culture-en-sortie-de-crise-sanitaire\/#primaryimage\"},\"thumbnailUrl\":\"https:\/\/www.grandsformats.com\/wp-content\/uploads\/2022\/11\/169\u00a9lorrainehellwig__48B5364LOWRES.jpg\",\"datePublished\":\"2022-11-09T11:45:36+00:00\",\"dateModified\":\"2022-11-09T11:46:56+00:00\",\"breadcrumb\":{\"@id\":\"https:\/\/www.grandsformats.com\/2022\/11\/quel-financement-veut-on-pour-la-culture-en-sortie-de-crise-sanitaire\/#breadcrumb\"},\"inLanguage\":\"en-US\",\"potentialAction\":[{\"@type\":\"ReadAction\",\"target\":[\"https:\/\/www.grandsformats.com\/2022\/11\/quel-financement-veut-on-pour-la-culture-en-sortie-de-crise-sanitaire\/\"]}]},{\"@type\":\"ImageObject\",\"inLanguage\":\"en-US\",\"@id\":\"https:\/\/www.grandsformats.com\/2022\/11\/quel-financement-veut-on-pour-la-culture-en-sortie-de-crise-sanitaire\/#primaryimage\",\"url\":\"https:\/\/www.grandsformats.com\/wp-content\/uploads\/2022\/11\/169\u00a9lorrainehellwig__48B5364LOWRES.jpg\",\"contentUrl\":\"https:\/\/www.grandsformats.com\/wp-content\/uploads\/2022\/11\/169\u00a9lorrainehellwig__48B5364LOWRES.jpg\",\"width\":463,\"height\":261,\"caption\":\"Alexandre Herer - Lorraine Hellwig\"},{\"@type\":\"BreadcrumbList\",\"@id\":\"https:\/\/www.grandsformats.com\/2022\/11\/quel-financement-veut-on-pour-la-culture-en-sortie-de-crise-sanitaire\/#breadcrumb\",\"itemListElement\":[{\"@type\":\"ListItem\",\"position\":1,\"name\":\"Accueil\",\"item\":\"https:\/\/www.grandsformats.com\/en\/\"},{\"@type\":\"ListItem\",\"position\":2,\"name\":\"Quel financement veut-on pour la culture en sortie de crise sanitaire ?\"}]},{\"@type\":\"WebSite\",\"@id\":\"https:\/\/www.grandsformats.com\/#website\",\"url\":\"https:\/\/www.grandsformats.com\/\",\"name\":\"Site officiel de la f\u00e9d\u00e9ration Grands Formats\",\"description\":\"F\u00e9d\u00e9ration d&#039;artistes pour la musique en grand !\",\"publisher\":{\"@id\":\"https:\/\/www.grandsformats.com\/#organization\"},\"potentialAction\":[{\"@type\":\"SearchAction\",\"target\":{\"@type\":\"EntryPoint\",\"urlTemplate\":\"https:\/\/www.grandsformats.com\/?s={search_term_string}\"},\"query-input\":{\"@type\":\"PropertyValueSpecification\",\"valueRequired\":true,\"valueName\":\"search_term_string\"}}],\"inLanguage\":\"en-US\"},{\"@type\":\"Organization\",\"@id\":\"https:\/\/www.grandsformats.com\/#organization\",\"name\":\"Grands Formats\",\"url\":\"https:\/\/www.grandsformats.com\/\",\"logo\":{\"@type\":\"ImageObject\",\"inLanguage\":\"en-US\",\"@id\":\"https:\/\/www.grandsformats.com\/#\/schema\/logo\/image\/\",\"url\":\"https:\/\/www.grandsformats.com\/wp-content\/uploads\/2020\/03\/logo-GF-200.png\",\"contentUrl\":\"https:\/\/www.grandsformats.com\/wp-content\/uploads\/2020\/03\/logo-GF-200.png\",\"width\":155,\"height\":200,\"caption\":\"Grands Formats\"},\"image\":{\"@id\":\"https:\/\/www.grandsformats.com\/#\/schema\/logo\/image\/\"},\"sameAs\":[\"https:\/\/www.facebook.com\/grandsformats\/\",\"https:\/\/x.com\/GrandsFormatsGF\",\"https:\/\/www.instagram.com\/grandsformats\/\",\"https:\/\/www.youtube.com\/channel\/UCJ7k9dbqc_DG-nxI3WMPvhw?view_as=subscriberhttps:\/\/www.youtube.com\/channel\/UCJ7k9dbqc_DG-nxI3WMPvhw?view_as=subscriber\"]},{\"@type\":\"Person\",\"@id\":\"https:\/\/www.grandsformats.com\/#\/schema\/person\/6ecde7e38a2254b5bc9d620679208ee1\",\"name\":\"Grands Formats\",\"image\":{\"@type\":\"ImageObject\",\"inLanguage\":\"en-US\",\"@id\":\"https:\/\/www.grandsformats.com\/#\/schema\/person\/image\/\",\"url\":\"https:\/\/secure.gravatar.com\/avatar\/5d06febf5ba4681bd17a251487132861b5339c2d72f789e59decf1c1b05d0078?s=96&d=mm&r=g\",\"contentUrl\":\"https:\/\/secure.gravatar.com\/avatar\/5d06febf5ba4681bd17a251487132861b5339c2d72f789e59decf1c1b05d0078?s=96&d=mm&r=g\",\"caption\":\"Grands Formats\"},\"url\":\"https:\/\/www.grandsformats.com\/en\/author\/margaux\/\"}]}<\/script>\n<!-- \/ Yoast SEO plugin. -->","yoast_head_json":{"title":"Quel financement veut-on pour la culture en sortie de crise sanitaire ? - Site officiel de la f\u00e9d\u00e9ration Grands Formats","robots":{"index":"index","follow":"follow","max-snippet":"max-snippet:-1","max-image-preview":"max-image-preview:large","max-video-preview":"max-video-preview:-1"},"canonical":"https:\/\/www.grandsformats.com\/2022\/11\/quel-financement-veut-on-pour-la-culture-en-sortie-de-crise-sanitaire\/","og_locale":"en_US","og_type":"article","og_title":"Quel financement veut-on pour la culture en sortie de crise sanitaire ? - Site officiel de la f\u00e9d\u00e9ration Grands Formats","og_description":"Depuis un peu plus de six mois, toutes les \u00e9quipes artistiques, dont bien entendu les adh\u00e9rents de Grands Formats, mais aussi son \u00e9quipe salari\u00e9e et son conseil d\u2019administration, tentent de se remettre d\u2019une crise sans pr\u00e9c\u00e9dent qui aura secou\u00e9 toute l\u2019\u00e9conomie, au del\u00e0 du monde de la culture. Crise qui aura facilit\u00e9 ou encourag\u00e9 certaines...Continue reading","og_url":"https:\/\/www.grandsformats.com\/2022\/11\/quel-financement-veut-on-pour-la-culture-en-sortie-de-crise-sanitaire\/","og_site_name":"Site officiel de la f\u00e9d\u00e9ration Grands Formats","article_publisher":"https:\/\/www.facebook.com\/grandsformats\/","article_published_time":"2022-11-09T11:45:36+00:00","article_modified_time":"2022-11-09T11:46:56+00:00","og_image":[{"width":463,"height":261,"url":"https:\/\/www.grandsformats.com\/wp-content\/uploads\/2022\/11\/169\u00a9lorrainehellwig__48B5364LOWRES.jpg","type":"image\/jpeg"}],"author":"Grands Formats","twitter_card":"summary_large_image","twitter_creator":"@GrandsFormatsGF","twitter_site":"@GrandsFormatsGF","twitter_misc":{"Written by":"Grands Formats","Est. reading time":"4 minutes"},"schema":{"@context":"https:\/\/schema.org","@graph":[{"@type":"Article","@id":"https:\/\/www.grandsformats.com\/2022\/11\/quel-financement-veut-on-pour-la-culture-en-sortie-de-crise-sanitaire\/#article","isPartOf":{"@id":"https:\/\/www.grandsformats.com\/2022\/11\/quel-financement-veut-on-pour-la-culture-en-sortie-de-crise-sanitaire\/"},"author":{"name":"Grands Formats","@id":"https:\/\/www.grandsformats.com\/#\/schema\/person\/6ecde7e38a2254b5bc9d620679208ee1"},"headline":"Quel financement veut-on pour la culture en sortie de crise sanitaire ?","datePublished":"2022-11-09T11:45:36+00:00","dateModified":"2022-11-09T11:46:56+00:00","mainEntityOfPage":{"@id":"https:\/\/www.grandsformats.com\/2022\/11\/quel-financement-veut-on-pour-la-culture-en-sortie-de-crise-sanitaire\/"},"wordCount":809,"commentCount":0,"publisher":{"@id":"https:\/\/www.grandsformats.com\/#organization"},"image":{"@id":"https:\/\/www.grandsformats.com\/2022\/11\/quel-financement-veut-on-pour-la-culture-en-sortie-de-crise-sanitaire\/#primaryimage"},"thumbnailUrl":"https:\/\/www.grandsformats.com\/wp-content\/uploads\/2022\/11\/169\u00a9lorrainehellwig__48B5364LOWRES.jpg","articleSection":["Tribunes"],"inLanguage":"en-US","potentialAction":[{"@type":"CommentAction","name":"Comment","target":["https:\/\/www.grandsformats.com\/2022\/11\/quel-financement-veut-on-pour-la-culture-en-sortie-de-crise-sanitaire\/#respond"]}]},{"@type":"WebPage","@id":"https:\/\/www.grandsformats.com\/2022\/11\/quel-financement-veut-on-pour-la-culture-en-sortie-de-crise-sanitaire\/","url":"https:\/\/www.grandsformats.com\/2022\/11\/quel-financement-veut-on-pour-la-culture-en-sortie-de-crise-sanitaire\/","name":"Quel financement veut-on pour la culture en sortie de crise sanitaire ? - Site officiel de la f\u00e9d\u00e9ration Grands Formats","isPartOf":{"@id":"https:\/\/www.grandsformats.com\/#website"},"primaryImageOfPage":{"@id":"https:\/\/www.grandsformats.com\/2022\/11\/quel-financement-veut-on-pour-la-culture-en-sortie-de-crise-sanitaire\/#primaryimage"},"image":{"@id":"https:\/\/www.grandsformats.com\/2022\/11\/quel-financement-veut-on-pour-la-culture-en-sortie-de-crise-sanitaire\/#primaryimage"},"thumbnailUrl":"https:\/\/www.grandsformats.com\/wp-content\/uploads\/2022\/11\/169\u00a9lorrainehellwig__48B5364LOWRES.jpg","datePublished":"2022-11-09T11:45:36+00:00","dateModified":"2022-11-09T11:46:56+00:00","breadcrumb":{"@id":"https:\/\/www.grandsformats.com\/2022\/11\/quel-financement-veut-on-pour-la-culture-en-sortie-de-crise-sanitaire\/#breadcrumb"},"inLanguage":"en-US","potentialAction":[{"@type":"ReadAction","target":["https:\/\/www.grandsformats.com\/2022\/11\/quel-financement-veut-on-pour-la-culture-en-sortie-de-crise-sanitaire\/"]}]},{"@type":"ImageObject","inLanguage":"en-US","@id":"https:\/\/www.grandsformats.com\/2022\/11\/quel-financement-veut-on-pour-la-culture-en-sortie-de-crise-sanitaire\/#primaryimage","url":"https:\/\/www.grandsformats.com\/wp-content\/uploads\/2022\/11\/169\u00a9lorrainehellwig__48B5364LOWRES.jpg","contentUrl":"https:\/\/www.grandsformats.com\/wp-content\/uploads\/2022\/11\/169\u00a9lorrainehellwig__48B5364LOWRES.jpg","width":463,"height":261,"caption":"Alexandre Herer - Lorraine Hellwig"},{"@type":"BreadcrumbList","@id":"https:\/\/www.grandsformats.com\/2022\/11\/quel-financement-veut-on-pour-la-culture-en-sortie-de-crise-sanitaire\/#breadcrumb","itemListElement":[{"@type":"ListItem","position":1,"name":"Accueil","item":"https:\/\/www.grandsformats.com\/en\/"},{"@type":"ListItem","position":2,"name":"Quel financement veut-on pour la culture en sortie de crise sanitaire ?"}]},{"@type":"WebSite","@id":"https:\/\/www.grandsformats.com\/#website","url":"https:\/\/www.grandsformats.com\/","name":"Site officiel de la f\u00e9d\u00e9ration Grands Formats","description":"F\u00e9d\u00e9ration d&#039;artistes pour la musique en grand !","publisher":{"@id":"https:\/\/www.grandsformats.com\/#organization"},"potentialAction":[{"@type":"SearchAction","target":{"@type":"EntryPoint","urlTemplate":"https:\/\/www.grandsformats.com\/?s={search_term_string}"},"query-input":{"@type":"PropertyValueSpecification","valueRequired":true,"valueName":"search_term_string"}}],"inLanguage":"en-US"},{"@type":"Organization","@id":"https:\/\/www.grandsformats.com\/#organization","name":"Grands Formats","url":"https:\/\/www.grandsformats.com\/","logo":{"@type":"ImageObject","inLanguage":"en-US","@id":"https:\/\/www.grandsformats.com\/#\/schema\/logo\/image\/","url":"https:\/\/www.grandsformats.com\/wp-content\/uploads\/2020\/03\/logo-GF-200.png","contentUrl":"https:\/\/www.grandsformats.com\/wp-content\/uploads\/2020\/03\/logo-GF-200.png","width":155,"height":200,"caption":"Grands Formats"},"image":{"@id":"https:\/\/www.grandsformats.com\/#\/schema\/logo\/image\/"},"sameAs":["https:\/\/www.facebook.com\/grandsformats\/","https:\/\/x.com\/GrandsFormatsGF","https:\/\/www.instagram.com\/grandsformats\/","https:\/\/www.youtube.com\/channel\/UCJ7k9dbqc_DG-nxI3WMPvhw?view_as=subscriberhttps:\/\/www.youtube.com\/channel\/UCJ7k9dbqc_DG-nxI3WMPvhw?view_as=subscriber"]},{"@type":"Person","@id":"https:\/\/www.grandsformats.com\/#\/schema\/person\/6ecde7e38a2254b5bc9d620679208ee1","name":"Grands Formats","image":{"@type":"ImageObject","inLanguage":"en-US","@id":"https:\/\/www.grandsformats.com\/#\/schema\/person\/image\/","url":"https:\/\/secure.gravatar.com\/avatar\/5d06febf5ba4681bd17a251487132861b5339c2d72f789e59decf1c1b05d0078?s=96&d=mm&r=g","contentUrl":"https:\/\/secure.gravatar.com\/avatar\/5d06febf5ba4681bd17a251487132861b5339c2d72f789e59decf1c1b05d0078?s=96&d=mm&r=g","caption":"Grands Formats"},"url":"https:\/\/www.grandsformats.com\/en\/author\/margaux\/"}]}},"_links":{"self":[{"href":"https:\/\/www.grandsformats.com\/en\/wp-json\/wp\/v2\/posts\/18875","targetHints":{"allow":["GET"]}}],"collection":[{"href":"https:\/\/www.grandsformats.com\/en\/wp-json\/wp\/v2\/posts"}],"about":[{"href":"https:\/\/www.grandsformats.com\/en\/wp-json\/wp\/v2\/types\/post"}],"author":[{"embeddable":true,"href":"https:\/\/www.grandsformats.com\/en\/wp-json\/wp\/v2\/users\/2"}],"replies":[{"embeddable":true,"href":"https:\/\/www.grandsformats.com\/en\/wp-json\/wp\/v2\/comments?post=18875"}],"version-history":[{"count":0,"href":"https:\/\/www.grandsformats.com\/en\/wp-json\/wp\/v2\/posts\/18875\/revisions"}],"wp:featuredmedia":[{"embeddable":true,"href":"https:\/\/www.grandsformats.com\/en\/wp-json\/wp\/v2\/media\/18879"}],"wp:attachment":[{"href":"https:\/\/www.grandsformats.com\/en\/wp-json\/wp\/v2\/media?parent=18875"}],"wp:term":[{"taxonomy":"category","embeddable":true,"href":"https:\/\/www.grandsformats.com\/en\/wp-json\/wp\/v2\/categories?post=18875"},{"taxonomy":"post_tag","embeddable":true,"href":"https:\/\/www.grandsformats.com\/en\/wp-json\/wp\/v2\/tags?post=18875"}],"curies":[{"name":"wp","href":"https:\/\/api.w.org\/{rel}","templated":true}]}}