{"id":17644,"date":"2022-09-27T12:20:09","date_gmt":"2022-09-27T10:20:09","guid":{"rendered":"https:\/\/www.grandsformats.com\/?p=17644"},"modified":"2022-10-04T10:00:13","modified_gmt":"2022-10-04T08:00:13","slug":"appel-candidatures-grands-formats-2023","status":"publish","type":"post","link":"https:\/\/www.grandsformats.com\/en\/2022\/09\/appel-candidatures-grands-formats-2023\/","title":{"rendered":"Appel \u00e0 candidatures Grands Formats 2023"},"content":{"rendered":"<h4 data-testid=\"ZI8WdS5NQ9\">Rejoignez la f\u00e9d\u00e9ration en 2023<\/h4>\n<p class=\"text-build-content\" data-testid=\"ZI8WdS5NQ9\">L&#8217;appel \u00e0 candidatures Grands Formats 2023, \u00e0 destination des grands ensembles et des collectifs de jazz et de musiques improvis\u00e9es fran\u00e7ais et europ\u00e9ens, pour rejoindre la f\u00e9d\u00e9ration en 2023 <b>est ouvert jusqu&#8217;au 16 d\u00e9cembre 2022 inclus<\/b>.<\/p>\n<p class=\"text-build-content\" data-testid=\"ZI8WdS5NQ9\">\u00catre membre de Grands Formats c\u2019est faire partie d\u2019une grande famille d\u2019artistes bas\u00e9e sur le partage, la solidarit\u00e9, le d\u00e9sir de transmettre une histoire et de d\u00e9fendre la cr\u00e9ation musicale, les artistes&#8230;<\/p>\n<h4 data-testid=\"ZI8WdS5NQ9\">Crit\u00e8res et engagements<\/h4>\n<p data-testid=\"ZI8WdS5NQ9\">Pour candidater les ensembles et les collectifs doivent respecter un certain nombre de crit\u00e8res d\u00e9taill\u00e9s sur notre page &#8220;Adh\u00e9rer&#8221; (r\u00e9unir \u00e0 minima 8 musiciens et musiciennes professionnels, \u00eatre porteur d&#8217;un projet artistique identifi\u00e9, \u00eatre port\u00e9 par une structure professionnelle&#8230;).<\/p>\n<p data-testid=\"ZI8WdS5NQ9\">Ils doivent \u00e9galement s&#8217;engager \u00e0 respecter la charte de la f\u00e9d\u00e9ration et contribuer aux projets men\u00e9s par cette derni\u00e8re (participation aux \u00e9tudes et enqu\u00eates, \u00e0 l&#8217;assembl\u00e9e g\u00e9n\u00e9rale, paiement d&#8217;une cotisation annuelle, etc.).<\/p>\n<p data-testid=\"ZI8WdS5NQ9\"><a href=\"https:\/\/www.grandsformats.com\/adherer\/\">En savoir plus<\/a><\/p>\n<h4 data-testid=\"ZI8WdS5NQ9\">Vous souhaitez candidater ?<\/h4>\n<p data-testid=\"a71mf6jUPY\">Si votre ensemble ou votre collectif r\u00e9pond aux crit\u00e8res de l&#8217;appel \u00e0 candidatures, nous vous invitons \u00e0 <a href=\"https:\/\/www.grandsformats.com\/contacts\/\">contacter Erwan Vernay<\/a>, d\u00e9l\u00e9gu\u00e9 g\u00e9n\u00e9ral de la f\u00e9d\u00e9ration, pour un premier \u00e9change et pour vous indiquer les \u00e9l\u00e9ments \u00e0 transmettre pour le d\u00e9p\u00f4t de votre candidature.<\/p>\n<p data-testid=\"a71mf6jUPY\"><a href=\"https:\/\/www.grandsformats.com\/adherer\/\">En savoir plus sur l&#8217;appel \u00e0 candidatures Grands Formats 2023 (FR)<\/a><\/p>\n<p data-testid=\"a71mf6jUPY\"><a href=\"https:\/\/www.grandsformats.com\/en\/become-a-member\/\">More about Grands Formats&#8217; call to application 2023 (EN)<\/a><\/p>\n<blockquote>\n<p class=\"text-build-content\" data-testid=\"a71mf6jUPY\">&#8220;Grands Formats me permets d&#8217;\u00eatre repr\u00e9sent\u00e9 \u00e0 une \u00e9chelle nationale, elle m&#8217;apporte une meilleure connaissance du paysage des grandes formations et le sentiment d&#8217;appartenance \u00e0 une grande famille&#8221; (Pierre Baldy-Moulinier &#8211; l&#8217;Oeuf Big Band<\/p>\n<p data-testid=\"a71mf6jUPY\">\n<\/blockquote>\n<p data-testid=\"a71mf6jUPY\"><span class=\"caption\" style=\"font-size: 10pt;\">\u00a9 Camille Huguenot<\/span><\/p>\n<p><iframe loading=\"lazy\" title=\"Vivez l&#039;exp\u00e9rience de la musique en Grands Formats !\" width=\"1140\" height=\"641\" src=\"https:\/\/www.youtube.com\/embed\/hiFtQTOGlr4?feature=oembed\" frameborder=\"0\" allow=\"accelerometer; autoplay; clipboard-write; encrypted-media; gyroscope; picture-in-picture\" allowfullscreen><\/iframe><\/p>\n","protected":false},"excerpt":{"rendered":"<p>Rejoignez la f\u00e9d\u00e9ration en 2023 L&#8217;appel \u00e0 candidatures Grands Formats 2023, \u00e0 destination des grands ensembles et des collectifs de jazz et de musiques improvis\u00e9es fran\u00e7ais et europ\u00e9ens, pour rejoindre la f\u00e9d\u00e9ration en 2023 est ouvert jusqu&#8217;au 16 d\u00e9cembre 2022 inclus. \u00catre membre de Grands Formats c\u2019est faire partie d\u2019une grande famille d\u2019artistes bas\u00e9e sur&#8230;<\/p>\n<p><a rel=\"bookmark\" class=\"theme-button-text wvc-button wvc-button-size-xs\" href=\"https:\/\/www.grandsformats.com\/en\/2022\/09\/appel-candidatures-grands-formats-2023\/\"><small class=\"wvc-button-background-fill\"><\/small><span>Continue reading<\/span><\/a><\/p>\n","protected":false},"author":2,"featured_media":17653,"comment_status":"open","ping_status":"open","sticky":false,"template":"","format":"standard","meta":{"_acf_changed":false,"footnotes":""},"categories":[90],"tags":[],"class_list":["post-17644","post","type-post","status-publish","format-standard","has-post-thumbnail","hentry","category-grands-formats","entry-post-skin-light","entry","clearfix","entry-grid","entry-columns-default","entry-post-module-layout-sidebar-right","thumbnail-color-tone-dark","metro-landscape","is-youtube","entry-post","entry-masonry","entry-post-masonry"],"acf":[],"yoast_head":"<!-- This site is optimized with the Yoast SEO plugin v25.8 - https:\/\/yoast.com\/wordpress\/plugins\/seo\/ -->\n<title>Appel \u00e0 candidatures Grands Formats 2023 - Site officiel de la f\u00e9d\u00e9ration Grands Formats<\/title>\n<meta name=\"description\" content=\"L&#039;appel \u00e0 candidatures Grands Formats 2023, pour rejoindre la f\u00e9d\u00e9ration, est ouvert jusqu&#039;au 16 d\u00e9cembre 2022.\" \/>\n<meta name=\"robots\" content=\"index, follow, max-snippet:-1, max-image-preview:large, max-video-preview:-1\" \/>\n<link rel=\"canonical\" href=\"https:\/\/www.grandsformats.com\/2022\/09\/appel-candidatures-grands-formats-2023\/\" \/>\n<meta property=\"og:locale\" content=\"en_US\" \/>\n<meta property=\"og:type\" content=\"article\" \/>\n<meta property=\"og:title\" content=\"Appel \u00e0 candidatures Grands Formats 2023 - Site officiel de la f\u00e9d\u00e9ration Grands Formats\" \/>\n<meta property=\"og:description\" content=\"L&#039;appel \u00e0 candidatures Grands Formats 2023, pour rejoindre la f\u00e9d\u00e9ration, est ouvert jusqu&#039;au 16 d\u00e9cembre 2022.\" \/>\n<meta property=\"og:url\" content=\"https:\/\/www.grandsformats.com\/2022\/09\/appel-candidatures-grands-formats-2023\/\" \/>\n<meta property=\"og:site_name\" content=\"Site officiel de la f\u00e9d\u00e9ration Grands Formats\" \/>\n<meta property=\"article:publisher\" content=\"https:\/\/www.facebook.com\/grandsformats\/\" \/>\n<meta property=\"article:published_time\" content=\"2022-09-27T10:20:09+00:00\" \/>\n<meta property=\"article:modified_time\" content=\"2022-10-04T08:00:13+00:00\" \/>\n<meta property=\"og:image\" content=\"https:\/\/www.grandsformats.com\/wp-content\/uploads\/2022\/09\/Camille_Huguenot_Grands_Formats_Rentre\u0301e21_HD-138.jpg\" \/>\n\t<meta property=\"og:image:width\" content=\"1920\" \/>\n\t<meta property=\"og:image:height\" content=\"1080\" \/>\n\t<meta property=\"og:image:type\" content=\"image\/jpeg\" \/>\n<meta name=\"author\" content=\"Grands Formats\" \/>\n<meta name=\"twitter:card\" content=\"summary_large_image\" \/>\n<meta name=\"twitter:creator\" content=\"@GrandsFormatsGF\" \/>\n<meta name=\"twitter:site\" content=\"@GrandsFormatsGF\" \/>\n<meta name=\"twitter:label1\" content=\"Written by\" \/>\n\t<meta name=\"twitter:data1\" content=\"Grands Formats\" \/>\n\t<meta name=\"twitter:label2\" content=\"Est. reading time\" \/>\n\t<meta name=\"twitter:data2\" content=\"2 minutes\" \/>\n<script type=\"application\/ld+json\" class=\"yoast-schema-graph\">{\"@context\":\"https:\/\/schema.org\",\"@graph\":[{\"@type\":\"Article\",\"@id\":\"https:\/\/www.grandsformats.com\/2022\/09\/appel-candidatures-grands-formats-2023\/#article\",\"isPartOf\":{\"@id\":\"https:\/\/www.grandsformats.com\/2022\/09\/appel-candidatures-grands-formats-2023\/\"},\"author\":{\"name\":\"Grands Formats\",\"@id\":\"https:\/\/www.grandsformats.com\/#\/schema\/person\/6ecde7e38a2254b5bc9d620679208ee1\"},\"headline\":\"Appel \u00e0 candidatures Grands Formats 2023\",\"datePublished\":\"2022-09-27T10:20:09+00:00\",\"dateModified\":\"2022-10-04T08:00:13+00:00\",\"mainEntityOfPage\":{\"@id\":\"https:\/\/www.grandsformats.com\/2022\/09\/appel-candidatures-grands-formats-2023\/\"},\"wordCount\":294,\"commentCount\":0,\"publisher\":{\"@id\":\"https:\/\/www.grandsformats.com\/#organization\"},\"image\":{\"@id\":\"https:\/\/www.grandsformats.com\/2022\/09\/appel-candidatures-grands-formats-2023\/#primaryimage\"},\"thumbnailUrl\":\"https:\/\/www.grandsformats.com\/wp-content\/uploads\/2022\/09\/Camille_Huguenot_Grands_Formats_Rentre\u0301e21_HD-138.jpg\",\"articleSection\":[\"Actus de la f\u00e9d\u00e9\"],\"inLanguage\":\"en-US\",\"potentialAction\":[{\"@type\":\"CommentAction\",\"name\":\"Comment\",\"target\":[\"https:\/\/www.grandsformats.com\/2022\/09\/appel-candidatures-grands-formats-2023\/#respond\"]}]},{\"@type\":\"WebPage\",\"@id\":\"https:\/\/www.grandsformats.com\/2022\/09\/appel-candidatures-grands-formats-2023\/\",\"url\":\"https:\/\/www.grandsformats.com\/2022\/09\/appel-candidatures-grands-formats-2023\/\",\"name\":\"Appel \u00e0 candidatures Grands Formats 2023 - Site officiel de la f\u00e9d\u00e9ration Grands Formats\",\"isPartOf\":{\"@id\":\"https:\/\/www.grandsformats.com\/#website\"},\"primaryImageOfPage\":{\"@id\":\"https:\/\/www.grandsformats.com\/2022\/09\/appel-candidatures-grands-formats-2023\/#primaryimage\"},\"image\":{\"@id\":\"https:\/\/www.grandsformats.com\/2022\/09\/appel-candidatures-grands-formats-2023\/#primaryimage\"},\"thumbnailUrl\":\"https:\/\/www.grandsformats.com\/wp-content\/uploads\/2022\/09\/Camille_Huguenot_Grands_Formats_Rentre\u0301e21_HD-138.jpg\",\"datePublished\":\"2022-09-27T10:20:09+00:00\",\"dateModified\":\"2022-10-04T08:00:13+00:00\",\"description\":\"L'appel \u00e0 candidatures Grands Formats 2023, pour rejoindre la f\u00e9d\u00e9ration, est ouvert jusqu'au 16 d\u00e9cembre 2022.\",\"breadcrumb\":{\"@id\":\"https:\/\/www.grandsformats.com\/2022\/09\/appel-candidatures-grands-formats-2023\/#breadcrumb\"},\"inLanguage\":\"en-US\",\"potentialAction\":[{\"@type\":\"ReadAction\",\"target\":[\"https:\/\/www.grandsformats.com\/2022\/09\/appel-candidatures-grands-formats-2023\/\"]}]},{\"@type\":\"ImageObject\",\"inLanguage\":\"en-US\",\"@id\":\"https:\/\/www.grandsformats.com\/2022\/09\/appel-candidatures-grands-formats-2023\/#primaryimage\",\"url\":\"https:\/\/www.grandsformats.com\/wp-content\/uploads\/2022\/09\/Camille_Huguenot_Grands_Formats_Rentre\u0301e21_HD-138.jpg\",\"contentUrl\":\"https:\/\/www.grandsformats.com\/wp-content\/uploads\/2022\/09\/Camille_Huguenot_Grands_Formats_Rentre\u0301e21_HD-138.jpg\",\"width\":1920,\"height\":1080,\"caption\":\"\u00a9 Camille Huguenot\"},{\"@type\":\"BreadcrumbList\",\"@id\":\"https:\/\/www.grandsformats.com\/2022\/09\/appel-candidatures-grands-formats-2023\/#breadcrumb\",\"itemListElement\":[{\"@type\":\"ListItem\",\"position\":1,\"name\":\"Accueil\",\"item\":\"https:\/\/www.grandsformats.com\/en\/\"},{\"@type\":\"ListItem\",\"position\":2,\"name\":\"Appel \u00e0 candidatures Grands Formats 2023\"}]},{\"@type\":\"WebSite\",\"@id\":\"https:\/\/www.grandsformats.com\/#website\",\"url\":\"https:\/\/www.grandsformats.com\/\",\"name\":\"Site officiel de la f\u00e9d\u00e9ration Grands Formats\",\"description\":\"F\u00e9d\u00e9ration d&#039;artistes pour la musique en grand !\",\"publisher\":{\"@id\":\"https:\/\/www.grandsformats.com\/#organization\"},\"potentialAction\":[{\"@type\":\"SearchAction\",\"target\":{\"@type\":\"EntryPoint\",\"urlTemplate\":\"https:\/\/www.grandsformats.com\/?s={search_term_string}\"},\"query-input\":{\"@type\":\"PropertyValueSpecification\",\"valueRequired\":true,\"valueName\":\"search_term_string\"}}],\"inLanguage\":\"en-US\"},{\"@type\":\"Organization\",\"@id\":\"https:\/\/www.grandsformats.com\/#organization\",\"name\":\"Grands Formats\",\"url\":\"https:\/\/www.grandsformats.com\/\",\"logo\":{\"@type\":\"ImageObject\",\"inLanguage\":\"en-US\",\"@id\":\"https:\/\/www.grandsformats.com\/#\/schema\/logo\/image\/\",\"url\":\"https:\/\/www.grandsformats.com\/wp-content\/uploads\/2020\/03\/logo-GF-200.png\",\"contentUrl\":\"https:\/\/www.grandsformats.com\/wp-content\/uploads\/2020\/03\/logo-GF-200.png\",\"width\":155,\"height\":200,\"caption\":\"Grands Formats\"},\"image\":{\"@id\":\"https:\/\/www.grandsformats.com\/#\/schema\/logo\/image\/\"},\"sameAs\":[\"https:\/\/www.facebook.com\/grandsformats\/\",\"https:\/\/x.com\/GrandsFormatsGF\",\"https:\/\/www.instagram.com\/grandsformats\/\",\"https:\/\/www.youtube.com\/channel\/UCJ7k9dbqc_DG-nxI3WMPvhw?view_as=subscriberhttps:\/\/www.youtube.com\/channel\/UCJ7k9dbqc_DG-nxI3WMPvhw?view_as=subscriber\"]},{\"@type\":\"Person\",\"@id\":\"https:\/\/www.grandsformats.com\/#\/schema\/person\/6ecde7e38a2254b5bc9d620679208ee1\",\"name\":\"Grands Formats\",\"image\":{\"@type\":\"ImageObject\",\"inLanguage\":\"en-US\",\"@id\":\"https:\/\/www.grandsformats.com\/#\/schema\/person\/image\/\",\"url\":\"https:\/\/secure.gravatar.com\/avatar\/5d06febf5ba4681bd17a251487132861b5339c2d72f789e59decf1c1b05d0078?s=96&d=mm&r=g\",\"contentUrl\":\"https:\/\/secure.gravatar.com\/avatar\/5d06febf5ba4681bd17a251487132861b5339c2d72f789e59decf1c1b05d0078?s=96&d=mm&r=g\",\"caption\":\"Grands Formats\"},\"url\":\"https:\/\/www.grandsformats.com\/en\/author\/margaux\/\"}]}<\/script>\n<!-- \/ Yoast SEO plugin. -->","yoast_head_json":{"title":"Appel \u00e0 candidatures Grands Formats 2023 - Site officiel de la f\u00e9d\u00e9ration Grands Formats","description":"L'appel \u00e0 candidatures Grands Formats 2023, pour rejoindre la f\u00e9d\u00e9ration, est ouvert jusqu'au 16 d\u00e9cembre 2022.","robots":{"index":"index","follow":"follow","max-snippet":"max-snippet:-1","max-image-preview":"max-image-preview:large","max-video-preview":"max-video-preview:-1"},"canonical":"https:\/\/www.grandsformats.com\/2022\/09\/appel-candidatures-grands-formats-2023\/","og_locale":"en_US","og_type":"article","og_title":"Appel \u00e0 candidatures Grands Formats 2023 - Site officiel de la f\u00e9d\u00e9ration Grands Formats","og_description":"L'appel \u00e0 candidatures Grands Formats 2023, pour rejoindre la f\u00e9d\u00e9ration, est ouvert jusqu'au 16 d\u00e9cembre 2022.","og_url":"https:\/\/www.grandsformats.com\/2022\/09\/appel-candidatures-grands-formats-2023\/","og_site_name":"Site officiel de la f\u00e9d\u00e9ration Grands Formats","article_publisher":"https:\/\/www.facebook.com\/grandsformats\/","article_published_time":"2022-09-27T10:20:09+00:00","article_modified_time":"2022-10-04T08:00:13+00:00","og_image":[{"width":1920,"height":1080,"url":"https:\/\/www.grandsformats.com\/wp-content\/uploads\/2022\/09\/Camille_Huguenot_Grands_Formats_Rentre\u0301e21_HD-138.jpg","type":"image\/jpeg"}],"author":"Grands Formats","twitter_card":"summary_large_image","twitter_creator":"@GrandsFormatsGF","twitter_site":"@GrandsFormatsGF","twitter_misc":{"Written by":"Grands Formats","Est. reading time":"2 minutes"},"schema":{"@context":"https:\/\/schema.org","@graph":[{"@type":"Article","@id":"https:\/\/www.grandsformats.com\/2022\/09\/appel-candidatures-grands-formats-2023\/#article","isPartOf":{"@id":"https:\/\/www.grandsformats.com\/2022\/09\/appel-candidatures-grands-formats-2023\/"},"author":{"name":"Grands Formats","@id":"https:\/\/www.grandsformats.com\/#\/schema\/person\/6ecde7e38a2254b5bc9d620679208ee1"},"headline":"Appel \u00e0 candidatures Grands Formats 2023","datePublished":"2022-09-27T10:20:09+00:00","dateModified":"2022-10-04T08:00:13+00:00","mainEntityOfPage":{"@id":"https:\/\/www.grandsformats.com\/2022\/09\/appel-candidatures-grands-formats-2023\/"},"wordCount":294,"commentCount":0,"publisher":{"@id":"https:\/\/www.grandsformats.com\/#organization"},"image":{"@id":"https:\/\/www.grandsformats.com\/2022\/09\/appel-candidatures-grands-formats-2023\/#primaryimage"},"thumbnailUrl":"https:\/\/www.grandsformats.com\/wp-content\/uploads\/2022\/09\/Camille_Huguenot_Grands_Formats_Rentre\u0301e21_HD-138.jpg","articleSection":["Actus de la f\u00e9d\u00e9"],"inLanguage":"en-US","potentialAction":[{"@type":"CommentAction","name":"Comment","target":["https:\/\/www.grandsformats.com\/2022\/09\/appel-candidatures-grands-formats-2023\/#respond"]}]},{"@type":"WebPage","@id":"https:\/\/www.grandsformats.com\/2022\/09\/appel-candidatures-grands-formats-2023\/","url":"https:\/\/www.grandsformats.com\/2022\/09\/appel-candidatures-grands-formats-2023\/","name":"Appel \u00e0 candidatures Grands Formats 2023 - Site officiel de la f\u00e9d\u00e9ration Grands Formats","isPartOf":{"@id":"https:\/\/www.grandsformats.com\/#website"},"primaryImageOfPage":{"@id":"https:\/\/www.grandsformats.com\/2022\/09\/appel-candidatures-grands-formats-2023\/#primaryimage"},"image":{"@id":"https:\/\/www.grandsformats.com\/2022\/09\/appel-candidatures-grands-formats-2023\/#primaryimage"},"thumbnailUrl":"https:\/\/www.grandsformats.com\/wp-content\/uploads\/2022\/09\/Camille_Huguenot_Grands_Formats_Rentre\u0301e21_HD-138.jpg","datePublished":"2022-09-27T10:20:09+00:00","dateModified":"2022-10-04T08:00:13+00:00","description":"L'appel \u00e0 candidatures Grands Formats 2023, pour rejoindre la f\u00e9d\u00e9ration, est ouvert jusqu'au 16 d\u00e9cembre 2022.","breadcrumb":{"@id":"https:\/\/www.grandsformats.com\/2022\/09\/appel-candidatures-grands-formats-2023\/#breadcrumb"},"inLanguage":"en-US","potentialAction":[{"@type":"ReadAction","target":["https:\/\/www.grandsformats.com\/2022\/09\/appel-candidatures-grands-formats-2023\/"]}]},{"@type":"ImageObject","inLanguage":"en-US","@id":"https:\/\/www.grandsformats.com\/2022\/09\/appel-candidatures-grands-formats-2023\/#primaryimage","url":"https:\/\/www.grandsformats.com\/wp-content\/uploads\/2022\/09\/Camille_Huguenot_Grands_Formats_Rentre\u0301e21_HD-138.jpg","contentUrl":"https:\/\/www.grandsformats.com\/wp-content\/uploads\/2022\/09\/Camille_Huguenot_Grands_Formats_Rentre\u0301e21_HD-138.jpg","width":1920,"height":1080,"caption":"\u00a9 Camille Huguenot"},{"@type":"BreadcrumbList","@id":"https:\/\/www.grandsformats.com\/2022\/09\/appel-candidatures-grands-formats-2023\/#breadcrumb","itemListElement":[{"@type":"ListItem","position":1,"name":"Accueil","item":"https:\/\/www.grandsformats.com\/en\/"},{"@type":"ListItem","position":2,"name":"Appel \u00e0 candidatures Grands Formats 2023"}]},{"@type":"WebSite","@id":"https:\/\/www.grandsformats.com\/#website","url":"https:\/\/www.grandsformats.com\/","name":"Site officiel de la f\u00e9d\u00e9ration Grands Formats","description":"F\u00e9d\u00e9ration d&#039;artistes pour la musique en grand !","publisher":{"@id":"https:\/\/www.grandsformats.com\/#organization"},"potentialAction":[{"@type":"SearchAction","target":{"@type":"EntryPoint","urlTemplate":"https:\/\/www.grandsformats.com\/?s={search_term_string}"},"query-input":{"@type":"PropertyValueSpecification","valueRequired":true,"valueName":"search_term_string"}}],"inLanguage":"en-US"},{"@type":"Organization","@id":"https:\/\/www.grandsformats.com\/#organization","name":"Grands Formats","url":"https:\/\/www.grandsformats.com\/","logo":{"@type":"ImageObject","inLanguage":"en-US","@id":"https:\/\/www.grandsformats.com\/#\/schema\/logo\/image\/","url":"https:\/\/www.grandsformats.com\/wp-content\/uploads\/2020\/03\/logo-GF-200.png","contentUrl":"https:\/\/www.grandsformats.com\/wp-content\/uploads\/2020\/03\/logo-GF-200.png","width":155,"height":200,"caption":"Grands Formats"},"image":{"@id":"https:\/\/www.grandsformats.com\/#\/schema\/logo\/image\/"},"sameAs":["https:\/\/www.facebook.com\/grandsformats\/","https:\/\/x.com\/GrandsFormatsGF","https:\/\/www.instagram.com\/grandsformats\/","https:\/\/www.youtube.com\/channel\/UCJ7k9dbqc_DG-nxI3WMPvhw?view_as=subscriberhttps:\/\/www.youtube.com\/channel\/UCJ7k9dbqc_DG-nxI3WMPvhw?view_as=subscriber"]},{"@type":"Person","@id":"https:\/\/www.grandsformats.com\/#\/schema\/person\/6ecde7e38a2254b5bc9d620679208ee1","name":"Grands Formats","image":{"@type":"ImageObject","inLanguage":"en-US","@id":"https:\/\/www.grandsformats.com\/#\/schema\/person\/image\/","url":"https:\/\/secure.gravatar.com\/avatar\/5d06febf5ba4681bd17a251487132861b5339c2d72f789e59decf1c1b05d0078?s=96&d=mm&r=g","contentUrl":"https:\/\/secure.gravatar.com\/avatar\/5d06febf5ba4681bd17a251487132861b5339c2d72f789e59decf1c1b05d0078?s=96&d=mm&r=g","caption":"Grands Formats"},"url":"https:\/\/www.grandsformats.com\/en\/author\/margaux\/"}]}},"_links":{"self":[{"href":"https:\/\/www.grandsformats.com\/en\/wp-json\/wp\/v2\/posts\/17644","targetHints":{"allow":["GET"]}}],"collection":[{"href":"https:\/\/www.grandsformats.com\/en\/wp-json\/wp\/v2\/posts"}],"about":[{"href":"https:\/\/www.grandsformats.com\/en\/wp-json\/wp\/v2\/types\/post"}],"author":[{"embeddable":true,"href":"https:\/\/www.grandsformats.com\/en\/wp-json\/wp\/v2\/users\/2"}],"replies":[{"embeddable":true,"href":"https:\/\/www.grandsformats.com\/en\/wp-json\/wp\/v2\/comments?post=17644"}],"version-history":[{"count":0,"href":"https:\/\/www.grandsformats.com\/en\/wp-json\/wp\/v2\/posts\/17644\/revisions"}],"wp:featuredmedia":[{"embeddable":true,"href":"https:\/\/www.grandsformats.com\/en\/wp-json\/wp\/v2\/media\/17653"}],"wp:attachment":[{"href":"https:\/\/www.grandsformats.com\/en\/wp-json\/wp\/v2\/media?parent=17644"}],"wp:term":[{"taxonomy":"category","embeddable":true,"href":"https:\/\/www.grandsformats.com\/en\/wp-json\/wp\/v2\/categories?post=17644"},{"taxonomy":"post_tag","embeddable":true,"href":"https:\/\/www.grandsformats.com\/en\/wp-json\/wp\/v2\/tags?post=17644"}],"curies":[{"name":"wp","href":"https:\/\/api.w.org\/{rel}","templated":true}]}}