{"id":17617,"date":"2022-09-09T11:24:34","date_gmt":"2022-09-09T09:24:34","guid":{"rendered":"https:\/\/www.grandsformats.com\/?p=17617"},"modified":"2022-09-09T11:24:34","modified_gmt":"2022-09-09T09:24:34","slug":"grands-formats-recrute-un%c2%b7e-charge%c2%b7e-de-mission-communication-observation-et-ressources","status":"publish","type":"post","link":"https:\/\/www.grandsformats.com\/en\/2022\/09\/grands-formats-recrute-un%c2%b7e-charge%c2%b7e-de-mission-communication-observation-et-ressources\/","title":{"rendered":"Grands Formats recrute un\u00b7e charg\u00e9\u00b7e de mission communication, observation et ressources"},"content":{"rendered":"<p>Grands Formats recrute son\/sa futur\u00b7e charg\u00e9\u00b7e de mission au p\u00f4le communication, observation et ressources.<\/p>\n<p>&nbsp;<\/p>\n<h4>Description de l\u2019entreprise<\/h4>\n<p>Grands Formats est la f\u00e9d\u00e9ration des grands ensembles et collectifs de jazz et de musiques improvis\u00e9es. Elle repr\u00e9sente, en 2022, 109 membres, dont 25 membres europ\u00e9ens non-fran\u00e7ais, au sein de son r\u00e9seau <em>Think Big!<\/em>.<\/p>\n<p>Ses principaux objectifs visent \u00e0 favoriser le d\u00e9veloppement et le rayonnement des grands ensembles et collectifs de jazz et de musiques improvis\u00e9es, la cr\u00e9ation d\u2019un espace de r\u00e9flexion et d\u2019\u00e9change et la constitution, pour eux, d\u2019une instance de repr\u00e9sentation coll\u00e9giale.<\/p>\n<h4>Description du poste<\/h4>\n<p>Sous l\u2019autorit\u00e9 du d\u00e9l\u00e9gu\u00e9 g\u00e9n\u00e9ral, du bureau et du conseil d\u2019administration de la f\u00e9d\u00e9ration, et selon la strat\u00e9gie d\u00e9finie par eux, vous assurerez la mise en \u0153uvre, la r\u00e9alisation et le suivi des diff\u00e9rents supports de communication de la f\u00e9d\u00e9ration, physiques ou d\u00e9mat\u00e9rialis\u00e9s, vous participerez \u00e0 la conception des \u00e9tudes men\u00e9es par la f\u00e9d\u00e9ration, ainsi qu\u2019\u00e0 alimenter, animer et structurer son p\u00f4le ressources.<\/p>\n<p><strong>Communication<\/strong><\/p>\n<ul>\n<li>R\u00e9alisation et diffusion d\u2019une newsletter mensuelle, \u00e0 destination des partenaires externes de la f\u00e9d\u00e9ration.<\/li>\n<li>R\u00e9alisation et diffusion d\u2019une newsletter trimestrielle pour le r\u00e9seau europ\u00e9en <em>Think Big!<\/em><\/li>\n<li>R\u00e9alisation et diffusion de newsletters exceptionnelles, en lien avec l\u2019activit\u00e9 ponctuelle de la f\u00e9d\u00e9ration.<\/li>\n<li>Cr\u00e9ation, r\u00e9alisation et gestion de la diffusion de contenus textuels, images ou vid\u00e9os sur les r\u00e9seaux sociaux de la f\u00e9d\u00e9ration\u00a0: Instagram, Facebook, Twitter, Linkedin..<\/li>\n<li>Mise en ligne de contenus sur le site internet de la f\u00e9d\u00e9ration\u00a0: articles, cr\u00e9ation de pages, gestion de comptes utilisateurs, optimisation des fonctionnalit\u00e9s\u2026<\/li>\n<li>R\u00e9alisation trimestrielle de contenus vid\u00e9os \u00ab\u00a0Portraits d\u2019artistes\u00a0\u00bb\u00a0: \u00e9tablissement du planning et r\u00e9alisation des entretiens, montage, mise en ligne\u2026<\/li>\n<li>Cr\u00e9ation et r\u00e9alisation des supports imprim\u00e9s de la f\u00e9d\u00e9ration\u00a0: brochures de pr\u00e9sentation, flyers, affiches\u2026<\/li>\n<li>Prospection et relation aux partenaires presse, dans le cadre des actions ordinaires ou \u00e9v\u00e9nementielles de la f\u00e9d\u00e9ration.<\/li>\n<li>Lien avec les prestataires de services\u00a0: imprimeur, d\u00e9veloppeur web, graphiste\u2026<\/li>\n<li>Lien avec les groupes de travail Communication et Europe, internes \u00e0 la f\u00e9d\u00e9ration, lorsque n\u00e9cessaire et animation de leurs r\u00e9unions.<\/li>\n<li>R\u00e9alisation des bilans de communication de la <em>Rentr\u00e9e Grands Formats<\/em>.<\/li>\n<li>Gestion du budget communication, subordonn\u00e9 \u00e0 un budget g\u00e9n\u00e9ral et supervis\u00e9 par le d\u00e9l\u00e9gu\u00e9 g\u00e9n\u00e9ral.<\/li>\n<\/ul>\n<p><strong>Observation<\/strong><\/p>\n<ul>\n<li>Participation, en collaboration avec le d\u00e9l\u00e9gu\u00e9 g\u00e9n\u00e9ral, \u00e0 la conception des questionnaires.<\/li>\n<li>Mise en forme et configuration des questionnaires sur Eval&amp;Go.<\/li>\n<li>Diffusion des questionnaires aupr\u00e8s des participants, collecte et suivi des r\u00e9ponses, ou suivi de ces t\u00e2ches effectu\u00e9es par le prestataire, le cas \u00e9ch\u00e9ant.<\/li>\n<li>Progressivement, participation au traitement des donn\u00e9es, qui restera la pr\u00e9rogative du d\u00e9l\u00e9gu\u00e9 g\u00e9n\u00e9ral et du groupe de travail \u00c9tudes, dans un premier temps.<\/li>\n<li>Valorisation, notamment par la mise en forme et la diffusion, des r\u00e9sultats et de toute donn\u00e9e que la f\u00e9d\u00e9ration souhaite valoriser.<\/li>\n<li>Lien avec le groupe de travail \u00c9tudes, interne \u00e0 la f\u00e9d\u00e9ration, lorsque n\u00e9cessaire et animation de ses r\u00e9unions<\/li>\n<\/ul>\n<p><strong>Ressources<\/strong><\/p>\n<ul>\n<li>R\u00e9alisation et diffusion mensuelle de la <em>Gazette<\/em>, newsletter interne, pour l\u2019information des membres de Grands Formats.<\/li>\n<li>Actualisation r\u00e9guli\u00e8re et d\u00e9veloppement des bases de donn\u00e9es de la f\u00e9d\u00e9ration.<\/li>\n<li>Organisation d\u2019ateliers d\u2019informations professionnelles \u00e0 destination des membres et lien, le cas \u00e9ch\u00e9ant, avec les partenaires et\/ou prestataires impliqu\u00e9s.<\/li>\n<li>Veille sur l\u2019actualit\u00e9 du secteur et animation de l\u2019espace membres sur le site internet et des diverses ressources mises \u00e0 disposition de ceux-ci.<\/li>\n<\/ul>\n<p><strong>Autres missions<\/strong><\/p>\n<ul>\n<li>La pr\u00e9sence du salari\u00e9\u00b7e au cours d&#8217;\u00e9v\u00e9nements ponctuels, organis\u00e9s par la f\u00e9d\u00e9ration, auxquels elle s&#8217;associe ou auxquels elle participe dans le cadre de ses missions, pourra \u00eatre sollicit\u00e9e selon la n\u00e9cessit\u00e9, \u00e0 la demande du d\u00e9l\u00e9gu\u00e9 g\u00e9n\u00e9ral, du bureau ou du conseil d&#8217;administration.<\/li>\n<li>Administration des comptes de messagerie \u00e9lectronique et des listes de diffusion sur OVH.<\/li>\n<li>Participation \u00e0 la r\u00e9daction des rapports d\u2019activit\u00e9s et des projets de la f\u00e9d\u00e9ration, sur les volets communication\/observation\/ressources et mise en page des documents.<\/li>\n<li>Possibilit\u00e9, en fonction des affinit\u00e9s et comp\u00e9tences, de prise en charge progressive de sujets particuliers, en soutien ou en initiative\u00a0: \u00e9galit\u00e9 femme\/homme, d\u00e9veloppement europ\u00e9en, sant\u00e9 du musicien\u2026<\/li>\n<\/ul>\n<h4>Description du profil recherch\u00e9<\/h4>\n<ul>\n<li>Formation sup\u00e9rieure en communication, parcours culturel ou \u00e9quivalent.<\/li>\n<li>Maitrise de la suite Adobe, et notamment\u00a0: Photoshop, InDesign, Premiere Pro, Illustrator.<\/li>\n<li>Connaissance de la cha\u00eene graphique.<\/li>\n<li>Connaissance des principales normes l\u00e9gales relatives au droit \u00e0 l\u2019information, \u00e0 la protection des donn\u00e9es, \u00e0 la propri\u00e9t\u00e9 intellectuelle\u2026<\/li>\n<li>Aisance r\u00e9dactionnelle et orthographe irr\u00e9prochable.<\/li>\n<li>Anglais courant<\/li>\n<li>Travail en autonomie et capacit\u00e9, notamment, \u00e0 tenir les d\u00e9lais.<\/li>\n<li>Facilit\u00e9 de communication, avec l\u2019\u00e9quipe salari\u00e9e et b\u00e9n\u00e9vole et avec les partenaires.<\/li>\n<li>Int\u00e9r\u00eat pour le secteur associatif, musical et pour le secteur ind\u00e9pendant du jazz et des musiques improvis\u00e9es. Toute connaissance \u00e9tablie en ces domaines sera appr\u00e9ci\u00e9e.<\/li>\n<\/ul>\n<h4>Description de l\u2019exp\u00e9rience recherch\u00e9e<\/h4>\n<p>Toute exp\u00e9rience r\u00e9ussie dans une fonction similaire sera appr\u00e9ci\u00e9e.<\/p>\n<h4>R\u00e9mun\u00e9ration envisag\u00e9e<\/h4>\n<p>CDI \u00e0 temps plein 35h hebdomadaires. Possibilit\u00e9 de travail, \u00e0 titre exceptionnel, en soir\u00e9e ou le week-end.<br \/>\n25 034,16 euros bruts annuels, n\u00e9gociable selon profil et exp\u00e9rience + remboursement d\u2019une moiti\u00e9 du tarif Navigo et tickets restaurants.<\/p>\n<h4>Lieu<\/h4>\n<p>Galerie Lumi\u00e8re des Roses, 12-14 rue Jean-Jacques Rousseau, 93 100 Montreuil et t\u00e9l\u00e9travail.<\/p>\n<h4>Adresse postale du recruteur<\/h4>\n<p>Si\u00e8ge\u00a0: 2 bis rue de Mirbel, 75 005 Paris<br \/>\nAdresse de correspondance\u00a0: c\/o Galerie Lumi\u00e8re des Roses, 12-14 rue Jean-Jacques Rousseau, 93 100 Montreuil<br \/>\nT\u00e9l\u00e9phone\u00a0: +33 6 12 99 47 65<\/p>\n<p>Envoyez un CV et une lettre de motivation \u00e0 <a href=\"&#109;&#x61;i&#x6c;t&#111;&#x3a;&#99;&#x6f;n&#116;&#x61;&#99;&#x74;&#64;&#x67;&#x72;&#97;&#x6e;d&#x73;f&#111;&#x72;&#109;&#x61;t&#115;&#x2e;&#99;&#x6f;m\">&#x63;&#x6f;&#x6e;&#x74;&#x61;&#x63;&#x74;&#x40;&#x67;&#x72;&#x61;&#x6e;&#x64;&#x73;&#x66;&#x6f;&#x72;&#x6d;&#x61;&#x74;&#x73;&#x2e;&#99;&#111;&#109;<\/a> <strong>jusqu\u2019au 2 octobre inclus<\/strong>.<\/p>\n","protected":false},"excerpt":{"rendered":"<p>Grands Formats recrute son\/sa futur\u00b7e charg\u00e9\u00b7e de mission au p\u00f4le communication, observation et ressources. &nbsp; Description de l\u2019entreprise Grands Formats est la f\u00e9d\u00e9ration des grands ensembles et collectifs de jazz et de musiques improvis\u00e9es. Elle repr\u00e9sente, en 2022, 109 membres, dont 25 membres europ\u00e9ens non-fran\u00e7ais, au sein de son r\u00e9seau Think Big!. Ses principaux objectifs&#8230;<\/p>\n<p><a rel=\"bookmark\" class=\"theme-button-text wvc-button wvc-button-size-xs\" href=\"https:\/\/www.grandsformats.com\/en\/2022\/09\/grands-formats-recrute-un%c2%b7e-charge%c2%b7e-de-mission-communication-observation-et-ressources\/\"><small class=\"wvc-button-background-fill\"><\/small><span>Continue reading<\/span><\/a><\/p>\n","protected":false},"author":2,"featured_media":14716,"comment_status":"open","ping_status":"open","sticky":false,"template":"","format":"standard","meta":{"_acf_changed":false,"footnotes":""},"categories":[90],"tags":[],"class_list":["post-17617","post","type-post","status-publish","format-standard","has-post-thumbnail","hentry","category-grands-formats","entry-post-skin-light","entry","clearfix","entry-grid","entry-columns-default","entry-post-module-layout-sidebar-right","thumbnail-color-tone-dark","entry-post","entry-masonry","entry-post-masonry"],"acf":[],"yoast_head":"<!-- This site is optimized with the Yoast SEO plugin v25.8 - https:\/\/yoast.com\/wordpress\/plugins\/seo\/ -->\n<title>Grands Formats recrute un\u00b7e charg\u00e9\u00b7e de mission communication, observation et ressources - Site officiel de la f\u00e9d\u00e9ration Grands Formats<\/title>\n<meta name=\"robots\" content=\"index, follow, max-snippet:-1, max-image-preview:large, max-video-preview:-1\" \/>\n<link rel=\"canonical\" href=\"https:\/\/www.grandsformats.com\/2022\/09\/grands-formats-recrute-un\u00b7e-charge\u00b7e-de-mission-communication-observation-et-ressources\/\" \/>\n<meta property=\"og:locale\" content=\"en_US\" \/>\n<meta property=\"og:type\" content=\"article\" \/>\n<meta property=\"og:title\" content=\"Grands Formats recrute un\u00b7e charg\u00e9\u00b7e de mission communication, observation et ressources - Site officiel de la f\u00e9d\u00e9ration Grands Formats\" \/>\n<meta property=\"og:description\" content=\"Grands Formats recrute son\/sa futur\u00b7e charg\u00e9\u00b7e de mission au p\u00f4le communication, observation et ressources. &nbsp; Description de l\u2019entreprise Grands Formats est la f\u00e9d\u00e9ration des grands ensembles et collectifs de jazz et de musiques improvis\u00e9es. Elle repr\u00e9sente, en 2022, 109 membres, dont 25 membres europ\u00e9ens non-fran\u00e7ais, au sein de son r\u00e9seau Think Big!. Ses principaux objectifs...Continue reading\" \/>\n<meta property=\"og:url\" content=\"https:\/\/www.grandsformats.com\/2022\/09\/grands-formats-recrute-un\u00b7e-charge\u00b7e-de-mission-communication-observation-et-ressources\/\" \/>\n<meta property=\"og:site_name\" content=\"Site officiel de la f\u00e9d\u00e9ration Grands Formats\" \/>\n<meta property=\"article:publisher\" content=\"https:\/\/www.facebook.com\/grandsformats\/\" \/>\n<meta property=\"article:published_time\" content=\"2022-09-09T09:24:34+00:00\" \/>\n<meta property=\"og:image\" content=\"https:\/\/www.grandsformats.com\/wp-content\/uploads\/2021\/01\/recrutement-emploi.jpg\" \/>\n\t<meta property=\"og:image:width\" content=\"1920\" \/>\n\t<meta property=\"og:image:height\" content=\"1280\" \/>\n\t<meta property=\"og:image:type\" content=\"image\/jpeg\" \/>\n<meta name=\"author\" content=\"Grands Formats\" \/>\n<meta name=\"twitter:card\" content=\"summary_large_image\" \/>\n<meta name=\"twitter:creator\" content=\"@GrandsFormatsGF\" \/>\n<meta name=\"twitter:site\" content=\"@GrandsFormatsGF\" \/>\n<meta name=\"twitter:label1\" content=\"Written by\" \/>\n\t<meta name=\"twitter:data1\" content=\"Grands Formats\" \/>\n\t<meta name=\"twitter:label2\" content=\"Est. reading time\" \/>\n\t<meta name=\"twitter:data2\" content=\"5 minutes\" \/>\n<script type=\"application\/ld+json\" class=\"yoast-schema-graph\">{\"@context\":\"https:\/\/schema.org\",\"@graph\":[{\"@type\":\"Article\",\"@id\":\"https:\/\/www.grandsformats.com\/2022\/09\/grands-formats-recrute-un%c2%b7e-charge%c2%b7e-de-mission-communication-observation-et-ressources\/#article\",\"isPartOf\":{\"@id\":\"https:\/\/www.grandsformats.com\/2022\/09\/grands-formats-recrute-un%c2%b7e-charge%c2%b7e-de-mission-communication-observation-et-ressources\/\"},\"author\":{\"name\":\"Grands Formats\",\"@id\":\"https:\/\/www.grandsformats.com\/#\/schema\/person\/6ecde7e38a2254b5bc9d620679208ee1\"},\"headline\":\"Grands Formats recrute un\u00b7e charg\u00e9\u00b7e de mission communication, observation et ressources\",\"datePublished\":\"2022-09-09T09:24:34+00:00\",\"mainEntityOfPage\":{\"@id\":\"https:\/\/www.grandsformats.com\/2022\/09\/grands-formats-recrute-un%c2%b7e-charge%c2%b7e-de-mission-communication-observation-et-ressources\/\"},\"wordCount\":1028,\"commentCount\":0,\"publisher\":{\"@id\":\"https:\/\/www.grandsformats.com\/#organization\"},\"image\":{\"@id\":\"https:\/\/www.grandsformats.com\/2022\/09\/grands-formats-recrute-un%c2%b7e-charge%c2%b7e-de-mission-communication-observation-et-ressources\/#primaryimage\"},\"thumbnailUrl\":\"https:\/\/www.grandsformats.com\/wp-content\/uploads\/2021\/01\/recrutement-emploi.jpg\",\"articleSection\":[\"Actus de la f\u00e9d\u00e9\"],\"inLanguage\":\"en-US\",\"potentialAction\":[{\"@type\":\"CommentAction\",\"name\":\"Comment\",\"target\":[\"https:\/\/www.grandsformats.com\/2022\/09\/grands-formats-recrute-un%c2%b7e-charge%c2%b7e-de-mission-communication-observation-et-ressources\/#respond\"]}]},{\"@type\":\"WebPage\",\"@id\":\"https:\/\/www.grandsformats.com\/2022\/09\/grands-formats-recrute-un%c2%b7e-charge%c2%b7e-de-mission-communication-observation-et-ressources\/\",\"url\":\"https:\/\/www.grandsformats.com\/2022\/09\/grands-formats-recrute-un%c2%b7e-charge%c2%b7e-de-mission-communication-observation-et-ressources\/\",\"name\":\"Grands Formats recrute un\u00b7e charg\u00e9\u00b7e de mission communication, observation et ressources - Site officiel de la f\u00e9d\u00e9ration Grands Formats\",\"isPartOf\":{\"@id\":\"https:\/\/www.grandsformats.com\/#website\"},\"primaryImageOfPage\":{\"@id\":\"https:\/\/www.grandsformats.com\/2022\/09\/grands-formats-recrute-un%c2%b7e-charge%c2%b7e-de-mission-communication-observation-et-ressources\/#primaryimage\"},\"image\":{\"@id\":\"https:\/\/www.grandsformats.com\/2022\/09\/grands-formats-recrute-un%c2%b7e-charge%c2%b7e-de-mission-communication-observation-et-ressources\/#primaryimage\"},\"thumbnailUrl\":\"https:\/\/www.grandsformats.com\/wp-content\/uploads\/2021\/01\/recrutement-emploi.jpg\",\"datePublished\":\"2022-09-09T09:24:34+00:00\",\"breadcrumb\":{\"@id\":\"https:\/\/www.grandsformats.com\/2022\/09\/grands-formats-recrute-un%c2%b7e-charge%c2%b7e-de-mission-communication-observation-et-ressources\/#breadcrumb\"},\"inLanguage\":\"en-US\",\"potentialAction\":[{\"@type\":\"ReadAction\",\"target\":[\"https:\/\/www.grandsformats.com\/2022\/09\/grands-formats-recrute-un%c2%b7e-charge%c2%b7e-de-mission-communication-observation-et-ressources\/\"]}]},{\"@type\":\"ImageObject\",\"inLanguage\":\"en-US\",\"@id\":\"https:\/\/www.grandsformats.com\/2022\/09\/grands-formats-recrute-un%c2%b7e-charge%c2%b7e-de-mission-communication-observation-et-ressources\/#primaryimage\",\"url\":\"https:\/\/www.grandsformats.com\/wp-content\/uploads\/2021\/01\/recrutement-emploi.jpg\",\"contentUrl\":\"https:\/\/www.grandsformats.com\/wp-content\/uploads\/2021\/01\/recrutement-emploi.jpg\",\"width\":1920,\"height\":1280,\"caption\":\"travail au bureau\"},{\"@type\":\"BreadcrumbList\",\"@id\":\"https:\/\/www.grandsformats.com\/2022\/09\/grands-formats-recrute-un%c2%b7e-charge%c2%b7e-de-mission-communication-observation-et-ressources\/#breadcrumb\",\"itemListElement\":[{\"@type\":\"ListItem\",\"position\":1,\"name\":\"Accueil\",\"item\":\"https:\/\/www.grandsformats.com\/en\/\"},{\"@type\":\"ListItem\",\"position\":2,\"name\":\"Grands Formats recrute un\u00b7e charg\u00e9\u00b7e de mission communication, observation et ressources\"}]},{\"@type\":\"WebSite\",\"@id\":\"https:\/\/www.grandsformats.com\/#website\",\"url\":\"https:\/\/www.grandsformats.com\/\",\"name\":\"Site officiel de la f\u00e9d\u00e9ration Grands Formats\",\"description\":\"F\u00e9d\u00e9ration d&#039;artistes pour la musique en grand !\",\"publisher\":{\"@id\":\"https:\/\/www.grandsformats.com\/#organization\"},\"potentialAction\":[{\"@type\":\"SearchAction\",\"target\":{\"@type\":\"EntryPoint\",\"urlTemplate\":\"https:\/\/www.grandsformats.com\/?s={search_term_string}\"},\"query-input\":{\"@type\":\"PropertyValueSpecification\",\"valueRequired\":true,\"valueName\":\"search_term_string\"}}],\"inLanguage\":\"en-US\"},{\"@type\":\"Organization\",\"@id\":\"https:\/\/www.grandsformats.com\/#organization\",\"name\":\"Grands Formats\",\"url\":\"https:\/\/www.grandsformats.com\/\",\"logo\":{\"@type\":\"ImageObject\",\"inLanguage\":\"en-US\",\"@id\":\"https:\/\/www.grandsformats.com\/#\/schema\/logo\/image\/\",\"url\":\"https:\/\/www.grandsformats.com\/wp-content\/uploads\/2020\/03\/logo-GF-200.png\",\"contentUrl\":\"https:\/\/www.grandsformats.com\/wp-content\/uploads\/2020\/03\/logo-GF-200.png\",\"width\":155,\"height\":200,\"caption\":\"Grands Formats\"},\"image\":{\"@id\":\"https:\/\/www.grandsformats.com\/#\/schema\/logo\/image\/\"},\"sameAs\":[\"https:\/\/www.facebook.com\/grandsformats\/\",\"https:\/\/x.com\/GrandsFormatsGF\",\"https:\/\/www.instagram.com\/grandsformats\/\",\"https:\/\/www.youtube.com\/channel\/UCJ7k9dbqc_DG-nxI3WMPvhw?view_as=subscriberhttps:\/\/www.youtube.com\/channel\/UCJ7k9dbqc_DG-nxI3WMPvhw?view_as=subscriber\"]},{\"@type\":\"Person\",\"@id\":\"https:\/\/www.grandsformats.com\/#\/schema\/person\/6ecde7e38a2254b5bc9d620679208ee1\",\"name\":\"Grands Formats\",\"image\":{\"@type\":\"ImageObject\",\"inLanguage\":\"en-US\",\"@id\":\"https:\/\/www.grandsformats.com\/#\/schema\/person\/image\/\",\"url\":\"https:\/\/secure.gravatar.com\/avatar\/5d06febf5ba4681bd17a251487132861b5339c2d72f789e59decf1c1b05d0078?s=96&d=mm&r=g\",\"contentUrl\":\"https:\/\/secure.gravatar.com\/avatar\/5d06febf5ba4681bd17a251487132861b5339c2d72f789e59decf1c1b05d0078?s=96&d=mm&r=g\",\"caption\":\"Grands Formats\"},\"url\":\"https:\/\/www.grandsformats.com\/en\/author\/margaux\/\"}]}<\/script>\n<!-- \/ Yoast SEO plugin. -->","yoast_head_json":{"title":"Grands Formats recrute un\u00b7e charg\u00e9\u00b7e de mission communication, observation et ressources - Site officiel de la f\u00e9d\u00e9ration Grands Formats","robots":{"index":"index","follow":"follow","max-snippet":"max-snippet:-1","max-image-preview":"max-image-preview:large","max-video-preview":"max-video-preview:-1"},"canonical":"https:\/\/www.grandsformats.com\/2022\/09\/grands-formats-recrute-un\u00b7e-charge\u00b7e-de-mission-communication-observation-et-ressources\/","og_locale":"en_US","og_type":"article","og_title":"Grands Formats recrute un\u00b7e charg\u00e9\u00b7e de mission communication, observation et ressources - Site officiel de la f\u00e9d\u00e9ration Grands Formats","og_description":"Grands Formats recrute son\/sa futur\u00b7e charg\u00e9\u00b7e de mission au p\u00f4le communication, observation et ressources. &nbsp; Description de l\u2019entreprise Grands Formats est la f\u00e9d\u00e9ration des grands ensembles et collectifs de jazz et de musiques improvis\u00e9es. Elle repr\u00e9sente, en 2022, 109 membres, dont 25 membres europ\u00e9ens non-fran\u00e7ais, au sein de son r\u00e9seau Think Big!. Ses principaux objectifs...Continue reading","og_url":"https:\/\/www.grandsformats.com\/2022\/09\/grands-formats-recrute-un\u00b7e-charge\u00b7e-de-mission-communication-observation-et-ressources\/","og_site_name":"Site officiel de la f\u00e9d\u00e9ration Grands Formats","article_publisher":"https:\/\/www.facebook.com\/grandsformats\/","article_published_time":"2022-09-09T09:24:34+00:00","og_image":[{"width":1920,"height":1280,"url":"https:\/\/www.grandsformats.com\/wp-content\/uploads\/2021\/01\/recrutement-emploi.jpg","type":"image\/jpeg"}],"author":"Grands Formats","twitter_card":"summary_large_image","twitter_creator":"@GrandsFormatsGF","twitter_site":"@GrandsFormatsGF","twitter_misc":{"Written by":"Grands Formats","Est. reading time":"5 minutes"},"schema":{"@context":"https:\/\/schema.org","@graph":[{"@type":"Article","@id":"https:\/\/www.grandsformats.com\/2022\/09\/grands-formats-recrute-un%c2%b7e-charge%c2%b7e-de-mission-communication-observation-et-ressources\/#article","isPartOf":{"@id":"https:\/\/www.grandsformats.com\/2022\/09\/grands-formats-recrute-un%c2%b7e-charge%c2%b7e-de-mission-communication-observation-et-ressources\/"},"author":{"name":"Grands Formats","@id":"https:\/\/www.grandsformats.com\/#\/schema\/person\/6ecde7e38a2254b5bc9d620679208ee1"},"headline":"Grands Formats recrute un\u00b7e charg\u00e9\u00b7e de mission communication, observation et ressources","datePublished":"2022-09-09T09:24:34+00:00","mainEntityOfPage":{"@id":"https:\/\/www.grandsformats.com\/2022\/09\/grands-formats-recrute-un%c2%b7e-charge%c2%b7e-de-mission-communication-observation-et-ressources\/"},"wordCount":1028,"commentCount":0,"publisher":{"@id":"https:\/\/www.grandsformats.com\/#organization"},"image":{"@id":"https:\/\/www.grandsformats.com\/2022\/09\/grands-formats-recrute-un%c2%b7e-charge%c2%b7e-de-mission-communication-observation-et-ressources\/#primaryimage"},"thumbnailUrl":"https:\/\/www.grandsformats.com\/wp-content\/uploads\/2021\/01\/recrutement-emploi.jpg","articleSection":["Actus de la f\u00e9d\u00e9"],"inLanguage":"en-US","potentialAction":[{"@type":"CommentAction","name":"Comment","target":["https:\/\/www.grandsformats.com\/2022\/09\/grands-formats-recrute-un%c2%b7e-charge%c2%b7e-de-mission-communication-observation-et-ressources\/#respond"]}]},{"@type":"WebPage","@id":"https:\/\/www.grandsformats.com\/2022\/09\/grands-formats-recrute-un%c2%b7e-charge%c2%b7e-de-mission-communication-observation-et-ressources\/","url":"https:\/\/www.grandsformats.com\/2022\/09\/grands-formats-recrute-un%c2%b7e-charge%c2%b7e-de-mission-communication-observation-et-ressources\/","name":"Grands Formats recrute un\u00b7e charg\u00e9\u00b7e de mission communication, observation et ressources - Site officiel de la f\u00e9d\u00e9ration Grands Formats","isPartOf":{"@id":"https:\/\/www.grandsformats.com\/#website"},"primaryImageOfPage":{"@id":"https:\/\/www.grandsformats.com\/2022\/09\/grands-formats-recrute-un%c2%b7e-charge%c2%b7e-de-mission-communication-observation-et-ressources\/#primaryimage"},"image":{"@id":"https:\/\/www.grandsformats.com\/2022\/09\/grands-formats-recrute-un%c2%b7e-charge%c2%b7e-de-mission-communication-observation-et-ressources\/#primaryimage"},"thumbnailUrl":"https:\/\/www.grandsformats.com\/wp-content\/uploads\/2021\/01\/recrutement-emploi.jpg","datePublished":"2022-09-09T09:24:34+00:00","breadcrumb":{"@id":"https:\/\/www.grandsformats.com\/2022\/09\/grands-formats-recrute-un%c2%b7e-charge%c2%b7e-de-mission-communication-observation-et-ressources\/#breadcrumb"},"inLanguage":"en-US","potentialAction":[{"@type":"ReadAction","target":["https:\/\/www.grandsformats.com\/2022\/09\/grands-formats-recrute-un%c2%b7e-charge%c2%b7e-de-mission-communication-observation-et-ressources\/"]}]},{"@type":"ImageObject","inLanguage":"en-US","@id":"https:\/\/www.grandsformats.com\/2022\/09\/grands-formats-recrute-un%c2%b7e-charge%c2%b7e-de-mission-communication-observation-et-ressources\/#primaryimage","url":"https:\/\/www.grandsformats.com\/wp-content\/uploads\/2021\/01\/recrutement-emploi.jpg","contentUrl":"https:\/\/www.grandsformats.com\/wp-content\/uploads\/2021\/01\/recrutement-emploi.jpg","width":1920,"height":1280,"caption":"travail au bureau"},{"@type":"BreadcrumbList","@id":"https:\/\/www.grandsformats.com\/2022\/09\/grands-formats-recrute-un%c2%b7e-charge%c2%b7e-de-mission-communication-observation-et-ressources\/#breadcrumb","itemListElement":[{"@type":"ListItem","position":1,"name":"Accueil","item":"https:\/\/www.grandsformats.com\/en\/"},{"@type":"ListItem","position":2,"name":"Grands Formats recrute un\u00b7e charg\u00e9\u00b7e de mission communication, observation et ressources"}]},{"@type":"WebSite","@id":"https:\/\/www.grandsformats.com\/#website","url":"https:\/\/www.grandsformats.com\/","name":"Site officiel de la f\u00e9d\u00e9ration Grands Formats","description":"F\u00e9d\u00e9ration d&#039;artistes pour la musique en grand !","publisher":{"@id":"https:\/\/www.grandsformats.com\/#organization"},"potentialAction":[{"@type":"SearchAction","target":{"@type":"EntryPoint","urlTemplate":"https:\/\/www.grandsformats.com\/?s={search_term_string}"},"query-input":{"@type":"PropertyValueSpecification","valueRequired":true,"valueName":"search_term_string"}}],"inLanguage":"en-US"},{"@type":"Organization","@id":"https:\/\/www.grandsformats.com\/#organization","name":"Grands Formats","url":"https:\/\/www.grandsformats.com\/","logo":{"@type":"ImageObject","inLanguage":"en-US","@id":"https:\/\/www.grandsformats.com\/#\/schema\/logo\/image\/","url":"https:\/\/www.grandsformats.com\/wp-content\/uploads\/2020\/03\/logo-GF-200.png","contentUrl":"https:\/\/www.grandsformats.com\/wp-content\/uploads\/2020\/03\/logo-GF-200.png","width":155,"height":200,"caption":"Grands Formats"},"image":{"@id":"https:\/\/www.grandsformats.com\/#\/schema\/logo\/image\/"},"sameAs":["https:\/\/www.facebook.com\/grandsformats\/","https:\/\/x.com\/GrandsFormatsGF","https:\/\/www.instagram.com\/grandsformats\/","https:\/\/www.youtube.com\/channel\/UCJ7k9dbqc_DG-nxI3WMPvhw?view_as=subscriberhttps:\/\/www.youtube.com\/channel\/UCJ7k9dbqc_DG-nxI3WMPvhw?view_as=subscriber"]},{"@type":"Person","@id":"https:\/\/www.grandsformats.com\/#\/schema\/person\/6ecde7e38a2254b5bc9d620679208ee1","name":"Grands Formats","image":{"@type":"ImageObject","inLanguage":"en-US","@id":"https:\/\/www.grandsformats.com\/#\/schema\/person\/image\/","url":"https:\/\/secure.gravatar.com\/avatar\/5d06febf5ba4681bd17a251487132861b5339c2d72f789e59decf1c1b05d0078?s=96&d=mm&r=g","contentUrl":"https:\/\/secure.gravatar.com\/avatar\/5d06febf5ba4681bd17a251487132861b5339c2d72f789e59decf1c1b05d0078?s=96&d=mm&r=g","caption":"Grands Formats"},"url":"https:\/\/www.grandsformats.com\/en\/author\/margaux\/"}]}},"_links":{"self":[{"href":"https:\/\/www.grandsformats.com\/en\/wp-json\/wp\/v2\/posts\/17617","targetHints":{"allow":["GET"]}}],"collection":[{"href":"https:\/\/www.grandsformats.com\/en\/wp-json\/wp\/v2\/posts"}],"about":[{"href":"https:\/\/www.grandsformats.com\/en\/wp-json\/wp\/v2\/types\/post"}],"author":[{"embeddable":true,"href":"https:\/\/www.grandsformats.com\/en\/wp-json\/wp\/v2\/users\/2"}],"replies":[{"embeddable":true,"href":"https:\/\/www.grandsformats.com\/en\/wp-json\/wp\/v2\/comments?post=17617"}],"version-history":[{"count":0,"href":"https:\/\/www.grandsformats.com\/en\/wp-json\/wp\/v2\/posts\/17617\/revisions"}],"wp:featuredmedia":[{"embeddable":true,"href":"https:\/\/www.grandsformats.com\/en\/wp-json\/wp\/v2\/media\/14716"}],"wp:attachment":[{"href":"https:\/\/www.grandsformats.com\/en\/wp-json\/wp\/v2\/media?parent=17617"}],"wp:term":[{"taxonomy":"category","embeddable":true,"href":"https:\/\/www.grandsformats.com\/en\/wp-json\/wp\/v2\/categories?post=17617"},{"taxonomy":"post_tag","embeddable":true,"href":"https:\/\/www.grandsformats.com\/en\/wp-json\/wp\/v2\/tags?post=17617"}],"curies":[{"name":"wp","href":"https:\/\/api.w.org\/{rel}","templated":true}]}}