{"id":17610,"date":"2022-09-07T17:31:16","date_gmt":"2022-09-07T15:31:16","guid":{"rendered":"https:\/\/www.grandsformats.com\/?p=17610"},"modified":"2022-09-07T17:31:16","modified_gmt":"2022-09-07T15:31:16","slug":"loeuf-big-band-en-concert-le-2-octobre-a-villefranche-sur-saone","status":"publish","type":"post","link":"https:\/\/www.grandsformats.com\/en\/2022\/09\/loeuf-big-band-en-concert-le-2-octobre-a-villefranche-sur-saone\/","title":{"rendered":"L&#8217;Oeuf Big Band en concert le 2 octobre \u00e0 Villefranche-sur-Sa\u00f4ne"},"content":{"rendered":"<h4><em>Petits Plats pour Grand Ensemble<\/em> au Parc Vermorel \u00e0 Villefranche-sur-Sa\u00f4ne (69) le 2 octobre \u00e0 18h<\/h4>\n<p>Le <a href=\"https:\/\/www.grandsformats.com\/artist\/loeuf-big-band\/\">Big Band de l&#8217;Oeuf<\/a> sera au c\u0153ur de l&#8217;automne culturel &amp; gourmand du Parc Vermorel le 2 octobre 2022, \u00e0 Villefranche-sur-Sa\u00f4ne (69). Il pr\u00e9sentera son spectacle <em>Petits Plats pour Grand Ensemble<\/em> compos\u00e9 par le chef Pierre-Baldy-Moulinier qui associe gastronomie et musique en offrant au public la possibilit\u00e9 de participer \u00e0 une exp\u00e9rience o\u00f9 tous les sens sont m\u00eal\u00e9s. Les 18 membres de la brigade seront accompagn\u00e9s par le chef Maxime Bordet qui cuisinera sur sc\u00e8ne en direct les mets en lien avec les titres choisis par le public \u00e0 partir d&#8217;un menu qui lui sera remis au d\u00e9but du spectacle.<\/p>\n<p>Un rendez-vous musical et gourmand au Parc Vermorel le 2 octobre \u00e0 18h !<\/p>\n<p><iframe loading=\"lazy\" title=\"OEUF Big Band Petits Plats pour Grand Ensemble\" width=\"1140\" height=\"641\" src=\"https:\/\/www.youtube.com\/embed\/ttEz2YxoWhs?feature=oembed\" frameborder=\"0\" allow=\"accelerometer; autoplay; clipboard-write; encrypted-media; gyroscope; picture-in-picture\" allowfullscreen><\/iframe><\/p>\n<p><span class=\"caption\" style=\"font-size: 10pt;\">\u00a9 Eric Soudan<\/span><\/p>\n","protected":false},"excerpt":{"rendered":"<p>Petits Plats pour Grand Ensemble au Parc Vermorel \u00e0 Villefranche-sur-Sa\u00f4ne (69) le 2 octobre \u00e0 18h Le Big Band de l&#8217;Oeuf sera au c\u0153ur de l&#8217;automne culturel &amp; gourmand du Parc Vermorel le 2 octobre 2022, \u00e0 Villefranche-sur-Sa\u00f4ne (69). Il pr\u00e9sentera son spectacle Petits Plats pour Grand Ensemble compos\u00e9 par le chef Pierre-Baldy-Moulinier qui associe&#8230;<\/p>\n<p><a rel=\"bookmark\" class=\"theme-button-text wvc-button wvc-button-size-xs\" href=\"https:\/\/www.grandsformats.com\/en\/2022\/09\/loeuf-big-band-en-concert-le-2-octobre-a-villefranche-sur-saone\/\"><small class=\"wvc-button-background-fill\"><\/small><span>Continue reading<\/span><\/a><\/p>\n","protected":false},"author":2,"featured_media":13835,"comment_status":"open","ping_status":"open","sticky":false,"template":"","format":"standard","meta":{"_acf_changed":false,"footnotes":""},"categories":[95,597],"tags":[],"class_list":["post-17610","post","type-post","status-publish","format-standard","has-post-thumbnail","hentry","category-membres","category-loeuf-big-band","entry-post-skin-light","entry","clearfix","entry-grid","entry-columns-default","entry-post-module-layout-sidebar-right","thumbnail-color-tone-dark","metro-landscape","is-youtube","entry-post","entry-masonry","entry-post-masonry"],"acf":[],"yoast_head":"<!-- This site is optimized with the Yoast SEO plugin v25.8 - https:\/\/yoast.com\/wordpress\/plugins\/seo\/ -->\n<title>L&#039;Oeuf Big Band en concert le 2 octobre \u00e0 Villefranche-sur-Sa\u00f4ne - Site officiel de la f\u00e9d\u00e9ration Grands Formats<\/title>\n<meta name=\"robots\" content=\"index, follow, max-snippet:-1, max-image-preview:large, max-video-preview:-1\" \/>\n<link rel=\"canonical\" href=\"https:\/\/www.grandsformats.com\/2022\/09\/loeuf-big-band-en-concert-le-2-octobre-a-villefranche-sur-saone\/\" \/>\n<meta property=\"og:locale\" content=\"en_US\" \/>\n<meta property=\"og:type\" content=\"article\" \/>\n<meta property=\"og:title\" content=\"L&#039;Oeuf Big Band en concert le 2 octobre \u00e0 Villefranche-sur-Sa\u00f4ne - Site officiel de la f\u00e9d\u00e9ration Grands Formats\" \/>\n<meta property=\"og:description\" content=\"Petits Plats pour Grand Ensemble au Parc Vermorel \u00e0 Villefranche-sur-Sa\u00f4ne (69) le 2 octobre \u00e0 18h Le Big Band de l&#8217;Oeuf sera au c\u0153ur de l&#8217;automne culturel &amp; gourmand du Parc Vermorel le 2 octobre 2022, \u00e0 Villefranche-sur-Sa\u00f4ne (69). Il pr\u00e9sentera son spectacle Petits Plats pour Grand Ensemble compos\u00e9 par le chef Pierre-Baldy-Moulinier qui associe...Continue reading\" \/>\n<meta property=\"og:url\" content=\"https:\/\/www.grandsformats.com\/2022\/09\/loeuf-big-band-en-concert-le-2-octobre-a-villefranche-sur-saone\/\" \/>\n<meta property=\"og:site_name\" content=\"Site officiel de la f\u00e9d\u00e9ration Grands Formats\" \/>\n<meta property=\"article:publisher\" content=\"https:\/\/www.facebook.com\/grandsformats\/\" \/>\n<meta property=\"article:published_time\" content=\"2022-09-07T15:31:16+00:00\" \/>\n<meta property=\"og:image\" content=\"https:\/\/www.grandsformats.com\/wp-content\/uploads\/2020\/03\/LOeufBB\u00a9ESoudan-2020-WEB.jpg\" \/>\n\t<meta property=\"og:image:width\" content=\"1920\" \/>\n\t<meta property=\"og:image:height\" content=\"1080\" \/>\n\t<meta property=\"og:image:type\" content=\"image\/jpeg\" \/>\n<meta name=\"author\" content=\"Grands Formats\" \/>\n<meta name=\"twitter:card\" content=\"summary_large_image\" \/>\n<meta name=\"twitter:creator\" content=\"@GrandsFormatsGF\" \/>\n<meta name=\"twitter:site\" content=\"@GrandsFormatsGF\" \/>\n<meta name=\"twitter:label1\" content=\"Written by\" \/>\n\t<meta name=\"twitter:data1\" content=\"Grands Formats\" \/>\n\t<meta name=\"twitter:label2\" content=\"Est. reading time\" \/>\n\t<meta name=\"twitter:data2\" content=\"1 minute\" \/>\n<script type=\"application\/ld+json\" class=\"yoast-schema-graph\">{\"@context\":\"https:\/\/schema.org\",\"@graph\":[{\"@type\":\"Article\",\"@id\":\"https:\/\/www.grandsformats.com\/2022\/09\/loeuf-big-band-en-concert-le-2-octobre-a-villefranche-sur-saone\/#article\",\"isPartOf\":{\"@id\":\"https:\/\/www.grandsformats.com\/2022\/09\/loeuf-big-band-en-concert-le-2-octobre-a-villefranche-sur-saone\/\"},\"author\":{\"name\":\"Grands Formats\",\"@id\":\"https:\/\/www.grandsformats.com\/#\/schema\/person\/6ecde7e38a2254b5bc9d620679208ee1\"},\"headline\":\"L&#8217;Oeuf Big Band en concert le 2 octobre \u00e0 Villefranche-sur-Sa\u00f4ne\",\"datePublished\":\"2022-09-07T15:31:16+00:00\",\"mainEntityOfPage\":{\"@id\":\"https:\/\/www.grandsformats.com\/2022\/09\/loeuf-big-band-en-concert-le-2-octobre-a-villefranche-sur-saone\/\"},\"wordCount\":150,\"commentCount\":0,\"publisher\":{\"@id\":\"https:\/\/www.grandsformats.com\/#organization\"},\"image\":{\"@id\":\"https:\/\/www.grandsformats.com\/2022\/09\/loeuf-big-band-en-concert-le-2-octobre-a-villefranche-sur-saone\/#primaryimage\"},\"thumbnailUrl\":\"https:\/\/www.grandsformats.com\/wp-content\/uploads\/2020\/03\/LOeufBB\u00a9ESoudan-2020-WEB.jpg\",\"articleSection\":[\"Actus des membres\",\"Loeuf Big Band\"],\"inLanguage\":\"en-US\",\"potentialAction\":[{\"@type\":\"CommentAction\",\"name\":\"Comment\",\"target\":[\"https:\/\/www.grandsformats.com\/2022\/09\/loeuf-big-band-en-concert-le-2-octobre-a-villefranche-sur-saone\/#respond\"]}]},{\"@type\":\"WebPage\",\"@id\":\"https:\/\/www.grandsformats.com\/2022\/09\/loeuf-big-band-en-concert-le-2-octobre-a-villefranche-sur-saone\/\",\"url\":\"https:\/\/www.grandsformats.com\/2022\/09\/loeuf-big-band-en-concert-le-2-octobre-a-villefranche-sur-saone\/\",\"name\":\"L'Oeuf Big Band en concert le 2 octobre \u00e0 Villefranche-sur-Sa\u00f4ne - Site officiel de la f\u00e9d\u00e9ration Grands Formats\",\"isPartOf\":{\"@id\":\"https:\/\/www.grandsformats.com\/#website\"},\"primaryImageOfPage\":{\"@id\":\"https:\/\/www.grandsformats.com\/2022\/09\/loeuf-big-band-en-concert-le-2-octobre-a-villefranche-sur-saone\/#primaryimage\"},\"image\":{\"@id\":\"https:\/\/www.grandsformats.com\/2022\/09\/loeuf-big-band-en-concert-le-2-octobre-a-villefranche-sur-saone\/#primaryimage\"},\"thumbnailUrl\":\"https:\/\/www.grandsformats.com\/wp-content\/uploads\/2020\/03\/LOeufBB\u00a9ESoudan-2020-WEB.jpg\",\"datePublished\":\"2022-09-07T15:31:16+00:00\",\"breadcrumb\":{\"@id\":\"https:\/\/www.grandsformats.com\/2022\/09\/loeuf-big-band-en-concert-le-2-octobre-a-villefranche-sur-saone\/#breadcrumb\"},\"inLanguage\":\"en-US\",\"potentialAction\":[{\"@type\":\"ReadAction\",\"target\":[\"https:\/\/www.grandsformats.com\/2022\/09\/loeuf-big-band-en-concert-le-2-octobre-a-villefranche-sur-saone\/\"]}]},{\"@type\":\"ImageObject\",\"inLanguage\":\"en-US\",\"@id\":\"https:\/\/www.grandsformats.com\/2022\/09\/loeuf-big-band-en-concert-le-2-octobre-a-villefranche-sur-saone\/#primaryimage\",\"url\":\"https:\/\/www.grandsformats.com\/wp-content\/uploads\/2020\/03\/LOeufBB\u00a9ESoudan-2020-WEB.jpg\",\"contentUrl\":\"https:\/\/www.grandsformats.com\/wp-content\/uploads\/2020\/03\/LOeufBB\u00a9ESoudan-2020-WEB.jpg\",\"width\":1920,\"height\":1080,\"caption\":\"\u00a9 Eric Soudan\"},{\"@type\":\"BreadcrumbList\",\"@id\":\"https:\/\/www.grandsformats.com\/2022\/09\/loeuf-big-band-en-concert-le-2-octobre-a-villefranche-sur-saone\/#breadcrumb\",\"itemListElement\":[{\"@type\":\"ListItem\",\"position\":1,\"name\":\"Accueil\",\"item\":\"https:\/\/www.grandsformats.com\/en\/\"},{\"@type\":\"ListItem\",\"position\":2,\"name\":\"L&rsquo;Oeuf Big Band en concert le 2 octobre \u00e0 Villefranche-sur-Sa\u00f4ne\"}]},{\"@type\":\"WebSite\",\"@id\":\"https:\/\/www.grandsformats.com\/#website\",\"url\":\"https:\/\/www.grandsformats.com\/\",\"name\":\"Site officiel de la f\u00e9d\u00e9ration Grands Formats\",\"description\":\"F\u00e9d\u00e9ration d&#039;artistes pour la musique en grand !\",\"publisher\":{\"@id\":\"https:\/\/www.grandsformats.com\/#organization\"},\"potentialAction\":[{\"@type\":\"SearchAction\",\"target\":{\"@type\":\"EntryPoint\",\"urlTemplate\":\"https:\/\/www.grandsformats.com\/?s={search_term_string}\"},\"query-input\":{\"@type\":\"PropertyValueSpecification\",\"valueRequired\":true,\"valueName\":\"search_term_string\"}}],\"inLanguage\":\"en-US\"},{\"@type\":\"Organization\",\"@id\":\"https:\/\/www.grandsformats.com\/#organization\",\"name\":\"Grands Formats\",\"url\":\"https:\/\/www.grandsformats.com\/\",\"logo\":{\"@type\":\"ImageObject\",\"inLanguage\":\"en-US\",\"@id\":\"https:\/\/www.grandsformats.com\/#\/schema\/logo\/image\/\",\"url\":\"https:\/\/www.grandsformats.com\/wp-content\/uploads\/2020\/03\/logo-GF-200.png\",\"contentUrl\":\"https:\/\/www.grandsformats.com\/wp-content\/uploads\/2020\/03\/logo-GF-200.png\",\"width\":155,\"height\":200,\"caption\":\"Grands Formats\"},\"image\":{\"@id\":\"https:\/\/www.grandsformats.com\/#\/schema\/logo\/image\/\"},\"sameAs\":[\"https:\/\/www.facebook.com\/grandsformats\/\",\"https:\/\/x.com\/GrandsFormatsGF\",\"https:\/\/www.instagram.com\/grandsformats\/\",\"https:\/\/www.youtube.com\/channel\/UCJ7k9dbqc_DG-nxI3WMPvhw?view_as=subscriberhttps:\/\/www.youtube.com\/channel\/UCJ7k9dbqc_DG-nxI3WMPvhw?view_as=subscriber\"]},{\"@type\":\"Person\",\"@id\":\"https:\/\/www.grandsformats.com\/#\/schema\/person\/6ecde7e38a2254b5bc9d620679208ee1\",\"name\":\"Grands Formats\",\"image\":{\"@type\":\"ImageObject\",\"inLanguage\":\"en-US\",\"@id\":\"https:\/\/www.grandsformats.com\/#\/schema\/person\/image\/\",\"url\":\"https:\/\/secure.gravatar.com\/avatar\/5d06febf5ba4681bd17a251487132861b5339c2d72f789e59decf1c1b05d0078?s=96&d=mm&r=g\",\"contentUrl\":\"https:\/\/secure.gravatar.com\/avatar\/5d06febf5ba4681bd17a251487132861b5339c2d72f789e59decf1c1b05d0078?s=96&d=mm&r=g\",\"caption\":\"Grands Formats\"},\"url\":\"https:\/\/www.grandsformats.com\/en\/author\/margaux\/\"}]}<\/script>\n<!-- \/ Yoast SEO plugin. -->","yoast_head_json":{"title":"L'Oeuf Big Band en concert le 2 octobre \u00e0 Villefranche-sur-Sa\u00f4ne - Site officiel de la f\u00e9d\u00e9ration Grands Formats","robots":{"index":"index","follow":"follow","max-snippet":"max-snippet:-1","max-image-preview":"max-image-preview:large","max-video-preview":"max-video-preview:-1"},"canonical":"https:\/\/www.grandsformats.com\/2022\/09\/loeuf-big-band-en-concert-le-2-octobre-a-villefranche-sur-saone\/","og_locale":"en_US","og_type":"article","og_title":"L'Oeuf Big Band en concert le 2 octobre \u00e0 Villefranche-sur-Sa\u00f4ne - Site officiel de la f\u00e9d\u00e9ration Grands Formats","og_description":"Petits Plats pour Grand Ensemble au Parc Vermorel \u00e0 Villefranche-sur-Sa\u00f4ne (69) le 2 octobre \u00e0 18h Le Big Band de l&#8217;Oeuf sera au c\u0153ur de l&#8217;automne culturel &amp; gourmand du Parc Vermorel le 2 octobre 2022, \u00e0 Villefranche-sur-Sa\u00f4ne (69). Il pr\u00e9sentera son spectacle Petits Plats pour Grand Ensemble compos\u00e9 par le chef Pierre-Baldy-Moulinier qui associe...Continue reading","og_url":"https:\/\/www.grandsformats.com\/2022\/09\/loeuf-big-band-en-concert-le-2-octobre-a-villefranche-sur-saone\/","og_site_name":"Site officiel de la f\u00e9d\u00e9ration Grands Formats","article_publisher":"https:\/\/www.facebook.com\/grandsformats\/","article_published_time":"2022-09-07T15:31:16+00:00","og_image":[{"width":1920,"height":1080,"url":"https:\/\/www.grandsformats.com\/wp-content\/uploads\/2020\/03\/LOeufBB\u00a9ESoudan-2020-WEB.jpg","type":"image\/jpeg"}],"author":"Grands Formats","twitter_card":"summary_large_image","twitter_creator":"@GrandsFormatsGF","twitter_site":"@GrandsFormatsGF","twitter_misc":{"Written by":"Grands Formats","Est. reading time":"1 minute"},"schema":{"@context":"https:\/\/schema.org","@graph":[{"@type":"Article","@id":"https:\/\/www.grandsformats.com\/2022\/09\/loeuf-big-band-en-concert-le-2-octobre-a-villefranche-sur-saone\/#article","isPartOf":{"@id":"https:\/\/www.grandsformats.com\/2022\/09\/loeuf-big-band-en-concert-le-2-octobre-a-villefranche-sur-saone\/"},"author":{"name":"Grands Formats","@id":"https:\/\/www.grandsformats.com\/#\/schema\/person\/6ecde7e38a2254b5bc9d620679208ee1"},"headline":"L&#8217;Oeuf Big Band en concert le 2 octobre \u00e0 Villefranche-sur-Sa\u00f4ne","datePublished":"2022-09-07T15:31:16+00:00","mainEntityOfPage":{"@id":"https:\/\/www.grandsformats.com\/2022\/09\/loeuf-big-band-en-concert-le-2-octobre-a-villefranche-sur-saone\/"},"wordCount":150,"commentCount":0,"publisher":{"@id":"https:\/\/www.grandsformats.com\/#organization"},"image":{"@id":"https:\/\/www.grandsformats.com\/2022\/09\/loeuf-big-band-en-concert-le-2-octobre-a-villefranche-sur-saone\/#primaryimage"},"thumbnailUrl":"https:\/\/www.grandsformats.com\/wp-content\/uploads\/2020\/03\/LOeufBB\u00a9ESoudan-2020-WEB.jpg","articleSection":["Actus des membres","Loeuf Big Band"],"inLanguage":"en-US","potentialAction":[{"@type":"CommentAction","name":"Comment","target":["https:\/\/www.grandsformats.com\/2022\/09\/loeuf-big-band-en-concert-le-2-octobre-a-villefranche-sur-saone\/#respond"]}]},{"@type":"WebPage","@id":"https:\/\/www.grandsformats.com\/2022\/09\/loeuf-big-band-en-concert-le-2-octobre-a-villefranche-sur-saone\/","url":"https:\/\/www.grandsformats.com\/2022\/09\/loeuf-big-band-en-concert-le-2-octobre-a-villefranche-sur-saone\/","name":"L'Oeuf Big Band en concert le 2 octobre \u00e0 Villefranche-sur-Sa\u00f4ne - Site officiel de la f\u00e9d\u00e9ration Grands Formats","isPartOf":{"@id":"https:\/\/www.grandsformats.com\/#website"},"primaryImageOfPage":{"@id":"https:\/\/www.grandsformats.com\/2022\/09\/loeuf-big-band-en-concert-le-2-octobre-a-villefranche-sur-saone\/#primaryimage"},"image":{"@id":"https:\/\/www.grandsformats.com\/2022\/09\/loeuf-big-band-en-concert-le-2-octobre-a-villefranche-sur-saone\/#primaryimage"},"thumbnailUrl":"https:\/\/www.grandsformats.com\/wp-content\/uploads\/2020\/03\/LOeufBB\u00a9ESoudan-2020-WEB.jpg","datePublished":"2022-09-07T15:31:16+00:00","breadcrumb":{"@id":"https:\/\/www.grandsformats.com\/2022\/09\/loeuf-big-band-en-concert-le-2-octobre-a-villefranche-sur-saone\/#breadcrumb"},"inLanguage":"en-US","potentialAction":[{"@type":"ReadAction","target":["https:\/\/www.grandsformats.com\/2022\/09\/loeuf-big-band-en-concert-le-2-octobre-a-villefranche-sur-saone\/"]}]},{"@type":"ImageObject","inLanguage":"en-US","@id":"https:\/\/www.grandsformats.com\/2022\/09\/loeuf-big-band-en-concert-le-2-octobre-a-villefranche-sur-saone\/#primaryimage","url":"https:\/\/www.grandsformats.com\/wp-content\/uploads\/2020\/03\/LOeufBB\u00a9ESoudan-2020-WEB.jpg","contentUrl":"https:\/\/www.grandsformats.com\/wp-content\/uploads\/2020\/03\/LOeufBB\u00a9ESoudan-2020-WEB.jpg","width":1920,"height":1080,"caption":"\u00a9 Eric Soudan"},{"@type":"BreadcrumbList","@id":"https:\/\/www.grandsformats.com\/2022\/09\/loeuf-big-band-en-concert-le-2-octobre-a-villefranche-sur-saone\/#breadcrumb","itemListElement":[{"@type":"ListItem","position":1,"name":"Accueil","item":"https:\/\/www.grandsformats.com\/en\/"},{"@type":"ListItem","position":2,"name":"L&rsquo;Oeuf Big Band en concert le 2 octobre \u00e0 Villefranche-sur-Sa\u00f4ne"}]},{"@type":"WebSite","@id":"https:\/\/www.grandsformats.com\/#website","url":"https:\/\/www.grandsformats.com\/","name":"Site officiel de la f\u00e9d\u00e9ration Grands Formats","description":"F\u00e9d\u00e9ration d&#039;artistes pour la musique en grand !","publisher":{"@id":"https:\/\/www.grandsformats.com\/#organization"},"potentialAction":[{"@type":"SearchAction","target":{"@type":"EntryPoint","urlTemplate":"https:\/\/www.grandsformats.com\/?s={search_term_string}"},"query-input":{"@type":"PropertyValueSpecification","valueRequired":true,"valueName":"search_term_string"}}],"inLanguage":"en-US"},{"@type":"Organization","@id":"https:\/\/www.grandsformats.com\/#organization","name":"Grands Formats","url":"https:\/\/www.grandsformats.com\/","logo":{"@type":"ImageObject","inLanguage":"en-US","@id":"https:\/\/www.grandsformats.com\/#\/schema\/logo\/image\/","url":"https:\/\/www.grandsformats.com\/wp-content\/uploads\/2020\/03\/logo-GF-200.png","contentUrl":"https:\/\/www.grandsformats.com\/wp-content\/uploads\/2020\/03\/logo-GF-200.png","width":155,"height":200,"caption":"Grands Formats"},"image":{"@id":"https:\/\/www.grandsformats.com\/#\/schema\/logo\/image\/"},"sameAs":["https:\/\/www.facebook.com\/grandsformats\/","https:\/\/x.com\/GrandsFormatsGF","https:\/\/www.instagram.com\/grandsformats\/","https:\/\/www.youtube.com\/channel\/UCJ7k9dbqc_DG-nxI3WMPvhw?view_as=subscriberhttps:\/\/www.youtube.com\/channel\/UCJ7k9dbqc_DG-nxI3WMPvhw?view_as=subscriber"]},{"@type":"Person","@id":"https:\/\/www.grandsformats.com\/#\/schema\/person\/6ecde7e38a2254b5bc9d620679208ee1","name":"Grands Formats","image":{"@type":"ImageObject","inLanguage":"en-US","@id":"https:\/\/www.grandsformats.com\/#\/schema\/person\/image\/","url":"https:\/\/secure.gravatar.com\/avatar\/5d06febf5ba4681bd17a251487132861b5339c2d72f789e59decf1c1b05d0078?s=96&d=mm&r=g","contentUrl":"https:\/\/secure.gravatar.com\/avatar\/5d06febf5ba4681bd17a251487132861b5339c2d72f789e59decf1c1b05d0078?s=96&d=mm&r=g","caption":"Grands Formats"},"url":"https:\/\/www.grandsformats.com\/en\/author\/margaux\/"}]}},"_links":{"self":[{"href":"https:\/\/www.grandsformats.com\/en\/wp-json\/wp\/v2\/posts\/17610","targetHints":{"allow":["GET"]}}],"collection":[{"href":"https:\/\/www.grandsformats.com\/en\/wp-json\/wp\/v2\/posts"}],"about":[{"href":"https:\/\/www.grandsformats.com\/en\/wp-json\/wp\/v2\/types\/post"}],"author":[{"embeddable":true,"href":"https:\/\/www.grandsformats.com\/en\/wp-json\/wp\/v2\/users\/2"}],"replies":[{"embeddable":true,"href":"https:\/\/www.grandsformats.com\/en\/wp-json\/wp\/v2\/comments?post=17610"}],"version-history":[{"count":0,"href":"https:\/\/www.grandsformats.com\/en\/wp-json\/wp\/v2\/posts\/17610\/revisions"}],"wp:featuredmedia":[{"embeddable":true,"href":"https:\/\/www.grandsformats.com\/en\/wp-json\/wp\/v2\/media\/13835"}],"wp:attachment":[{"href":"https:\/\/www.grandsformats.com\/en\/wp-json\/wp\/v2\/media?parent=17610"}],"wp:term":[{"taxonomy":"category","embeddable":true,"href":"https:\/\/www.grandsformats.com\/en\/wp-json\/wp\/v2\/categories?post=17610"},{"taxonomy":"post_tag","embeddable":true,"href":"https:\/\/www.grandsformats.com\/en\/wp-json\/wp\/v2\/tags?post=17610"}],"curies":[{"name":"wp","href":"https:\/\/api.w.org\/{rel}","templated":true}]}}