{"id":17317,"date":"2022-07-06T11:38:59","date_gmt":"2022-07-06T09:38:59","guid":{"rendered":"https:\/\/www.grandsformats.com\/?p=17317"},"modified":"2022-07-18T16:38:07","modified_gmt":"2022-07-18T14:38:07","slug":"enregistrement-du-premier-repertoire-de-regis-huby-large-ensemble","status":"publish","type":"post","link":"https:\/\/www.grandsformats.com\/en\/2022\/07\/enregistrement-du-premier-repertoire-de-regis-huby-large-ensemble\/","title":{"rendered":"Enregistrement du premier r\u00e9pertoire de R\u00e9gis Huby Large Ensemble"},"content":{"rendered":"<p style=\"text-align: left;\"><em>The Ellipse<\/em>, est le premier r\u00e9pertoire du <a href=\"https:\/\/www.grandsformats.com\/artist\/regis-huby-large-ensemble\/\">Large Ensemble de R\u00e9gis Huby<\/a>, cr\u00e9\u00e9 en 2017 dans le cadre de la r\u00e9sidence compositeur associ\u00e9 au Th\u00e9\u00e2tre de Malakoff-Sc\u00e8ne Nationale. Il sera enregistr\u00e9 les 20 et 21 juillet au Studio Sextan (92). Cet enregistrement \u00e9tait initialement pr\u00e9vu en d\u00e9cembre 2021, il a \u00e9t\u00e9 report\u00e9 pour des raisons de pand\u00e9mie.<\/p>\n<p style=\"text-align: left;\"><em>The Ellipse<\/em> c\u2019est quinze musicien\u00b7ne\u00b7s, une combinaison d\u2019instruments acoustiques et \u00e9lectriques, une floraison de timbres et de couleurs, une suite musicale intense pour raconter une histoire de rencontres, une histoire artistique et personnelle, celle de son compositeur R\u00e9gis Huby<\/p>\n<p style=\"text-align: left;\">Le Large Ensemble enregistrera son nouveau r\u00e9pertoire <em>M\u00e9tamorphoses<\/em> avec l\u2019Orchestre R\u00e9gionale de Normandie au printemps 2023.<\/p>\n<p><iframe loading=\"lazy\" title=\"R\u00e9gis Huby - &quot;The Ellipse&quot; (Music for Large Ensemble) - HD\" width=\"1140\" height=\"641\" src=\"https:\/\/www.youtube.com\/embed\/gQfhTtIIZhw?feature=oembed\" frameborder=\"0\" allow=\"accelerometer; autoplay; clipboard-write; encrypted-media; gyroscope; picture-in-picture\" allowfullscreen title=\"R\u00e9gis Huby - \"The Ellipse\" (Music for Large Ensemble) - HD\"><\/iframe><\/p>\n<p><span class=\"caption\" style=\"font-size: 10pt;\">\u00a9 Je\u0301ro\u0302me Pre\u0301bois<\/span><\/p>\n","protected":false},"excerpt":{"rendered":"<p>The Ellipse, est le premier r\u00e9pertoire du Large Ensemble de R\u00e9gis Huby, cr\u00e9\u00e9 en 2017 dans le cadre de la r\u00e9sidence compositeur associ\u00e9 au Th\u00e9\u00e2tre de Malakoff-Sc\u00e8ne Nationale. Il sera enregistr\u00e9 les 20 et 21 juillet au Studio Sextan (92). Cet enregistrement \u00e9tait initialement pr\u00e9vu en d\u00e9cembre 2021, il a \u00e9t\u00e9 report\u00e9 pour des raisons&#8230;<\/p>\n<p><a rel=\"bookmark\" class=\"theme-button-text wvc-button wvc-button-size-xs\" href=\"https:\/\/www.grandsformats.com\/en\/2022\/07\/enregistrement-du-premier-repertoire-de-regis-huby-large-ensemble\/\"><small class=\"wvc-button-background-fill\"><\/small><span>Continue reading<\/span><\/a><\/p>\n","protected":false},"author":2,"featured_media":14978,"comment_status":"open","ping_status":"open","sticky":false,"template":"","format":"standard","meta":{"_acf_changed":false,"footnotes":""},"categories":[95,839],"tags":[],"class_list":["post-17317","post","type-post","status-publish","format-standard","has-post-thumbnail","hentry","category-membres","category-regis-huby-large-ensemble","entry-post-skin-light","entry","clearfix","entry-grid","entry-columns-default","entry-post-module-layout-sidebar-right","thumbnail-color-tone-dark","metro-landscape","is-youtube","entry-post","entry-masonry","entry-post-masonry"],"acf":[],"yoast_head":"<!-- This site is optimized with the Yoast SEO plugin v25.8 - https:\/\/yoast.com\/wordpress\/plugins\/seo\/ -->\n<title>Enregistrement du premier r\u00e9pertoire de R\u00e9gis Huby Large Ensemble - Site officiel de la f\u00e9d\u00e9ration Grands Formats<\/title>\n<meta name=\"robots\" content=\"index, follow, max-snippet:-1, max-image-preview:large, max-video-preview:-1\" \/>\n<link rel=\"canonical\" href=\"https:\/\/www.grandsformats.com\/2022\/07\/enregistrement-du-premier-repertoire-de-regis-huby-large-ensemble\/\" \/>\n<meta property=\"og:locale\" content=\"en_US\" \/>\n<meta property=\"og:type\" content=\"article\" \/>\n<meta property=\"og:title\" content=\"Enregistrement du premier r\u00e9pertoire de R\u00e9gis Huby Large Ensemble - Site officiel de la f\u00e9d\u00e9ration Grands Formats\" \/>\n<meta property=\"og:description\" content=\"The Ellipse, est le premier r\u00e9pertoire du Large Ensemble de R\u00e9gis Huby, cr\u00e9\u00e9 en 2017 dans le cadre de la r\u00e9sidence compositeur associ\u00e9 au Th\u00e9\u00e2tre de Malakoff-Sc\u00e8ne Nationale. Il sera enregistr\u00e9 les 20 et 21 juillet au Studio Sextan (92). Cet enregistrement \u00e9tait initialement pr\u00e9vu en d\u00e9cembre 2021, il a \u00e9t\u00e9 report\u00e9 pour des raisons...Continue reading\" \/>\n<meta property=\"og:url\" content=\"https:\/\/www.grandsformats.com\/2022\/07\/enregistrement-du-premier-repertoire-de-regis-huby-large-ensemble\/\" \/>\n<meta property=\"og:site_name\" content=\"Site officiel de la f\u00e9d\u00e9ration Grands Formats\" \/>\n<meta property=\"article:publisher\" content=\"https:\/\/www.facebook.com\/grandsformats\/\" \/>\n<meta property=\"article:published_time\" content=\"2022-07-06T09:38:59+00:00\" \/>\n<meta property=\"article:modified_time\" content=\"2022-07-18T14:38:07+00:00\" \/>\n<meta property=\"og:image\" content=\"https:\/\/www.grandsformats.com\/wp-content\/uploads\/2021\/03\/Regis-Huby-Large-ensemble-JeromePresbois-1920x1080-1.jpg\" \/>\n\t<meta property=\"og:image:width\" content=\"1920\" \/>\n\t<meta property=\"og:image:height\" content=\"1080\" \/>\n\t<meta property=\"og:image:type\" content=\"image\/jpeg\" \/>\n<meta name=\"author\" content=\"Grands Formats\" \/>\n<meta name=\"twitter:card\" content=\"summary_large_image\" \/>\n<meta name=\"twitter:creator\" content=\"@GrandsFormatsGF\" \/>\n<meta name=\"twitter:site\" content=\"@GrandsFormatsGF\" \/>\n<meta name=\"twitter:label1\" content=\"Written by\" \/>\n\t<meta name=\"twitter:data1\" content=\"Grands Formats\" \/>\n\t<meta name=\"twitter:label2\" content=\"Est. reading time\" \/>\n\t<meta name=\"twitter:data2\" content=\"1 minute\" \/>\n<script type=\"application\/ld+json\" class=\"yoast-schema-graph\">{\"@context\":\"https:\/\/schema.org\",\"@graph\":[{\"@type\":\"Article\",\"@id\":\"https:\/\/www.grandsformats.com\/2022\/07\/enregistrement-du-premier-repertoire-de-regis-huby-large-ensemble\/#article\",\"isPartOf\":{\"@id\":\"https:\/\/www.grandsformats.com\/2022\/07\/enregistrement-du-premier-repertoire-de-regis-huby-large-ensemble\/\"},\"author\":{\"name\":\"Grands Formats\",\"@id\":\"https:\/\/www.grandsformats.com\/#\/schema\/person\/6ecde7e38a2254b5bc9d620679208ee1\"},\"headline\":\"Enregistrement du premier r\u00e9pertoire de R\u00e9gis Huby Large Ensemble\",\"datePublished\":\"2022-07-06T09:38:59+00:00\",\"dateModified\":\"2022-07-18T14:38:07+00:00\",\"mainEntityOfPage\":{\"@id\":\"https:\/\/www.grandsformats.com\/2022\/07\/enregistrement-du-premier-repertoire-de-regis-huby-large-ensemble\/\"},\"wordCount\":146,\"commentCount\":0,\"publisher\":{\"@id\":\"https:\/\/www.grandsformats.com\/#organization\"},\"image\":{\"@id\":\"https:\/\/www.grandsformats.com\/2022\/07\/enregistrement-du-premier-repertoire-de-regis-huby-large-ensemble\/#primaryimage\"},\"thumbnailUrl\":\"https:\/\/www.grandsformats.com\/wp-content\/uploads\/2021\/03\/Regis-Huby-Large-ensemble-JeromePresbois-1920x1080-1.jpg\",\"articleSection\":[\"Actus des membres\",\"R\u00e9gis Huby Large Ensemble\"],\"inLanguage\":\"en-US\",\"potentialAction\":[{\"@type\":\"CommentAction\",\"name\":\"Comment\",\"target\":[\"https:\/\/www.grandsformats.com\/2022\/07\/enregistrement-du-premier-repertoire-de-regis-huby-large-ensemble\/#respond\"]}]},{\"@type\":\"WebPage\",\"@id\":\"https:\/\/www.grandsformats.com\/2022\/07\/enregistrement-du-premier-repertoire-de-regis-huby-large-ensemble\/\",\"url\":\"https:\/\/www.grandsformats.com\/2022\/07\/enregistrement-du-premier-repertoire-de-regis-huby-large-ensemble\/\",\"name\":\"Enregistrement du premier r\u00e9pertoire de R\u00e9gis Huby Large Ensemble - Site officiel de la f\u00e9d\u00e9ration Grands Formats\",\"isPartOf\":{\"@id\":\"https:\/\/www.grandsformats.com\/#website\"},\"primaryImageOfPage\":{\"@id\":\"https:\/\/www.grandsformats.com\/2022\/07\/enregistrement-du-premier-repertoire-de-regis-huby-large-ensemble\/#primaryimage\"},\"image\":{\"@id\":\"https:\/\/www.grandsformats.com\/2022\/07\/enregistrement-du-premier-repertoire-de-regis-huby-large-ensemble\/#primaryimage\"},\"thumbnailUrl\":\"https:\/\/www.grandsformats.com\/wp-content\/uploads\/2021\/03\/Regis-Huby-Large-ensemble-JeromePresbois-1920x1080-1.jpg\",\"datePublished\":\"2022-07-06T09:38:59+00:00\",\"dateModified\":\"2022-07-18T14:38:07+00:00\",\"breadcrumb\":{\"@id\":\"https:\/\/www.grandsformats.com\/2022\/07\/enregistrement-du-premier-repertoire-de-regis-huby-large-ensemble\/#breadcrumb\"},\"inLanguage\":\"en-US\",\"potentialAction\":[{\"@type\":\"ReadAction\",\"target\":[\"https:\/\/www.grandsformats.com\/2022\/07\/enregistrement-du-premier-repertoire-de-regis-huby-large-ensemble\/\"]}]},{\"@type\":\"ImageObject\",\"inLanguage\":\"en-US\",\"@id\":\"https:\/\/www.grandsformats.com\/2022\/07\/enregistrement-du-premier-repertoire-de-regis-huby-large-ensemble\/#primaryimage\",\"url\":\"https:\/\/www.grandsformats.com\/wp-content\/uploads\/2021\/03\/Regis-Huby-Large-ensemble-JeromePresbois-1920x1080-1.jpg\",\"contentUrl\":\"https:\/\/www.grandsformats.com\/wp-content\/uploads\/2021\/03\/Regis-Huby-Large-ensemble-JeromePresbois-1920x1080-1.jpg\",\"width\":1920,\"height\":1080,\"caption\":\"\u00a9 Je\u0301ro\u0302me Pre\u0301bois\"},{\"@type\":\"BreadcrumbList\",\"@id\":\"https:\/\/www.grandsformats.com\/2022\/07\/enregistrement-du-premier-repertoire-de-regis-huby-large-ensemble\/#breadcrumb\",\"itemListElement\":[{\"@type\":\"ListItem\",\"position\":1,\"name\":\"Accueil\",\"item\":\"https:\/\/www.grandsformats.com\/en\/\"},{\"@type\":\"ListItem\",\"position\":2,\"name\":\"Enregistrement du premier r\u00e9pertoire de R\u00e9gis Huby Large Ensemble\"}]},{\"@type\":\"WebSite\",\"@id\":\"https:\/\/www.grandsformats.com\/#website\",\"url\":\"https:\/\/www.grandsformats.com\/\",\"name\":\"Site officiel de la f\u00e9d\u00e9ration Grands Formats\",\"description\":\"F\u00e9d\u00e9ration d&#039;artistes pour la musique en grand !\",\"publisher\":{\"@id\":\"https:\/\/www.grandsformats.com\/#organization\"},\"potentialAction\":[{\"@type\":\"SearchAction\",\"target\":{\"@type\":\"EntryPoint\",\"urlTemplate\":\"https:\/\/www.grandsformats.com\/?s={search_term_string}\"},\"query-input\":{\"@type\":\"PropertyValueSpecification\",\"valueRequired\":true,\"valueName\":\"search_term_string\"}}],\"inLanguage\":\"en-US\"},{\"@type\":\"Organization\",\"@id\":\"https:\/\/www.grandsformats.com\/#organization\",\"name\":\"Grands Formats\",\"url\":\"https:\/\/www.grandsformats.com\/\",\"logo\":{\"@type\":\"ImageObject\",\"inLanguage\":\"en-US\",\"@id\":\"https:\/\/www.grandsformats.com\/#\/schema\/logo\/image\/\",\"url\":\"https:\/\/www.grandsformats.com\/wp-content\/uploads\/2020\/03\/logo-GF-200.png\",\"contentUrl\":\"https:\/\/www.grandsformats.com\/wp-content\/uploads\/2020\/03\/logo-GF-200.png\",\"width\":155,\"height\":200,\"caption\":\"Grands Formats\"},\"image\":{\"@id\":\"https:\/\/www.grandsformats.com\/#\/schema\/logo\/image\/\"},\"sameAs\":[\"https:\/\/www.facebook.com\/grandsformats\/\",\"https:\/\/x.com\/GrandsFormatsGF\",\"https:\/\/www.instagram.com\/grandsformats\/\",\"https:\/\/www.youtube.com\/channel\/UCJ7k9dbqc_DG-nxI3WMPvhw?view_as=subscriberhttps:\/\/www.youtube.com\/channel\/UCJ7k9dbqc_DG-nxI3WMPvhw?view_as=subscriber\"]},{\"@type\":\"Person\",\"@id\":\"https:\/\/www.grandsformats.com\/#\/schema\/person\/6ecde7e38a2254b5bc9d620679208ee1\",\"name\":\"Grands Formats\",\"image\":{\"@type\":\"ImageObject\",\"inLanguage\":\"en-US\",\"@id\":\"https:\/\/www.grandsformats.com\/#\/schema\/person\/image\/\",\"url\":\"https:\/\/secure.gravatar.com\/avatar\/5d06febf5ba4681bd17a251487132861b5339c2d72f789e59decf1c1b05d0078?s=96&d=mm&r=g\",\"contentUrl\":\"https:\/\/secure.gravatar.com\/avatar\/5d06febf5ba4681bd17a251487132861b5339c2d72f789e59decf1c1b05d0078?s=96&d=mm&r=g\",\"caption\":\"Grands Formats\"},\"url\":\"https:\/\/www.grandsformats.com\/en\/author\/margaux\/\"}]}<\/script>\n<!-- \/ Yoast SEO plugin. -->","yoast_head_json":{"title":"Enregistrement du premier r\u00e9pertoire de R\u00e9gis Huby Large Ensemble - Site officiel de la f\u00e9d\u00e9ration Grands Formats","robots":{"index":"index","follow":"follow","max-snippet":"max-snippet:-1","max-image-preview":"max-image-preview:large","max-video-preview":"max-video-preview:-1"},"canonical":"https:\/\/www.grandsformats.com\/2022\/07\/enregistrement-du-premier-repertoire-de-regis-huby-large-ensemble\/","og_locale":"en_US","og_type":"article","og_title":"Enregistrement du premier r\u00e9pertoire de R\u00e9gis Huby Large Ensemble - Site officiel de la f\u00e9d\u00e9ration Grands Formats","og_description":"The Ellipse, est le premier r\u00e9pertoire du Large Ensemble de R\u00e9gis Huby, cr\u00e9\u00e9 en 2017 dans le cadre de la r\u00e9sidence compositeur associ\u00e9 au Th\u00e9\u00e2tre de Malakoff-Sc\u00e8ne Nationale. Il sera enregistr\u00e9 les 20 et 21 juillet au Studio Sextan (92). Cet enregistrement \u00e9tait initialement pr\u00e9vu en d\u00e9cembre 2021, il a \u00e9t\u00e9 report\u00e9 pour des raisons...Continue reading","og_url":"https:\/\/www.grandsformats.com\/2022\/07\/enregistrement-du-premier-repertoire-de-regis-huby-large-ensemble\/","og_site_name":"Site officiel de la f\u00e9d\u00e9ration Grands Formats","article_publisher":"https:\/\/www.facebook.com\/grandsformats\/","article_published_time":"2022-07-06T09:38:59+00:00","article_modified_time":"2022-07-18T14:38:07+00:00","og_image":[{"width":1920,"height":1080,"url":"https:\/\/www.grandsformats.com\/wp-content\/uploads\/2021\/03\/Regis-Huby-Large-ensemble-JeromePresbois-1920x1080-1.jpg","type":"image\/jpeg"}],"author":"Grands Formats","twitter_card":"summary_large_image","twitter_creator":"@GrandsFormatsGF","twitter_site":"@GrandsFormatsGF","twitter_misc":{"Written by":"Grands Formats","Est. reading time":"1 minute"},"schema":{"@context":"https:\/\/schema.org","@graph":[{"@type":"Article","@id":"https:\/\/www.grandsformats.com\/2022\/07\/enregistrement-du-premier-repertoire-de-regis-huby-large-ensemble\/#article","isPartOf":{"@id":"https:\/\/www.grandsformats.com\/2022\/07\/enregistrement-du-premier-repertoire-de-regis-huby-large-ensemble\/"},"author":{"name":"Grands Formats","@id":"https:\/\/www.grandsformats.com\/#\/schema\/person\/6ecde7e38a2254b5bc9d620679208ee1"},"headline":"Enregistrement du premier r\u00e9pertoire de R\u00e9gis Huby Large Ensemble","datePublished":"2022-07-06T09:38:59+00:00","dateModified":"2022-07-18T14:38:07+00:00","mainEntityOfPage":{"@id":"https:\/\/www.grandsformats.com\/2022\/07\/enregistrement-du-premier-repertoire-de-regis-huby-large-ensemble\/"},"wordCount":146,"commentCount":0,"publisher":{"@id":"https:\/\/www.grandsformats.com\/#organization"},"image":{"@id":"https:\/\/www.grandsformats.com\/2022\/07\/enregistrement-du-premier-repertoire-de-regis-huby-large-ensemble\/#primaryimage"},"thumbnailUrl":"https:\/\/www.grandsformats.com\/wp-content\/uploads\/2021\/03\/Regis-Huby-Large-ensemble-JeromePresbois-1920x1080-1.jpg","articleSection":["Actus des membres","R\u00e9gis Huby Large Ensemble"],"inLanguage":"en-US","potentialAction":[{"@type":"CommentAction","name":"Comment","target":["https:\/\/www.grandsformats.com\/2022\/07\/enregistrement-du-premier-repertoire-de-regis-huby-large-ensemble\/#respond"]}]},{"@type":"WebPage","@id":"https:\/\/www.grandsformats.com\/2022\/07\/enregistrement-du-premier-repertoire-de-regis-huby-large-ensemble\/","url":"https:\/\/www.grandsformats.com\/2022\/07\/enregistrement-du-premier-repertoire-de-regis-huby-large-ensemble\/","name":"Enregistrement du premier r\u00e9pertoire de R\u00e9gis Huby Large Ensemble - Site officiel de la f\u00e9d\u00e9ration Grands Formats","isPartOf":{"@id":"https:\/\/www.grandsformats.com\/#website"},"primaryImageOfPage":{"@id":"https:\/\/www.grandsformats.com\/2022\/07\/enregistrement-du-premier-repertoire-de-regis-huby-large-ensemble\/#primaryimage"},"image":{"@id":"https:\/\/www.grandsformats.com\/2022\/07\/enregistrement-du-premier-repertoire-de-regis-huby-large-ensemble\/#primaryimage"},"thumbnailUrl":"https:\/\/www.grandsformats.com\/wp-content\/uploads\/2021\/03\/Regis-Huby-Large-ensemble-JeromePresbois-1920x1080-1.jpg","datePublished":"2022-07-06T09:38:59+00:00","dateModified":"2022-07-18T14:38:07+00:00","breadcrumb":{"@id":"https:\/\/www.grandsformats.com\/2022\/07\/enregistrement-du-premier-repertoire-de-regis-huby-large-ensemble\/#breadcrumb"},"inLanguage":"en-US","potentialAction":[{"@type":"ReadAction","target":["https:\/\/www.grandsformats.com\/2022\/07\/enregistrement-du-premier-repertoire-de-regis-huby-large-ensemble\/"]}]},{"@type":"ImageObject","inLanguage":"en-US","@id":"https:\/\/www.grandsformats.com\/2022\/07\/enregistrement-du-premier-repertoire-de-regis-huby-large-ensemble\/#primaryimage","url":"https:\/\/www.grandsformats.com\/wp-content\/uploads\/2021\/03\/Regis-Huby-Large-ensemble-JeromePresbois-1920x1080-1.jpg","contentUrl":"https:\/\/www.grandsformats.com\/wp-content\/uploads\/2021\/03\/Regis-Huby-Large-ensemble-JeromePresbois-1920x1080-1.jpg","width":1920,"height":1080,"caption":"\u00a9 Je\u0301ro\u0302me Pre\u0301bois"},{"@type":"BreadcrumbList","@id":"https:\/\/www.grandsformats.com\/2022\/07\/enregistrement-du-premier-repertoire-de-regis-huby-large-ensemble\/#breadcrumb","itemListElement":[{"@type":"ListItem","position":1,"name":"Accueil","item":"https:\/\/www.grandsformats.com\/en\/"},{"@type":"ListItem","position":2,"name":"Enregistrement du premier r\u00e9pertoire de R\u00e9gis Huby Large Ensemble"}]},{"@type":"WebSite","@id":"https:\/\/www.grandsformats.com\/#website","url":"https:\/\/www.grandsformats.com\/","name":"Site officiel de la f\u00e9d\u00e9ration Grands Formats","description":"F\u00e9d\u00e9ration d&#039;artistes pour la musique en grand !","publisher":{"@id":"https:\/\/www.grandsformats.com\/#organization"},"potentialAction":[{"@type":"SearchAction","target":{"@type":"EntryPoint","urlTemplate":"https:\/\/www.grandsformats.com\/?s={search_term_string}"},"query-input":{"@type":"PropertyValueSpecification","valueRequired":true,"valueName":"search_term_string"}}],"inLanguage":"en-US"},{"@type":"Organization","@id":"https:\/\/www.grandsformats.com\/#organization","name":"Grands Formats","url":"https:\/\/www.grandsformats.com\/","logo":{"@type":"ImageObject","inLanguage":"en-US","@id":"https:\/\/www.grandsformats.com\/#\/schema\/logo\/image\/","url":"https:\/\/www.grandsformats.com\/wp-content\/uploads\/2020\/03\/logo-GF-200.png","contentUrl":"https:\/\/www.grandsformats.com\/wp-content\/uploads\/2020\/03\/logo-GF-200.png","width":155,"height":200,"caption":"Grands Formats"},"image":{"@id":"https:\/\/www.grandsformats.com\/#\/schema\/logo\/image\/"},"sameAs":["https:\/\/www.facebook.com\/grandsformats\/","https:\/\/x.com\/GrandsFormatsGF","https:\/\/www.instagram.com\/grandsformats\/","https:\/\/www.youtube.com\/channel\/UCJ7k9dbqc_DG-nxI3WMPvhw?view_as=subscriberhttps:\/\/www.youtube.com\/channel\/UCJ7k9dbqc_DG-nxI3WMPvhw?view_as=subscriber"]},{"@type":"Person","@id":"https:\/\/www.grandsformats.com\/#\/schema\/person\/6ecde7e38a2254b5bc9d620679208ee1","name":"Grands Formats","image":{"@type":"ImageObject","inLanguage":"en-US","@id":"https:\/\/www.grandsformats.com\/#\/schema\/person\/image\/","url":"https:\/\/secure.gravatar.com\/avatar\/5d06febf5ba4681bd17a251487132861b5339c2d72f789e59decf1c1b05d0078?s=96&d=mm&r=g","contentUrl":"https:\/\/secure.gravatar.com\/avatar\/5d06febf5ba4681bd17a251487132861b5339c2d72f789e59decf1c1b05d0078?s=96&d=mm&r=g","caption":"Grands Formats"},"url":"https:\/\/www.grandsformats.com\/en\/author\/margaux\/"}]}},"_links":{"self":[{"href":"https:\/\/www.grandsformats.com\/en\/wp-json\/wp\/v2\/posts\/17317","targetHints":{"allow":["GET"]}}],"collection":[{"href":"https:\/\/www.grandsformats.com\/en\/wp-json\/wp\/v2\/posts"}],"about":[{"href":"https:\/\/www.grandsformats.com\/en\/wp-json\/wp\/v2\/types\/post"}],"author":[{"embeddable":true,"href":"https:\/\/www.grandsformats.com\/en\/wp-json\/wp\/v2\/users\/2"}],"replies":[{"embeddable":true,"href":"https:\/\/www.grandsformats.com\/en\/wp-json\/wp\/v2\/comments?post=17317"}],"version-history":[{"count":0,"href":"https:\/\/www.grandsformats.com\/en\/wp-json\/wp\/v2\/posts\/17317\/revisions"}],"wp:featuredmedia":[{"embeddable":true,"href":"https:\/\/www.grandsformats.com\/en\/wp-json\/wp\/v2\/media\/14978"}],"wp:attachment":[{"href":"https:\/\/www.grandsformats.com\/en\/wp-json\/wp\/v2\/media?parent=17317"}],"wp:term":[{"taxonomy":"category","embeddable":true,"href":"https:\/\/www.grandsformats.com\/en\/wp-json\/wp\/v2\/categories?post=17317"},{"taxonomy":"post_tag","embeddable":true,"href":"https:\/\/www.grandsformats.com\/en\/wp-json\/wp\/v2\/tags?post=17317"}],"curies":[{"name":"wp","href":"https:\/\/api.w.org\/{rel}","templated":true}]}}