{"id":17313,"date":"2022-07-06T11:35:02","date_gmt":"2022-07-06T09:35:02","guid":{"rendered":"https:\/\/www.grandsformats.com\/?p=17313"},"modified":"2022-07-06T11:35:02","modified_gmt":"2022-07-06T09:35:02","slug":"ete-2022-concerts-et-stage-brass-band-avec-le-skokiaan-brass-band","status":"publish","type":"post","link":"https:\/\/www.grandsformats.com\/en\/2022\/07\/ete-2022-concerts-et-stage-brass-band-avec-le-skokiaan-brass-band\/","title":{"rendered":"\u00c9t\u00e9 2022 : concerts et stage brass band avec le Skokiaan Brass Band"},"content":{"rendered":"<p>\u00c0 la suite de sa tourn\u00e9e au Togo en mars dernier, le <a href=\"https:\/\/www.grandsformats.com\/artist\/skokiaan-brass-band\/\">Skokiaan Brass Band<\/a>, accompagn\u00e9e de son invit\u00e9e la chanteuse Lisa Caldognetto, sera au programme de Jazz \u00e0 Vienne o\u00f9 il pr\u00e9sentera son r\u00e9pertoire &#8220;The French Touch Tour&#8221; (sc\u00e8ne de Cyb\u00e8le) le 8 juillet. L&#8217;univers de la chanson fran\u00e7aise y rencontre le son des brass bands de La Nouvelle-Orl\u00e9ans dans un flot de jazz, de funk, de second line et de rythmes afro-carib\u00e9ens.<\/p>\n<p>Parall\u00e8lement, le groupe animera au sein de l&#8217;Acad\u00e9mie Jazz \u00e0 Vienne le stage &#8220;Les brass bands de La Nouvelle-Orl\u00e9ans&#8221; du 6 au 9 juillet. Le stage donnera lieu \u00e0 un concert de restitution le 10 juillet dans le cadre du festival (sc\u00e8ne de Cyb\u00e8le).<\/p>\n<p>Et retrouvez \u00e9galement pour plusieurs dates cet \u00e9t\u00e9 le Skokiaan Brass Band et sa &#8220;New Orleans Brass Party&#8221;, formule acoustique du groupe.<\/p>\n<p><a href=\"http:\/\/www.skokiaanbrassband.fr\/\">www.skokiaanbrassband.fr<\/a><\/p>\n<p><span class=\"caption\" style=\"font-size: 10pt;\">Skokiaan Brass Band \u00a9 Guy Carlier <\/span><\/p>\n","protected":false},"excerpt":{"rendered":"<p>\u00c0 la suite de sa tourn\u00e9e au Togo en mars dernier, le Skokiaan Brass Band, accompagn\u00e9e de son invit\u00e9e la chanteuse Lisa Caldognetto, sera au programme de Jazz \u00e0 Vienne o\u00f9 il pr\u00e9sentera son r\u00e9pertoire &#8220;The French Touch Tour&#8221; (sc\u00e8ne de Cyb\u00e8le) le 8 juillet. L&#8217;univers de la chanson fran\u00e7aise y rencontre le son des&#8230;<\/p>\n<p><a rel=\"bookmark\" class=\"theme-button-text wvc-button wvc-button-size-xs\" href=\"https:\/\/www.grandsformats.com\/en\/2022\/07\/ete-2022-concerts-et-stage-brass-band-avec-le-skokiaan-brass-band\/\"><small class=\"wvc-button-background-fill\"><\/small><span>Continue reading<\/span><\/a><\/p>\n","protected":false},"author":2,"featured_media":16695,"comment_status":"open","ping_status":"open","sticky":false,"template":"","format":"standard","meta":{"_acf_changed":false,"footnotes":""},"categories":[95,888],"tags":[],"class_list":["post-17313","post","type-post","status-publish","format-standard","has-post-thumbnail","hentry","category-membres","category-skokiaan-brass-band","entry-post-skin-light","entry","clearfix","entry-grid","entry-columns-default","entry-post-module-layout-sidebar-right","thumbnail-color-tone-dark","metro-landscape","entry-post","entry-masonry","entry-post-masonry"],"acf":[],"yoast_head":"<!-- This site is optimized with the Yoast SEO plugin v25.8 - https:\/\/yoast.com\/wordpress\/plugins\/seo\/ -->\n<title>\u00c9t\u00e9 2022 : concerts et stage brass band avec le Skokiaan Brass Band - Site officiel de la f\u00e9d\u00e9ration Grands Formats<\/title>\n<meta name=\"robots\" content=\"index, follow, max-snippet:-1, max-image-preview:large, max-video-preview:-1\" \/>\n<link rel=\"canonical\" href=\"https:\/\/www.grandsformats.com\/2022\/07\/ete-2022-concerts-et-stage-brass-band-avec-le-skokiaan-brass-band\/\" \/>\n<meta property=\"og:locale\" content=\"en_US\" \/>\n<meta property=\"og:type\" content=\"article\" \/>\n<meta property=\"og:title\" content=\"\u00c9t\u00e9 2022 : concerts et stage brass band avec le Skokiaan Brass Band - Site officiel de la f\u00e9d\u00e9ration Grands Formats\" \/>\n<meta property=\"og:description\" content=\"\u00c0 la suite de sa tourn\u00e9e au Togo en mars dernier, le Skokiaan Brass Band, accompagn\u00e9e de son invit\u00e9e la chanteuse Lisa Caldognetto, sera au programme de Jazz \u00e0 Vienne o\u00f9 il pr\u00e9sentera son r\u00e9pertoire &#8220;The French Touch Tour&#8221; (sc\u00e8ne de Cyb\u00e8le) le 8 juillet. L&#8217;univers de la chanson fran\u00e7aise y rencontre le son des...Continue reading\" \/>\n<meta property=\"og:url\" content=\"https:\/\/www.grandsformats.com\/2022\/07\/ete-2022-concerts-et-stage-brass-band-avec-le-skokiaan-brass-band\/\" \/>\n<meta property=\"og:site_name\" content=\"Site officiel de la f\u00e9d\u00e9ration Grands Formats\" \/>\n<meta property=\"article:publisher\" content=\"https:\/\/www.facebook.com\/grandsformats\/\" \/>\n<meta property=\"article:published_time\" content=\"2022-07-06T09:35:02+00:00\" \/>\n<meta property=\"og:image\" content=\"https:\/\/www.grandsformats.com\/wp-content\/uploads\/2022\/03\/Skokiaan-BB-The-French-Touch-Tour-2-\u00a9-Guy-Carlier-1920X1080.jpg\" \/>\n\t<meta property=\"og:image:width\" content=\"1920\" \/>\n\t<meta property=\"og:image:height\" content=\"1080\" \/>\n\t<meta property=\"og:image:type\" content=\"image\/jpeg\" \/>\n<meta name=\"author\" content=\"Grands Formats\" \/>\n<meta name=\"twitter:card\" content=\"summary_large_image\" \/>\n<meta name=\"twitter:creator\" content=\"@GrandsFormatsGF\" \/>\n<meta name=\"twitter:site\" content=\"@GrandsFormatsGF\" \/>\n<meta name=\"twitter:label1\" content=\"Written by\" \/>\n\t<meta name=\"twitter:data1\" content=\"Grands Formats\" \/>\n\t<meta name=\"twitter:label2\" content=\"Est. reading time\" \/>\n\t<meta name=\"twitter:data2\" content=\"1 minute\" \/>\n<script type=\"application\/ld+json\" class=\"yoast-schema-graph\">{\"@context\":\"https:\/\/schema.org\",\"@graph\":[{\"@type\":\"Article\",\"@id\":\"https:\/\/www.grandsformats.com\/2022\/07\/ete-2022-concerts-et-stage-brass-band-avec-le-skokiaan-brass-band\/#article\",\"isPartOf\":{\"@id\":\"https:\/\/www.grandsformats.com\/2022\/07\/ete-2022-concerts-et-stage-brass-band-avec-le-skokiaan-brass-band\/\"},\"author\":{\"name\":\"Grands Formats\",\"@id\":\"https:\/\/www.grandsformats.com\/#\/schema\/person\/6ecde7e38a2254b5bc9d620679208ee1\"},\"headline\":\"\u00c9t\u00e9 2022 : concerts et stage brass band avec le Skokiaan Brass Band\",\"datePublished\":\"2022-07-06T09:35:02+00:00\",\"mainEntityOfPage\":{\"@id\":\"https:\/\/www.grandsformats.com\/2022\/07\/ete-2022-concerts-et-stage-brass-band-avec-le-skokiaan-brass-band\/\"},\"wordCount\":168,\"commentCount\":0,\"publisher\":{\"@id\":\"https:\/\/www.grandsformats.com\/#organization\"},\"image\":{\"@id\":\"https:\/\/www.grandsformats.com\/2022\/07\/ete-2022-concerts-et-stage-brass-band-avec-le-skokiaan-brass-band\/#primaryimage\"},\"thumbnailUrl\":\"https:\/\/www.grandsformats.com\/wp-content\/uploads\/2022\/03\/Skokiaan-BB-The-French-Touch-Tour-2-\u00a9-Guy-Carlier-1920X1080.jpg\",\"articleSection\":[\"Actus des membres\",\"Skokiaan Brass Band\"],\"inLanguage\":\"en-US\",\"potentialAction\":[{\"@type\":\"CommentAction\",\"name\":\"Comment\",\"target\":[\"https:\/\/www.grandsformats.com\/2022\/07\/ete-2022-concerts-et-stage-brass-band-avec-le-skokiaan-brass-band\/#respond\"]}]},{\"@type\":\"WebPage\",\"@id\":\"https:\/\/www.grandsformats.com\/2022\/07\/ete-2022-concerts-et-stage-brass-band-avec-le-skokiaan-brass-band\/\",\"url\":\"https:\/\/www.grandsformats.com\/2022\/07\/ete-2022-concerts-et-stage-brass-band-avec-le-skokiaan-brass-band\/\",\"name\":\"\u00c9t\u00e9 2022 : concerts et stage brass band avec le Skokiaan Brass Band - Site officiel de la f\u00e9d\u00e9ration Grands Formats\",\"isPartOf\":{\"@id\":\"https:\/\/www.grandsformats.com\/#website\"},\"primaryImageOfPage\":{\"@id\":\"https:\/\/www.grandsformats.com\/2022\/07\/ete-2022-concerts-et-stage-brass-band-avec-le-skokiaan-brass-band\/#primaryimage\"},\"image\":{\"@id\":\"https:\/\/www.grandsformats.com\/2022\/07\/ete-2022-concerts-et-stage-brass-band-avec-le-skokiaan-brass-band\/#primaryimage\"},\"thumbnailUrl\":\"https:\/\/www.grandsformats.com\/wp-content\/uploads\/2022\/03\/Skokiaan-BB-The-French-Touch-Tour-2-\u00a9-Guy-Carlier-1920X1080.jpg\",\"datePublished\":\"2022-07-06T09:35:02+00:00\",\"breadcrumb\":{\"@id\":\"https:\/\/www.grandsformats.com\/2022\/07\/ete-2022-concerts-et-stage-brass-band-avec-le-skokiaan-brass-band\/#breadcrumb\"},\"inLanguage\":\"en-US\",\"potentialAction\":[{\"@type\":\"ReadAction\",\"target\":[\"https:\/\/www.grandsformats.com\/2022\/07\/ete-2022-concerts-et-stage-brass-band-avec-le-skokiaan-brass-band\/\"]}]},{\"@type\":\"ImageObject\",\"inLanguage\":\"en-US\",\"@id\":\"https:\/\/www.grandsformats.com\/2022\/07\/ete-2022-concerts-et-stage-brass-band-avec-le-skokiaan-brass-band\/#primaryimage\",\"url\":\"https:\/\/www.grandsformats.com\/wp-content\/uploads\/2022\/03\/Skokiaan-BB-The-French-Touch-Tour-2-\u00a9-Guy-Carlier-1920X1080.jpg\",\"contentUrl\":\"https:\/\/www.grandsformats.com\/wp-content\/uploads\/2022\/03\/Skokiaan-BB-The-French-Touch-Tour-2-\u00a9-Guy-Carlier-1920X1080.jpg\",\"width\":1920,\"height\":1080,\"caption\":\"Skokiaan Brass Band \u00a9 Guy Carlier\"},{\"@type\":\"BreadcrumbList\",\"@id\":\"https:\/\/www.grandsformats.com\/2022\/07\/ete-2022-concerts-et-stage-brass-band-avec-le-skokiaan-brass-band\/#breadcrumb\",\"itemListElement\":[{\"@type\":\"ListItem\",\"position\":1,\"name\":\"Accueil\",\"item\":\"https:\/\/www.grandsformats.com\/en\/\"},{\"@type\":\"ListItem\",\"position\":2,\"name\":\"\u00c9t\u00e9 2022 : concerts et stage brass band avec le Skokiaan Brass Band\"}]},{\"@type\":\"WebSite\",\"@id\":\"https:\/\/www.grandsformats.com\/#website\",\"url\":\"https:\/\/www.grandsformats.com\/\",\"name\":\"Site officiel de la f\u00e9d\u00e9ration Grands Formats\",\"description\":\"F\u00e9d\u00e9ration d&#039;artistes pour la musique en grand !\",\"publisher\":{\"@id\":\"https:\/\/www.grandsformats.com\/#organization\"},\"potentialAction\":[{\"@type\":\"SearchAction\",\"target\":{\"@type\":\"EntryPoint\",\"urlTemplate\":\"https:\/\/www.grandsformats.com\/?s={search_term_string}\"},\"query-input\":{\"@type\":\"PropertyValueSpecification\",\"valueRequired\":true,\"valueName\":\"search_term_string\"}}],\"inLanguage\":\"en-US\"},{\"@type\":\"Organization\",\"@id\":\"https:\/\/www.grandsformats.com\/#organization\",\"name\":\"Grands Formats\",\"url\":\"https:\/\/www.grandsformats.com\/\",\"logo\":{\"@type\":\"ImageObject\",\"inLanguage\":\"en-US\",\"@id\":\"https:\/\/www.grandsformats.com\/#\/schema\/logo\/image\/\",\"url\":\"https:\/\/www.grandsformats.com\/wp-content\/uploads\/2020\/03\/logo-GF-200.png\",\"contentUrl\":\"https:\/\/www.grandsformats.com\/wp-content\/uploads\/2020\/03\/logo-GF-200.png\",\"width\":155,\"height\":200,\"caption\":\"Grands Formats\"},\"image\":{\"@id\":\"https:\/\/www.grandsformats.com\/#\/schema\/logo\/image\/\"},\"sameAs\":[\"https:\/\/www.facebook.com\/grandsformats\/\",\"https:\/\/x.com\/GrandsFormatsGF\",\"https:\/\/www.instagram.com\/grandsformats\/\",\"https:\/\/www.youtube.com\/channel\/UCJ7k9dbqc_DG-nxI3WMPvhw?view_as=subscriberhttps:\/\/www.youtube.com\/channel\/UCJ7k9dbqc_DG-nxI3WMPvhw?view_as=subscriber\"]},{\"@type\":\"Person\",\"@id\":\"https:\/\/www.grandsformats.com\/#\/schema\/person\/6ecde7e38a2254b5bc9d620679208ee1\",\"name\":\"Grands Formats\",\"image\":{\"@type\":\"ImageObject\",\"inLanguage\":\"en-US\",\"@id\":\"https:\/\/www.grandsformats.com\/#\/schema\/person\/image\/\",\"url\":\"https:\/\/secure.gravatar.com\/avatar\/5d06febf5ba4681bd17a251487132861b5339c2d72f789e59decf1c1b05d0078?s=96&d=mm&r=g\",\"contentUrl\":\"https:\/\/secure.gravatar.com\/avatar\/5d06febf5ba4681bd17a251487132861b5339c2d72f789e59decf1c1b05d0078?s=96&d=mm&r=g\",\"caption\":\"Grands Formats\"},\"url\":\"https:\/\/www.grandsformats.com\/en\/author\/margaux\/\"}]}<\/script>\n<!-- \/ Yoast SEO plugin. -->","yoast_head_json":{"title":"\u00c9t\u00e9 2022 : concerts et stage brass band avec le Skokiaan Brass Band - Site officiel de la f\u00e9d\u00e9ration Grands Formats","robots":{"index":"index","follow":"follow","max-snippet":"max-snippet:-1","max-image-preview":"max-image-preview:large","max-video-preview":"max-video-preview:-1"},"canonical":"https:\/\/www.grandsformats.com\/2022\/07\/ete-2022-concerts-et-stage-brass-band-avec-le-skokiaan-brass-band\/","og_locale":"en_US","og_type":"article","og_title":"\u00c9t\u00e9 2022 : concerts et stage brass band avec le Skokiaan Brass Band - Site officiel de la f\u00e9d\u00e9ration Grands Formats","og_description":"\u00c0 la suite de sa tourn\u00e9e au Togo en mars dernier, le Skokiaan Brass Band, accompagn\u00e9e de son invit\u00e9e la chanteuse Lisa Caldognetto, sera au programme de Jazz \u00e0 Vienne o\u00f9 il pr\u00e9sentera son r\u00e9pertoire &#8220;The French Touch Tour&#8221; (sc\u00e8ne de Cyb\u00e8le) le 8 juillet. L&#8217;univers de la chanson fran\u00e7aise y rencontre le son des...Continue reading","og_url":"https:\/\/www.grandsformats.com\/2022\/07\/ete-2022-concerts-et-stage-brass-band-avec-le-skokiaan-brass-band\/","og_site_name":"Site officiel de la f\u00e9d\u00e9ration Grands Formats","article_publisher":"https:\/\/www.facebook.com\/grandsformats\/","article_published_time":"2022-07-06T09:35:02+00:00","og_image":[{"width":1920,"height":1080,"url":"https:\/\/www.grandsformats.com\/wp-content\/uploads\/2022\/03\/Skokiaan-BB-The-French-Touch-Tour-2-\u00a9-Guy-Carlier-1920X1080.jpg","type":"image\/jpeg"}],"author":"Grands Formats","twitter_card":"summary_large_image","twitter_creator":"@GrandsFormatsGF","twitter_site":"@GrandsFormatsGF","twitter_misc":{"Written by":"Grands Formats","Est. reading time":"1 minute"},"schema":{"@context":"https:\/\/schema.org","@graph":[{"@type":"Article","@id":"https:\/\/www.grandsformats.com\/2022\/07\/ete-2022-concerts-et-stage-brass-band-avec-le-skokiaan-brass-band\/#article","isPartOf":{"@id":"https:\/\/www.grandsformats.com\/2022\/07\/ete-2022-concerts-et-stage-brass-band-avec-le-skokiaan-brass-band\/"},"author":{"name":"Grands Formats","@id":"https:\/\/www.grandsformats.com\/#\/schema\/person\/6ecde7e38a2254b5bc9d620679208ee1"},"headline":"\u00c9t\u00e9 2022 : concerts et stage brass band avec le Skokiaan Brass Band","datePublished":"2022-07-06T09:35:02+00:00","mainEntityOfPage":{"@id":"https:\/\/www.grandsformats.com\/2022\/07\/ete-2022-concerts-et-stage-brass-band-avec-le-skokiaan-brass-band\/"},"wordCount":168,"commentCount":0,"publisher":{"@id":"https:\/\/www.grandsformats.com\/#organization"},"image":{"@id":"https:\/\/www.grandsformats.com\/2022\/07\/ete-2022-concerts-et-stage-brass-band-avec-le-skokiaan-brass-band\/#primaryimage"},"thumbnailUrl":"https:\/\/www.grandsformats.com\/wp-content\/uploads\/2022\/03\/Skokiaan-BB-The-French-Touch-Tour-2-\u00a9-Guy-Carlier-1920X1080.jpg","articleSection":["Actus des membres","Skokiaan Brass Band"],"inLanguage":"en-US","potentialAction":[{"@type":"CommentAction","name":"Comment","target":["https:\/\/www.grandsformats.com\/2022\/07\/ete-2022-concerts-et-stage-brass-band-avec-le-skokiaan-brass-band\/#respond"]}]},{"@type":"WebPage","@id":"https:\/\/www.grandsformats.com\/2022\/07\/ete-2022-concerts-et-stage-brass-band-avec-le-skokiaan-brass-band\/","url":"https:\/\/www.grandsformats.com\/2022\/07\/ete-2022-concerts-et-stage-brass-band-avec-le-skokiaan-brass-band\/","name":"\u00c9t\u00e9 2022 : concerts et stage brass band avec le Skokiaan Brass Band - Site officiel de la f\u00e9d\u00e9ration Grands Formats","isPartOf":{"@id":"https:\/\/www.grandsformats.com\/#website"},"primaryImageOfPage":{"@id":"https:\/\/www.grandsformats.com\/2022\/07\/ete-2022-concerts-et-stage-brass-band-avec-le-skokiaan-brass-band\/#primaryimage"},"image":{"@id":"https:\/\/www.grandsformats.com\/2022\/07\/ete-2022-concerts-et-stage-brass-band-avec-le-skokiaan-brass-band\/#primaryimage"},"thumbnailUrl":"https:\/\/www.grandsformats.com\/wp-content\/uploads\/2022\/03\/Skokiaan-BB-The-French-Touch-Tour-2-\u00a9-Guy-Carlier-1920X1080.jpg","datePublished":"2022-07-06T09:35:02+00:00","breadcrumb":{"@id":"https:\/\/www.grandsformats.com\/2022\/07\/ete-2022-concerts-et-stage-brass-band-avec-le-skokiaan-brass-band\/#breadcrumb"},"inLanguage":"en-US","potentialAction":[{"@type":"ReadAction","target":["https:\/\/www.grandsformats.com\/2022\/07\/ete-2022-concerts-et-stage-brass-band-avec-le-skokiaan-brass-band\/"]}]},{"@type":"ImageObject","inLanguage":"en-US","@id":"https:\/\/www.grandsformats.com\/2022\/07\/ete-2022-concerts-et-stage-brass-band-avec-le-skokiaan-brass-band\/#primaryimage","url":"https:\/\/www.grandsformats.com\/wp-content\/uploads\/2022\/03\/Skokiaan-BB-The-French-Touch-Tour-2-\u00a9-Guy-Carlier-1920X1080.jpg","contentUrl":"https:\/\/www.grandsformats.com\/wp-content\/uploads\/2022\/03\/Skokiaan-BB-The-French-Touch-Tour-2-\u00a9-Guy-Carlier-1920X1080.jpg","width":1920,"height":1080,"caption":"Skokiaan Brass Band \u00a9 Guy Carlier"},{"@type":"BreadcrumbList","@id":"https:\/\/www.grandsformats.com\/2022\/07\/ete-2022-concerts-et-stage-brass-band-avec-le-skokiaan-brass-band\/#breadcrumb","itemListElement":[{"@type":"ListItem","position":1,"name":"Accueil","item":"https:\/\/www.grandsformats.com\/en\/"},{"@type":"ListItem","position":2,"name":"\u00c9t\u00e9 2022 : concerts et stage brass band avec le Skokiaan Brass Band"}]},{"@type":"WebSite","@id":"https:\/\/www.grandsformats.com\/#website","url":"https:\/\/www.grandsformats.com\/","name":"Site officiel de la f\u00e9d\u00e9ration Grands Formats","description":"F\u00e9d\u00e9ration d&#039;artistes pour la musique en grand !","publisher":{"@id":"https:\/\/www.grandsformats.com\/#organization"},"potentialAction":[{"@type":"SearchAction","target":{"@type":"EntryPoint","urlTemplate":"https:\/\/www.grandsformats.com\/?s={search_term_string}"},"query-input":{"@type":"PropertyValueSpecification","valueRequired":true,"valueName":"search_term_string"}}],"inLanguage":"en-US"},{"@type":"Organization","@id":"https:\/\/www.grandsformats.com\/#organization","name":"Grands Formats","url":"https:\/\/www.grandsformats.com\/","logo":{"@type":"ImageObject","inLanguage":"en-US","@id":"https:\/\/www.grandsformats.com\/#\/schema\/logo\/image\/","url":"https:\/\/www.grandsformats.com\/wp-content\/uploads\/2020\/03\/logo-GF-200.png","contentUrl":"https:\/\/www.grandsformats.com\/wp-content\/uploads\/2020\/03\/logo-GF-200.png","width":155,"height":200,"caption":"Grands Formats"},"image":{"@id":"https:\/\/www.grandsformats.com\/#\/schema\/logo\/image\/"},"sameAs":["https:\/\/www.facebook.com\/grandsformats\/","https:\/\/x.com\/GrandsFormatsGF","https:\/\/www.instagram.com\/grandsformats\/","https:\/\/www.youtube.com\/channel\/UCJ7k9dbqc_DG-nxI3WMPvhw?view_as=subscriberhttps:\/\/www.youtube.com\/channel\/UCJ7k9dbqc_DG-nxI3WMPvhw?view_as=subscriber"]},{"@type":"Person","@id":"https:\/\/www.grandsformats.com\/#\/schema\/person\/6ecde7e38a2254b5bc9d620679208ee1","name":"Grands Formats","image":{"@type":"ImageObject","inLanguage":"en-US","@id":"https:\/\/www.grandsformats.com\/#\/schema\/person\/image\/","url":"https:\/\/secure.gravatar.com\/avatar\/5d06febf5ba4681bd17a251487132861b5339c2d72f789e59decf1c1b05d0078?s=96&d=mm&r=g","contentUrl":"https:\/\/secure.gravatar.com\/avatar\/5d06febf5ba4681bd17a251487132861b5339c2d72f789e59decf1c1b05d0078?s=96&d=mm&r=g","caption":"Grands Formats"},"url":"https:\/\/www.grandsformats.com\/en\/author\/margaux\/"}]}},"_links":{"self":[{"href":"https:\/\/www.grandsformats.com\/en\/wp-json\/wp\/v2\/posts\/17313","targetHints":{"allow":["GET"]}}],"collection":[{"href":"https:\/\/www.grandsformats.com\/en\/wp-json\/wp\/v2\/posts"}],"about":[{"href":"https:\/\/www.grandsformats.com\/en\/wp-json\/wp\/v2\/types\/post"}],"author":[{"embeddable":true,"href":"https:\/\/www.grandsformats.com\/en\/wp-json\/wp\/v2\/users\/2"}],"replies":[{"embeddable":true,"href":"https:\/\/www.grandsformats.com\/en\/wp-json\/wp\/v2\/comments?post=17313"}],"version-history":[{"count":0,"href":"https:\/\/www.grandsformats.com\/en\/wp-json\/wp\/v2\/posts\/17313\/revisions"}],"wp:featuredmedia":[{"embeddable":true,"href":"https:\/\/www.grandsformats.com\/en\/wp-json\/wp\/v2\/media\/16695"}],"wp:attachment":[{"href":"https:\/\/www.grandsformats.com\/en\/wp-json\/wp\/v2\/media?parent=17313"}],"wp:term":[{"taxonomy":"category","embeddable":true,"href":"https:\/\/www.grandsformats.com\/en\/wp-json\/wp\/v2\/categories?post=17313"},{"taxonomy":"post_tag","embeddable":true,"href":"https:\/\/www.grandsformats.com\/en\/wp-json\/wp\/v2\/tags?post=17313"}],"curies":[{"name":"wp","href":"https:\/\/api.w.org\/{rel}","templated":true}]}}