{"id":17080,"date":"2022-06-03T16:53:00","date_gmt":"2022-06-03T14:53:00","guid":{"rendered":"https:\/\/www.grandsformats.com\/?p=17080"},"modified":"2022-06-03T16:53:00","modified_gmt":"2022-06-03T14:53:00","slug":"immersion-dans-lorchestre-des-jeunes-de-lonj","status":"publish","type":"post","link":"https:\/\/www.grandsformats.com\/en\/2022\/06\/immersion-dans-lorchestre-des-jeunes-de-lonj\/","title":{"rendered":"Immersion dans l&#8217;Orchestre des Jeunes de l&#8217;ONJ"},"content":{"rendered":"<p>Lanc\u00e9 en 2019, l\u2019Orchestre des Jeunes de l&#8217;<a href=\"https:\/\/www.grandsformats.com\/artist\/orchestre-national-de-jazz\/\">Orchestre National de Jazz<\/a> a d\u00e9j\u00e0 connu trois saisons dirig\u00e9es successivement par les anciens directeurs musicaux de l\u2019orchestre, Fran\u00e7ois Jeanneau, Franck Tortiller et Denis Badault, et a accueilli 51 jeunes talents europ\u00e9ens dans ses rangs.<\/p>\n<p>Mis en place avec le concours des structures d\u2019enseignement nationales et europ\u00e9ennes, cet ensemble in\u00e9dit constitu\u00e9 d\u2019\u00e9l\u00e8ves musicien\u00b7ne\u00b7s se consacre \u00e0 la r\u00e9interpr\u00e9tation des r\u00e9pertoires de l\u2019ONJ en format big band, afin de transmettre et de valoriser la richesse musicale produite depuis plus de 35 ans par cette formation unique et ses d\u00e9clinaisons.<\/p>\n<p>Chaque saison, l\u2019orchestre est confi\u00e9 \u00e0 un ancien directeur de l\u2019ONJ,\u00a0s\u2019implante dans une nouvelle r\u00e9gion et voit son casting renouvel\u00e9.<\/p>\n<p>P\u00e9pini\u00e8re de talents, l\u2019Orchestre des Jeunes de l\u2019ONJ est amen\u00e9 \u00e0 devenir un outil p\u00e9renne pour le rep\u00e9rage et le recrutement des futurs musiciennes et musiciens de l\u2019Orchestre National de Jazz.<\/p>\n<p>Il s\u2019attache \u00e0 valoriser la musique en grande formation, \u00e0 transmettre et \u00e0 accompagner les nouvelles g\u00e9n\u00e9rations d\u2019artistes dans leur insertion professionnelle.<\/p>\n<p>Le vid\u00e9aste Slaven Rebelo a suivi cette aventure collective et en livre un documentaire disponible en ligne !<\/p>\n<p><a href=\"https:\/\/www.onj.org\/programme\/orchestre-des-jeunes\/\">En savoir plus<\/a><\/p>\n<p><iframe loading=\"lazy\" title=\"Documentaire L\u2019ORCHESTRE DES JEUNES DE L\u2019ONJ\" width=\"1140\" height=\"641\" src=\"https:\/\/www.youtube.com\/embed\/40gItfAnmTk?feature=oembed\" frameborder=\"0\" allow=\"accelerometer; autoplay; clipboard-write; encrypted-media; gyroscope; picture-in-picture\" allowfullscreen><\/iframe><\/p>\n<p><span class=\"caption\" style=\"font-size: 10pt;\">\u00a9 Slaven Rebelo<\/span><\/p>\n","protected":false},"excerpt":{"rendered":"<p>Lanc\u00e9 en 2019, l\u2019Orchestre des Jeunes de l&#8217;Orchestre National de Jazz a d\u00e9j\u00e0 connu trois saisons dirig\u00e9es successivement par les anciens directeurs musicaux de l\u2019orchestre, Fran\u00e7ois Jeanneau, Franck Tortiller et Denis Badault, et a accueilli 51 jeunes talents europ\u00e9ens dans ses rangs. Mis en place avec le concours des structures d\u2019enseignement nationales et europ\u00e9ennes, cet&#8230;<\/p>\n<p><a rel=\"bookmark\" class=\"theme-button-text wvc-button wvc-button-size-xs\" href=\"https:\/\/www.grandsformats.com\/en\/2022\/06\/immersion-dans-lorchestre-des-jeunes-de-lonj\/\"><small class=\"wvc-button-background-fill\"><\/small><span>Continue reading<\/span><\/a><\/p>\n","protected":false},"author":2,"featured_media":17081,"comment_status":"open","ping_status":"open","sticky":false,"template":"","format":"standard","meta":{"_acf_changed":false,"footnotes":""},"categories":[95,603],"tags":[],"class_list":["post-17080","post","type-post","status-publish","format-standard","has-post-thumbnail","hentry","category-membres","category-orchestre-national-de-jazz","entry-post-skin-light","entry","clearfix","entry-grid","entry-columns-default","entry-post-module-layout-sidebar-right","thumbnail-color-tone-dark","metro-landscape","is-youtube","entry-post","entry-masonry","entry-post-masonry"],"acf":[],"yoast_head":"<!-- This site is optimized with the Yoast SEO plugin v25.8 - https:\/\/yoast.com\/wordpress\/plugins\/seo\/ -->\n<title>Immersion dans l&#039;Orchestre des Jeunes de l&#039;ONJ - Site officiel de la f\u00e9d\u00e9ration Grands Formats<\/title>\n<meta name=\"robots\" content=\"index, follow, max-snippet:-1, max-image-preview:large, max-video-preview:-1\" \/>\n<link rel=\"canonical\" href=\"https:\/\/www.grandsformats.com\/2022\/06\/immersion-dans-lorchestre-des-jeunes-de-lonj\/\" \/>\n<meta property=\"og:locale\" content=\"en_US\" \/>\n<meta property=\"og:type\" content=\"article\" \/>\n<meta property=\"og:title\" content=\"Immersion dans l&#039;Orchestre des Jeunes de l&#039;ONJ - Site officiel de la f\u00e9d\u00e9ration Grands Formats\" \/>\n<meta property=\"og:description\" content=\"Lanc\u00e9 en 2019, l\u2019Orchestre des Jeunes de l&#8217;Orchestre National de Jazz a d\u00e9j\u00e0 connu trois saisons dirig\u00e9es successivement par les anciens directeurs musicaux de l\u2019orchestre, Fran\u00e7ois Jeanneau, Franck Tortiller et Denis Badault, et a accueilli 51 jeunes talents europ\u00e9ens dans ses rangs. Mis en place avec le concours des structures d\u2019enseignement nationales et europ\u00e9ennes, cet...Continue reading\" \/>\n<meta property=\"og:url\" content=\"https:\/\/www.grandsformats.com\/2022\/06\/immersion-dans-lorchestre-des-jeunes-de-lonj\/\" \/>\n<meta property=\"og:site_name\" content=\"Site officiel de la f\u00e9d\u00e9ration Grands Formats\" \/>\n<meta property=\"article:publisher\" content=\"https:\/\/www.facebook.com\/grandsformats\/\" \/>\n<meta property=\"article:published_time\" content=\"2022-06-03T14:53:00+00:00\" \/>\n<meta property=\"og:image\" content=\"https:\/\/www.grandsformats.com\/wp-content\/uploads\/2022\/06\/Orchestre-des-Jeunes-ONJ-\u00a9-Slaven-Rebelo-1920x1080-1.jpg\" \/>\n\t<meta property=\"og:image:width\" content=\"1920\" \/>\n\t<meta property=\"og:image:height\" content=\"1080\" \/>\n\t<meta property=\"og:image:type\" content=\"image\/jpeg\" \/>\n<meta name=\"author\" content=\"Grands Formats\" \/>\n<meta name=\"twitter:card\" content=\"summary_large_image\" \/>\n<meta name=\"twitter:creator\" content=\"@GrandsFormatsGF\" \/>\n<meta name=\"twitter:site\" content=\"@GrandsFormatsGF\" \/>\n<meta name=\"twitter:label1\" content=\"Written by\" \/>\n\t<meta name=\"twitter:data1\" content=\"Grands Formats\" \/>\n\t<meta name=\"twitter:label2\" content=\"Est. reading time\" \/>\n\t<meta name=\"twitter:data2\" content=\"1 minute\" \/>\n<script type=\"application\/ld+json\" class=\"yoast-schema-graph\">{\"@context\":\"https:\/\/schema.org\",\"@graph\":[{\"@type\":\"Article\",\"@id\":\"https:\/\/www.grandsformats.com\/2022\/06\/immersion-dans-lorchestre-des-jeunes-de-lonj\/#article\",\"isPartOf\":{\"@id\":\"https:\/\/www.grandsformats.com\/2022\/06\/immersion-dans-lorchestre-des-jeunes-de-lonj\/\"},\"author\":{\"name\":\"Grands Formats\",\"@id\":\"https:\/\/www.grandsformats.com\/#\/schema\/person\/6ecde7e38a2254b5bc9d620679208ee1\"},\"headline\":\"Immersion dans l&#8217;Orchestre des Jeunes de l&#8217;ONJ\",\"datePublished\":\"2022-06-03T14:53:00+00:00\",\"mainEntityOfPage\":{\"@id\":\"https:\/\/www.grandsformats.com\/2022\/06\/immersion-dans-lorchestre-des-jeunes-de-lonj\/\"},\"wordCount\":233,\"commentCount\":0,\"publisher\":{\"@id\":\"https:\/\/www.grandsformats.com\/#organization\"},\"image\":{\"@id\":\"https:\/\/www.grandsformats.com\/2022\/06\/immersion-dans-lorchestre-des-jeunes-de-lonj\/#primaryimage\"},\"thumbnailUrl\":\"https:\/\/www.grandsformats.com\/wp-content\/uploads\/2022\/06\/Orchestre-des-Jeunes-ONJ-\u00a9-Slaven-Rebelo-1920x1080-1.jpg\",\"articleSection\":[\"Actus des membres\",\"Orchestre National de Jazz\"],\"inLanguage\":\"en-US\",\"potentialAction\":[{\"@type\":\"CommentAction\",\"name\":\"Comment\",\"target\":[\"https:\/\/www.grandsformats.com\/2022\/06\/immersion-dans-lorchestre-des-jeunes-de-lonj\/#respond\"]}]},{\"@type\":\"WebPage\",\"@id\":\"https:\/\/www.grandsformats.com\/2022\/06\/immersion-dans-lorchestre-des-jeunes-de-lonj\/\",\"url\":\"https:\/\/www.grandsformats.com\/2022\/06\/immersion-dans-lorchestre-des-jeunes-de-lonj\/\",\"name\":\"Immersion dans l'Orchestre des Jeunes de l'ONJ - Site officiel de la f\u00e9d\u00e9ration Grands Formats\",\"isPartOf\":{\"@id\":\"https:\/\/www.grandsformats.com\/#website\"},\"primaryImageOfPage\":{\"@id\":\"https:\/\/www.grandsformats.com\/2022\/06\/immersion-dans-lorchestre-des-jeunes-de-lonj\/#primaryimage\"},\"image\":{\"@id\":\"https:\/\/www.grandsformats.com\/2022\/06\/immersion-dans-lorchestre-des-jeunes-de-lonj\/#primaryimage\"},\"thumbnailUrl\":\"https:\/\/www.grandsformats.com\/wp-content\/uploads\/2022\/06\/Orchestre-des-Jeunes-ONJ-\u00a9-Slaven-Rebelo-1920x1080-1.jpg\",\"datePublished\":\"2022-06-03T14:53:00+00:00\",\"breadcrumb\":{\"@id\":\"https:\/\/www.grandsformats.com\/2022\/06\/immersion-dans-lorchestre-des-jeunes-de-lonj\/#breadcrumb\"},\"inLanguage\":\"en-US\",\"potentialAction\":[{\"@type\":\"ReadAction\",\"target\":[\"https:\/\/www.grandsformats.com\/2022\/06\/immersion-dans-lorchestre-des-jeunes-de-lonj\/\"]}]},{\"@type\":\"ImageObject\",\"inLanguage\":\"en-US\",\"@id\":\"https:\/\/www.grandsformats.com\/2022\/06\/immersion-dans-lorchestre-des-jeunes-de-lonj\/#primaryimage\",\"url\":\"https:\/\/www.grandsformats.com\/wp-content\/uploads\/2022\/06\/Orchestre-des-Jeunes-ONJ-\u00a9-Slaven-Rebelo-1920x1080-1.jpg\",\"contentUrl\":\"https:\/\/www.grandsformats.com\/wp-content\/uploads\/2022\/06\/Orchestre-des-Jeunes-ONJ-\u00a9-Slaven-Rebelo-1920x1080-1.jpg\",\"width\":1920,\"height\":1080,\"caption\":\"\u00a9 Slaven Rebelo\"},{\"@type\":\"BreadcrumbList\",\"@id\":\"https:\/\/www.grandsformats.com\/2022\/06\/immersion-dans-lorchestre-des-jeunes-de-lonj\/#breadcrumb\",\"itemListElement\":[{\"@type\":\"ListItem\",\"position\":1,\"name\":\"Accueil\",\"item\":\"https:\/\/www.grandsformats.com\/en\/\"},{\"@type\":\"ListItem\",\"position\":2,\"name\":\"Immersion dans l&rsquo;Orchestre des Jeunes de l&rsquo;ONJ\"}]},{\"@type\":\"WebSite\",\"@id\":\"https:\/\/www.grandsformats.com\/#website\",\"url\":\"https:\/\/www.grandsformats.com\/\",\"name\":\"Site officiel de la f\u00e9d\u00e9ration Grands Formats\",\"description\":\"F\u00e9d\u00e9ration d&#039;artistes pour la musique en grand !\",\"publisher\":{\"@id\":\"https:\/\/www.grandsformats.com\/#organization\"},\"potentialAction\":[{\"@type\":\"SearchAction\",\"target\":{\"@type\":\"EntryPoint\",\"urlTemplate\":\"https:\/\/www.grandsformats.com\/?s={search_term_string}\"},\"query-input\":{\"@type\":\"PropertyValueSpecification\",\"valueRequired\":true,\"valueName\":\"search_term_string\"}}],\"inLanguage\":\"en-US\"},{\"@type\":\"Organization\",\"@id\":\"https:\/\/www.grandsformats.com\/#organization\",\"name\":\"Grands Formats\",\"url\":\"https:\/\/www.grandsformats.com\/\",\"logo\":{\"@type\":\"ImageObject\",\"inLanguage\":\"en-US\",\"@id\":\"https:\/\/www.grandsformats.com\/#\/schema\/logo\/image\/\",\"url\":\"https:\/\/www.grandsformats.com\/wp-content\/uploads\/2020\/03\/logo-GF-200.png\",\"contentUrl\":\"https:\/\/www.grandsformats.com\/wp-content\/uploads\/2020\/03\/logo-GF-200.png\",\"width\":155,\"height\":200,\"caption\":\"Grands Formats\"},\"image\":{\"@id\":\"https:\/\/www.grandsformats.com\/#\/schema\/logo\/image\/\"},\"sameAs\":[\"https:\/\/www.facebook.com\/grandsformats\/\",\"https:\/\/x.com\/GrandsFormatsGF\",\"https:\/\/www.instagram.com\/grandsformats\/\",\"https:\/\/www.youtube.com\/channel\/UCJ7k9dbqc_DG-nxI3WMPvhw?view_as=subscriberhttps:\/\/www.youtube.com\/channel\/UCJ7k9dbqc_DG-nxI3WMPvhw?view_as=subscriber\"]},{\"@type\":\"Person\",\"@id\":\"https:\/\/www.grandsformats.com\/#\/schema\/person\/6ecde7e38a2254b5bc9d620679208ee1\",\"name\":\"Grands Formats\",\"image\":{\"@type\":\"ImageObject\",\"inLanguage\":\"en-US\",\"@id\":\"https:\/\/www.grandsformats.com\/#\/schema\/person\/image\/\",\"url\":\"https:\/\/secure.gravatar.com\/avatar\/5d06febf5ba4681bd17a251487132861b5339c2d72f789e59decf1c1b05d0078?s=96&d=mm&r=g\",\"contentUrl\":\"https:\/\/secure.gravatar.com\/avatar\/5d06febf5ba4681bd17a251487132861b5339c2d72f789e59decf1c1b05d0078?s=96&d=mm&r=g\",\"caption\":\"Grands Formats\"},\"url\":\"https:\/\/www.grandsformats.com\/en\/author\/margaux\/\"}]}<\/script>\n<!-- \/ Yoast SEO plugin. -->","yoast_head_json":{"title":"Immersion dans l'Orchestre des Jeunes de l'ONJ - Site officiel de la f\u00e9d\u00e9ration Grands Formats","robots":{"index":"index","follow":"follow","max-snippet":"max-snippet:-1","max-image-preview":"max-image-preview:large","max-video-preview":"max-video-preview:-1"},"canonical":"https:\/\/www.grandsformats.com\/2022\/06\/immersion-dans-lorchestre-des-jeunes-de-lonj\/","og_locale":"en_US","og_type":"article","og_title":"Immersion dans l'Orchestre des Jeunes de l'ONJ - Site officiel de la f\u00e9d\u00e9ration Grands Formats","og_description":"Lanc\u00e9 en 2019, l\u2019Orchestre des Jeunes de l&#8217;Orchestre National de Jazz a d\u00e9j\u00e0 connu trois saisons dirig\u00e9es successivement par les anciens directeurs musicaux de l\u2019orchestre, Fran\u00e7ois Jeanneau, Franck Tortiller et Denis Badault, et a accueilli 51 jeunes talents europ\u00e9ens dans ses rangs. Mis en place avec le concours des structures d\u2019enseignement nationales et europ\u00e9ennes, cet...Continue reading","og_url":"https:\/\/www.grandsformats.com\/2022\/06\/immersion-dans-lorchestre-des-jeunes-de-lonj\/","og_site_name":"Site officiel de la f\u00e9d\u00e9ration Grands Formats","article_publisher":"https:\/\/www.facebook.com\/grandsformats\/","article_published_time":"2022-06-03T14:53:00+00:00","og_image":[{"width":1920,"height":1080,"url":"https:\/\/www.grandsformats.com\/wp-content\/uploads\/2022\/06\/Orchestre-des-Jeunes-ONJ-\u00a9-Slaven-Rebelo-1920x1080-1.jpg","type":"image\/jpeg"}],"author":"Grands Formats","twitter_card":"summary_large_image","twitter_creator":"@GrandsFormatsGF","twitter_site":"@GrandsFormatsGF","twitter_misc":{"Written by":"Grands Formats","Est. reading time":"1 minute"},"schema":{"@context":"https:\/\/schema.org","@graph":[{"@type":"Article","@id":"https:\/\/www.grandsformats.com\/2022\/06\/immersion-dans-lorchestre-des-jeunes-de-lonj\/#article","isPartOf":{"@id":"https:\/\/www.grandsformats.com\/2022\/06\/immersion-dans-lorchestre-des-jeunes-de-lonj\/"},"author":{"name":"Grands Formats","@id":"https:\/\/www.grandsformats.com\/#\/schema\/person\/6ecde7e38a2254b5bc9d620679208ee1"},"headline":"Immersion dans l&#8217;Orchestre des Jeunes de l&#8217;ONJ","datePublished":"2022-06-03T14:53:00+00:00","mainEntityOfPage":{"@id":"https:\/\/www.grandsformats.com\/2022\/06\/immersion-dans-lorchestre-des-jeunes-de-lonj\/"},"wordCount":233,"commentCount":0,"publisher":{"@id":"https:\/\/www.grandsformats.com\/#organization"},"image":{"@id":"https:\/\/www.grandsformats.com\/2022\/06\/immersion-dans-lorchestre-des-jeunes-de-lonj\/#primaryimage"},"thumbnailUrl":"https:\/\/www.grandsformats.com\/wp-content\/uploads\/2022\/06\/Orchestre-des-Jeunes-ONJ-\u00a9-Slaven-Rebelo-1920x1080-1.jpg","articleSection":["Actus des membres","Orchestre National de Jazz"],"inLanguage":"en-US","potentialAction":[{"@type":"CommentAction","name":"Comment","target":["https:\/\/www.grandsformats.com\/2022\/06\/immersion-dans-lorchestre-des-jeunes-de-lonj\/#respond"]}]},{"@type":"WebPage","@id":"https:\/\/www.grandsformats.com\/2022\/06\/immersion-dans-lorchestre-des-jeunes-de-lonj\/","url":"https:\/\/www.grandsformats.com\/2022\/06\/immersion-dans-lorchestre-des-jeunes-de-lonj\/","name":"Immersion dans l'Orchestre des Jeunes de l'ONJ - Site officiel de la f\u00e9d\u00e9ration Grands Formats","isPartOf":{"@id":"https:\/\/www.grandsformats.com\/#website"},"primaryImageOfPage":{"@id":"https:\/\/www.grandsformats.com\/2022\/06\/immersion-dans-lorchestre-des-jeunes-de-lonj\/#primaryimage"},"image":{"@id":"https:\/\/www.grandsformats.com\/2022\/06\/immersion-dans-lorchestre-des-jeunes-de-lonj\/#primaryimage"},"thumbnailUrl":"https:\/\/www.grandsformats.com\/wp-content\/uploads\/2022\/06\/Orchestre-des-Jeunes-ONJ-\u00a9-Slaven-Rebelo-1920x1080-1.jpg","datePublished":"2022-06-03T14:53:00+00:00","breadcrumb":{"@id":"https:\/\/www.grandsformats.com\/2022\/06\/immersion-dans-lorchestre-des-jeunes-de-lonj\/#breadcrumb"},"inLanguage":"en-US","potentialAction":[{"@type":"ReadAction","target":["https:\/\/www.grandsformats.com\/2022\/06\/immersion-dans-lorchestre-des-jeunes-de-lonj\/"]}]},{"@type":"ImageObject","inLanguage":"en-US","@id":"https:\/\/www.grandsformats.com\/2022\/06\/immersion-dans-lorchestre-des-jeunes-de-lonj\/#primaryimage","url":"https:\/\/www.grandsformats.com\/wp-content\/uploads\/2022\/06\/Orchestre-des-Jeunes-ONJ-\u00a9-Slaven-Rebelo-1920x1080-1.jpg","contentUrl":"https:\/\/www.grandsformats.com\/wp-content\/uploads\/2022\/06\/Orchestre-des-Jeunes-ONJ-\u00a9-Slaven-Rebelo-1920x1080-1.jpg","width":1920,"height":1080,"caption":"\u00a9 Slaven Rebelo"},{"@type":"BreadcrumbList","@id":"https:\/\/www.grandsformats.com\/2022\/06\/immersion-dans-lorchestre-des-jeunes-de-lonj\/#breadcrumb","itemListElement":[{"@type":"ListItem","position":1,"name":"Accueil","item":"https:\/\/www.grandsformats.com\/en\/"},{"@type":"ListItem","position":2,"name":"Immersion dans l&rsquo;Orchestre des Jeunes de l&rsquo;ONJ"}]},{"@type":"WebSite","@id":"https:\/\/www.grandsformats.com\/#website","url":"https:\/\/www.grandsformats.com\/","name":"Site officiel de la f\u00e9d\u00e9ration Grands Formats","description":"F\u00e9d\u00e9ration d&#039;artistes pour la musique en grand !","publisher":{"@id":"https:\/\/www.grandsformats.com\/#organization"},"potentialAction":[{"@type":"SearchAction","target":{"@type":"EntryPoint","urlTemplate":"https:\/\/www.grandsformats.com\/?s={search_term_string}"},"query-input":{"@type":"PropertyValueSpecification","valueRequired":true,"valueName":"search_term_string"}}],"inLanguage":"en-US"},{"@type":"Organization","@id":"https:\/\/www.grandsformats.com\/#organization","name":"Grands Formats","url":"https:\/\/www.grandsformats.com\/","logo":{"@type":"ImageObject","inLanguage":"en-US","@id":"https:\/\/www.grandsformats.com\/#\/schema\/logo\/image\/","url":"https:\/\/www.grandsformats.com\/wp-content\/uploads\/2020\/03\/logo-GF-200.png","contentUrl":"https:\/\/www.grandsformats.com\/wp-content\/uploads\/2020\/03\/logo-GF-200.png","width":155,"height":200,"caption":"Grands Formats"},"image":{"@id":"https:\/\/www.grandsformats.com\/#\/schema\/logo\/image\/"},"sameAs":["https:\/\/www.facebook.com\/grandsformats\/","https:\/\/x.com\/GrandsFormatsGF","https:\/\/www.instagram.com\/grandsformats\/","https:\/\/www.youtube.com\/channel\/UCJ7k9dbqc_DG-nxI3WMPvhw?view_as=subscriberhttps:\/\/www.youtube.com\/channel\/UCJ7k9dbqc_DG-nxI3WMPvhw?view_as=subscriber"]},{"@type":"Person","@id":"https:\/\/www.grandsformats.com\/#\/schema\/person\/6ecde7e38a2254b5bc9d620679208ee1","name":"Grands Formats","image":{"@type":"ImageObject","inLanguage":"en-US","@id":"https:\/\/www.grandsformats.com\/#\/schema\/person\/image\/","url":"https:\/\/secure.gravatar.com\/avatar\/5d06febf5ba4681bd17a251487132861b5339c2d72f789e59decf1c1b05d0078?s=96&d=mm&r=g","contentUrl":"https:\/\/secure.gravatar.com\/avatar\/5d06febf5ba4681bd17a251487132861b5339c2d72f789e59decf1c1b05d0078?s=96&d=mm&r=g","caption":"Grands Formats"},"url":"https:\/\/www.grandsformats.com\/en\/author\/margaux\/"}]}},"_links":{"self":[{"href":"https:\/\/www.grandsformats.com\/en\/wp-json\/wp\/v2\/posts\/17080","targetHints":{"allow":["GET"]}}],"collection":[{"href":"https:\/\/www.grandsformats.com\/en\/wp-json\/wp\/v2\/posts"}],"about":[{"href":"https:\/\/www.grandsformats.com\/en\/wp-json\/wp\/v2\/types\/post"}],"author":[{"embeddable":true,"href":"https:\/\/www.grandsformats.com\/en\/wp-json\/wp\/v2\/users\/2"}],"replies":[{"embeddable":true,"href":"https:\/\/www.grandsformats.com\/en\/wp-json\/wp\/v2\/comments?post=17080"}],"version-history":[{"count":0,"href":"https:\/\/www.grandsformats.com\/en\/wp-json\/wp\/v2\/posts\/17080\/revisions"}],"wp:featuredmedia":[{"embeddable":true,"href":"https:\/\/www.grandsformats.com\/en\/wp-json\/wp\/v2\/media\/17081"}],"wp:attachment":[{"href":"https:\/\/www.grandsformats.com\/en\/wp-json\/wp\/v2\/media?parent=17080"}],"wp:term":[{"taxonomy":"category","embeddable":true,"href":"https:\/\/www.grandsformats.com\/en\/wp-json\/wp\/v2\/categories?post=17080"},{"taxonomy":"post_tag","embeddable":true,"href":"https:\/\/www.grandsformats.com\/en\/wp-json\/wp\/v2\/tags?post=17080"}],"curies":[{"name":"wp","href":"https:\/\/api.w.org\/{rel}","templated":true}]}}