{"id":17042,"date":"2022-06-08T11:14:44","date_gmt":"2022-06-08T09:14:44","guid":{"rendered":"https:\/\/www.grandsformats.com\/?p=17042"},"modified":"2022-06-08T12:08:05","modified_gmt":"2022-06-08T10:08:05","slug":"nos-jeunes","status":"publish","type":"post","link":"https:\/\/www.grandsformats.com\/en\/2022\/06\/nos-jeunes\/","title":{"rendered":"Nos jeunes&#8230;"},"content":{"rendered":"<p>N\u2019avez-vous pas constat\u00e9, chez nos jeunes, autour de vous un mal de vivre qui s\u2019aggrave depuis des mois ? Personnellement en tant qu\u2019adulte, parent, professeur, je sens une proportion grandissante parmi les 17\/25 ans de sujets \u00e0 de la d\u00e9prime, \u00e0 de la vraie d\u00e9pression&#8230; Nos jeunes sont fragiles en ce moment.<\/p>\n<p>Dans le secteur musical, on n\u2019\u00e9chappe pas \u00e0 cette menace car elle y est m\u00eame exacerb\u00e9e. Le monde de la musique a toujours \u00e9t\u00e9 extr\u00eamement pr\u00e9caire pour des jeunes, et futur\u00b7e\u00b7s, professionnel\u00b7le\u00b7s. En effet, ces dernier\u00b7e\u00b7s doivent maintenir une motivation sans faille et suivre un but qu\u2019ils\u00b7elles savent fragile. Les jeunes ont donc besoin \u00ab\u00a0d\u2019y croire\u00a0\u00bb. On sait bien, \u00e0 Grands Formats, que le succ\u00e8s d\u2019une entreprise n\u2019est bas\u00e9 que sur la t\u00e9nacit\u00e9, car la qualit\u00e9 du travail, de l\u2019interpr\u00e9tation, de l\u2019\u00e9criture ne suffit pas. Il faut se battre, il faut tenir\u00a0! Mais, il faut \u00eatre \u00e9galement entour\u00e9 et soutenu\u00a0!<\/p>\n<p>Je me revois \u00e0 20 ans prenant la d\u00e9cision d\u2019\u00eatre musicien professionnel et de tout faire pour l\u2019\u00eatre rapidement. Et, je remercie mon entourage familial, professoral et professionnel de m\u2019avoir soutenu dans cette d\u00e9marche. A 26 ans j\u2019ai fond\u00e9 avec Nicolas Folmer le Paris Jazz Big Band o\u00f9 3 g\u00e9n\u00e9rations de musicien\u00b7ne\u00b7s travaillaient ensemble. Avec le recul, je comprends ma chance, notre chance, \u00e0 nous, jeunes de 1998, d\u2019avoir travaill\u00e9 avec nos ain\u00e9s et d\u2019avoir tellement re\u00e7u d\u2019eux. La pr\u00e9sence des ain\u00e9s \u00e9tait r\u00e9confortante, vivifiante et motivante.<\/p>\n<p>Aussi, si on voulait s\u2019ins\u00e9rer dans le \u00ab\u00a0syst\u00e8me\u00a0\u00bb, dans le \u00ab\u00a0business\u00a0\u00bb, il fallait suivre le processus\u00a0: signature label, \u00e9diteur, enregistrement studio, promotion, attach\u00e9\u00b7e de presse, booking\u2026<\/p>\n<p>Assez stable \u00e0 l\u2019\u00e9poque, qu\u2019est devenu ce syst\u00e8me aujourd\u2019hui ?<\/p>\n<p>Comment fait-on de la promotion en 2022\u00a0?<\/p>\n<p>Un label\u00a0\u00e0 \u00e7a sert quoi ?<\/p>\n<p>La solution du num\u00e9rique permet-elle une vraie \u00e9conomie autour des productions ?<\/p>\n<p>Que deviennent les droits d\u2019auteur\u00b7rice\u00b7s et d\u2019interpr\u00e8tes\u00a0?<\/p>\n<p>Et m\u00eame, reste-t-il des producteur\u00b7rice\u00b7s et n\u2019a-t-on pas d\u2019autre choix que d\u2019\u00eatre artiste producteur\u00b7rice\u00a0?<\/p>\n<p>Franchement, je comprends que les jeunes puissent se sentir un peu perdu\u00b7e\u00b7s quand un \u00ab\u00a0syst\u00e8me\u00a0\u00bb professionnel appara\u00eet \u00e0 la fois d\u00e9sorganis\u00e9, voir m\u00eame bouch\u00e9 (je n\u2019ai m\u00eame pas parl\u00e9 de diffusion) avec un volet administratif grandissant \u00e0 des ann\u00e9es lumi\u00e8res de ce qu\u2019ils pratiquent tous les jours\u00a0: la musique.<\/p>\n<p>Que peuvent faire concr\u00e8tement les grands formats pour les jeunes, pour les inclure vraiment dans le monde du travail\u00a0?<\/p>\n<p>On peut citer et proposer\u00a0:<\/p>\n<ul>\n<li>La f\u00e9d\u00e9ration accepte d\u00e9j\u00e0 en \u00ab\u00a0compagnonnage\u00a0\u00bb en son sein de jeunes grandes formations qui n\u2019ont encore pas les crit\u00e8res d\u2019anciennet\u00e9 n\u00e9cessaires<\/li>\n<li>La f\u00e9d\u00e9ration d\u00e9veloppe depuis quelques ann\u00e9es des r\u00e9unions d\u2019informations, dans les conservatoires et \u00e9tablissements sup\u00e9rieurs pour aller au contact des jeunes et dialoguer avec eux, et nous souhaitons intensifier cela sur tout le territoire<\/li>\n<li>Des chef\u00b7fe\u00b7s d\u2019orchestres de la f\u00e9d\u00e9ration, comme c\u2019est d\u00e9j\u00e0 le cas au CRR de Paris, doivent participer aux jurys de conservatoires pour mettre les employeurs en contact direct avec les futur\u00b7e\u00b7s professionnel\u00b7le\u00b7s<\/li>\n<li>La f\u00e9d\u00e9ration pourrait rechercher, gr\u00e2ce \u00e0 l\u2019aide de chacun, des conventions avec des \u00e9tablissements sup\u00e9rieurs pour admettre en stage des \u00e9tudiant\u00b7e\u00b7s au sein des \u00e9quipes artistiques membres<\/li>\n<li>Nous souhaitons \u00e9galement que nos orchestres accueillent plus de jeunes pour faire des remplacements lors des r\u00e9p\u00e9titions<\/li>\n<li>La f\u00e9d\u00e9ration veut encourager et promouvoir les initiatives de ses membres en direction de l\u2019insertion professionnelles comme \u00ab\u00a0l\u2019ONJ des jeunes\u00a0\u00bb depuis 3 ans, le projet \u00ab\u00a0MYRIAD\u00a0\u00bb d\u2019Alban Darche port\u00e9 par Yolk depuis 2 ans, les \u00ab\u00a0European Jazz Campanions\u00a0\u00bb de Pierre Bertrand &amp; La Caja Negra depuis cette ann\u00e9e, etc.<\/li>\n<li>La f\u00e9d\u00e9ration va travailler \u00e0 organiser des fiches techniques\u00a0: # Comment produire un album en 2022\u00a0? # Comment produire un concert, \u00e0 Paris, en province, en 2022\u00a0? # Comment promouvoir un projet en 2022\u00a0? # Comment prot\u00e9ger son travail et le faire r\u00e9mun\u00e9rer\u00a0?<\/li>\n<\/ul>\n<p>Devant ces fragilit\u00e9s latentes chez nos jeunes, le volet transmission de Grands Formats doit se d\u00e9velopper et faire l\u2019objet d\u2019une r\u00e9flexion plus importante que jamais. Je pense que c\u2019est en transmettant notre discipline, en accompagnant et en donnant des perspectives d\u2019insertion qu\u2019on pourra participer \u00e0 insuffler de l\u2019espoir dans les carri\u00e8res artistiques de nos jeunes artistes.<\/p>\n<p>Pierre Bertrand, <a href=\"https:\/\/www.grandsformats.com\/artist\/pierre-bertrand-la-caja-negra\/\">La Caja Negra<\/a>, membre du CA de <a href=\"https:\/\/www.grandsformats.com\/\">Grands Formats<\/a><\/p>\n<p><span style=\"font-size: 10pt;\">\u00a9 Isabelle Jarre<\/span><\/p>\n","protected":false},"excerpt":{"rendered":"<p>N\u2019avez-vous pas constat\u00e9, chez nos jeunes, autour de vous un mal de vivre qui s\u2019aggrave depuis des mois ? Personnellement en tant qu\u2019adulte, parent, professeur, je sens une proportion grandissante parmi les 17\/25 ans de sujets \u00e0 de la d\u00e9prime, \u00e0 de la vraie d\u00e9pression&#8230; Nos jeunes sont fragiles en ce moment. Dans le secteur&#8230;<\/p>\n<p><a rel=\"bookmark\" class=\"theme-button-text wvc-button wvc-button-size-xs\" href=\"https:\/\/www.grandsformats.com\/en\/2022\/06\/nos-jeunes\/\"><small class=\"wvc-button-background-fill\"><\/small><span>Continue reading<\/span><\/a><\/p>\n","protected":false},"author":2,"featured_media":12961,"comment_status":"open","ping_status":"open","sticky":false,"template":"","format":"standard","meta":{"_acf_changed":false,"footnotes":""},"categories":[224],"tags":[],"class_list":["post-17042","post","type-post","status-publish","format-standard","has-post-thumbnail","hentry","category-tribunes","entry-post-skin-light","entry","clearfix","entry-grid","entry-columns-default","entry-post-module-layout-sidebar-right","thumbnail-color-tone-dark","metro-landscape","entry-post","entry-masonry","entry-post-masonry"],"acf":[],"yoast_head":"<!-- This site is optimized with the Yoast SEO plugin v25.8 - https:\/\/yoast.com\/wordpress\/plugins\/seo\/ -->\n<title>Nos jeunes... - Site officiel de la f\u00e9d\u00e9ration Grands Formats<\/title>\n<meta name=\"robots\" content=\"index, follow, max-snippet:-1, max-image-preview:large, max-video-preview:-1\" \/>\n<link rel=\"canonical\" href=\"https:\/\/www.grandsformats.com\/2022\/06\/nos-jeunes\/\" \/>\n<meta property=\"og:locale\" content=\"en_US\" \/>\n<meta property=\"og:type\" content=\"article\" \/>\n<meta property=\"og:title\" content=\"Nos jeunes... - Site officiel de la f\u00e9d\u00e9ration Grands Formats\" \/>\n<meta property=\"og:description\" content=\"N\u2019avez-vous pas constat\u00e9, chez nos jeunes, autour de vous un mal de vivre qui s\u2019aggrave depuis des mois ? Personnellement en tant qu\u2019adulte, parent, professeur, je sens une proportion grandissante parmi les 17\/25 ans de sujets \u00e0 de la d\u00e9prime, \u00e0 de la vraie d\u00e9pression&#8230; Nos jeunes sont fragiles en ce moment. Dans le secteur...Continue reading\" \/>\n<meta property=\"og:url\" content=\"https:\/\/www.grandsformats.com\/2022\/06\/nos-jeunes\/\" \/>\n<meta property=\"og:site_name\" content=\"Site officiel de la f\u00e9d\u00e9ration Grands Formats\" \/>\n<meta property=\"article:publisher\" content=\"https:\/\/www.facebook.com\/grandsformats\/\" \/>\n<meta property=\"article:published_time\" content=\"2022-06-08T09:14:44+00:00\" \/>\n<meta property=\"article:modified_time\" content=\"2022-06-08T10:08:05+00:00\" \/>\n<meta property=\"og:image\" content=\"https:\/\/www.grandsformats.com\/wp-content\/uploads\/2019\/04\/Portrait-de-Pierre-Bertrand-\u00a9-Isabelle-Jarre-2017.jpg\" \/>\n\t<meta property=\"og:image:width\" content=\"1920\" \/>\n\t<meta property=\"og:image:height\" content=\"1080\" \/>\n\t<meta property=\"og:image:type\" content=\"image\/jpeg\" \/>\n<meta name=\"author\" content=\"Grands Formats\" \/>\n<meta name=\"twitter:card\" content=\"summary_large_image\" \/>\n<meta name=\"twitter:creator\" content=\"@GrandsFormatsGF\" \/>\n<meta name=\"twitter:site\" content=\"@GrandsFormatsGF\" \/>\n<meta name=\"twitter:label1\" content=\"Written by\" \/>\n\t<meta name=\"twitter:data1\" content=\"Grands Formats\" \/>\n\t<meta name=\"twitter:label2\" content=\"Est. reading time\" \/>\n\t<meta name=\"twitter:data2\" content=\"3 minutes\" \/>\n<script type=\"application\/ld+json\" class=\"yoast-schema-graph\">{\"@context\":\"https:\/\/schema.org\",\"@graph\":[{\"@type\":\"Article\",\"@id\":\"https:\/\/www.grandsformats.com\/2022\/06\/nos-jeunes\/#article\",\"isPartOf\":{\"@id\":\"https:\/\/www.grandsformats.com\/2022\/06\/nos-jeunes\/\"},\"author\":{\"name\":\"Grands Formats\",\"@id\":\"https:\/\/www.grandsformats.com\/#\/schema\/person\/6ecde7e38a2254b5bc9d620679208ee1\"},\"headline\":\"Nos jeunes&#8230;\",\"datePublished\":\"2022-06-08T09:14:44+00:00\",\"dateModified\":\"2022-06-08T10:08:05+00:00\",\"mainEntityOfPage\":{\"@id\":\"https:\/\/www.grandsformats.com\/2022\/06\/nos-jeunes\/\"},\"wordCount\":788,\"commentCount\":0,\"publisher\":{\"@id\":\"https:\/\/www.grandsformats.com\/#organization\"},\"image\":{\"@id\":\"https:\/\/www.grandsformats.com\/2022\/06\/nos-jeunes\/#primaryimage\"},\"thumbnailUrl\":\"https:\/\/www.grandsformats.com\/wp-content\/uploads\/2019\/04\/Portrait-de-Pierre-Bertrand-\u00a9-Isabelle-Jarre-2017.jpg\",\"articleSection\":[\"Tribunes\"],\"inLanguage\":\"en-US\",\"potentialAction\":[{\"@type\":\"CommentAction\",\"name\":\"Comment\",\"target\":[\"https:\/\/www.grandsformats.com\/2022\/06\/nos-jeunes\/#respond\"]}]},{\"@type\":\"WebPage\",\"@id\":\"https:\/\/www.grandsformats.com\/2022\/06\/nos-jeunes\/\",\"url\":\"https:\/\/www.grandsformats.com\/2022\/06\/nos-jeunes\/\",\"name\":\"Nos jeunes... - Site officiel de la f\u00e9d\u00e9ration Grands Formats\",\"isPartOf\":{\"@id\":\"https:\/\/www.grandsformats.com\/#website\"},\"primaryImageOfPage\":{\"@id\":\"https:\/\/www.grandsformats.com\/2022\/06\/nos-jeunes\/#primaryimage\"},\"image\":{\"@id\":\"https:\/\/www.grandsformats.com\/2022\/06\/nos-jeunes\/#primaryimage\"},\"thumbnailUrl\":\"https:\/\/www.grandsformats.com\/wp-content\/uploads\/2019\/04\/Portrait-de-Pierre-Bertrand-\u00a9-Isabelle-Jarre-2017.jpg\",\"datePublished\":\"2022-06-08T09:14:44+00:00\",\"dateModified\":\"2022-06-08T10:08:05+00:00\",\"breadcrumb\":{\"@id\":\"https:\/\/www.grandsformats.com\/2022\/06\/nos-jeunes\/#breadcrumb\"},\"inLanguage\":\"en-US\",\"potentialAction\":[{\"@type\":\"ReadAction\",\"target\":[\"https:\/\/www.grandsformats.com\/2022\/06\/nos-jeunes\/\"]}]},{\"@type\":\"ImageObject\",\"inLanguage\":\"en-US\",\"@id\":\"https:\/\/www.grandsformats.com\/2022\/06\/nos-jeunes\/#primaryimage\",\"url\":\"https:\/\/www.grandsformats.com\/wp-content\/uploads\/2019\/04\/Portrait-de-Pierre-Bertrand-\u00a9-Isabelle-Jarre-2017.jpg\",\"contentUrl\":\"https:\/\/www.grandsformats.com\/wp-content\/uploads\/2019\/04\/Portrait-de-Pierre-Bertrand-\u00a9-Isabelle-Jarre-2017.jpg\",\"width\":1920,\"height\":1080,\"caption\":\"OLYMPUS DIGITAL CAMERA\"},{\"@type\":\"BreadcrumbList\",\"@id\":\"https:\/\/www.grandsformats.com\/2022\/06\/nos-jeunes\/#breadcrumb\",\"itemListElement\":[{\"@type\":\"ListItem\",\"position\":1,\"name\":\"Accueil\",\"item\":\"https:\/\/www.grandsformats.com\/en\/\"},{\"@type\":\"ListItem\",\"position\":2,\"name\":\"Nos jeunes&#8230;\"}]},{\"@type\":\"WebSite\",\"@id\":\"https:\/\/www.grandsformats.com\/#website\",\"url\":\"https:\/\/www.grandsformats.com\/\",\"name\":\"Site officiel de la f\u00e9d\u00e9ration Grands Formats\",\"description\":\"F\u00e9d\u00e9ration d&#039;artistes pour la musique en grand !\",\"publisher\":{\"@id\":\"https:\/\/www.grandsformats.com\/#organization\"},\"potentialAction\":[{\"@type\":\"SearchAction\",\"target\":{\"@type\":\"EntryPoint\",\"urlTemplate\":\"https:\/\/www.grandsformats.com\/?s={search_term_string}\"},\"query-input\":{\"@type\":\"PropertyValueSpecification\",\"valueRequired\":true,\"valueName\":\"search_term_string\"}}],\"inLanguage\":\"en-US\"},{\"@type\":\"Organization\",\"@id\":\"https:\/\/www.grandsformats.com\/#organization\",\"name\":\"Grands Formats\",\"url\":\"https:\/\/www.grandsformats.com\/\",\"logo\":{\"@type\":\"ImageObject\",\"inLanguage\":\"en-US\",\"@id\":\"https:\/\/www.grandsformats.com\/#\/schema\/logo\/image\/\",\"url\":\"https:\/\/www.grandsformats.com\/wp-content\/uploads\/2020\/03\/logo-GF-200.png\",\"contentUrl\":\"https:\/\/www.grandsformats.com\/wp-content\/uploads\/2020\/03\/logo-GF-200.png\",\"width\":155,\"height\":200,\"caption\":\"Grands Formats\"},\"image\":{\"@id\":\"https:\/\/www.grandsformats.com\/#\/schema\/logo\/image\/\"},\"sameAs\":[\"https:\/\/www.facebook.com\/grandsformats\/\",\"https:\/\/x.com\/GrandsFormatsGF\",\"https:\/\/www.instagram.com\/grandsformats\/\",\"https:\/\/www.youtube.com\/channel\/UCJ7k9dbqc_DG-nxI3WMPvhw?view_as=subscriberhttps:\/\/www.youtube.com\/channel\/UCJ7k9dbqc_DG-nxI3WMPvhw?view_as=subscriber\"]},{\"@type\":\"Person\",\"@id\":\"https:\/\/www.grandsformats.com\/#\/schema\/person\/6ecde7e38a2254b5bc9d620679208ee1\",\"name\":\"Grands Formats\",\"image\":{\"@type\":\"ImageObject\",\"inLanguage\":\"en-US\",\"@id\":\"https:\/\/www.grandsformats.com\/#\/schema\/person\/image\/\",\"url\":\"https:\/\/secure.gravatar.com\/avatar\/5d06febf5ba4681bd17a251487132861b5339c2d72f789e59decf1c1b05d0078?s=96&d=mm&r=g\",\"contentUrl\":\"https:\/\/secure.gravatar.com\/avatar\/5d06febf5ba4681bd17a251487132861b5339c2d72f789e59decf1c1b05d0078?s=96&d=mm&r=g\",\"caption\":\"Grands Formats\"},\"url\":\"https:\/\/www.grandsformats.com\/en\/author\/margaux\/\"}]}<\/script>\n<!-- \/ Yoast SEO plugin. -->","yoast_head_json":{"title":"Nos jeunes... - Site officiel de la f\u00e9d\u00e9ration Grands Formats","robots":{"index":"index","follow":"follow","max-snippet":"max-snippet:-1","max-image-preview":"max-image-preview:large","max-video-preview":"max-video-preview:-1"},"canonical":"https:\/\/www.grandsformats.com\/2022\/06\/nos-jeunes\/","og_locale":"en_US","og_type":"article","og_title":"Nos jeunes... - Site officiel de la f\u00e9d\u00e9ration Grands Formats","og_description":"N\u2019avez-vous pas constat\u00e9, chez nos jeunes, autour de vous un mal de vivre qui s\u2019aggrave depuis des mois ? Personnellement en tant qu\u2019adulte, parent, professeur, je sens une proportion grandissante parmi les 17\/25 ans de sujets \u00e0 de la d\u00e9prime, \u00e0 de la vraie d\u00e9pression&#8230; Nos jeunes sont fragiles en ce moment. Dans le secteur...Continue reading","og_url":"https:\/\/www.grandsformats.com\/2022\/06\/nos-jeunes\/","og_site_name":"Site officiel de la f\u00e9d\u00e9ration Grands Formats","article_publisher":"https:\/\/www.facebook.com\/grandsformats\/","article_published_time":"2022-06-08T09:14:44+00:00","article_modified_time":"2022-06-08T10:08:05+00:00","og_image":[{"width":1920,"height":1080,"url":"https:\/\/www.grandsformats.com\/wp-content\/uploads\/2019\/04\/Portrait-de-Pierre-Bertrand-\u00a9-Isabelle-Jarre-2017.jpg","type":"image\/jpeg"}],"author":"Grands Formats","twitter_card":"summary_large_image","twitter_creator":"@GrandsFormatsGF","twitter_site":"@GrandsFormatsGF","twitter_misc":{"Written by":"Grands Formats","Est. reading time":"3 minutes"},"schema":{"@context":"https:\/\/schema.org","@graph":[{"@type":"Article","@id":"https:\/\/www.grandsformats.com\/2022\/06\/nos-jeunes\/#article","isPartOf":{"@id":"https:\/\/www.grandsformats.com\/2022\/06\/nos-jeunes\/"},"author":{"name":"Grands Formats","@id":"https:\/\/www.grandsformats.com\/#\/schema\/person\/6ecde7e38a2254b5bc9d620679208ee1"},"headline":"Nos jeunes&#8230;","datePublished":"2022-06-08T09:14:44+00:00","dateModified":"2022-06-08T10:08:05+00:00","mainEntityOfPage":{"@id":"https:\/\/www.grandsformats.com\/2022\/06\/nos-jeunes\/"},"wordCount":788,"commentCount":0,"publisher":{"@id":"https:\/\/www.grandsformats.com\/#organization"},"image":{"@id":"https:\/\/www.grandsformats.com\/2022\/06\/nos-jeunes\/#primaryimage"},"thumbnailUrl":"https:\/\/www.grandsformats.com\/wp-content\/uploads\/2019\/04\/Portrait-de-Pierre-Bertrand-\u00a9-Isabelle-Jarre-2017.jpg","articleSection":["Tribunes"],"inLanguage":"en-US","potentialAction":[{"@type":"CommentAction","name":"Comment","target":["https:\/\/www.grandsformats.com\/2022\/06\/nos-jeunes\/#respond"]}]},{"@type":"WebPage","@id":"https:\/\/www.grandsformats.com\/2022\/06\/nos-jeunes\/","url":"https:\/\/www.grandsformats.com\/2022\/06\/nos-jeunes\/","name":"Nos jeunes... - Site officiel de la f\u00e9d\u00e9ration Grands Formats","isPartOf":{"@id":"https:\/\/www.grandsformats.com\/#website"},"primaryImageOfPage":{"@id":"https:\/\/www.grandsformats.com\/2022\/06\/nos-jeunes\/#primaryimage"},"image":{"@id":"https:\/\/www.grandsformats.com\/2022\/06\/nos-jeunes\/#primaryimage"},"thumbnailUrl":"https:\/\/www.grandsformats.com\/wp-content\/uploads\/2019\/04\/Portrait-de-Pierre-Bertrand-\u00a9-Isabelle-Jarre-2017.jpg","datePublished":"2022-06-08T09:14:44+00:00","dateModified":"2022-06-08T10:08:05+00:00","breadcrumb":{"@id":"https:\/\/www.grandsformats.com\/2022\/06\/nos-jeunes\/#breadcrumb"},"inLanguage":"en-US","potentialAction":[{"@type":"ReadAction","target":["https:\/\/www.grandsformats.com\/2022\/06\/nos-jeunes\/"]}]},{"@type":"ImageObject","inLanguage":"en-US","@id":"https:\/\/www.grandsformats.com\/2022\/06\/nos-jeunes\/#primaryimage","url":"https:\/\/www.grandsformats.com\/wp-content\/uploads\/2019\/04\/Portrait-de-Pierre-Bertrand-\u00a9-Isabelle-Jarre-2017.jpg","contentUrl":"https:\/\/www.grandsformats.com\/wp-content\/uploads\/2019\/04\/Portrait-de-Pierre-Bertrand-\u00a9-Isabelle-Jarre-2017.jpg","width":1920,"height":1080,"caption":"OLYMPUS DIGITAL CAMERA"},{"@type":"BreadcrumbList","@id":"https:\/\/www.grandsformats.com\/2022\/06\/nos-jeunes\/#breadcrumb","itemListElement":[{"@type":"ListItem","position":1,"name":"Accueil","item":"https:\/\/www.grandsformats.com\/en\/"},{"@type":"ListItem","position":2,"name":"Nos jeunes&#8230;"}]},{"@type":"WebSite","@id":"https:\/\/www.grandsformats.com\/#website","url":"https:\/\/www.grandsformats.com\/","name":"Site officiel de la f\u00e9d\u00e9ration Grands Formats","description":"F\u00e9d\u00e9ration d&#039;artistes pour la musique en grand !","publisher":{"@id":"https:\/\/www.grandsformats.com\/#organization"},"potentialAction":[{"@type":"SearchAction","target":{"@type":"EntryPoint","urlTemplate":"https:\/\/www.grandsformats.com\/?s={search_term_string}"},"query-input":{"@type":"PropertyValueSpecification","valueRequired":true,"valueName":"search_term_string"}}],"inLanguage":"en-US"},{"@type":"Organization","@id":"https:\/\/www.grandsformats.com\/#organization","name":"Grands Formats","url":"https:\/\/www.grandsformats.com\/","logo":{"@type":"ImageObject","inLanguage":"en-US","@id":"https:\/\/www.grandsformats.com\/#\/schema\/logo\/image\/","url":"https:\/\/www.grandsformats.com\/wp-content\/uploads\/2020\/03\/logo-GF-200.png","contentUrl":"https:\/\/www.grandsformats.com\/wp-content\/uploads\/2020\/03\/logo-GF-200.png","width":155,"height":200,"caption":"Grands Formats"},"image":{"@id":"https:\/\/www.grandsformats.com\/#\/schema\/logo\/image\/"},"sameAs":["https:\/\/www.facebook.com\/grandsformats\/","https:\/\/x.com\/GrandsFormatsGF","https:\/\/www.instagram.com\/grandsformats\/","https:\/\/www.youtube.com\/channel\/UCJ7k9dbqc_DG-nxI3WMPvhw?view_as=subscriberhttps:\/\/www.youtube.com\/channel\/UCJ7k9dbqc_DG-nxI3WMPvhw?view_as=subscriber"]},{"@type":"Person","@id":"https:\/\/www.grandsformats.com\/#\/schema\/person\/6ecde7e38a2254b5bc9d620679208ee1","name":"Grands Formats","image":{"@type":"ImageObject","inLanguage":"en-US","@id":"https:\/\/www.grandsformats.com\/#\/schema\/person\/image\/","url":"https:\/\/secure.gravatar.com\/avatar\/5d06febf5ba4681bd17a251487132861b5339c2d72f789e59decf1c1b05d0078?s=96&d=mm&r=g","contentUrl":"https:\/\/secure.gravatar.com\/avatar\/5d06febf5ba4681bd17a251487132861b5339c2d72f789e59decf1c1b05d0078?s=96&d=mm&r=g","caption":"Grands Formats"},"url":"https:\/\/www.grandsformats.com\/en\/author\/margaux\/"}]}},"_links":{"self":[{"href":"https:\/\/www.grandsformats.com\/en\/wp-json\/wp\/v2\/posts\/17042","targetHints":{"allow":["GET"]}}],"collection":[{"href":"https:\/\/www.grandsformats.com\/en\/wp-json\/wp\/v2\/posts"}],"about":[{"href":"https:\/\/www.grandsformats.com\/en\/wp-json\/wp\/v2\/types\/post"}],"author":[{"embeddable":true,"href":"https:\/\/www.grandsformats.com\/en\/wp-json\/wp\/v2\/users\/2"}],"replies":[{"embeddable":true,"href":"https:\/\/www.grandsformats.com\/en\/wp-json\/wp\/v2\/comments?post=17042"}],"version-history":[{"count":0,"href":"https:\/\/www.grandsformats.com\/en\/wp-json\/wp\/v2\/posts\/17042\/revisions"}],"wp:featuredmedia":[{"embeddable":true,"href":"https:\/\/www.grandsformats.com\/en\/wp-json\/wp\/v2\/media\/12961"}],"wp:attachment":[{"href":"https:\/\/www.grandsformats.com\/en\/wp-json\/wp\/v2\/media?parent=17042"}],"wp:term":[{"taxonomy":"category","embeddable":true,"href":"https:\/\/www.grandsformats.com\/en\/wp-json\/wp\/v2\/categories?post=17042"},{"taxonomy":"post_tag","embeddable":true,"href":"https:\/\/www.grandsformats.com\/en\/wp-json\/wp\/v2\/tags?post=17042"}],"curies":[{"name":"wp","href":"https:\/\/api.w.org\/{rel}","templated":true}]}}