{"id":16970,"date":"2022-05-09T11:19:14","date_gmt":"2022-05-09T09:19:14","guid":{"rendered":"https:\/\/www.grandsformats.com\/?p=16970"},"modified":"2022-05-09T11:19:14","modified_gmt":"2022-05-09T09:19:14","slug":"onceim-en-residence-de-creation-avec-jim-orourke-et-ellen-arkbro","status":"publish","type":"post","link":"https:\/\/www.grandsformats.com\/en\/2022\/05\/onceim-en-residence-de-creation-avec-jim-orourke-et-ellen-arkbro\/","title":{"rendered":"Onceim en r\u00e9sidence de cr\u00e9ation avec Jim O\u2019Rourke et Ellen Arkbro"},"content":{"rendered":"<div class=\"\">En mai, <a href=\"https:\/\/www.grandsformats.com\/artist\/onceim\/\">l\u2019Onceim<\/a>\u00a0entre en r\u00e9sidence \u00e0\u00a0La Muse en Circuit\u00a0(Centre National de Cr\u00e9ation Musicale d\u2019Alfortville) pour pr\u00e9parer la cr\u00e9ation de deux nouvelles \u0153uvres command\u00e9es conjointement avec\u00a0l\u2019INA-GRM\u00a0aux\u00a0compositeurs\u00a0<a class=\"link-build-content\" href=\"https:\/\/onceim.fr\/ellen-arkbro\/\" target=\"_blank\" rel=\"noopener\"><span class=\"\">Ellen Arkbro<\/span><\/a> et\u00a0<a href=\"https:\/\/onceim.fr\/jim-orourke\/\"><span class=\"\">Jim O\u2019Rourke<\/span><\/a>\u00a0qui les accompagneront. Il s\u2019agit pour chacun de leur premi\u00e8re pi\u00e8ce pour grand ensemble.<\/div>\n<div><\/div>\n<div class=\"\">Deux cr\u00e9ations singuli\u00e8res donc, pour deux orchestres tout aussi singuliers : l\u2019Onceim et ses 35 instrumentistes exp\u00e9rimentateurs ; et l\u2019acousmonium de l\u2019INA-GRM, orchestre d\u2019\u00e0 peu pr\u00e8s autant de haut-parleurs spatialis\u00e9s et aux nuances diversifi\u00e9es.<\/div>\n<div><\/div>\n<div class=\"\">Les premi\u00e8res mondiales de ces \u0153uvres auront lieu en public\u00a0<b class=\"\">le 29 mai au\u00a0<\/b><a class=\"link-build-content\" href=\"http:\/\/mhnq.mj.am\/lnk\/CAAAAtAsYvEAAAAAAAAAAMt95GgAAAAAdTQAAAAAAAK-ZgBia-Dykl5DlNLrSAu7pjgga8ga6AACoC0\/5\/j6__pLO8lgYlwo7TrrCRMg\/aHR0cHM6Ly93d3cubWFpc29uZGVsYXJhZGlvZXRkZWxhbXVzaXF1ZS5mci9ldmVuZW1lbnQvbXVzaXF1ZS1jb250ZW1wb3JhaW5lL2luYS1ncm0tbXVsdGlwaG9uaWVzLTQ\" target=\"_blank\" rel=\"noopener\"><span class=\"\"><b class=\"\">Studio 104 de la Maison de la Radio<\/b><\/span><\/a> (75) et entreront au r\u00e9pertoire de l\u2019<b class=\"\">Onceim<\/b>\u00a0pour une diffusion en France et \u00e0 l\u2019international.<\/div>\n<p><a href=\"https:\/\/onceim.fr\/akousma7\/\">En savoir plus<\/a><\/p>\n<p>\u00a9 DR<\/p>\n","protected":false},"excerpt":{"rendered":"<p>En mai, l\u2019Onceim\u00a0entre en r\u00e9sidence \u00e0\u00a0La Muse en Circuit\u00a0(Centre National de Cr\u00e9ation Musicale d\u2019Alfortville) pour pr\u00e9parer la cr\u00e9ation de deux nouvelles \u0153uvres command\u00e9es conjointement avec\u00a0l\u2019INA-GRM\u00a0aux\u00a0compositeurs\u00a0Ellen Arkbro et\u00a0Jim O\u2019Rourke\u00a0qui les accompagneront. Il s\u2019agit pour chacun de leur premi\u00e8re pi\u00e8ce pour grand ensemble. Deux cr\u00e9ations singuli\u00e8res donc, pour deux orchestres tout aussi singuliers : l\u2019Onceim et ses&#8230;<\/p>\n<p><a rel=\"bookmark\" class=\"theme-button-text wvc-button wvc-button-size-xs\" href=\"https:\/\/www.grandsformats.com\/en\/2022\/05\/onceim-en-residence-de-creation-avec-jim-orourke-et-ellen-arkbro\/\"><small class=\"wvc-button-background-fill\"><\/small><span>Continue reading<\/span><\/a><\/p>\n","protected":false},"author":2,"featured_media":16971,"comment_status":"open","ping_status":"open","sticky":false,"template":"","format":"standard","meta":{"_acf_changed":false,"footnotes":""},"categories":[95,898],"tags":[],"class_list":["post-16970","post","type-post","status-publish","format-standard","has-post-thumbnail","hentry","category-membres","category-onceim","entry-post-skin-light","entry","clearfix","entry-grid","entry-columns-default","entry-post-module-layout-sidebar-right","thumbnail-color-tone-dark","metro-landscape","entry-post","entry-masonry","entry-post-masonry"],"acf":[],"yoast_head":"<!-- This site is optimized with the Yoast SEO plugin v25.8 - https:\/\/yoast.com\/wordpress\/plugins\/seo\/ -->\n<title>Onceim en r\u00e9sidence de cr\u00e9ation avec Jim O\u2019Rourke et Ellen Arkbro - Site officiel de la f\u00e9d\u00e9ration Grands Formats<\/title>\n<meta name=\"robots\" content=\"index, follow, max-snippet:-1, max-image-preview:large, max-video-preview:-1\" \/>\n<link rel=\"canonical\" href=\"https:\/\/www.grandsformats.com\/2022\/05\/onceim-en-residence-de-creation-avec-jim-orourke-et-ellen-arkbro\/\" \/>\n<meta property=\"og:locale\" content=\"en_US\" \/>\n<meta property=\"og:type\" content=\"article\" \/>\n<meta property=\"og:title\" content=\"Onceim en r\u00e9sidence de cr\u00e9ation avec Jim O\u2019Rourke et Ellen Arkbro - Site officiel de la f\u00e9d\u00e9ration Grands Formats\" \/>\n<meta property=\"og:description\" content=\"En mai, l\u2019Onceim\u00a0entre en r\u00e9sidence \u00e0\u00a0La Muse en Circuit\u00a0(Centre National de Cr\u00e9ation Musicale d\u2019Alfortville) pour pr\u00e9parer la cr\u00e9ation de deux nouvelles \u0153uvres command\u00e9es conjointement avec\u00a0l\u2019INA-GRM\u00a0aux\u00a0compositeurs\u00a0Ellen Arkbro et\u00a0Jim O\u2019Rourke\u00a0qui les accompagneront. Il s\u2019agit pour chacun de leur premi\u00e8re pi\u00e8ce pour grand ensemble. Deux cr\u00e9ations singuli\u00e8res donc, pour deux orchestres tout aussi singuliers : l\u2019Onceim et ses...Continue reading\" \/>\n<meta property=\"og:url\" content=\"https:\/\/www.grandsformats.com\/2022\/05\/onceim-en-residence-de-creation-avec-jim-orourke-et-ellen-arkbro\/\" \/>\n<meta property=\"og:site_name\" content=\"Site officiel de la f\u00e9d\u00e9ration Grands Formats\" \/>\n<meta property=\"article:publisher\" content=\"https:\/\/www.facebook.com\/grandsformats\/\" \/>\n<meta property=\"article:published_time\" content=\"2022-05-09T09:19:14+00:00\" \/>\n<meta property=\"og:image\" content=\"https:\/\/www.grandsformats.com\/wp-content\/uploads\/2022\/05\/ONCEIM-dispositif-acousmonium-1920x1080-1.jpg\" \/>\n\t<meta property=\"og:image:width\" content=\"1920\" \/>\n\t<meta property=\"og:image:height\" content=\"1081\" \/>\n\t<meta property=\"og:image:type\" content=\"image\/jpeg\" \/>\n<meta name=\"author\" content=\"Grands Formats\" \/>\n<meta name=\"twitter:card\" content=\"summary_large_image\" \/>\n<meta name=\"twitter:creator\" content=\"@GrandsFormatsGF\" \/>\n<meta name=\"twitter:site\" content=\"@GrandsFormatsGF\" \/>\n<meta name=\"twitter:label1\" content=\"Written by\" \/>\n\t<meta name=\"twitter:data1\" content=\"Grands Formats\" \/>\n\t<meta name=\"twitter:label2\" content=\"Est. reading time\" \/>\n\t<meta name=\"twitter:data2\" content=\"1 minute\" \/>\n<script type=\"application\/ld+json\" class=\"yoast-schema-graph\">{\"@context\":\"https:\/\/schema.org\",\"@graph\":[{\"@type\":\"Article\",\"@id\":\"https:\/\/www.grandsformats.com\/2022\/05\/onceim-en-residence-de-creation-avec-jim-orourke-et-ellen-arkbro\/#article\",\"isPartOf\":{\"@id\":\"https:\/\/www.grandsformats.com\/2022\/05\/onceim-en-residence-de-creation-avec-jim-orourke-et-ellen-arkbro\/\"},\"author\":{\"name\":\"Grands Formats\",\"@id\":\"https:\/\/www.grandsformats.com\/#\/schema\/person\/6ecde7e38a2254b5bc9d620679208ee1\"},\"headline\":\"Onceim en r\u00e9sidence de cr\u00e9ation avec Jim O\u2019Rourke et Ellen Arkbro\",\"datePublished\":\"2022-05-09T09:19:14+00:00\",\"mainEntityOfPage\":{\"@id\":\"https:\/\/www.grandsformats.com\/2022\/05\/onceim-en-residence-de-creation-avec-jim-orourke-et-ellen-arkbro\/\"},\"wordCount\":156,\"commentCount\":0,\"publisher\":{\"@id\":\"https:\/\/www.grandsformats.com\/#organization\"},\"image\":{\"@id\":\"https:\/\/www.grandsformats.com\/2022\/05\/onceim-en-residence-de-creation-avec-jim-orourke-et-ellen-arkbro\/#primaryimage\"},\"thumbnailUrl\":\"https:\/\/www.grandsformats.com\/wp-content\/uploads\/2022\/05\/ONCEIM-dispositif-acousmonium-1920x1080-1.jpg\",\"articleSection\":[\"Actus des membres\",\"ONCEIM\"],\"inLanguage\":\"en-US\",\"potentialAction\":[{\"@type\":\"CommentAction\",\"name\":\"Comment\",\"target\":[\"https:\/\/www.grandsformats.com\/2022\/05\/onceim-en-residence-de-creation-avec-jim-orourke-et-ellen-arkbro\/#respond\"]}]},{\"@type\":\"WebPage\",\"@id\":\"https:\/\/www.grandsformats.com\/2022\/05\/onceim-en-residence-de-creation-avec-jim-orourke-et-ellen-arkbro\/\",\"url\":\"https:\/\/www.grandsformats.com\/2022\/05\/onceim-en-residence-de-creation-avec-jim-orourke-et-ellen-arkbro\/\",\"name\":\"Onceim en r\u00e9sidence de cr\u00e9ation avec Jim O\u2019Rourke et Ellen Arkbro - Site officiel de la f\u00e9d\u00e9ration Grands Formats\",\"isPartOf\":{\"@id\":\"https:\/\/www.grandsformats.com\/#website\"},\"primaryImageOfPage\":{\"@id\":\"https:\/\/www.grandsformats.com\/2022\/05\/onceim-en-residence-de-creation-avec-jim-orourke-et-ellen-arkbro\/#primaryimage\"},\"image\":{\"@id\":\"https:\/\/www.grandsformats.com\/2022\/05\/onceim-en-residence-de-creation-avec-jim-orourke-et-ellen-arkbro\/#primaryimage\"},\"thumbnailUrl\":\"https:\/\/www.grandsformats.com\/wp-content\/uploads\/2022\/05\/ONCEIM-dispositif-acousmonium-1920x1080-1.jpg\",\"datePublished\":\"2022-05-09T09:19:14+00:00\",\"breadcrumb\":{\"@id\":\"https:\/\/www.grandsformats.com\/2022\/05\/onceim-en-residence-de-creation-avec-jim-orourke-et-ellen-arkbro\/#breadcrumb\"},\"inLanguage\":\"en-US\",\"potentialAction\":[{\"@type\":\"ReadAction\",\"target\":[\"https:\/\/www.grandsformats.com\/2022\/05\/onceim-en-residence-de-creation-avec-jim-orourke-et-ellen-arkbro\/\"]}]},{\"@type\":\"ImageObject\",\"inLanguage\":\"en-US\",\"@id\":\"https:\/\/www.grandsformats.com\/2022\/05\/onceim-en-residence-de-creation-avec-jim-orourke-et-ellen-arkbro\/#primaryimage\",\"url\":\"https:\/\/www.grandsformats.com\/wp-content\/uploads\/2022\/05\/ONCEIM-dispositif-acousmonium-1920x1080-1.jpg\",\"contentUrl\":\"https:\/\/www.grandsformats.com\/wp-content\/uploads\/2022\/05\/ONCEIM-dispositif-acousmonium-1920x1080-1.jpg\",\"width\":1920,\"height\":1081,\"caption\":\"Onceim\"},{\"@type\":\"BreadcrumbList\",\"@id\":\"https:\/\/www.grandsformats.com\/2022\/05\/onceim-en-residence-de-creation-avec-jim-orourke-et-ellen-arkbro\/#breadcrumb\",\"itemListElement\":[{\"@type\":\"ListItem\",\"position\":1,\"name\":\"Accueil\",\"item\":\"https:\/\/www.grandsformats.com\/en\/\"},{\"@type\":\"ListItem\",\"position\":2,\"name\":\"Onceim en r\u00e9sidence de cr\u00e9ation avec Jim O\u2019Rourke et Ellen Arkbro\"}]},{\"@type\":\"WebSite\",\"@id\":\"https:\/\/www.grandsformats.com\/#website\",\"url\":\"https:\/\/www.grandsformats.com\/\",\"name\":\"Site officiel de la f\u00e9d\u00e9ration Grands Formats\",\"description\":\"F\u00e9d\u00e9ration d&#039;artistes pour la musique en grand !\",\"publisher\":{\"@id\":\"https:\/\/www.grandsformats.com\/#organization\"},\"potentialAction\":[{\"@type\":\"SearchAction\",\"target\":{\"@type\":\"EntryPoint\",\"urlTemplate\":\"https:\/\/www.grandsformats.com\/?s={search_term_string}\"},\"query-input\":{\"@type\":\"PropertyValueSpecification\",\"valueRequired\":true,\"valueName\":\"search_term_string\"}}],\"inLanguage\":\"en-US\"},{\"@type\":\"Organization\",\"@id\":\"https:\/\/www.grandsformats.com\/#organization\",\"name\":\"Grands Formats\",\"url\":\"https:\/\/www.grandsformats.com\/\",\"logo\":{\"@type\":\"ImageObject\",\"inLanguage\":\"en-US\",\"@id\":\"https:\/\/www.grandsformats.com\/#\/schema\/logo\/image\/\",\"url\":\"https:\/\/www.grandsformats.com\/wp-content\/uploads\/2020\/03\/logo-GF-200.png\",\"contentUrl\":\"https:\/\/www.grandsformats.com\/wp-content\/uploads\/2020\/03\/logo-GF-200.png\",\"width\":155,\"height\":200,\"caption\":\"Grands Formats\"},\"image\":{\"@id\":\"https:\/\/www.grandsformats.com\/#\/schema\/logo\/image\/\"},\"sameAs\":[\"https:\/\/www.facebook.com\/grandsformats\/\",\"https:\/\/x.com\/GrandsFormatsGF\",\"https:\/\/www.instagram.com\/grandsformats\/\",\"https:\/\/www.youtube.com\/channel\/UCJ7k9dbqc_DG-nxI3WMPvhw?view_as=subscriberhttps:\/\/www.youtube.com\/channel\/UCJ7k9dbqc_DG-nxI3WMPvhw?view_as=subscriber\"]},{\"@type\":\"Person\",\"@id\":\"https:\/\/www.grandsformats.com\/#\/schema\/person\/6ecde7e38a2254b5bc9d620679208ee1\",\"name\":\"Grands Formats\",\"image\":{\"@type\":\"ImageObject\",\"inLanguage\":\"en-US\",\"@id\":\"https:\/\/www.grandsformats.com\/#\/schema\/person\/image\/\",\"url\":\"https:\/\/secure.gravatar.com\/avatar\/5d06febf5ba4681bd17a251487132861b5339c2d72f789e59decf1c1b05d0078?s=96&d=mm&r=g\",\"contentUrl\":\"https:\/\/secure.gravatar.com\/avatar\/5d06febf5ba4681bd17a251487132861b5339c2d72f789e59decf1c1b05d0078?s=96&d=mm&r=g\",\"caption\":\"Grands Formats\"},\"url\":\"https:\/\/www.grandsformats.com\/en\/author\/margaux\/\"}]}<\/script>\n<!-- \/ Yoast SEO plugin. -->","yoast_head_json":{"title":"Onceim en r\u00e9sidence de cr\u00e9ation avec Jim O\u2019Rourke et Ellen Arkbro - Site officiel de la f\u00e9d\u00e9ration Grands Formats","robots":{"index":"index","follow":"follow","max-snippet":"max-snippet:-1","max-image-preview":"max-image-preview:large","max-video-preview":"max-video-preview:-1"},"canonical":"https:\/\/www.grandsformats.com\/2022\/05\/onceim-en-residence-de-creation-avec-jim-orourke-et-ellen-arkbro\/","og_locale":"en_US","og_type":"article","og_title":"Onceim en r\u00e9sidence de cr\u00e9ation avec Jim O\u2019Rourke et Ellen Arkbro - Site officiel de la f\u00e9d\u00e9ration Grands Formats","og_description":"En mai, l\u2019Onceim\u00a0entre en r\u00e9sidence \u00e0\u00a0La Muse en Circuit\u00a0(Centre National de Cr\u00e9ation Musicale d\u2019Alfortville) pour pr\u00e9parer la cr\u00e9ation de deux nouvelles \u0153uvres command\u00e9es conjointement avec\u00a0l\u2019INA-GRM\u00a0aux\u00a0compositeurs\u00a0Ellen Arkbro et\u00a0Jim O\u2019Rourke\u00a0qui les accompagneront. Il s\u2019agit pour chacun de leur premi\u00e8re pi\u00e8ce pour grand ensemble. Deux cr\u00e9ations singuli\u00e8res donc, pour deux orchestres tout aussi singuliers : l\u2019Onceim et ses...Continue reading","og_url":"https:\/\/www.grandsformats.com\/2022\/05\/onceim-en-residence-de-creation-avec-jim-orourke-et-ellen-arkbro\/","og_site_name":"Site officiel de la f\u00e9d\u00e9ration Grands Formats","article_publisher":"https:\/\/www.facebook.com\/grandsformats\/","article_published_time":"2022-05-09T09:19:14+00:00","og_image":[{"width":1920,"height":1081,"url":"https:\/\/www.grandsformats.com\/wp-content\/uploads\/2022\/05\/ONCEIM-dispositif-acousmonium-1920x1080-1.jpg","type":"image\/jpeg"}],"author":"Grands Formats","twitter_card":"summary_large_image","twitter_creator":"@GrandsFormatsGF","twitter_site":"@GrandsFormatsGF","twitter_misc":{"Written by":"Grands Formats","Est. reading time":"1 minute"},"schema":{"@context":"https:\/\/schema.org","@graph":[{"@type":"Article","@id":"https:\/\/www.grandsformats.com\/2022\/05\/onceim-en-residence-de-creation-avec-jim-orourke-et-ellen-arkbro\/#article","isPartOf":{"@id":"https:\/\/www.grandsformats.com\/2022\/05\/onceim-en-residence-de-creation-avec-jim-orourke-et-ellen-arkbro\/"},"author":{"name":"Grands Formats","@id":"https:\/\/www.grandsformats.com\/#\/schema\/person\/6ecde7e38a2254b5bc9d620679208ee1"},"headline":"Onceim en r\u00e9sidence de cr\u00e9ation avec Jim O\u2019Rourke et Ellen Arkbro","datePublished":"2022-05-09T09:19:14+00:00","mainEntityOfPage":{"@id":"https:\/\/www.grandsformats.com\/2022\/05\/onceim-en-residence-de-creation-avec-jim-orourke-et-ellen-arkbro\/"},"wordCount":156,"commentCount":0,"publisher":{"@id":"https:\/\/www.grandsformats.com\/#organization"},"image":{"@id":"https:\/\/www.grandsformats.com\/2022\/05\/onceim-en-residence-de-creation-avec-jim-orourke-et-ellen-arkbro\/#primaryimage"},"thumbnailUrl":"https:\/\/www.grandsformats.com\/wp-content\/uploads\/2022\/05\/ONCEIM-dispositif-acousmonium-1920x1080-1.jpg","articleSection":["Actus des membres","ONCEIM"],"inLanguage":"en-US","potentialAction":[{"@type":"CommentAction","name":"Comment","target":["https:\/\/www.grandsformats.com\/2022\/05\/onceim-en-residence-de-creation-avec-jim-orourke-et-ellen-arkbro\/#respond"]}]},{"@type":"WebPage","@id":"https:\/\/www.grandsformats.com\/2022\/05\/onceim-en-residence-de-creation-avec-jim-orourke-et-ellen-arkbro\/","url":"https:\/\/www.grandsformats.com\/2022\/05\/onceim-en-residence-de-creation-avec-jim-orourke-et-ellen-arkbro\/","name":"Onceim en r\u00e9sidence de cr\u00e9ation avec Jim O\u2019Rourke et Ellen Arkbro - Site officiel de la f\u00e9d\u00e9ration Grands Formats","isPartOf":{"@id":"https:\/\/www.grandsformats.com\/#website"},"primaryImageOfPage":{"@id":"https:\/\/www.grandsformats.com\/2022\/05\/onceim-en-residence-de-creation-avec-jim-orourke-et-ellen-arkbro\/#primaryimage"},"image":{"@id":"https:\/\/www.grandsformats.com\/2022\/05\/onceim-en-residence-de-creation-avec-jim-orourke-et-ellen-arkbro\/#primaryimage"},"thumbnailUrl":"https:\/\/www.grandsformats.com\/wp-content\/uploads\/2022\/05\/ONCEIM-dispositif-acousmonium-1920x1080-1.jpg","datePublished":"2022-05-09T09:19:14+00:00","breadcrumb":{"@id":"https:\/\/www.grandsformats.com\/2022\/05\/onceim-en-residence-de-creation-avec-jim-orourke-et-ellen-arkbro\/#breadcrumb"},"inLanguage":"en-US","potentialAction":[{"@type":"ReadAction","target":["https:\/\/www.grandsformats.com\/2022\/05\/onceim-en-residence-de-creation-avec-jim-orourke-et-ellen-arkbro\/"]}]},{"@type":"ImageObject","inLanguage":"en-US","@id":"https:\/\/www.grandsformats.com\/2022\/05\/onceim-en-residence-de-creation-avec-jim-orourke-et-ellen-arkbro\/#primaryimage","url":"https:\/\/www.grandsformats.com\/wp-content\/uploads\/2022\/05\/ONCEIM-dispositif-acousmonium-1920x1080-1.jpg","contentUrl":"https:\/\/www.grandsformats.com\/wp-content\/uploads\/2022\/05\/ONCEIM-dispositif-acousmonium-1920x1080-1.jpg","width":1920,"height":1081,"caption":"Onceim"},{"@type":"BreadcrumbList","@id":"https:\/\/www.grandsformats.com\/2022\/05\/onceim-en-residence-de-creation-avec-jim-orourke-et-ellen-arkbro\/#breadcrumb","itemListElement":[{"@type":"ListItem","position":1,"name":"Accueil","item":"https:\/\/www.grandsformats.com\/en\/"},{"@type":"ListItem","position":2,"name":"Onceim en r\u00e9sidence de cr\u00e9ation avec Jim O\u2019Rourke et Ellen Arkbro"}]},{"@type":"WebSite","@id":"https:\/\/www.grandsformats.com\/#website","url":"https:\/\/www.grandsformats.com\/","name":"Site officiel de la f\u00e9d\u00e9ration Grands Formats","description":"F\u00e9d\u00e9ration d&#039;artistes pour la musique en grand !","publisher":{"@id":"https:\/\/www.grandsformats.com\/#organization"},"potentialAction":[{"@type":"SearchAction","target":{"@type":"EntryPoint","urlTemplate":"https:\/\/www.grandsformats.com\/?s={search_term_string}"},"query-input":{"@type":"PropertyValueSpecification","valueRequired":true,"valueName":"search_term_string"}}],"inLanguage":"en-US"},{"@type":"Organization","@id":"https:\/\/www.grandsformats.com\/#organization","name":"Grands Formats","url":"https:\/\/www.grandsformats.com\/","logo":{"@type":"ImageObject","inLanguage":"en-US","@id":"https:\/\/www.grandsformats.com\/#\/schema\/logo\/image\/","url":"https:\/\/www.grandsformats.com\/wp-content\/uploads\/2020\/03\/logo-GF-200.png","contentUrl":"https:\/\/www.grandsformats.com\/wp-content\/uploads\/2020\/03\/logo-GF-200.png","width":155,"height":200,"caption":"Grands Formats"},"image":{"@id":"https:\/\/www.grandsformats.com\/#\/schema\/logo\/image\/"},"sameAs":["https:\/\/www.facebook.com\/grandsformats\/","https:\/\/x.com\/GrandsFormatsGF","https:\/\/www.instagram.com\/grandsformats\/","https:\/\/www.youtube.com\/channel\/UCJ7k9dbqc_DG-nxI3WMPvhw?view_as=subscriberhttps:\/\/www.youtube.com\/channel\/UCJ7k9dbqc_DG-nxI3WMPvhw?view_as=subscriber"]},{"@type":"Person","@id":"https:\/\/www.grandsformats.com\/#\/schema\/person\/6ecde7e38a2254b5bc9d620679208ee1","name":"Grands Formats","image":{"@type":"ImageObject","inLanguage":"en-US","@id":"https:\/\/www.grandsformats.com\/#\/schema\/person\/image\/","url":"https:\/\/secure.gravatar.com\/avatar\/5d06febf5ba4681bd17a251487132861b5339c2d72f789e59decf1c1b05d0078?s=96&d=mm&r=g","contentUrl":"https:\/\/secure.gravatar.com\/avatar\/5d06febf5ba4681bd17a251487132861b5339c2d72f789e59decf1c1b05d0078?s=96&d=mm&r=g","caption":"Grands Formats"},"url":"https:\/\/www.grandsformats.com\/en\/author\/margaux\/"}]}},"_links":{"self":[{"href":"https:\/\/www.grandsformats.com\/en\/wp-json\/wp\/v2\/posts\/16970","targetHints":{"allow":["GET"]}}],"collection":[{"href":"https:\/\/www.grandsformats.com\/en\/wp-json\/wp\/v2\/posts"}],"about":[{"href":"https:\/\/www.grandsformats.com\/en\/wp-json\/wp\/v2\/types\/post"}],"author":[{"embeddable":true,"href":"https:\/\/www.grandsformats.com\/en\/wp-json\/wp\/v2\/users\/2"}],"replies":[{"embeddable":true,"href":"https:\/\/www.grandsformats.com\/en\/wp-json\/wp\/v2\/comments?post=16970"}],"version-history":[{"count":0,"href":"https:\/\/www.grandsformats.com\/en\/wp-json\/wp\/v2\/posts\/16970\/revisions"}],"wp:featuredmedia":[{"embeddable":true,"href":"https:\/\/www.grandsformats.com\/en\/wp-json\/wp\/v2\/media\/16971"}],"wp:attachment":[{"href":"https:\/\/www.grandsformats.com\/en\/wp-json\/wp\/v2\/media?parent=16970"}],"wp:term":[{"taxonomy":"category","embeddable":true,"href":"https:\/\/www.grandsformats.com\/en\/wp-json\/wp\/v2\/categories?post=16970"},{"taxonomy":"post_tag","embeddable":true,"href":"https:\/\/www.grandsformats.com\/en\/wp-json\/wp\/v2\/tags?post=16970"}],"curies":[{"name":"wp","href":"https:\/\/api.w.org\/{rel}","templated":true}]}}