{"id":16956,"date":"2022-05-05T14:49:20","date_gmt":"2022-05-05T12:49:20","guid":{"rendered":"https:\/\/www.grandsformats.com\/?p=16956"},"modified":"2022-05-05T14:49:20","modified_gmt":"2022-05-05T12:49:20","slug":"organik-orkeztra-en-residence-pour-sa-nouvelle-creation","status":"publish","type":"post","link":"https:\/\/www.grandsformats.com\/en\/2022\/05\/organik-orkeztra-en-residence-pour-sa-nouvelle-creation\/","title":{"rendered":"Organik Orkeztra en r\u00e9sidence pour sa nouvelle cr\u00e9ation"},"content":{"rendered":"<p class=\"text-build-content\" data-testid=\"iH2L-0vsYl\"><a href=\"https:\/\/www.grandsformats.com\/artist\/organik-orkeztra\/\">Organik Orkeztra<\/a> sera en r\u00e9sidence du 9 au 15 mai 2022 sur le territoire du Parc naturel r\u00e9gional des Landes de Gascogne pour son travailler son prochain r\u00e9pertoire <i>Rhaps\u00f4id\u00eda, <\/i>et partira \u00e0 la rencontre des habitant\u00b7e\u00b7s du territoire : les \u00e9lus, le personnel administratif, les soignants et r\u00e9sidents des Ehpad, les \u00e9coles\u2026 et partageront avec eux leurs exp\u00e9rimentations musicales.<\/p>\n<p data-testid=\"iH2L-0vsYl\">Chaque musicien\u00b7ne habitera une figure (le chaman, la sorci\u00e8re, le maire, la princesse du d\u00e9sert, la baronne, la boh\u00e9mienne, le juge, le cantonnier, le fou du roi, le contrebandier, l\u2019homme des bois, l\u2019aubergiste) et propose une \u00ab rhapsodie \u00bb, un solo, d\u2019une trentaine de minutes \u00e0 partager avec un groupe de 10 personnes.<\/p>\n<p data-testid=\"iH2L-0vsYl\">Pendant leur r\u00e9sidence, Organik Orkeztra s\u2019installera \u00e0 Sabres, Sore, Tartas, Belin-B\u00e9liet et Pissos.<\/p>\n<p class=\"text-build-content\" data-testid=\"iH2L-0vsYl\">En cl\u00f4ture, Organik Orkeztra jouera <i>Ritual<\/i> le samedi 14 mai \u00e0 l\u2019\u00e9comus\u00e9e de Marqu\u00e8ze (40).<\/p>\n<p>Une r\u00e9sidence r\u00e9mun\u00e9r\u00e9e OARA, en partenariat avec le PNR Lande de Gascogne et La Ligue d\u2019Enseignement 40.<\/p>\n<p><span class=\"caption\" style=\"font-size: 10pt;\">\u00a9 Didier Ithursarry<\/span><\/p>\n<p><iframe loading=\"lazy\" title=\"Portrait d&#039;artiste #17 : Organik Orkeztra\" width=\"1140\" height=\"641\" src=\"https:\/\/www.youtube.com\/embed\/CL-De1pbrSc?feature=oembed\" frameborder=\"0\" allow=\"accelerometer; autoplay; clipboard-write; encrypted-media; gyroscope; picture-in-picture\" allowfullscreen><\/iframe><\/p>\n<p>&nbsp;<\/p>\n","protected":false},"excerpt":{"rendered":"<p>Organik Orkeztra sera en r\u00e9sidence du 9 au 15 mai 2022 sur le territoire du Parc naturel r\u00e9gional des Landes de Gascogne pour son travailler son prochain r\u00e9pertoire Rhaps\u00f4id\u00eda, et partira \u00e0 la rencontre des habitant\u00b7e\u00b7s du territoire : les \u00e9lus, le personnel administratif, les soignants et r\u00e9sidents des Ehpad, les \u00e9coles\u2026 et partageront avec&#8230;<\/p>\n<p><a rel=\"bookmark\" class=\"theme-button-text wvc-button wvc-button-size-xs\" href=\"https:\/\/www.grandsformats.com\/en\/2022\/05\/organik-orkeztra-en-residence-pour-sa-nouvelle-creation\/\"><small class=\"wvc-button-background-fill\"><\/small><span>Continue reading<\/span><\/a><\/p>\n","protected":false},"author":2,"featured_media":16957,"comment_status":"open","ping_status":"open","sticky":false,"template":"","format":"standard","meta":{"_acf_changed":false,"footnotes":""},"categories":[95,602],"tags":[],"class_list":["post-16956","post","type-post","status-publish","format-standard","has-post-thumbnail","hentry","category-membres","category-organik-orkeztra","entry-post-skin-light","entry","clearfix","entry-grid","entry-columns-default","entry-post-module-layout-sidebar-right","thumbnail-color-tone-dark","metro-landscape","is-youtube","entry-post","entry-masonry","entry-post-masonry"],"acf":[],"yoast_head":"<!-- This site is optimized with the Yoast SEO plugin v25.8 - https:\/\/yoast.com\/wordpress\/plugins\/seo\/ -->\n<title>Organik Orkeztra en r\u00e9sidence pour sa nouvelle cr\u00e9ation - Site officiel de la f\u00e9d\u00e9ration Grands Formats<\/title>\n<meta name=\"robots\" content=\"index, follow, max-snippet:-1, max-image-preview:large, max-video-preview:-1\" \/>\n<link rel=\"canonical\" href=\"https:\/\/www.grandsformats.com\/2022\/05\/organik-orkeztra-en-residence-pour-sa-nouvelle-creation\/\" \/>\n<meta property=\"og:locale\" content=\"en_US\" \/>\n<meta property=\"og:type\" content=\"article\" \/>\n<meta property=\"og:title\" content=\"Organik Orkeztra en r\u00e9sidence pour sa nouvelle cr\u00e9ation - Site officiel de la f\u00e9d\u00e9ration Grands Formats\" \/>\n<meta property=\"og:description\" content=\"Organik Orkeztra sera en r\u00e9sidence du 9 au 15 mai 2022 sur le territoire du Parc naturel r\u00e9gional des Landes de Gascogne pour son travailler son prochain r\u00e9pertoire Rhaps\u00f4id\u00eda, et partira \u00e0 la rencontre des habitant\u00b7e\u00b7s du territoire : les \u00e9lus, le personnel administratif, les soignants et r\u00e9sidents des Ehpad, les \u00e9coles\u2026 et partageront avec...Continue reading\" \/>\n<meta property=\"og:url\" content=\"https:\/\/www.grandsformats.com\/2022\/05\/organik-orkeztra-en-residence-pour-sa-nouvelle-creation\/\" \/>\n<meta property=\"og:site_name\" content=\"Site officiel de la f\u00e9d\u00e9ration Grands Formats\" \/>\n<meta property=\"article:publisher\" content=\"https:\/\/www.facebook.com\/grandsformats\/\" \/>\n<meta property=\"article:published_time\" content=\"2022-05-05T12:49:20+00:00\" \/>\n<meta property=\"og:image\" content=\"https:\/\/www.grandsformats.com\/wp-content\/uploads\/2022\/05\/Organik-Orkeztra-\u00a9-Didier-Ithursarry-1920x1080-1.jpg\" \/>\n\t<meta property=\"og:image:width\" content=\"1920\" \/>\n\t<meta property=\"og:image:height\" content=\"1080\" \/>\n\t<meta property=\"og:image:type\" content=\"image\/jpeg\" \/>\n<meta name=\"author\" content=\"Grands Formats\" \/>\n<meta name=\"twitter:card\" content=\"summary_large_image\" \/>\n<meta name=\"twitter:creator\" content=\"@GrandsFormatsGF\" \/>\n<meta name=\"twitter:site\" content=\"@GrandsFormatsGF\" \/>\n<meta name=\"twitter:label1\" content=\"Written by\" \/>\n\t<meta name=\"twitter:data1\" content=\"Grands Formats\" \/>\n\t<meta name=\"twitter:label2\" content=\"Est. reading time\" \/>\n\t<meta name=\"twitter:data2\" content=\"1 minute\" \/>\n<script type=\"application\/ld+json\" class=\"yoast-schema-graph\">{\"@context\":\"https:\/\/schema.org\",\"@graph\":[{\"@type\":\"Article\",\"@id\":\"https:\/\/www.grandsformats.com\/2022\/05\/organik-orkeztra-en-residence-pour-sa-nouvelle-creation\/#article\",\"isPartOf\":{\"@id\":\"https:\/\/www.grandsformats.com\/2022\/05\/organik-orkeztra-en-residence-pour-sa-nouvelle-creation\/\"},\"author\":{\"name\":\"Grands Formats\",\"@id\":\"https:\/\/www.grandsformats.com\/#\/schema\/person\/6ecde7e38a2254b5bc9d620679208ee1\"},\"headline\":\"Organik Orkeztra en r\u00e9sidence pour sa nouvelle cr\u00e9ation\",\"datePublished\":\"2022-05-05T12:49:20+00:00\",\"mainEntityOfPage\":{\"@id\":\"https:\/\/www.grandsformats.com\/2022\/05\/organik-orkeztra-en-residence-pour-sa-nouvelle-creation\/\"},\"wordCount\":192,\"commentCount\":0,\"publisher\":{\"@id\":\"https:\/\/www.grandsformats.com\/#organization\"},\"image\":{\"@id\":\"https:\/\/www.grandsformats.com\/2022\/05\/organik-orkeztra-en-residence-pour-sa-nouvelle-creation\/#primaryimage\"},\"thumbnailUrl\":\"https:\/\/www.grandsformats.com\/wp-content\/uploads\/2022\/05\/Organik-Orkeztra-\u00a9-Didier-Ithursarry-1920x1080-1.jpg\",\"articleSection\":[\"Actus des membres\",\"Organik Orkeztra\"],\"inLanguage\":\"en-US\",\"potentialAction\":[{\"@type\":\"CommentAction\",\"name\":\"Comment\",\"target\":[\"https:\/\/www.grandsformats.com\/2022\/05\/organik-orkeztra-en-residence-pour-sa-nouvelle-creation\/#respond\"]}]},{\"@type\":\"WebPage\",\"@id\":\"https:\/\/www.grandsformats.com\/2022\/05\/organik-orkeztra-en-residence-pour-sa-nouvelle-creation\/\",\"url\":\"https:\/\/www.grandsformats.com\/2022\/05\/organik-orkeztra-en-residence-pour-sa-nouvelle-creation\/\",\"name\":\"Organik Orkeztra en r\u00e9sidence pour sa nouvelle cr\u00e9ation - Site officiel de la f\u00e9d\u00e9ration Grands Formats\",\"isPartOf\":{\"@id\":\"https:\/\/www.grandsformats.com\/#website\"},\"primaryImageOfPage\":{\"@id\":\"https:\/\/www.grandsformats.com\/2022\/05\/organik-orkeztra-en-residence-pour-sa-nouvelle-creation\/#primaryimage\"},\"image\":{\"@id\":\"https:\/\/www.grandsformats.com\/2022\/05\/organik-orkeztra-en-residence-pour-sa-nouvelle-creation\/#primaryimage\"},\"thumbnailUrl\":\"https:\/\/www.grandsformats.com\/wp-content\/uploads\/2022\/05\/Organik-Orkeztra-\u00a9-Didier-Ithursarry-1920x1080-1.jpg\",\"datePublished\":\"2022-05-05T12:49:20+00:00\",\"breadcrumb\":{\"@id\":\"https:\/\/www.grandsformats.com\/2022\/05\/organik-orkeztra-en-residence-pour-sa-nouvelle-creation\/#breadcrumb\"},\"inLanguage\":\"en-US\",\"potentialAction\":[{\"@type\":\"ReadAction\",\"target\":[\"https:\/\/www.grandsformats.com\/2022\/05\/organik-orkeztra-en-residence-pour-sa-nouvelle-creation\/\"]}]},{\"@type\":\"ImageObject\",\"inLanguage\":\"en-US\",\"@id\":\"https:\/\/www.grandsformats.com\/2022\/05\/organik-orkeztra-en-residence-pour-sa-nouvelle-creation\/#primaryimage\",\"url\":\"https:\/\/www.grandsformats.com\/wp-content\/uploads\/2022\/05\/Organik-Orkeztra-\u00a9-Didier-Ithursarry-1920x1080-1.jpg\",\"contentUrl\":\"https:\/\/www.grandsformats.com\/wp-content\/uploads\/2022\/05\/Organik-Orkeztra-\u00a9-Didier-Ithursarry-1920x1080-1.jpg\",\"width\":1920,\"height\":1080,\"caption\":\"Organik Orkeztra \u00a9 Didier Ithursarry\"},{\"@type\":\"BreadcrumbList\",\"@id\":\"https:\/\/www.grandsformats.com\/2022\/05\/organik-orkeztra-en-residence-pour-sa-nouvelle-creation\/#breadcrumb\",\"itemListElement\":[{\"@type\":\"ListItem\",\"position\":1,\"name\":\"Accueil\",\"item\":\"https:\/\/www.grandsformats.com\/en\/\"},{\"@type\":\"ListItem\",\"position\":2,\"name\":\"Organik Orkeztra en r\u00e9sidence pour sa nouvelle cr\u00e9ation\"}]},{\"@type\":\"WebSite\",\"@id\":\"https:\/\/www.grandsformats.com\/#website\",\"url\":\"https:\/\/www.grandsformats.com\/\",\"name\":\"Site officiel de la f\u00e9d\u00e9ration Grands Formats\",\"description\":\"F\u00e9d\u00e9ration d&#039;artistes pour la musique en grand !\",\"publisher\":{\"@id\":\"https:\/\/www.grandsformats.com\/#organization\"},\"potentialAction\":[{\"@type\":\"SearchAction\",\"target\":{\"@type\":\"EntryPoint\",\"urlTemplate\":\"https:\/\/www.grandsformats.com\/?s={search_term_string}\"},\"query-input\":{\"@type\":\"PropertyValueSpecification\",\"valueRequired\":true,\"valueName\":\"search_term_string\"}}],\"inLanguage\":\"en-US\"},{\"@type\":\"Organization\",\"@id\":\"https:\/\/www.grandsformats.com\/#organization\",\"name\":\"Grands Formats\",\"url\":\"https:\/\/www.grandsformats.com\/\",\"logo\":{\"@type\":\"ImageObject\",\"inLanguage\":\"en-US\",\"@id\":\"https:\/\/www.grandsformats.com\/#\/schema\/logo\/image\/\",\"url\":\"https:\/\/www.grandsformats.com\/wp-content\/uploads\/2020\/03\/logo-GF-200.png\",\"contentUrl\":\"https:\/\/www.grandsformats.com\/wp-content\/uploads\/2020\/03\/logo-GF-200.png\",\"width\":155,\"height\":200,\"caption\":\"Grands Formats\"},\"image\":{\"@id\":\"https:\/\/www.grandsformats.com\/#\/schema\/logo\/image\/\"},\"sameAs\":[\"https:\/\/www.facebook.com\/grandsformats\/\",\"https:\/\/x.com\/GrandsFormatsGF\",\"https:\/\/www.instagram.com\/grandsformats\/\",\"https:\/\/www.youtube.com\/channel\/UCJ7k9dbqc_DG-nxI3WMPvhw?view_as=subscriberhttps:\/\/www.youtube.com\/channel\/UCJ7k9dbqc_DG-nxI3WMPvhw?view_as=subscriber\"]},{\"@type\":\"Person\",\"@id\":\"https:\/\/www.grandsformats.com\/#\/schema\/person\/6ecde7e38a2254b5bc9d620679208ee1\",\"name\":\"Grands Formats\",\"image\":{\"@type\":\"ImageObject\",\"inLanguage\":\"en-US\",\"@id\":\"https:\/\/www.grandsformats.com\/#\/schema\/person\/image\/\",\"url\":\"https:\/\/secure.gravatar.com\/avatar\/5d06febf5ba4681bd17a251487132861b5339c2d72f789e59decf1c1b05d0078?s=96&d=mm&r=g\",\"contentUrl\":\"https:\/\/secure.gravatar.com\/avatar\/5d06febf5ba4681bd17a251487132861b5339c2d72f789e59decf1c1b05d0078?s=96&d=mm&r=g\",\"caption\":\"Grands Formats\"},\"url\":\"https:\/\/www.grandsformats.com\/en\/author\/margaux\/\"}]}<\/script>\n<!-- \/ Yoast SEO plugin. -->","yoast_head_json":{"title":"Organik Orkeztra en r\u00e9sidence pour sa nouvelle cr\u00e9ation - Site officiel de la f\u00e9d\u00e9ration Grands Formats","robots":{"index":"index","follow":"follow","max-snippet":"max-snippet:-1","max-image-preview":"max-image-preview:large","max-video-preview":"max-video-preview:-1"},"canonical":"https:\/\/www.grandsformats.com\/2022\/05\/organik-orkeztra-en-residence-pour-sa-nouvelle-creation\/","og_locale":"en_US","og_type":"article","og_title":"Organik Orkeztra en r\u00e9sidence pour sa nouvelle cr\u00e9ation - Site officiel de la f\u00e9d\u00e9ration Grands Formats","og_description":"Organik Orkeztra sera en r\u00e9sidence du 9 au 15 mai 2022 sur le territoire du Parc naturel r\u00e9gional des Landes de Gascogne pour son travailler son prochain r\u00e9pertoire Rhaps\u00f4id\u00eda, et partira \u00e0 la rencontre des habitant\u00b7e\u00b7s du territoire : les \u00e9lus, le personnel administratif, les soignants et r\u00e9sidents des Ehpad, les \u00e9coles\u2026 et partageront avec...Continue reading","og_url":"https:\/\/www.grandsformats.com\/2022\/05\/organik-orkeztra-en-residence-pour-sa-nouvelle-creation\/","og_site_name":"Site officiel de la f\u00e9d\u00e9ration Grands Formats","article_publisher":"https:\/\/www.facebook.com\/grandsformats\/","article_published_time":"2022-05-05T12:49:20+00:00","og_image":[{"width":1920,"height":1080,"url":"https:\/\/www.grandsformats.com\/wp-content\/uploads\/2022\/05\/Organik-Orkeztra-\u00a9-Didier-Ithursarry-1920x1080-1.jpg","type":"image\/jpeg"}],"author":"Grands Formats","twitter_card":"summary_large_image","twitter_creator":"@GrandsFormatsGF","twitter_site":"@GrandsFormatsGF","twitter_misc":{"Written by":"Grands Formats","Est. reading time":"1 minute"},"schema":{"@context":"https:\/\/schema.org","@graph":[{"@type":"Article","@id":"https:\/\/www.grandsformats.com\/2022\/05\/organik-orkeztra-en-residence-pour-sa-nouvelle-creation\/#article","isPartOf":{"@id":"https:\/\/www.grandsformats.com\/2022\/05\/organik-orkeztra-en-residence-pour-sa-nouvelle-creation\/"},"author":{"name":"Grands Formats","@id":"https:\/\/www.grandsformats.com\/#\/schema\/person\/6ecde7e38a2254b5bc9d620679208ee1"},"headline":"Organik Orkeztra en r\u00e9sidence pour sa nouvelle cr\u00e9ation","datePublished":"2022-05-05T12:49:20+00:00","mainEntityOfPage":{"@id":"https:\/\/www.grandsformats.com\/2022\/05\/organik-orkeztra-en-residence-pour-sa-nouvelle-creation\/"},"wordCount":192,"commentCount":0,"publisher":{"@id":"https:\/\/www.grandsformats.com\/#organization"},"image":{"@id":"https:\/\/www.grandsformats.com\/2022\/05\/organik-orkeztra-en-residence-pour-sa-nouvelle-creation\/#primaryimage"},"thumbnailUrl":"https:\/\/www.grandsformats.com\/wp-content\/uploads\/2022\/05\/Organik-Orkeztra-\u00a9-Didier-Ithursarry-1920x1080-1.jpg","articleSection":["Actus des membres","Organik Orkeztra"],"inLanguage":"en-US","potentialAction":[{"@type":"CommentAction","name":"Comment","target":["https:\/\/www.grandsformats.com\/2022\/05\/organik-orkeztra-en-residence-pour-sa-nouvelle-creation\/#respond"]}]},{"@type":"WebPage","@id":"https:\/\/www.grandsformats.com\/2022\/05\/organik-orkeztra-en-residence-pour-sa-nouvelle-creation\/","url":"https:\/\/www.grandsformats.com\/2022\/05\/organik-orkeztra-en-residence-pour-sa-nouvelle-creation\/","name":"Organik Orkeztra en r\u00e9sidence pour sa nouvelle cr\u00e9ation - Site officiel de la f\u00e9d\u00e9ration Grands Formats","isPartOf":{"@id":"https:\/\/www.grandsformats.com\/#website"},"primaryImageOfPage":{"@id":"https:\/\/www.grandsformats.com\/2022\/05\/organik-orkeztra-en-residence-pour-sa-nouvelle-creation\/#primaryimage"},"image":{"@id":"https:\/\/www.grandsformats.com\/2022\/05\/organik-orkeztra-en-residence-pour-sa-nouvelle-creation\/#primaryimage"},"thumbnailUrl":"https:\/\/www.grandsformats.com\/wp-content\/uploads\/2022\/05\/Organik-Orkeztra-\u00a9-Didier-Ithursarry-1920x1080-1.jpg","datePublished":"2022-05-05T12:49:20+00:00","breadcrumb":{"@id":"https:\/\/www.grandsformats.com\/2022\/05\/organik-orkeztra-en-residence-pour-sa-nouvelle-creation\/#breadcrumb"},"inLanguage":"en-US","potentialAction":[{"@type":"ReadAction","target":["https:\/\/www.grandsformats.com\/2022\/05\/organik-orkeztra-en-residence-pour-sa-nouvelle-creation\/"]}]},{"@type":"ImageObject","inLanguage":"en-US","@id":"https:\/\/www.grandsformats.com\/2022\/05\/organik-orkeztra-en-residence-pour-sa-nouvelle-creation\/#primaryimage","url":"https:\/\/www.grandsformats.com\/wp-content\/uploads\/2022\/05\/Organik-Orkeztra-\u00a9-Didier-Ithursarry-1920x1080-1.jpg","contentUrl":"https:\/\/www.grandsformats.com\/wp-content\/uploads\/2022\/05\/Organik-Orkeztra-\u00a9-Didier-Ithursarry-1920x1080-1.jpg","width":1920,"height":1080,"caption":"Organik Orkeztra \u00a9 Didier Ithursarry"},{"@type":"BreadcrumbList","@id":"https:\/\/www.grandsformats.com\/2022\/05\/organik-orkeztra-en-residence-pour-sa-nouvelle-creation\/#breadcrumb","itemListElement":[{"@type":"ListItem","position":1,"name":"Accueil","item":"https:\/\/www.grandsformats.com\/en\/"},{"@type":"ListItem","position":2,"name":"Organik Orkeztra en r\u00e9sidence pour sa nouvelle cr\u00e9ation"}]},{"@type":"WebSite","@id":"https:\/\/www.grandsformats.com\/#website","url":"https:\/\/www.grandsformats.com\/","name":"Site officiel de la f\u00e9d\u00e9ration Grands Formats","description":"F\u00e9d\u00e9ration d&#039;artistes pour la musique en grand !","publisher":{"@id":"https:\/\/www.grandsformats.com\/#organization"},"potentialAction":[{"@type":"SearchAction","target":{"@type":"EntryPoint","urlTemplate":"https:\/\/www.grandsformats.com\/?s={search_term_string}"},"query-input":{"@type":"PropertyValueSpecification","valueRequired":true,"valueName":"search_term_string"}}],"inLanguage":"en-US"},{"@type":"Organization","@id":"https:\/\/www.grandsformats.com\/#organization","name":"Grands Formats","url":"https:\/\/www.grandsformats.com\/","logo":{"@type":"ImageObject","inLanguage":"en-US","@id":"https:\/\/www.grandsformats.com\/#\/schema\/logo\/image\/","url":"https:\/\/www.grandsformats.com\/wp-content\/uploads\/2020\/03\/logo-GF-200.png","contentUrl":"https:\/\/www.grandsformats.com\/wp-content\/uploads\/2020\/03\/logo-GF-200.png","width":155,"height":200,"caption":"Grands Formats"},"image":{"@id":"https:\/\/www.grandsformats.com\/#\/schema\/logo\/image\/"},"sameAs":["https:\/\/www.facebook.com\/grandsformats\/","https:\/\/x.com\/GrandsFormatsGF","https:\/\/www.instagram.com\/grandsformats\/","https:\/\/www.youtube.com\/channel\/UCJ7k9dbqc_DG-nxI3WMPvhw?view_as=subscriberhttps:\/\/www.youtube.com\/channel\/UCJ7k9dbqc_DG-nxI3WMPvhw?view_as=subscriber"]},{"@type":"Person","@id":"https:\/\/www.grandsformats.com\/#\/schema\/person\/6ecde7e38a2254b5bc9d620679208ee1","name":"Grands Formats","image":{"@type":"ImageObject","inLanguage":"en-US","@id":"https:\/\/www.grandsformats.com\/#\/schema\/person\/image\/","url":"https:\/\/secure.gravatar.com\/avatar\/5d06febf5ba4681bd17a251487132861b5339c2d72f789e59decf1c1b05d0078?s=96&d=mm&r=g","contentUrl":"https:\/\/secure.gravatar.com\/avatar\/5d06febf5ba4681bd17a251487132861b5339c2d72f789e59decf1c1b05d0078?s=96&d=mm&r=g","caption":"Grands Formats"},"url":"https:\/\/www.grandsformats.com\/en\/author\/margaux\/"}]}},"_links":{"self":[{"href":"https:\/\/www.grandsformats.com\/en\/wp-json\/wp\/v2\/posts\/16956","targetHints":{"allow":["GET"]}}],"collection":[{"href":"https:\/\/www.grandsformats.com\/en\/wp-json\/wp\/v2\/posts"}],"about":[{"href":"https:\/\/www.grandsformats.com\/en\/wp-json\/wp\/v2\/types\/post"}],"author":[{"embeddable":true,"href":"https:\/\/www.grandsformats.com\/en\/wp-json\/wp\/v2\/users\/2"}],"replies":[{"embeddable":true,"href":"https:\/\/www.grandsformats.com\/en\/wp-json\/wp\/v2\/comments?post=16956"}],"version-history":[{"count":0,"href":"https:\/\/www.grandsformats.com\/en\/wp-json\/wp\/v2\/posts\/16956\/revisions"}],"wp:featuredmedia":[{"embeddable":true,"href":"https:\/\/www.grandsformats.com\/en\/wp-json\/wp\/v2\/media\/16957"}],"wp:attachment":[{"href":"https:\/\/www.grandsformats.com\/en\/wp-json\/wp\/v2\/media?parent=16956"}],"wp:term":[{"taxonomy":"category","embeddable":true,"href":"https:\/\/www.grandsformats.com\/en\/wp-json\/wp\/v2\/categories?post=16956"},{"taxonomy":"post_tag","embeddable":true,"href":"https:\/\/www.grandsformats.com\/en\/wp-json\/wp\/v2\/tags?post=16956"}],"curies":[{"name":"wp","href":"https:\/\/api.w.org\/{rel}","templated":true}]}}