{"id":16845,"date":"2022-04-01T15:00:33","date_gmt":"2022-04-01T13:00:33","guid":{"rendered":"https:\/\/www.grandsformats.com\/?p=16845"},"modified":"2022-04-01T15:00:33","modified_gmt":"2022-04-01T13:00:33","slug":"soutien-au-fonds-daide-aux-refugie%c2%b7e%c2%b7s-arrivant-dukraine","status":"publish","type":"post","link":"https:\/\/www.grandsformats.com\/en\/2022\/04\/soutien-au-fonds-daide-aux-refugie%c2%b7e%c2%b7s-arrivant-dukraine\/","title":{"rendered":"Soutien au fonds d&#8217;aide aux r\u00e9fugi\u00e9\u00b7e\u00b7s arrivant d&#8217;Ukraine"},"content":{"rendered":"<h4 class=\"p2\">Grands Formats soutient la cr\u00e9ation du FAAR &#8211; Fonds d&#8217;Aide aux R\u00e9fugi\u00e9\u00b7e\u00b7s arrivant d&#8217;Ukraine<\/h4>\n<p>La f\u00e9d\u00e9ration a d\u00e9cid\u00e9 de rejoindre les structures, artistes et r\u00e9seaux soutenants le Fonds d&#8217;Aide aux R\u00e9fugi\u00e9\u00b7e\u00b7s arrivant d&#8217;Ukraine. Dans le cadre de ce soutien, Grands Formats diffuse ci-dessous toutes les informations concernant ce fonds et son <a href=\"https:\/\/www.helloasso.com\/associations\/canal%20digital%20association\/collectes\/faar-saskia\">appel \u00e0 dons<\/a>.<\/p>\n<p>&nbsp;<\/p>\n<p class=\"p3\">L\u2019action artistique et culturelle pour lutter contre l\u2019isolement des r\u00e9fugi\u00e9\u00b7e\u00b7s et favoriser les rencontres avec les communaut\u00e9s locales !<\/p>\n<p class=\"p3\">\u00c0 travers la cr\u00e9ation du <b>FAAR : Fonds d\u2019aide aux r\u00e9fugi\u00e9\u00b7e\u00b7s<\/b>, et gr\u00e2ce \u00e0 votre engagement, nous souhaitons faciliter l\u2019acc\u00e8s des populations d\u00e9plac\u00e9es par la guerre en Ukraine \u00e0 des activit\u00e9s culturelles et artistiques, afin de favoriser les \u00e9changes avec les communaut\u00e9s dans lesquelles elles sont accueillies.<\/p>\n<p class=\"p3\">Le FAAR est n\u00e9 de la volont\u00e9 de professionnel\u00b7le\u00b7s de la production, de la diffusion et de l\u2019enseignement artistique de mettre leurs comp\u00e9tences et leurs r\u00e9seaux au service des r\u00e9fugi\u00e9\u00b7e\u00b7s.<\/p>\n<p class=\"p3\">De nombreux acteurs font d\u00e9j\u00e0 un travail extraordinaire pour g\u00e9rer l\u2019urgence et l\u2019accueil dans les pays limitrophes de l\u2019Ukraine et en France : le transport, le logement, la nourriture et l\u2019acc\u00e8s aux soins de sant\u00e9. Notre action s\u2019inscrit en pleine collaboration avec eux, et sur le long terme.<\/p>\n<p class=\"p3\">Les acteurs de l\u2019asile reconnaissent le bienfait des actions artistiques et culturelles pour lutter contre l\u2019isolement, mais ne disposent pas toujours des ressources pour le faire. C\u2019est l\u00e0 qu\u2019intervient l\u2019action financ\u00e9e par le FAAR : pour cr\u00e9er des espaces de r\u00e9confort, de partage, d\u2019apprentissage et d&#8217;\u00e9coute gr\u00e2ce aux talents, lieux et innombrables ressources qui composent notre r\u00e9seau.<\/p>\n<p class=\"p3\"><b>QUI SOMMES-NOUS ? <\/b><\/p>\n<p class=\"p3\">Des professionnel\u00b7le\u00b7s du secteur culturel venant d\u2019horizons diff\u00e9rents &#8211; musique, cin\u00e9ma et audiovisuel, spectacle vivant -, qui, dans l\u2019urgence, ont souhait\u00e9 agir d\u2019une mani\u00e8re concr\u00e8te et mettre en commun leurs comp\u00e9tences, dons et r\u00e9seaux.<\/p>\n<p class=\"p4\">L\u2019initiative est soutenue par des artistes, des professionnel\u00b7le\u00b7s de l\u2019humanitaire, et par des associations et des f\u00e9d\u00e9rations, tels que le <b>Centrul Cultural Clujean <\/b>(Roumanie), la FFEA (F\u00e9d\u00e9ration Fran\u00e7aise de l\u2019Enseignement Artistique), la <b>FELIN <\/b>(F\u00e9d\u00e9ration des Labels Ind\u00e9pendants), <b>FFEA <\/b>(F\u00e9d\u00e9ration Fran\u00e7aise de l\u2019Enseignement Artistique) <b>FNEIJMA <\/b>(F\u00e9d\u00e9ration Nationale des Ecoles d&#8217;Influences Jazz et Musiques Actuelles), <b>France Festivals<\/b>, <b>Grands Formats <\/b>(F\u00e9d\u00e9ration d\u2019artistes pour la musique en Grands Formats), <b>Profedim <\/b>(Syndicat professionnel des producteurs, festivals, ensembles, diffuseurs ind\u00e9pendants de musique), <b>PXN <\/b>(Association des Producteurs d&#8217;eXp\u00e9riences Num\u00e9riques), <b>Relais Culture Europe<\/b>, <b>SMA <\/b>(Syndicat des Musiques Actuelles), ainsi que des soci\u00e9t\u00e9s dont <b>Bachibouzouk <\/b>(soci\u00e9t\u00e9 de production audiovisuelle) et <b>NomadPlay <\/b>(application de pratique musicale).<\/p>\n<p class=\"p3\"><b>LES ACTIONS ENVISAG\u00c9ES AVEC VOTRE SOUTIEN <\/b><\/p>\n<p class=\"p3\">Les principaux volets de l\u2019action financ\u00e9e par le FAAR sont :<\/p>\n<ul>\n<li class=\"p3\">Favoriser la participation de personnes r\u00e9fugi\u00e9es et des communaut\u00e9s qui les accueillent \u00e0 des activit\u00e9s culturelles et moments conviviaux : ateliers, concerts, projections, performances, etc<\/li>\n<li class=\"p3\">Permettre \u00e0 des r\u00e9fugi\u00e9\u00b7e\u00b7s de poursuivre ou de d\u00e9buter un apprentissage artistique : stages ou cours avec des intervenants sp\u00e9cialis\u00e9s.<\/li>\n<\/ul>\n<p class=\"p4\">Concr\u00e8tement, les fonds r\u00e9colt\u00e9s par le FAAR vont nous permettre de :<\/p>\n<ul>\n<li class=\"p3\">Partager les informations sur les activit\u00e9s culturelles et artistiques propos\u00e9es par nos partenaires avec les r\u00e9fugi\u00e9\u00b7e\u00b7s, en collaboration avec les acteurs de l\u2019asile.<\/li>\n<li class=\"p3\">Mobiliser des artistes, interpr\u00e8tes, enseignants et autres intervenants essentiels \u00e0 la mise en oeuvre des actions.<\/li>\n<li class=\"p3\">Prendre en charge la location d\u2019instruments ou autre mat\u00e9riel essentiel \u00e0 la pratique artistique par les r\u00e9fugi\u00e9\u00b7e\u00b7s.<\/li>\n<li class=\"p3\">Fournir un appui logistique \u00e0 la mise en oeuvre de repr\u00e9sentations th\u00e9\u00e2trales, concerts, projections de films et ateliers.<\/li>\n<li class=\"p3\">Faciliter la participation des r\u00e9fugi\u00e9\u00b7e\u00b7s aux activit\u00e9s, par la prise en charge des frais de transport et de moments de convivialit\u00e9.<\/li>\n<\/ul>\n<p class=\"p3\">Toutes nos actions sont men\u00e9es en partenariat avec des acteurs sp\u00e9cialis\u00e9s dans la protection des r\u00e9fugi\u00e9\u00b7e\u00b7s et un soin particulier est apport\u00e9 \u00e0 la protection des mineur.e.s.<\/p>\n<p class=\"p3\">Une attention particuli\u00e8re est aussi port\u00e9e \u00e0 la connaissance et la reconnaissance de la culture d\u2019origine des populations r\u00e9fugi\u00e9es. Les populations locales et les r\u00e9fugi\u00e9\u00b7e\u00b7s eux\u00b7elles-m\u00eames, artistes notamment, sont amen\u00e9\u00b7e\u00b7s \u00e0 entreprendre, participer aux actions et \u00e0 leur mise en place.<\/p>\n<p class=\"p4\"><span class=\"s3\">Nous mettrons \u00e0 jour sur la page du Fonds ici <\/span>les actions r\u00e9alis\u00e9es et \u00e0 venir et vous pouvez nous suivre sur les r\u00e9seaux sociaux : <b>Facebook <\/b>et <b>Twitter <\/b>et <b>Linkedin<\/b>.<\/p>\n<p class=\"p3\"><b>DES ACTIONS D\u00c9PLOY\u00c9ES EN ROUMANIE ET EN FRANCE DANS UN PREMIER TEMPS <\/b><\/p>\n<p class=\"p3\">La Roumanie, pays limitrophe de l\u2019Ukraine accueille chaque jour des dizaines de milliers de r\u00e9fugi\u00e9\u00b7e\u00b7s, est aussi le pays d\u2019origine de l\u2019une des membres fondatrices du FAAR. Par cons\u00e9quent, nous avons d\u00e9j\u00e0 des liens avec les ONG locales les plus actives, les initiatives de la soci\u00e9t\u00e9 civile, ainsi que des structures d&#8217;accueil et des artistes. La France car les r\u00e9fugi\u00e9\u00b7e\u00b7s sont d\u00e9j\u00e0 accueilli.e.s en grand nombre et c&#8217;est ici que nos r\u00e9seaux pourront agir au plus pr\u00e8s d&#8217;eux.<\/p>\n<p class=\"p3\">Donner au fonds FAAR c\u2019est croire comme nous qu\u2019il faut agir par tous les moyens dont nous disposons pour aider et redonner un peu d\u2019espoir, de joie et de libert\u00e9, de r\u00e9confort \u00e0 celles et ceux qui fuient leur pays.<\/p>\n<p class=\"p3\"><b>COMMENT ET POURQUOI NOUS AIDER ? <\/b><\/p>\n<p class=\"p3\">En commen\u00e7ant par un <a href=\"https:\/\/www.helloasso.com\/associations\/canal%20digital%20association\/collectes\/faar-saskia\">don<\/a>, \u00e9videmment, car malgr\u00e9 toute la bonne volont\u00e9 et l\u2019\u00e9nergie que nous mettons dans ce projet, il ne deviendra concret que gr\u00e2ce \u00e0 votre participation. Ensemble, nous pouvons apporter, nous l&#8217;esp\u00e9rons, des moments d&#8217;enchantement collectif et de r\u00e9confort \u00e0 celles et ceux qui se voient contraints de fuir la guerre.<\/p>\n<p class=\"p3\">Vous pouvez aussi participer via un partage d\u2019id\u00e9es, d\u2019actions, d\u2019initiatives et de contacts d\u2019associations d\u00e9j\u00e0 existantes qui souhaiteront co-construire avec nous ou nous soutenir.<\/p>\n<p class=\"p3\">Si ce fonds fonctionne, nous ne nous arr\u00eaterons pas l\u00e0. Ce n\u2019est qu\u2019un d\u00e9but pour l\u2019association qui souhaite pouvoir oeuvrer sur le long terme \u00e0 ouvrir la culture aux populations d\u00e9plac\u00e9es et emp\u00each\u00e9es.<\/p>\n<p class=\"p3\">Pour en savoir plus sur l\u2019association, ses membres et son r\u00e9seau, vous pouvez consulter la page de l\u2019association sur Hello Asso ou cliquer <span class=\"s4\"><b><a href=\"https:\/\/www.helloasso.com\/associations\/canal-digital-association\">ici<\/a>. <\/b><\/span><\/p>\n<p class=\"p3\">Vous souhaitez nous envoyer des informations, nous poser des questions\u2026 contactez-nous \u00e0 l\u2019adresse : <span class=\"s4\"><b>&#102;&#x61;a&#114;&#x75;k&#114;&#x61;i&#110;&#x65;&#64;&#103;&#x6d;a&#105;&#x6c;&#46;&#99;&#x6f;m <\/b><\/span><\/p>\n<p class=\"p4\"><b>L\u2019ASSOCIATION <\/b><\/p>\n<p class=\"p4\">L\u2019association <b>Canal Digital Association <\/b>existe depuis 2013. Plus sp\u00e9cifiquement active dans le secteur de la musique ces derni\u00e8res ann\u00e9es, elle \u00e9volue aujourd\u2019hui vers de nouvelles actions.<\/p>\n<p class=\"p4\"><b>A l\u2019annonce de l\u2019invasion de l\u2019Ukraine jeudi 24 f\u00e9vrier 2022 les membres se sont imm\u00e9diatement r\u00e9unis avec un m\u00eame objectif : agir, ensemble, avec nos moyens et savoirs faire face \u00e0 cette terrible situation. <\/b><\/p>\n<p class=\"p4\"><b>Alexandra Bob\u00e8s <\/b>est directrice de <b>France Festivals <\/b>et membre du bureau de L\u2019Association europ\u00e9enne des festivals (EFA).<\/p>\n<p class=\"p4\"><b>Clothilde Chalot <\/b>est co-fondatrice et pr\u00e9sidente du label <b>NoMadMusic <\/b>et de l\u2019application <b>NomadPlay<\/b>, membre du comit\u00e9 professionnel du Centre National de Musique, vice-pr\u00e9sidente de l\u2019ESML (Syndicat des \u00c9diteurs Service de Musique en ligne), et tr\u00e9sori\u00e8re de la FELIN (F\u00e9d\u00e9ration des labels ind\u00e9pendants).<\/p>\n<p class=\"p4\"><b>France Charlet <\/b>est responsable des campagnes de communication \u00e0 l\u2019<b>OCDE<\/b>. Elle a dirig\u00e9 des programmes de plaidoyer et des campagnes internationales au sein d\u2019ONGs telles qu\u2019Amnesty International, Forum r\u00e9fugi\u00e9s ou Save the Children, avec un focus particulier sur l\u2019accueil et la protection des r\u00e9fugi\u00e9s.<\/p>\n<p class=\"p4\"><b>Benjamin Guyant <\/b>est directeur des productions chez Digital Music Solutions. <b>Chantal Guittet <\/b>est ancienne pr\u00e9sidente du groupe d\u2019amiti\u00e9 franco-russe \u00e0 l\u2019Assembl\u00e9e Nationale, b\u00e9n\u00e9vole \u00e0 La Croix Rouge, et membre du CA (tr\u00e9sori\u00e8re) du Fourneau, centre national des Arts de la rue \u00e0 Brest.<\/p>\n<p class=\"p4\"><b>Hannelore Guittet <\/b>est co-fondatrice et directrice artistique du label <b>NoMadMusic <\/b>et de l\u2019application <b>NomadPlay<\/b>. Ing\u00e9nieure du son dipl\u00f4m\u00e9e du Conservatoire National Sup\u00e9rieur de Musique et de Danse de Paris, elle a collabor\u00e9 avec de tr\u00e8s nombreux artistes, ensembles, orchestres en France et en Europe.<\/p>\n<p class=\"p4\"><b>Saskia Nilly <\/b>est directrice de production audiovisuelle au sein de la soci\u00e9t\u00e9 de production <b>Bachibouzouk <\/b>&#8211; <b>Les Poissons Volants <\/b>: La soci\u00e9t\u00e9 s\u2019int\u00e9resse principalement \u00e0 des sujets de soci\u00e9t\u00e9, d\u2019Histoire ou d\u2019Art, avec un fort engagement humaniste.<\/p>\n<p class=\"p4\"><b>L\u2019association oeuvre dans le but : <\/b><\/p>\n<p class=\"p4\">d\u2019apporter une assistance humanitaire et de mettre en oeuvre des actions de solidarit\u00e9 et bienfaisance aupr\u00e8s de populations vuln\u00e9rables du fait d\u2019une oppression politique, ethnique, \u00e9conomique ou sociale, de guerre, de catastrophe, de menace \u00e9cologique ou de tout autre situation d\u2019urgence, dans l\u2019optique d\u2019un accompagnement psychologique, via des actions culturelles, de proposer et de mettre en place des projets d\u2019\u00e9ducation artistique et culturelle, afin de favoriser l&#8217;insertion professionnelle et d&#8217;ouvrir la culture \u00e0 tous les milieux sociaux et professionnels avec une attention particuli\u00e8re pour les populations d\u00e9plac\u00e9es et emp\u00each\u00e9es, de promouvoir les valeurs d\u2019inclusion et de partage via les arts, de libre circulation des oeuvres, des patrimoines ainsi que des artistes, de f\u00e9d\u00e9rer et r\u00e9unir un r\u00e9seau d\u2019acteurs culturels pour mobiliser des fonds et financer des actions concr\u00e8tes visant \u00e0 d\u00e9fendre et promouvoir les valeurs cit\u00e9es pr\u00e9c\u00e9demment, de mettre en valeur et promouvoir les identit\u00e9s et patrimoines artistiques et culturels des \u00ab territoires \u00bb (villes, d\u00e9partements, r\u00e9gions, pays &#8230; ).<\/p>\n","protected":false},"excerpt":{"rendered":"<p>Grands Formats soutient la cr\u00e9ation du FAAR &#8211; Fonds d&#8217;Aide aux R\u00e9fugi\u00e9\u00b7e\u00b7s arrivant d&#8217;Ukraine La f\u00e9d\u00e9ration a d\u00e9cid\u00e9 de rejoindre les structures, artistes et r\u00e9seaux soutenants le Fonds d&#8217;Aide aux R\u00e9fugi\u00e9\u00b7e\u00b7s arrivant d&#8217;Ukraine. Dans le cadre de ce soutien, Grands Formats diffuse ci-dessous toutes les informations concernant ce fonds et son appel \u00e0 dons. &nbsp;&#8230;<\/p>\n<p><a rel=\"bookmark\" class=\"theme-button-text wvc-button wvc-button-size-xs\" href=\"https:\/\/www.grandsformats.com\/en\/2022\/04\/soutien-au-fonds-daide-aux-refugie%c2%b7e%c2%b7s-arrivant-dukraine\/\"><small class=\"wvc-button-background-fill\"><\/small><span>Continue reading<\/span><\/a><\/p>\n","protected":false},"author":2,"featured_media":16846,"comment_status":"open","ping_status":"open","sticky":false,"template":"","format":"standard","meta":{"_acf_changed":false,"footnotes":""},"categories":[90],"tags":[],"class_list":["post-16845","post","type-post","status-publish","format-standard","has-post-thumbnail","hentry","category-grands-formats","entry-post-skin-light","entry","clearfix","entry-grid","entry-columns-default","entry-post-module-layout-sidebar-right","thumbnail-color-tone-dark","metro-landscape","entry-post","entry-masonry","entry-post-masonry"],"acf":[],"yoast_head":"<!-- This site is optimized with the Yoast SEO plugin v25.8 - https:\/\/yoast.com\/wordpress\/plugins\/seo\/ -->\n<title>Soutien au fonds d&#039;aide aux r\u00e9fugi\u00e9\u00b7e\u00b7s arrivant d&#039;Ukraine - Site officiel de la f\u00e9d\u00e9ration Grands Formats<\/title>\n<meta name=\"robots\" content=\"index, follow, max-snippet:-1, max-image-preview:large, max-video-preview:-1\" \/>\n<link rel=\"canonical\" href=\"https:\/\/www.grandsformats.com\/2022\/04\/soutien-au-fonds-daide-aux-refugie\u00b7e\u00b7s-arrivant-dukraine\/\" \/>\n<meta property=\"og:locale\" content=\"en_US\" \/>\n<meta property=\"og:type\" content=\"article\" \/>\n<meta property=\"og:title\" content=\"Soutien au fonds d&#039;aide aux r\u00e9fugi\u00e9\u00b7e\u00b7s arrivant d&#039;Ukraine - Site officiel de la f\u00e9d\u00e9ration Grands Formats\" \/>\n<meta property=\"og:description\" content=\"Grands Formats soutient la cr\u00e9ation du FAAR &#8211; Fonds d&#8217;Aide aux R\u00e9fugi\u00e9\u00b7e\u00b7s arrivant d&#8217;Ukraine La f\u00e9d\u00e9ration a d\u00e9cid\u00e9 de rejoindre les structures, artistes et r\u00e9seaux soutenants le Fonds d&#8217;Aide aux R\u00e9fugi\u00e9\u00b7e\u00b7s arrivant d&#8217;Ukraine. Dans le cadre de ce soutien, Grands Formats diffuse ci-dessous toutes les informations concernant ce fonds et son appel \u00e0 dons. &nbsp;...Continue reading\" \/>\n<meta property=\"og:url\" content=\"https:\/\/www.grandsformats.com\/2022\/04\/soutien-au-fonds-daide-aux-refugie\u00b7e\u00b7s-arrivant-dukraine\/\" \/>\n<meta property=\"og:site_name\" content=\"Site officiel de la f\u00e9d\u00e9ration Grands Formats\" \/>\n<meta property=\"article:publisher\" content=\"https:\/\/www.facebook.com\/grandsformats\/\" \/>\n<meta property=\"article:published_time\" content=\"2022-04-01T13:00:33+00:00\" \/>\n<meta property=\"og:image\" content=\"https:\/\/www.grandsformats.com\/wp-content\/uploads\/2022\/04\/13-FACEBOOK_LOGO-FAAR-Bleu_Bandeau-Bleu_851X315.jpg\" \/>\n\t<meta property=\"og:image:width\" content=\"851\" \/>\n\t<meta property=\"og:image:height\" content=\"315\" \/>\n\t<meta property=\"og:image:type\" content=\"image\/jpeg\" \/>\n<meta name=\"author\" content=\"Grands Formats\" \/>\n<meta name=\"twitter:card\" content=\"summary_large_image\" \/>\n<meta name=\"twitter:creator\" content=\"@GrandsFormatsGF\" \/>\n<meta name=\"twitter:site\" content=\"@GrandsFormatsGF\" \/>\n<meta name=\"twitter:label1\" content=\"Written by\" \/>\n\t<meta name=\"twitter:data1\" content=\"Grands Formats\" \/>\n\t<meta name=\"twitter:label2\" content=\"Est. reading time\" \/>\n\t<meta name=\"twitter:data2\" content=\"7 minutes\" \/>\n<script type=\"application\/ld+json\" class=\"yoast-schema-graph\">{\"@context\":\"https:\/\/schema.org\",\"@graph\":[{\"@type\":\"Article\",\"@id\":\"https:\/\/www.grandsformats.com\/2022\/04\/soutien-au-fonds-daide-aux-refugie%c2%b7e%c2%b7s-arrivant-dukraine\/#article\",\"isPartOf\":{\"@id\":\"https:\/\/www.grandsformats.com\/2022\/04\/soutien-au-fonds-daide-aux-refugie%c2%b7e%c2%b7s-arrivant-dukraine\/\"},\"author\":{\"name\":\"Grands Formats\",\"@id\":\"https:\/\/www.grandsformats.com\/#\/schema\/person\/6ecde7e38a2254b5bc9d620679208ee1\"},\"headline\":\"Soutien au fonds d&#8217;aide aux r\u00e9fugi\u00e9\u00b7e\u00b7s arrivant d&#8217;Ukraine\",\"datePublished\":\"2022-04-01T13:00:33+00:00\",\"mainEntityOfPage\":{\"@id\":\"https:\/\/www.grandsformats.com\/2022\/04\/soutien-au-fonds-daide-aux-refugie%c2%b7e%c2%b7s-arrivant-dukraine\/\"},\"wordCount\":1667,\"commentCount\":0,\"publisher\":{\"@id\":\"https:\/\/www.grandsformats.com\/#organization\"},\"image\":{\"@id\":\"https:\/\/www.grandsformats.com\/2022\/04\/soutien-au-fonds-daide-aux-refugie%c2%b7e%c2%b7s-arrivant-dukraine\/#primaryimage\"},\"thumbnailUrl\":\"https:\/\/www.grandsformats.com\/wp-content\/uploads\/2022\/04\/13-FACEBOOK_LOGO-FAAR-Bleu_Bandeau-Bleu_851X315.jpg\",\"articleSection\":[\"Actus de la f\u00e9d\u00e9\"],\"inLanguage\":\"en-US\",\"potentialAction\":[{\"@type\":\"CommentAction\",\"name\":\"Comment\",\"target\":[\"https:\/\/www.grandsformats.com\/2022\/04\/soutien-au-fonds-daide-aux-refugie%c2%b7e%c2%b7s-arrivant-dukraine\/#respond\"]}]},{\"@type\":\"WebPage\",\"@id\":\"https:\/\/www.grandsformats.com\/2022\/04\/soutien-au-fonds-daide-aux-refugie%c2%b7e%c2%b7s-arrivant-dukraine\/\",\"url\":\"https:\/\/www.grandsformats.com\/2022\/04\/soutien-au-fonds-daide-aux-refugie%c2%b7e%c2%b7s-arrivant-dukraine\/\",\"name\":\"Soutien au fonds d'aide aux r\u00e9fugi\u00e9\u00b7e\u00b7s arrivant d'Ukraine - Site officiel de la f\u00e9d\u00e9ration Grands Formats\",\"isPartOf\":{\"@id\":\"https:\/\/www.grandsformats.com\/#website\"},\"primaryImageOfPage\":{\"@id\":\"https:\/\/www.grandsformats.com\/2022\/04\/soutien-au-fonds-daide-aux-refugie%c2%b7e%c2%b7s-arrivant-dukraine\/#primaryimage\"},\"image\":{\"@id\":\"https:\/\/www.grandsformats.com\/2022\/04\/soutien-au-fonds-daide-aux-refugie%c2%b7e%c2%b7s-arrivant-dukraine\/#primaryimage\"},\"thumbnailUrl\":\"https:\/\/www.grandsformats.com\/wp-content\/uploads\/2022\/04\/13-FACEBOOK_LOGO-FAAR-Bleu_Bandeau-Bleu_851X315.jpg\",\"datePublished\":\"2022-04-01T13:00:33+00:00\",\"breadcrumb\":{\"@id\":\"https:\/\/www.grandsformats.com\/2022\/04\/soutien-au-fonds-daide-aux-refugie%c2%b7e%c2%b7s-arrivant-dukraine\/#breadcrumb\"},\"inLanguage\":\"en-US\",\"potentialAction\":[{\"@type\":\"ReadAction\",\"target\":[\"https:\/\/www.grandsformats.com\/2022\/04\/soutien-au-fonds-daide-aux-refugie%c2%b7e%c2%b7s-arrivant-dukraine\/\"]}]},{\"@type\":\"ImageObject\",\"inLanguage\":\"en-US\",\"@id\":\"https:\/\/www.grandsformats.com\/2022\/04\/soutien-au-fonds-daide-aux-refugie%c2%b7e%c2%b7s-arrivant-dukraine\/#primaryimage\",\"url\":\"https:\/\/www.grandsformats.com\/wp-content\/uploads\/2022\/04\/13-FACEBOOK_LOGO-FAAR-Bleu_Bandeau-Bleu_851X315.jpg\",\"contentUrl\":\"https:\/\/www.grandsformats.com\/wp-content\/uploads\/2022\/04\/13-FACEBOOK_LOGO-FAAR-Bleu_Bandeau-Bleu_851X315.jpg\",\"width\":851,\"height\":315,\"caption\":\"Fonds FAAR - Ukraine 2022\"},{\"@type\":\"BreadcrumbList\",\"@id\":\"https:\/\/www.grandsformats.com\/2022\/04\/soutien-au-fonds-daide-aux-refugie%c2%b7e%c2%b7s-arrivant-dukraine\/#breadcrumb\",\"itemListElement\":[{\"@type\":\"ListItem\",\"position\":1,\"name\":\"Accueil\",\"item\":\"https:\/\/www.grandsformats.com\/en\/\"},{\"@type\":\"ListItem\",\"position\":2,\"name\":\"Soutien au fonds d&rsquo;aide aux r\u00e9fugi\u00e9\u00b7e\u00b7s arrivant d&rsquo;Ukraine\"}]},{\"@type\":\"WebSite\",\"@id\":\"https:\/\/www.grandsformats.com\/#website\",\"url\":\"https:\/\/www.grandsformats.com\/\",\"name\":\"Site officiel de la f\u00e9d\u00e9ration Grands Formats\",\"description\":\"F\u00e9d\u00e9ration d&#039;artistes pour la musique en grand !\",\"publisher\":{\"@id\":\"https:\/\/www.grandsformats.com\/#organization\"},\"potentialAction\":[{\"@type\":\"SearchAction\",\"target\":{\"@type\":\"EntryPoint\",\"urlTemplate\":\"https:\/\/www.grandsformats.com\/?s={search_term_string}\"},\"query-input\":{\"@type\":\"PropertyValueSpecification\",\"valueRequired\":true,\"valueName\":\"search_term_string\"}}],\"inLanguage\":\"en-US\"},{\"@type\":\"Organization\",\"@id\":\"https:\/\/www.grandsformats.com\/#organization\",\"name\":\"Grands Formats\",\"url\":\"https:\/\/www.grandsformats.com\/\",\"logo\":{\"@type\":\"ImageObject\",\"inLanguage\":\"en-US\",\"@id\":\"https:\/\/www.grandsformats.com\/#\/schema\/logo\/image\/\",\"url\":\"https:\/\/www.grandsformats.com\/wp-content\/uploads\/2020\/03\/logo-GF-200.png\",\"contentUrl\":\"https:\/\/www.grandsformats.com\/wp-content\/uploads\/2020\/03\/logo-GF-200.png\",\"width\":155,\"height\":200,\"caption\":\"Grands Formats\"},\"image\":{\"@id\":\"https:\/\/www.grandsformats.com\/#\/schema\/logo\/image\/\"},\"sameAs\":[\"https:\/\/www.facebook.com\/grandsformats\/\",\"https:\/\/x.com\/GrandsFormatsGF\",\"https:\/\/www.instagram.com\/grandsformats\/\",\"https:\/\/www.youtube.com\/channel\/UCJ7k9dbqc_DG-nxI3WMPvhw?view_as=subscriberhttps:\/\/www.youtube.com\/channel\/UCJ7k9dbqc_DG-nxI3WMPvhw?view_as=subscriber\"]},{\"@type\":\"Person\",\"@id\":\"https:\/\/www.grandsformats.com\/#\/schema\/person\/6ecde7e38a2254b5bc9d620679208ee1\",\"name\":\"Grands Formats\",\"image\":{\"@type\":\"ImageObject\",\"inLanguage\":\"en-US\",\"@id\":\"https:\/\/www.grandsformats.com\/#\/schema\/person\/image\/\",\"url\":\"https:\/\/secure.gravatar.com\/avatar\/5d06febf5ba4681bd17a251487132861b5339c2d72f789e59decf1c1b05d0078?s=96&d=mm&r=g\",\"contentUrl\":\"https:\/\/secure.gravatar.com\/avatar\/5d06febf5ba4681bd17a251487132861b5339c2d72f789e59decf1c1b05d0078?s=96&d=mm&r=g\",\"caption\":\"Grands Formats\"},\"url\":\"https:\/\/www.grandsformats.com\/en\/author\/margaux\/\"}]}<\/script>\n<!-- \/ Yoast SEO plugin. -->","yoast_head_json":{"title":"Soutien au fonds d'aide aux r\u00e9fugi\u00e9\u00b7e\u00b7s arrivant d'Ukraine - Site officiel de la f\u00e9d\u00e9ration Grands Formats","robots":{"index":"index","follow":"follow","max-snippet":"max-snippet:-1","max-image-preview":"max-image-preview:large","max-video-preview":"max-video-preview:-1"},"canonical":"https:\/\/www.grandsformats.com\/2022\/04\/soutien-au-fonds-daide-aux-refugie\u00b7e\u00b7s-arrivant-dukraine\/","og_locale":"en_US","og_type":"article","og_title":"Soutien au fonds d'aide aux r\u00e9fugi\u00e9\u00b7e\u00b7s arrivant d'Ukraine - Site officiel de la f\u00e9d\u00e9ration Grands Formats","og_description":"Grands Formats soutient la cr\u00e9ation du FAAR &#8211; Fonds d&#8217;Aide aux R\u00e9fugi\u00e9\u00b7e\u00b7s arrivant d&#8217;Ukraine La f\u00e9d\u00e9ration a d\u00e9cid\u00e9 de rejoindre les structures, artistes et r\u00e9seaux soutenants le Fonds d&#8217;Aide aux R\u00e9fugi\u00e9\u00b7e\u00b7s arrivant d&#8217;Ukraine. Dans le cadre de ce soutien, Grands Formats diffuse ci-dessous toutes les informations concernant ce fonds et son appel \u00e0 dons. &nbsp;...Continue reading","og_url":"https:\/\/www.grandsformats.com\/2022\/04\/soutien-au-fonds-daide-aux-refugie\u00b7e\u00b7s-arrivant-dukraine\/","og_site_name":"Site officiel de la f\u00e9d\u00e9ration Grands Formats","article_publisher":"https:\/\/www.facebook.com\/grandsformats\/","article_published_time":"2022-04-01T13:00:33+00:00","og_image":[{"width":851,"height":315,"url":"https:\/\/www.grandsformats.com\/wp-content\/uploads\/2022\/04\/13-FACEBOOK_LOGO-FAAR-Bleu_Bandeau-Bleu_851X315.jpg","type":"image\/jpeg"}],"author":"Grands Formats","twitter_card":"summary_large_image","twitter_creator":"@GrandsFormatsGF","twitter_site":"@GrandsFormatsGF","twitter_misc":{"Written by":"Grands Formats","Est. reading time":"7 minutes"},"schema":{"@context":"https:\/\/schema.org","@graph":[{"@type":"Article","@id":"https:\/\/www.grandsformats.com\/2022\/04\/soutien-au-fonds-daide-aux-refugie%c2%b7e%c2%b7s-arrivant-dukraine\/#article","isPartOf":{"@id":"https:\/\/www.grandsformats.com\/2022\/04\/soutien-au-fonds-daide-aux-refugie%c2%b7e%c2%b7s-arrivant-dukraine\/"},"author":{"name":"Grands Formats","@id":"https:\/\/www.grandsformats.com\/#\/schema\/person\/6ecde7e38a2254b5bc9d620679208ee1"},"headline":"Soutien au fonds d&#8217;aide aux r\u00e9fugi\u00e9\u00b7e\u00b7s arrivant d&#8217;Ukraine","datePublished":"2022-04-01T13:00:33+00:00","mainEntityOfPage":{"@id":"https:\/\/www.grandsformats.com\/2022\/04\/soutien-au-fonds-daide-aux-refugie%c2%b7e%c2%b7s-arrivant-dukraine\/"},"wordCount":1667,"commentCount":0,"publisher":{"@id":"https:\/\/www.grandsformats.com\/#organization"},"image":{"@id":"https:\/\/www.grandsformats.com\/2022\/04\/soutien-au-fonds-daide-aux-refugie%c2%b7e%c2%b7s-arrivant-dukraine\/#primaryimage"},"thumbnailUrl":"https:\/\/www.grandsformats.com\/wp-content\/uploads\/2022\/04\/13-FACEBOOK_LOGO-FAAR-Bleu_Bandeau-Bleu_851X315.jpg","articleSection":["Actus de la f\u00e9d\u00e9"],"inLanguage":"en-US","potentialAction":[{"@type":"CommentAction","name":"Comment","target":["https:\/\/www.grandsformats.com\/2022\/04\/soutien-au-fonds-daide-aux-refugie%c2%b7e%c2%b7s-arrivant-dukraine\/#respond"]}]},{"@type":"WebPage","@id":"https:\/\/www.grandsformats.com\/2022\/04\/soutien-au-fonds-daide-aux-refugie%c2%b7e%c2%b7s-arrivant-dukraine\/","url":"https:\/\/www.grandsformats.com\/2022\/04\/soutien-au-fonds-daide-aux-refugie%c2%b7e%c2%b7s-arrivant-dukraine\/","name":"Soutien au fonds d'aide aux r\u00e9fugi\u00e9\u00b7e\u00b7s arrivant d'Ukraine - Site officiel de la f\u00e9d\u00e9ration Grands Formats","isPartOf":{"@id":"https:\/\/www.grandsformats.com\/#website"},"primaryImageOfPage":{"@id":"https:\/\/www.grandsformats.com\/2022\/04\/soutien-au-fonds-daide-aux-refugie%c2%b7e%c2%b7s-arrivant-dukraine\/#primaryimage"},"image":{"@id":"https:\/\/www.grandsformats.com\/2022\/04\/soutien-au-fonds-daide-aux-refugie%c2%b7e%c2%b7s-arrivant-dukraine\/#primaryimage"},"thumbnailUrl":"https:\/\/www.grandsformats.com\/wp-content\/uploads\/2022\/04\/13-FACEBOOK_LOGO-FAAR-Bleu_Bandeau-Bleu_851X315.jpg","datePublished":"2022-04-01T13:00:33+00:00","breadcrumb":{"@id":"https:\/\/www.grandsformats.com\/2022\/04\/soutien-au-fonds-daide-aux-refugie%c2%b7e%c2%b7s-arrivant-dukraine\/#breadcrumb"},"inLanguage":"en-US","potentialAction":[{"@type":"ReadAction","target":["https:\/\/www.grandsformats.com\/2022\/04\/soutien-au-fonds-daide-aux-refugie%c2%b7e%c2%b7s-arrivant-dukraine\/"]}]},{"@type":"ImageObject","inLanguage":"en-US","@id":"https:\/\/www.grandsformats.com\/2022\/04\/soutien-au-fonds-daide-aux-refugie%c2%b7e%c2%b7s-arrivant-dukraine\/#primaryimage","url":"https:\/\/www.grandsformats.com\/wp-content\/uploads\/2022\/04\/13-FACEBOOK_LOGO-FAAR-Bleu_Bandeau-Bleu_851X315.jpg","contentUrl":"https:\/\/www.grandsformats.com\/wp-content\/uploads\/2022\/04\/13-FACEBOOK_LOGO-FAAR-Bleu_Bandeau-Bleu_851X315.jpg","width":851,"height":315,"caption":"Fonds FAAR - Ukraine 2022"},{"@type":"BreadcrumbList","@id":"https:\/\/www.grandsformats.com\/2022\/04\/soutien-au-fonds-daide-aux-refugie%c2%b7e%c2%b7s-arrivant-dukraine\/#breadcrumb","itemListElement":[{"@type":"ListItem","position":1,"name":"Accueil","item":"https:\/\/www.grandsformats.com\/en\/"},{"@type":"ListItem","position":2,"name":"Soutien au fonds d&rsquo;aide aux r\u00e9fugi\u00e9\u00b7e\u00b7s arrivant d&rsquo;Ukraine"}]},{"@type":"WebSite","@id":"https:\/\/www.grandsformats.com\/#website","url":"https:\/\/www.grandsformats.com\/","name":"Site officiel de la f\u00e9d\u00e9ration Grands Formats","description":"F\u00e9d\u00e9ration d&#039;artistes pour la musique en grand !","publisher":{"@id":"https:\/\/www.grandsformats.com\/#organization"},"potentialAction":[{"@type":"SearchAction","target":{"@type":"EntryPoint","urlTemplate":"https:\/\/www.grandsformats.com\/?s={search_term_string}"},"query-input":{"@type":"PropertyValueSpecification","valueRequired":true,"valueName":"search_term_string"}}],"inLanguage":"en-US"},{"@type":"Organization","@id":"https:\/\/www.grandsformats.com\/#organization","name":"Grands Formats","url":"https:\/\/www.grandsformats.com\/","logo":{"@type":"ImageObject","inLanguage":"en-US","@id":"https:\/\/www.grandsformats.com\/#\/schema\/logo\/image\/","url":"https:\/\/www.grandsformats.com\/wp-content\/uploads\/2020\/03\/logo-GF-200.png","contentUrl":"https:\/\/www.grandsformats.com\/wp-content\/uploads\/2020\/03\/logo-GF-200.png","width":155,"height":200,"caption":"Grands Formats"},"image":{"@id":"https:\/\/www.grandsformats.com\/#\/schema\/logo\/image\/"},"sameAs":["https:\/\/www.facebook.com\/grandsformats\/","https:\/\/x.com\/GrandsFormatsGF","https:\/\/www.instagram.com\/grandsformats\/","https:\/\/www.youtube.com\/channel\/UCJ7k9dbqc_DG-nxI3WMPvhw?view_as=subscriberhttps:\/\/www.youtube.com\/channel\/UCJ7k9dbqc_DG-nxI3WMPvhw?view_as=subscriber"]},{"@type":"Person","@id":"https:\/\/www.grandsformats.com\/#\/schema\/person\/6ecde7e38a2254b5bc9d620679208ee1","name":"Grands Formats","image":{"@type":"ImageObject","inLanguage":"en-US","@id":"https:\/\/www.grandsformats.com\/#\/schema\/person\/image\/","url":"https:\/\/secure.gravatar.com\/avatar\/5d06febf5ba4681bd17a251487132861b5339c2d72f789e59decf1c1b05d0078?s=96&d=mm&r=g","contentUrl":"https:\/\/secure.gravatar.com\/avatar\/5d06febf5ba4681bd17a251487132861b5339c2d72f789e59decf1c1b05d0078?s=96&d=mm&r=g","caption":"Grands Formats"},"url":"https:\/\/www.grandsformats.com\/en\/author\/margaux\/"}]}},"_links":{"self":[{"href":"https:\/\/www.grandsformats.com\/en\/wp-json\/wp\/v2\/posts\/16845","targetHints":{"allow":["GET"]}}],"collection":[{"href":"https:\/\/www.grandsformats.com\/en\/wp-json\/wp\/v2\/posts"}],"about":[{"href":"https:\/\/www.grandsformats.com\/en\/wp-json\/wp\/v2\/types\/post"}],"author":[{"embeddable":true,"href":"https:\/\/www.grandsformats.com\/en\/wp-json\/wp\/v2\/users\/2"}],"replies":[{"embeddable":true,"href":"https:\/\/www.grandsformats.com\/en\/wp-json\/wp\/v2\/comments?post=16845"}],"version-history":[{"count":0,"href":"https:\/\/www.grandsformats.com\/en\/wp-json\/wp\/v2\/posts\/16845\/revisions"}],"wp:featuredmedia":[{"embeddable":true,"href":"https:\/\/www.grandsformats.com\/en\/wp-json\/wp\/v2\/media\/16846"}],"wp:attachment":[{"href":"https:\/\/www.grandsformats.com\/en\/wp-json\/wp\/v2\/media?parent=16845"}],"wp:term":[{"taxonomy":"category","embeddable":true,"href":"https:\/\/www.grandsformats.com\/en\/wp-json\/wp\/v2\/categories?post=16845"},{"taxonomy":"post_tag","embeddable":true,"href":"https:\/\/www.grandsformats.com\/en\/wp-json\/wp\/v2\/tags?post=16845"}],"curies":[{"name":"wp","href":"https:\/\/api.w.org\/{rel}","templated":true}]}}