{"id":16833,"date":"2022-03-31T17:58:03","date_gmt":"2022-03-31T15:58:03","guid":{"rendered":"https:\/\/www.grandsformats.com\/?p=16833"},"modified":"2022-03-31T17:58:03","modified_gmt":"2022-03-31T15:58:03","slug":"danzas-sinfonia-le-22-avril-a-la-mac-de-creteil","status":"publish","type":"post","link":"https:\/\/www.grandsformats.com\/en\/2022\/03\/danzas-sinfonia-le-22-avril-a-la-mac-de-creteil\/","title":{"rendered":"&#8220;Danzas Sinfonia&#8221; le 22 avril \u00e0 la MAC de Cr\u00e9teil"},"content":{"rendered":"<p class=\"text-build-content\" data-testid=\"k-CNfjj4sU\">Le spectacle <i>Danzas Sinfonia<\/i> est au programme de la Maison des Arts de Cr\u00e9teil (94) le 22 avril. Cette repr\u00e9sentation sera le point d&#8217;orgue d&#8217;un parcours d&#8217;escapades musicales dans le d\u00e9partement du Val-de-Marne.<\/p>\n<p class=\"text-build-content\" data-testid=\"k-CNfjj4sU\">Compos\u00e9e par <a href=\"https:\/\/www.grandsformats.com\/artist\/jean-marie-machado-orchestre-danzas\/\">Jean Marie Machado<\/a>, cette suite symphonique est dirig\u00e9e par Jean-Charles Richard et est interpr\u00e9t\u00e9e par les 16 musicien\u00b7ne\u00b7s de l&#8217;orchestre. Compos\u00e9 de solistes issus du jazz et des musiques improvis\u00e9es, des musiques classiques et des musiques du monde, a servi de tremplin \u00e0 la carte blanche propos\u00e9e par la Maison des Arts de Cr\u00e9teil. Les ascendances diverses, les composantes esth\u00e9tiques originales de l\u2019orchestre apportent une couleur particuli\u00e8re, une alchimie musicale, d\u2019autant que Jean Marie Machado est lui-m\u00eame issu de tous ces mondes et continue d\u2019en explorer les infinies combinaisons.<\/p>\n<p data-testid=\"k-CNfjj4sU\"><a href=\"https:\/\/maccreteil.com\/evenement\/787\/danzas-sinfoniacarte-blanche-a\">Infos et billetterie<\/a><\/p>\n<p><iframe loading=\"lazy\" title=\"EPK - JEAN-MARIE MACHADO &amp; DANZAS\" width=\"1140\" height=\"641\" src=\"https:\/\/www.youtube.com\/embed\/vIElm6mn6FI?start=14&#038;feature=oembed\" frameborder=\"0\" allow=\"accelerometer; autoplay; clipboard-write; encrypted-media; gyroscope; picture-in-picture\" allowfullscreen><\/iframe><\/p>\n","protected":false},"excerpt":{"rendered":"<p>Le spectacle Danzas Sinfonia est au programme de la Maison des Arts de Cr\u00e9teil (94) le 22 avril. Cette repr\u00e9sentation sera le point d&#8217;orgue d&#8217;un parcours d&#8217;escapades musicales dans le d\u00e9partement du Val-de-Marne. Compos\u00e9e par Jean Marie Machado, cette suite symphonique est dirig\u00e9e par Jean-Charles Richard et est interpr\u00e9t\u00e9e par les 16 musicien\u00b7ne\u00b7s de l&#8217;orchestre&#8230;.<\/p>\n<p><a rel=\"bookmark\" class=\"theme-button-text wvc-button wvc-button-size-xs\" href=\"https:\/\/www.grandsformats.com\/en\/2022\/03\/danzas-sinfonia-le-22-avril-a-la-mac-de-creteil\/\"><small class=\"wvc-button-background-fill\"><\/small><span>Continue reading<\/span><\/a><\/p>\n","protected":false},"author":2,"featured_media":16835,"comment_status":"open","ping_status":"open","sticky":false,"template":"","format":"standard","meta":{"_acf_changed":false,"footnotes":""},"categories":[95,861],"tags":[],"class_list":["post-16833","post","type-post","status-publish","format-standard","has-post-thumbnail","hentry","category-membres","category-jean-marie-machado-orchestre-danzas","entry-post-skin-light","entry","clearfix","entry-grid","entry-columns-default","entry-post-module-layout-sidebar-right","thumbnail-color-tone-dark","metro-landscape","entry-post","entry-masonry","entry-post-masonry"],"acf":[],"yoast_head":"<!-- This site is optimized with the Yoast SEO plugin v25.8 - https:\/\/yoast.com\/wordpress\/plugins\/seo\/ -->\n<title>&quot;Danzas Sinfonia&quot; le 22 avril \u00e0 la MAC de Cr\u00e9teil - Site officiel de la f\u00e9d\u00e9ration Grands Formats<\/title>\n<meta name=\"robots\" content=\"index, follow, max-snippet:-1, max-image-preview:large, max-video-preview:-1\" \/>\n<link rel=\"canonical\" href=\"https:\/\/www.grandsformats.com\/2022\/03\/danzas-sinfonia-le-22-avril-a-la-mac-de-creteil\/\" \/>\n<meta property=\"og:locale\" content=\"en_US\" \/>\n<meta property=\"og:type\" content=\"article\" \/>\n<meta property=\"og:title\" content=\"&quot;Danzas Sinfonia&quot; le 22 avril \u00e0 la MAC de Cr\u00e9teil - Site officiel de la f\u00e9d\u00e9ration Grands Formats\" \/>\n<meta property=\"og:description\" content=\"Le spectacle Danzas Sinfonia est au programme de la Maison des Arts de Cr\u00e9teil (94) le 22 avril. Cette repr\u00e9sentation sera le point d&#8217;orgue d&#8217;un parcours d&#8217;escapades musicales dans le d\u00e9partement du Val-de-Marne. Compos\u00e9e par Jean Marie Machado, cette suite symphonique est dirig\u00e9e par Jean-Charles Richard et est interpr\u00e9t\u00e9e par les 16 musicien\u00b7ne\u00b7s de l&#8217;orchestre....Continue reading\" \/>\n<meta property=\"og:url\" content=\"https:\/\/www.grandsformats.com\/2022\/03\/danzas-sinfonia-le-22-avril-a-la-mac-de-creteil\/\" \/>\n<meta property=\"og:site_name\" content=\"Site officiel de la f\u00e9d\u00e9ration Grands Formats\" \/>\n<meta property=\"article:publisher\" content=\"https:\/\/www.facebook.com\/grandsformats\/\" \/>\n<meta property=\"article:published_time\" content=\"2022-03-31T15:58:03+00:00\" \/>\n<meta property=\"og:image\" content=\"https:\/\/www.grandsformats.com\/wp-content\/uploads\/2022\/03\/Danzas-MAC-22-avril-2022-1920x1080-1.jpg\" \/>\n\t<meta property=\"og:image:width\" content=\"1920\" \/>\n\t<meta property=\"og:image:height\" content=\"1080\" \/>\n\t<meta property=\"og:image:type\" content=\"image\/jpeg\" \/>\n<meta name=\"author\" content=\"Grands Formats\" \/>\n<meta name=\"twitter:card\" content=\"summary_large_image\" \/>\n<meta name=\"twitter:creator\" content=\"@GrandsFormatsGF\" \/>\n<meta name=\"twitter:site\" content=\"@GrandsFormatsGF\" \/>\n<meta name=\"twitter:label1\" content=\"Written by\" \/>\n\t<meta name=\"twitter:data1\" content=\"Grands Formats\" \/>\n\t<meta name=\"twitter:label2\" content=\"Est. reading time\" \/>\n\t<meta name=\"twitter:data2\" content=\"1 minute\" \/>\n<script type=\"application\/ld+json\" class=\"yoast-schema-graph\">{\"@context\":\"https:\/\/schema.org\",\"@graph\":[{\"@type\":\"Article\",\"@id\":\"https:\/\/www.grandsformats.com\/2022\/03\/danzas-sinfonia-le-22-avril-a-la-mac-de-creteil\/#article\",\"isPartOf\":{\"@id\":\"https:\/\/www.grandsformats.com\/2022\/03\/danzas-sinfonia-le-22-avril-a-la-mac-de-creteil\/\"},\"author\":{\"name\":\"Grands Formats\",\"@id\":\"https:\/\/www.grandsformats.com\/#\/schema\/person\/6ecde7e38a2254b5bc9d620679208ee1\"},\"headline\":\"&#8220;Danzas Sinfonia&#8221; le 22 avril \u00e0 la MAC de Cr\u00e9teil\",\"datePublished\":\"2022-03-31T15:58:03+00:00\",\"mainEntityOfPage\":{\"@id\":\"https:\/\/www.grandsformats.com\/2022\/03\/danzas-sinfonia-le-22-avril-a-la-mac-de-creteil\/\"},\"wordCount\":174,\"commentCount\":0,\"publisher\":{\"@id\":\"https:\/\/www.grandsformats.com\/#organization\"},\"image\":{\"@id\":\"https:\/\/www.grandsformats.com\/2022\/03\/danzas-sinfonia-le-22-avril-a-la-mac-de-creteil\/#primaryimage\"},\"thumbnailUrl\":\"https:\/\/www.grandsformats.com\/wp-content\/uploads\/2022\/03\/Danzas-MAC-22-avril-2022-1920x1080-1.jpg\",\"articleSection\":[\"Actus des membres\",\"Jean Marie Machado Orchestre Danzas\"],\"inLanguage\":\"en-US\",\"potentialAction\":[{\"@type\":\"CommentAction\",\"name\":\"Comment\",\"target\":[\"https:\/\/www.grandsformats.com\/2022\/03\/danzas-sinfonia-le-22-avril-a-la-mac-de-creteil\/#respond\"]}]},{\"@type\":\"WebPage\",\"@id\":\"https:\/\/www.grandsformats.com\/2022\/03\/danzas-sinfonia-le-22-avril-a-la-mac-de-creteil\/\",\"url\":\"https:\/\/www.grandsformats.com\/2022\/03\/danzas-sinfonia-le-22-avril-a-la-mac-de-creteil\/\",\"name\":\"\\\"Danzas Sinfonia\\\" le 22 avril \u00e0 la MAC de Cr\u00e9teil - Site officiel de la f\u00e9d\u00e9ration Grands Formats\",\"isPartOf\":{\"@id\":\"https:\/\/www.grandsformats.com\/#website\"},\"primaryImageOfPage\":{\"@id\":\"https:\/\/www.grandsformats.com\/2022\/03\/danzas-sinfonia-le-22-avril-a-la-mac-de-creteil\/#primaryimage\"},\"image\":{\"@id\":\"https:\/\/www.grandsformats.com\/2022\/03\/danzas-sinfonia-le-22-avril-a-la-mac-de-creteil\/#primaryimage\"},\"thumbnailUrl\":\"https:\/\/www.grandsformats.com\/wp-content\/uploads\/2022\/03\/Danzas-MAC-22-avril-2022-1920x1080-1.jpg\",\"datePublished\":\"2022-03-31T15:58:03+00:00\",\"breadcrumb\":{\"@id\":\"https:\/\/www.grandsformats.com\/2022\/03\/danzas-sinfonia-le-22-avril-a-la-mac-de-creteil\/#breadcrumb\"},\"inLanguage\":\"en-US\",\"potentialAction\":[{\"@type\":\"ReadAction\",\"target\":[\"https:\/\/www.grandsformats.com\/2022\/03\/danzas-sinfonia-le-22-avril-a-la-mac-de-creteil\/\"]}]},{\"@type\":\"ImageObject\",\"inLanguage\":\"en-US\",\"@id\":\"https:\/\/www.grandsformats.com\/2022\/03\/danzas-sinfonia-le-22-avril-a-la-mac-de-creteil\/#primaryimage\",\"url\":\"https:\/\/www.grandsformats.com\/wp-content\/uploads\/2022\/03\/Danzas-MAC-22-avril-2022-1920x1080-1.jpg\",\"contentUrl\":\"https:\/\/www.grandsformats.com\/wp-content\/uploads\/2022\/03\/Danzas-MAC-22-avril-2022-1920x1080-1.jpg\",\"width\":1920,\"height\":1080,\"caption\":\"Danzas - MAC 22 avril 2022\"},{\"@type\":\"BreadcrumbList\",\"@id\":\"https:\/\/www.grandsformats.com\/2022\/03\/danzas-sinfonia-le-22-avril-a-la-mac-de-creteil\/#breadcrumb\",\"itemListElement\":[{\"@type\":\"ListItem\",\"position\":1,\"name\":\"Accueil\",\"item\":\"https:\/\/www.grandsformats.com\/en\/\"},{\"@type\":\"ListItem\",\"position\":2,\"name\":\"\u00ab\u00a0Danzas Sinfonia\u00a0\u00bb le 22 avril \u00e0 la MAC de Cr\u00e9teil\"}]},{\"@type\":\"WebSite\",\"@id\":\"https:\/\/www.grandsformats.com\/#website\",\"url\":\"https:\/\/www.grandsformats.com\/\",\"name\":\"Site officiel de la f\u00e9d\u00e9ration Grands Formats\",\"description\":\"F\u00e9d\u00e9ration d&#039;artistes pour la musique en grand !\",\"publisher\":{\"@id\":\"https:\/\/www.grandsformats.com\/#organization\"},\"potentialAction\":[{\"@type\":\"SearchAction\",\"target\":{\"@type\":\"EntryPoint\",\"urlTemplate\":\"https:\/\/www.grandsformats.com\/?s={search_term_string}\"},\"query-input\":{\"@type\":\"PropertyValueSpecification\",\"valueRequired\":true,\"valueName\":\"search_term_string\"}}],\"inLanguage\":\"en-US\"},{\"@type\":\"Organization\",\"@id\":\"https:\/\/www.grandsformats.com\/#organization\",\"name\":\"Grands Formats\",\"url\":\"https:\/\/www.grandsformats.com\/\",\"logo\":{\"@type\":\"ImageObject\",\"inLanguage\":\"en-US\",\"@id\":\"https:\/\/www.grandsformats.com\/#\/schema\/logo\/image\/\",\"url\":\"https:\/\/www.grandsformats.com\/wp-content\/uploads\/2020\/03\/logo-GF-200.png\",\"contentUrl\":\"https:\/\/www.grandsformats.com\/wp-content\/uploads\/2020\/03\/logo-GF-200.png\",\"width\":155,\"height\":200,\"caption\":\"Grands Formats\"},\"image\":{\"@id\":\"https:\/\/www.grandsformats.com\/#\/schema\/logo\/image\/\"},\"sameAs\":[\"https:\/\/www.facebook.com\/grandsformats\/\",\"https:\/\/x.com\/GrandsFormatsGF\",\"https:\/\/www.instagram.com\/grandsformats\/\",\"https:\/\/www.youtube.com\/channel\/UCJ7k9dbqc_DG-nxI3WMPvhw?view_as=subscriberhttps:\/\/www.youtube.com\/channel\/UCJ7k9dbqc_DG-nxI3WMPvhw?view_as=subscriber\"]},{\"@type\":\"Person\",\"@id\":\"https:\/\/www.grandsformats.com\/#\/schema\/person\/6ecde7e38a2254b5bc9d620679208ee1\",\"name\":\"Grands Formats\",\"image\":{\"@type\":\"ImageObject\",\"inLanguage\":\"en-US\",\"@id\":\"https:\/\/www.grandsformats.com\/#\/schema\/person\/image\/\",\"url\":\"https:\/\/secure.gravatar.com\/avatar\/5d06febf5ba4681bd17a251487132861b5339c2d72f789e59decf1c1b05d0078?s=96&d=mm&r=g\",\"contentUrl\":\"https:\/\/secure.gravatar.com\/avatar\/5d06febf5ba4681bd17a251487132861b5339c2d72f789e59decf1c1b05d0078?s=96&d=mm&r=g\",\"caption\":\"Grands Formats\"},\"url\":\"https:\/\/www.grandsformats.com\/en\/author\/margaux\/\"}]}<\/script>\n<!-- \/ Yoast SEO plugin. -->","yoast_head_json":{"title":"\"Danzas Sinfonia\" le 22 avril \u00e0 la MAC de Cr\u00e9teil - Site officiel de la f\u00e9d\u00e9ration Grands Formats","robots":{"index":"index","follow":"follow","max-snippet":"max-snippet:-1","max-image-preview":"max-image-preview:large","max-video-preview":"max-video-preview:-1"},"canonical":"https:\/\/www.grandsformats.com\/2022\/03\/danzas-sinfonia-le-22-avril-a-la-mac-de-creteil\/","og_locale":"en_US","og_type":"article","og_title":"\"Danzas Sinfonia\" le 22 avril \u00e0 la MAC de Cr\u00e9teil - Site officiel de la f\u00e9d\u00e9ration Grands Formats","og_description":"Le spectacle Danzas Sinfonia est au programme de la Maison des Arts de Cr\u00e9teil (94) le 22 avril. Cette repr\u00e9sentation sera le point d&#8217;orgue d&#8217;un parcours d&#8217;escapades musicales dans le d\u00e9partement du Val-de-Marne. Compos\u00e9e par Jean Marie Machado, cette suite symphonique est dirig\u00e9e par Jean-Charles Richard et est interpr\u00e9t\u00e9e par les 16 musicien\u00b7ne\u00b7s de l&#8217;orchestre....Continue reading","og_url":"https:\/\/www.grandsformats.com\/2022\/03\/danzas-sinfonia-le-22-avril-a-la-mac-de-creteil\/","og_site_name":"Site officiel de la f\u00e9d\u00e9ration Grands Formats","article_publisher":"https:\/\/www.facebook.com\/grandsformats\/","article_published_time":"2022-03-31T15:58:03+00:00","og_image":[{"width":1920,"height":1080,"url":"https:\/\/www.grandsformats.com\/wp-content\/uploads\/2022\/03\/Danzas-MAC-22-avril-2022-1920x1080-1.jpg","type":"image\/jpeg"}],"author":"Grands Formats","twitter_card":"summary_large_image","twitter_creator":"@GrandsFormatsGF","twitter_site":"@GrandsFormatsGF","twitter_misc":{"Written by":"Grands Formats","Est. reading time":"1 minute"},"schema":{"@context":"https:\/\/schema.org","@graph":[{"@type":"Article","@id":"https:\/\/www.grandsformats.com\/2022\/03\/danzas-sinfonia-le-22-avril-a-la-mac-de-creteil\/#article","isPartOf":{"@id":"https:\/\/www.grandsformats.com\/2022\/03\/danzas-sinfonia-le-22-avril-a-la-mac-de-creteil\/"},"author":{"name":"Grands Formats","@id":"https:\/\/www.grandsformats.com\/#\/schema\/person\/6ecde7e38a2254b5bc9d620679208ee1"},"headline":"&#8220;Danzas Sinfonia&#8221; le 22 avril \u00e0 la MAC de Cr\u00e9teil","datePublished":"2022-03-31T15:58:03+00:00","mainEntityOfPage":{"@id":"https:\/\/www.grandsformats.com\/2022\/03\/danzas-sinfonia-le-22-avril-a-la-mac-de-creteil\/"},"wordCount":174,"commentCount":0,"publisher":{"@id":"https:\/\/www.grandsformats.com\/#organization"},"image":{"@id":"https:\/\/www.grandsformats.com\/2022\/03\/danzas-sinfonia-le-22-avril-a-la-mac-de-creteil\/#primaryimage"},"thumbnailUrl":"https:\/\/www.grandsformats.com\/wp-content\/uploads\/2022\/03\/Danzas-MAC-22-avril-2022-1920x1080-1.jpg","articleSection":["Actus des membres","Jean Marie Machado Orchestre Danzas"],"inLanguage":"en-US","potentialAction":[{"@type":"CommentAction","name":"Comment","target":["https:\/\/www.grandsformats.com\/2022\/03\/danzas-sinfonia-le-22-avril-a-la-mac-de-creteil\/#respond"]}]},{"@type":"WebPage","@id":"https:\/\/www.grandsformats.com\/2022\/03\/danzas-sinfonia-le-22-avril-a-la-mac-de-creteil\/","url":"https:\/\/www.grandsformats.com\/2022\/03\/danzas-sinfonia-le-22-avril-a-la-mac-de-creteil\/","name":"\"Danzas Sinfonia\" le 22 avril \u00e0 la MAC de Cr\u00e9teil - Site officiel de la f\u00e9d\u00e9ration Grands Formats","isPartOf":{"@id":"https:\/\/www.grandsformats.com\/#website"},"primaryImageOfPage":{"@id":"https:\/\/www.grandsformats.com\/2022\/03\/danzas-sinfonia-le-22-avril-a-la-mac-de-creteil\/#primaryimage"},"image":{"@id":"https:\/\/www.grandsformats.com\/2022\/03\/danzas-sinfonia-le-22-avril-a-la-mac-de-creteil\/#primaryimage"},"thumbnailUrl":"https:\/\/www.grandsformats.com\/wp-content\/uploads\/2022\/03\/Danzas-MAC-22-avril-2022-1920x1080-1.jpg","datePublished":"2022-03-31T15:58:03+00:00","breadcrumb":{"@id":"https:\/\/www.grandsformats.com\/2022\/03\/danzas-sinfonia-le-22-avril-a-la-mac-de-creteil\/#breadcrumb"},"inLanguage":"en-US","potentialAction":[{"@type":"ReadAction","target":["https:\/\/www.grandsformats.com\/2022\/03\/danzas-sinfonia-le-22-avril-a-la-mac-de-creteil\/"]}]},{"@type":"ImageObject","inLanguage":"en-US","@id":"https:\/\/www.grandsformats.com\/2022\/03\/danzas-sinfonia-le-22-avril-a-la-mac-de-creteil\/#primaryimage","url":"https:\/\/www.grandsformats.com\/wp-content\/uploads\/2022\/03\/Danzas-MAC-22-avril-2022-1920x1080-1.jpg","contentUrl":"https:\/\/www.grandsformats.com\/wp-content\/uploads\/2022\/03\/Danzas-MAC-22-avril-2022-1920x1080-1.jpg","width":1920,"height":1080,"caption":"Danzas - MAC 22 avril 2022"},{"@type":"BreadcrumbList","@id":"https:\/\/www.grandsformats.com\/2022\/03\/danzas-sinfonia-le-22-avril-a-la-mac-de-creteil\/#breadcrumb","itemListElement":[{"@type":"ListItem","position":1,"name":"Accueil","item":"https:\/\/www.grandsformats.com\/en\/"},{"@type":"ListItem","position":2,"name":"\u00ab\u00a0Danzas Sinfonia\u00a0\u00bb le 22 avril \u00e0 la MAC de Cr\u00e9teil"}]},{"@type":"WebSite","@id":"https:\/\/www.grandsformats.com\/#website","url":"https:\/\/www.grandsformats.com\/","name":"Site officiel de la f\u00e9d\u00e9ration Grands Formats","description":"F\u00e9d\u00e9ration d&#039;artistes pour la musique en grand !","publisher":{"@id":"https:\/\/www.grandsformats.com\/#organization"},"potentialAction":[{"@type":"SearchAction","target":{"@type":"EntryPoint","urlTemplate":"https:\/\/www.grandsformats.com\/?s={search_term_string}"},"query-input":{"@type":"PropertyValueSpecification","valueRequired":true,"valueName":"search_term_string"}}],"inLanguage":"en-US"},{"@type":"Organization","@id":"https:\/\/www.grandsformats.com\/#organization","name":"Grands Formats","url":"https:\/\/www.grandsformats.com\/","logo":{"@type":"ImageObject","inLanguage":"en-US","@id":"https:\/\/www.grandsformats.com\/#\/schema\/logo\/image\/","url":"https:\/\/www.grandsformats.com\/wp-content\/uploads\/2020\/03\/logo-GF-200.png","contentUrl":"https:\/\/www.grandsformats.com\/wp-content\/uploads\/2020\/03\/logo-GF-200.png","width":155,"height":200,"caption":"Grands Formats"},"image":{"@id":"https:\/\/www.grandsformats.com\/#\/schema\/logo\/image\/"},"sameAs":["https:\/\/www.facebook.com\/grandsformats\/","https:\/\/x.com\/GrandsFormatsGF","https:\/\/www.instagram.com\/grandsformats\/","https:\/\/www.youtube.com\/channel\/UCJ7k9dbqc_DG-nxI3WMPvhw?view_as=subscriberhttps:\/\/www.youtube.com\/channel\/UCJ7k9dbqc_DG-nxI3WMPvhw?view_as=subscriber"]},{"@type":"Person","@id":"https:\/\/www.grandsformats.com\/#\/schema\/person\/6ecde7e38a2254b5bc9d620679208ee1","name":"Grands Formats","image":{"@type":"ImageObject","inLanguage":"en-US","@id":"https:\/\/www.grandsformats.com\/#\/schema\/person\/image\/","url":"https:\/\/secure.gravatar.com\/avatar\/5d06febf5ba4681bd17a251487132861b5339c2d72f789e59decf1c1b05d0078?s=96&d=mm&r=g","contentUrl":"https:\/\/secure.gravatar.com\/avatar\/5d06febf5ba4681bd17a251487132861b5339c2d72f789e59decf1c1b05d0078?s=96&d=mm&r=g","caption":"Grands Formats"},"url":"https:\/\/www.grandsformats.com\/en\/author\/margaux\/"}]}},"_links":{"self":[{"href":"https:\/\/www.grandsformats.com\/en\/wp-json\/wp\/v2\/posts\/16833","targetHints":{"allow":["GET"]}}],"collection":[{"href":"https:\/\/www.grandsformats.com\/en\/wp-json\/wp\/v2\/posts"}],"about":[{"href":"https:\/\/www.grandsformats.com\/en\/wp-json\/wp\/v2\/types\/post"}],"author":[{"embeddable":true,"href":"https:\/\/www.grandsformats.com\/en\/wp-json\/wp\/v2\/users\/2"}],"replies":[{"embeddable":true,"href":"https:\/\/www.grandsformats.com\/en\/wp-json\/wp\/v2\/comments?post=16833"}],"version-history":[{"count":0,"href":"https:\/\/www.grandsformats.com\/en\/wp-json\/wp\/v2\/posts\/16833\/revisions"}],"wp:featuredmedia":[{"embeddable":true,"href":"https:\/\/www.grandsformats.com\/en\/wp-json\/wp\/v2\/media\/16835"}],"wp:attachment":[{"href":"https:\/\/www.grandsformats.com\/en\/wp-json\/wp\/v2\/media?parent=16833"}],"wp:term":[{"taxonomy":"category","embeddable":true,"href":"https:\/\/www.grandsformats.com\/en\/wp-json\/wp\/v2\/categories?post=16833"},{"taxonomy":"post_tag","embeddable":true,"href":"https:\/\/www.grandsformats.com\/en\/wp-json\/wp\/v2\/tags?post=16833"}],"curies":[{"name":"wp","href":"https:\/\/api.w.org\/{rel}","templated":true}]}}