{"id":16820,"date":"2022-03-31T16:37:02","date_gmt":"2022-03-31T14:37:02","guid":{"rendered":"https:\/\/www.grandsformats.com\/?p=16820"},"modified":"2022-03-31T16:37:02","modified_gmt":"2022-03-31T14:37:02","slug":"regis-huby-large-ensemble-en-concert-le-28-avril-a-caen","status":"publish","type":"post","link":"https:\/\/www.grandsformats.com\/en\/2022\/03\/regis-huby-large-ensemble-en-concert-le-28-avril-a-caen\/","title":{"rendered":"R\u00e9gis Huby Large Ensemble en concert le 28 avril \u00e0 Caen"},"content":{"rendered":"<p>Apr\u00e8s la cr\u00e9ation de <em>The Ellipse<\/em> \u00e0 la Sc\u00e8ne Nationale de Malakoff en 2017, <a href=\"https:\/\/www.grandsformats.com\/artist\/regis-huby-large-ensemble\/\">R\u00e9gis Huby<\/a> r\u00e9unit de nouveau ses quinze amis jazzmen et jazzwomen du Large Ensemble pour cr\u00e9er un nouveau projet musical. Pour cette pi\u00e8ce intitul\u00e9e\u00a0<em>M\u00e9tamorphoses<\/em>, il s\u2019entoure aussi des dix-sept musicien\u00b7ne\u00b7s de l\u2019Orchestre R\u00e9gional de Normandie dirig\u00e9s par leur chef principal, Jean Deroyer.<br \/>\nAvec cette nouvelle cr\u00e9ation, R\u00e9gis Huby nous livre un projet particuli\u00e8rement personnel et intime. Ici, la musique est \u00e0 l\u2019image de son cr\u00e9ateur : en mouvement, soumise sans cesse \u00e0 des micro-transformations ou \u00e0 de grandes (r)\u00e9volutions. R\u00e9gis Huby nous parle des m\u00e9tamorphoses d\u2019un homme qui, tout au long de son existence, \u00e9volue, chemine et change. L\u2019impermanence des choses et du monde s\u2019impose alors comme une \u00e9vidence palpable. Le compositeur convoque \u00e9galement dans cette cr\u00e9ation la n\u00e9cessit\u00e9 de transformation face aux alertes de notre temps et aux catastrophes \u00e9cologiques auxquelles nous faisons face. La musique de R\u00e9gis Huby se fait donc l\u2019\u00e9cho sensoriel des \u00e9volutions intimes d\u2019un homme, mais aussi des mutations universelles<\/p>\n<p>Cette nouvelle cr\u00e9ation est \u00e0 d\u00e9couvrir le 28 avril au <a href=\"https:\/\/theatre.caen.fr\/spectacle\/metamorphoses-0\">Th\u00e9\u00e2tre de Caen<\/a> !<\/p>\n<p><span class=\"caption\" style=\"font-size: 10pt;\">\u00a9 Je\u0301ro\u0302me Pre\u0301bois<\/span><\/p>\n","protected":false},"excerpt":{"rendered":"<p>Apr\u00e8s la cr\u00e9ation de The Ellipse \u00e0 la Sc\u00e8ne Nationale de Malakoff en 2017, R\u00e9gis Huby r\u00e9unit de nouveau ses quinze amis jazzmen et jazzwomen du Large Ensemble pour cr\u00e9er un nouveau projet musical. Pour cette pi\u00e8ce intitul\u00e9e\u00a0M\u00e9tamorphoses, il s\u2019entoure aussi des dix-sept musicien\u00b7ne\u00b7s de l\u2019Orchestre R\u00e9gional de Normandie dirig\u00e9s par leur chef principal, Jean&#8230;<\/p>\n<p><a rel=\"bookmark\" class=\"theme-button-text wvc-button wvc-button-size-xs\" href=\"https:\/\/www.grandsformats.com\/en\/2022\/03\/regis-huby-large-ensemble-en-concert-le-28-avril-a-caen\/\"><small class=\"wvc-button-background-fill\"><\/small><span>Continue reading<\/span><\/a><\/p>\n","protected":false},"author":2,"featured_media":14978,"comment_status":"open","ping_status":"open","sticky":false,"template":"","format":"standard","meta":{"_acf_changed":false,"footnotes":""},"categories":[95,839],"tags":[],"class_list":["post-16820","post","type-post","status-publish","format-standard","has-post-thumbnail","hentry","category-membres","category-regis-huby-large-ensemble","entry-post-skin-light","entry","clearfix","entry-grid","entry-columns-default","entry-post-module-layout-sidebar-right","thumbnail-color-tone-dark","metro-landscape","entry-post","entry-masonry","entry-post-masonry"],"acf":[],"yoast_head":"<!-- This site is optimized with the Yoast SEO plugin v25.8 - https:\/\/yoast.com\/wordpress\/plugins\/seo\/ -->\n<title>R\u00e9gis Huby Large Ensemble en concert le 28 avril \u00e0 Caen - Site officiel de la f\u00e9d\u00e9ration Grands Formats<\/title>\n<meta name=\"robots\" content=\"index, follow, max-snippet:-1, max-image-preview:large, max-video-preview:-1\" \/>\n<link rel=\"canonical\" href=\"https:\/\/www.grandsformats.com\/2022\/03\/regis-huby-large-ensemble-en-concert-le-28-avril-a-caen\/\" \/>\n<meta property=\"og:locale\" content=\"en_US\" \/>\n<meta property=\"og:type\" content=\"article\" \/>\n<meta property=\"og:title\" content=\"R\u00e9gis Huby Large Ensemble en concert le 28 avril \u00e0 Caen - Site officiel de la f\u00e9d\u00e9ration Grands Formats\" \/>\n<meta property=\"og:description\" content=\"Apr\u00e8s la cr\u00e9ation de The Ellipse \u00e0 la Sc\u00e8ne Nationale de Malakoff en 2017, R\u00e9gis Huby r\u00e9unit de nouveau ses quinze amis jazzmen et jazzwomen du Large Ensemble pour cr\u00e9er un nouveau projet musical. Pour cette pi\u00e8ce intitul\u00e9e\u00a0M\u00e9tamorphoses, il s\u2019entoure aussi des dix-sept musicien\u00b7ne\u00b7s de l\u2019Orchestre R\u00e9gional de Normandie dirig\u00e9s par leur chef principal, Jean...Continue reading\" \/>\n<meta property=\"og:url\" content=\"https:\/\/www.grandsformats.com\/2022\/03\/regis-huby-large-ensemble-en-concert-le-28-avril-a-caen\/\" \/>\n<meta property=\"og:site_name\" content=\"Site officiel de la f\u00e9d\u00e9ration Grands Formats\" \/>\n<meta property=\"article:publisher\" content=\"https:\/\/www.facebook.com\/grandsformats\/\" \/>\n<meta property=\"article:published_time\" content=\"2022-03-31T14:37:02+00:00\" \/>\n<meta property=\"og:image\" content=\"https:\/\/www.grandsformats.com\/wp-content\/uploads\/2021\/03\/Regis-Huby-Large-ensemble-JeromePresbois-1920x1080-1.jpg\" \/>\n\t<meta property=\"og:image:width\" content=\"1920\" \/>\n\t<meta property=\"og:image:height\" content=\"1080\" \/>\n\t<meta property=\"og:image:type\" content=\"image\/jpeg\" \/>\n<meta name=\"author\" content=\"Grands Formats\" \/>\n<meta name=\"twitter:card\" content=\"summary_large_image\" \/>\n<meta name=\"twitter:creator\" content=\"@GrandsFormatsGF\" \/>\n<meta name=\"twitter:site\" content=\"@GrandsFormatsGF\" \/>\n<meta name=\"twitter:label1\" content=\"Written by\" \/>\n\t<meta name=\"twitter:data1\" content=\"Grands Formats\" \/>\n\t<meta name=\"twitter:label2\" content=\"Est. reading time\" \/>\n\t<meta name=\"twitter:data2\" content=\"1 minute\" \/>\n<script type=\"application\/ld+json\" class=\"yoast-schema-graph\">{\"@context\":\"https:\/\/schema.org\",\"@graph\":[{\"@type\":\"Article\",\"@id\":\"https:\/\/www.grandsformats.com\/2022\/03\/regis-huby-large-ensemble-en-concert-le-28-avril-a-caen\/#article\",\"isPartOf\":{\"@id\":\"https:\/\/www.grandsformats.com\/2022\/03\/regis-huby-large-ensemble-en-concert-le-28-avril-a-caen\/\"},\"author\":{\"name\":\"Grands Formats\",\"@id\":\"https:\/\/www.grandsformats.com\/#\/schema\/person\/6ecde7e38a2254b5bc9d620679208ee1\"},\"headline\":\"R\u00e9gis Huby Large Ensemble en concert le 28 avril \u00e0 Caen\",\"datePublished\":\"2022-03-31T14:37:02+00:00\",\"mainEntityOfPage\":{\"@id\":\"https:\/\/www.grandsformats.com\/2022\/03\/regis-huby-large-ensemble-en-concert-le-28-avril-a-caen\/\"},\"wordCount\":224,\"commentCount\":0,\"publisher\":{\"@id\":\"https:\/\/www.grandsformats.com\/#organization\"},\"image\":{\"@id\":\"https:\/\/www.grandsformats.com\/2022\/03\/regis-huby-large-ensemble-en-concert-le-28-avril-a-caen\/#primaryimage\"},\"thumbnailUrl\":\"https:\/\/www.grandsformats.com\/wp-content\/uploads\/2021\/03\/Regis-Huby-Large-ensemble-JeromePresbois-1920x1080-1.jpg\",\"articleSection\":[\"Actus des membres\",\"R\u00e9gis Huby Large Ensemble\"],\"inLanguage\":\"en-US\",\"potentialAction\":[{\"@type\":\"CommentAction\",\"name\":\"Comment\",\"target\":[\"https:\/\/www.grandsformats.com\/2022\/03\/regis-huby-large-ensemble-en-concert-le-28-avril-a-caen\/#respond\"]}]},{\"@type\":\"WebPage\",\"@id\":\"https:\/\/www.grandsformats.com\/2022\/03\/regis-huby-large-ensemble-en-concert-le-28-avril-a-caen\/\",\"url\":\"https:\/\/www.grandsformats.com\/2022\/03\/regis-huby-large-ensemble-en-concert-le-28-avril-a-caen\/\",\"name\":\"R\u00e9gis Huby Large Ensemble en concert le 28 avril \u00e0 Caen - Site officiel de la f\u00e9d\u00e9ration Grands Formats\",\"isPartOf\":{\"@id\":\"https:\/\/www.grandsformats.com\/#website\"},\"primaryImageOfPage\":{\"@id\":\"https:\/\/www.grandsformats.com\/2022\/03\/regis-huby-large-ensemble-en-concert-le-28-avril-a-caen\/#primaryimage\"},\"image\":{\"@id\":\"https:\/\/www.grandsformats.com\/2022\/03\/regis-huby-large-ensemble-en-concert-le-28-avril-a-caen\/#primaryimage\"},\"thumbnailUrl\":\"https:\/\/www.grandsformats.com\/wp-content\/uploads\/2021\/03\/Regis-Huby-Large-ensemble-JeromePresbois-1920x1080-1.jpg\",\"datePublished\":\"2022-03-31T14:37:02+00:00\",\"breadcrumb\":{\"@id\":\"https:\/\/www.grandsformats.com\/2022\/03\/regis-huby-large-ensemble-en-concert-le-28-avril-a-caen\/#breadcrumb\"},\"inLanguage\":\"en-US\",\"potentialAction\":[{\"@type\":\"ReadAction\",\"target\":[\"https:\/\/www.grandsformats.com\/2022\/03\/regis-huby-large-ensemble-en-concert-le-28-avril-a-caen\/\"]}]},{\"@type\":\"ImageObject\",\"inLanguage\":\"en-US\",\"@id\":\"https:\/\/www.grandsformats.com\/2022\/03\/regis-huby-large-ensemble-en-concert-le-28-avril-a-caen\/#primaryimage\",\"url\":\"https:\/\/www.grandsformats.com\/wp-content\/uploads\/2021\/03\/Regis-Huby-Large-ensemble-JeromePresbois-1920x1080-1.jpg\",\"contentUrl\":\"https:\/\/www.grandsformats.com\/wp-content\/uploads\/2021\/03\/Regis-Huby-Large-ensemble-JeromePresbois-1920x1080-1.jpg\",\"width\":1920,\"height\":1080,\"caption\":\"\u00a9 Je\u0301ro\u0302me Pre\u0301bois\"},{\"@type\":\"BreadcrumbList\",\"@id\":\"https:\/\/www.grandsformats.com\/2022\/03\/regis-huby-large-ensemble-en-concert-le-28-avril-a-caen\/#breadcrumb\",\"itemListElement\":[{\"@type\":\"ListItem\",\"position\":1,\"name\":\"Accueil\",\"item\":\"https:\/\/www.grandsformats.com\/en\/\"},{\"@type\":\"ListItem\",\"position\":2,\"name\":\"R\u00e9gis Huby Large Ensemble en concert le 28 avril \u00e0 Caen\"}]},{\"@type\":\"WebSite\",\"@id\":\"https:\/\/www.grandsformats.com\/#website\",\"url\":\"https:\/\/www.grandsformats.com\/\",\"name\":\"Site officiel de la f\u00e9d\u00e9ration Grands Formats\",\"description\":\"F\u00e9d\u00e9ration d&#039;artistes pour la musique en grand !\",\"publisher\":{\"@id\":\"https:\/\/www.grandsformats.com\/#organization\"},\"potentialAction\":[{\"@type\":\"SearchAction\",\"target\":{\"@type\":\"EntryPoint\",\"urlTemplate\":\"https:\/\/www.grandsformats.com\/?s={search_term_string}\"},\"query-input\":{\"@type\":\"PropertyValueSpecification\",\"valueRequired\":true,\"valueName\":\"search_term_string\"}}],\"inLanguage\":\"en-US\"},{\"@type\":\"Organization\",\"@id\":\"https:\/\/www.grandsformats.com\/#organization\",\"name\":\"Grands Formats\",\"url\":\"https:\/\/www.grandsformats.com\/\",\"logo\":{\"@type\":\"ImageObject\",\"inLanguage\":\"en-US\",\"@id\":\"https:\/\/www.grandsformats.com\/#\/schema\/logo\/image\/\",\"url\":\"https:\/\/www.grandsformats.com\/wp-content\/uploads\/2020\/03\/logo-GF-200.png\",\"contentUrl\":\"https:\/\/www.grandsformats.com\/wp-content\/uploads\/2020\/03\/logo-GF-200.png\",\"width\":155,\"height\":200,\"caption\":\"Grands Formats\"},\"image\":{\"@id\":\"https:\/\/www.grandsformats.com\/#\/schema\/logo\/image\/\"},\"sameAs\":[\"https:\/\/www.facebook.com\/grandsformats\/\",\"https:\/\/x.com\/GrandsFormatsGF\",\"https:\/\/www.instagram.com\/grandsformats\/\",\"https:\/\/www.youtube.com\/channel\/UCJ7k9dbqc_DG-nxI3WMPvhw?view_as=subscriberhttps:\/\/www.youtube.com\/channel\/UCJ7k9dbqc_DG-nxI3WMPvhw?view_as=subscriber\"]},{\"@type\":\"Person\",\"@id\":\"https:\/\/www.grandsformats.com\/#\/schema\/person\/6ecde7e38a2254b5bc9d620679208ee1\",\"name\":\"Grands Formats\",\"image\":{\"@type\":\"ImageObject\",\"inLanguage\":\"en-US\",\"@id\":\"https:\/\/www.grandsformats.com\/#\/schema\/person\/image\/\",\"url\":\"https:\/\/secure.gravatar.com\/avatar\/5d06febf5ba4681bd17a251487132861b5339c2d72f789e59decf1c1b05d0078?s=96&d=mm&r=g\",\"contentUrl\":\"https:\/\/secure.gravatar.com\/avatar\/5d06febf5ba4681bd17a251487132861b5339c2d72f789e59decf1c1b05d0078?s=96&d=mm&r=g\",\"caption\":\"Grands Formats\"},\"url\":\"https:\/\/www.grandsformats.com\/en\/author\/margaux\/\"}]}<\/script>\n<!-- \/ Yoast SEO plugin. -->","yoast_head_json":{"title":"R\u00e9gis Huby Large Ensemble en concert le 28 avril \u00e0 Caen - Site officiel de la f\u00e9d\u00e9ration Grands Formats","robots":{"index":"index","follow":"follow","max-snippet":"max-snippet:-1","max-image-preview":"max-image-preview:large","max-video-preview":"max-video-preview:-1"},"canonical":"https:\/\/www.grandsformats.com\/2022\/03\/regis-huby-large-ensemble-en-concert-le-28-avril-a-caen\/","og_locale":"en_US","og_type":"article","og_title":"R\u00e9gis Huby Large Ensemble en concert le 28 avril \u00e0 Caen - Site officiel de la f\u00e9d\u00e9ration Grands Formats","og_description":"Apr\u00e8s la cr\u00e9ation de The Ellipse \u00e0 la Sc\u00e8ne Nationale de Malakoff en 2017, R\u00e9gis Huby r\u00e9unit de nouveau ses quinze amis jazzmen et jazzwomen du Large Ensemble pour cr\u00e9er un nouveau projet musical. Pour cette pi\u00e8ce intitul\u00e9e\u00a0M\u00e9tamorphoses, il s\u2019entoure aussi des dix-sept musicien\u00b7ne\u00b7s de l\u2019Orchestre R\u00e9gional de Normandie dirig\u00e9s par leur chef principal, Jean...Continue reading","og_url":"https:\/\/www.grandsformats.com\/2022\/03\/regis-huby-large-ensemble-en-concert-le-28-avril-a-caen\/","og_site_name":"Site officiel de la f\u00e9d\u00e9ration Grands Formats","article_publisher":"https:\/\/www.facebook.com\/grandsformats\/","article_published_time":"2022-03-31T14:37:02+00:00","og_image":[{"width":1920,"height":1080,"url":"https:\/\/www.grandsformats.com\/wp-content\/uploads\/2021\/03\/Regis-Huby-Large-ensemble-JeromePresbois-1920x1080-1.jpg","type":"image\/jpeg"}],"author":"Grands Formats","twitter_card":"summary_large_image","twitter_creator":"@GrandsFormatsGF","twitter_site":"@GrandsFormatsGF","twitter_misc":{"Written by":"Grands Formats","Est. reading time":"1 minute"},"schema":{"@context":"https:\/\/schema.org","@graph":[{"@type":"Article","@id":"https:\/\/www.grandsformats.com\/2022\/03\/regis-huby-large-ensemble-en-concert-le-28-avril-a-caen\/#article","isPartOf":{"@id":"https:\/\/www.grandsformats.com\/2022\/03\/regis-huby-large-ensemble-en-concert-le-28-avril-a-caen\/"},"author":{"name":"Grands Formats","@id":"https:\/\/www.grandsformats.com\/#\/schema\/person\/6ecde7e38a2254b5bc9d620679208ee1"},"headline":"R\u00e9gis Huby Large Ensemble en concert le 28 avril \u00e0 Caen","datePublished":"2022-03-31T14:37:02+00:00","mainEntityOfPage":{"@id":"https:\/\/www.grandsformats.com\/2022\/03\/regis-huby-large-ensemble-en-concert-le-28-avril-a-caen\/"},"wordCount":224,"commentCount":0,"publisher":{"@id":"https:\/\/www.grandsformats.com\/#organization"},"image":{"@id":"https:\/\/www.grandsformats.com\/2022\/03\/regis-huby-large-ensemble-en-concert-le-28-avril-a-caen\/#primaryimage"},"thumbnailUrl":"https:\/\/www.grandsformats.com\/wp-content\/uploads\/2021\/03\/Regis-Huby-Large-ensemble-JeromePresbois-1920x1080-1.jpg","articleSection":["Actus des membres","R\u00e9gis Huby Large Ensemble"],"inLanguage":"en-US","potentialAction":[{"@type":"CommentAction","name":"Comment","target":["https:\/\/www.grandsformats.com\/2022\/03\/regis-huby-large-ensemble-en-concert-le-28-avril-a-caen\/#respond"]}]},{"@type":"WebPage","@id":"https:\/\/www.grandsformats.com\/2022\/03\/regis-huby-large-ensemble-en-concert-le-28-avril-a-caen\/","url":"https:\/\/www.grandsformats.com\/2022\/03\/regis-huby-large-ensemble-en-concert-le-28-avril-a-caen\/","name":"R\u00e9gis Huby Large Ensemble en concert le 28 avril \u00e0 Caen - Site officiel de la f\u00e9d\u00e9ration Grands Formats","isPartOf":{"@id":"https:\/\/www.grandsformats.com\/#website"},"primaryImageOfPage":{"@id":"https:\/\/www.grandsformats.com\/2022\/03\/regis-huby-large-ensemble-en-concert-le-28-avril-a-caen\/#primaryimage"},"image":{"@id":"https:\/\/www.grandsformats.com\/2022\/03\/regis-huby-large-ensemble-en-concert-le-28-avril-a-caen\/#primaryimage"},"thumbnailUrl":"https:\/\/www.grandsformats.com\/wp-content\/uploads\/2021\/03\/Regis-Huby-Large-ensemble-JeromePresbois-1920x1080-1.jpg","datePublished":"2022-03-31T14:37:02+00:00","breadcrumb":{"@id":"https:\/\/www.grandsformats.com\/2022\/03\/regis-huby-large-ensemble-en-concert-le-28-avril-a-caen\/#breadcrumb"},"inLanguage":"en-US","potentialAction":[{"@type":"ReadAction","target":["https:\/\/www.grandsformats.com\/2022\/03\/regis-huby-large-ensemble-en-concert-le-28-avril-a-caen\/"]}]},{"@type":"ImageObject","inLanguage":"en-US","@id":"https:\/\/www.grandsformats.com\/2022\/03\/regis-huby-large-ensemble-en-concert-le-28-avril-a-caen\/#primaryimage","url":"https:\/\/www.grandsformats.com\/wp-content\/uploads\/2021\/03\/Regis-Huby-Large-ensemble-JeromePresbois-1920x1080-1.jpg","contentUrl":"https:\/\/www.grandsformats.com\/wp-content\/uploads\/2021\/03\/Regis-Huby-Large-ensemble-JeromePresbois-1920x1080-1.jpg","width":1920,"height":1080,"caption":"\u00a9 Je\u0301ro\u0302me Pre\u0301bois"},{"@type":"BreadcrumbList","@id":"https:\/\/www.grandsformats.com\/2022\/03\/regis-huby-large-ensemble-en-concert-le-28-avril-a-caen\/#breadcrumb","itemListElement":[{"@type":"ListItem","position":1,"name":"Accueil","item":"https:\/\/www.grandsformats.com\/en\/"},{"@type":"ListItem","position":2,"name":"R\u00e9gis Huby Large Ensemble en concert le 28 avril \u00e0 Caen"}]},{"@type":"WebSite","@id":"https:\/\/www.grandsformats.com\/#website","url":"https:\/\/www.grandsformats.com\/","name":"Site officiel de la f\u00e9d\u00e9ration Grands Formats","description":"F\u00e9d\u00e9ration d&#039;artistes pour la musique en grand !","publisher":{"@id":"https:\/\/www.grandsformats.com\/#organization"},"potentialAction":[{"@type":"SearchAction","target":{"@type":"EntryPoint","urlTemplate":"https:\/\/www.grandsformats.com\/?s={search_term_string}"},"query-input":{"@type":"PropertyValueSpecification","valueRequired":true,"valueName":"search_term_string"}}],"inLanguage":"en-US"},{"@type":"Organization","@id":"https:\/\/www.grandsformats.com\/#organization","name":"Grands Formats","url":"https:\/\/www.grandsformats.com\/","logo":{"@type":"ImageObject","inLanguage":"en-US","@id":"https:\/\/www.grandsformats.com\/#\/schema\/logo\/image\/","url":"https:\/\/www.grandsformats.com\/wp-content\/uploads\/2020\/03\/logo-GF-200.png","contentUrl":"https:\/\/www.grandsformats.com\/wp-content\/uploads\/2020\/03\/logo-GF-200.png","width":155,"height":200,"caption":"Grands Formats"},"image":{"@id":"https:\/\/www.grandsformats.com\/#\/schema\/logo\/image\/"},"sameAs":["https:\/\/www.facebook.com\/grandsformats\/","https:\/\/x.com\/GrandsFormatsGF","https:\/\/www.instagram.com\/grandsformats\/","https:\/\/www.youtube.com\/channel\/UCJ7k9dbqc_DG-nxI3WMPvhw?view_as=subscriberhttps:\/\/www.youtube.com\/channel\/UCJ7k9dbqc_DG-nxI3WMPvhw?view_as=subscriber"]},{"@type":"Person","@id":"https:\/\/www.grandsformats.com\/#\/schema\/person\/6ecde7e38a2254b5bc9d620679208ee1","name":"Grands Formats","image":{"@type":"ImageObject","inLanguage":"en-US","@id":"https:\/\/www.grandsformats.com\/#\/schema\/person\/image\/","url":"https:\/\/secure.gravatar.com\/avatar\/5d06febf5ba4681bd17a251487132861b5339c2d72f789e59decf1c1b05d0078?s=96&d=mm&r=g","contentUrl":"https:\/\/secure.gravatar.com\/avatar\/5d06febf5ba4681bd17a251487132861b5339c2d72f789e59decf1c1b05d0078?s=96&d=mm&r=g","caption":"Grands Formats"},"url":"https:\/\/www.grandsformats.com\/en\/author\/margaux\/"}]}},"_links":{"self":[{"href":"https:\/\/www.grandsformats.com\/en\/wp-json\/wp\/v2\/posts\/16820","targetHints":{"allow":["GET"]}}],"collection":[{"href":"https:\/\/www.grandsformats.com\/en\/wp-json\/wp\/v2\/posts"}],"about":[{"href":"https:\/\/www.grandsformats.com\/en\/wp-json\/wp\/v2\/types\/post"}],"author":[{"embeddable":true,"href":"https:\/\/www.grandsformats.com\/en\/wp-json\/wp\/v2\/users\/2"}],"replies":[{"embeddable":true,"href":"https:\/\/www.grandsformats.com\/en\/wp-json\/wp\/v2\/comments?post=16820"}],"version-history":[{"count":0,"href":"https:\/\/www.grandsformats.com\/en\/wp-json\/wp\/v2\/posts\/16820\/revisions"}],"wp:featuredmedia":[{"embeddable":true,"href":"https:\/\/www.grandsformats.com\/en\/wp-json\/wp\/v2\/media\/14978"}],"wp:attachment":[{"href":"https:\/\/www.grandsformats.com\/en\/wp-json\/wp\/v2\/media?parent=16820"}],"wp:term":[{"taxonomy":"category","embeddable":true,"href":"https:\/\/www.grandsformats.com\/en\/wp-json\/wp\/v2\/categories?post=16820"},{"taxonomy":"post_tag","embeddable":true,"href":"https:\/\/www.grandsformats.com\/en\/wp-json\/wp\/v2\/tags?post=16820"}],"curies":[{"name":"wp","href":"https:\/\/api.w.org\/{rel}","templated":true}]}}