{"id":16523,"date":"2022-02-11T12:39:44","date_gmt":"2022-02-11T11:39:44","guid":{"rendered":"https:\/\/www.grandsformats.com\/?p=16523"},"modified":"2022-02-11T12:41:03","modified_gmt":"2022-02-11T11:41:03","slug":"le-passe-vaccinal-impasse-pour-la-culture","status":"publish","type":"post","link":"https:\/\/www.grandsformats.com\/en\/2022\/02\/le-passe-vaccinal-impasse-pour-la-culture\/","title":{"rendered":"Le passe vaccinal, impasse pour la Culture"},"content":{"rendered":"<p>Le secteur culturel est profond\u00e9ment ancr\u00e9 dans les valeurs de libert\u00e9, d\u2019\u00e9galit\u00e9, de fraternit\u00e9.<\/p>\n<p>Notre raison d\u2019\u00eatre consiste \u00e0 faire partager des \u00e9motions, \u00e0 faire r\u00e9fl\u00e9chir, \u00e0 faire \u00e9changer des personnes, de tout \u00e2ge et de toute condition, rassembl\u00e9es (dans une salle de concert, un th\u00e9\u00e2tre, un chapiteau, dans la rue, une salle d\u2019exposition, un mus\u00e9e, un cin\u00e9ma, une biblioth\u00e8que\u2026). Quand la substance m\u00eame de notre action r\u00e9side dans la recherche de la participation de toutes et tous \u00e0 la vie culturelle, comment le gouvernement peut-il nous donner l\u2019injonction de trier les personnes et de leur refuser l\u2019acc\u00e8s \u00e0 ces espaces collectifs d\u2019\u00e9mancipation ? Alors m\u00eame que notre pays a plus que jamais besoin d\u2019expression, de cr\u00e9ation et de lien social, nous sommes persuad\u00e9s de l\u2019int\u00e9r\u00eat g\u00e9n\u00e9ral de la culture.<\/p>\n<p>Nos organisations sont conscientes de la gravit\u00e9 de la pand\u00e9mie et soucieuses de la protection de la population comme de celle de leurs salari\u00e9\u00b7e\u00b7s et de leurs partenaires. Nous sommes \u00e9videmment convaincu\u00b7e\u00b7s du soutien public renforc\u00e9 qui doit \u00eatre apport\u00e9 \u00e0 la sant\u00e9, comme bien commun et bien public, et de la solidarit\u00e9 qui doit s\u2019exercer au niveau mondial, notamment par la lev\u00e9e des brevets sur les vaccins.<\/p>\n<p>Pour autant, nos organisations ont-elles \u00e0 assumer le transfert de responsabilit\u00e9 des d\u00e9cisions prises par le Gouvernement ? Sommes-nous la 1\u00e8re ligne impliqu\u00e9e dans la mise en \u0153uvre du programme visant \u00e0\u00a0<em>\u00ab emmerder les Fran\u00e7ais non vaccin\u00e9s \u00bb\u00a0<\/em>?<\/p>\n<p>Nos organisations sont constern\u00e9es de devoir contr\u00f4ler le statut vaccinal de leurs \u00e9quipes salari\u00e9es et de leurs nombreux b\u00e9n\u00e9voles. Nous sommes face \u00e0 des contradictions sur le plan sanitaire. Si nous avons le devoir \u2013 et la volont\u00e9 \u2013 de prot\u00e9ger nos coll\u00e8gues, une \u00e9quipe devra refuser un emploi \u00e0 une personne pr\u00e9sentant une preuve qu\u2019elle n\u2019est pas positive au Coronavirus, alors que, dans le m\u00eame temps, une personne ayant un passe vaccinal pourrait \u00eatre positive et contaminer le reste de l\u2019\u00e9quipe.<\/p>\n<p>Les choix artistiques, les choix de programmation sont d\u00e9sormais soumis \u00e0 la condition d\u2019un passe vaccinal. Nous ne devrions pas avoir \u00e0 imposer une telle contrainte aupr\u00e8s des \u00e9quipes artistiques et de tout\u2219e intervenant\u2219e avec qui nous construisons des projets. Dans le spectacle vivant, un\u00b7e seul\u00b7e artiste non vaccin\u00e9\u00b7e, non rempla\u00e7able, implique l\u2019annulation de repr\u00e9sentations, de r\u00e9sidences de cr\u00e9ation, d\u2019actions d\u2019\u00e9ducation artistique et culturelle. Les cons\u00e9quences sont ainsi multiples et s\u00e9v\u00e8res pour l\u2019ensemble des \u00e9quipes qui risquent de perdre leurs revenus comme pour nos concitoyen\u00b7ne\u00b7s priv\u00e9\u00b7e\u00b7s de spectacles.<\/p>\n<p>Nous voyons des \u00e9quipes artistiques exploser de l\u2019int\u00e9rieur pour des diff\u00e9rences de statut vaccinal, au risque de briser des relations et des personnes, d\u2019ass\u00e9cher notre vivier artistique, d\u2019emp\u00eacher tant son \u00e9closion que son d\u00e9veloppement.<\/p>\n<p>Depuis novembre 2015, les \u00e9tablissements recevant du public (ERP) ont vu s\u2019appliquer le plan Vigipirate, la loi s\u00e9curit\u00e9 globale, puis, depuis 2020, des protocoles sanitaires qui se sont encha\u00een\u00e9s. Rien qu\u2019en 2021, nous avons \u00e9t\u00e9 soumis \u00e0 9 protocoles diff\u00e9rents et les changements de r\u00e8gles continuent en 2022\u2026 Comment le public peut-il s\u2019y retrouver ?<\/p>\n<p>Cet encha\u00eenement de proc\u00e9dures s\u00e9curitaires et sanitaires laisse des traces et risque de changer la nature et la perception de nos \u00e9tablissements et \u00e9v\u00e9nements : de lieux de convivialit\u00e9 et de partage vers des lieux de contr\u00f4les et de contraintes\u2026<\/p>\n<p>Nos organisations sont confront\u00e9es \u00e0 une crise grave et in\u00e9dite qui sera lourde de cons\u00e9quences \u00e0 long terme. Les \u00e9quipes permanentes, les artistes, les technicien\u2219ne\u2219s travaillant dans la culture sont entrav\u00e9\u00b7e\u00b7s dans leur libert\u00e9 fondamentale d\u2019exercer leur profession. Les risques psychosociaux n\u2019ont jamais \u00e9t\u00e9 aussi pr\u00e9gnants dans toutes les professions de notre secteur. Nous n\u2019avons jamais connu un tel d\u00e9sarroi.<\/p>\n<p>\u00c0 notre connaissance, dans aucun autre pays europ\u00e9en, les artistes, technicien\u2219ne\u2219s ou membres des \u00e9quipes du secteur culturel sont emp\u00each\u00e9\u2219e\u2219s de travailler du fait de leur statut vaccinal. Le passe vaccinal est ainsi en d\u00e9calage avec le passe sanitaire europ\u00e9en (Certificat num\u00e9rique de l\u2019Union europ\u00e9enne) en vigueur jusqu\u2019au 22 juin 2022 et risque fort d\u2019impacter plus d\u00e9favorablement encore la mobilit\u00e9 internationale du secteur et d\u2019ab\u00eemer un peu plus les liens qui nous unissent avec des artistes et professionnel\u2219le\u2219s culturel\u2219le\u2219s de toutes origines.<\/p>\n<p>Le passe vaccinal est une impasse pour la culture. Comme un coup de gr\u00e2ce, il d\u00e9grade un peu plus la perception du secteur culturel par la population, fracture les individus en \u00e9tant source de discorde et ach\u00e8ve de d\u00e9molir le moral des \u00e9quipes qui font vivre la culture et en sont une richesse cruciale.<\/p>\n<div class=\"wp-block-spacer\" aria-hidden=\"true\"><\/div>\n<p><strong>Nous voulons sortir de l\u2019impasse au plus vite !<br \/>\nNous demandons le retrait du passe vaccinal.<\/strong><\/p>\n<p>&nbsp;<\/p>\n<p class=\"has-normal-font-size\"><strong>Signataires :<\/strong><\/p>\n<ul>\n<li><strong>CITI<\/strong> \u2013 Centre International pour les Th\u00e9\u00e2tres Itin\u00e9rants<\/li>\n<li><strong>FAMDT<\/strong> \u2013 F\u00e9d\u00e9ration des acteurs et Actrices de Musiques et Danses Traditionnelles<\/li>\n<li><strong>FEDELIMA<\/strong> \u2013 F\u00e9d\u00e9ration des Lieux de Musiques Actuelles<\/li>\n<li><strong>FEMA<\/strong> \u2013 F\u00e9d\u00e9ration musiques actuelles de Bourgogne-Franche-Comt\u00e9<\/li>\n<li><strong>FEVIS<\/strong> \u2013 F\u00e9d\u00e9ration des Ensembles Vocaux et Instrumentaux Sp\u00e9cialis\u00e9s<\/li>\n<li><strong>FNAR<\/strong>\u00a0\u2013 F\u00e9d\u00e9ration Nationale des Arts de la Rue<\/li>\n<li><strong>FRACA<\/strong>\u2013<strong>MA<\/strong>\u00a0\u2013 F\u00e9d\u00e9ration r\u00e9gionale des acteurs culturels et associatifs \u2013 Musiques Actuelles<\/li>\n<li><strong>FUTURS<\/strong>\u00a0<strong>COMPOS\u00c9S<\/strong>\u00a0\u2013 R\u00e9seau national de la cr\u00e9ation musicale<\/li>\n<li><strong>GRABUGE<\/strong>\u00a0\u2013 R\u00e9seau des musiques actuelles du Grand Est<\/li>\n<li><strong>GRANDS<\/strong>\u00a0<strong>FORMATS\u00a0<\/strong>&#8211; F\u00e9d\u00e9ration d&#8217;artistes pour la musique en Grands Formats<\/li>\n<li><strong>KOLET<\/strong>\u2019 \u2013 R\u00e9seau des acteurs culturels du spectacle vivant de la R\u00e9union<\/li>\n<li><strong>OCTOPUS<\/strong>\u00a0\u2013 F\u00e9d\u00e9ration des Musiques Actuelles en Occitanie<\/li>\n<li><strong>PAM<\/strong>\u00a0\u2013 P\u00f4le de coop\u00e9ration des Acteurs de la fili\u00e8re Musicale en R\u00e9gion Sud &amp; Corse<\/li>\n<li><strong>LE<\/strong>\u00a0<strong>POLE<\/strong>\u00a0\u2013 Le P\u00f4le de coop\u00e9ration pour les musiques actuelles en Pays de la Loire<\/li>\n<li><strong>R\u00c9SEAU<\/strong>\u00a0<strong>HYBRIDES<\/strong>\u00a0\u2013 Coordination r\u00e9gionale des Lieux interm\u00e9diaires et ind\u00e9pendants en Bretagne<\/li>\n<li><strong>RIF<\/strong>\u00a0\u2013 R\u00e9seaux des musiques actuelles en Ile-de-France<\/li>\n<li><strong>RIM<\/strong>\u00a0\u2013 R\u00e9seau des ind\u00e9pendants de la musique en Nouvelle-Aquitaine<\/li>\n<li><strong>SCC<\/strong>\u00a0\u2013 Syndicat des cirques et compagnies de cr\u00e9ation<\/li>\n<li><strong>SYNAVI<\/strong>\u00a0\u2013 Syndicat national des arts vivants<\/li>\n<li><strong>THEMAA<\/strong>\u00a0\u2013 Association nationale des Th\u00e9\u00e2tres de Marionnettes et Arts Associ\u00e9s<\/li>\n<li><strong>UFISC<\/strong>\u00a0\u2013 Union F\u00e9d\u00e9rale d\u2019Intervention des Structures Culturelles<\/li>\n<li><strong>ZONE<\/strong>\u00a0<strong>FRANCHE<\/strong>\u00a0\u2013 Le r\u00e9seau des Musiques du Monde<\/li>\n<\/ul>\n<p>&nbsp;<\/p>\n<p><a href=\"https:\/\/www.grandsformats.com\/wp-content\/uploads\/2022\/02\/communique_passe_vaccinal_impasse_pour_la_culture_10_02_2022.pdf\">T\u00e9l\u00e9chargez le communiqu\u00e9<\/a><\/p>\n<p>&nbsp;<\/p>\n<p><strong>CONTACT PRESSE :<\/strong><br \/>\nBoris Colin | FEDELIMA &#8211; coordinateur des collaborations intersectorielles<br \/>\n<a href=\"&#109;&#x61;&#105;&#x6c;&#116;&#x6f;&#58;&#x62;&#111;&#x72;&#105;&#x73;&#46;&#x63;o&#x6c;i&#x6e;&#64;&#x66;e&#x64;e&#108;&#x69;&#109;&#x61;&#46;&#x6f;&#114;&#x67;\" target=\"_blank\" rel=\"noopener\">&#98;&#x6f;&#114;&#x69;&#115;&#x2e;c&#x6f;l&#x69;n&#64;&#x66;&#101;&#x64;&#101;&#x6c;&#105;&#x6d;a&#x2e;o&#x72;g<\/a> &#8211; 06 13 06 07 29<\/p>\n","protected":false},"excerpt":{"rendered":"<p>Le secteur culturel est profond\u00e9ment ancr\u00e9 dans les valeurs de libert\u00e9, d\u2019\u00e9galit\u00e9, de fraternit\u00e9. Notre raison d\u2019\u00eatre consiste \u00e0 faire partager des \u00e9motions, \u00e0 faire r\u00e9fl\u00e9chir, \u00e0 faire \u00e9changer des personnes, de tout \u00e2ge et de toute condition, rassembl\u00e9es (dans une salle de concert, un th\u00e9\u00e2tre, un chapiteau, dans la rue, une salle d\u2019exposition, un&#8230;<\/p>\n<p><a rel=\"bookmark\" class=\"theme-button-text wvc-button wvc-button-size-xs\" href=\"https:\/\/www.grandsformats.com\/en\/2022\/02\/le-passe-vaccinal-impasse-pour-la-culture\/\"><small class=\"wvc-button-background-fill\"><\/small><span>Continue reading<\/span><\/a><\/p>\n","protected":false},"author":2,"featured_media":16527,"comment_status":"open","ping_status":"open","sticky":false,"template":"","format":"standard","meta":{"_acf_changed":false,"footnotes":""},"categories":[90,273],"tags":[],"class_list":["post-16523","post","type-post","status-publish","format-standard","has-post-thumbnail","hentry","category-grands-formats","category-communiques-lactu-de-la-fede","entry-post-skin-light","entry","clearfix","entry-grid","entry-columns-default","entry-post-module-layout-sidebar-right","thumbnail-color-tone-dark","metro-landscape","entry-post","entry-masonry","entry-post-masonry"],"acf":[],"yoast_head":"<!-- This site is optimized with the Yoast SEO plugin v25.8 - https:\/\/yoast.com\/wordpress\/plugins\/seo\/ -->\n<title>Le passe vaccinal, impasse pour la Culture - Site officiel de la f\u00e9d\u00e9ration Grands Formats<\/title>\n<meta name=\"robots\" content=\"index, follow, max-snippet:-1, max-image-preview:large, max-video-preview:-1\" \/>\n<link rel=\"canonical\" href=\"https:\/\/www.grandsformats.com\/2022\/02\/le-passe-vaccinal-impasse-pour-la-culture\/\" \/>\n<meta property=\"og:locale\" content=\"en_US\" \/>\n<meta property=\"og:type\" content=\"article\" \/>\n<meta property=\"og:title\" content=\"Le passe vaccinal, impasse pour la Culture - Site officiel de la f\u00e9d\u00e9ration Grands Formats\" \/>\n<meta property=\"og:description\" content=\"Le secteur culturel est profond\u00e9ment ancr\u00e9 dans les valeurs de libert\u00e9, d\u2019\u00e9galit\u00e9, de fraternit\u00e9. Notre raison d\u2019\u00eatre consiste \u00e0 faire partager des \u00e9motions, \u00e0 faire r\u00e9fl\u00e9chir, \u00e0 faire \u00e9changer des personnes, de tout \u00e2ge et de toute condition, rassembl\u00e9es (dans une salle de concert, un th\u00e9\u00e2tre, un chapiteau, dans la rue, une salle d\u2019exposition, un...Continue reading\" \/>\n<meta property=\"og:url\" content=\"https:\/\/www.grandsformats.com\/2022\/02\/le-passe-vaccinal-impasse-pour-la-culture\/\" \/>\n<meta property=\"og:site_name\" content=\"Site officiel de la f\u00e9d\u00e9ration Grands Formats\" \/>\n<meta property=\"article:publisher\" content=\"https:\/\/www.facebook.com\/grandsformats\/\" \/>\n<meta property=\"article:published_time\" content=\"2022-02-11T11:39:44+00:00\" \/>\n<meta property=\"article:modified_time\" content=\"2022-02-11T11:41:03+00:00\" \/>\n<meta property=\"og:image\" content=\"https:\/\/www.grandsformats.com\/wp-content\/uploads\/2022\/02\/CP-le-passe-vaccinal-impasse-pour-la-Culture-10-fe\u0301vrier-2022-scaled.jpg\" \/>\n\t<meta property=\"og:image:width\" content=\"2560\" \/>\n\t<meta property=\"og:image:height\" content=\"1440\" \/>\n\t<meta property=\"og:image:type\" content=\"image\/jpeg\" \/>\n<meta name=\"author\" content=\"Grands Formats\" \/>\n<meta name=\"twitter:card\" content=\"summary_large_image\" \/>\n<meta name=\"twitter:creator\" content=\"@GrandsFormatsGF\" \/>\n<meta name=\"twitter:site\" content=\"@GrandsFormatsGF\" \/>\n<meta name=\"twitter:label1\" content=\"Written by\" \/>\n\t<meta name=\"twitter:data1\" content=\"Grands Formats\" \/>\n\t<meta name=\"twitter:label2\" content=\"Est. reading time\" \/>\n\t<meta name=\"twitter:data2\" content=\"5 minutes\" \/>\n<script type=\"application\/ld+json\" class=\"yoast-schema-graph\">{\"@context\":\"https:\/\/schema.org\",\"@graph\":[{\"@type\":\"Article\",\"@id\":\"https:\/\/www.grandsformats.com\/2022\/02\/le-passe-vaccinal-impasse-pour-la-culture\/#article\",\"isPartOf\":{\"@id\":\"https:\/\/www.grandsformats.com\/2022\/02\/le-passe-vaccinal-impasse-pour-la-culture\/\"},\"author\":{\"name\":\"Grands Formats\",\"@id\":\"https:\/\/www.grandsformats.com\/#\/schema\/person\/6ecde7e38a2254b5bc9d620679208ee1\"},\"headline\":\"Le passe vaccinal, impasse pour la Culture\",\"datePublished\":\"2022-02-11T11:39:44+00:00\",\"dateModified\":\"2022-02-11T11:41:03+00:00\",\"mainEntityOfPage\":{\"@id\":\"https:\/\/www.grandsformats.com\/2022\/02\/le-passe-vaccinal-impasse-pour-la-culture\/\"},\"wordCount\":1124,\"commentCount\":0,\"publisher\":{\"@id\":\"https:\/\/www.grandsformats.com\/#organization\"},\"image\":{\"@id\":\"https:\/\/www.grandsformats.com\/2022\/02\/le-passe-vaccinal-impasse-pour-la-culture\/#primaryimage\"},\"thumbnailUrl\":\"https:\/\/www.grandsformats.com\/wp-content\/uploads\/2022\/02\/CP-le-passe-vaccinal-impasse-pour-la-Culture-10-fe\u0301vrier-2022-scaled.jpg\",\"articleSection\":[\"Actus de la f\u00e9d\u00e9\",\"Contributions\"],\"inLanguage\":\"en-US\",\"potentialAction\":[{\"@type\":\"CommentAction\",\"name\":\"Comment\",\"target\":[\"https:\/\/www.grandsformats.com\/2022\/02\/le-passe-vaccinal-impasse-pour-la-culture\/#respond\"]}]},{\"@type\":\"WebPage\",\"@id\":\"https:\/\/www.grandsformats.com\/2022\/02\/le-passe-vaccinal-impasse-pour-la-culture\/\",\"url\":\"https:\/\/www.grandsformats.com\/2022\/02\/le-passe-vaccinal-impasse-pour-la-culture\/\",\"name\":\"Le passe vaccinal, impasse pour la Culture - Site officiel de la f\u00e9d\u00e9ration Grands Formats\",\"isPartOf\":{\"@id\":\"https:\/\/www.grandsformats.com\/#website\"},\"primaryImageOfPage\":{\"@id\":\"https:\/\/www.grandsformats.com\/2022\/02\/le-passe-vaccinal-impasse-pour-la-culture\/#primaryimage\"},\"image\":{\"@id\":\"https:\/\/www.grandsformats.com\/2022\/02\/le-passe-vaccinal-impasse-pour-la-culture\/#primaryimage\"},\"thumbnailUrl\":\"https:\/\/www.grandsformats.com\/wp-content\/uploads\/2022\/02\/CP-le-passe-vaccinal-impasse-pour-la-Culture-10-fe\u0301vrier-2022-scaled.jpg\",\"datePublished\":\"2022-02-11T11:39:44+00:00\",\"dateModified\":\"2022-02-11T11:41:03+00:00\",\"breadcrumb\":{\"@id\":\"https:\/\/www.grandsformats.com\/2022\/02\/le-passe-vaccinal-impasse-pour-la-culture\/#breadcrumb\"},\"inLanguage\":\"en-US\",\"potentialAction\":[{\"@type\":\"ReadAction\",\"target\":[\"https:\/\/www.grandsformats.com\/2022\/02\/le-passe-vaccinal-impasse-pour-la-culture\/\"]}]},{\"@type\":\"ImageObject\",\"inLanguage\":\"en-US\",\"@id\":\"https:\/\/www.grandsformats.com\/2022\/02\/le-passe-vaccinal-impasse-pour-la-culture\/#primaryimage\",\"url\":\"https:\/\/www.grandsformats.com\/wp-content\/uploads\/2022\/02\/CP-le-passe-vaccinal-impasse-pour-la-Culture-10-fe\u0301vrier-2022-scaled.jpg\",\"contentUrl\":\"https:\/\/www.grandsformats.com\/wp-content\/uploads\/2022\/02\/CP-le-passe-vaccinal-impasse-pour-la-Culture-10-fe\u0301vrier-2022-scaled.jpg\",\"width\":2560,\"height\":1440,\"caption\":\"Passe vaccinal, impasse pour la Culture - F\u00e9vrier 2022 - Communiqu\u00e9\"},{\"@type\":\"BreadcrumbList\",\"@id\":\"https:\/\/www.grandsformats.com\/2022\/02\/le-passe-vaccinal-impasse-pour-la-culture\/#breadcrumb\",\"itemListElement\":[{\"@type\":\"ListItem\",\"position\":1,\"name\":\"Accueil\",\"item\":\"https:\/\/www.grandsformats.com\/en\/\"},{\"@type\":\"ListItem\",\"position\":2,\"name\":\"Le passe vaccinal, impasse pour la Culture\"}]},{\"@type\":\"WebSite\",\"@id\":\"https:\/\/www.grandsformats.com\/#website\",\"url\":\"https:\/\/www.grandsformats.com\/\",\"name\":\"Site officiel de la f\u00e9d\u00e9ration Grands Formats\",\"description\":\"F\u00e9d\u00e9ration d&#039;artistes pour la musique en grand !\",\"publisher\":{\"@id\":\"https:\/\/www.grandsformats.com\/#organization\"},\"potentialAction\":[{\"@type\":\"SearchAction\",\"target\":{\"@type\":\"EntryPoint\",\"urlTemplate\":\"https:\/\/www.grandsformats.com\/?s={search_term_string}\"},\"query-input\":{\"@type\":\"PropertyValueSpecification\",\"valueRequired\":true,\"valueName\":\"search_term_string\"}}],\"inLanguage\":\"en-US\"},{\"@type\":\"Organization\",\"@id\":\"https:\/\/www.grandsformats.com\/#organization\",\"name\":\"Grands Formats\",\"url\":\"https:\/\/www.grandsformats.com\/\",\"logo\":{\"@type\":\"ImageObject\",\"inLanguage\":\"en-US\",\"@id\":\"https:\/\/www.grandsformats.com\/#\/schema\/logo\/image\/\",\"url\":\"https:\/\/www.grandsformats.com\/wp-content\/uploads\/2020\/03\/logo-GF-200.png\",\"contentUrl\":\"https:\/\/www.grandsformats.com\/wp-content\/uploads\/2020\/03\/logo-GF-200.png\",\"width\":155,\"height\":200,\"caption\":\"Grands Formats\"},\"image\":{\"@id\":\"https:\/\/www.grandsformats.com\/#\/schema\/logo\/image\/\"},\"sameAs\":[\"https:\/\/www.facebook.com\/grandsformats\/\",\"https:\/\/x.com\/GrandsFormatsGF\",\"https:\/\/www.instagram.com\/grandsformats\/\",\"https:\/\/www.youtube.com\/channel\/UCJ7k9dbqc_DG-nxI3WMPvhw?view_as=subscriberhttps:\/\/www.youtube.com\/channel\/UCJ7k9dbqc_DG-nxI3WMPvhw?view_as=subscriber\"]},{\"@type\":\"Person\",\"@id\":\"https:\/\/www.grandsformats.com\/#\/schema\/person\/6ecde7e38a2254b5bc9d620679208ee1\",\"name\":\"Grands Formats\",\"image\":{\"@type\":\"ImageObject\",\"inLanguage\":\"en-US\",\"@id\":\"https:\/\/www.grandsformats.com\/#\/schema\/person\/image\/\",\"url\":\"https:\/\/secure.gravatar.com\/avatar\/5d06febf5ba4681bd17a251487132861b5339c2d72f789e59decf1c1b05d0078?s=96&d=mm&r=g\",\"contentUrl\":\"https:\/\/secure.gravatar.com\/avatar\/5d06febf5ba4681bd17a251487132861b5339c2d72f789e59decf1c1b05d0078?s=96&d=mm&r=g\",\"caption\":\"Grands Formats\"},\"url\":\"https:\/\/www.grandsformats.com\/en\/author\/margaux\/\"}]}<\/script>\n<!-- \/ Yoast SEO plugin. -->","yoast_head_json":{"title":"Le passe vaccinal, impasse pour la Culture - Site officiel de la f\u00e9d\u00e9ration Grands Formats","robots":{"index":"index","follow":"follow","max-snippet":"max-snippet:-1","max-image-preview":"max-image-preview:large","max-video-preview":"max-video-preview:-1"},"canonical":"https:\/\/www.grandsformats.com\/2022\/02\/le-passe-vaccinal-impasse-pour-la-culture\/","og_locale":"en_US","og_type":"article","og_title":"Le passe vaccinal, impasse pour la Culture - Site officiel de la f\u00e9d\u00e9ration Grands Formats","og_description":"Le secteur culturel est profond\u00e9ment ancr\u00e9 dans les valeurs de libert\u00e9, d\u2019\u00e9galit\u00e9, de fraternit\u00e9. Notre raison d\u2019\u00eatre consiste \u00e0 faire partager des \u00e9motions, \u00e0 faire r\u00e9fl\u00e9chir, \u00e0 faire \u00e9changer des personnes, de tout \u00e2ge et de toute condition, rassembl\u00e9es (dans une salle de concert, un th\u00e9\u00e2tre, un chapiteau, dans la rue, une salle d\u2019exposition, un...Continue reading","og_url":"https:\/\/www.grandsformats.com\/2022\/02\/le-passe-vaccinal-impasse-pour-la-culture\/","og_site_name":"Site officiel de la f\u00e9d\u00e9ration Grands Formats","article_publisher":"https:\/\/www.facebook.com\/grandsformats\/","article_published_time":"2022-02-11T11:39:44+00:00","article_modified_time":"2022-02-11T11:41:03+00:00","og_image":[{"width":2560,"height":1440,"url":"https:\/\/www.grandsformats.com\/wp-content\/uploads\/2022\/02\/CP-le-passe-vaccinal-impasse-pour-la-Culture-10-fe\u0301vrier-2022-scaled.jpg","type":"image\/jpeg"}],"author":"Grands Formats","twitter_card":"summary_large_image","twitter_creator":"@GrandsFormatsGF","twitter_site":"@GrandsFormatsGF","twitter_misc":{"Written by":"Grands Formats","Est. reading time":"5 minutes"},"schema":{"@context":"https:\/\/schema.org","@graph":[{"@type":"Article","@id":"https:\/\/www.grandsformats.com\/2022\/02\/le-passe-vaccinal-impasse-pour-la-culture\/#article","isPartOf":{"@id":"https:\/\/www.grandsformats.com\/2022\/02\/le-passe-vaccinal-impasse-pour-la-culture\/"},"author":{"name":"Grands Formats","@id":"https:\/\/www.grandsformats.com\/#\/schema\/person\/6ecde7e38a2254b5bc9d620679208ee1"},"headline":"Le passe vaccinal, impasse pour la Culture","datePublished":"2022-02-11T11:39:44+00:00","dateModified":"2022-02-11T11:41:03+00:00","mainEntityOfPage":{"@id":"https:\/\/www.grandsformats.com\/2022\/02\/le-passe-vaccinal-impasse-pour-la-culture\/"},"wordCount":1124,"commentCount":0,"publisher":{"@id":"https:\/\/www.grandsformats.com\/#organization"},"image":{"@id":"https:\/\/www.grandsformats.com\/2022\/02\/le-passe-vaccinal-impasse-pour-la-culture\/#primaryimage"},"thumbnailUrl":"https:\/\/www.grandsformats.com\/wp-content\/uploads\/2022\/02\/CP-le-passe-vaccinal-impasse-pour-la-Culture-10-fe\u0301vrier-2022-scaled.jpg","articleSection":["Actus de la f\u00e9d\u00e9","Contributions"],"inLanguage":"en-US","potentialAction":[{"@type":"CommentAction","name":"Comment","target":["https:\/\/www.grandsformats.com\/2022\/02\/le-passe-vaccinal-impasse-pour-la-culture\/#respond"]}]},{"@type":"WebPage","@id":"https:\/\/www.grandsformats.com\/2022\/02\/le-passe-vaccinal-impasse-pour-la-culture\/","url":"https:\/\/www.grandsformats.com\/2022\/02\/le-passe-vaccinal-impasse-pour-la-culture\/","name":"Le passe vaccinal, impasse pour la Culture - Site officiel de la f\u00e9d\u00e9ration Grands Formats","isPartOf":{"@id":"https:\/\/www.grandsformats.com\/#website"},"primaryImageOfPage":{"@id":"https:\/\/www.grandsformats.com\/2022\/02\/le-passe-vaccinal-impasse-pour-la-culture\/#primaryimage"},"image":{"@id":"https:\/\/www.grandsformats.com\/2022\/02\/le-passe-vaccinal-impasse-pour-la-culture\/#primaryimage"},"thumbnailUrl":"https:\/\/www.grandsformats.com\/wp-content\/uploads\/2022\/02\/CP-le-passe-vaccinal-impasse-pour-la-Culture-10-fe\u0301vrier-2022-scaled.jpg","datePublished":"2022-02-11T11:39:44+00:00","dateModified":"2022-02-11T11:41:03+00:00","breadcrumb":{"@id":"https:\/\/www.grandsformats.com\/2022\/02\/le-passe-vaccinal-impasse-pour-la-culture\/#breadcrumb"},"inLanguage":"en-US","potentialAction":[{"@type":"ReadAction","target":["https:\/\/www.grandsformats.com\/2022\/02\/le-passe-vaccinal-impasse-pour-la-culture\/"]}]},{"@type":"ImageObject","inLanguage":"en-US","@id":"https:\/\/www.grandsformats.com\/2022\/02\/le-passe-vaccinal-impasse-pour-la-culture\/#primaryimage","url":"https:\/\/www.grandsformats.com\/wp-content\/uploads\/2022\/02\/CP-le-passe-vaccinal-impasse-pour-la-Culture-10-fe\u0301vrier-2022-scaled.jpg","contentUrl":"https:\/\/www.grandsformats.com\/wp-content\/uploads\/2022\/02\/CP-le-passe-vaccinal-impasse-pour-la-Culture-10-fe\u0301vrier-2022-scaled.jpg","width":2560,"height":1440,"caption":"Passe vaccinal, impasse pour la Culture - F\u00e9vrier 2022 - Communiqu\u00e9"},{"@type":"BreadcrumbList","@id":"https:\/\/www.grandsformats.com\/2022\/02\/le-passe-vaccinal-impasse-pour-la-culture\/#breadcrumb","itemListElement":[{"@type":"ListItem","position":1,"name":"Accueil","item":"https:\/\/www.grandsformats.com\/en\/"},{"@type":"ListItem","position":2,"name":"Le passe vaccinal, impasse pour la Culture"}]},{"@type":"WebSite","@id":"https:\/\/www.grandsformats.com\/#website","url":"https:\/\/www.grandsformats.com\/","name":"Site officiel de la f\u00e9d\u00e9ration Grands Formats","description":"F\u00e9d\u00e9ration d&#039;artistes pour la musique en grand !","publisher":{"@id":"https:\/\/www.grandsformats.com\/#organization"},"potentialAction":[{"@type":"SearchAction","target":{"@type":"EntryPoint","urlTemplate":"https:\/\/www.grandsformats.com\/?s={search_term_string}"},"query-input":{"@type":"PropertyValueSpecification","valueRequired":true,"valueName":"search_term_string"}}],"inLanguage":"en-US"},{"@type":"Organization","@id":"https:\/\/www.grandsformats.com\/#organization","name":"Grands Formats","url":"https:\/\/www.grandsformats.com\/","logo":{"@type":"ImageObject","inLanguage":"en-US","@id":"https:\/\/www.grandsformats.com\/#\/schema\/logo\/image\/","url":"https:\/\/www.grandsformats.com\/wp-content\/uploads\/2020\/03\/logo-GF-200.png","contentUrl":"https:\/\/www.grandsformats.com\/wp-content\/uploads\/2020\/03\/logo-GF-200.png","width":155,"height":200,"caption":"Grands Formats"},"image":{"@id":"https:\/\/www.grandsformats.com\/#\/schema\/logo\/image\/"},"sameAs":["https:\/\/www.facebook.com\/grandsformats\/","https:\/\/x.com\/GrandsFormatsGF","https:\/\/www.instagram.com\/grandsformats\/","https:\/\/www.youtube.com\/channel\/UCJ7k9dbqc_DG-nxI3WMPvhw?view_as=subscriberhttps:\/\/www.youtube.com\/channel\/UCJ7k9dbqc_DG-nxI3WMPvhw?view_as=subscriber"]},{"@type":"Person","@id":"https:\/\/www.grandsformats.com\/#\/schema\/person\/6ecde7e38a2254b5bc9d620679208ee1","name":"Grands Formats","image":{"@type":"ImageObject","inLanguage":"en-US","@id":"https:\/\/www.grandsformats.com\/#\/schema\/person\/image\/","url":"https:\/\/secure.gravatar.com\/avatar\/5d06febf5ba4681bd17a251487132861b5339c2d72f789e59decf1c1b05d0078?s=96&d=mm&r=g","contentUrl":"https:\/\/secure.gravatar.com\/avatar\/5d06febf5ba4681bd17a251487132861b5339c2d72f789e59decf1c1b05d0078?s=96&d=mm&r=g","caption":"Grands Formats"},"url":"https:\/\/www.grandsformats.com\/en\/author\/margaux\/"}]}},"_links":{"self":[{"href":"https:\/\/www.grandsformats.com\/en\/wp-json\/wp\/v2\/posts\/16523","targetHints":{"allow":["GET"]}}],"collection":[{"href":"https:\/\/www.grandsformats.com\/en\/wp-json\/wp\/v2\/posts"}],"about":[{"href":"https:\/\/www.grandsformats.com\/en\/wp-json\/wp\/v2\/types\/post"}],"author":[{"embeddable":true,"href":"https:\/\/www.grandsformats.com\/en\/wp-json\/wp\/v2\/users\/2"}],"replies":[{"embeddable":true,"href":"https:\/\/www.grandsformats.com\/en\/wp-json\/wp\/v2\/comments?post=16523"}],"version-history":[{"count":0,"href":"https:\/\/www.grandsformats.com\/en\/wp-json\/wp\/v2\/posts\/16523\/revisions"}],"wp:featuredmedia":[{"embeddable":true,"href":"https:\/\/www.grandsformats.com\/en\/wp-json\/wp\/v2\/media\/16527"}],"wp:attachment":[{"href":"https:\/\/www.grandsformats.com\/en\/wp-json\/wp\/v2\/media?parent=16523"}],"wp:term":[{"taxonomy":"category","embeddable":true,"href":"https:\/\/www.grandsformats.com\/en\/wp-json\/wp\/v2\/categories?post=16523"},{"taxonomy":"post_tag","embeddable":true,"href":"https:\/\/www.grandsformats.com\/en\/wp-json\/wp\/v2\/tags?post=16523"}],"curies":[{"name":"wp","href":"https:\/\/api.w.org\/{rel}","templated":true}]}}