{"id":16484,"date":"2022-02-07T10:26:23","date_gmt":"2022-02-07T09:26:23","guid":{"rendered":"https:\/\/www.grandsformats.com\/?p=16484"},"modified":"2022-02-07T10:29:46","modified_gmt":"2022-02-07T09:29:46","slug":"deux-dates-de-concert-en-mars-pour-le-spoumj","status":"publish","type":"post","link":"https:\/\/www.grandsformats.com\/en\/2022\/02\/deux-dates-de-concert-en-mars-pour-le-spoumj\/","title":{"rendered":"Deux dates de concert en mars pour le Spoumj"},"content":{"rendered":"<h3>Le Spoumj joue Boris Vian avec <em>En avant la Zizique<\/em> et invoque avec <em>Les R\u00eaves de Caroll<\/em> l\u2019univers fantastique de Alice au pays des merveilles<\/h3>\n<p>Pour son retour sur sc\u00e8ne, <a href=\"https:\/\/www.grandsformats.com\/artist\/le-spoumj\/\">le Spoumj<\/a> propose deux spectacles qui sollicitent diff\u00e9rentes disciplines artistiques ou textes, po\u00e9sie, dessin en temps r\u00e9el se m\u00ealent aux compositions originales et bien s\u00fbr \u00e0 l\u2019usage pluridisciplinaire du Sound Painting.<\/p>\n<p><em>Les R\u00eaves de Carroll<\/em> cr\u00e9\u00e9 en 2018, jou\u00e9 jusque f\u00e9vrier 2020, sera \u00e0 l\u2019<a href=\"https:\/\/www.espacesorano.com\/evenement\/les-reves-de-caroll\/\">Espace Sorano<\/a> (94) le 27 mars 2022.<\/p>\n<p><em>En avant la Zizique<\/em> cr\u00e9\u00e9 les 5 &amp; 9 d\u00e9cembre \u00e0 EDIM et au Th\u00e9\u00e2tre Aleph, sera jou\u00e9 le 5 f\u00e9vrier 2022 \u00e0 l\u2019Espace Jemmapes \u00e0 Paris et le 11 mars 2022 au <a href=\"http:\/\/www.theatrealeph.com\/fr\/latin-spectator\/113_le-spoumj\">Th\u00e9\u00e2tre Aleph<\/a> d&#8217;Ivry-sur-Seine (94).<\/p>\n<p>les R\u00eaves de Carroll\u00a0: <a href=\"https:\/\/www.facebook.com\/daniel.beaussier.9\/videos\/10157936832962520\/\">Teaser EPK<\/a> et \u00a0<a href=\"https:\/\/www.youtube.com\/watch?v=F3ZziVmyy7Q\">Montage du Concert Lumi\u00e8re 2018<\/a><\/p>\n<p><span class=\"caption\" style=\"font-size: 10pt;\">\u00a9 Christian Beaussier<\/span><\/p>\n","protected":false},"excerpt":{"rendered":"<p>Le Spoumj joue Boris Vian avec En avant la Zizique et invoque avec Les R\u00eaves de Caroll l\u2019univers fantastique de Alice au pays des merveilles Pour son retour sur sc\u00e8ne, le Spoumj propose deux spectacles qui sollicitent diff\u00e9rentes disciplines artistiques ou textes, po\u00e9sie, dessin en temps r\u00e9el se m\u00ealent aux compositions originales et bien s\u00fbr&#8230;<\/p>\n<p><a rel=\"bookmark\" class=\"theme-button-text wvc-button wvc-button-size-xs\" href=\"https:\/\/www.grandsformats.com\/en\/2022\/02\/deux-dates-de-concert-en-mars-pour-le-spoumj\/\"><small class=\"wvc-button-background-fill\"><\/small><span>Continue reading<\/span><\/a><\/p>\n","protected":false},"author":2,"featured_media":11599,"comment_status":"open","ping_status":"open","sticky":false,"template":"","format":"standard","meta":{"_acf_changed":false,"footnotes":""},"categories":[95,870],"tags":[],"class_list":["post-16484","post","type-post","status-publish","format-standard","has-post-thumbnail","hentry","category-membres","category-le-spoumj","entry-post-skin-light","entry","clearfix","entry-grid","entry-columns-default","entry-post-module-layout-sidebar-right","thumbnail-color-tone-dark","metro-landscape","is-youtube","entry-post","entry-masonry","entry-post-masonry"],"acf":[],"yoast_head":"<!-- This site is optimized with the Yoast SEO plugin v25.8 - https:\/\/yoast.com\/wordpress\/plugins\/seo\/ -->\n<title>Deux dates de concert en mars pour le Spoumj - Site officiel de la f\u00e9d\u00e9ration Grands Formats<\/title>\n<meta name=\"robots\" content=\"index, follow, max-snippet:-1, max-image-preview:large, max-video-preview:-1\" \/>\n<link rel=\"canonical\" href=\"https:\/\/www.grandsformats.com\/2022\/02\/deux-dates-de-concert-en-mars-pour-le-spoumj\/\" \/>\n<meta property=\"og:locale\" content=\"en_US\" \/>\n<meta property=\"og:type\" content=\"article\" \/>\n<meta property=\"og:title\" content=\"Deux dates de concert en mars pour le Spoumj - Site officiel de la f\u00e9d\u00e9ration Grands Formats\" \/>\n<meta property=\"og:description\" content=\"Le Spoumj joue Boris Vian avec En avant la Zizique et invoque avec Les R\u00eaves de Caroll l\u2019univers fantastique de Alice au pays des merveilles Pour son retour sur sc\u00e8ne, le Spoumj propose deux spectacles qui sollicitent diff\u00e9rentes disciplines artistiques ou textes, po\u00e9sie, dessin en temps r\u00e9el se m\u00ealent aux compositions originales et bien s\u00fbr...Continue reading\" \/>\n<meta property=\"og:url\" content=\"https:\/\/www.grandsformats.com\/2022\/02\/deux-dates-de-concert-en-mars-pour-le-spoumj\/\" \/>\n<meta property=\"og:site_name\" content=\"Site officiel de la f\u00e9d\u00e9ration Grands Formats\" \/>\n<meta property=\"article:publisher\" content=\"https:\/\/www.facebook.com\/grandsformats\/\" \/>\n<meta property=\"article:published_time\" content=\"2022-02-07T09:26:23+00:00\" \/>\n<meta property=\"article:modified_time\" content=\"2022-02-07T09:29:46+00:00\" \/>\n<meta property=\"og:image\" content=\"https:\/\/www.grandsformats.com\/wp-content\/uploads\/2020\/03\/Spoumj-\u00a9-Alice-EDIM-1920x1080-1.jpg\" \/>\n\t<meta property=\"og:image:width\" content=\"1920\" \/>\n\t<meta property=\"og:image:height\" content=\"1080\" \/>\n\t<meta property=\"og:image:type\" content=\"image\/jpeg\" \/>\n<meta name=\"author\" content=\"Grands Formats\" \/>\n<meta name=\"twitter:card\" content=\"summary_large_image\" \/>\n<meta name=\"twitter:creator\" content=\"@GrandsFormatsGF\" \/>\n<meta name=\"twitter:site\" content=\"@GrandsFormatsGF\" \/>\n<meta name=\"twitter:label1\" content=\"Written by\" \/>\n\t<meta name=\"twitter:data1\" content=\"Grands Formats\" \/>\n\t<meta name=\"twitter:label2\" content=\"Est. reading time\" \/>\n\t<meta name=\"twitter:data2\" content=\"1 minute\" \/>\n<script type=\"application\/ld+json\" class=\"yoast-schema-graph\">{\"@context\":\"https:\/\/schema.org\",\"@graph\":[{\"@type\":\"Article\",\"@id\":\"https:\/\/www.grandsformats.com\/2022\/02\/deux-dates-de-concert-en-mars-pour-le-spoumj\/#article\",\"isPartOf\":{\"@id\":\"https:\/\/www.grandsformats.com\/2022\/02\/deux-dates-de-concert-en-mars-pour-le-spoumj\/\"},\"author\":{\"name\":\"Grands Formats\",\"@id\":\"https:\/\/www.grandsformats.com\/#\/schema\/person\/6ecde7e38a2254b5bc9d620679208ee1\"},\"headline\":\"Deux dates de concert en mars pour le Spoumj\",\"datePublished\":\"2022-02-07T09:26:23+00:00\",\"dateModified\":\"2022-02-07T09:29:46+00:00\",\"mainEntityOfPage\":{\"@id\":\"https:\/\/www.grandsformats.com\/2022\/02\/deux-dates-de-concert-en-mars-pour-le-spoumj\/\"},\"wordCount\":143,\"commentCount\":0,\"publisher\":{\"@id\":\"https:\/\/www.grandsformats.com\/#organization\"},\"image\":{\"@id\":\"https:\/\/www.grandsformats.com\/2022\/02\/deux-dates-de-concert-en-mars-pour-le-spoumj\/#primaryimage\"},\"thumbnailUrl\":\"https:\/\/www.grandsformats.com\/wp-content\/uploads\/2020\/03\/Spoumj-\u00a9-Alice-EDIM-1920x1080-1.jpg\",\"articleSection\":[\"Actus des membres\",\"Le Spoumj\"],\"inLanguage\":\"en-US\",\"potentialAction\":[{\"@type\":\"CommentAction\",\"name\":\"Comment\",\"target\":[\"https:\/\/www.grandsformats.com\/2022\/02\/deux-dates-de-concert-en-mars-pour-le-spoumj\/#respond\"]}]},{\"@type\":\"WebPage\",\"@id\":\"https:\/\/www.grandsformats.com\/2022\/02\/deux-dates-de-concert-en-mars-pour-le-spoumj\/\",\"url\":\"https:\/\/www.grandsformats.com\/2022\/02\/deux-dates-de-concert-en-mars-pour-le-spoumj\/\",\"name\":\"Deux dates de concert en mars pour le Spoumj - Site officiel de la f\u00e9d\u00e9ration Grands Formats\",\"isPartOf\":{\"@id\":\"https:\/\/www.grandsformats.com\/#website\"},\"primaryImageOfPage\":{\"@id\":\"https:\/\/www.grandsformats.com\/2022\/02\/deux-dates-de-concert-en-mars-pour-le-spoumj\/#primaryimage\"},\"image\":{\"@id\":\"https:\/\/www.grandsformats.com\/2022\/02\/deux-dates-de-concert-en-mars-pour-le-spoumj\/#primaryimage\"},\"thumbnailUrl\":\"https:\/\/www.grandsformats.com\/wp-content\/uploads\/2020\/03\/Spoumj-\u00a9-Alice-EDIM-1920x1080-1.jpg\",\"datePublished\":\"2022-02-07T09:26:23+00:00\",\"dateModified\":\"2022-02-07T09:29:46+00:00\",\"breadcrumb\":{\"@id\":\"https:\/\/www.grandsformats.com\/2022\/02\/deux-dates-de-concert-en-mars-pour-le-spoumj\/#breadcrumb\"},\"inLanguage\":\"en-US\",\"potentialAction\":[{\"@type\":\"ReadAction\",\"target\":[\"https:\/\/www.grandsformats.com\/2022\/02\/deux-dates-de-concert-en-mars-pour-le-spoumj\/\"]}]},{\"@type\":\"ImageObject\",\"inLanguage\":\"en-US\",\"@id\":\"https:\/\/www.grandsformats.com\/2022\/02\/deux-dates-de-concert-en-mars-pour-le-spoumj\/#primaryimage\",\"url\":\"https:\/\/www.grandsformats.com\/wp-content\/uploads\/2020\/03\/Spoumj-\u00a9-Alice-EDIM-1920x1080-1.jpg\",\"contentUrl\":\"https:\/\/www.grandsformats.com\/wp-content\/uploads\/2020\/03\/Spoumj-\u00a9-Alice-EDIM-1920x1080-1.jpg\",\"width\":1920,\"height\":1080,\"caption\":\"\u00a9 Alice EDIM\"},{\"@type\":\"BreadcrumbList\",\"@id\":\"https:\/\/www.grandsformats.com\/2022\/02\/deux-dates-de-concert-en-mars-pour-le-spoumj\/#breadcrumb\",\"itemListElement\":[{\"@type\":\"ListItem\",\"position\":1,\"name\":\"Accueil\",\"item\":\"https:\/\/www.grandsformats.com\/en\/\"},{\"@type\":\"ListItem\",\"position\":2,\"name\":\"Deux dates de concert en mars pour le Spoumj\"}]},{\"@type\":\"WebSite\",\"@id\":\"https:\/\/www.grandsformats.com\/#website\",\"url\":\"https:\/\/www.grandsformats.com\/\",\"name\":\"Site officiel de la f\u00e9d\u00e9ration Grands Formats\",\"description\":\"F\u00e9d\u00e9ration d&#039;artistes pour la musique en grand !\",\"publisher\":{\"@id\":\"https:\/\/www.grandsformats.com\/#organization\"},\"potentialAction\":[{\"@type\":\"SearchAction\",\"target\":{\"@type\":\"EntryPoint\",\"urlTemplate\":\"https:\/\/www.grandsformats.com\/?s={search_term_string}\"},\"query-input\":{\"@type\":\"PropertyValueSpecification\",\"valueRequired\":true,\"valueName\":\"search_term_string\"}}],\"inLanguage\":\"en-US\"},{\"@type\":\"Organization\",\"@id\":\"https:\/\/www.grandsformats.com\/#organization\",\"name\":\"Grands Formats\",\"url\":\"https:\/\/www.grandsformats.com\/\",\"logo\":{\"@type\":\"ImageObject\",\"inLanguage\":\"en-US\",\"@id\":\"https:\/\/www.grandsformats.com\/#\/schema\/logo\/image\/\",\"url\":\"https:\/\/www.grandsformats.com\/wp-content\/uploads\/2020\/03\/logo-GF-200.png\",\"contentUrl\":\"https:\/\/www.grandsformats.com\/wp-content\/uploads\/2020\/03\/logo-GF-200.png\",\"width\":155,\"height\":200,\"caption\":\"Grands Formats\"},\"image\":{\"@id\":\"https:\/\/www.grandsformats.com\/#\/schema\/logo\/image\/\"},\"sameAs\":[\"https:\/\/www.facebook.com\/grandsformats\/\",\"https:\/\/x.com\/GrandsFormatsGF\",\"https:\/\/www.instagram.com\/grandsformats\/\",\"https:\/\/www.youtube.com\/channel\/UCJ7k9dbqc_DG-nxI3WMPvhw?view_as=subscriberhttps:\/\/www.youtube.com\/channel\/UCJ7k9dbqc_DG-nxI3WMPvhw?view_as=subscriber\"]},{\"@type\":\"Person\",\"@id\":\"https:\/\/www.grandsformats.com\/#\/schema\/person\/6ecde7e38a2254b5bc9d620679208ee1\",\"name\":\"Grands Formats\",\"image\":{\"@type\":\"ImageObject\",\"inLanguage\":\"en-US\",\"@id\":\"https:\/\/www.grandsformats.com\/#\/schema\/person\/image\/\",\"url\":\"https:\/\/secure.gravatar.com\/avatar\/5d06febf5ba4681bd17a251487132861b5339c2d72f789e59decf1c1b05d0078?s=96&d=mm&r=g\",\"contentUrl\":\"https:\/\/secure.gravatar.com\/avatar\/5d06febf5ba4681bd17a251487132861b5339c2d72f789e59decf1c1b05d0078?s=96&d=mm&r=g\",\"caption\":\"Grands Formats\"},\"url\":\"https:\/\/www.grandsformats.com\/en\/author\/margaux\/\"}]}<\/script>\n<!-- \/ Yoast SEO plugin. -->","yoast_head_json":{"title":"Deux dates de concert en mars pour le Spoumj - Site officiel de la f\u00e9d\u00e9ration Grands Formats","robots":{"index":"index","follow":"follow","max-snippet":"max-snippet:-1","max-image-preview":"max-image-preview:large","max-video-preview":"max-video-preview:-1"},"canonical":"https:\/\/www.grandsformats.com\/2022\/02\/deux-dates-de-concert-en-mars-pour-le-spoumj\/","og_locale":"en_US","og_type":"article","og_title":"Deux dates de concert en mars pour le Spoumj - Site officiel de la f\u00e9d\u00e9ration Grands Formats","og_description":"Le Spoumj joue Boris Vian avec En avant la Zizique et invoque avec Les R\u00eaves de Caroll l\u2019univers fantastique de Alice au pays des merveilles Pour son retour sur sc\u00e8ne, le Spoumj propose deux spectacles qui sollicitent diff\u00e9rentes disciplines artistiques ou textes, po\u00e9sie, dessin en temps r\u00e9el se m\u00ealent aux compositions originales et bien s\u00fbr...Continue reading","og_url":"https:\/\/www.grandsformats.com\/2022\/02\/deux-dates-de-concert-en-mars-pour-le-spoumj\/","og_site_name":"Site officiel de la f\u00e9d\u00e9ration Grands Formats","article_publisher":"https:\/\/www.facebook.com\/grandsformats\/","article_published_time":"2022-02-07T09:26:23+00:00","article_modified_time":"2022-02-07T09:29:46+00:00","og_image":[{"width":1920,"height":1080,"url":"https:\/\/www.grandsformats.com\/wp-content\/uploads\/2020\/03\/Spoumj-\u00a9-Alice-EDIM-1920x1080-1.jpg","type":"image\/jpeg"}],"author":"Grands Formats","twitter_card":"summary_large_image","twitter_creator":"@GrandsFormatsGF","twitter_site":"@GrandsFormatsGF","twitter_misc":{"Written by":"Grands Formats","Est. reading time":"1 minute"},"schema":{"@context":"https:\/\/schema.org","@graph":[{"@type":"Article","@id":"https:\/\/www.grandsformats.com\/2022\/02\/deux-dates-de-concert-en-mars-pour-le-spoumj\/#article","isPartOf":{"@id":"https:\/\/www.grandsformats.com\/2022\/02\/deux-dates-de-concert-en-mars-pour-le-spoumj\/"},"author":{"name":"Grands Formats","@id":"https:\/\/www.grandsformats.com\/#\/schema\/person\/6ecde7e38a2254b5bc9d620679208ee1"},"headline":"Deux dates de concert en mars pour le Spoumj","datePublished":"2022-02-07T09:26:23+00:00","dateModified":"2022-02-07T09:29:46+00:00","mainEntityOfPage":{"@id":"https:\/\/www.grandsformats.com\/2022\/02\/deux-dates-de-concert-en-mars-pour-le-spoumj\/"},"wordCount":143,"commentCount":0,"publisher":{"@id":"https:\/\/www.grandsformats.com\/#organization"},"image":{"@id":"https:\/\/www.grandsformats.com\/2022\/02\/deux-dates-de-concert-en-mars-pour-le-spoumj\/#primaryimage"},"thumbnailUrl":"https:\/\/www.grandsformats.com\/wp-content\/uploads\/2020\/03\/Spoumj-\u00a9-Alice-EDIM-1920x1080-1.jpg","articleSection":["Actus des membres","Le Spoumj"],"inLanguage":"en-US","potentialAction":[{"@type":"CommentAction","name":"Comment","target":["https:\/\/www.grandsformats.com\/2022\/02\/deux-dates-de-concert-en-mars-pour-le-spoumj\/#respond"]}]},{"@type":"WebPage","@id":"https:\/\/www.grandsformats.com\/2022\/02\/deux-dates-de-concert-en-mars-pour-le-spoumj\/","url":"https:\/\/www.grandsformats.com\/2022\/02\/deux-dates-de-concert-en-mars-pour-le-spoumj\/","name":"Deux dates de concert en mars pour le Spoumj - Site officiel de la f\u00e9d\u00e9ration Grands Formats","isPartOf":{"@id":"https:\/\/www.grandsformats.com\/#website"},"primaryImageOfPage":{"@id":"https:\/\/www.grandsformats.com\/2022\/02\/deux-dates-de-concert-en-mars-pour-le-spoumj\/#primaryimage"},"image":{"@id":"https:\/\/www.grandsformats.com\/2022\/02\/deux-dates-de-concert-en-mars-pour-le-spoumj\/#primaryimage"},"thumbnailUrl":"https:\/\/www.grandsformats.com\/wp-content\/uploads\/2020\/03\/Spoumj-\u00a9-Alice-EDIM-1920x1080-1.jpg","datePublished":"2022-02-07T09:26:23+00:00","dateModified":"2022-02-07T09:29:46+00:00","breadcrumb":{"@id":"https:\/\/www.grandsformats.com\/2022\/02\/deux-dates-de-concert-en-mars-pour-le-spoumj\/#breadcrumb"},"inLanguage":"en-US","potentialAction":[{"@type":"ReadAction","target":["https:\/\/www.grandsformats.com\/2022\/02\/deux-dates-de-concert-en-mars-pour-le-spoumj\/"]}]},{"@type":"ImageObject","inLanguage":"en-US","@id":"https:\/\/www.grandsformats.com\/2022\/02\/deux-dates-de-concert-en-mars-pour-le-spoumj\/#primaryimage","url":"https:\/\/www.grandsformats.com\/wp-content\/uploads\/2020\/03\/Spoumj-\u00a9-Alice-EDIM-1920x1080-1.jpg","contentUrl":"https:\/\/www.grandsformats.com\/wp-content\/uploads\/2020\/03\/Spoumj-\u00a9-Alice-EDIM-1920x1080-1.jpg","width":1920,"height":1080,"caption":"\u00a9 Alice EDIM"},{"@type":"BreadcrumbList","@id":"https:\/\/www.grandsformats.com\/2022\/02\/deux-dates-de-concert-en-mars-pour-le-spoumj\/#breadcrumb","itemListElement":[{"@type":"ListItem","position":1,"name":"Accueil","item":"https:\/\/www.grandsformats.com\/en\/"},{"@type":"ListItem","position":2,"name":"Deux dates de concert en mars pour le Spoumj"}]},{"@type":"WebSite","@id":"https:\/\/www.grandsformats.com\/#website","url":"https:\/\/www.grandsformats.com\/","name":"Site officiel de la f\u00e9d\u00e9ration Grands Formats","description":"F\u00e9d\u00e9ration d&#039;artistes pour la musique en grand !","publisher":{"@id":"https:\/\/www.grandsformats.com\/#organization"},"potentialAction":[{"@type":"SearchAction","target":{"@type":"EntryPoint","urlTemplate":"https:\/\/www.grandsformats.com\/?s={search_term_string}"},"query-input":{"@type":"PropertyValueSpecification","valueRequired":true,"valueName":"search_term_string"}}],"inLanguage":"en-US"},{"@type":"Organization","@id":"https:\/\/www.grandsformats.com\/#organization","name":"Grands Formats","url":"https:\/\/www.grandsformats.com\/","logo":{"@type":"ImageObject","inLanguage":"en-US","@id":"https:\/\/www.grandsformats.com\/#\/schema\/logo\/image\/","url":"https:\/\/www.grandsformats.com\/wp-content\/uploads\/2020\/03\/logo-GF-200.png","contentUrl":"https:\/\/www.grandsformats.com\/wp-content\/uploads\/2020\/03\/logo-GF-200.png","width":155,"height":200,"caption":"Grands Formats"},"image":{"@id":"https:\/\/www.grandsformats.com\/#\/schema\/logo\/image\/"},"sameAs":["https:\/\/www.facebook.com\/grandsformats\/","https:\/\/x.com\/GrandsFormatsGF","https:\/\/www.instagram.com\/grandsformats\/","https:\/\/www.youtube.com\/channel\/UCJ7k9dbqc_DG-nxI3WMPvhw?view_as=subscriberhttps:\/\/www.youtube.com\/channel\/UCJ7k9dbqc_DG-nxI3WMPvhw?view_as=subscriber"]},{"@type":"Person","@id":"https:\/\/www.grandsformats.com\/#\/schema\/person\/6ecde7e38a2254b5bc9d620679208ee1","name":"Grands Formats","image":{"@type":"ImageObject","inLanguage":"en-US","@id":"https:\/\/www.grandsformats.com\/#\/schema\/person\/image\/","url":"https:\/\/secure.gravatar.com\/avatar\/5d06febf5ba4681bd17a251487132861b5339c2d72f789e59decf1c1b05d0078?s=96&d=mm&r=g","contentUrl":"https:\/\/secure.gravatar.com\/avatar\/5d06febf5ba4681bd17a251487132861b5339c2d72f789e59decf1c1b05d0078?s=96&d=mm&r=g","caption":"Grands Formats"},"url":"https:\/\/www.grandsformats.com\/en\/author\/margaux\/"}]}},"_links":{"self":[{"href":"https:\/\/www.grandsformats.com\/en\/wp-json\/wp\/v2\/posts\/16484","targetHints":{"allow":["GET"]}}],"collection":[{"href":"https:\/\/www.grandsformats.com\/en\/wp-json\/wp\/v2\/posts"}],"about":[{"href":"https:\/\/www.grandsformats.com\/en\/wp-json\/wp\/v2\/types\/post"}],"author":[{"embeddable":true,"href":"https:\/\/www.grandsformats.com\/en\/wp-json\/wp\/v2\/users\/2"}],"replies":[{"embeddable":true,"href":"https:\/\/www.grandsformats.com\/en\/wp-json\/wp\/v2\/comments?post=16484"}],"version-history":[{"count":0,"href":"https:\/\/www.grandsformats.com\/en\/wp-json\/wp\/v2\/posts\/16484\/revisions"}],"wp:featuredmedia":[{"embeddable":true,"href":"https:\/\/www.grandsformats.com\/en\/wp-json\/wp\/v2\/media\/11599"}],"wp:attachment":[{"href":"https:\/\/www.grandsformats.com\/en\/wp-json\/wp\/v2\/media?parent=16484"}],"wp:term":[{"taxonomy":"category","embeddable":true,"href":"https:\/\/www.grandsformats.com\/en\/wp-json\/wp\/v2\/categories?post=16484"},{"taxonomy":"post_tag","embeddable":true,"href":"https:\/\/www.grandsformats.com\/en\/wp-json\/wp\/v2\/tags?post=16484"}],"curies":[{"name":"wp","href":"https:\/\/api.w.org\/{rel}","templated":true}]}}