{"id":16455,"date":"2022-02-03T11:34:48","date_gmt":"2022-02-03T10:34:48","guid":{"rendered":"https:\/\/www.grandsformats.com\/?p=16455"},"modified":"2024-09-24T11:24:40","modified_gmt":"2024-09-24T09:24:40","slug":"pensees-rotatives-concert-de-sortie-dalbum-le-2-mars-a-pantin-93","status":"publish","type":"post","link":"https:\/\/www.grandsformats.com\/en\/2022\/02\/pensees-rotatives-concert-de-sortie-dalbum-le-2-mars-a-pantin-93\/","title":{"rendered":"Pens\u00e9es Rotatives : concert de sortie d&#8217;album le 2 mars \u00e0 Pantin (93)"},"content":{"rendered":"<p>Le contrebassiste Th\u00e9o Girard\u00a0(Bulle, Trans Kabar, Le Deal, Bratsch, Macha Gharibian\u2026) s\u2019entoure, pour ses <a href=\"https:\/\/www.grandsformats.com\/artist\/pensees-rotatives\/\">Pens\u00e9es Rotatives<\/a>, de collaborateurs de longue date \u00e0 la fois au sens figur\u00e9 comme au sens propre, lors des concerts,\u00a0une\u00a0\u201ccouronne\u201d de 12 soufflants, dont beaucoup ont d\u00e9j\u00e0 jou\u00e9 aux c\u00f4t\u00e9s du bassiste dans diverses constellations au cours des 20 derni\u00e8res ann\u00e9es.<\/p>\n<p>L\u2019album est un \u00ab\u00a0Choc\u00a0\u00bb pour Jazz Magazine, d\u2019apr\u00e8s T\u00e9l\u00e9rama c\u2019est un \u00ab\u00a0r\u00e9servoir d\u2019enthousiasme et d\u2019\u00e9tonnements\u00a0\u00bb et pour Citizen Jazz ce disque est \u00ab magique et s\u2019impose comme l\u2019un des disques les plus importants de l\u2019ann\u00e9e\u00a0\u00bb. En R\u00e9publique Tch\u00e8que, le journaliste J\u00e1n Hocek a \u00e9crit \u00ab Les mots ne peuvent d\u00e9crire que de simples aper\u00e7us du g\u00e9nial big band Pens\u00e9es Rotatives\u00a0\u00bb.<\/p>\n<p>Autant de bonnes raisons de voir ce ph\u00e9nom\u00e8ne en concert pour f\u00eater la sortie de son premier album \u00e9ponyme, le 2 mars \u00e0 la <a href=\"https:\/\/www.banlieuesbleues.org\/dynamo\/evenement\/3685\/2022-03-02-2000-dynamo-grand-sorcier-pensees-rotatives-trans-kabar-soiree-discobole\/\">Dynamo de Banlieues Bleues<\/a> \u00e0 Pantin (93) dans le cadre de la soir\u00e9e organis\u00e9e par le label Discobole Records pour ses 12 ans.<\/p>\n<p><a href=\"https:\/\/banlieuesbleues.notre-billetterie.org\/billets\">Billetterie<\/a><\/p>\n<p><a href=\"https:\/\/www.facebook.com\/events\/498397951649145\">\u00c9v\u00e9nement Facebook<\/a><\/p>\n<p><iframe loading=\"lazy\" title=\"PENS\u00c9ES ROTATIVES - Tom &amp; Jerry (radio edit)\" width=\"1140\" height=\"641\" src=\"https:\/\/www.youtube.com\/embed\/5DhAZwzn8Ec?feature=oembed\" frameborder=\"0\" allow=\"accelerometer; autoplay; clipboard-write; encrypted-media; gyroscope; picture-in-picture\" allowfullscreen><\/iframe><\/p>\n<p><span class=\"caption\" style=\"font-size: 10pt;\">\u00a9 Atelier Hurf<\/span><\/p>\n","protected":false},"excerpt":{"rendered":"<p>Le contrebassiste Th\u00e9o Girard\u00a0(Bulle, Trans Kabar, Le Deal, Bratsch, Macha Gharibian\u2026) s\u2019entoure, pour ses Pens\u00e9es Rotatives, de collaborateurs de longue date \u00e0 la fois au sens figur\u00e9 comme au sens propre, lors des concerts,\u00a0une\u00a0\u201ccouronne\u201d de 12 soufflants, dont beaucoup ont d\u00e9j\u00e0 jou\u00e9 aux c\u00f4t\u00e9s du bassiste dans diverses constellations au cours des 20 derni\u00e8res ann\u00e9es&#8230;.<\/p>\n<p><a rel=\"bookmark\" class=\"theme-button-text wvc-button wvc-button-size-xs\" href=\"https:\/\/www.grandsformats.com\/en\/2022\/02\/pensees-rotatives-concert-de-sortie-dalbum-le-2-mars-a-pantin-93\/\"><small class=\"wvc-button-background-fill\"><\/small><span>Continue reading<\/span><\/a><\/p>\n","protected":false},"author":2,"featured_media":15889,"comment_status":"open","ping_status":"open","sticky":false,"template":"","format":"standard","meta":{"_acf_changed":false,"footnotes":""},"categories":[95,1312],"tags":[],"class_list":["post-16455","post","type-post","status-publish","format-standard","has-post-thumbnail","hentry","category-membres","category-discobole-cie-label","entry-post-skin-light","entry","clearfix","entry-grid","entry-columns-default","entry-post-module-layout-sidebar-right","thumbnail-color-tone-dark","metro-landscape","is-youtube","entry-post","entry-masonry","entry-post-masonry"],"acf":[],"yoast_head":"<!-- This site is optimized with the Yoast SEO plugin v25.8 - https:\/\/yoast.com\/wordpress\/plugins\/seo\/ -->\n<title>Pens\u00e9es Rotatives : concert de sortie d&#039;album le 2 mars \u00e0 Pantin (93) - Site officiel de la f\u00e9d\u00e9ration Grands Formats<\/title>\n<meta name=\"robots\" content=\"index, follow, max-snippet:-1, max-image-preview:large, max-video-preview:-1\" \/>\n<link rel=\"canonical\" href=\"https:\/\/www.grandsformats.com\/2022\/02\/pensees-rotatives-concert-de-sortie-dalbum-le-2-mars-a-pantin-93\/\" \/>\n<meta property=\"og:locale\" content=\"en_US\" \/>\n<meta property=\"og:type\" content=\"article\" \/>\n<meta property=\"og:title\" content=\"Pens\u00e9es Rotatives : concert de sortie d&#039;album le 2 mars \u00e0 Pantin (93) - Site officiel de la f\u00e9d\u00e9ration Grands Formats\" \/>\n<meta property=\"og:description\" content=\"Le contrebassiste Th\u00e9o Girard\u00a0(Bulle, Trans Kabar, Le Deal, Bratsch, Macha Gharibian\u2026) s\u2019entoure, pour ses Pens\u00e9es Rotatives, de collaborateurs de longue date \u00e0 la fois au sens figur\u00e9 comme au sens propre, lors des concerts,\u00a0une\u00a0\u201ccouronne\u201d de 12 soufflants, dont beaucoup ont d\u00e9j\u00e0 jou\u00e9 aux c\u00f4t\u00e9s du bassiste dans diverses constellations au cours des 20 derni\u00e8res ann\u00e9es....Continue reading\" \/>\n<meta property=\"og:url\" content=\"https:\/\/www.grandsformats.com\/2022\/02\/pensees-rotatives-concert-de-sortie-dalbum-le-2-mars-a-pantin-93\/\" \/>\n<meta property=\"og:site_name\" content=\"Site officiel de la f\u00e9d\u00e9ration Grands Formats\" \/>\n<meta property=\"article:publisher\" content=\"https:\/\/www.facebook.com\/grandsformats\/\" \/>\n<meta property=\"article:published_time\" content=\"2022-02-03T10:34:48+00:00\" \/>\n<meta property=\"article:modified_time\" content=\"2024-09-24T09:24:40+00:00\" \/>\n<meta property=\"og:image\" content=\"https:\/\/www.grandsformats.com\/wp-content\/uploads\/2021\/09\/Pensees-Rotatives-Album\u00a9AtelierHurf.jpg\" \/>\n\t<meta property=\"og:image:width\" content=\"1920\" \/>\n\t<meta property=\"og:image:height\" content=\"1080\" \/>\n\t<meta property=\"og:image:type\" content=\"image\/jpeg\" \/>\n<meta name=\"author\" content=\"Grands Formats\" \/>\n<meta name=\"twitter:card\" content=\"summary_large_image\" \/>\n<meta name=\"twitter:creator\" content=\"@GrandsFormatsGF\" \/>\n<meta name=\"twitter:site\" content=\"@GrandsFormatsGF\" \/>\n<meta name=\"twitter:label1\" content=\"Written by\" \/>\n\t<meta name=\"twitter:data1\" content=\"Grands Formats\" \/>\n\t<meta name=\"twitter:label2\" content=\"Est. reading time\" \/>\n\t<meta name=\"twitter:data2\" content=\"1 minute\" \/>\n<script type=\"application\/ld+json\" class=\"yoast-schema-graph\">{\"@context\":\"https:\/\/schema.org\",\"@graph\":[{\"@type\":\"Article\",\"@id\":\"https:\/\/www.grandsformats.com\/2022\/02\/pensees-rotatives-concert-de-sortie-dalbum-le-2-mars-a-pantin-93\/#article\",\"isPartOf\":{\"@id\":\"https:\/\/www.grandsformats.com\/2022\/02\/pensees-rotatives-concert-de-sortie-dalbum-le-2-mars-a-pantin-93\/\"},\"author\":{\"name\":\"Grands Formats\",\"@id\":\"https:\/\/www.grandsformats.com\/#\/schema\/person\/6ecde7e38a2254b5bc9d620679208ee1\"},\"headline\":\"Pens\u00e9es Rotatives : concert de sortie d&#8217;album le 2 mars \u00e0 Pantin (93)\",\"datePublished\":\"2022-02-03T10:34:48+00:00\",\"dateModified\":\"2024-09-24T09:24:40+00:00\",\"mainEntityOfPage\":{\"@id\":\"https:\/\/www.grandsformats.com\/2022\/02\/pensees-rotatives-concert-de-sortie-dalbum-le-2-mars-a-pantin-93\/\"},\"wordCount\":213,\"commentCount\":0,\"publisher\":{\"@id\":\"https:\/\/www.grandsformats.com\/#organization\"},\"image\":{\"@id\":\"https:\/\/www.grandsformats.com\/2022\/02\/pensees-rotatives-concert-de-sortie-dalbum-le-2-mars-a-pantin-93\/#primaryimage\"},\"thumbnailUrl\":\"https:\/\/www.grandsformats.com\/wp-content\/uploads\/2021\/09\/Pensees-Rotatives-Album\u00a9AtelierHurf.jpg\",\"articleSection\":[\"Actus des membres\",\"Discobole Cie &amp; Label\"],\"inLanguage\":\"en-US\",\"potentialAction\":[{\"@type\":\"CommentAction\",\"name\":\"Comment\",\"target\":[\"https:\/\/www.grandsformats.com\/2022\/02\/pensees-rotatives-concert-de-sortie-dalbum-le-2-mars-a-pantin-93\/#respond\"]}]},{\"@type\":\"WebPage\",\"@id\":\"https:\/\/www.grandsformats.com\/2022\/02\/pensees-rotatives-concert-de-sortie-dalbum-le-2-mars-a-pantin-93\/\",\"url\":\"https:\/\/www.grandsformats.com\/2022\/02\/pensees-rotatives-concert-de-sortie-dalbum-le-2-mars-a-pantin-93\/\",\"name\":\"Pens\u00e9es Rotatives : concert de sortie d'album le 2 mars \u00e0 Pantin (93) - Site officiel de la f\u00e9d\u00e9ration Grands Formats\",\"isPartOf\":{\"@id\":\"https:\/\/www.grandsformats.com\/#website\"},\"primaryImageOfPage\":{\"@id\":\"https:\/\/www.grandsformats.com\/2022\/02\/pensees-rotatives-concert-de-sortie-dalbum-le-2-mars-a-pantin-93\/#primaryimage\"},\"image\":{\"@id\":\"https:\/\/www.grandsformats.com\/2022\/02\/pensees-rotatives-concert-de-sortie-dalbum-le-2-mars-a-pantin-93\/#primaryimage\"},\"thumbnailUrl\":\"https:\/\/www.grandsformats.com\/wp-content\/uploads\/2021\/09\/Pensees-Rotatives-Album\u00a9AtelierHurf.jpg\",\"datePublished\":\"2022-02-03T10:34:48+00:00\",\"dateModified\":\"2024-09-24T09:24:40+00:00\",\"breadcrumb\":{\"@id\":\"https:\/\/www.grandsformats.com\/2022\/02\/pensees-rotatives-concert-de-sortie-dalbum-le-2-mars-a-pantin-93\/#breadcrumb\"},\"inLanguage\":\"en-US\",\"potentialAction\":[{\"@type\":\"ReadAction\",\"target\":[\"https:\/\/www.grandsformats.com\/2022\/02\/pensees-rotatives-concert-de-sortie-dalbum-le-2-mars-a-pantin-93\/\"]}]},{\"@type\":\"ImageObject\",\"inLanguage\":\"en-US\",\"@id\":\"https:\/\/www.grandsformats.com\/2022\/02\/pensees-rotatives-concert-de-sortie-dalbum-le-2-mars-a-pantin-93\/#primaryimage\",\"url\":\"https:\/\/www.grandsformats.com\/wp-content\/uploads\/2021\/09\/Pensees-Rotatives-Album\u00a9AtelierHurf.jpg\",\"contentUrl\":\"https:\/\/www.grandsformats.com\/wp-content\/uploads\/2021\/09\/Pensees-Rotatives-Album\u00a9AtelierHurf.jpg\",\"width\":1920,\"height\":1080,\"caption\":\"\u00a9 Atelier Hurf\"},{\"@type\":\"BreadcrumbList\",\"@id\":\"https:\/\/www.grandsformats.com\/2022\/02\/pensees-rotatives-concert-de-sortie-dalbum-le-2-mars-a-pantin-93\/#breadcrumb\",\"itemListElement\":[{\"@type\":\"ListItem\",\"position\":1,\"name\":\"Accueil\",\"item\":\"https:\/\/www.grandsformats.com\/en\/\"},{\"@type\":\"ListItem\",\"position\":2,\"name\":\"Pens\u00e9es Rotatives : concert de sortie d&rsquo;album le 2 mars \u00e0 Pantin (93)\"}]},{\"@type\":\"WebSite\",\"@id\":\"https:\/\/www.grandsformats.com\/#website\",\"url\":\"https:\/\/www.grandsformats.com\/\",\"name\":\"Site officiel de la f\u00e9d\u00e9ration Grands Formats\",\"description\":\"F\u00e9d\u00e9ration d&#039;artistes pour la musique en grand !\",\"publisher\":{\"@id\":\"https:\/\/www.grandsformats.com\/#organization\"},\"potentialAction\":[{\"@type\":\"SearchAction\",\"target\":{\"@type\":\"EntryPoint\",\"urlTemplate\":\"https:\/\/www.grandsformats.com\/?s={search_term_string}\"},\"query-input\":{\"@type\":\"PropertyValueSpecification\",\"valueRequired\":true,\"valueName\":\"search_term_string\"}}],\"inLanguage\":\"en-US\"},{\"@type\":\"Organization\",\"@id\":\"https:\/\/www.grandsformats.com\/#organization\",\"name\":\"Grands Formats\",\"url\":\"https:\/\/www.grandsformats.com\/\",\"logo\":{\"@type\":\"ImageObject\",\"inLanguage\":\"en-US\",\"@id\":\"https:\/\/www.grandsformats.com\/#\/schema\/logo\/image\/\",\"url\":\"https:\/\/www.grandsformats.com\/wp-content\/uploads\/2020\/03\/logo-GF-200.png\",\"contentUrl\":\"https:\/\/www.grandsformats.com\/wp-content\/uploads\/2020\/03\/logo-GF-200.png\",\"width\":155,\"height\":200,\"caption\":\"Grands Formats\"},\"image\":{\"@id\":\"https:\/\/www.grandsformats.com\/#\/schema\/logo\/image\/\"},\"sameAs\":[\"https:\/\/www.facebook.com\/grandsformats\/\",\"https:\/\/x.com\/GrandsFormatsGF\",\"https:\/\/www.instagram.com\/grandsformats\/\",\"https:\/\/www.youtube.com\/channel\/UCJ7k9dbqc_DG-nxI3WMPvhw?view_as=subscriberhttps:\/\/www.youtube.com\/channel\/UCJ7k9dbqc_DG-nxI3WMPvhw?view_as=subscriber\"]},{\"@type\":\"Person\",\"@id\":\"https:\/\/www.grandsformats.com\/#\/schema\/person\/6ecde7e38a2254b5bc9d620679208ee1\",\"name\":\"Grands Formats\",\"image\":{\"@type\":\"ImageObject\",\"inLanguage\":\"en-US\",\"@id\":\"https:\/\/www.grandsformats.com\/#\/schema\/person\/image\/\",\"url\":\"https:\/\/secure.gravatar.com\/avatar\/5d06febf5ba4681bd17a251487132861b5339c2d72f789e59decf1c1b05d0078?s=96&d=mm&r=g\",\"contentUrl\":\"https:\/\/secure.gravatar.com\/avatar\/5d06febf5ba4681bd17a251487132861b5339c2d72f789e59decf1c1b05d0078?s=96&d=mm&r=g\",\"caption\":\"Grands Formats\"},\"url\":\"https:\/\/www.grandsformats.com\/en\/author\/margaux\/\"}]}<\/script>\n<!-- \/ Yoast SEO plugin. -->","yoast_head_json":{"title":"Pens\u00e9es Rotatives : concert de sortie d'album le 2 mars \u00e0 Pantin (93) - Site officiel de la f\u00e9d\u00e9ration Grands Formats","robots":{"index":"index","follow":"follow","max-snippet":"max-snippet:-1","max-image-preview":"max-image-preview:large","max-video-preview":"max-video-preview:-1"},"canonical":"https:\/\/www.grandsformats.com\/2022\/02\/pensees-rotatives-concert-de-sortie-dalbum-le-2-mars-a-pantin-93\/","og_locale":"en_US","og_type":"article","og_title":"Pens\u00e9es Rotatives : concert de sortie d'album le 2 mars \u00e0 Pantin (93) - Site officiel de la f\u00e9d\u00e9ration Grands Formats","og_description":"Le contrebassiste Th\u00e9o Girard\u00a0(Bulle, Trans Kabar, Le Deal, Bratsch, Macha Gharibian\u2026) s\u2019entoure, pour ses Pens\u00e9es Rotatives, de collaborateurs de longue date \u00e0 la fois au sens figur\u00e9 comme au sens propre, lors des concerts,\u00a0une\u00a0\u201ccouronne\u201d de 12 soufflants, dont beaucoup ont d\u00e9j\u00e0 jou\u00e9 aux c\u00f4t\u00e9s du bassiste dans diverses constellations au cours des 20 derni\u00e8res ann\u00e9es....Continue reading","og_url":"https:\/\/www.grandsformats.com\/2022\/02\/pensees-rotatives-concert-de-sortie-dalbum-le-2-mars-a-pantin-93\/","og_site_name":"Site officiel de la f\u00e9d\u00e9ration Grands Formats","article_publisher":"https:\/\/www.facebook.com\/grandsformats\/","article_published_time":"2022-02-03T10:34:48+00:00","article_modified_time":"2024-09-24T09:24:40+00:00","og_image":[{"width":1920,"height":1080,"url":"https:\/\/www.grandsformats.com\/wp-content\/uploads\/2021\/09\/Pensees-Rotatives-Album\u00a9AtelierHurf.jpg","type":"image\/jpeg"}],"author":"Grands Formats","twitter_card":"summary_large_image","twitter_creator":"@GrandsFormatsGF","twitter_site":"@GrandsFormatsGF","twitter_misc":{"Written by":"Grands Formats","Est. reading time":"1 minute"},"schema":{"@context":"https:\/\/schema.org","@graph":[{"@type":"Article","@id":"https:\/\/www.grandsformats.com\/2022\/02\/pensees-rotatives-concert-de-sortie-dalbum-le-2-mars-a-pantin-93\/#article","isPartOf":{"@id":"https:\/\/www.grandsformats.com\/2022\/02\/pensees-rotatives-concert-de-sortie-dalbum-le-2-mars-a-pantin-93\/"},"author":{"name":"Grands Formats","@id":"https:\/\/www.grandsformats.com\/#\/schema\/person\/6ecde7e38a2254b5bc9d620679208ee1"},"headline":"Pens\u00e9es Rotatives : concert de sortie d&#8217;album le 2 mars \u00e0 Pantin (93)","datePublished":"2022-02-03T10:34:48+00:00","dateModified":"2024-09-24T09:24:40+00:00","mainEntityOfPage":{"@id":"https:\/\/www.grandsformats.com\/2022\/02\/pensees-rotatives-concert-de-sortie-dalbum-le-2-mars-a-pantin-93\/"},"wordCount":213,"commentCount":0,"publisher":{"@id":"https:\/\/www.grandsformats.com\/#organization"},"image":{"@id":"https:\/\/www.grandsformats.com\/2022\/02\/pensees-rotatives-concert-de-sortie-dalbum-le-2-mars-a-pantin-93\/#primaryimage"},"thumbnailUrl":"https:\/\/www.grandsformats.com\/wp-content\/uploads\/2021\/09\/Pensees-Rotatives-Album\u00a9AtelierHurf.jpg","articleSection":["Actus des membres","Discobole Cie &amp; Label"],"inLanguage":"en-US","potentialAction":[{"@type":"CommentAction","name":"Comment","target":["https:\/\/www.grandsformats.com\/2022\/02\/pensees-rotatives-concert-de-sortie-dalbum-le-2-mars-a-pantin-93\/#respond"]}]},{"@type":"WebPage","@id":"https:\/\/www.grandsformats.com\/2022\/02\/pensees-rotatives-concert-de-sortie-dalbum-le-2-mars-a-pantin-93\/","url":"https:\/\/www.grandsformats.com\/2022\/02\/pensees-rotatives-concert-de-sortie-dalbum-le-2-mars-a-pantin-93\/","name":"Pens\u00e9es Rotatives : concert de sortie d'album le 2 mars \u00e0 Pantin (93) - Site officiel de la f\u00e9d\u00e9ration Grands Formats","isPartOf":{"@id":"https:\/\/www.grandsformats.com\/#website"},"primaryImageOfPage":{"@id":"https:\/\/www.grandsformats.com\/2022\/02\/pensees-rotatives-concert-de-sortie-dalbum-le-2-mars-a-pantin-93\/#primaryimage"},"image":{"@id":"https:\/\/www.grandsformats.com\/2022\/02\/pensees-rotatives-concert-de-sortie-dalbum-le-2-mars-a-pantin-93\/#primaryimage"},"thumbnailUrl":"https:\/\/www.grandsformats.com\/wp-content\/uploads\/2021\/09\/Pensees-Rotatives-Album\u00a9AtelierHurf.jpg","datePublished":"2022-02-03T10:34:48+00:00","dateModified":"2024-09-24T09:24:40+00:00","breadcrumb":{"@id":"https:\/\/www.grandsformats.com\/2022\/02\/pensees-rotatives-concert-de-sortie-dalbum-le-2-mars-a-pantin-93\/#breadcrumb"},"inLanguage":"en-US","potentialAction":[{"@type":"ReadAction","target":["https:\/\/www.grandsformats.com\/2022\/02\/pensees-rotatives-concert-de-sortie-dalbum-le-2-mars-a-pantin-93\/"]}]},{"@type":"ImageObject","inLanguage":"en-US","@id":"https:\/\/www.grandsformats.com\/2022\/02\/pensees-rotatives-concert-de-sortie-dalbum-le-2-mars-a-pantin-93\/#primaryimage","url":"https:\/\/www.grandsformats.com\/wp-content\/uploads\/2021\/09\/Pensees-Rotatives-Album\u00a9AtelierHurf.jpg","contentUrl":"https:\/\/www.grandsformats.com\/wp-content\/uploads\/2021\/09\/Pensees-Rotatives-Album\u00a9AtelierHurf.jpg","width":1920,"height":1080,"caption":"\u00a9 Atelier Hurf"},{"@type":"BreadcrumbList","@id":"https:\/\/www.grandsformats.com\/2022\/02\/pensees-rotatives-concert-de-sortie-dalbum-le-2-mars-a-pantin-93\/#breadcrumb","itemListElement":[{"@type":"ListItem","position":1,"name":"Accueil","item":"https:\/\/www.grandsformats.com\/en\/"},{"@type":"ListItem","position":2,"name":"Pens\u00e9es Rotatives : concert de sortie d&rsquo;album le 2 mars \u00e0 Pantin (93)"}]},{"@type":"WebSite","@id":"https:\/\/www.grandsformats.com\/#website","url":"https:\/\/www.grandsformats.com\/","name":"Site officiel de la f\u00e9d\u00e9ration Grands Formats","description":"F\u00e9d\u00e9ration d&#039;artistes pour la musique en grand !","publisher":{"@id":"https:\/\/www.grandsformats.com\/#organization"},"potentialAction":[{"@type":"SearchAction","target":{"@type":"EntryPoint","urlTemplate":"https:\/\/www.grandsformats.com\/?s={search_term_string}"},"query-input":{"@type":"PropertyValueSpecification","valueRequired":true,"valueName":"search_term_string"}}],"inLanguage":"en-US"},{"@type":"Organization","@id":"https:\/\/www.grandsformats.com\/#organization","name":"Grands Formats","url":"https:\/\/www.grandsformats.com\/","logo":{"@type":"ImageObject","inLanguage":"en-US","@id":"https:\/\/www.grandsformats.com\/#\/schema\/logo\/image\/","url":"https:\/\/www.grandsformats.com\/wp-content\/uploads\/2020\/03\/logo-GF-200.png","contentUrl":"https:\/\/www.grandsformats.com\/wp-content\/uploads\/2020\/03\/logo-GF-200.png","width":155,"height":200,"caption":"Grands Formats"},"image":{"@id":"https:\/\/www.grandsformats.com\/#\/schema\/logo\/image\/"},"sameAs":["https:\/\/www.facebook.com\/grandsformats\/","https:\/\/x.com\/GrandsFormatsGF","https:\/\/www.instagram.com\/grandsformats\/","https:\/\/www.youtube.com\/channel\/UCJ7k9dbqc_DG-nxI3WMPvhw?view_as=subscriberhttps:\/\/www.youtube.com\/channel\/UCJ7k9dbqc_DG-nxI3WMPvhw?view_as=subscriber"]},{"@type":"Person","@id":"https:\/\/www.grandsformats.com\/#\/schema\/person\/6ecde7e38a2254b5bc9d620679208ee1","name":"Grands Formats","image":{"@type":"ImageObject","inLanguage":"en-US","@id":"https:\/\/www.grandsformats.com\/#\/schema\/person\/image\/","url":"https:\/\/secure.gravatar.com\/avatar\/5d06febf5ba4681bd17a251487132861b5339c2d72f789e59decf1c1b05d0078?s=96&d=mm&r=g","contentUrl":"https:\/\/secure.gravatar.com\/avatar\/5d06febf5ba4681bd17a251487132861b5339c2d72f789e59decf1c1b05d0078?s=96&d=mm&r=g","caption":"Grands Formats"},"url":"https:\/\/www.grandsformats.com\/en\/author\/margaux\/"}]}},"_links":{"self":[{"href":"https:\/\/www.grandsformats.com\/en\/wp-json\/wp\/v2\/posts\/16455","targetHints":{"allow":["GET"]}}],"collection":[{"href":"https:\/\/www.grandsformats.com\/en\/wp-json\/wp\/v2\/posts"}],"about":[{"href":"https:\/\/www.grandsformats.com\/en\/wp-json\/wp\/v2\/types\/post"}],"author":[{"embeddable":true,"href":"https:\/\/www.grandsformats.com\/en\/wp-json\/wp\/v2\/users\/2"}],"replies":[{"embeddable":true,"href":"https:\/\/www.grandsformats.com\/en\/wp-json\/wp\/v2\/comments?post=16455"}],"version-history":[{"count":1,"href":"https:\/\/www.grandsformats.com\/en\/wp-json\/wp\/v2\/posts\/16455\/revisions"}],"predecessor-version":[{"id":30824,"href":"https:\/\/www.grandsformats.com\/en\/wp-json\/wp\/v2\/posts\/16455\/revisions\/30824"}],"wp:featuredmedia":[{"embeddable":true,"href":"https:\/\/www.grandsformats.com\/en\/wp-json\/wp\/v2\/media\/15889"}],"wp:attachment":[{"href":"https:\/\/www.grandsformats.com\/en\/wp-json\/wp\/v2\/media?parent=16455"}],"wp:term":[{"taxonomy":"category","embeddable":true,"href":"https:\/\/www.grandsformats.com\/en\/wp-json\/wp\/v2\/categories?post=16455"},{"taxonomy":"post_tag","embeddable":true,"href":"https:\/\/www.grandsformats.com\/en\/wp-json\/wp\/v2\/tags?post=16455"}],"curies":[{"name":"wp","href":"https:\/\/api.w.org\/{rel}","templated":true}]}}