{"id":16450,"date":"2022-02-02T17:37:59","date_gmt":"2022-02-02T16:37:59","guid":{"rendered":"https:\/\/www.grandsformats.com\/?p=16450"},"modified":"2022-02-02T17:37:59","modified_gmt":"2022-02-02T16:37:59","slug":"premiere-de-there-must-be-a-passage-de-moger-orchestra-le-22-fevrier-a-quimper","status":"publish","type":"post","link":"https:\/\/www.grandsformats.com\/en\/2022\/02\/premiere-de-there-must-be-a-passage-de-moger-orchestra-le-22-fevrier-a-quimper\/","title":{"rendered":"Premi\u00e8re de &#8220;There must be a passage&#8221; de Moger Orchestra le 22 f\u00e9vrier \u00e0 Quimper"},"content":{"rendered":"<p>Le 22 f\u00e9vrier, <a href=\"https:\/\/www.grandsformats.com\/artist\/moger-orchestra\/\">Moger Orchestra<\/a> pr\u00e9sentera son nouveau r\u00e9pertoire, <em>There must be a passage\u00a0<\/em>au Th\u00e9\u00e2tre de Cornouaille, sc\u00e8ne nationale de Quimper (29).<\/p>\n<p>Moger orchestra offre un son dense et puissant entre courants jazz, folk, pop-rock, musique improvis\u00e9e, et spoken word. Les \u00e9critures orchestrales sont confi\u00e9es au diff\u00e9rentes et diff\u00e9rents interpr\u00e8tes, sur la base de compositions collectives. Sur sc\u00e8ne, le chanteur et bassiste Dylan James porte une po\u00e9sie anglophone travers\u00e9e par les th\u00e8mes de la sorcellerie et du d\u00e9r\u00e8glement climatique. Tant\u00f4t une m\u00e9lodie folk \u00e9pur\u00e9e et enracin\u00e9e vient chambouler une \u00e9criture orchestrale complexe, grave et pr\u00e9cise, tant\u00f4t le spoken word mart\u00e8le sa vision.<\/p>\n<p>Ce voyage int\u00e9rieur prend racine dans une transe au timbre grave r\u00e9v\u00e9l\u00e9e par l\u2019orchestration rock et l\u2019\u00e9nergie d\u00e9bordante des huit musiciens et musiciennes. Gr\u00e2ce \u00e0 l&#8217;instrumentation atypique de cet ensemble, cela fourmille d\u2019ambiances, de rythmes et de couleurs, o\u00f9 chaque artiste se met au service du collectif.<\/p>\n<p><em>There must be a a passage<\/em> est le deuxi\u00e8me corpus de texte que Moger Orchestra met en musique.<\/p>\n<p><iframe loading=\"lazy\" title=\"MOGER ORCHESTRA - Extraits - There must be a passage\" width=\"1140\" height=\"641\" src=\"https:\/\/www.youtube.com\/embed\/NfgsFjMqO_k?feature=oembed\" frameborder=\"0\" allow=\"accelerometer; autoplay; clipboard-write; encrypted-media; gyroscope; picture-in-picture\" allowfullscreen><\/iframe><\/p>\n<p><span class=\"caption\" style=\"font-size: 10pt;\">\u00a9 Eric Legret<\/span><\/p>\n","protected":false},"excerpt":{"rendered":"<p>Le 22 f\u00e9vrier, Moger Orchestra pr\u00e9sentera son nouveau r\u00e9pertoire, There must be a passage\u00a0au Th\u00e9\u00e2tre de Cornouaille, sc\u00e8ne nationale de Quimper (29). Moger orchestra offre un son dense et puissant entre courants jazz, folk, pop-rock, musique improvis\u00e9e, et spoken word. Les \u00e9critures orchestrales sont confi\u00e9es au diff\u00e9rentes et diff\u00e9rents interpr\u00e8tes, sur la base de compositions&#8230;<\/p>\n<p><a rel=\"bookmark\" class=\"theme-button-text wvc-button wvc-button-size-xs\" href=\"https:\/\/www.grandsformats.com\/en\/2022\/02\/premiere-de-there-must-be-a-passage-de-moger-orchestra-le-22-fevrier-a-quimper\/\"><small class=\"wvc-button-background-fill\"><\/small><span>Continue reading<\/span><\/a><\/p>\n","protected":false},"author":2,"featured_media":15543,"comment_status":"open","ping_status":"open","sticky":false,"template":"","format":"standard","meta":{"_acf_changed":false,"footnotes":""},"categories":[95,725],"tags":[],"class_list":["post-16450","post","type-post","status-publish","format-standard","has-post-thumbnail","hentry","category-membres","category-moger-orchestra","entry-post-skin-light","entry","clearfix","entry-grid","entry-columns-default","entry-post-module-layout-sidebar-right","thumbnail-color-tone-dark","metro-landscape","is-youtube","entry-post","entry-masonry","entry-post-masonry"],"acf":[],"yoast_head":"<!-- This site is optimized with the Yoast SEO plugin v25.8 - https:\/\/yoast.com\/wordpress\/plugins\/seo\/ -->\n<title>Premi\u00e8re de &quot;There must be a passage&quot; de Moger Orchestra le 22 f\u00e9vrier \u00e0 Quimper - Site officiel de la f\u00e9d\u00e9ration Grands Formats<\/title>\n<meta name=\"robots\" content=\"index, follow, max-snippet:-1, max-image-preview:large, max-video-preview:-1\" \/>\n<link rel=\"canonical\" href=\"https:\/\/www.grandsformats.com\/2022\/02\/premiere-de-there-must-be-a-passage-de-moger-orchestra-le-22-fevrier-a-quimper\/\" \/>\n<meta property=\"og:locale\" content=\"en_US\" \/>\n<meta property=\"og:type\" content=\"article\" \/>\n<meta property=\"og:title\" content=\"Premi\u00e8re de &quot;There must be a passage&quot; de Moger Orchestra le 22 f\u00e9vrier \u00e0 Quimper - Site officiel de la f\u00e9d\u00e9ration Grands Formats\" \/>\n<meta property=\"og:description\" content=\"Le 22 f\u00e9vrier, Moger Orchestra pr\u00e9sentera son nouveau r\u00e9pertoire, There must be a passage\u00a0au Th\u00e9\u00e2tre de Cornouaille, sc\u00e8ne nationale de Quimper (29). Moger orchestra offre un son dense et puissant entre courants jazz, folk, pop-rock, musique improvis\u00e9e, et spoken word. Les \u00e9critures orchestrales sont confi\u00e9es au diff\u00e9rentes et diff\u00e9rents interpr\u00e8tes, sur la base de compositions...Continue reading\" \/>\n<meta property=\"og:url\" content=\"https:\/\/www.grandsformats.com\/2022\/02\/premiere-de-there-must-be-a-passage-de-moger-orchestra-le-22-fevrier-a-quimper\/\" \/>\n<meta property=\"og:site_name\" content=\"Site officiel de la f\u00e9d\u00e9ration Grands Formats\" \/>\n<meta property=\"article:publisher\" content=\"https:\/\/www.facebook.com\/grandsformats\/\" \/>\n<meta property=\"article:published_time\" content=\"2022-02-02T16:37:59+00:00\" \/>\n<meta property=\"og:image\" content=\"https:\/\/www.grandsformats.com\/wp-content\/uploads\/2020\/03\/Moger-Orchestra-2021-\u00a9-Eric-Legret.jpg\" \/>\n\t<meta property=\"og:image:width\" content=\"1920\" \/>\n\t<meta property=\"og:image:height\" content=\"1080\" \/>\n\t<meta property=\"og:image:type\" content=\"image\/jpeg\" \/>\n<meta name=\"author\" content=\"Grands Formats\" \/>\n<meta name=\"twitter:card\" content=\"summary_large_image\" \/>\n<meta name=\"twitter:creator\" content=\"@GrandsFormatsGF\" \/>\n<meta name=\"twitter:site\" content=\"@GrandsFormatsGF\" \/>\n<meta name=\"twitter:label1\" content=\"Written by\" \/>\n\t<meta name=\"twitter:data1\" content=\"Grands Formats\" \/>\n\t<meta name=\"twitter:label2\" content=\"Est. reading time\" \/>\n\t<meta name=\"twitter:data2\" content=\"1 minute\" \/>\n<script type=\"application\/ld+json\" class=\"yoast-schema-graph\">{\"@context\":\"https:\/\/schema.org\",\"@graph\":[{\"@type\":\"Article\",\"@id\":\"https:\/\/www.grandsformats.com\/2022\/02\/premiere-de-there-must-be-a-passage-de-moger-orchestra-le-22-fevrier-a-quimper\/#article\",\"isPartOf\":{\"@id\":\"https:\/\/www.grandsformats.com\/2022\/02\/premiere-de-there-must-be-a-passage-de-moger-orchestra-le-22-fevrier-a-quimper\/\"},\"author\":{\"name\":\"Grands Formats\",\"@id\":\"https:\/\/www.grandsformats.com\/#\/schema\/person\/6ecde7e38a2254b5bc9d620679208ee1\"},\"headline\":\"Premi\u00e8re de &#8220;There must be a passage&#8221; de Moger Orchestra le 22 f\u00e9vrier \u00e0 Quimper\",\"datePublished\":\"2022-02-02T16:37:59+00:00\",\"mainEntityOfPage\":{\"@id\":\"https:\/\/www.grandsformats.com\/2022\/02\/premiere-de-there-must-be-a-passage-de-moger-orchestra-le-22-fevrier-a-quimper\/\"},\"wordCount\":224,\"commentCount\":0,\"publisher\":{\"@id\":\"https:\/\/www.grandsformats.com\/#organization\"},\"image\":{\"@id\":\"https:\/\/www.grandsformats.com\/2022\/02\/premiere-de-there-must-be-a-passage-de-moger-orchestra-le-22-fevrier-a-quimper\/#primaryimage\"},\"thumbnailUrl\":\"https:\/\/www.grandsformats.com\/wp-content\/uploads\/2020\/03\/Moger-Orchestra-2021-\u00a9-Eric-Legret.jpg\",\"articleSection\":[\"Actus des membres\",\"Moger Orchestra\"],\"inLanguage\":\"en-US\",\"potentialAction\":[{\"@type\":\"CommentAction\",\"name\":\"Comment\",\"target\":[\"https:\/\/www.grandsformats.com\/2022\/02\/premiere-de-there-must-be-a-passage-de-moger-orchestra-le-22-fevrier-a-quimper\/#respond\"]}]},{\"@type\":\"WebPage\",\"@id\":\"https:\/\/www.grandsformats.com\/2022\/02\/premiere-de-there-must-be-a-passage-de-moger-orchestra-le-22-fevrier-a-quimper\/\",\"url\":\"https:\/\/www.grandsformats.com\/2022\/02\/premiere-de-there-must-be-a-passage-de-moger-orchestra-le-22-fevrier-a-quimper\/\",\"name\":\"Premi\u00e8re de \\\"There must be a passage\\\" de Moger Orchestra le 22 f\u00e9vrier \u00e0 Quimper - Site officiel de la f\u00e9d\u00e9ration Grands Formats\",\"isPartOf\":{\"@id\":\"https:\/\/www.grandsformats.com\/#website\"},\"primaryImageOfPage\":{\"@id\":\"https:\/\/www.grandsformats.com\/2022\/02\/premiere-de-there-must-be-a-passage-de-moger-orchestra-le-22-fevrier-a-quimper\/#primaryimage\"},\"image\":{\"@id\":\"https:\/\/www.grandsformats.com\/2022\/02\/premiere-de-there-must-be-a-passage-de-moger-orchestra-le-22-fevrier-a-quimper\/#primaryimage\"},\"thumbnailUrl\":\"https:\/\/www.grandsformats.com\/wp-content\/uploads\/2020\/03\/Moger-Orchestra-2021-\u00a9-Eric-Legret.jpg\",\"datePublished\":\"2022-02-02T16:37:59+00:00\",\"breadcrumb\":{\"@id\":\"https:\/\/www.grandsformats.com\/2022\/02\/premiere-de-there-must-be-a-passage-de-moger-orchestra-le-22-fevrier-a-quimper\/#breadcrumb\"},\"inLanguage\":\"en-US\",\"potentialAction\":[{\"@type\":\"ReadAction\",\"target\":[\"https:\/\/www.grandsformats.com\/2022\/02\/premiere-de-there-must-be-a-passage-de-moger-orchestra-le-22-fevrier-a-quimper\/\"]}]},{\"@type\":\"ImageObject\",\"inLanguage\":\"en-US\",\"@id\":\"https:\/\/www.grandsformats.com\/2022\/02\/premiere-de-there-must-be-a-passage-de-moger-orchestra-le-22-fevrier-a-quimper\/#primaryimage\",\"url\":\"https:\/\/www.grandsformats.com\/wp-content\/uploads\/2020\/03\/Moger-Orchestra-2021-\u00a9-Eric-Legret.jpg\",\"contentUrl\":\"https:\/\/www.grandsformats.com\/wp-content\/uploads\/2020\/03\/Moger-Orchestra-2021-\u00a9-Eric-Legret.jpg\",\"width\":1920,\"height\":1080,\"caption\":\"\u00a9 Eric Legret\"},{\"@type\":\"BreadcrumbList\",\"@id\":\"https:\/\/www.grandsformats.com\/2022\/02\/premiere-de-there-must-be-a-passage-de-moger-orchestra-le-22-fevrier-a-quimper\/#breadcrumb\",\"itemListElement\":[{\"@type\":\"ListItem\",\"position\":1,\"name\":\"Accueil\",\"item\":\"https:\/\/www.grandsformats.com\/en\/\"},{\"@type\":\"ListItem\",\"position\":2,\"name\":\"Premi\u00e8re de \u00ab\u00a0There must be a passage\u00a0\u00bb de Moger Orchestra le 22 f\u00e9vrier \u00e0 Quimper\"}]},{\"@type\":\"WebSite\",\"@id\":\"https:\/\/www.grandsformats.com\/#website\",\"url\":\"https:\/\/www.grandsformats.com\/\",\"name\":\"Site officiel de la f\u00e9d\u00e9ration Grands Formats\",\"description\":\"F\u00e9d\u00e9ration d&#039;artistes pour la musique en grand !\",\"publisher\":{\"@id\":\"https:\/\/www.grandsformats.com\/#organization\"},\"potentialAction\":[{\"@type\":\"SearchAction\",\"target\":{\"@type\":\"EntryPoint\",\"urlTemplate\":\"https:\/\/www.grandsformats.com\/?s={search_term_string}\"},\"query-input\":{\"@type\":\"PropertyValueSpecification\",\"valueRequired\":true,\"valueName\":\"search_term_string\"}}],\"inLanguage\":\"en-US\"},{\"@type\":\"Organization\",\"@id\":\"https:\/\/www.grandsformats.com\/#organization\",\"name\":\"Grands Formats\",\"url\":\"https:\/\/www.grandsformats.com\/\",\"logo\":{\"@type\":\"ImageObject\",\"inLanguage\":\"en-US\",\"@id\":\"https:\/\/www.grandsformats.com\/#\/schema\/logo\/image\/\",\"url\":\"https:\/\/www.grandsformats.com\/wp-content\/uploads\/2020\/03\/logo-GF-200.png\",\"contentUrl\":\"https:\/\/www.grandsformats.com\/wp-content\/uploads\/2020\/03\/logo-GF-200.png\",\"width\":155,\"height\":200,\"caption\":\"Grands Formats\"},\"image\":{\"@id\":\"https:\/\/www.grandsformats.com\/#\/schema\/logo\/image\/\"},\"sameAs\":[\"https:\/\/www.facebook.com\/grandsformats\/\",\"https:\/\/x.com\/GrandsFormatsGF\",\"https:\/\/www.instagram.com\/grandsformats\/\",\"https:\/\/www.youtube.com\/channel\/UCJ7k9dbqc_DG-nxI3WMPvhw?view_as=subscriberhttps:\/\/www.youtube.com\/channel\/UCJ7k9dbqc_DG-nxI3WMPvhw?view_as=subscriber\"]},{\"@type\":\"Person\",\"@id\":\"https:\/\/www.grandsformats.com\/#\/schema\/person\/6ecde7e38a2254b5bc9d620679208ee1\",\"name\":\"Grands Formats\",\"image\":{\"@type\":\"ImageObject\",\"inLanguage\":\"en-US\",\"@id\":\"https:\/\/www.grandsformats.com\/#\/schema\/person\/image\/\",\"url\":\"https:\/\/secure.gravatar.com\/avatar\/5d06febf5ba4681bd17a251487132861b5339c2d72f789e59decf1c1b05d0078?s=96&d=mm&r=g\",\"contentUrl\":\"https:\/\/secure.gravatar.com\/avatar\/5d06febf5ba4681bd17a251487132861b5339c2d72f789e59decf1c1b05d0078?s=96&d=mm&r=g\",\"caption\":\"Grands Formats\"},\"url\":\"https:\/\/www.grandsformats.com\/en\/author\/margaux\/\"}]}<\/script>\n<!-- \/ Yoast SEO plugin. -->","yoast_head_json":{"title":"Premi\u00e8re de \"There must be a passage\" de Moger Orchestra le 22 f\u00e9vrier \u00e0 Quimper - Site officiel de la f\u00e9d\u00e9ration Grands Formats","robots":{"index":"index","follow":"follow","max-snippet":"max-snippet:-1","max-image-preview":"max-image-preview:large","max-video-preview":"max-video-preview:-1"},"canonical":"https:\/\/www.grandsformats.com\/2022\/02\/premiere-de-there-must-be-a-passage-de-moger-orchestra-le-22-fevrier-a-quimper\/","og_locale":"en_US","og_type":"article","og_title":"Premi\u00e8re de \"There must be a passage\" de Moger Orchestra le 22 f\u00e9vrier \u00e0 Quimper - Site officiel de la f\u00e9d\u00e9ration Grands Formats","og_description":"Le 22 f\u00e9vrier, Moger Orchestra pr\u00e9sentera son nouveau r\u00e9pertoire, There must be a passage\u00a0au Th\u00e9\u00e2tre de Cornouaille, sc\u00e8ne nationale de Quimper (29). Moger orchestra offre un son dense et puissant entre courants jazz, folk, pop-rock, musique improvis\u00e9e, et spoken word. Les \u00e9critures orchestrales sont confi\u00e9es au diff\u00e9rentes et diff\u00e9rents interpr\u00e8tes, sur la base de compositions...Continue reading","og_url":"https:\/\/www.grandsformats.com\/2022\/02\/premiere-de-there-must-be-a-passage-de-moger-orchestra-le-22-fevrier-a-quimper\/","og_site_name":"Site officiel de la f\u00e9d\u00e9ration Grands Formats","article_publisher":"https:\/\/www.facebook.com\/grandsformats\/","article_published_time":"2022-02-02T16:37:59+00:00","og_image":[{"width":1920,"height":1080,"url":"https:\/\/www.grandsformats.com\/wp-content\/uploads\/2020\/03\/Moger-Orchestra-2021-\u00a9-Eric-Legret.jpg","type":"image\/jpeg"}],"author":"Grands Formats","twitter_card":"summary_large_image","twitter_creator":"@GrandsFormatsGF","twitter_site":"@GrandsFormatsGF","twitter_misc":{"Written by":"Grands Formats","Est. reading time":"1 minute"},"schema":{"@context":"https:\/\/schema.org","@graph":[{"@type":"Article","@id":"https:\/\/www.grandsformats.com\/2022\/02\/premiere-de-there-must-be-a-passage-de-moger-orchestra-le-22-fevrier-a-quimper\/#article","isPartOf":{"@id":"https:\/\/www.grandsformats.com\/2022\/02\/premiere-de-there-must-be-a-passage-de-moger-orchestra-le-22-fevrier-a-quimper\/"},"author":{"name":"Grands Formats","@id":"https:\/\/www.grandsformats.com\/#\/schema\/person\/6ecde7e38a2254b5bc9d620679208ee1"},"headline":"Premi\u00e8re de &#8220;There must be a passage&#8221; de Moger Orchestra le 22 f\u00e9vrier \u00e0 Quimper","datePublished":"2022-02-02T16:37:59+00:00","mainEntityOfPage":{"@id":"https:\/\/www.grandsformats.com\/2022\/02\/premiere-de-there-must-be-a-passage-de-moger-orchestra-le-22-fevrier-a-quimper\/"},"wordCount":224,"commentCount":0,"publisher":{"@id":"https:\/\/www.grandsformats.com\/#organization"},"image":{"@id":"https:\/\/www.grandsformats.com\/2022\/02\/premiere-de-there-must-be-a-passage-de-moger-orchestra-le-22-fevrier-a-quimper\/#primaryimage"},"thumbnailUrl":"https:\/\/www.grandsformats.com\/wp-content\/uploads\/2020\/03\/Moger-Orchestra-2021-\u00a9-Eric-Legret.jpg","articleSection":["Actus des membres","Moger Orchestra"],"inLanguage":"en-US","potentialAction":[{"@type":"CommentAction","name":"Comment","target":["https:\/\/www.grandsformats.com\/2022\/02\/premiere-de-there-must-be-a-passage-de-moger-orchestra-le-22-fevrier-a-quimper\/#respond"]}]},{"@type":"WebPage","@id":"https:\/\/www.grandsformats.com\/2022\/02\/premiere-de-there-must-be-a-passage-de-moger-orchestra-le-22-fevrier-a-quimper\/","url":"https:\/\/www.grandsformats.com\/2022\/02\/premiere-de-there-must-be-a-passage-de-moger-orchestra-le-22-fevrier-a-quimper\/","name":"Premi\u00e8re de \"There must be a passage\" de Moger Orchestra le 22 f\u00e9vrier \u00e0 Quimper - Site officiel de la f\u00e9d\u00e9ration Grands Formats","isPartOf":{"@id":"https:\/\/www.grandsformats.com\/#website"},"primaryImageOfPage":{"@id":"https:\/\/www.grandsformats.com\/2022\/02\/premiere-de-there-must-be-a-passage-de-moger-orchestra-le-22-fevrier-a-quimper\/#primaryimage"},"image":{"@id":"https:\/\/www.grandsformats.com\/2022\/02\/premiere-de-there-must-be-a-passage-de-moger-orchestra-le-22-fevrier-a-quimper\/#primaryimage"},"thumbnailUrl":"https:\/\/www.grandsformats.com\/wp-content\/uploads\/2020\/03\/Moger-Orchestra-2021-\u00a9-Eric-Legret.jpg","datePublished":"2022-02-02T16:37:59+00:00","breadcrumb":{"@id":"https:\/\/www.grandsformats.com\/2022\/02\/premiere-de-there-must-be-a-passage-de-moger-orchestra-le-22-fevrier-a-quimper\/#breadcrumb"},"inLanguage":"en-US","potentialAction":[{"@type":"ReadAction","target":["https:\/\/www.grandsformats.com\/2022\/02\/premiere-de-there-must-be-a-passage-de-moger-orchestra-le-22-fevrier-a-quimper\/"]}]},{"@type":"ImageObject","inLanguage":"en-US","@id":"https:\/\/www.grandsformats.com\/2022\/02\/premiere-de-there-must-be-a-passage-de-moger-orchestra-le-22-fevrier-a-quimper\/#primaryimage","url":"https:\/\/www.grandsformats.com\/wp-content\/uploads\/2020\/03\/Moger-Orchestra-2021-\u00a9-Eric-Legret.jpg","contentUrl":"https:\/\/www.grandsformats.com\/wp-content\/uploads\/2020\/03\/Moger-Orchestra-2021-\u00a9-Eric-Legret.jpg","width":1920,"height":1080,"caption":"\u00a9 Eric Legret"},{"@type":"BreadcrumbList","@id":"https:\/\/www.grandsformats.com\/2022\/02\/premiere-de-there-must-be-a-passage-de-moger-orchestra-le-22-fevrier-a-quimper\/#breadcrumb","itemListElement":[{"@type":"ListItem","position":1,"name":"Accueil","item":"https:\/\/www.grandsformats.com\/en\/"},{"@type":"ListItem","position":2,"name":"Premi\u00e8re de \u00ab\u00a0There must be a passage\u00a0\u00bb de Moger Orchestra le 22 f\u00e9vrier \u00e0 Quimper"}]},{"@type":"WebSite","@id":"https:\/\/www.grandsformats.com\/#website","url":"https:\/\/www.grandsformats.com\/","name":"Site officiel de la f\u00e9d\u00e9ration Grands Formats","description":"F\u00e9d\u00e9ration d&#039;artistes pour la musique en grand !","publisher":{"@id":"https:\/\/www.grandsformats.com\/#organization"},"potentialAction":[{"@type":"SearchAction","target":{"@type":"EntryPoint","urlTemplate":"https:\/\/www.grandsformats.com\/?s={search_term_string}"},"query-input":{"@type":"PropertyValueSpecification","valueRequired":true,"valueName":"search_term_string"}}],"inLanguage":"en-US"},{"@type":"Organization","@id":"https:\/\/www.grandsformats.com\/#organization","name":"Grands Formats","url":"https:\/\/www.grandsformats.com\/","logo":{"@type":"ImageObject","inLanguage":"en-US","@id":"https:\/\/www.grandsformats.com\/#\/schema\/logo\/image\/","url":"https:\/\/www.grandsformats.com\/wp-content\/uploads\/2020\/03\/logo-GF-200.png","contentUrl":"https:\/\/www.grandsformats.com\/wp-content\/uploads\/2020\/03\/logo-GF-200.png","width":155,"height":200,"caption":"Grands Formats"},"image":{"@id":"https:\/\/www.grandsformats.com\/#\/schema\/logo\/image\/"},"sameAs":["https:\/\/www.facebook.com\/grandsformats\/","https:\/\/x.com\/GrandsFormatsGF","https:\/\/www.instagram.com\/grandsformats\/","https:\/\/www.youtube.com\/channel\/UCJ7k9dbqc_DG-nxI3WMPvhw?view_as=subscriberhttps:\/\/www.youtube.com\/channel\/UCJ7k9dbqc_DG-nxI3WMPvhw?view_as=subscriber"]},{"@type":"Person","@id":"https:\/\/www.grandsformats.com\/#\/schema\/person\/6ecde7e38a2254b5bc9d620679208ee1","name":"Grands Formats","image":{"@type":"ImageObject","inLanguage":"en-US","@id":"https:\/\/www.grandsformats.com\/#\/schema\/person\/image\/","url":"https:\/\/secure.gravatar.com\/avatar\/5d06febf5ba4681bd17a251487132861b5339c2d72f789e59decf1c1b05d0078?s=96&d=mm&r=g","contentUrl":"https:\/\/secure.gravatar.com\/avatar\/5d06febf5ba4681bd17a251487132861b5339c2d72f789e59decf1c1b05d0078?s=96&d=mm&r=g","caption":"Grands Formats"},"url":"https:\/\/www.grandsformats.com\/en\/author\/margaux\/"}]}},"_links":{"self":[{"href":"https:\/\/www.grandsformats.com\/en\/wp-json\/wp\/v2\/posts\/16450","targetHints":{"allow":["GET"]}}],"collection":[{"href":"https:\/\/www.grandsformats.com\/en\/wp-json\/wp\/v2\/posts"}],"about":[{"href":"https:\/\/www.grandsformats.com\/en\/wp-json\/wp\/v2\/types\/post"}],"author":[{"embeddable":true,"href":"https:\/\/www.grandsformats.com\/en\/wp-json\/wp\/v2\/users\/2"}],"replies":[{"embeddable":true,"href":"https:\/\/www.grandsformats.com\/en\/wp-json\/wp\/v2\/comments?post=16450"}],"version-history":[{"count":0,"href":"https:\/\/www.grandsformats.com\/en\/wp-json\/wp\/v2\/posts\/16450\/revisions"}],"wp:featuredmedia":[{"embeddable":true,"href":"https:\/\/www.grandsformats.com\/en\/wp-json\/wp\/v2\/media\/15543"}],"wp:attachment":[{"href":"https:\/\/www.grandsformats.com\/en\/wp-json\/wp\/v2\/media?parent=16450"}],"wp:term":[{"taxonomy":"category","embeddable":true,"href":"https:\/\/www.grandsformats.com\/en\/wp-json\/wp\/v2\/categories?post=16450"},{"taxonomy":"post_tag","embeddable":true,"href":"https:\/\/www.grandsformats.com\/en\/wp-json\/wp\/v2\/tags?post=16450"}],"curies":[{"name":"wp","href":"https:\/\/api.w.org\/{rel}","templated":true}]}}