{"id":15997,"date":"2021-10-03T11:28:26","date_gmt":"2021-10-03T09:28:26","guid":{"rendered":"https:\/\/www.grandsformats.com\/?p=15997"},"modified":"2021-10-06T11:56:41","modified_gmt":"2021-10-06T09:56:41","slug":"wanderlust-orchestra-en-studio-pour-son-prochain-album","status":"publish","type":"post","link":"https:\/\/www.grandsformats.com\/en\/2021\/10\/wanderlust-orchestra-en-studio-pour-son-prochain-album\/","title":{"rendered":"Wanderlust Orchestra en studio pour son prochain album"},"content":{"rendered":"<h4><em>Ville Totale<\/em> entre en studio !<\/h4>\n<p>Apr\u00e8s une r\u00e9sidence \u00e0 l&#8217;abbaye de Noirlac, le <a href=\"https:\/\/www.grandsformats.com\/artist\/wanderlust-orchestra\/\">Wanderlust Orchestra<\/a> prendra la direction de l&#8217;Allemagne pour enregistrer son 2nd album, <em>Ville Totale<\/em>, au l\u00e9gendaire studio Bauer non loin de Stuttgart. Vous pourrez d\u00e9couvrir le programme en concert en 3D sonore lors de la prochaine <a href=\"https:\/\/www.grandsformats.com\/rentree-grands-formats-2021\/\">Rentr\u00e9e Grands Formats<\/a>, le 24 novembre \u00e0 Clermont-Ferrand. En attendant, vous pouvez d\u00e9couvrir un premier extrait du r\u00e9pertoire \u00e0 travers cette vid\u00e9o, film\u00e9e \u00e0 l&#8217;occasion d&#8217;un concert <em>livestream<\/em> en mai dernier, \u00e0 la Sc\u00e8ne Nationale de Saint-Quentin-en-Yvelines.<\/p>\n<p><iframe loading=\"lazy\" title=\"Parkour (live) - Wanderlust orchestra &quot;VILLE TOTALE&quot;\" width=\"1140\" height=\"641\" src=\"https:\/\/www.youtube.com\/embed\/r_BGeQGrCE0?feature=oembed\" frameborder=\"0\" allow=\"accelerometer; autoplay; clipboard-write; encrypted-media; gyroscope; picture-in-picture\" allowfullscreen><\/iframe><\/p>\n<p><span class=\"caption\">Wanderlust Orchestra \u00a9 Sylvain Golvet<\/span><\/p>\n","protected":false},"excerpt":{"rendered":"<p>Ville Totale entre en studio ! Apr\u00e8s une r\u00e9sidence \u00e0 l&#8217;abbaye de Noirlac, le Wanderlust Orchestra prendra la direction de l&#8217;Allemagne pour enregistrer son 2nd album, Ville Totale, au l\u00e9gendaire studio Bauer non loin de Stuttgart. Vous pourrez d\u00e9couvrir le programme en concert en 3D sonore lors de la prochaine Rentr\u00e9e Grands Formats, le 24&#8230;<\/p>\n<p><a rel=\"bookmark\" class=\"theme-button-text wvc-button wvc-button-size-xs\" href=\"https:\/\/www.grandsformats.com\/en\/2021\/10\/wanderlust-orchestra-en-studio-pour-son-prochain-album\/\"><small class=\"wvc-button-background-fill\"><\/small><span>Continue reading<\/span><\/a><\/p>\n","protected":false},"author":2,"featured_media":14430,"comment_status":"open","ping_status":"open","sticky":false,"template":"","format":"standard","meta":{"_acf_changed":false,"footnotes":""},"categories":[95,663],"tags":[],"class_list":["post-15997","post","type-post","status-publish","format-standard","has-post-thumbnail","hentry","category-membres","category-wanderlust-orchestra","entry-post-skin-light","entry","clearfix","entry-grid","entry-columns-default","entry-post-module-layout-sidebar-right","thumbnail-color-tone-dark","metro-landscape","is-youtube","entry-post","entry-masonry","entry-post-masonry"],"acf":[],"yoast_head":"<!-- This site is optimized with the Yoast SEO plugin v25.8 - https:\/\/yoast.com\/wordpress\/plugins\/seo\/ -->\n<title>Wanderlust Orchestra en studio pour son prochain album - Site officiel de la f\u00e9d\u00e9ration Grands Formats<\/title>\n<meta name=\"robots\" content=\"index, follow, max-snippet:-1, max-image-preview:large, max-video-preview:-1\" \/>\n<link rel=\"canonical\" href=\"https:\/\/www.grandsformats.com\/2021\/10\/wanderlust-orchestra-en-studio-pour-son-prochain-album\/\" \/>\n<meta property=\"og:locale\" content=\"en_US\" \/>\n<meta property=\"og:type\" content=\"article\" \/>\n<meta property=\"og:title\" content=\"Wanderlust Orchestra en studio pour son prochain album - Site officiel de la f\u00e9d\u00e9ration Grands Formats\" \/>\n<meta property=\"og:description\" content=\"Ville Totale entre en studio ! Apr\u00e8s une r\u00e9sidence \u00e0 l&#8217;abbaye de Noirlac, le Wanderlust Orchestra prendra la direction de l&#8217;Allemagne pour enregistrer son 2nd album, Ville Totale, au l\u00e9gendaire studio Bauer non loin de Stuttgart. Vous pourrez d\u00e9couvrir le programme en concert en 3D sonore lors de la prochaine Rentr\u00e9e Grands Formats, le 24...Continue reading\" \/>\n<meta property=\"og:url\" content=\"https:\/\/www.grandsformats.com\/2021\/10\/wanderlust-orchestra-en-studio-pour-son-prochain-album\/\" \/>\n<meta property=\"og:site_name\" content=\"Site officiel de la f\u00e9d\u00e9ration Grands Formats\" \/>\n<meta property=\"article:publisher\" content=\"https:\/\/www.facebook.com\/grandsformats\/\" \/>\n<meta property=\"article:published_time\" content=\"2021-10-03T09:28:26+00:00\" \/>\n<meta property=\"article:modified_time\" content=\"2021-10-06T09:56:41+00:00\" \/>\n<meta property=\"og:image\" content=\"https:\/\/www.grandsformats.com\/wp-content\/uploads\/2020\/03\/WANDERLUST_2020_GROUPE-\u00a9-Sylvain-Golvet-1920x1080-web.jpg\" \/>\n\t<meta property=\"og:image:width\" content=\"1920\" \/>\n\t<meta property=\"og:image:height\" content=\"1080\" \/>\n\t<meta property=\"og:image:type\" content=\"image\/jpeg\" \/>\n<meta name=\"author\" content=\"Grands Formats\" \/>\n<meta name=\"twitter:card\" content=\"summary_large_image\" \/>\n<meta name=\"twitter:creator\" content=\"@GrandsFormatsGF\" \/>\n<meta name=\"twitter:site\" content=\"@GrandsFormatsGF\" \/>\n<meta name=\"twitter:label1\" content=\"Written by\" \/>\n\t<meta name=\"twitter:data1\" content=\"Grands Formats\" \/>\n\t<meta name=\"twitter:label2\" content=\"Est. reading time\" \/>\n\t<meta name=\"twitter:data2\" content=\"1 minute\" \/>\n<script type=\"application\/ld+json\" class=\"yoast-schema-graph\">{\"@context\":\"https:\/\/schema.org\",\"@graph\":[{\"@type\":\"Article\",\"@id\":\"https:\/\/www.grandsformats.com\/2021\/10\/wanderlust-orchestra-en-studio-pour-son-prochain-album\/#article\",\"isPartOf\":{\"@id\":\"https:\/\/www.grandsformats.com\/2021\/10\/wanderlust-orchestra-en-studio-pour-son-prochain-album\/\"},\"author\":{\"name\":\"Grands Formats\",\"@id\":\"https:\/\/www.grandsformats.com\/#\/schema\/person\/6ecde7e38a2254b5bc9d620679208ee1\"},\"headline\":\"Wanderlust Orchestra en studio pour son prochain album\",\"datePublished\":\"2021-10-03T09:28:26+00:00\",\"dateModified\":\"2021-10-06T09:56:41+00:00\",\"mainEntityOfPage\":{\"@id\":\"https:\/\/www.grandsformats.com\/2021\/10\/wanderlust-orchestra-en-studio-pour-son-prochain-album\/\"},\"wordCount\":114,\"commentCount\":0,\"publisher\":{\"@id\":\"https:\/\/www.grandsformats.com\/#organization\"},\"image\":{\"@id\":\"https:\/\/www.grandsformats.com\/2021\/10\/wanderlust-orchestra-en-studio-pour-son-prochain-album\/#primaryimage\"},\"thumbnailUrl\":\"https:\/\/www.grandsformats.com\/wp-content\/uploads\/2020\/03\/WANDERLUST_2020_GROUPE-\u00a9-Sylvain-Golvet-1920x1080-web.jpg\",\"articleSection\":[\"Actus des membres\",\"Wanderlust Orchestra\"],\"inLanguage\":\"en-US\",\"potentialAction\":[{\"@type\":\"CommentAction\",\"name\":\"Comment\",\"target\":[\"https:\/\/www.grandsformats.com\/2021\/10\/wanderlust-orchestra-en-studio-pour-son-prochain-album\/#respond\"]}]},{\"@type\":\"WebPage\",\"@id\":\"https:\/\/www.grandsformats.com\/2021\/10\/wanderlust-orchestra-en-studio-pour-son-prochain-album\/\",\"url\":\"https:\/\/www.grandsformats.com\/2021\/10\/wanderlust-orchestra-en-studio-pour-son-prochain-album\/\",\"name\":\"Wanderlust Orchestra en studio pour son prochain album - Site officiel de la f\u00e9d\u00e9ration Grands Formats\",\"isPartOf\":{\"@id\":\"https:\/\/www.grandsformats.com\/#website\"},\"primaryImageOfPage\":{\"@id\":\"https:\/\/www.grandsformats.com\/2021\/10\/wanderlust-orchestra-en-studio-pour-son-prochain-album\/#primaryimage\"},\"image\":{\"@id\":\"https:\/\/www.grandsformats.com\/2021\/10\/wanderlust-orchestra-en-studio-pour-son-prochain-album\/#primaryimage\"},\"thumbnailUrl\":\"https:\/\/www.grandsformats.com\/wp-content\/uploads\/2020\/03\/WANDERLUST_2020_GROUPE-\u00a9-Sylvain-Golvet-1920x1080-web.jpg\",\"datePublished\":\"2021-10-03T09:28:26+00:00\",\"dateModified\":\"2021-10-06T09:56:41+00:00\",\"breadcrumb\":{\"@id\":\"https:\/\/www.grandsformats.com\/2021\/10\/wanderlust-orchestra-en-studio-pour-son-prochain-album\/#breadcrumb\"},\"inLanguage\":\"en-US\",\"potentialAction\":[{\"@type\":\"ReadAction\",\"target\":[\"https:\/\/www.grandsformats.com\/2021\/10\/wanderlust-orchestra-en-studio-pour-son-prochain-album\/\"]}]},{\"@type\":\"ImageObject\",\"inLanguage\":\"en-US\",\"@id\":\"https:\/\/www.grandsformats.com\/2021\/10\/wanderlust-orchestra-en-studio-pour-son-prochain-album\/#primaryimage\",\"url\":\"https:\/\/www.grandsformats.com\/wp-content\/uploads\/2020\/03\/WANDERLUST_2020_GROUPE-\u00a9-Sylvain-Golvet-1920x1080-web.jpg\",\"contentUrl\":\"https:\/\/www.grandsformats.com\/wp-content\/uploads\/2020\/03\/WANDERLUST_2020_GROUPE-\u00a9-Sylvain-Golvet-1920x1080-web.jpg\",\"width\":1920,\"height\":1080,\"caption\":\"Wanderlust Orchestra \u00a9 Sylvain Golvet\"},{\"@type\":\"BreadcrumbList\",\"@id\":\"https:\/\/www.grandsformats.com\/2021\/10\/wanderlust-orchestra-en-studio-pour-son-prochain-album\/#breadcrumb\",\"itemListElement\":[{\"@type\":\"ListItem\",\"position\":1,\"name\":\"Accueil\",\"item\":\"https:\/\/www.grandsformats.com\/en\/\"},{\"@type\":\"ListItem\",\"position\":2,\"name\":\"Wanderlust Orchestra en studio pour son prochain album\"}]},{\"@type\":\"WebSite\",\"@id\":\"https:\/\/www.grandsformats.com\/#website\",\"url\":\"https:\/\/www.grandsformats.com\/\",\"name\":\"Site officiel de la f\u00e9d\u00e9ration Grands Formats\",\"description\":\"F\u00e9d\u00e9ration d&#039;artistes pour la musique en grand !\",\"publisher\":{\"@id\":\"https:\/\/www.grandsformats.com\/#organization\"},\"potentialAction\":[{\"@type\":\"SearchAction\",\"target\":{\"@type\":\"EntryPoint\",\"urlTemplate\":\"https:\/\/www.grandsformats.com\/?s={search_term_string}\"},\"query-input\":{\"@type\":\"PropertyValueSpecification\",\"valueRequired\":true,\"valueName\":\"search_term_string\"}}],\"inLanguage\":\"en-US\"},{\"@type\":\"Organization\",\"@id\":\"https:\/\/www.grandsformats.com\/#organization\",\"name\":\"Grands Formats\",\"url\":\"https:\/\/www.grandsformats.com\/\",\"logo\":{\"@type\":\"ImageObject\",\"inLanguage\":\"en-US\",\"@id\":\"https:\/\/www.grandsformats.com\/#\/schema\/logo\/image\/\",\"url\":\"https:\/\/www.grandsformats.com\/wp-content\/uploads\/2020\/03\/logo-GF-200.png\",\"contentUrl\":\"https:\/\/www.grandsformats.com\/wp-content\/uploads\/2020\/03\/logo-GF-200.png\",\"width\":155,\"height\":200,\"caption\":\"Grands Formats\"},\"image\":{\"@id\":\"https:\/\/www.grandsformats.com\/#\/schema\/logo\/image\/\"},\"sameAs\":[\"https:\/\/www.facebook.com\/grandsformats\/\",\"https:\/\/x.com\/GrandsFormatsGF\",\"https:\/\/www.instagram.com\/grandsformats\/\",\"https:\/\/www.youtube.com\/channel\/UCJ7k9dbqc_DG-nxI3WMPvhw?view_as=subscriberhttps:\/\/www.youtube.com\/channel\/UCJ7k9dbqc_DG-nxI3WMPvhw?view_as=subscriber\"]},{\"@type\":\"Person\",\"@id\":\"https:\/\/www.grandsformats.com\/#\/schema\/person\/6ecde7e38a2254b5bc9d620679208ee1\",\"name\":\"Grands Formats\",\"image\":{\"@type\":\"ImageObject\",\"inLanguage\":\"en-US\",\"@id\":\"https:\/\/www.grandsformats.com\/#\/schema\/person\/image\/\",\"url\":\"https:\/\/secure.gravatar.com\/avatar\/5d06febf5ba4681bd17a251487132861b5339c2d72f789e59decf1c1b05d0078?s=96&d=mm&r=g\",\"contentUrl\":\"https:\/\/secure.gravatar.com\/avatar\/5d06febf5ba4681bd17a251487132861b5339c2d72f789e59decf1c1b05d0078?s=96&d=mm&r=g\",\"caption\":\"Grands Formats\"},\"url\":\"https:\/\/www.grandsformats.com\/en\/author\/margaux\/\"}]}<\/script>\n<!-- \/ Yoast SEO plugin. -->","yoast_head_json":{"title":"Wanderlust Orchestra en studio pour son prochain album - Site officiel de la f\u00e9d\u00e9ration Grands Formats","robots":{"index":"index","follow":"follow","max-snippet":"max-snippet:-1","max-image-preview":"max-image-preview:large","max-video-preview":"max-video-preview:-1"},"canonical":"https:\/\/www.grandsformats.com\/2021\/10\/wanderlust-orchestra-en-studio-pour-son-prochain-album\/","og_locale":"en_US","og_type":"article","og_title":"Wanderlust Orchestra en studio pour son prochain album - Site officiel de la f\u00e9d\u00e9ration Grands Formats","og_description":"Ville Totale entre en studio ! Apr\u00e8s une r\u00e9sidence \u00e0 l&#8217;abbaye de Noirlac, le Wanderlust Orchestra prendra la direction de l&#8217;Allemagne pour enregistrer son 2nd album, Ville Totale, au l\u00e9gendaire studio Bauer non loin de Stuttgart. Vous pourrez d\u00e9couvrir le programme en concert en 3D sonore lors de la prochaine Rentr\u00e9e Grands Formats, le 24...Continue reading","og_url":"https:\/\/www.grandsformats.com\/2021\/10\/wanderlust-orchestra-en-studio-pour-son-prochain-album\/","og_site_name":"Site officiel de la f\u00e9d\u00e9ration Grands Formats","article_publisher":"https:\/\/www.facebook.com\/grandsformats\/","article_published_time":"2021-10-03T09:28:26+00:00","article_modified_time":"2021-10-06T09:56:41+00:00","og_image":[{"width":1920,"height":1080,"url":"https:\/\/www.grandsformats.com\/wp-content\/uploads\/2020\/03\/WANDERLUST_2020_GROUPE-\u00a9-Sylvain-Golvet-1920x1080-web.jpg","type":"image\/jpeg"}],"author":"Grands Formats","twitter_card":"summary_large_image","twitter_creator":"@GrandsFormatsGF","twitter_site":"@GrandsFormatsGF","twitter_misc":{"Written by":"Grands Formats","Est. reading time":"1 minute"},"schema":{"@context":"https:\/\/schema.org","@graph":[{"@type":"Article","@id":"https:\/\/www.grandsformats.com\/2021\/10\/wanderlust-orchestra-en-studio-pour-son-prochain-album\/#article","isPartOf":{"@id":"https:\/\/www.grandsformats.com\/2021\/10\/wanderlust-orchestra-en-studio-pour-son-prochain-album\/"},"author":{"name":"Grands Formats","@id":"https:\/\/www.grandsformats.com\/#\/schema\/person\/6ecde7e38a2254b5bc9d620679208ee1"},"headline":"Wanderlust Orchestra en studio pour son prochain album","datePublished":"2021-10-03T09:28:26+00:00","dateModified":"2021-10-06T09:56:41+00:00","mainEntityOfPage":{"@id":"https:\/\/www.grandsformats.com\/2021\/10\/wanderlust-orchestra-en-studio-pour-son-prochain-album\/"},"wordCount":114,"commentCount":0,"publisher":{"@id":"https:\/\/www.grandsformats.com\/#organization"},"image":{"@id":"https:\/\/www.grandsformats.com\/2021\/10\/wanderlust-orchestra-en-studio-pour-son-prochain-album\/#primaryimage"},"thumbnailUrl":"https:\/\/www.grandsformats.com\/wp-content\/uploads\/2020\/03\/WANDERLUST_2020_GROUPE-\u00a9-Sylvain-Golvet-1920x1080-web.jpg","articleSection":["Actus des membres","Wanderlust Orchestra"],"inLanguage":"en-US","potentialAction":[{"@type":"CommentAction","name":"Comment","target":["https:\/\/www.grandsformats.com\/2021\/10\/wanderlust-orchestra-en-studio-pour-son-prochain-album\/#respond"]}]},{"@type":"WebPage","@id":"https:\/\/www.grandsformats.com\/2021\/10\/wanderlust-orchestra-en-studio-pour-son-prochain-album\/","url":"https:\/\/www.grandsformats.com\/2021\/10\/wanderlust-orchestra-en-studio-pour-son-prochain-album\/","name":"Wanderlust Orchestra en studio pour son prochain album - Site officiel de la f\u00e9d\u00e9ration Grands Formats","isPartOf":{"@id":"https:\/\/www.grandsformats.com\/#website"},"primaryImageOfPage":{"@id":"https:\/\/www.grandsformats.com\/2021\/10\/wanderlust-orchestra-en-studio-pour-son-prochain-album\/#primaryimage"},"image":{"@id":"https:\/\/www.grandsformats.com\/2021\/10\/wanderlust-orchestra-en-studio-pour-son-prochain-album\/#primaryimage"},"thumbnailUrl":"https:\/\/www.grandsformats.com\/wp-content\/uploads\/2020\/03\/WANDERLUST_2020_GROUPE-\u00a9-Sylvain-Golvet-1920x1080-web.jpg","datePublished":"2021-10-03T09:28:26+00:00","dateModified":"2021-10-06T09:56:41+00:00","breadcrumb":{"@id":"https:\/\/www.grandsformats.com\/2021\/10\/wanderlust-orchestra-en-studio-pour-son-prochain-album\/#breadcrumb"},"inLanguage":"en-US","potentialAction":[{"@type":"ReadAction","target":["https:\/\/www.grandsformats.com\/2021\/10\/wanderlust-orchestra-en-studio-pour-son-prochain-album\/"]}]},{"@type":"ImageObject","inLanguage":"en-US","@id":"https:\/\/www.grandsformats.com\/2021\/10\/wanderlust-orchestra-en-studio-pour-son-prochain-album\/#primaryimage","url":"https:\/\/www.grandsformats.com\/wp-content\/uploads\/2020\/03\/WANDERLUST_2020_GROUPE-\u00a9-Sylvain-Golvet-1920x1080-web.jpg","contentUrl":"https:\/\/www.grandsformats.com\/wp-content\/uploads\/2020\/03\/WANDERLUST_2020_GROUPE-\u00a9-Sylvain-Golvet-1920x1080-web.jpg","width":1920,"height":1080,"caption":"Wanderlust Orchestra \u00a9 Sylvain Golvet"},{"@type":"BreadcrumbList","@id":"https:\/\/www.grandsformats.com\/2021\/10\/wanderlust-orchestra-en-studio-pour-son-prochain-album\/#breadcrumb","itemListElement":[{"@type":"ListItem","position":1,"name":"Accueil","item":"https:\/\/www.grandsformats.com\/en\/"},{"@type":"ListItem","position":2,"name":"Wanderlust Orchestra en studio pour son prochain album"}]},{"@type":"WebSite","@id":"https:\/\/www.grandsformats.com\/#website","url":"https:\/\/www.grandsformats.com\/","name":"Site officiel de la f\u00e9d\u00e9ration Grands Formats","description":"F\u00e9d\u00e9ration d&#039;artistes pour la musique en grand !","publisher":{"@id":"https:\/\/www.grandsformats.com\/#organization"},"potentialAction":[{"@type":"SearchAction","target":{"@type":"EntryPoint","urlTemplate":"https:\/\/www.grandsformats.com\/?s={search_term_string}"},"query-input":{"@type":"PropertyValueSpecification","valueRequired":true,"valueName":"search_term_string"}}],"inLanguage":"en-US"},{"@type":"Organization","@id":"https:\/\/www.grandsformats.com\/#organization","name":"Grands Formats","url":"https:\/\/www.grandsformats.com\/","logo":{"@type":"ImageObject","inLanguage":"en-US","@id":"https:\/\/www.grandsformats.com\/#\/schema\/logo\/image\/","url":"https:\/\/www.grandsformats.com\/wp-content\/uploads\/2020\/03\/logo-GF-200.png","contentUrl":"https:\/\/www.grandsformats.com\/wp-content\/uploads\/2020\/03\/logo-GF-200.png","width":155,"height":200,"caption":"Grands Formats"},"image":{"@id":"https:\/\/www.grandsformats.com\/#\/schema\/logo\/image\/"},"sameAs":["https:\/\/www.facebook.com\/grandsformats\/","https:\/\/x.com\/GrandsFormatsGF","https:\/\/www.instagram.com\/grandsformats\/","https:\/\/www.youtube.com\/channel\/UCJ7k9dbqc_DG-nxI3WMPvhw?view_as=subscriberhttps:\/\/www.youtube.com\/channel\/UCJ7k9dbqc_DG-nxI3WMPvhw?view_as=subscriber"]},{"@type":"Person","@id":"https:\/\/www.grandsformats.com\/#\/schema\/person\/6ecde7e38a2254b5bc9d620679208ee1","name":"Grands Formats","image":{"@type":"ImageObject","inLanguage":"en-US","@id":"https:\/\/www.grandsformats.com\/#\/schema\/person\/image\/","url":"https:\/\/secure.gravatar.com\/avatar\/5d06febf5ba4681bd17a251487132861b5339c2d72f789e59decf1c1b05d0078?s=96&d=mm&r=g","contentUrl":"https:\/\/secure.gravatar.com\/avatar\/5d06febf5ba4681bd17a251487132861b5339c2d72f789e59decf1c1b05d0078?s=96&d=mm&r=g","caption":"Grands Formats"},"url":"https:\/\/www.grandsformats.com\/en\/author\/margaux\/"}]}},"_links":{"self":[{"href":"https:\/\/www.grandsformats.com\/en\/wp-json\/wp\/v2\/posts\/15997","targetHints":{"allow":["GET"]}}],"collection":[{"href":"https:\/\/www.grandsformats.com\/en\/wp-json\/wp\/v2\/posts"}],"about":[{"href":"https:\/\/www.grandsformats.com\/en\/wp-json\/wp\/v2\/types\/post"}],"author":[{"embeddable":true,"href":"https:\/\/www.grandsformats.com\/en\/wp-json\/wp\/v2\/users\/2"}],"replies":[{"embeddable":true,"href":"https:\/\/www.grandsformats.com\/en\/wp-json\/wp\/v2\/comments?post=15997"}],"version-history":[{"count":0,"href":"https:\/\/www.grandsformats.com\/en\/wp-json\/wp\/v2\/posts\/15997\/revisions"}],"wp:featuredmedia":[{"embeddable":true,"href":"https:\/\/www.grandsformats.com\/en\/wp-json\/wp\/v2\/media\/14430"}],"wp:attachment":[{"href":"https:\/\/www.grandsformats.com\/en\/wp-json\/wp\/v2\/media?parent=15997"}],"wp:term":[{"taxonomy":"category","embeddable":true,"href":"https:\/\/www.grandsformats.com\/en\/wp-json\/wp\/v2\/categories?post=15997"},{"taxonomy":"post_tag","embeddable":true,"href":"https:\/\/www.grandsformats.com\/en\/wp-json\/wp\/v2\/tags?post=15997"}],"curies":[{"name":"wp","href":"https:\/\/api.w.org\/{rel}","templated":true}]}}