{"id":15989,"date":"2021-10-04T16:45:13","date_gmt":"2021-10-04T14:45:13","guid":{"rendered":"https:\/\/www.grandsformats.com\/?p=15989"},"modified":"2021-10-06T11:56:04","modified_gmt":"2021-10-06T09:56:04","slug":"pour-un-meilleur-transport-des-instruments-a-la-sncf","status":"publish","type":"post","link":"https:\/\/www.grandsformats.com\/en\/2021\/10\/pour-un-meilleur-transport-des-instruments-a-la-sncf\/","title":{"rendered":"Pour un meilleur transport des instruments \u00e0 la SNCF"},"content":{"rendered":"<p class=\"text-build-content\" data-testid=\"mL831D2d_u\">En juillet dernier, un collectif de musiciens et de musiciennes ont publi\u00e9 une tribune dans le <a href=\"https:\/\/www.lemonde.fr\/idees\/article\/2021\/07\/25\/musique-pour-les-artistes-prendre-le-train-avec-de-grands-instruments-est-devenu-plus-stressant-que-de-se-produire-sur-scene_6089476_3232.html\">journal Le Monde<\/a> \u00e0 propos des difficult\u00e9s importantes rencontr\u00e9es lors de d\u00e9placements avec leurs instruments (contrebasse, th\u00e9orbe, harpe, etc.) dans les trains de la SNCF. En effet, un grand nombre d&#8217;artistes rencontrent des difficult\u00e9s avec la SNCF car les grands instruments ne figurent &#8220;pas dans la liste des bagages hors format accept\u00e9s dans le train. Les skis, les surfs, les poussettes oui !\u2026 Les contrebasses, les violoncelles, les harpes, dehors !\u2026&#8221; (extrait de la tribune &#8220;Musique : \u00ab Pour les artistes prendre le train, avec de grands instruments, est devenu plus stressant que de se produire sur sc\u00e8ne&#8221;). Certains se voient alors refuser l&#8217;acc\u00e8s au trains, d&#8217;autres re\u00e7oivent des amendes&#8230; Un stress permanent et un non-sens pour ces professionnel\u00b7le\u00b7s de la musique.<\/p>\n<p class=\"text-build-content\" data-testid=\"mL831D2d_u\">Une <a href=\"https:\/\/www.profedim.org\/la-musique-privee-de-train\/?fbclid=IwAR1b7hb7Pq2UaojGVKOr5O4gvxkIrVktMgQRBx5sD5Y01xq1TgSTiJZ2mbE\">campagne de sensibilisation<\/a> r\u00e9alis\u00e9e par PROFEDIM, a \u00e9galement \u00e9t\u00e9 lanc\u00e9e en septembre, avec pour objectif de trouver des solutions de transports adapt\u00e9es.<\/p>\n<p class=\"text-build-content\" data-testid=\"mL831D2d_u\">Un grand nombre d&#8217;artistes jouant dans les grandes formations ou faisant partis de collectifs membres de Grands Formats sont confront\u00e9s \u00e0 ces situations. Nous soutenons ces initiatives et ces revendications. Nous vous invitons \u00e0 partager la tribune du Monde, la campagne de sensibilisation et\/ou tout article sur le sujet pour inciter \u00e0 faire modifier le r\u00e8glement de la SNCF en faveur des musicien\u00b7ne\u00b7s et du transport d&#8217;instruments !<\/p>\n","protected":false},"excerpt":{"rendered":"<p>En juillet dernier, un collectif de musiciens et de musiciennes ont publi\u00e9 une tribune dans le journal Le Monde \u00e0 propos des difficult\u00e9s importantes rencontr\u00e9es lors de d\u00e9placements avec leurs instruments (contrebasse, th\u00e9orbe, harpe, etc.) dans les trains de la SNCF. En effet, un grand nombre d&#8217;artistes rencontrent des difficult\u00e9s avec la SNCF car les&#8230;<\/p>\n<p><a rel=\"bookmark\" class=\"theme-button-text wvc-button wvc-button-size-xs\" href=\"https:\/\/www.grandsformats.com\/en\/2021\/10\/pour-un-meilleur-transport-des-instruments-a-la-sncf\/\"><small class=\"wvc-button-background-fill\"><\/small><span>Continue reading<\/span><\/a><\/p>\n","protected":false},"author":2,"featured_media":15990,"comment_status":"open","ping_status":"open","sticky":false,"template":"","format":"standard","meta":{"_acf_changed":false,"footnotes":""},"categories":[90,273],"tags":[],"class_list":["post-15989","post","type-post","status-publish","format-standard","has-post-thumbnail","hentry","category-grands-formats","category-communiques-lactu-de-la-fede","entry-post-skin-light","entry","clearfix","entry-grid","entry-columns-default","entry-post-module-layout-sidebar-right","thumbnail-color-tone-dark","entry-post","entry-masonry","entry-post-masonry"],"acf":[],"yoast_head":"<!-- This site is optimized with the Yoast SEO plugin v25.8 - https:\/\/yoast.com\/wordpress\/plugins\/seo\/ -->\n<title>Pour un meilleur transport des instruments \u00e0 la SNCF - Site officiel de la f\u00e9d\u00e9ration Grands Formats<\/title>\n<meta name=\"robots\" content=\"index, follow, max-snippet:-1, max-image-preview:large, max-video-preview:-1\" \/>\n<link rel=\"canonical\" href=\"https:\/\/www.grandsformats.com\/2021\/10\/pour-un-meilleur-transport-des-instruments-a-la-sncf\/\" \/>\n<meta property=\"og:locale\" content=\"en_US\" \/>\n<meta property=\"og:type\" content=\"article\" \/>\n<meta property=\"og:title\" content=\"Pour un meilleur transport des instruments \u00e0 la SNCF - Site officiel de la f\u00e9d\u00e9ration Grands Formats\" \/>\n<meta property=\"og:description\" content=\"En juillet dernier, un collectif de musiciens et de musiciennes ont publi\u00e9 une tribune dans le journal Le Monde \u00e0 propos des difficult\u00e9s importantes rencontr\u00e9es lors de d\u00e9placements avec leurs instruments (contrebasse, th\u00e9orbe, harpe, etc.) dans les trains de la SNCF. En effet, un grand nombre d&#8217;artistes rencontrent des difficult\u00e9s avec la SNCF car les...Continue reading\" \/>\n<meta property=\"og:url\" content=\"https:\/\/www.grandsformats.com\/2021\/10\/pour-un-meilleur-transport-des-instruments-a-la-sncf\/\" \/>\n<meta property=\"og:site_name\" content=\"Site officiel de la f\u00e9d\u00e9ration Grands Formats\" \/>\n<meta property=\"article:publisher\" content=\"https:\/\/www.facebook.com\/grandsformats\/\" \/>\n<meta property=\"article:published_time\" content=\"2021-10-04T14:45:13+00:00\" \/>\n<meta property=\"article:modified_time\" content=\"2021-10-06T09:56:04+00:00\" \/>\n<meta property=\"og:image\" content=\"https:\/\/www.grandsformats.com\/wp-content\/uploads\/2021\/10\/Harpe.jpg\" \/>\n\t<meta property=\"og:image:width\" content=\"1920\" \/>\n\t<meta property=\"og:image:height\" content=\"1280\" \/>\n\t<meta property=\"og:image:type\" content=\"image\/jpeg\" \/>\n<meta name=\"author\" content=\"Grands Formats\" \/>\n<meta name=\"twitter:card\" content=\"summary_large_image\" \/>\n<meta name=\"twitter:creator\" content=\"@GrandsFormatsGF\" \/>\n<meta name=\"twitter:site\" content=\"@GrandsFormatsGF\" \/>\n<meta name=\"twitter:label1\" content=\"Written by\" \/>\n\t<meta name=\"twitter:data1\" content=\"Grands Formats\" \/>\n\t<meta name=\"twitter:label2\" content=\"Est. reading time\" \/>\n\t<meta name=\"twitter:data2\" content=\"1 minute\" \/>\n<script type=\"application\/ld+json\" class=\"yoast-schema-graph\">{\"@context\":\"https:\/\/schema.org\",\"@graph\":[{\"@type\":\"Article\",\"@id\":\"https:\/\/www.grandsformats.com\/2021\/10\/pour-un-meilleur-transport-des-instruments-a-la-sncf\/#article\",\"isPartOf\":{\"@id\":\"https:\/\/www.grandsformats.com\/2021\/10\/pour-un-meilleur-transport-des-instruments-a-la-sncf\/\"},\"author\":{\"name\":\"Grands Formats\",\"@id\":\"https:\/\/www.grandsformats.com\/#\/schema\/person\/6ecde7e38a2254b5bc9d620679208ee1\"},\"headline\":\"Pour un meilleur transport des instruments \u00e0 la SNCF\",\"datePublished\":\"2021-10-04T14:45:13+00:00\",\"dateModified\":\"2021-10-06T09:56:04+00:00\",\"mainEntityOfPage\":{\"@id\":\"https:\/\/www.grandsformats.com\/2021\/10\/pour-un-meilleur-transport-des-instruments-a-la-sncf\/\"},\"wordCount\":253,\"commentCount\":0,\"publisher\":{\"@id\":\"https:\/\/www.grandsformats.com\/#organization\"},\"image\":{\"@id\":\"https:\/\/www.grandsformats.com\/2021\/10\/pour-un-meilleur-transport-des-instruments-a-la-sncf\/#primaryimage\"},\"thumbnailUrl\":\"https:\/\/www.grandsformats.com\/wp-content\/uploads\/2021\/10\/Harpe.jpg\",\"articleSection\":[\"Actus de la f\u00e9d\u00e9\",\"Contributions\"],\"inLanguage\":\"en-US\",\"potentialAction\":[{\"@type\":\"CommentAction\",\"name\":\"Comment\",\"target\":[\"https:\/\/www.grandsformats.com\/2021\/10\/pour-un-meilleur-transport-des-instruments-a-la-sncf\/#respond\"]}]},{\"@type\":\"WebPage\",\"@id\":\"https:\/\/www.grandsformats.com\/2021\/10\/pour-un-meilleur-transport-des-instruments-a-la-sncf\/\",\"url\":\"https:\/\/www.grandsformats.com\/2021\/10\/pour-un-meilleur-transport-des-instruments-a-la-sncf\/\",\"name\":\"Pour un meilleur transport des instruments \u00e0 la SNCF - Site officiel de la f\u00e9d\u00e9ration Grands Formats\",\"isPartOf\":{\"@id\":\"https:\/\/www.grandsformats.com\/#website\"},\"primaryImageOfPage\":{\"@id\":\"https:\/\/www.grandsformats.com\/2021\/10\/pour-un-meilleur-transport-des-instruments-a-la-sncf\/#primaryimage\"},\"image\":{\"@id\":\"https:\/\/www.grandsformats.com\/2021\/10\/pour-un-meilleur-transport-des-instruments-a-la-sncf\/#primaryimage\"},\"thumbnailUrl\":\"https:\/\/www.grandsformats.com\/wp-content\/uploads\/2021\/10\/Harpe.jpg\",\"datePublished\":\"2021-10-04T14:45:13+00:00\",\"dateModified\":\"2021-10-06T09:56:04+00:00\",\"breadcrumb\":{\"@id\":\"https:\/\/www.grandsformats.com\/2021\/10\/pour-un-meilleur-transport-des-instruments-a-la-sncf\/#breadcrumb\"},\"inLanguage\":\"en-US\",\"potentialAction\":[{\"@type\":\"ReadAction\",\"target\":[\"https:\/\/www.grandsformats.com\/2021\/10\/pour-un-meilleur-transport-des-instruments-a-la-sncf\/\"]}]},{\"@type\":\"ImageObject\",\"inLanguage\":\"en-US\",\"@id\":\"https:\/\/www.grandsformats.com\/2021\/10\/pour-un-meilleur-transport-des-instruments-a-la-sncf\/#primaryimage\",\"url\":\"https:\/\/www.grandsformats.com\/wp-content\/uploads\/2021\/10\/Harpe.jpg\",\"contentUrl\":\"https:\/\/www.grandsformats.com\/wp-content\/uploads\/2021\/10\/Harpe.jpg\",\"width\":1920,\"height\":1280,\"caption\":\"\u00a9 DR\"},{\"@type\":\"BreadcrumbList\",\"@id\":\"https:\/\/www.grandsformats.com\/2021\/10\/pour-un-meilleur-transport-des-instruments-a-la-sncf\/#breadcrumb\",\"itemListElement\":[{\"@type\":\"ListItem\",\"position\":1,\"name\":\"Accueil\",\"item\":\"https:\/\/www.grandsformats.com\/en\/\"},{\"@type\":\"ListItem\",\"position\":2,\"name\":\"Pour un meilleur transport des instruments \u00e0 la SNCF\"}]},{\"@type\":\"WebSite\",\"@id\":\"https:\/\/www.grandsformats.com\/#website\",\"url\":\"https:\/\/www.grandsformats.com\/\",\"name\":\"Site officiel de la f\u00e9d\u00e9ration Grands Formats\",\"description\":\"F\u00e9d\u00e9ration d&#039;artistes pour la musique en grand !\",\"publisher\":{\"@id\":\"https:\/\/www.grandsformats.com\/#organization\"},\"potentialAction\":[{\"@type\":\"SearchAction\",\"target\":{\"@type\":\"EntryPoint\",\"urlTemplate\":\"https:\/\/www.grandsformats.com\/?s={search_term_string}\"},\"query-input\":{\"@type\":\"PropertyValueSpecification\",\"valueRequired\":true,\"valueName\":\"search_term_string\"}}],\"inLanguage\":\"en-US\"},{\"@type\":\"Organization\",\"@id\":\"https:\/\/www.grandsformats.com\/#organization\",\"name\":\"Grands Formats\",\"url\":\"https:\/\/www.grandsformats.com\/\",\"logo\":{\"@type\":\"ImageObject\",\"inLanguage\":\"en-US\",\"@id\":\"https:\/\/www.grandsformats.com\/#\/schema\/logo\/image\/\",\"url\":\"https:\/\/www.grandsformats.com\/wp-content\/uploads\/2020\/03\/logo-GF-200.png\",\"contentUrl\":\"https:\/\/www.grandsformats.com\/wp-content\/uploads\/2020\/03\/logo-GF-200.png\",\"width\":155,\"height\":200,\"caption\":\"Grands Formats\"},\"image\":{\"@id\":\"https:\/\/www.grandsformats.com\/#\/schema\/logo\/image\/\"},\"sameAs\":[\"https:\/\/www.facebook.com\/grandsformats\/\",\"https:\/\/x.com\/GrandsFormatsGF\",\"https:\/\/www.instagram.com\/grandsformats\/\",\"https:\/\/www.youtube.com\/channel\/UCJ7k9dbqc_DG-nxI3WMPvhw?view_as=subscriberhttps:\/\/www.youtube.com\/channel\/UCJ7k9dbqc_DG-nxI3WMPvhw?view_as=subscriber\"]},{\"@type\":\"Person\",\"@id\":\"https:\/\/www.grandsformats.com\/#\/schema\/person\/6ecde7e38a2254b5bc9d620679208ee1\",\"name\":\"Grands Formats\",\"image\":{\"@type\":\"ImageObject\",\"inLanguage\":\"en-US\",\"@id\":\"https:\/\/www.grandsformats.com\/#\/schema\/person\/image\/\",\"url\":\"https:\/\/secure.gravatar.com\/avatar\/5d06febf5ba4681bd17a251487132861b5339c2d72f789e59decf1c1b05d0078?s=96&d=mm&r=g\",\"contentUrl\":\"https:\/\/secure.gravatar.com\/avatar\/5d06febf5ba4681bd17a251487132861b5339c2d72f789e59decf1c1b05d0078?s=96&d=mm&r=g\",\"caption\":\"Grands Formats\"},\"url\":\"https:\/\/www.grandsformats.com\/en\/author\/margaux\/\"}]}<\/script>\n<!-- \/ Yoast SEO plugin. -->","yoast_head_json":{"title":"Pour un meilleur transport des instruments \u00e0 la SNCF - Site officiel de la f\u00e9d\u00e9ration Grands Formats","robots":{"index":"index","follow":"follow","max-snippet":"max-snippet:-1","max-image-preview":"max-image-preview:large","max-video-preview":"max-video-preview:-1"},"canonical":"https:\/\/www.grandsformats.com\/2021\/10\/pour-un-meilleur-transport-des-instruments-a-la-sncf\/","og_locale":"en_US","og_type":"article","og_title":"Pour un meilleur transport des instruments \u00e0 la SNCF - Site officiel de la f\u00e9d\u00e9ration Grands Formats","og_description":"En juillet dernier, un collectif de musiciens et de musiciennes ont publi\u00e9 une tribune dans le journal Le Monde \u00e0 propos des difficult\u00e9s importantes rencontr\u00e9es lors de d\u00e9placements avec leurs instruments (contrebasse, th\u00e9orbe, harpe, etc.) dans les trains de la SNCF. En effet, un grand nombre d&#8217;artistes rencontrent des difficult\u00e9s avec la SNCF car les...Continue reading","og_url":"https:\/\/www.grandsformats.com\/2021\/10\/pour-un-meilleur-transport-des-instruments-a-la-sncf\/","og_site_name":"Site officiel de la f\u00e9d\u00e9ration Grands Formats","article_publisher":"https:\/\/www.facebook.com\/grandsformats\/","article_published_time":"2021-10-04T14:45:13+00:00","article_modified_time":"2021-10-06T09:56:04+00:00","og_image":[{"width":1920,"height":1280,"url":"https:\/\/www.grandsformats.com\/wp-content\/uploads\/2021\/10\/Harpe.jpg","type":"image\/jpeg"}],"author":"Grands Formats","twitter_card":"summary_large_image","twitter_creator":"@GrandsFormatsGF","twitter_site":"@GrandsFormatsGF","twitter_misc":{"Written by":"Grands Formats","Est. reading time":"1 minute"},"schema":{"@context":"https:\/\/schema.org","@graph":[{"@type":"Article","@id":"https:\/\/www.grandsformats.com\/2021\/10\/pour-un-meilleur-transport-des-instruments-a-la-sncf\/#article","isPartOf":{"@id":"https:\/\/www.grandsformats.com\/2021\/10\/pour-un-meilleur-transport-des-instruments-a-la-sncf\/"},"author":{"name":"Grands Formats","@id":"https:\/\/www.grandsformats.com\/#\/schema\/person\/6ecde7e38a2254b5bc9d620679208ee1"},"headline":"Pour un meilleur transport des instruments \u00e0 la SNCF","datePublished":"2021-10-04T14:45:13+00:00","dateModified":"2021-10-06T09:56:04+00:00","mainEntityOfPage":{"@id":"https:\/\/www.grandsformats.com\/2021\/10\/pour-un-meilleur-transport-des-instruments-a-la-sncf\/"},"wordCount":253,"commentCount":0,"publisher":{"@id":"https:\/\/www.grandsformats.com\/#organization"},"image":{"@id":"https:\/\/www.grandsformats.com\/2021\/10\/pour-un-meilleur-transport-des-instruments-a-la-sncf\/#primaryimage"},"thumbnailUrl":"https:\/\/www.grandsformats.com\/wp-content\/uploads\/2021\/10\/Harpe.jpg","articleSection":["Actus de la f\u00e9d\u00e9","Contributions"],"inLanguage":"en-US","potentialAction":[{"@type":"CommentAction","name":"Comment","target":["https:\/\/www.grandsformats.com\/2021\/10\/pour-un-meilleur-transport-des-instruments-a-la-sncf\/#respond"]}]},{"@type":"WebPage","@id":"https:\/\/www.grandsformats.com\/2021\/10\/pour-un-meilleur-transport-des-instruments-a-la-sncf\/","url":"https:\/\/www.grandsformats.com\/2021\/10\/pour-un-meilleur-transport-des-instruments-a-la-sncf\/","name":"Pour un meilleur transport des instruments \u00e0 la SNCF - Site officiel de la f\u00e9d\u00e9ration Grands Formats","isPartOf":{"@id":"https:\/\/www.grandsformats.com\/#website"},"primaryImageOfPage":{"@id":"https:\/\/www.grandsformats.com\/2021\/10\/pour-un-meilleur-transport-des-instruments-a-la-sncf\/#primaryimage"},"image":{"@id":"https:\/\/www.grandsformats.com\/2021\/10\/pour-un-meilleur-transport-des-instruments-a-la-sncf\/#primaryimage"},"thumbnailUrl":"https:\/\/www.grandsformats.com\/wp-content\/uploads\/2021\/10\/Harpe.jpg","datePublished":"2021-10-04T14:45:13+00:00","dateModified":"2021-10-06T09:56:04+00:00","breadcrumb":{"@id":"https:\/\/www.grandsformats.com\/2021\/10\/pour-un-meilleur-transport-des-instruments-a-la-sncf\/#breadcrumb"},"inLanguage":"en-US","potentialAction":[{"@type":"ReadAction","target":["https:\/\/www.grandsformats.com\/2021\/10\/pour-un-meilleur-transport-des-instruments-a-la-sncf\/"]}]},{"@type":"ImageObject","inLanguage":"en-US","@id":"https:\/\/www.grandsformats.com\/2021\/10\/pour-un-meilleur-transport-des-instruments-a-la-sncf\/#primaryimage","url":"https:\/\/www.grandsformats.com\/wp-content\/uploads\/2021\/10\/Harpe.jpg","contentUrl":"https:\/\/www.grandsformats.com\/wp-content\/uploads\/2021\/10\/Harpe.jpg","width":1920,"height":1280,"caption":"\u00a9 DR"},{"@type":"BreadcrumbList","@id":"https:\/\/www.grandsformats.com\/2021\/10\/pour-un-meilleur-transport-des-instruments-a-la-sncf\/#breadcrumb","itemListElement":[{"@type":"ListItem","position":1,"name":"Accueil","item":"https:\/\/www.grandsformats.com\/en\/"},{"@type":"ListItem","position":2,"name":"Pour un meilleur transport des instruments \u00e0 la SNCF"}]},{"@type":"WebSite","@id":"https:\/\/www.grandsformats.com\/#website","url":"https:\/\/www.grandsformats.com\/","name":"Site officiel de la f\u00e9d\u00e9ration Grands Formats","description":"F\u00e9d\u00e9ration d&#039;artistes pour la musique en grand !","publisher":{"@id":"https:\/\/www.grandsformats.com\/#organization"},"potentialAction":[{"@type":"SearchAction","target":{"@type":"EntryPoint","urlTemplate":"https:\/\/www.grandsformats.com\/?s={search_term_string}"},"query-input":{"@type":"PropertyValueSpecification","valueRequired":true,"valueName":"search_term_string"}}],"inLanguage":"en-US"},{"@type":"Organization","@id":"https:\/\/www.grandsformats.com\/#organization","name":"Grands Formats","url":"https:\/\/www.grandsformats.com\/","logo":{"@type":"ImageObject","inLanguage":"en-US","@id":"https:\/\/www.grandsformats.com\/#\/schema\/logo\/image\/","url":"https:\/\/www.grandsformats.com\/wp-content\/uploads\/2020\/03\/logo-GF-200.png","contentUrl":"https:\/\/www.grandsformats.com\/wp-content\/uploads\/2020\/03\/logo-GF-200.png","width":155,"height":200,"caption":"Grands Formats"},"image":{"@id":"https:\/\/www.grandsformats.com\/#\/schema\/logo\/image\/"},"sameAs":["https:\/\/www.facebook.com\/grandsformats\/","https:\/\/x.com\/GrandsFormatsGF","https:\/\/www.instagram.com\/grandsformats\/","https:\/\/www.youtube.com\/channel\/UCJ7k9dbqc_DG-nxI3WMPvhw?view_as=subscriberhttps:\/\/www.youtube.com\/channel\/UCJ7k9dbqc_DG-nxI3WMPvhw?view_as=subscriber"]},{"@type":"Person","@id":"https:\/\/www.grandsformats.com\/#\/schema\/person\/6ecde7e38a2254b5bc9d620679208ee1","name":"Grands Formats","image":{"@type":"ImageObject","inLanguage":"en-US","@id":"https:\/\/www.grandsformats.com\/#\/schema\/person\/image\/","url":"https:\/\/secure.gravatar.com\/avatar\/5d06febf5ba4681bd17a251487132861b5339c2d72f789e59decf1c1b05d0078?s=96&d=mm&r=g","contentUrl":"https:\/\/secure.gravatar.com\/avatar\/5d06febf5ba4681bd17a251487132861b5339c2d72f789e59decf1c1b05d0078?s=96&d=mm&r=g","caption":"Grands Formats"},"url":"https:\/\/www.grandsformats.com\/en\/author\/margaux\/"}]}},"_links":{"self":[{"href":"https:\/\/www.grandsformats.com\/en\/wp-json\/wp\/v2\/posts\/15989","targetHints":{"allow":["GET"]}}],"collection":[{"href":"https:\/\/www.grandsformats.com\/en\/wp-json\/wp\/v2\/posts"}],"about":[{"href":"https:\/\/www.grandsformats.com\/en\/wp-json\/wp\/v2\/types\/post"}],"author":[{"embeddable":true,"href":"https:\/\/www.grandsformats.com\/en\/wp-json\/wp\/v2\/users\/2"}],"replies":[{"embeddable":true,"href":"https:\/\/www.grandsformats.com\/en\/wp-json\/wp\/v2\/comments?post=15989"}],"version-history":[{"count":0,"href":"https:\/\/www.grandsformats.com\/en\/wp-json\/wp\/v2\/posts\/15989\/revisions"}],"wp:featuredmedia":[{"embeddable":true,"href":"https:\/\/www.grandsformats.com\/en\/wp-json\/wp\/v2\/media\/15990"}],"wp:attachment":[{"href":"https:\/\/www.grandsformats.com\/en\/wp-json\/wp\/v2\/media?parent=15989"}],"wp:term":[{"taxonomy":"category","embeddable":true,"href":"https:\/\/www.grandsformats.com\/en\/wp-json\/wp\/v2\/categories?post=15989"},{"taxonomy":"post_tag","embeddable":true,"href":"https:\/\/www.grandsformats.com\/en\/wp-json\/wp\/v2\/tags?post=15989"}],"curies":[{"name":"wp","href":"https:\/\/api.w.org\/{rel}","templated":true}]}}